{"id":15564,"date":"2021-06-29T12:56:42","date_gmt":"2021-06-29T15:56:42","guid":{"rendered":"https:\/\/juacontecimento.com.br\/site\/?p=15564"},"modified":"2021-06-29T12:56:42","modified_gmt":"2021-06-29T15:56:42","slug":"por-aclamacao-carlao-da-fox-assume-presidencia-da-agm","status":"publish","type":"post","link":"https:\/\/juacontecimentos.com.br\/site\/por-aclamacao-carlao-da-fox-assume-presidencia-da-agm\/","title":{"rendered":"Por aclama\u00e7\u00e3o, Carl\u00e3o da Fox assume presid\u00eancia da AGM"},"content":{"rendered":"<p><img loading=\"lazy\" decoding=\"async\" class=\"alignnone size-full wp-image-15565\" src=\"https:\/\/juacontecimento.com.br\/site\/wp-content\/uploads\/2021\/06\/carlao-d.png\" alt=\"\" width=\"689\" height=\"393\" srcset=\"https:\/\/juacontecimentos.com.br\/site\/wp-content\/uploads\/2021\/06\/carlao-d.png 689w, https:\/\/juacontecimentos.com.br\/site\/wp-content\/uploads\/2021\/06\/carlao-d-300x171.png 300w\" sizes=\"auto, (max-width: 689px) 100vw, 689px\" \/><\/p>\n<p>O prefeito de Goianira, Carl\u00e3o da Fox (DEM), foi eleito presidente da Associa\u00e7\u00e3o Goiana de Munic\u00edpios (AGM), em chapa \u00fanica, na manh\u00e3 desta ter\u00e7a-feira (29). A chapa \u00fanica foi eleita por aclama\u00e7\u00e3o, no sagu\u00e3o da Federa\u00e7\u00e3o da Agricultura e Pecu\u00e1ria de Goi\u00e1s (Faeg), em Goi\u00e2nia, onde ocorria a vota\u00e7\u00e3o. Prefeitos de v\u00e1rios munic\u00edpios e diversas autoridades estaduais prestigiaram a vota\u00e7\u00e3o que definiu a mesa diretora para o bi\u00eanio 2021\/2022.<\/p>\n<p>Como plataforma de gest\u00e3o, o novo presidente se comprometeu em trabalhar pelo fortalecimento do municipalismo e, para tanto, diz que pretende aumentar o n\u00famero de munic\u00edpios filiados \u00e0 entidade, visitando todas as cidades do Estado. Tamb\u00e9m vai promover a realiza\u00e7\u00e3o de encontros regionais para a discuss\u00e3o de temas locais.<\/p>\n<p>Carl\u00e3o agradeceu ao apoio do governador Ronaldo Caiado e dos prefeitos que entraram em consenso, unindo-se todos em prol do objetivo principal que \u00e9 de fortalecer a AGM.<\/p>\n<p>\u201cAgora \u00e9 hora de arrega\u00e7ar as mangas e trabalhar pelos nossos munic\u00edpios, fazendo valer a confian\u00e7a de todos que acreditaram nesta uni\u00e3o\u201d, disse Carl\u00e3o da Fox.<\/p>\n<div class=\"google-auto-placed ap_container\"><ins class=\"adsbygoogle adsbygoogle-noablate\"><ins><ins><\/ins><\/ins><\/ins>O vice-presidente, o prefeito de Gameleira de Goi\u00e1s, Wilson Tavares (DEM), tamb\u00e9m agradeceu a confian\u00e7a dos gestores municipais.<\/div>\n<p>\u201cTrata-se de um momento muito especial na minha vida e quero agradecer a Deus por mais essa oportunidade. Juntos vamos lutar pelo fortalecimento e crescimento da AGM\u201d, falou.<\/p>\n<p>Al\u00e9m de Carl\u00e3o e Wilson, integram a Diretoria Executiva da associa\u00e7\u00e3o, o 2\u00ba vice-presidente, Siron Queiroz (Turvel\u00e2ndia); o diretor financeiro, Z\u00e9 Diniz (Abadi\u00e2nia); o diretor financeiro substituto, Argemiro Rodrigues (Caiap\u00f4nia); o diretor administrativo, Clayton Pereira (Itau\u00e7u); e o substituto Moretson Borges<\/p>\n<p>(Americano do Brasil).<br \/>\n<\/p>\n","protected":false},"excerpt":{"rendered":"<p>O prefeito de Goianira, Carl\u00e3o da Fox (DEM), foi eleito presidente da Associa\u00e7\u00e3o Goiana de Munic\u00edpios (AGM), em chapa \u00fanica, na manh\u00e3 desta ter\u00e7a-feira (29). A chapa \u00fanica foi eleita por aclama\u00e7\u00e3o, no sagu\u00e3o da Federa\u00e7\u00e3o da Agricultura e Pecu\u00e1ria de Goi\u00e1s (Faeg), em Goi\u00e2nia, onde ocorria a vota\u00e7\u00e3o. Prefeitos de v\u00e1rios munic\u00edpios e diversas<\/p>\n","protected":false},"author":2,"featured_media":15565,"comment_status":"open","ping_status":"open","sticky":false,"template":"","format":"standard","meta":{"footnotes":""},"categories":[27,22,26,23],"tags":[],"class_list":["post-15564","post","type-post","status-publish","format-standard","has-post-thumbnail","hentry","category-brasil","category-catalao","category-destaque","category-goias"],"yoast_head":"<!-- This site is optimized with the Yoast SEO plugin v25.8 - https:\/\/yoast.com\/wordpress\/plugins\/seo\/ -->\n<title>Por aclama\u00e7\u00e3o, Carl\u00e3o da Fox assume presid\u00eancia da AGM - Jornal Ultimos Acontecimentos<\/title>\n<meta name=\"robots\" content=\"index, follow, max-snippet:-1, max-image-preview:large, max-video-preview:-1\" \/>\n<link rel=\"canonical\" href=\"https:\/\/juacontecimentos.com.br\/site\/por-aclamacao-carlao-da-fox-assume-presidencia-da-agm\/\" \/>\n<meta property=\"og:locale\" content=\"pt_BR\" \/>\n<meta property=\"og:type\" content=\"article\" \/>\n<meta property=\"og:title\" content=\"Por aclama\u00e7\u00e3o, Carl\u00e3o da Fox assume presid\u00eancia da AGM - Jornal Ultimos Acontecimentos\" \/>\n<meta property=\"og:description\" content=\"O prefeito de Goianira, Carl\u00e3o da Fox (DEM), foi eleito presidente da Associa\u00e7\u00e3o Goiana de Munic\u00edpios (AGM), em chapa \u00fanica, na manh\u00e3 desta ter\u00e7a-feira (29). A chapa \u00fanica foi eleita por aclama\u00e7\u00e3o, no sagu\u00e3o da Federa\u00e7\u00e3o da Agricultura e Pecu\u00e1ria de Goi\u00e1s (Faeg), em Goi\u00e2nia, onde ocorria a vota\u00e7\u00e3o. Prefeitos de v\u00e1rios munic\u00edpios e diversas\" \/>\n<meta property=\"og:url\" content=\"https:\/\/juacontecimentos.com.br\/site\/por-aclamacao-carlao-da-fox-assume-presidencia-da-agm\/\" \/>\n<meta property=\"og:site_name\" content=\"Jornal Ultimos Acontecimentos\" \/>\n<meta property=\"article:publisher\" content=\"https:\/\/www.facebook.com\/jultimosacontecimentos\/\" \/>\n<meta property=\"article:published_time\" content=\"2021-06-29T15:56:42+00:00\" \/>\n<meta property=\"og:image\" content=\"https:\/\/juacontecimentos.com.br\/site\/wp-content\/uploads\/2021\/06\/carlao-d.png\" \/>\n\t<meta property=\"og:image:width\" content=\"689\" \/>\n\t<meta property=\"og:image:height\" content=\"393\" \/>\n\t<meta property=\"og:image:type\" content=\"image\/png\" \/>\n<meta name=\"author\" content=\"Reginaldo Ribeiro\" \/>\n<meta name=\"twitter:card\" content=\"summary_large_image\" \/>\n<meta name=\"twitter:label1\" content=\"Escrito por\" \/>\n\t<meta name=\"twitter:data1\" content=\"Reginaldo Ribeiro\" \/>\n\t<meta name=\"twitter:label2\" content=\"Est. tempo de leitura\" \/>\n\t<meta name=\"twitter:data2\" content=\"1 minuto\" \/>\n<script type=\"application\/ld+json\" class=\"yoast-schema-graph\">{\"@context\":\"https:\/\/schema.org\",\"@graph\":[{\"@type\":\"Article\",\"@id\":\"https:\/\/juacontecimentos.com.br\/site\/por-aclamacao-carlao-da-fox-assume-presidencia-da-agm\/#article\",\"isPartOf\":{\"@id\":\"https:\/\/juacontecimentos.com.br\/site\/por-aclamacao-carlao-da-fox-assume-presidencia-da-agm\/\"},\"author\":{\"name\":\"Reginaldo Ribeiro\",\"@id\":\"https:\/\/juacontecimentos.com.br\/site\/#\/schema\/person\/082a54e6d3fdd7a633291428521c9669\"},\"headline\":\"Por aclama\u00e7\u00e3o, Carl\u00e3o da Fox assume presid\u00eancia da AGM\",\"datePublished\":\"2021-06-29T15:56:42+00:00\",\"mainEntityOfPage\":{\"@id\":\"https:\/\/juacontecimentos.com.br\/site\/por-aclamacao-carlao-da-fox-assume-presidencia-da-agm\/\"},\"wordCount\":305,\"commentCount\":0,\"publisher\":{\"@id\":\"https:\/\/juacontecimentos.com.br\/site\/#organization\"},\"image\":{\"@id\":\"https:\/\/juacontecimentos.com.br\/site\/por-aclamacao-carlao-da-fox-assume-presidencia-da-agm\/#primaryimage\"},\"thumbnailUrl\":\"https:\/\/juacontecimentos.com.br\/site\/wp-content\/uploads\/2021\/06\/carlao-d.png\",\"articleSection\":[\"Brasil\",\"Catal\u00e3o\",\"Destaque\",\"Goi\u00e1s\"],\"inLanguage\":\"pt-BR\"},{\"@type\":\"WebPage\",\"@id\":\"https:\/\/juacontecimentos.com.br\/site\/por-aclamacao-carlao-da-fox-assume-presidencia-da-agm\/\",\"url\":\"https:\/\/juacontecimentos.com.br\/site\/por-aclamacao-carlao-da-fox-assume-presidencia-da-agm\/\",\"name\":\"Por aclama\u00e7\u00e3o, Carl\u00e3o da Fox assume presid\u00eancia da AGM - Jornal Ultimos Acontecimentos\",\"isPartOf\":{\"@id\":\"https:\/\/juacontecimentos.com.br\/site\/#website\"},\"primaryImageOfPage\":{\"@id\":\"https:\/\/juacontecimentos.com.br\/site\/por-aclamacao-carlao-da-fox-assume-presidencia-da-agm\/#primaryimage\"},\"image\":{\"@id\":\"https:\/\/juacontecimentos.com.br\/site\/por-aclamacao-carlao-da-fox-assume-presidencia-da-agm\/#primaryimage\"},\"thumbnailUrl\":\"https:\/\/juacontecimentos.com.br\/site\/wp-content\/uploads\/2021\/06\/carlao-d.png\",\"datePublished\":\"2021-06-29T15:56:42+00:00\",\"breadcrumb\":{\"@id\":\"https:\/\/juacontecimentos.com.br\/site\/por-aclamacao-carlao-da-fox-assume-presidencia-da-agm\/#breadcrumb\"},\"inLanguage\":\"pt-BR\",\"potentialAction\":[{\"@type\":\"ReadAction\",\"target\":[\"https:\/\/juacontecimentos.com.br\/site\/por-aclamacao-carlao-da-fox-assume-presidencia-da-agm\/\"]}]},{\"@type\":\"ImageObject\",\"inLanguage\":\"pt-BR\",\"@id\":\"https:\/\/juacontecimentos.com.br\/site\/por-aclamacao-carlao-da-fox-assume-presidencia-da-agm\/#primaryimage\",\"url\":\"https:\/\/juacontecimentos.com.br\/site\/wp-content\/uploads\/2021\/06\/carlao-d.png\",\"contentUrl\":\"https:\/\/juacontecimentos.com.br\/site\/wp-content\/uploads\/2021\/06\/carlao-d.png\",\"width\":689,\"height\":393},{\"@type\":\"BreadcrumbList\",\"@id\":\"https:\/\/juacontecimentos.com.br\/site\/por-aclamacao-carlao-da-fox-assume-presidencia-da-agm\/#breadcrumb\",\"itemListElement\":[{\"@type\":\"ListItem\",\"position\":1,\"name\":\"In\u00edcio\",\"item\":\"https:\/\/juacontecimentos.com.br\/site\/\"},{\"@type\":\"ListItem\",\"position\":2,\"name\":\"Por aclama\u00e7\u00e3o, Carl\u00e3o da Fox assume presid\u00eancia da AGM\"}]},{\"@type\":\"WebSite\",\"@id\":\"https:\/\/juacontecimentos.com.br\/site\/#website\",\"url\":\"https:\/\/juacontecimentos.com.br\/site\/\",\"name\":\"Jornal Ultimos Acontecimentos\",\"description\":\"Catal\u00e3o e regi\u00e3o\",\"publisher\":{\"@id\":\"https:\/\/juacontecimentos.com.br\/site\/#organization\"},\"potentialAction\":[{\"@type\":\"SearchAction\",\"target\":{\"@type\":\"EntryPoint\",\"urlTemplate\":\"https:\/\/juacontecimentos.com.br\/site\/?s={search_term_string}\"},\"query-input\":{\"@type\":\"PropertyValueSpecification\",\"valueRequired\":true,\"valueName\":\"search_term_string\"}}],\"inLanguage\":\"pt-BR\"},{\"@type\":\"Organization\",\"@id\":\"https:\/\/juacontecimentos.com.br\/site\/#organization\",\"name\":\"Jornal Ultimos Acontecimentos\",\"url\":\"https:\/\/juacontecimentos.com.br\/site\/\",\"logo\":{\"@type\":\"ImageObject\",\"inLanguage\":\"pt-BR\",\"@id\":\"https:\/\/juacontecimentos.com.br\/site\/#\/schema\/logo\/image\/\",\"url\":\"https:\/\/juacontecimentos.com.br\/site\/wp-content\/uploads\/2023\/04\/Logo_Site.png\",\"contentUrl\":\"https:\/\/juacontecimentos.com.br\/site\/wp-content\/uploads\/2023\/04\/Logo_Site.png\",\"width\":2476,\"height\":530,\"caption\":\"Jornal Ultimos Acontecimentos\"},\"image\":{\"@id\":\"https:\/\/juacontecimentos.com.br\/site\/#\/schema\/logo\/image\/\"},\"sameAs\":[\"https:\/\/www.facebook.com\/jultimosacontecimentos\/\"]},{\"@type\":\"Person\",\"@id\":\"https:\/\/juacontecimentos.com.br\/site\/#\/schema\/person\/082a54e6d3fdd7a633291428521c9669\",\"name\":\"Reginaldo Ribeiro\",\"image\":{\"@type\":\"ImageObject\",\"inLanguage\":\"pt-BR\",\"@id\":\"https:\/\/juacontecimentos.com.br\/site\/#\/schema\/person\/image\/\",\"url\":\"https:\/\/secure.gravatar.com\/avatar\/5c16c6837c3490270a74d888c2a845728f06bdde1f8761de1de1d1d1ef82d12f?s=96&d=mm&r=g\",\"contentUrl\":\"https:\/\/secure.gravatar.com\/avatar\/5c16c6837c3490270a74d888c2a845728f06bdde1f8761de1de1d1d1ef82d12f?s=96&d=mm&r=g\",\"caption\":\"Reginaldo Ribeiro\"}}]}<\/script>\n<!-- \/ Yoast SEO plugin. -->","yoast_head_json":{"title":"Por aclama\u00e7\u00e3o, Carl\u00e3o da Fox assume presid\u00eancia da AGM - Jornal Ultimos Acontecimentos","robots":{"index":"index","follow":"follow","max-snippet":"max-snippet:-1","max-image-preview":"max-image-preview:large","max-video-preview":"max-video-preview:-1"},"canonical":"https:\/\/juacontecimentos.com.br\/site\/por-aclamacao-carlao-da-fox-assume-presidencia-da-agm\/","og_locale":"pt_BR","og_type":"article","og_title":"Por aclama\u00e7\u00e3o, Carl\u00e3o da Fox assume presid\u00eancia da AGM - Jornal Ultimos Acontecimentos","og_description":"O prefeito de Goianira, Carl\u00e3o da Fox (DEM), foi eleito presidente da Associa\u00e7\u00e3o Goiana de Munic\u00edpios (AGM), em chapa \u00fanica, na manh\u00e3 desta ter\u00e7a-feira (29). A chapa \u00fanica foi eleita por aclama\u00e7\u00e3o, no sagu\u00e3o da Federa\u00e7\u00e3o da Agricultura e Pecu\u00e1ria de Goi\u00e1s (Faeg), em Goi\u00e2nia, onde ocorria a vota\u00e7\u00e3o. Prefeitos de v\u00e1rios munic\u00edpios e diversas","og_url":"https:\/\/juacontecimentos.com.br\/site\/por-aclamacao-carlao-da-fox-assume-presidencia-da-agm\/","og_site_name":"Jornal Ultimos Acontecimentos","article_publisher":"https:\/\/www.facebook.com\/jultimosacontecimentos\/","article_published_time":"2021-06-29T15:56:42+00:00","og_image":[{"width":689,"height":393,"url":"https:\/\/juacontecimentos.com.br\/site\/wp-content\/uploads\/2021\/06\/carlao-d.png","type":"image\/png"}],"author":"Reginaldo Ribeiro","twitter_card":"summary_large_image","twitter_misc":{"Escrito por":"Reginaldo Ribeiro","Est. tempo de leitura":"1 minuto"},"schema":{"@context":"https:\/\/schema.org","@graph":[{"@type":"Article","@id":"https:\/\/juacontecimentos.com.br\/site\/por-aclamacao-carlao-da-fox-assume-presidencia-da-agm\/#article","isPartOf":{"@id":"https:\/\/juacontecimentos.com.br\/site\/por-aclamacao-carlao-da-fox-assume-presidencia-da-agm\/"},"author":{"name":"Reginaldo Ribeiro","@id":"https:\/\/juacontecimentos.com.br\/site\/#\/schema\/person\/082a54e6d3fdd7a633291428521c9669"},"headline":"Por aclama\u00e7\u00e3o, Carl\u00e3o da Fox assume presid\u00eancia da AGM","datePublished":"2021-06-29T15:56:42+00:00","mainEntityOfPage":{"@id":"https:\/\/juacontecimentos.com.br\/site\/por-aclamacao-carlao-da-fox-assume-presidencia-da-agm\/"},"wordCount":305,"commentCount":0,"publisher":{"@id":"https:\/\/juacontecimentos.com.br\/site\/#organization"},"image":{"@id":"https:\/\/juacontecimentos.com.br\/site\/por-aclamacao-carlao-da-fox-assume-presidencia-da-agm\/#primaryimage"},"thumbnailUrl":"https:\/\/juacontecimentos.com.br\/site\/wp-content\/uploads\/2021\/06\/carlao-d.png","articleSection":["Brasil","Catal\u00e3o","Destaque","Goi\u00e1s"],"inLanguage":"pt-BR"},{"@type":"WebPage","@id":"https:\/\/juacontecimentos.com.br\/site\/por-aclamacao-carlao-da-fox-assume-presidencia-da-agm\/","url":"https:\/\/juacontecimentos.com.br\/site\/por-aclamacao-carlao-da-fox-assume-presidencia-da-agm\/","name":"Por aclama\u00e7\u00e3o, Carl\u00e3o da Fox assume presid\u00eancia da AGM - Jornal Ultimos Acontecimentos","isPartOf":{"@id":"https:\/\/juacontecimentos.com.br\/site\/#website"},"primaryImageOfPage":{"@id":"https:\/\/juacontecimentos.com.br\/site\/por-aclamacao-carlao-da-fox-assume-presidencia-da-agm\/#primaryimage"},"image":{"@id":"https:\/\/juacontecimentos.com.br\/site\/por-aclamacao-carlao-da-fox-assume-presidencia-da-agm\/#primaryimage"},"thumbnailUrl":"https:\/\/juacontecimentos.com.br\/site\/wp-content\/uploads\/2021\/06\/carlao-d.png","datePublished":"2021-06-29T15:56:42+00:00","breadcrumb":{"@id":"https:\/\/juacontecimentos.com.br\/site\/por-aclamacao-carlao-da-fox-assume-presidencia-da-agm\/#breadcrumb"},"inLanguage":"pt-BR","potentialAction":[{"@type":"ReadAction","target":["https:\/\/juacontecimentos.com.br\/site\/por-aclamacao-carlao-da-fox-assume-presidencia-da-agm\/"]}]},{"@type":"ImageObject","inLanguage":"pt-BR","@id":"https:\/\/juacontecimentos.com.br\/site\/por-aclamacao-carlao-da-fox-assume-presidencia-da-agm\/#primaryimage","url":"https:\/\/juacontecimentos.com.br\/site\/wp-content\/uploads\/2021\/06\/carlao-d.png","contentUrl":"https:\/\/juacontecimentos.com.br\/site\/wp-content\/uploads\/2021\/06\/carlao-d.png","width":689,"height":393},{"@type":"BreadcrumbList","@id":"https:\/\/juacontecimentos.com.br\/site\/por-aclamacao-carlao-da-fox-assume-presidencia-da-agm\/#breadcrumb","itemListElement":[{"@type":"ListItem","position":1,"name":"In\u00edcio","item":"https:\/\/juacontecimentos.com.br\/site\/"},{"@type":"ListItem","position":2,"name":"Por aclama\u00e7\u00e3o, Carl\u00e3o da Fox assume presid\u00eancia da AGM"}]},{"@type":"WebSite","@id":"https:\/\/juacontecimentos.com.br\/site\/#website","url":"https:\/\/juacontecimentos.com.br\/site\/","name":"Jornal Ultimos Acontecimentos","description":"Catal\u00e3o e regi\u00e3o","publisher":{"@id":"https:\/\/juacontecimentos.com.br\/site\/#organization"},"potentialAction":[{"@type":"SearchAction","target":{"@type":"EntryPoint","urlTemplate":"https:\/\/juacontecimentos.com.br\/site\/?s={search_term_string}"},"query-input":{"@type":"PropertyValueSpecification","valueRequired":true,"valueName":"search_term_string"}}],"inLanguage":"pt-BR"},{"@type":"Organization","@id":"https:\/\/juacontecimentos.com.br\/site\/#organization","name":"Jornal Ultimos Acontecimentos","url":"https:\/\/juacontecimentos.com.br\/site\/","logo":{"@type":"ImageObject","inLanguage":"pt-BR","@id":"https:\/\/juacontecimentos.com.br\/site\/#\/schema\/logo\/image\/","url":"https:\/\/juacontecimentos.com.br\/site\/wp-content\/uploads\/2023\/04\/Logo_Site.png","contentUrl":"https:\/\/juacontecimentos.com.br\/site\/wp-content\/uploads\/2023\/04\/Logo_Site.png","width":2476,"height":530,"caption":"Jornal Ultimos Acontecimentos"},"image":{"@id":"https:\/\/juacontecimentos.com.br\/site\/#\/schema\/logo\/image\/"},"sameAs":["https:\/\/www.facebook.com\/jultimosacontecimentos\/"]},{"@type":"Person","@id":"https:\/\/juacontecimentos.com.br\/site\/#\/schema\/person\/082a54e6d3fdd7a633291428521c9669","name":"Reginaldo Ribeiro","image":{"@type":"ImageObject","inLanguage":"pt-BR","@id":"https:\/\/juacontecimentos.com.br\/site\/#\/schema\/person\/image\/","url":"https:\/\/secure.gravatar.com\/avatar\/5c16c6837c3490270a74d888c2a845728f06bdde1f8761de1de1d1d1ef82d12f?s=96&d=mm&r=g","contentUrl":"https:\/\/secure.gravatar.com\/avatar\/5c16c6837c3490270a74d888c2a845728f06bdde1f8761de1de1d1d1ef82d12f?s=96&d=mm&r=g","caption":"Reginaldo Ribeiro"}}]}},"_links":{"self":[{"href":"https:\/\/juacontecimentos.com.br\/site\/wp-json\/wp\/v2\/posts\/15564","targetHints":{"allow":["GET"]}}],"collection":[{"href":"https:\/\/juacontecimentos.com.br\/site\/wp-json\/wp\/v2\/posts"}],"about":[{"href":"https:\/\/juacontecimentos.com.br\/site\/wp-json\/wp\/v2\/types\/post"}],"author":[{"embeddable":true,"href":"https:\/\/juacontecimentos.com.br\/site\/wp-json\/wp\/v2\/users\/2"}],"replies":[{"embeddable":true,"href":"https:\/\/juacontecimentos.com.br\/site\/wp-json\/wp\/v2\/comments?post=15564"}],"version-history":[{"count":1,"href":"https:\/\/juacontecimentos.com.br\/site\/wp-json\/wp\/v2\/posts\/15564\/revisions"}],"predecessor-version":[{"id":15566,"href":"https:\/\/juacontecimentos.com.br\/site\/wp-json\/wp\/v2\/posts\/15564\/revisions\/15566"}],"wp:featuredmedia":[{"embeddable":true,"href":"https:\/\/juacontecimentos.com.br\/site\/wp-json\/wp\/v2\/media\/15565"}],"wp:attachment":[{"href":"https:\/\/juacontecimentos.com.br\/site\/wp-json\/wp\/v2\/media?parent=15564"}],"wp:term":[{"taxonomy":"category","embeddable":true,"href":"https:\/\/juacontecimentos.com.br\/site\/wp-json\/wp\/v2\/categories?post=15564"},{"taxonomy":"post_tag","embeddable":true,"href":"https:\/\/juacontecimentos.com.br\/site\/wp-json\/wp\/v2\/tags?post=15564"}],"curies":[{"name":"wp","href":"https:\/\/api.w.org\/{rel}","templated":true}]}}