{"id":15585,"date":"2021-06-30T11:39:09","date_gmt":"2021-06-30T14:39:09","guid":{"rendered":"https:\/\/juacontecimento.com.br\/site\/?p=15585"},"modified":"2021-06-30T11:39:45","modified_gmt":"2021-06-30T14:39:45","slug":"infelizmente-nao-teremos-expo-catalao-diz-sindicato-rural","status":"publish","type":"post","link":"https:\/\/juacontecimentos.com.br\/site\/infelizmente-nao-teremos-expo-catalao-diz-sindicato-rural\/","title":{"rendered":"\u201cInfelizmente, n\u00e3o teremos a Expo Catal\u00e3o\u201d, diz Sindicato Rural"},"content":{"rendered":"<p><img loading=\"lazy\" decoding=\"async\" class=\"alignnone size-large wp-image-15586\" src=\"https:\/\/juacontecimento.com.br\/site\/wp-content\/uploads\/2021\/06\/foto-diretoria-1024x683.jpg\" alt=\"\" width=\"900\" height=\"600\" srcset=\"https:\/\/juacontecimentos.com.br\/site\/wp-content\/uploads\/2021\/06\/foto-diretoria-1024x683.jpg 1024w, https:\/\/juacontecimentos.com.br\/site\/wp-content\/uploads\/2021\/06\/foto-diretoria-300x200.jpg 300w, https:\/\/juacontecimentos.com.br\/site\/wp-content\/uploads\/2021\/06\/foto-diretoria-768x512.jpg 768w, https:\/\/juacontecimentos.com.br\/site\/wp-content\/uploads\/2021\/06\/foto-diretoria.jpg 1209w\" sizes=\"auto, (max-width: 900px) 100vw, 900px\" \/><\/p>\n<p>\u201cN\u00e3o h\u00e1 como fazer essa festa, n\u00e3o h\u00e1 clima para isso, n\u00e3o h\u00e1 legalidade jur\u00eddica. A pandemia novamente nos cortou o sonho de realizar a Expo\u201d, disse o presidente do Sindicato Rural de Catal\u00e3o, logo ap\u00f3s o an\u00fancio, por meio de v\u00eddeo que rodou nas redes sociais, que falou do adiamento da festa por conta da pandemia. \u00a0Esperamos que at\u00e9 o ano que vem a popula\u00e7\u00e3o esteja imunizada, Renato espera que a festa aconte\u00e7a. \u201cAcreditamos que em 2022 n\u00f3s vamos fazer uma festa maior ainda. Afinal, j\u00e1 s\u00e3o dois anos sem, n\u00e9\u201d.<\/p>\n<p>A grade de shows j\u00e1 estava toda pr\u00e9-agendada, com grandes atra\u00e7\u00f5es. \u201cEsse ano, assim como 2020, a diretoria se empenhou ao m\u00e1ximo e se preparou tamb\u00e9m com todo carinho para fazermos mais uma grande festa. A gente acreditava que o cen\u00e1rio seria outro, que as coisas j\u00e1 voltariam ao normal, mas infelizmente, a pandemia est\u00e1 a\u00ed e n\u00e3o tem jeito\u201d, disse o Diretor Financeiro, Thiago Terra. Com uma festa cada vez maior, mas com o diferencial de ter grande parte dos dias com entrada gratuita, a tem\u00e1tica estava confirmada, como foi em 2019, quando, pela primeira vez, a festa foi tem\u00e1tica e virou refer\u00eancia para muitas cidades.<\/p>\n<p>A festa aconteceu em clima de Velho Oeste com o parque todo decorado com o tema.\u00a0 \u201cN\u00e3o tem mais como voltar atr\u00e1s. A gente chegou a um ponto, que se fizemos menos, seremos muito cobrados. Temos sempre que fazer melhor que a festa anterior. Catal\u00e3o n\u00e3o aceita mais evento comum. Precisa de uma festa muito organizada, preparada\u201d, disse Renato com a concord\u00e2ncia de seu Diretor. \u201cCom f\u00e9 em Deus, em 2022, n\u00f3s vamos fazer uma maravilhosa festa, com uma grade de shows para marcar n\u00e3o s\u00f3 a regi\u00e3o, mas o estado inteiro\u201d, finalizaram.<\/p>\n<p>A diretoria do Sindicato trabalha para manter todos os produtos oferecidos \u00e0 popula\u00e7\u00e3o, como o ExpoCanta, ExpoKids, Rainha do Rodeio, ExpoNeg\u00f3cio, Torneio Leiteiro, rodeio com port\u00f5es abertos, entre tantas atra\u00e7\u00f5es. E torce para que a popula\u00e7\u00e3o esteja toda imunizada para comemorarmos a Expo Catal\u00e3o.<\/p>\n<div>Ascom\/ Sindicato: Cristina de Mesquita<\/div>\n<div><\/div>\n<p><img loading=\"lazy\" decoding=\"async\" class=\"alignnone size-large wp-image-15587\" src=\"https:\/\/juacontecimento.com.br\/site\/wp-content\/uploads\/2021\/06\/foto-Renato-1024x682.jpg\" alt=\"\" width=\"900\" height=\"599\" srcset=\"https:\/\/juacontecimentos.com.br\/site\/wp-content\/uploads\/2021\/06\/foto-Renato-1024x682.jpg 1024w, https:\/\/juacontecimentos.com.br\/site\/wp-content\/uploads\/2021\/06\/foto-Renato-300x200.jpg 300w, https:\/\/juacontecimentos.com.br\/site\/wp-content\/uploads\/2021\/06\/foto-Renato-768x512.jpg 768w, https:\/\/juacontecimentos.com.br\/site\/wp-content\/uploads\/2021\/06\/foto-Renato.jpg 1280w\" sizes=\"auto, (max-width: 900px) 100vw, 900px\" \/><br \/>\n<\/p>\n","protected":false},"excerpt":{"rendered":"<p>\u201cN\u00e3o h\u00e1 como fazer essa festa, n\u00e3o h\u00e1 clima para isso, n\u00e3o h\u00e1 legalidade jur\u00eddica. A pandemia novamente nos cortou o sonho de realizar a Expo\u201d, disse o presidente do Sindicato Rural de Catal\u00e3o, logo ap\u00f3s o an\u00fancio, por meio de v\u00eddeo que rodou nas redes sociais, que falou do adiamento da festa por conta<\/p>\n","protected":false},"author":2,"featured_media":15587,"comment_status":"open","ping_status":"open","sticky":false,"template":"","format":"standard","meta":{"footnotes":""},"categories":[27,22,26,23],"tags":[],"class_list":["post-15585","post","type-post","status-publish","format-standard","has-post-thumbnail","hentry","category-brasil","category-catalao","category-destaque","category-goias"],"yoast_head":"<!-- This site is optimized with the Yoast SEO plugin v25.8 - https:\/\/yoast.com\/wordpress\/plugins\/seo\/ -->\n<title>\u201cInfelizmente, n\u00e3o teremos a Expo Catal\u00e3o\u201d, diz Sindicato Rural - Jornal Ultimos Acontecimentos<\/title>\n<meta name=\"robots\" content=\"index, follow, max-snippet:-1, max-image-preview:large, max-video-preview:-1\" \/>\n<link rel=\"canonical\" href=\"https:\/\/juacontecimentos.com.br\/site\/infelizmente-nao-teremos-expo-catalao-diz-sindicato-rural\/\" \/>\n<meta property=\"og:locale\" content=\"pt_BR\" \/>\n<meta property=\"og:type\" content=\"article\" \/>\n<meta property=\"og:title\" content=\"\u201cInfelizmente, n\u00e3o teremos a Expo Catal\u00e3o\u201d, diz Sindicato Rural - Jornal Ultimos Acontecimentos\" \/>\n<meta property=\"og:description\" content=\"\u201cN\u00e3o h\u00e1 como fazer essa festa, n\u00e3o h\u00e1 clima para isso, n\u00e3o h\u00e1 legalidade jur\u00eddica. A pandemia novamente nos cortou o sonho de realizar a Expo\u201d, disse o presidente do Sindicato Rural de Catal\u00e3o, logo ap\u00f3s o an\u00fancio, por meio de v\u00eddeo que rodou nas redes sociais, que falou do adiamento da festa por conta\" \/>\n<meta property=\"og:url\" content=\"https:\/\/juacontecimentos.com.br\/site\/infelizmente-nao-teremos-expo-catalao-diz-sindicato-rural\/\" \/>\n<meta property=\"og:site_name\" content=\"Jornal Ultimos Acontecimentos\" \/>\n<meta property=\"article:publisher\" content=\"https:\/\/www.facebook.com\/jultimosacontecimentos\/\" \/>\n<meta property=\"article:published_time\" content=\"2021-06-30T14:39:09+00:00\" \/>\n<meta property=\"article:modified_time\" content=\"2021-06-30T14:39:45+00:00\" \/>\n<meta property=\"og:image\" content=\"https:\/\/juacontecimentos.com.br\/site\/wp-content\/uploads\/2021\/06\/foto-Renato.jpg\" \/>\n\t<meta property=\"og:image:width\" content=\"1280\" \/>\n\t<meta property=\"og:image:height\" content=\"853\" \/>\n\t<meta property=\"og:image:type\" content=\"image\/jpeg\" \/>\n<meta name=\"author\" content=\"Reginaldo Ribeiro\" \/>\n<meta name=\"twitter:card\" content=\"summary_large_image\" \/>\n<meta name=\"twitter:label1\" content=\"Escrito por\" \/>\n\t<meta name=\"twitter:data1\" content=\"Reginaldo Ribeiro\" \/>\n\t<meta name=\"twitter:label2\" content=\"Est. tempo de leitura\" \/>\n\t<meta name=\"twitter:data2\" content=\"2 minutos\" \/>\n<script type=\"application\/ld+json\" class=\"yoast-schema-graph\">{\"@context\":\"https:\/\/schema.org\",\"@graph\":[{\"@type\":\"Article\",\"@id\":\"https:\/\/juacontecimentos.com.br\/site\/infelizmente-nao-teremos-expo-catalao-diz-sindicato-rural\/#article\",\"isPartOf\":{\"@id\":\"https:\/\/juacontecimentos.com.br\/site\/infelizmente-nao-teremos-expo-catalao-diz-sindicato-rural\/\"},\"author\":{\"name\":\"Reginaldo Ribeiro\",\"@id\":\"https:\/\/juacontecimentos.com.br\/site\/#\/schema\/person\/082a54e6d3fdd7a633291428521c9669\"},\"headline\":\"\u201cInfelizmente, n\u00e3o teremos a Expo Catal\u00e3o\u201d, diz Sindicato Rural\",\"datePublished\":\"2021-06-30T14:39:09+00:00\",\"dateModified\":\"2021-06-30T14:39:45+00:00\",\"mainEntityOfPage\":{\"@id\":\"https:\/\/juacontecimentos.com.br\/site\/infelizmente-nao-teremos-expo-catalao-diz-sindicato-rural\/\"},\"wordCount\":382,\"commentCount\":0,\"publisher\":{\"@id\":\"https:\/\/juacontecimentos.com.br\/site\/#organization\"},\"image\":{\"@id\":\"https:\/\/juacontecimentos.com.br\/site\/infelizmente-nao-teremos-expo-catalao-diz-sindicato-rural\/#primaryimage\"},\"thumbnailUrl\":\"https:\/\/juacontecimentos.com.br\/site\/wp-content\/uploads\/2021\/06\/foto-Renato.jpg\",\"articleSection\":[\"Brasil\",\"Catal\u00e3o\",\"Destaque\",\"Goi\u00e1s\"],\"inLanguage\":\"pt-BR\"},{\"@type\":\"WebPage\",\"@id\":\"https:\/\/juacontecimentos.com.br\/site\/infelizmente-nao-teremos-expo-catalao-diz-sindicato-rural\/\",\"url\":\"https:\/\/juacontecimentos.com.br\/site\/infelizmente-nao-teremos-expo-catalao-diz-sindicato-rural\/\",\"name\":\"\u201cInfelizmente, n\u00e3o teremos a Expo Catal\u00e3o\u201d, diz Sindicato Rural - Jornal Ultimos Acontecimentos\",\"isPartOf\":{\"@id\":\"https:\/\/juacontecimentos.com.br\/site\/#website\"},\"primaryImageOfPage\":{\"@id\":\"https:\/\/juacontecimentos.com.br\/site\/infelizmente-nao-teremos-expo-catalao-diz-sindicato-rural\/#primaryimage\"},\"image\":{\"@id\":\"https:\/\/juacontecimentos.com.br\/site\/infelizmente-nao-teremos-expo-catalao-diz-sindicato-rural\/#primaryimage\"},\"thumbnailUrl\":\"https:\/\/juacontecimentos.com.br\/site\/wp-content\/uploads\/2021\/06\/foto-Renato.jpg\",\"datePublished\":\"2021-06-30T14:39:09+00:00\",\"dateModified\":\"2021-06-30T14:39:45+00:00\",\"breadcrumb\":{\"@id\":\"https:\/\/juacontecimentos.com.br\/site\/infelizmente-nao-teremos-expo-catalao-diz-sindicato-rural\/#breadcrumb\"},\"inLanguage\":\"pt-BR\",\"potentialAction\":[{\"@type\":\"ReadAction\",\"target\":[\"https:\/\/juacontecimentos.com.br\/site\/infelizmente-nao-teremos-expo-catalao-diz-sindicato-rural\/\"]}]},{\"@type\":\"ImageObject\",\"inLanguage\":\"pt-BR\",\"@id\":\"https:\/\/juacontecimentos.com.br\/site\/infelizmente-nao-teremos-expo-catalao-diz-sindicato-rural\/#primaryimage\",\"url\":\"https:\/\/juacontecimentos.com.br\/site\/wp-content\/uploads\/2021\/06\/foto-Renato.jpg\",\"contentUrl\":\"https:\/\/juacontecimentos.com.br\/site\/wp-content\/uploads\/2021\/06\/foto-Renato.jpg\",\"width\":1280,\"height\":853},{\"@type\":\"BreadcrumbList\",\"@id\":\"https:\/\/juacontecimentos.com.br\/site\/infelizmente-nao-teremos-expo-catalao-diz-sindicato-rural\/#breadcrumb\",\"itemListElement\":[{\"@type\":\"ListItem\",\"position\":1,\"name\":\"In\u00edcio\",\"item\":\"https:\/\/juacontecimentos.com.br\/site\/\"},{\"@type\":\"ListItem\",\"position\":2,\"name\":\"\u201cInfelizmente, n\u00e3o teremos a Expo Catal\u00e3o\u201d, diz Sindicato Rural\"}]},{\"@type\":\"WebSite\",\"@id\":\"https:\/\/juacontecimentos.com.br\/site\/#website\",\"url\":\"https:\/\/juacontecimentos.com.br\/site\/\",\"name\":\"Jornal Ultimos Acontecimentos\",\"description\":\"Catal\u00e3o e regi\u00e3o\",\"publisher\":{\"@id\":\"https:\/\/juacontecimentos.com.br\/site\/#organization\"},\"potentialAction\":[{\"@type\":\"SearchAction\",\"target\":{\"@type\":\"EntryPoint\",\"urlTemplate\":\"https:\/\/juacontecimentos.com.br\/site\/?s={search_term_string}\"},\"query-input\":{\"@type\":\"PropertyValueSpecification\",\"valueRequired\":true,\"valueName\":\"search_term_string\"}}],\"inLanguage\":\"pt-BR\"},{\"@type\":\"Organization\",\"@id\":\"https:\/\/juacontecimentos.com.br\/site\/#organization\",\"name\":\"Jornal Ultimos Acontecimentos\",\"url\":\"https:\/\/juacontecimentos.com.br\/site\/\",\"logo\":{\"@type\":\"ImageObject\",\"inLanguage\":\"pt-BR\",\"@id\":\"https:\/\/juacontecimentos.com.br\/site\/#\/schema\/logo\/image\/\",\"url\":\"https:\/\/juacontecimentos.com.br\/site\/wp-content\/uploads\/2023\/04\/Logo_Site.png\",\"contentUrl\":\"https:\/\/juacontecimentos.com.br\/site\/wp-content\/uploads\/2023\/04\/Logo_Site.png\",\"width\":2476,\"height\":530,\"caption\":\"Jornal Ultimos Acontecimentos\"},\"image\":{\"@id\":\"https:\/\/juacontecimentos.com.br\/site\/#\/schema\/logo\/image\/\"},\"sameAs\":[\"https:\/\/www.facebook.com\/jultimosacontecimentos\/\"]},{\"@type\":\"Person\",\"@id\":\"https:\/\/juacontecimentos.com.br\/site\/#\/schema\/person\/082a54e6d3fdd7a633291428521c9669\",\"name\":\"Reginaldo Ribeiro\",\"image\":{\"@type\":\"ImageObject\",\"inLanguage\":\"pt-BR\",\"@id\":\"https:\/\/juacontecimentos.com.br\/site\/#\/schema\/person\/image\/\",\"url\":\"https:\/\/secure.gravatar.com\/avatar\/5c16c6837c3490270a74d888c2a845728f06bdde1f8761de1de1d1d1ef82d12f?s=96&d=mm&r=g\",\"contentUrl\":\"https:\/\/secure.gravatar.com\/avatar\/5c16c6837c3490270a74d888c2a845728f06bdde1f8761de1de1d1d1ef82d12f?s=96&d=mm&r=g\",\"caption\":\"Reginaldo Ribeiro\"}}]}<\/script>\n<!-- \/ Yoast SEO plugin. -->","yoast_head_json":{"title":"\u201cInfelizmente, n\u00e3o teremos a Expo Catal\u00e3o\u201d, diz Sindicato Rural - Jornal Ultimos Acontecimentos","robots":{"index":"index","follow":"follow","max-snippet":"max-snippet:-1","max-image-preview":"max-image-preview:large","max-video-preview":"max-video-preview:-1"},"canonical":"https:\/\/juacontecimentos.com.br\/site\/infelizmente-nao-teremos-expo-catalao-diz-sindicato-rural\/","og_locale":"pt_BR","og_type":"article","og_title":"\u201cInfelizmente, n\u00e3o teremos a Expo Catal\u00e3o\u201d, diz Sindicato Rural - Jornal Ultimos Acontecimentos","og_description":"\u201cN\u00e3o h\u00e1 como fazer essa festa, n\u00e3o h\u00e1 clima para isso, n\u00e3o h\u00e1 legalidade jur\u00eddica. A pandemia novamente nos cortou o sonho de realizar a Expo\u201d, disse o presidente do Sindicato Rural de Catal\u00e3o, logo ap\u00f3s o an\u00fancio, por meio de v\u00eddeo que rodou nas redes sociais, que falou do adiamento da festa por conta","og_url":"https:\/\/juacontecimentos.com.br\/site\/infelizmente-nao-teremos-expo-catalao-diz-sindicato-rural\/","og_site_name":"Jornal Ultimos Acontecimentos","article_publisher":"https:\/\/www.facebook.com\/jultimosacontecimentos\/","article_published_time":"2021-06-30T14:39:09+00:00","article_modified_time":"2021-06-30T14:39:45+00:00","og_image":[{"width":1280,"height":853,"url":"https:\/\/juacontecimentos.com.br\/site\/wp-content\/uploads\/2021\/06\/foto-Renato.jpg","type":"image\/jpeg"}],"author":"Reginaldo Ribeiro","twitter_card":"summary_large_image","twitter_misc":{"Escrito por":"Reginaldo Ribeiro","Est. tempo de leitura":"2 minutos"},"schema":{"@context":"https:\/\/schema.org","@graph":[{"@type":"Article","@id":"https:\/\/juacontecimentos.com.br\/site\/infelizmente-nao-teremos-expo-catalao-diz-sindicato-rural\/#article","isPartOf":{"@id":"https:\/\/juacontecimentos.com.br\/site\/infelizmente-nao-teremos-expo-catalao-diz-sindicato-rural\/"},"author":{"name":"Reginaldo Ribeiro","@id":"https:\/\/juacontecimentos.com.br\/site\/#\/schema\/person\/082a54e6d3fdd7a633291428521c9669"},"headline":"\u201cInfelizmente, n\u00e3o teremos a Expo Catal\u00e3o\u201d, diz Sindicato Rural","datePublished":"2021-06-30T14:39:09+00:00","dateModified":"2021-06-30T14:39:45+00:00","mainEntityOfPage":{"@id":"https:\/\/juacontecimentos.com.br\/site\/infelizmente-nao-teremos-expo-catalao-diz-sindicato-rural\/"},"wordCount":382,"commentCount":0,"publisher":{"@id":"https:\/\/juacontecimentos.com.br\/site\/#organization"},"image":{"@id":"https:\/\/juacontecimentos.com.br\/site\/infelizmente-nao-teremos-expo-catalao-diz-sindicato-rural\/#primaryimage"},"thumbnailUrl":"https:\/\/juacontecimentos.com.br\/site\/wp-content\/uploads\/2021\/06\/foto-Renato.jpg","articleSection":["Brasil","Catal\u00e3o","Destaque","Goi\u00e1s"],"inLanguage":"pt-BR"},{"@type":"WebPage","@id":"https:\/\/juacontecimentos.com.br\/site\/infelizmente-nao-teremos-expo-catalao-diz-sindicato-rural\/","url":"https:\/\/juacontecimentos.com.br\/site\/infelizmente-nao-teremos-expo-catalao-diz-sindicato-rural\/","name":"\u201cInfelizmente, n\u00e3o teremos a Expo Catal\u00e3o\u201d, diz Sindicato Rural - Jornal Ultimos Acontecimentos","isPartOf":{"@id":"https:\/\/juacontecimentos.com.br\/site\/#website"},"primaryImageOfPage":{"@id":"https:\/\/juacontecimentos.com.br\/site\/infelizmente-nao-teremos-expo-catalao-diz-sindicato-rural\/#primaryimage"},"image":{"@id":"https:\/\/juacontecimentos.com.br\/site\/infelizmente-nao-teremos-expo-catalao-diz-sindicato-rural\/#primaryimage"},"thumbnailUrl":"https:\/\/juacontecimentos.com.br\/site\/wp-content\/uploads\/2021\/06\/foto-Renato.jpg","datePublished":"2021-06-30T14:39:09+00:00","dateModified":"2021-06-30T14:39:45+00:00","breadcrumb":{"@id":"https:\/\/juacontecimentos.com.br\/site\/infelizmente-nao-teremos-expo-catalao-diz-sindicato-rural\/#breadcrumb"},"inLanguage":"pt-BR","potentialAction":[{"@type":"ReadAction","target":["https:\/\/juacontecimentos.com.br\/site\/infelizmente-nao-teremos-expo-catalao-diz-sindicato-rural\/"]}]},{"@type":"ImageObject","inLanguage":"pt-BR","@id":"https:\/\/juacontecimentos.com.br\/site\/infelizmente-nao-teremos-expo-catalao-diz-sindicato-rural\/#primaryimage","url":"https:\/\/juacontecimentos.com.br\/site\/wp-content\/uploads\/2021\/06\/foto-Renato.jpg","contentUrl":"https:\/\/juacontecimentos.com.br\/site\/wp-content\/uploads\/2021\/06\/foto-Renato.jpg","width":1280,"height":853},{"@type":"BreadcrumbList","@id":"https:\/\/juacontecimentos.com.br\/site\/infelizmente-nao-teremos-expo-catalao-diz-sindicato-rural\/#breadcrumb","itemListElement":[{"@type":"ListItem","position":1,"name":"In\u00edcio","item":"https:\/\/juacontecimentos.com.br\/site\/"},{"@type":"ListItem","position":2,"name":"\u201cInfelizmente, n\u00e3o teremos a Expo Catal\u00e3o\u201d, diz Sindicato Rural"}]},{"@type":"WebSite","@id":"https:\/\/juacontecimentos.com.br\/site\/#website","url":"https:\/\/juacontecimentos.com.br\/site\/","name":"Jornal Ultimos Acontecimentos","description":"Catal\u00e3o e regi\u00e3o","publisher":{"@id":"https:\/\/juacontecimentos.com.br\/site\/#organization"},"potentialAction":[{"@type":"SearchAction","target":{"@type":"EntryPoint","urlTemplate":"https:\/\/juacontecimentos.com.br\/site\/?s={search_term_string}"},"query-input":{"@type":"PropertyValueSpecification","valueRequired":true,"valueName":"search_term_string"}}],"inLanguage":"pt-BR"},{"@type":"Organization","@id":"https:\/\/juacontecimentos.com.br\/site\/#organization","name":"Jornal Ultimos Acontecimentos","url":"https:\/\/juacontecimentos.com.br\/site\/","logo":{"@type":"ImageObject","inLanguage":"pt-BR","@id":"https:\/\/juacontecimentos.com.br\/site\/#\/schema\/logo\/image\/","url":"https:\/\/juacontecimentos.com.br\/site\/wp-content\/uploads\/2023\/04\/Logo_Site.png","contentUrl":"https:\/\/juacontecimentos.com.br\/site\/wp-content\/uploads\/2023\/04\/Logo_Site.png","width":2476,"height":530,"caption":"Jornal Ultimos Acontecimentos"},"image":{"@id":"https:\/\/juacontecimentos.com.br\/site\/#\/schema\/logo\/image\/"},"sameAs":["https:\/\/www.facebook.com\/jultimosacontecimentos\/"]},{"@type":"Person","@id":"https:\/\/juacontecimentos.com.br\/site\/#\/schema\/person\/082a54e6d3fdd7a633291428521c9669","name":"Reginaldo Ribeiro","image":{"@type":"ImageObject","inLanguage":"pt-BR","@id":"https:\/\/juacontecimentos.com.br\/site\/#\/schema\/person\/image\/","url":"https:\/\/secure.gravatar.com\/avatar\/5c16c6837c3490270a74d888c2a845728f06bdde1f8761de1de1d1d1ef82d12f?s=96&d=mm&r=g","contentUrl":"https:\/\/secure.gravatar.com\/avatar\/5c16c6837c3490270a74d888c2a845728f06bdde1f8761de1de1d1d1ef82d12f?s=96&d=mm&r=g","caption":"Reginaldo Ribeiro"}}]}},"_links":{"self":[{"href":"https:\/\/juacontecimentos.com.br\/site\/wp-json\/wp\/v2\/posts\/15585","targetHints":{"allow":["GET"]}}],"collection":[{"href":"https:\/\/juacontecimentos.com.br\/site\/wp-json\/wp\/v2\/posts"}],"about":[{"href":"https:\/\/juacontecimentos.com.br\/site\/wp-json\/wp\/v2\/types\/post"}],"author":[{"embeddable":true,"href":"https:\/\/juacontecimentos.com.br\/site\/wp-json\/wp\/v2\/users\/2"}],"replies":[{"embeddable":true,"href":"https:\/\/juacontecimentos.com.br\/site\/wp-json\/wp\/v2\/comments?post=15585"}],"version-history":[{"count":1,"href":"https:\/\/juacontecimentos.com.br\/site\/wp-json\/wp\/v2\/posts\/15585\/revisions"}],"predecessor-version":[{"id":15588,"href":"https:\/\/juacontecimentos.com.br\/site\/wp-json\/wp\/v2\/posts\/15585\/revisions\/15588"}],"wp:featuredmedia":[{"embeddable":true,"href":"https:\/\/juacontecimentos.com.br\/site\/wp-json\/wp\/v2\/media\/15587"}],"wp:attachment":[{"href":"https:\/\/juacontecimentos.com.br\/site\/wp-json\/wp\/v2\/media?parent=15585"}],"wp:term":[{"taxonomy":"category","embeddable":true,"href":"https:\/\/juacontecimentos.com.br\/site\/wp-json\/wp\/v2\/categories?post=15585"},{"taxonomy":"post_tag","embeddable":true,"href":"https:\/\/juacontecimentos.com.br\/site\/wp-json\/wp\/v2\/tags?post=15585"}],"curies":[{"name":"wp","href":"https:\/\/api.w.org\/{rel}","templated":true}]}}