{"id":15636,"date":"2021-07-06T06:24:56","date_gmt":"2021-07-06T09:24:56","guid":{"rendered":"https:\/\/juacontecimento.com.br\/site\/?p=15636"},"modified":"2021-07-06T06:24:56","modified_gmt":"2021-07-06T09:24:56","slug":"caiado-e-daniel-sinalizam-alianca-em-discursos-para-eleicao-2022","status":"publish","type":"post","link":"https:\/\/juacontecimentos.com.br\/site\/caiado-e-daniel-sinalizam-alianca-em-discursos-para-eleicao-2022\/","title":{"rendered":"Caiado e Daniel sinalizam alian\u00e7a em discursos para elei\u00e7\u00e3o 2022"},"content":{"rendered":"<h3>Governador e presidente estadual do MDB participaram de evento em Aruan\u00e3, onde foi inaugurado o Centro de Conven\u00e7\u00f5es e Eventos Luiz Alberto Maguito Vilela<img loading=\"lazy\" decoding=\"async\" class=\"alignnone size-full wp-image-15637\" src=\"https:\/\/juacontecimento.com.br\/site\/wp-content\/uploads\/2021\/07\/image.jpeg\" alt=\"\" width=\"800\" height=\"534\" srcset=\"https:\/\/juacontecimentos.com.br\/site\/wp-content\/uploads\/2021\/07\/image.jpeg 800w, https:\/\/juacontecimentos.com.br\/site\/wp-content\/uploads\/2021\/07\/image-300x200.jpeg 300w, https:\/\/juacontecimentos.com.br\/site\/wp-content\/uploads\/2021\/07\/image-768x513.jpeg 768w\" sizes=\"auto, (max-width: 800px) 100vw, 800px\" \/><\/h3>\n<p class=\"TEXTO\">O governador de Goi\u00e1s, Ronaldo Caiado (DEM), e o presidente do MDB no Estado, Daniel Vilela, foram juntos para Aruan\u00e3 nesta segunda-feira (5), onde participaram da inaugura\u00e7\u00e3o do Centro de Conven\u00e7\u00f5es e Eventos Luiz Alberto Maguito Vilela. Os discursos de Caiado e Daniel tiveram tom de alian\u00e7a, possibilidade que foi citada tamb\u00e9m nas falas do prefeito da cidade, Hermano de Carvalho (DEM), e do deputado estadual Francisco Oliveira (PSDB). A convite de Caiado, Daniel foi para a cidade no avi\u00e3o com o governador.<\/p>\n<p class=\"TEXTO\">Uma composi\u00e7\u00e3o entre DEM e MDB \u00e9 articulada por lideran\u00e7as dos partidos nos bastidores para a elei\u00e7\u00e3o de 2022. Existe possibilidade de Daniel ocupar a vaga de vice ou para a disputa ao Senado na chapa de Caiado. O ex-prefeito de Goi\u00e2nia Iris Rezende \u00e9 um dos emedebistas que apoia e articula a alian\u00e7a. Em 2018, Caiado e Daniel foram advers\u00e1rios na disputa pelo governo de Goi\u00e1s.<\/p>\n<p class=\"TEXTO\">Em seu discurso, Daniel agradeceu Caiado pela presen\u00e7a no evento e disse que a gest\u00e3o do democrata \u201cbusca fazer com que nosso Estado seja recolocado nos trilhos, que volte a ser um Estado com capacidade de investimento, que possa atender a todos que necessitam de amparo e apoio\u201d.<\/p>\n<p class=\"TEXTO\">\u201cDe forma suprapartid\u00e1ria, o senhor tem beneficiado, colaborado e contribu\u00eddo com todos os munic\u00edpios do nosso Estado, na medida do poss\u00edvel. Fica aqui o nosso reconhecimento da figura do senhor e ao mesmo tempo nosso reconhecimento ao governo do senhor\u201d, disse Daniel a Caiado. O emedebista tamb\u00e9m agradeceu ao prefeito da cidade pela homenagem a Maguito Vilela, que morreu em janeiro deste ano v\u00edtima da Covid-19.<\/p>\n<p class=\"TEXTO\">O Centro de Conven\u00e7\u00f5es foi constru\u00eddo por meio de conv\u00eanio entre a prefeitura e o governo federal. O investimento total, segundo o munic\u00edpio, foi de cerca de R$ 5 milh\u00f5es. Caiado j\u00e1 havia participado de evento em Aruan\u00e3 na semana passada, quando inaugurou o Col\u00e9gio Estadual Rio Vermelho.<\/p>\n<p class=\"TEXTO\">O governador disse em discurso que fez quest\u00e3o de participar do evento de ontem em \u201creconhecimento a quem faz e a quem fez pol\u00edtica com dignidade, altivez e transpar\u00eancia\u201d. Caiado tamb\u00e9m fez elogios \u00e0 atua\u00e7\u00e3o de Daniel na \u00e9poca em que era deputado federal, afirmando que o emedebista tem \u201cpotencial, capacidade e DNA de honestidade, compet\u00eancia e coragem\u201d.<\/p>\n<p class=\"TEXTO\">Caiado disse ainda que Maguito deixou a Daniel a responsabilidade de \u201ccontinuar a hist\u00f3ria pol\u00edtica no Estado de Goi\u00e1s\u201d. \u201cO que se busca na vida? Exatamente entregar para que cada passo que a gente constr\u00f3i seja sucedido por pessoas que sejam competentes, qualificadas e cada vez mais possam melhorar a vida da popula\u00e7\u00e3o do Estado de Goi\u00e1s\u201d, afirmou o governador.<\/p>\n<p class=\"INTERTITULO\"><b>Apoio<\/b><\/p>\n<p class=\"TEXTO\">O deputado estadual Francisco Oliveira tamb\u00e9m fez elogios a Caiado e Daniel e usou sua fala para demonstrar apoio a formaliza\u00e7\u00e3o de alian\u00e7a entre MDB e DEM. \u201cVoc\u00ea (Daniel) foi longe e vai chegar muito mais. Tenho certeza que voc\u00ea ainda ser\u00e1 governador de Goi\u00e1s, numa parceria conosco nesse projeto\u201d, disse. Se Daniel disputar a pr\u00f3xima elei\u00e7\u00e3o na chapa de Caiado, existe possibilidade de que ele receba apoio do democrata em 2026 na busca pelo comando do Pal\u00e1cio das Esmeraldas.<\/p>\n<p class=\"TEXTO\">Francisco retornou \u00e0 Assembleia no ano passado para ocupar vaga deixada por Diego Sorgatto (DEM), que foi eleito prefeito de Luzi\u00e2nia em 2020. Apesar de ter iniciado o ano na oposi\u00e7\u00e3o, o tucano se aproximou da base no \u00faltimo m\u00eas. Francisco disse ontem tamb\u00e9m que n\u00e3o teve oportunidade de estar com Caiado na elei\u00e7\u00e3o passada \u201cem fun\u00e7\u00e3o de algumas circunst\u00e2ncias\u201d (era aliado dos tucanos Marconi Perillo e Jos\u00e9 Eliton). \u201cMas tenho orgulho de estar com voc\u00ea hoje\u201d, completou.<\/p>\n<p class=\"TEXTO\">Ap\u00f3s Daniel relatar que Hermano e a fam\u00edlia Vilela j\u00e1 se conhecem de longa data, mas nunca estiveram juntos politicamente, o prefeito disse: \u201cAgora acho que n\u00f3s vamos t\u00e1 (sic), agora eu tenho certeza\u201d. \u201cHoje estou ao lado do governador Ronaldo. Queria muito, muito ver o MDB juntinho para que o povo, que tem de ser nosso objetivo, seja bem servido.\u201d Hermano tamb\u00e9m j\u00e1 foi aliado de Marconi e Eliton.<\/p>\n<p class=\"INTERTITULO\"><b>Tradi\u00e7\u00e3o<\/b><\/p>\n<p class=\"TEXTO\">Em evento anterior, em Goi\u00e2nia, para entrega de 210 novos \u00f4nibus escolares, Caiado disse que a tradicional mudan\u00e7a simb\u00f3lica da capital para a cidade de Goi\u00e1s no dia 25 de julho, anivers\u00e1rio do munic\u00edpio, n\u00e3o ocorrer\u00e1. A cidade de Goi\u00e1s foi oficialmente a capital do Estado at\u00e9 1937. A transfer\u00eancia tamb\u00e9m foi cancelada no ano passado por causa da pandemia.<\/p>\n<p class=\"TEXTO\">A reportagem questionou o governo de Goi\u00e1s se todo o processo ser\u00e1 suspenso neste ano ou apenas o evento, mas n\u00e3o houve resposta at\u00e9 o fechamento desta edi\u00e7\u00e3o. Ontem, Caiado disse que pretende inaugurar uma obra na cidade no dia 25.<\/p>\n<p class=\"TEXTO\">\n<p class=\"TEXTO\"><strong>Meirelles ressalta experi\u00eancia\u00a0<\/strong><\/p>\n<p class=\"TEXTO\">Com objetivo de ocupar a vaga de candidato ao Senado na chapa de Ronaldo Caiado (DEM) em 2022, o ex-ministro da Fazenda e atual secret\u00e1rio do Estado de S\u00e3o Paulo, Henrique Meirelles (PSD), usa sua experi\u00eancia como base de seu discurso de pr\u00e9-campanha. Em entrevista ao POPULAR ontem, transmitida ao vivo nas redes sociais do jornal, Meirelles ressaltou o impacto para Goi\u00e1s de sua atua\u00e7\u00e3o nacional.<\/p>\n<p class=\"TEXTO\">Meirelles tamb\u00e9m j\u00e1 foi presidente do Banco Central, posto que assumiu no in\u00edcio do governo do ex-presidente Luiz In\u00e1cio Lula da Silva (PT). Para isso, deixou de tomar posse como deputado federal por Goi\u00e1s. \u201cO benef\u00edcio que eu levei para Goi\u00e1s \u00e9 muito superior \u00e0quele que eu teria conseguido levar caso tivesse exercido o meu mandato de deputado\u201d, disse. Meirelles tamb\u00e9m citou sua atua\u00e7\u00e3o em crises econ\u00f4micas, boa rela\u00e7\u00e3o com investidores e aten\u00e7\u00e3o a empres\u00e1rios goianos.<\/p>\n<p class=\"TEXTO\">A consolida\u00e7\u00e3o dos planos de Meirelles e do PSD goiano depende tamb\u00e9m da articula\u00e7\u00e3o que envolve DEM e MDB. Existem discuss\u00f5es em torno da possibilidade de o presidente estadual emedebista, Daniel Vilela, disputar a pr\u00f3xima elei\u00e7\u00e3o ao Senado na chapa de Caiado ou como o vice do democrata.<\/p>\n<p class=\"TEXTO\">Meirelles esteve em Goi\u00e1s na semana passada, quando fez visita a Caiado no Pal\u00e1cio das Esmeraldas. O ex-ministro classificou a conversa como \u201creencontro de velhos amigos\u201d e disse que os dois lados deixaram \u201cportas abertas\u201d.<\/p>\n<p class=\"TEXTO\">Meirelles se filiou ao PSD em fevereiro deste ano. Atualmente com domic\u00edlio eleitoral em S\u00e3o Paulo, o ex-ministro afirmou que o processo de transfer\u00eancia j\u00e1 foi iniciado e deve ser consolidado em 30 ou 60 dias.<\/p>\n<p class=\"TEXTO\">Na entrevista, Meirelles refutou a possibilidade de disputar a elei\u00e7\u00e3o de 2022 como vice em uma chapa de Lula para a presid\u00eancia da Rep\u00fablica. O ex-ministro disse que nunca conversou com o petista sobre o assunto. Meirelles tamb\u00e9m voltou a afirmar que n\u00e3o pretende disputar o governo de Goi\u00e1s.<\/p>\n<p><\/p>\n","protected":false},"excerpt":{"rendered":"<p>Governador e presidente estadual do MDB participaram de evento em Aruan\u00e3, onde foi inaugurado o Centro de Conven\u00e7\u00f5es e Eventos Luiz Alberto Maguito Vilela O governador de Goi\u00e1s, Ronaldo Caiado (DEM), e o presidente do MDB no Estado, Daniel Vilela, foram juntos para Aruan\u00e3 nesta segunda-feira (5), onde participaram da inaugura\u00e7\u00e3o do Centro de Conven\u00e7\u00f5es<\/p>\n","protected":false},"author":2,"featured_media":15637,"comment_status":"open","ping_status":"open","sticky":false,"template":"","format":"standard","meta":{"footnotes":""},"categories":[26,24,23,21],"tags":[],"class_list":["post-15636","post","type-post","status-publish","format-standard","has-post-thumbnail","hentry","category-destaque","category-edicoes","category-goias","category-videos"],"yoast_head":"<!-- This site is optimized with the Yoast SEO plugin v25.8 - https:\/\/yoast.com\/wordpress\/plugins\/seo\/ -->\n<title>Caiado e Daniel sinalizam alian\u00e7a em discursos para elei\u00e7\u00e3o 2022 - Jornal Ultimos Acontecimentos<\/title>\n<meta name=\"robots\" content=\"index, follow, max-snippet:-1, max-image-preview:large, max-video-preview:-1\" \/>\n<link rel=\"canonical\" href=\"https:\/\/juacontecimentos.com.br\/site\/caiado-e-daniel-sinalizam-alianca-em-discursos-para-eleicao-2022\/\" \/>\n<meta property=\"og:locale\" content=\"pt_BR\" \/>\n<meta property=\"og:type\" content=\"article\" \/>\n<meta property=\"og:title\" content=\"Caiado e Daniel sinalizam alian\u00e7a em discursos para elei\u00e7\u00e3o 2022 - Jornal Ultimos Acontecimentos\" \/>\n<meta property=\"og:description\" content=\"Governador e presidente estadual do MDB participaram de evento em Aruan\u00e3, onde foi inaugurado o Centro de Conven\u00e7\u00f5es e Eventos Luiz Alberto Maguito Vilela O governador de Goi\u00e1s, Ronaldo Caiado (DEM), e o presidente do MDB no Estado, Daniel Vilela, foram juntos para Aruan\u00e3 nesta segunda-feira (5), onde participaram da inaugura\u00e7\u00e3o do Centro de Conven\u00e7\u00f5es\" \/>\n<meta property=\"og:url\" content=\"https:\/\/juacontecimentos.com.br\/site\/caiado-e-daniel-sinalizam-alianca-em-discursos-para-eleicao-2022\/\" \/>\n<meta property=\"og:site_name\" content=\"Jornal Ultimos Acontecimentos\" \/>\n<meta property=\"article:publisher\" content=\"https:\/\/www.facebook.com\/jultimosacontecimentos\/\" \/>\n<meta property=\"article:published_time\" content=\"2021-07-06T09:24:56+00:00\" \/>\n<meta property=\"og:image\" content=\"https:\/\/juacontecimentos.com.br\/site\/wp-content\/uploads\/2021\/07\/image.jpeg\" \/>\n\t<meta property=\"og:image:width\" content=\"800\" \/>\n\t<meta property=\"og:image:height\" content=\"534\" \/>\n\t<meta property=\"og:image:type\" content=\"image\/jpeg\" \/>\n<meta name=\"author\" content=\"Reginaldo Ribeiro\" \/>\n<meta name=\"twitter:card\" content=\"summary_large_image\" \/>\n<meta name=\"twitter:label1\" content=\"Escrito por\" \/>\n\t<meta name=\"twitter:data1\" content=\"Reginaldo Ribeiro\" \/>\n\t<meta name=\"twitter:label2\" content=\"Est. tempo de leitura\" \/>\n\t<meta name=\"twitter:data2\" content=\"6 minutos\" \/>\n<script type=\"application\/ld+json\" class=\"yoast-schema-graph\">{\"@context\":\"https:\/\/schema.org\",\"@graph\":[{\"@type\":\"Article\",\"@id\":\"https:\/\/juacontecimentos.com.br\/site\/caiado-e-daniel-sinalizam-alianca-em-discursos-para-eleicao-2022\/#article\",\"isPartOf\":{\"@id\":\"https:\/\/juacontecimentos.com.br\/site\/caiado-e-daniel-sinalizam-alianca-em-discursos-para-eleicao-2022\/\"},\"author\":{\"name\":\"Reginaldo Ribeiro\",\"@id\":\"https:\/\/juacontecimentos.com.br\/site\/#\/schema\/person\/082a54e6d3fdd7a633291428521c9669\"},\"headline\":\"Caiado e Daniel sinalizam alian\u00e7a em discursos para elei\u00e7\u00e3o 2022\",\"datePublished\":\"2021-07-06T09:24:56+00:00\",\"mainEntityOfPage\":{\"@id\":\"https:\/\/juacontecimentos.com.br\/site\/caiado-e-daniel-sinalizam-alianca-em-discursos-para-eleicao-2022\/\"},\"wordCount\":1199,\"commentCount\":0,\"publisher\":{\"@id\":\"https:\/\/juacontecimentos.com.br\/site\/#organization\"},\"image\":{\"@id\":\"https:\/\/juacontecimentos.com.br\/site\/caiado-e-daniel-sinalizam-alianca-em-discursos-para-eleicao-2022\/#primaryimage\"},\"thumbnailUrl\":\"https:\/\/juacontecimentos.com.br\/site\/wp-content\/uploads\/2021\/07\/image.jpeg\",\"articleSection\":[\"Destaque\",\"Edi\u00e7\u00f5es\",\"Goi\u00e1s\",\"V\u00eddeos\"],\"inLanguage\":\"pt-BR\"},{\"@type\":\"WebPage\",\"@id\":\"https:\/\/juacontecimentos.com.br\/site\/caiado-e-daniel-sinalizam-alianca-em-discursos-para-eleicao-2022\/\",\"url\":\"https:\/\/juacontecimentos.com.br\/site\/caiado-e-daniel-sinalizam-alianca-em-discursos-para-eleicao-2022\/\",\"name\":\"Caiado e Daniel sinalizam alian\u00e7a em discursos para elei\u00e7\u00e3o 2022 - Jornal Ultimos Acontecimentos\",\"isPartOf\":{\"@id\":\"https:\/\/juacontecimentos.com.br\/site\/#website\"},\"primaryImageOfPage\":{\"@id\":\"https:\/\/juacontecimentos.com.br\/site\/caiado-e-daniel-sinalizam-alianca-em-discursos-para-eleicao-2022\/#primaryimage\"},\"image\":{\"@id\":\"https:\/\/juacontecimentos.com.br\/site\/caiado-e-daniel-sinalizam-alianca-em-discursos-para-eleicao-2022\/#primaryimage\"},\"thumbnailUrl\":\"https:\/\/juacontecimentos.com.br\/site\/wp-content\/uploads\/2021\/07\/image.jpeg\",\"datePublished\":\"2021-07-06T09:24:56+00:00\",\"breadcrumb\":{\"@id\":\"https:\/\/juacontecimentos.com.br\/site\/caiado-e-daniel-sinalizam-alianca-em-discursos-para-eleicao-2022\/#breadcrumb\"},\"inLanguage\":\"pt-BR\",\"potentialAction\":[{\"@type\":\"ReadAction\",\"target\":[\"https:\/\/juacontecimentos.com.br\/site\/caiado-e-daniel-sinalizam-alianca-em-discursos-para-eleicao-2022\/\"]}]},{\"@type\":\"ImageObject\",\"inLanguage\":\"pt-BR\",\"@id\":\"https:\/\/juacontecimentos.com.br\/site\/caiado-e-daniel-sinalizam-alianca-em-discursos-para-eleicao-2022\/#primaryimage\",\"url\":\"https:\/\/juacontecimentos.com.br\/site\/wp-content\/uploads\/2021\/07\/image.jpeg\",\"contentUrl\":\"https:\/\/juacontecimentos.com.br\/site\/wp-content\/uploads\/2021\/07\/image.jpeg\",\"width\":800,\"height\":534},{\"@type\":\"BreadcrumbList\",\"@id\":\"https:\/\/juacontecimentos.com.br\/site\/caiado-e-daniel-sinalizam-alianca-em-discursos-para-eleicao-2022\/#breadcrumb\",\"itemListElement\":[{\"@type\":\"ListItem\",\"position\":1,\"name\":\"In\u00edcio\",\"item\":\"https:\/\/juacontecimentos.com.br\/site\/\"},{\"@type\":\"ListItem\",\"position\":2,\"name\":\"Caiado e Daniel sinalizam alian\u00e7a em discursos para elei\u00e7\u00e3o 2022\"}]},{\"@type\":\"WebSite\",\"@id\":\"https:\/\/juacontecimentos.com.br\/site\/#website\",\"url\":\"https:\/\/juacontecimentos.com.br\/site\/\",\"name\":\"Jornal Ultimos Acontecimentos\",\"description\":\"Catal\u00e3o e regi\u00e3o\",\"publisher\":{\"@id\":\"https:\/\/juacontecimentos.com.br\/site\/#organization\"},\"potentialAction\":[{\"@type\":\"SearchAction\",\"target\":{\"@type\":\"EntryPoint\",\"urlTemplate\":\"https:\/\/juacontecimentos.com.br\/site\/?s={search_term_string}\"},\"query-input\":{\"@type\":\"PropertyValueSpecification\",\"valueRequired\":true,\"valueName\":\"search_term_string\"}}],\"inLanguage\":\"pt-BR\"},{\"@type\":\"Organization\",\"@id\":\"https:\/\/juacontecimentos.com.br\/site\/#organization\",\"name\":\"Jornal Ultimos Acontecimentos\",\"url\":\"https:\/\/juacontecimentos.com.br\/site\/\",\"logo\":{\"@type\":\"ImageObject\",\"inLanguage\":\"pt-BR\",\"@id\":\"https:\/\/juacontecimentos.com.br\/site\/#\/schema\/logo\/image\/\",\"url\":\"https:\/\/juacontecimentos.com.br\/site\/wp-content\/uploads\/2023\/04\/Logo_Site.png\",\"contentUrl\":\"https:\/\/juacontecimentos.com.br\/site\/wp-content\/uploads\/2023\/04\/Logo_Site.png\",\"width\":2476,\"height\":530,\"caption\":\"Jornal Ultimos Acontecimentos\"},\"image\":{\"@id\":\"https:\/\/juacontecimentos.com.br\/site\/#\/schema\/logo\/image\/\"},\"sameAs\":[\"https:\/\/www.facebook.com\/jultimosacontecimentos\/\"]},{\"@type\":\"Person\",\"@id\":\"https:\/\/juacontecimentos.com.br\/site\/#\/schema\/person\/082a54e6d3fdd7a633291428521c9669\",\"name\":\"Reginaldo Ribeiro\",\"image\":{\"@type\":\"ImageObject\",\"inLanguage\":\"pt-BR\",\"@id\":\"https:\/\/juacontecimentos.com.br\/site\/#\/schema\/person\/image\/\",\"url\":\"https:\/\/secure.gravatar.com\/avatar\/5c16c6837c3490270a74d888c2a845728f06bdde1f8761de1de1d1d1ef82d12f?s=96&d=mm&r=g\",\"contentUrl\":\"https:\/\/secure.gravatar.com\/avatar\/5c16c6837c3490270a74d888c2a845728f06bdde1f8761de1de1d1d1ef82d12f?s=96&d=mm&r=g\",\"caption\":\"Reginaldo Ribeiro\"}}]}<\/script>\n<!-- \/ Yoast SEO plugin. -->","yoast_head_json":{"title":"Caiado e Daniel sinalizam alian\u00e7a em discursos para elei\u00e7\u00e3o 2022 - Jornal Ultimos Acontecimentos","robots":{"index":"index","follow":"follow","max-snippet":"max-snippet:-1","max-image-preview":"max-image-preview:large","max-video-preview":"max-video-preview:-1"},"canonical":"https:\/\/juacontecimentos.com.br\/site\/caiado-e-daniel-sinalizam-alianca-em-discursos-para-eleicao-2022\/","og_locale":"pt_BR","og_type":"article","og_title":"Caiado e Daniel sinalizam alian\u00e7a em discursos para elei\u00e7\u00e3o 2022 - Jornal Ultimos Acontecimentos","og_description":"Governador e presidente estadual do MDB participaram de evento em Aruan\u00e3, onde foi inaugurado o Centro de Conven\u00e7\u00f5es e Eventos Luiz Alberto Maguito Vilela O governador de Goi\u00e1s, Ronaldo Caiado (DEM), e o presidente do MDB no Estado, Daniel Vilela, foram juntos para Aruan\u00e3 nesta segunda-feira (5), onde participaram da inaugura\u00e7\u00e3o do Centro de Conven\u00e7\u00f5es","og_url":"https:\/\/juacontecimentos.com.br\/site\/caiado-e-daniel-sinalizam-alianca-em-discursos-para-eleicao-2022\/","og_site_name":"Jornal Ultimos Acontecimentos","article_publisher":"https:\/\/www.facebook.com\/jultimosacontecimentos\/","article_published_time":"2021-07-06T09:24:56+00:00","og_image":[{"width":800,"height":534,"url":"https:\/\/juacontecimentos.com.br\/site\/wp-content\/uploads\/2021\/07\/image.jpeg","type":"image\/jpeg"}],"author":"Reginaldo Ribeiro","twitter_card":"summary_large_image","twitter_misc":{"Escrito por":"Reginaldo Ribeiro","Est. tempo de leitura":"6 minutos"},"schema":{"@context":"https:\/\/schema.org","@graph":[{"@type":"Article","@id":"https:\/\/juacontecimentos.com.br\/site\/caiado-e-daniel-sinalizam-alianca-em-discursos-para-eleicao-2022\/#article","isPartOf":{"@id":"https:\/\/juacontecimentos.com.br\/site\/caiado-e-daniel-sinalizam-alianca-em-discursos-para-eleicao-2022\/"},"author":{"name":"Reginaldo Ribeiro","@id":"https:\/\/juacontecimentos.com.br\/site\/#\/schema\/person\/082a54e6d3fdd7a633291428521c9669"},"headline":"Caiado e Daniel sinalizam alian\u00e7a em discursos para elei\u00e7\u00e3o 2022","datePublished":"2021-07-06T09:24:56+00:00","mainEntityOfPage":{"@id":"https:\/\/juacontecimentos.com.br\/site\/caiado-e-daniel-sinalizam-alianca-em-discursos-para-eleicao-2022\/"},"wordCount":1199,"commentCount":0,"publisher":{"@id":"https:\/\/juacontecimentos.com.br\/site\/#organization"},"image":{"@id":"https:\/\/juacontecimentos.com.br\/site\/caiado-e-daniel-sinalizam-alianca-em-discursos-para-eleicao-2022\/#primaryimage"},"thumbnailUrl":"https:\/\/juacontecimentos.com.br\/site\/wp-content\/uploads\/2021\/07\/image.jpeg","articleSection":["Destaque","Edi\u00e7\u00f5es","Goi\u00e1s","V\u00eddeos"],"inLanguage":"pt-BR"},{"@type":"WebPage","@id":"https:\/\/juacontecimentos.com.br\/site\/caiado-e-daniel-sinalizam-alianca-em-discursos-para-eleicao-2022\/","url":"https:\/\/juacontecimentos.com.br\/site\/caiado-e-daniel-sinalizam-alianca-em-discursos-para-eleicao-2022\/","name":"Caiado e Daniel sinalizam alian\u00e7a em discursos para elei\u00e7\u00e3o 2022 - Jornal Ultimos Acontecimentos","isPartOf":{"@id":"https:\/\/juacontecimentos.com.br\/site\/#website"},"primaryImageOfPage":{"@id":"https:\/\/juacontecimentos.com.br\/site\/caiado-e-daniel-sinalizam-alianca-em-discursos-para-eleicao-2022\/#primaryimage"},"image":{"@id":"https:\/\/juacontecimentos.com.br\/site\/caiado-e-daniel-sinalizam-alianca-em-discursos-para-eleicao-2022\/#primaryimage"},"thumbnailUrl":"https:\/\/juacontecimentos.com.br\/site\/wp-content\/uploads\/2021\/07\/image.jpeg","datePublished":"2021-07-06T09:24:56+00:00","breadcrumb":{"@id":"https:\/\/juacontecimentos.com.br\/site\/caiado-e-daniel-sinalizam-alianca-em-discursos-para-eleicao-2022\/#breadcrumb"},"inLanguage":"pt-BR","potentialAction":[{"@type":"ReadAction","target":["https:\/\/juacontecimentos.com.br\/site\/caiado-e-daniel-sinalizam-alianca-em-discursos-para-eleicao-2022\/"]}]},{"@type":"ImageObject","inLanguage":"pt-BR","@id":"https:\/\/juacontecimentos.com.br\/site\/caiado-e-daniel-sinalizam-alianca-em-discursos-para-eleicao-2022\/#primaryimage","url":"https:\/\/juacontecimentos.com.br\/site\/wp-content\/uploads\/2021\/07\/image.jpeg","contentUrl":"https:\/\/juacontecimentos.com.br\/site\/wp-content\/uploads\/2021\/07\/image.jpeg","width":800,"height":534},{"@type":"BreadcrumbList","@id":"https:\/\/juacontecimentos.com.br\/site\/caiado-e-daniel-sinalizam-alianca-em-discursos-para-eleicao-2022\/#breadcrumb","itemListElement":[{"@type":"ListItem","position":1,"name":"In\u00edcio","item":"https:\/\/juacontecimentos.com.br\/site\/"},{"@type":"ListItem","position":2,"name":"Caiado e Daniel sinalizam alian\u00e7a em discursos para elei\u00e7\u00e3o 2022"}]},{"@type":"WebSite","@id":"https:\/\/juacontecimentos.com.br\/site\/#website","url":"https:\/\/juacontecimentos.com.br\/site\/","name":"Jornal Ultimos Acontecimentos","description":"Catal\u00e3o e regi\u00e3o","publisher":{"@id":"https:\/\/juacontecimentos.com.br\/site\/#organization"},"potentialAction":[{"@type":"SearchAction","target":{"@type":"EntryPoint","urlTemplate":"https:\/\/juacontecimentos.com.br\/site\/?s={search_term_string}"},"query-input":{"@type":"PropertyValueSpecification","valueRequired":true,"valueName":"search_term_string"}}],"inLanguage":"pt-BR"},{"@type":"Organization","@id":"https:\/\/juacontecimentos.com.br\/site\/#organization","name":"Jornal Ultimos Acontecimentos","url":"https:\/\/juacontecimentos.com.br\/site\/","logo":{"@type":"ImageObject","inLanguage":"pt-BR","@id":"https:\/\/juacontecimentos.com.br\/site\/#\/schema\/logo\/image\/","url":"https:\/\/juacontecimentos.com.br\/site\/wp-content\/uploads\/2023\/04\/Logo_Site.png","contentUrl":"https:\/\/juacontecimentos.com.br\/site\/wp-content\/uploads\/2023\/04\/Logo_Site.png","width":2476,"height":530,"caption":"Jornal Ultimos Acontecimentos"},"image":{"@id":"https:\/\/juacontecimentos.com.br\/site\/#\/schema\/logo\/image\/"},"sameAs":["https:\/\/www.facebook.com\/jultimosacontecimentos\/"]},{"@type":"Person","@id":"https:\/\/juacontecimentos.com.br\/site\/#\/schema\/person\/082a54e6d3fdd7a633291428521c9669","name":"Reginaldo Ribeiro","image":{"@type":"ImageObject","inLanguage":"pt-BR","@id":"https:\/\/juacontecimentos.com.br\/site\/#\/schema\/person\/image\/","url":"https:\/\/secure.gravatar.com\/avatar\/5c16c6837c3490270a74d888c2a845728f06bdde1f8761de1de1d1d1ef82d12f?s=96&d=mm&r=g","contentUrl":"https:\/\/secure.gravatar.com\/avatar\/5c16c6837c3490270a74d888c2a845728f06bdde1f8761de1de1d1d1ef82d12f?s=96&d=mm&r=g","caption":"Reginaldo Ribeiro"}}]}},"_links":{"self":[{"href":"https:\/\/juacontecimentos.com.br\/site\/wp-json\/wp\/v2\/posts\/15636","targetHints":{"allow":["GET"]}}],"collection":[{"href":"https:\/\/juacontecimentos.com.br\/site\/wp-json\/wp\/v2\/posts"}],"about":[{"href":"https:\/\/juacontecimentos.com.br\/site\/wp-json\/wp\/v2\/types\/post"}],"author":[{"embeddable":true,"href":"https:\/\/juacontecimentos.com.br\/site\/wp-json\/wp\/v2\/users\/2"}],"replies":[{"embeddable":true,"href":"https:\/\/juacontecimentos.com.br\/site\/wp-json\/wp\/v2\/comments?post=15636"}],"version-history":[{"count":1,"href":"https:\/\/juacontecimentos.com.br\/site\/wp-json\/wp\/v2\/posts\/15636\/revisions"}],"predecessor-version":[{"id":15638,"href":"https:\/\/juacontecimentos.com.br\/site\/wp-json\/wp\/v2\/posts\/15636\/revisions\/15638"}],"wp:featuredmedia":[{"embeddable":true,"href":"https:\/\/juacontecimentos.com.br\/site\/wp-json\/wp\/v2\/media\/15637"}],"wp:attachment":[{"href":"https:\/\/juacontecimentos.com.br\/site\/wp-json\/wp\/v2\/media?parent=15636"}],"wp:term":[{"taxonomy":"category","embeddable":true,"href":"https:\/\/juacontecimentos.com.br\/site\/wp-json\/wp\/v2\/categories?post=15636"},{"taxonomy":"post_tag","embeddable":true,"href":"https:\/\/juacontecimentos.com.br\/site\/wp-json\/wp\/v2\/tags?post=15636"}],"curies":[{"name":"wp","href":"https:\/\/api.w.org\/{rel}","templated":true}]}}