{"id":15671,"date":"2021-07-10T15:30:31","date_gmt":"2021-07-10T18:30:31","guid":{"rendered":"https:\/\/juacontecimento.com.br\/site\/?p=15671"},"modified":"2021-07-10T15:54:52","modified_gmt":"2021-07-10T18:54:52","slug":"amigas-reuniram-com-funcionarios-e-criam-campanha-de-doacao-de-fraldas","status":"publish","type":"post","link":"https:\/\/juacontecimentos.com.br\/site\/amigas-reuniram-com-funcionarios-e-criam-campanha-de-doacao-de-fraldas\/","title":{"rendered":"Amigas reuniram com funcion\u00e1rios e criam campanha de doa\u00e7\u00e3o de fraldas"},"content":{"rendered":"<p><strong>Aproximadamente 1000 fraldas foram arrecadadas\u00a0<\/strong><\/p>\n<p><img loading=\"lazy\" decoding=\"async\" class=\"alignnone size-large wp-image-15672\" src=\"https:\/\/juacontecimento.com.br\/site\/wp-content\/uploads\/2021\/07\/IMG-20210710-WA0086-1024x498.jpg\" alt=\"\" width=\"900\" height=\"438\" srcset=\"https:\/\/juacontecimentos.com.br\/site\/wp-content\/uploads\/2021\/07\/IMG-20210710-WA0086-1024x498.jpg 1024w, https:\/\/juacontecimentos.com.br\/site\/wp-content\/uploads\/2021\/07\/IMG-20210710-WA0086-300x146.jpg 300w, https:\/\/juacontecimentos.com.br\/site\/wp-content\/uploads\/2021\/07\/IMG-20210710-WA0086-768x373.jpg 768w, https:\/\/juacontecimentos.com.br\/site\/wp-content\/uploads\/2021\/07\/IMG-20210710-WA0086.jpg 1280w\" sizes=\"auto, (max-width: 900px) 100vw, 900px\" \/><\/p>\n<div>Um clamor foi levantado por dirigentes do Asilo Antero de Carvalho para que a popula\u00e7\u00e3o ajudasse com doa\u00e7\u00f5es para a entidade que sobrevive de doa\u00e7\u00f5es. Entre as solicita\u00e7\u00f5es, estavam o pedido de fraldas geri\u00e1tricas.<\/div>\n<div><\/div>\n<div>Diante disso, tr\u00eas amigas: Samara Sampaio, Fabricia Assun\u00e7\u00e3o e Fabiana Paranhos tiveram a ideia de criar uma Campanha junto a seus funcion\u00e1rios para arrecadar pacotes de fraldas.<\/div>\n<div><\/div>\n<div>&#8220;O trabalho feito no Asilo Antero de Carvalho \u00e9\u00a0 lindo, diferenciado,\u00a0 \u00a0eles acolhem a todos que precisam. E n\u00e3o tem como voc\u00ea ver que est\u00e3o precisando e ser indiferente. S\u00f3 unimos for\u00e7a para fazer aquilo que deve ser feito em prol do nosso pr\u00f3ximo. Nossas equipes abra\u00e7aram na hora a campanha e o resultado nos deixou realizadas, destacou Samara Sampaio, uma das idealizadoras da a\u00e7\u00e3o.<\/div>\n<div><img loading=\"lazy\" decoding=\"async\" class=\"alignnone size-large wp-image-15675\" src=\"https:\/\/juacontecimento.com.br\/site\/wp-content\/uploads\/2021\/07\/IMG-20210710-WA0085-1024x768.jpg\" alt=\"\" width=\"900\" height=\"675\" srcset=\"https:\/\/juacontecimentos.com.br\/site\/wp-content\/uploads\/2021\/07\/IMG-20210710-WA0085.jpg 1024w, https:\/\/juacontecimentos.com.br\/site\/wp-content\/uploads\/2021\/07\/IMG-20210710-WA0085-300x225.jpg 300w, https:\/\/juacontecimentos.com.br\/site\/wp-content\/uploads\/2021\/07\/IMG-20210710-WA0085-768x576.jpg 768w\" sizes=\"auto, (max-width: 900px) 100vw, 900px\" \/><\/div>\n<div>Na tarde desta sexta-feira, enquanto a nossa equipe visitava a unidade, as amigas chegaram com seus carros lotados com embalagens que somaram aproximadamente 1000 fraldas.<\/div>\n<div><\/div>\n<div>&#8220;\u00c9 muito bom poder ajudar e estimular nossos funcion\u00e1rios a fazer o mesmo, principalmente, quando a causa e t\u00e3o nobre. Essa \u00e9 institui\u00e7\u00e3o important\u00edssima para aqueles que v\u00eaem aqui o seu lar&#8221;, ressaltou Fabr\u00edcia. <img loading=\"lazy\" decoding=\"async\" class=\"alignnone size-large wp-image-15674\" src=\"https:\/\/juacontecimento.com.br\/site\/wp-content\/uploads\/2021\/07\/IMG-20210710-WA0087-1024x768.jpg\" alt=\"\" width=\"900\" height=\"675\" srcset=\"https:\/\/juacontecimentos.com.br\/site\/wp-content\/uploads\/2021\/07\/IMG-20210710-WA0087.jpg 1024w, https:\/\/juacontecimentos.com.br\/site\/wp-content\/uploads\/2021\/07\/IMG-20210710-WA0087-300x225.jpg 300w, https:\/\/juacontecimentos.com.br\/site\/wp-content\/uploads\/2021\/07\/IMG-20210710-WA0087-768x576.jpg 768w\" sizes=\"auto, (max-width: 900px) 100vw, 900px\" \/><\/div>\n<div><\/div>\n<div>As amigas foram recepcionadas por presidente do Asilo Cleonaldo Riccioto<\/div>\n<div>que agradeceu as doa\u00e7\u00e3o e ponderou:<\/div>\n<div><\/div>\n<div>&#8220;Doa\u00e7\u00e3o que chega aqui \u00e9 muito bem-vinda e essa ser\u00e1 muito importante e esta ajudando muito. Quero agradecer a elas seus funcion\u00e1rios. E, em nome delas, agrade\u00e7o a todas as doa\u00e7\u00f5es que chegam aqui. A popula\u00e7\u00e3o de Catal\u00e3o \u00e9 muito caridosa e sempre acolhem nossos pedidos com muito amor&#8221;.<\/div>\n<div><\/div>\n<div>O presidente convidou as amigas para conhecer as obras da nova sede que j\u00e1 est\u00e3o bem adiantas.<\/div>\n<div><img loading=\"lazy\" decoding=\"async\" class=\"alignnone size-large wp-image-15673\" src=\"https:\/\/juacontecimento.com.br\/site\/wp-content\/uploads\/2021\/07\/IMG-20210710-WA0083-1024x768.jpg\" alt=\"\" width=\"900\" height=\"675\" srcset=\"https:\/\/juacontecimentos.com.br\/site\/wp-content\/uploads\/2021\/07\/IMG-20210710-WA0083.jpg 1024w, https:\/\/juacontecimentos.com.br\/site\/wp-content\/uploads\/2021\/07\/IMG-20210710-WA0083-300x225.jpg 300w, https:\/\/juacontecimentos.com.br\/site\/wp-content\/uploads\/2021\/07\/IMG-20210710-WA0083-768x576.jpg 768w\" sizes=\"auto, (max-width: 900px) 100vw, 900px\" \/><\/div>\n<div>&#8220;Estamos encantadas. Isso \u00e9 reflexo da credibilidade e dedica\u00e7\u00e3o do trabalho que o Cleonaldo e da diretoria tem com a sociedade. Est\u00e3o de parab\u00e9ns com essa obra linda que vai trazer muita dignidade para os internos&#8221;, finalizaram as amigas.<img loading=\"lazy\" decoding=\"async\" class=\"alignnone size-large wp-image-15676\" src=\"https:\/\/juacontecimento.com.br\/site\/wp-content\/uploads\/2021\/07\/IMG-20210710-WA0081-1024x768.jpg\" alt=\"\" width=\"900\" height=\"675\" srcset=\"https:\/\/juacontecimentos.com.br\/site\/wp-content\/uploads\/2021\/07\/IMG-20210710-WA0081.jpg 1024w, https:\/\/juacontecimentos.com.br\/site\/wp-content\/uploads\/2021\/07\/IMG-20210710-WA0081-300x225.jpg 300w, https:\/\/juacontecimentos.com.br\/site\/wp-content\/uploads\/2021\/07\/IMG-20210710-WA0081-768x576.jpg 768w\" sizes=\"auto, (max-width: 900px) 100vw, 900px\" \/><\/div>\n<p><\/p>\n","protected":false},"excerpt":{"rendered":"<p>Aproximadamente 1000 fraldas foram arrecadadas\u00a0 Um clamor foi levantado por dirigentes do Asilo Antero de Carvalho para que a popula\u00e7\u00e3o ajudasse com doa\u00e7\u00f5es para a entidade que sobrevive de doa\u00e7\u00f5es. Entre as solicita\u00e7\u00f5es, estavam o pedido de fraldas geri\u00e1tricas. Diante disso, tr\u00eas amigas: Samara Sampaio, Fabricia Assun\u00e7\u00e3o e Fabiana Paranhos tiveram a ideia de criar<\/p>\n","protected":false},"author":2,"featured_media":15672,"comment_status":"open","ping_status":"open","sticky":false,"template":"","format":"standard","meta":{"footnotes":""},"categories":[27,22,26,23],"tags":[],"class_list":["post-15671","post","type-post","status-publish","format-standard","has-post-thumbnail","hentry","category-brasil","category-catalao","category-destaque","category-goias"],"yoast_head":"<!-- This site is optimized with the Yoast SEO plugin v25.8 - https:\/\/yoast.com\/wordpress\/plugins\/seo\/ -->\n<title>Amigas reuniram com funcion\u00e1rios e criam campanha de doa\u00e7\u00e3o de fraldas - Jornal Ultimos Acontecimentos<\/title>\n<meta name=\"robots\" content=\"index, follow, max-snippet:-1, max-image-preview:large, max-video-preview:-1\" \/>\n<link rel=\"canonical\" href=\"https:\/\/juacontecimentos.com.br\/site\/amigas-reuniram-com-funcionarios-e-criam-campanha-de-doacao-de-fraldas\/\" \/>\n<meta property=\"og:locale\" content=\"pt_BR\" \/>\n<meta property=\"og:type\" content=\"article\" \/>\n<meta property=\"og:title\" content=\"Amigas reuniram com funcion\u00e1rios e criam campanha de doa\u00e7\u00e3o de fraldas - Jornal Ultimos Acontecimentos\" \/>\n<meta property=\"og:description\" content=\"Aproximadamente 1000 fraldas foram arrecadadas\u00a0 Um clamor foi levantado por dirigentes do Asilo Antero de Carvalho para que a popula\u00e7\u00e3o ajudasse com doa\u00e7\u00f5es para a entidade que sobrevive de doa\u00e7\u00f5es. Entre as solicita\u00e7\u00f5es, estavam o pedido de fraldas geri\u00e1tricas. Diante disso, tr\u00eas amigas: Samara Sampaio, Fabricia Assun\u00e7\u00e3o e Fabiana Paranhos tiveram a ideia de criar\" \/>\n<meta property=\"og:url\" content=\"https:\/\/juacontecimentos.com.br\/site\/amigas-reuniram-com-funcionarios-e-criam-campanha-de-doacao-de-fraldas\/\" \/>\n<meta property=\"og:site_name\" content=\"Jornal Ultimos Acontecimentos\" \/>\n<meta property=\"article:publisher\" content=\"https:\/\/www.facebook.com\/jultimosacontecimentos\/\" \/>\n<meta property=\"article:published_time\" content=\"2021-07-10T18:30:31+00:00\" \/>\n<meta property=\"article:modified_time\" content=\"2021-07-10T18:54:52+00:00\" \/>\n<meta property=\"og:image\" content=\"https:\/\/juacontecimentos.com.br\/site\/wp-content\/uploads\/2021\/07\/IMG-20210710-WA0086.jpg\" \/>\n\t<meta property=\"og:image:width\" content=\"1280\" \/>\n\t<meta property=\"og:image:height\" content=\"622\" \/>\n\t<meta property=\"og:image:type\" content=\"image\/jpeg\" \/>\n<meta name=\"author\" content=\"Reginaldo Ribeiro\" \/>\n<meta name=\"twitter:card\" content=\"summary_large_image\" \/>\n<meta name=\"twitter:label1\" content=\"Escrito por\" \/>\n\t<meta name=\"twitter:data1\" content=\"Reginaldo Ribeiro\" \/>\n\t<meta name=\"twitter:label2\" content=\"Est. tempo de leitura\" \/>\n\t<meta name=\"twitter:data2\" content=\"2 minutos\" \/>\n<script type=\"application\/ld+json\" class=\"yoast-schema-graph\">{\"@context\":\"https:\/\/schema.org\",\"@graph\":[{\"@type\":\"Article\",\"@id\":\"https:\/\/juacontecimentos.com.br\/site\/amigas-reuniram-com-funcionarios-e-criam-campanha-de-doacao-de-fraldas\/#article\",\"isPartOf\":{\"@id\":\"https:\/\/juacontecimentos.com.br\/site\/amigas-reuniram-com-funcionarios-e-criam-campanha-de-doacao-de-fraldas\/\"},\"author\":{\"name\":\"Reginaldo Ribeiro\",\"@id\":\"https:\/\/juacontecimentos.com.br\/site\/#\/schema\/person\/082a54e6d3fdd7a633291428521c9669\"},\"headline\":\"Amigas reuniram com funcion\u00e1rios e criam campanha de doa\u00e7\u00e3o de fraldas\",\"datePublished\":\"2021-07-10T18:30:31+00:00\",\"dateModified\":\"2021-07-10T18:54:52+00:00\",\"mainEntityOfPage\":{\"@id\":\"https:\/\/juacontecimentos.com.br\/site\/amigas-reuniram-com-funcionarios-e-criam-campanha-de-doacao-de-fraldas\/\"},\"wordCount\":347,\"commentCount\":0,\"publisher\":{\"@id\":\"https:\/\/juacontecimentos.com.br\/site\/#organization\"},\"image\":{\"@id\":\"https:\/\/juacontecimentos.com.br\/site\/amigas-reuniram-com-funcionarios-e-criam-campanha-de-doacao-de-fraldas\/#primaryimage\"},\"thumbnailUrl\":\"https:\/\/juacontecimentos.com.br\/site\/wp-content\/uploads\/2021\/07\/IMG-20210710-WA0086.jpg\",\"articleSection\":[\"Brasil\",\"Catal\u00e3o\",\"Destaque\",\"Goi\u00e1s\"],\"inLanguage\":\"pt-BR\"},{\"@type\":\"WebPage\",\"@id\":\"https:\/\/juacontecimentos.com.br\/site\/amigas-reuniram-com-funcionarios-e-criam-campanha-de-doacao-de-fraldas\/\",\"url\":\"https:\/\/juacontecimentos.com.br\/site\/amigas-reuniram-com-funcionarios-e-criam-campanha-de-doacao-de-fraldas\/\",\"name\":\"Amigas reuniram com funcion\u00e1rios e criam campanha de doa\u00e7\u00e3o de fraldas - Jornal Ultimos Acontecimentos\",\"isPartOf\":{\"@id\":\"https:\/\/juacontecimentos.com.br\/site\/#website\"},\"primaryImageOfPage\":{\"@id\":\"https:\/\/juacontecimentos.com.br\/site\/amigas-reuniram-com-funcionarios-e-criam-campanha-de-doacao-de-fraldas\/#primaryimage\"},\"image\":{\"@id\":\"https:\/\/juacontecimentos.com.br\/site\/amigas-reuniram-com-funcionarios-e-criam-campanha-de-doacao-de-fraldas\/#primaryimage\"},\"thumbnailUrl\":\"https:\/\/juacontecimentos.com.br\/site\/wp-content\/uploads\/2021\/07\/IMG-20210710-WA0086.jpg\",\"datePublished\":\"2021-07-10T18:30:31+00:00\",\"dateModified\":\"2021-07-10T18:54:52+00:00\",\"breadcrumb\":{\"@id\":\"https:\/\/juacontecimentos.com.br\/site\/amigas-reuniram-com-funcionarios-e-criam-campanha-de-doacao-de-fraldas\/#breadcrumb\"},\"inLanguage\":\"pt-BR\",\"potentialAction\":[{\"@type\":\"ReadAction\",\"target\":[\"https:\/\/juacontecimentos.com.br\/site\/amigas-reuniram-com-funcionarios-e-criam-campanha-de-doacao-de-fraldas\/\"]}]},{\"@type\":\"ImageObject\",\"inLanguage\":\"pt-BR\",\"@id\":\"https:\/\/juacontecimentos.com.br\/site\/amigas-reuniram-com-funcionarios-e-criam-campanha-de-doacao-de-fraldas\/#primaryimage\",\"url\":\"https:\/\/juacontecimentos.com.br\/site\/wp-content\/uploads\/2021\/07\/IMG-20210710-WA0086.jpg\",\"contentUrl\":\"https:\/\/juacontecimentos.com.br\/site\/wp-content\/uploads\/2021\/07\/IMG-20210710-WA0086.jpg\",\"width\":1280,\"height\":622},{\"@type\":\"BreadcrumbList\",\"@id\":\"https:\/\/juacontecimentos.com.br\/site\/amigas-reuniram-com-funcionarios-e-criam-campanha-de-doacao-de-fraldas\/#breadcrumb\",\"itemListElement\":[{\"@type\":\"ListItem\",\"position\":1,\"name\":\"In\u00edcio\",\"item\":\"https:\/\/juacontecimentos.com.br\/site\/\"},{\"@type\":\"ListItem\",\"position\":2,\"name\":\"Amigas reuniram com funcion\u00e1rios e criam campanha de doa\u00e7\u00e3o de fraldas\"}]},{\"@type\":\"WebSite\",\"@id\":\"https:\/\/juacontecimentos.com.br\/site\/#website\",\"url\":\"https:\/\/juacontecimentos.com.br\/site\/\",\"name\":\"Jornal Ultimos Acontecimentos\",\"description\":\"Catal\u00e3o e regi\u00e3o\",\"publisher\":{\"@id\":\"https:\/\/juacontecimentos.com.br\/site\/#organization\"},\"potentialAction\":[{\"@type\":\"SearchAction\",\"target\":{\"@type\":\"EntryPoint\",\"urlTemplate\":\"https:\/\/juacontecimentos.com.br\/site\/?s={search_term_string}\"},\"query-input\":{\"@type\":\"PropertyValueSpecification\",\"valueRequired\":true,\"valueName\":\"search_term_string\"}}],\"inLanguage\":\"pt-BR\"},{\"@type\":\"Organization\",\"@id\":\"https:\/\/juacontecimentos.com.br\/site\/#organization\",\"name\":\"Jornal Ultimos Acontecimentos\",\"url\":\"https:\/\/juacontecimentos.com.br\/site\/\",\"logo\":{\"@type\":\"ImageObject\",\"inLanguage\":\"pt-BR\",\"@id\":\"https:\/\/juacontecimentos.com.br\/site\/#\/schema\/logo\/image\/\",\"url\":\"https:\/\/juacontecimentos.com.br\/site\/wp-content\/uploads\/2023\/04\/Logo_Site.png\",\"contentUrl\":\"https:\/\/juacontecimentos.com.br\/site\/wp-content\/uploads\/2023\/04\/Logo_Site.png\",\"width\":2476,\"height\":530,\"caption\":\"Jornal Ultimos Acontecimentos\"},\"image\":{\"@id\":\"https:\/\/juacontecimentos.com.br\/site\/#\/schema\/logo\/image\/\"},\"sameAs\":[\"https:\/\/www.facebook.com\/jultimosacontecimentos\/\"]},{\"@type\":\"Person\",\"@id\":\"https:\/\/juacontecimentos.com.br\/site\/#\/schema\/person\/082a54e6d3fdd7a633291428521c9669\",\"name\":\"Reginaldo Ribeiro\",\"image\":{\"@type\":\"ImageObject\",\"inLanguage\":\"pt-BR\",\"@id\":\"https:\/\/juacontecimentos.com.br\/site\/#\/schema\/person\/image\/\",\"url\":\"https:\/\/secure.gravatar.com\/avatar\/5c16c6837c3490270a74d888c2a845728f06bdde1f8761de1de1d1d1ef82d12f?s=96&d=mm&r=g\",\"contentUrl\":\"https:\/\/secure.gravatar.com\/avatar\/5c16c6837c3490270a74d888c2a845728f06bdde1f8761de1de1d1d1ef82d12f?s=96&d=mm&r=g\",\"caption\":\"Reginaldo Ribeiro\"}}]}<\/script>\n<!-- \/ Yoast SEO plugin. -->","yoast_head_json":{"title":"Amigas reuniram com funcion\u00e1rios e criam campanha de doa\u00e7\u00e3o de fraldas - Jornal Ultimos Acontecimentos","robots":{"index":"index","follow":"follow","max-snippet":"max-snippet:-1","max-image-preview":"max-image-preview:large","max-video-preview":"max-video-preview:-1"},"canonical":"https:\/\/juacontecimentos.com.br\/site\/amigas-reuniram-com-funcionarios-e-criam-campanha-de-doacao-de-fraldas\/","og_locale":"pt_BR","og_type":"article","og_title":"Amigas reuniram com funcion\u00e1rios e criam campanha de doa\u00e7\u00e3o de fraldas - Jornal Ultimos Acontecimentos","og_description":"Aproximadamente 1000 fraldas foram arrecadadas\u00a0 Um clamor foi levantado por dirigentes do Asilo Antero de Carvalho para que a popula\u00e7\u00e3o ajudasse com doa\u00e7\u00f5es para a entidade que sobrevive de doa\u00e7\u00f5es. Entre as solicita\u00e7\u00f5es, estavam o pedido de fraldas geri\u00e1tricas. Diante disso, tr\u00eas amigas: Samara Sampaio, Fabricia Assun\u00e7\u00e3o e Fabiana Paranhos tiveram a ideia de criar","og_url":"https:\/\/juacontecimentos.com.br\/site\/amigas-reuniram-com-funcionarios-e-criam-campanha-de-doacao-de-fraldas\/","og_site_name":"Jornal Ultimos Acontecimentos","article_publisher":"https:\/\/www.facebook.com\/jultimosacontecimentos\/","article_published_time":"2021-07-10T18:30:31+00:00","article_modified_time":"2021-07-10T18:54:52+00:00","og_image":[{"width":1280,"height":622,"url":"https:\/\/juacontecimentos.com.br\/site\/wp-content\/uploads\/2021\/07\/IMG-20210710-WA0086.jpg","type":"image\/jpeg"}],"author":"Reginaldo Ribeiro","twitter_card":"summary_large_image","twitter_misc":{"Escrito por":"Reginaldo Ribeiro","Est. tempo de leitura":"2 minutos"},"schema":{"@context":"https:\/\/schema.org","@graph":[{"@type":"Article","@id":"https:\/\/juacontecimentos.com.br\/site\/amigas-reuniram-com-funcionarios-e-criam-campanha-de-doacao-de-fraldas\/#article","isPartOf":{"@id":"https:\/\/juacontecimentos.com.br\/site\/amigas-reuniram-com-funcionarios-e-criam-campanha-de-doacao-de-fraldas\/"},"author":{"name":"Reginaldo Ribeiro","@id":"https:\/\/juacontecimentos.com.br\/site\/#\/schema\/person\/082a54e6d3fdd7a633291428521c9669"},"headline":"Amigas reuniram com funcion\u00e1rios e criam campanha de doa\u00e7\u00e3o de fraldas","datePublished":"2021-07-10T18:30:31+00:00","dateModified":"2021-07-10T18:54:52+00:00","mainEntityOfPage":{"@id":"https:\/\/juacontecimentos.com.br\/site\/amigas-reuniram-com-funcionarios-e-criam-campanha-de-doacao-de-fraldas\/"},"wordCount":347,"commentCount":0,"publisher":{"@id":"https:\/\/juacontecimentos.com.br\/site\/#organization"},"image":{"@id":"https:\/\/juacontecimentos.com.br\/site\/amigas-reuniram-com-funcionarios-e-criam-campanha-de-doacao-de-fraldas\/#primaryimage"},"thumbnailUrl":"https:\/\/juacontecimentos.com.br\/site\/wp-content\/uploads\/2021\/07\/IMG-20210710-WA0086.jpg","articleSection":["Brasil","Catal\u00e3o","Destaque","Goi\u00e1s"],"inLanguage":"pt-BR"},{"@type":"WebPage","@id":"https:\/\/juacontecimentos.com.br\/site\/amigas-reuniram-com-funcionarios-e-criam-campanha-de-doacao-de-fraldas\/","url":"https:\/\/juacontecimentos.com.br\/site\/amigas-reuniram-com-funcionarios-e-criam-campanha-de-doacao-de-fraldas\/","name":"Amigas reuniram com funcion\u00e1rios e criam campanha de doa\u00e7\u00e3o de fraldas - Jornal Ultimos Acontecimentos","isPartOf":{"@id":"https:\/\/juacontecimentos.com.br\/site\/#website"},"primaryImageOfPage":{"@id":"https:\/\/juacontecimentos.com.br\/site\/amigas-reuniram-com-funcionarios-e-criam-campanha-de-doacao-de-fraldas\/#primaryimage"},"image":{"@id":"https:\/\/juacontecimentos.com.br\/site\/amigas-reuniram-com-funcionarios-e-criam-campanha-de-doacao-de-fraldas\/#primaryimage"},"thumbnailUrl":"https:\/\/juacontecimentos.com.br\/site\/wp-content\/uploads\/2021\/07\/IMG-20210710-WA0086.jpg","datePublished":"2021-07-10T18:30:31+00:00","dateModified":"2021-07-10T18:54:52+00:00","breadcrumb":{"@id":"https:\/\/juacontecimentos.com.br\/site\/amigas-reuniram-com-funcionarios-e-criam-campanha-de-doacao-de-fraldas\/#breadcrumb"},"inLanguage":"pt-BR","potentialAction":[{"@type":"ReadAction","target":["https:\/\/juacontecimentos.com.br\/site\/amigas-reuniram-com-funcionarios-e-criam-campanha-de-doacao-de-fraldas\/"]}]},{"@type":"ImageObject","inLanguage":"pt-BR","@id":"https:\/\/juacontecimentos.com.br\/site\/amigas-reuniram-com-funcionarios-e-criam-campanha-de-doacao-de-fraldas\/#primaryimage","url":"https:\/\/juacontecimentos.com.br\/site\/wp-content\/uploads\/2021\/07\/IMG-20210710-WA0086.jpg","contentUrl":"https:\/\/juacontecimentos.com.br\/site\/wp-content\/uploads\/2021\/07\/IMG-20210710-WA0086.jpg","width":1280,"height":622},{"@type":"BreadcrumbList","@id":"https:\/\/juacontecimentos.com.br\/site\/amigas-reuniram-com-funcionarios-e-criam-campanha-de-doacao-de-fraldas\/#breadcrumb","itemListElement":[{"@type":"ListItem","position":1,"name":"In\u00edcio","item":"https:\/\/juacontecimentos.com.br\/site\/"},{"@type":"ListItem","position":2,"name":"Amigas reuniram com funcion\u00e1rios e criam campanha de doa\u00e7\u00e3o de fraldas"}]},{"@type":"WebSite","@id":"https:\/\/juacontecimentos.com.br\/site\/#website","url":"https:\/\/juacontecimentos.com.br\/site\/","name":"Jornal Ultimos Acontecimentos","description":"Catal\u00e3o e regi\u00e3o","publisher":{"@id":"https:\/\/juacontecimentos.com.br\/site\/#organization"},"potentialAction":[{"@type":"SearchAction","target":{"@type":"EntryPoint","urlTemplate":"https:\/\/juacontecimentos.com.br\/site\/?s={search_term_string}"},"query-input":{"@type":"PropertyValueSpecification","valueRequired":true,"valueName":"search_term_string"}}],"inLanguage":"pt-BR"},{"@type":"Organization","@id":"https:\/\/juacontecimentos.com.br\/site\/#organization","name":"Jornal Ultimos Acontecimentos","url":"https:\/\/juacontecimentos.com.br\/site\/","logo":{"@type":"ImageObject","inLanguage":"pt-BR","@id":"https:\/\/juacontecimentos.com.br\/site\/#\/schema\/logo\/image\/","url":"https:\/\/juacontecimentos.com.br\/site\/wp-content\/uploads\/2023\/04\/Logo_Site.png","contentUrl":"https:\/\/juacontecimentos.com.br\/site\/wp-content\/uploads\/2023\/04\/Logo_Site.png","width":2476,"height":530,"caption":"Jornal Ultimos Acontecimentos"},"image":{"@id":"https:\/\/juacontecimentos.com.br\/site\/#\/schema\/logo\/image\/"},"sameAs":["https:\/\/www.facebook.com\/jultimosacontecimentos\/"]},{"@type":"Person","@id":"https:\/\/juacontecimentos.com.br\/site\/#\/schema\/person\/082a54e6d3fdd7a633291428521c9669","name":"Reginaldo Ribeiro","image":{"@type":"ImageObject","inLanguage":"pt-BR","@id":"https:\/\/juacontecimentos.com.br\/site\/#\/schema\/person\/image\/","url":"https:\/\/secure.gravatar.com\/avatar\/5c16c6837c3490270a74d888c2a845728f06bdde1f8761de1de1d1d1ef82d12f?s=96&d=mm&r=g","contentUrl":"https:\/\/secure.gravatar.com\/avatar\/5c16c6837c3490270a74d888c2a845728f06bdde1f8761de1de1d1d1ef82d12f?s=96&d=mm&r=g","caption":"Reginaldo Ribeiro"}}]}},"_links":{"self":[{"href":"https:\/\/juacontecimentos.com.br\/site\/wp-json\/wp\/v2\/posts\/15671","targetHints":{"allow":["GET"]}}],"collection":[{"href":"https:\/\/juacontecimentos.com.br\/site\/wp-json\/wp\/v2\/posts"}],"about":[{"href":"https:\/\/juacontecimentos.com.br\/site\/wp-json\/wp\/v2\/types\/post"}],"author":[{"embeddable":true,"href":"https:\/\/juacontecimentos.com.br\/site\/wp-json\/wp\/v2\/users\/2"}],"replies":[{"embeddable":true,"href":"https:\/\/juacontecimentos.com.br\/site\/wp-json\/wp\/v2\/comments?post=15671"}],"version-history":[{"count":2,"href":"https:\/\/juacontecimentos.com.br\/site\/wp-json\/wp\/v2\/posts\/15671\/revisions"}],"predecessor-version":[{"id":15695,"href":"https:\/\/juacontecimentos.com.br\/site\/wp-json\/wp\/v2\/posts\/15671\/revisions\/15695"}],"wp:featuredmedia":[{"embeddable":true,"href":"https:\/\/juacontecimentos.com.br\/site\/wp-json\/wp\/v2\/media\/15672"}],"wp:attachment":[{"href":"https:\/\/juacontecimentos.com.br\/site\/wp-json\/wp\/v2\/media?parent=15671"}],"wp:term":[{"taxonomy":"category","embeddable":true,"href":"https:\/\/juacontecimentos.com.br\/site\/wp-json\/wp\/v2\/categories?post=15671"},{"taxonomy":"post_tag","embeddable":true,"href":"https:\/\/juacontecimentos.com.br\/site\/wp-json\/wp\/v2\/tags?post=15671"}],"curies":[{"name":"wp","href":"https:\/\/api.w.org\/{rel}","templated":true}]}}