{"id":15989,"date":"2021-08-01T06:52:19","date_gmt":"2021-08-01T09:52:19","guid":{"rendered":"https:\/\/juacontecimento.com.br\/site\/?p=15989"},"modified":"2021-08-01T06:52:19","modified_gmt":"2021-08-01T09:52:19","slug":"tres-regioes-de-goias-deixam-zona-vermelha-no-mapa-de-risco","status":"publish","type":"post","link":"https:\/\/juacontecimentos.com.br\/site\/tres-regioes-de-goias-deixam-zona-vermelha-no-mapa-de-risco\/","title":{"rendered":"Tr\u00eas regi\u00f5es de Goi\u00e1s deixam zona vermelha no mapa de risco"},"content":{"rendered":"<p><img loading=\"lazy\" decoding=\"async\" class=\"alignnone size-full wp-image-15990\" src=\"https:\/\/juacontecimento.com.br\/site\/wp-content\/uploads\/2021\/08\/mapa-de-risco-goias-1.png\" alt=\"\" width=\"614\" height=\"386\" srcset=\"https:\/\/juacontecimentos.com.br\/site\/wp-content\/uploads\/2021\/08\/mapa-de-risco-goias-1.png 614w, https:\/\/juacontecimentos.com.br\/site\/wp-content\/uploads\/2021\/08\/mapa-de-risco-goias-1-300x189.png 300w\" sizes=\"auto, (max-width: 614px) 100vw, 614px\" \/><\/p>\n<p>A atualiza\u00e7\u00e3o desta sexta-feira (30) do mapa de risco da Secretaria Estadual de Sa\u00fade (SES-GO) tirou tr\u00eas regi\u00f5es da zona vermelha. As regionais Nordeste I (Campos Belos), Entorno Norte (Formosa) e Estrada de Ferro (Catal\u00e3o) n\u00e3o est\u00e3o mais em situa\u00e7\u00e3o de calamidade, conforme os crit\u00e9rios da pasta.<\/p>\n<p>Agora, s\u00e3o sete regi\u00f5es no pior cen\u00e1rio da epidemia de covid-19 em Goi\u00e1s, conforme a SES-GO. Na semana passada, eram nove. Quem teve piora foi a regional S\u00e3o Patr\u00edcio I (Ceres), que estava em situa\u00e7\u00e3o cr\u00edtica e agora est\u00e1 marcada em vermelho.<\/p>\n<p>Seguem por mais uma semana em calamidade: Rio Vermelho (Itabera\u00ed), Oeste I (Ipor\u00e1), Oeste II (S\u00e3o Lu\u00eds de Montes Belos), S\u00e3o Patr\u00edcio II (Goian\u00e9sia), Sudoeste II (Jata\u00ed) e Sul (Itumbiara).<\/p>\n<p>H\u00e1 oito regi\u00f5es no cen\u00e1rio laranja, o intermedi\u00e1rio. Al\u00e9m da Nordeste I e Estrada de Ferro, que evolu\u00edram de calamidade para cr\u00edtica, tamb\u00e9m est\u00e3o nessa situa\u00e7\u00e3o a Nordeste II (Posse), Central (Goi\u00e2nia), Centro-Sul (Aparecida de Goi\u00e2nia) e Sudoeste I (Rio Verde), que mantiveram o status.<\/p>\n<div class=\"jeg_navbar_mobile_wrapper\">\n<div class=\"jeg_navbar_mobile jeg_sticky_nav\">\n<div class=\"jeg_mobile_bottombar jeg_mobile_midbar jeg_container normal\">\n<div class=\"container\">\n<div class=\"jeg_nav_row\">\n<div class=\"jeg_nav_col jeg_nav_center jeg_nav_grow\">\n<div class=\"item_wrap jeg_nav_aligncenter\">\n<div class=\"jeg_nav_item jeg_mobile_logo\">\n<div class=\"site-title\"><a href=\"https:\/\/diariodegoias.com.br\/\"><img decoding=\"async\" class=\"jeg_logo_img\" src=\"https:\/\/diariodegoias.com.br\/wp-content\/uploads\/2021\/04\/Logo-dg-2021-50.png\" srcset=\"https:\/\/diariodegoias.com.br\/wp-content\/uploads\/2021\/04\/Logo-dg-2021-50.png 1x, https:\/\/diariodegoias.com.br\/wp-content\/uploads\/2021\/04\/Logo-dg-2021-50.png 2x\" alt=\"Di\u00e1rio de Goi\u00e1s\" \/><\/a><\/div>\n<\/div>\n<\/div>\n<\/div>\n<div class=\"jeg_nav_col jeg_nav_right jeg_nav_normal\">\n<div class=\"item_wrap jeg_nav_alignright\">\n<div class=\"jeg_nav_item jeg_search_wrapper jeg_search_popup_expand\"><i class=\"fa fa-search\"><\/i><\/p>\n<form class=\"jeg_search_form\" action=\"https:\/\/diariodegoias.com.br\/\" method=\"get\"><input class=\"jeg_search_input\" name=\"s\" type=\"text\" value=\"\" \/><i class=\"fa fa-search\"><\/i><\/form>\n<\/div>\n<\/div>\n<\/div>\n<\/div>\n<\/div>\n<\/div>\n<\/div>\n<div class=\"sticky_blankspace\"><\/div>\n<\/div>\n<div class=\"post-wrapper\">\n<div class=\"post-wrap\">\n<div class=\"jeg_main \">\n<div class=\"jeg_container\">\n<div class=\"jeg_content jeg_singlepage\">\n<div class=\"container\">\n<div class=\"jeg_ad jeg_article_top jnews_article_top_ads\">\n<div class=\"ads-wrapper  \">\n<div class=\"ads_shortcode\">\n<div class=\"g g-4\">\n<div class=\"g-single a-9\">\n<div><\/div>\n<div class=\"pp-box-adunit pp-ad-loading pp-type-default\">\n<div class=\"pp-adunit\">\n<div class=\"pp-ad\">\n<div>\n<div><iframe width=\"330\" height=\"250\" frameborder=\"0\"><\/iframe><\/div>\n<\/div>\n<\/div>\n<\/div>\n<\/div>\n<\/div>\n<\/div>\n<\/div>\n<\/div>\n<\/div>\n<div class=\"jeg_breadcrumbs jeg_breadcrumb_container\">\n<div><span class=\"\"><a href=\"https:\/\/diariodegoias.com.br\/\">Home<\/a>\u00a0<\/span><i class=\"fa fa-angle-right\"><\/i><span class=\"\">\u00a0<a href=\"https:\/\/diariodegoias.com.br\/noticias\/\">Not\u00edcias<\/a>\u00a0<\/span><i class=\"fa fa-angle-right\"><\/i><span class=\"breadcrumb_last_link\">\u00a0<a href=\"https:\/\/diariodegoias.com.br\/noticias\/cidades\/\">Cidades<\/a><\/span><\/div>\n<\/div>\n<div class=\"entry-header\">\n<h1 class=\"jeg_post_title\">Tr\u00eas regi\u00f5es de Goi\u00e1s deixam zona vermelha no mapa de risco<\/h1>\n<div class=\"jeg_meta_container\">\n<div class=\"jeg_post_meta jeg_post_meta_2\">\n<div class=\"meta_left\">\n<div class=\"jeg_meta_author\"><img loading=\"lazy\" decoding=\"async\" class=\"avatar avatar-80 photo\" src=\"https:\/\/secure.gravatar.com\/avatar\/e9cb168ac9457aaf760f6884c0ba62f9?s=80&amp;d=mm&amp;r=g\" srcset=\"https:\/\/secure.gravatar.com\/avatar\/e9cb168ac9457aaf760f6884c0ba62f9?s=160&amp;d=mm&amp;r=g 2x\" alt=\"Reda\u00e7\u00e3o \/ Di\u00e1rio de Goi\u00e1s\" width=\"80\" height=\"80\" \/>\u00a0<span class=\"meta_text\">by<\/span>\u00a0<a href=\"https:\/\/diariodegoias.com.br\/author\/redacaodg\/\">REDA\u00c7\u00c3O \/ DI\u00c1RIO DE GOI\u00c1S<\/a><\/div>\n<div class=\"jeg_meta_date\">\u00a0<a href=\"https:\/\/diariodegoias.com.br\/tres-regioes-de-goias-deixam-zona-vermelha-no-mapa-de-risco\/\">30\/07\/2021<\/a><\/div>\n<\/div>\n<div class=\"meta_right\"><\/div>\n<\/div>\n<\/div>\n<\/div>\n<div class=\"row\">\n<div class=\"jeg_main_content col-md-8\">\n<div class=\"jeg_inner_content\">\n<div class=\"jeg_featured featured_image\">\n<div class=\"thumbnail-container animate-lazy thumbnail-background\">\n<div class=\" lazyloaded\"><\/div>\n<\/div>\n<p class=\"wp-caption-text\">Mapa de risco da covid-19 em Goi\u00e1s em 30 de julho. (Foto: Reprodu\u00e7\u00e3o\/SES-GO)<\/p>\n<\/div>\n<div class=\"jeg_share_top_container\"><\/div>\n<div class=\"jeg_ad jeg_article jnews_content_top_ads \">\n<div class=\"ads-wrapper  \"><\/div>\n<\/div>\n<div class=\"entry-content with-share\">\n<div class=\"jeg_share_button share-float jeg_sticky_share clearfix share-monocrhome\">\n<div class=\"jeg_share_float_container\">\n<div class=\"jeg_sharelist\"><\/div>\n<\/div>\n<\/div>\n<div class=\"content-inner \">\n<p>A atualiza\u00e7\u00e3o desta sexta-feira (30) do mapa de risco da Secretaria Estadual de Sa\u00fade (SES-GO) tirou tr\u00eas regi\u00f5es da zona vermelha. As regionais Nordeste I (Campos Belos), Entorno Norte (Formosa) e Estrada de Ferro (Catal\u00e3o) n\u00e3o est\u00e3o mais em situa\u00e7\u00e3o de calamidade, conforme os crit\u00e9rios da pasta.<\/p>\n<div class=\"pp-box-adunit pp-ad-loading pp-type-intext\">\n<div class=\"pp-adunit\">\n<div class=\"pp-ad\">\n<div>\n<div><iframe width=\"336\" height=\"280\" frameborder=\"0\"><\/iframe><\/div>\n<\/div>\n<\/div>\n<\/div>\n<\/div>\n<p>Agora, s\u00e3o sete regi\u00f5es no pior cen\u00e1rio da epidemia de covid-19 em Goi\u00e1s, conforme a SES-GO. Na semana passada, eram nove. Quem teve piora foi a regional S\u00e3o Patr\u00edcio I (Ceres), que estava em situa\u00e7\u00e3o cr\u00edtica e agora est\u00e1 marcada em vermelho.<\/p>\n<div><\/div>\n<div class=\"jeg_ad jeg_ad_article jnews_content_inline_ads  \">\n<div class=\"ads-wrapper align-center \">\n<div class=\"ads_code\">\n<div class=\"pp-box-adunit pp-ad-loading pp-type-default\">\n<div class=\"pp-adunit\">\n<div class=\"pp-ad\">\n<div>\n<div><iframe loading=\"lazy\" src=\"https:\/\/e630e1d7c592acb2cb525103658f0df2.safeframe.googlesyndication.com\/safeframe\/1-0-38\/html\/container.html\" width=\"300\" height=\"250\" frameborder=\"0\"><\/iframe><\/div>\n<\/div>\n<\/div>\n<\/div>\n<\/div>\n<\/div>\n<\/div>\n<\/div>\n<div class=\"afw afw_custom  afw_ad afwadid-186513  \">\n<div>Advertisement<\/div>\n<div><\/div>\n<\/div>\n<p>Seguem por mais uma semana em calamidade: Rio Vermelho (Itabera\u00ed), Oeste I (Ipor\u00e1), Oeste II (S\u00e3o Lu\u00eds de Montes Belos), S\u00e3o Patr\u00edcio II (Goian\u00e9sia), Sudoeste II (Jata\u00ed) e Sul (Itumbiara).<\/p>\n<p>H\u00e1 oito regi\u00f5es no cen\u00e1rio laranja, o intermedi\u00e1rio. Al\u00e9m da Nordeste I e Estrada de Ferro, que evolu\u00edram de calamidade para cr\u00edtica, tamb\u00e9m est\u00e3o nessa situa\u00e7\u00e3o a Nordeste II (Posse), Central (Goi\u00e2nia), Centro-Sul (Aparecida de Goi\u00e2nia) e Sudoeste I (Rio Verde), que mantiveram o status.<\/p>\n<div class=\"pp-box-adunit pp-ad-loading pp-type-intext\">\n<div class=\"pp-adunit\">\n<div class=\"pp-ad\">\n<div>\n<div><iframe width=\"336\" height=\"280\" frameborder=\"0\"><\/iframe><\/div>\n<\/div>\n<\/div>\n<\/div>\n<\/div>\n<div class=\"afw afw_custom  afw_ad afwadid-186512  \">\n<div>Advertisement<\/div>\n<div><\/div>\n<\/div>\n<p>As regi\u00f5es Pireneus (An\u00e1polis) e Serra da Mesa (Urua\u00e7u) antes estavam em alerta e agora regrediram para a cor laranja.<\/p>\n<p>No amarelo, h\u00e1 apenas tr\u00eas regionais, como na semana passada. Tratam-se da Entorno Norte (Formosa), antes em calamidade; Entorno Sul (Luzi\u00e2nia), na semana passada no cen\u00e1rio cr\u00edtico; e Norte (Porangatu), que manteve o status.<\/p>\n<p><strong>Veja os \u00edndices Re de cada regi\u00e3o<\/strong><\/p>\n<p>Central: 1,19<br \/>\nCentro-Sul: 1,73<br \/>\nEntorno Norte: 1,38<br \/>\nEntorno Sul: 1,41<br \/>\nEstrada de Ferro: 1,52<br \/>\nNordeste I: 1,02<br \/>\nNordeste II: 1,54<br \/>\nNorte: 0,53<br \/>\nOeste I: 1,72<br \/>\nOeste II: 1,43<br \/>\nPireneus: 1,16<br \/>\nRio Vermelho: 1,31<br \/>\nS\u00e3o Patr\u00edcio I: 1,58<br \/>\nS\u00e3o Patr\u00edcio II: 1,38<br \/>\nSerra da Mesa: 1,19<br \/>\nSudoeste I: 0,95<br \/>\nSudoeste II: 1,26<br \/>\nSul: 1,55<\/p>\n<\/div>\n<\/div>\n<\/div>\n<\/div>\n<\/div>\n<\/div>\n<\/div>\n<\/div>\n<\/div>\n<\/div>\n<\/div>\n<p><\/p>\n","protected":false},"excerpt":{"rendered":"<p>A atualiza\u00e7\u00e3o desta sexta-feira (30) do mapa de risco da Secretaria Estadual de Sa\u00fade (SES-GO) tirou tr\u00eas regi\u00f5es da zona vermelha. As regionais Nordeste I (Campos Belos), Entorno Norte (Formosa) e Estrada de Ferro (Catal\u00e3o) n\u00e3o est\u00e3o mais em situa\u00e7\u00e3o de calamidade, conforme os crit\u00e9rios da pasta. Agora, s\u00e3o sete regi\u00f5es no pior cen\u00e1rio da<\/p>\n","protected":false},"author":2,"featured_media":15990,"comment_status":"open","ping_status":"open","sticky":false,"template":"","format":"standard","meta":{"footnotes":""},"categories":[27,22,26,23],"tags":[],"class_list":["post-15989","post","type-post","status-publish","format-standard","has-post-thumbnail","hentry","category-brasil","category-catalao","category-destaque","category-goias"],"yoast_head":"<!-- This site is optimized with the Yoast SEO plugin v25.8 - https:\/\/yoast.com\/wordpress\/plugins\/seo\/ -->\n<title>Tr\u00eas regi\u00f5es de Goi\u00e1s deixam zona vermelha no mapa de risco - Jornal Ultimos Acontecimentos<\/title>\n<meta name=\"robots\" content=\"index, follow, max-snippet:-1, max-image-preview:large, max-video-preview:-1\" \/>\n<link rel=\"canonical\" href=\"https:\/\/juacontecimentos.com.br\/site\/tres-regioes-de-goias-deixam-zona-vermelha-no-mapa-de-risco\/\" \/>\n<meta property=\"og:locale\" content=\"pt_BR\" \/>\n<meta property=\"og:type\" content=\"article\" \/>\n<meta property=\"og:title\" content=\"Tr\u00eas regi\u00f5es de Goi\u00e1s deixam zona vermelha no mapa de risco - Jornal Ultimos Acontecimentos\" \/>\n<meta property=\"og:description\" content=\"A atualiza\u00e7\u00e3o desta sexta-feira (30) do mapa de risco da Secretaria Estadual de Sa\u00fade (SES-GO) tirou tr\u00eas regi\u00f5es da zona vermelha. As regionais Nordeste I (Campos Belos), Entorno Norte (Formosa) e Estrada de Ferro (Catal\u00e3o) n\u00e3o est\u00e3o mais em situa\u00e7\u00e3o de calamidade, conforme os crit\u00e9rios da pasta. Agora, s\u00e3o sete regi\u00f5es no pior cen\u00e1rio da\" \/>\n<meta property=\"og:url\" content=\"https:\/\/juacontecimentos.com.br\/site\/tres-regioes-de-goias-deixam-zona-vermelha-no-mapa-de-risco\/\" \/>\n<meta property=\"og:site_name\" content=\"Jornal Ultimos Acontecimentos\" \/>\n<meta property=\"article:publisher\" content=\"https:\/\/www.facebook.com\/jultimosacontecimentos\/\" \/>\n<meta property=\"article:published_time\" content=\"2021-08-01T09:52:19+00:00\" \/>\n<meta property=\"og:image\" content=\"https:\/\/juacontecimentos.com.br\/site\/wp-content\/uploads\/2021\/08\/mapa-de-risco-goias-1.png\" \/>\n\t<meta property=\"og:image:width\" content=\"614\" \/>\n\t<meta property=\"og:image:height\" content=\"386\" \/>\n\t<meta property=\"og:image:type\" content=\"image\/png\" \/>\n<meta name=\"author\" content=\"Reginaldo Ribeiro\" \/>\n<meta name=\"twitter:card\" content=\"summary_large_image\" \/>\n<meta name=\"twitter:label1\" content=\"Escrito por\" \/>\n\t<meta name=\"twitter:data1\" content=\"Reginaldo Ribeiro\" \/>\n\t<meta name=\"twitter:label2\" content=\"Est. tempo de leitura\" \/>\n\t<meta name=\"twitter:data2\" content=\"3 minutos\" \/>\n<script type=\"application\/ld+json\" class=\"yoast-schema-graph\">{\"@context\":\"https:\/\/schema.org\",\"@graph\":[{\"@type\":\"Article\",\"@id\":\"https:\/\/juacontecimentos.com.br\/site\/tres-regioes-de-goias-deixam-zona-vermelha-no-mapa-de-risco\/#article\",\"isPartOf\":{\"@id\":\"https:\/\/juacontecimentos.com.br\/site\/tres-regioes-de-goias-deixam-zona-vermelha-no-mapa-de-risco\/\"},\"author\":{\"name\":\"Reginaldo Ribeiro\",\"@id\":\"https:\/\/juacontecimentos.com.br\/site\/#\/schema\/person\/082a54e6d3fdd7a633291428521c9669\"},\"headline\":\"Tr\u00eas regi\u00f5es de Goi\u00e1s deixam zona vermelha no mapa de risco\",\"datePublished\":\"2021-08-01T09:52:19+00:00\",\"mainEntityOfPage\":{\"@id\":\"https:\/\/juacontecimentos.com.br\/site\/tres-regioes-de-goias-deixam-zona-vermelha-no-mapa-de-risco\/\"},\"wordCount\":557,\"commentCount\":0,\"publisher\":{\"@id\":\"https:\/\/juacontecimentos.com.br\/site\/#organization\"},\"image\":{\"@id\":\"https:\/\/juacontecimentos.com.br\/site\/tres-regioes-de-goias-deixam-zona-vermelha-no-mapa-de-risco\/#primaryimage\"},\"thumbnailUrl\":\"https:\/\/juacontecimentos.com.br\/site\/wp-content\/uploads\/2021\/08\/mapa-de-risco-goias-1.png\",\"articleSection\":[\"Brasil\",\"Catal\u00e3o\",\"Destaque\",\"Goi\u00e1s\"],\"inLanguage\":\"pt-BR\"},{\"@type\":\"WebPage\",\"@id\":\"https:\/\/juacontecimentos.com.br\/site\/tres-regioes-de-goias-deixam-zona-vermelha-no-mapa-de-risco\/\",\"url\":\"https:\/\/juacontecimentos.com.br\/site\/tres-regioes-de-goias-deixam-zona-vermelha-no-mapa-de-risco\/\",\"name\":\"Tr\u00eas regi\u00f5es de Goi\u00e1s deixam zona vermelha no mapa de risco - Jornal Ultimos Acontecimentos\",\"isPartOf\":{\"@id\":\"https:\/\/juacontecimentos.com.br\/site\/#website\"},\"primaryImageOfPage\":{\"@id\":\"https:\/\/juacontecimentos.com.br\/site\/tres-regioes-de-goias-deixam-zona-vermelha-no-mapa-de-risco\/#primaryimage\"},\"image\":{\"@id\":\"https:\/\/juacontecimentos.com.br\/site\/tres-regioes-de-goias-deixam-zona-vermelha-no-mapa-de-risco\/#primaryimage\"},\"thumbnailUrl\":\"https:\/\/juacontecimentos.com.br\/site\/wp-content\/uploads\/2021\/08\/mapa-de-risco-goias-1.png\",\"datePublished\":\"2021-08-01T09:52:19+00:00\",\"breadcrumb\":{\"@id\":\"https:\/\/juacontecimentos.com.br\/site\/tres-regioes-de-goias-deixam-zona-vermelha-no-mapa-de-risco\/#breadcrumb\"},\"inLanguage\":\"pt-BR\",\"potentialAction\":[{\"@type\":\"ReadAction\",\"target\":[\"https:\/\/juacontecimentos.com.br\/site\/tres-regioes-de-goias-deixam-zona-vermelha-no-mapa-de-risco\/\"]}]},{\"@type\":\"ImageObject\",\"inLanguage\":\"pt-BR\",\"@id\":\"https:\/\/juacontecimentos.com.br\/site\/tres-regioes-de-goias-deixam-zona-vermelha-no-mapa-de-risco\/#primaryimage\",\"url\":\"https:\/\/juacontecimentos.com.br\/site\/wp-content\/uploads\/2021\/08\/mapa-de-risco-goias-1.png\",\"contentUrl\":\"https:\/\/juacontecimentos.com.br\/site\/wp-content\/uploads\/2021\/08\/mapa-de-risco-goias-1.png\",\"width\":614,\"height\":386},{\"@type\":\"BreadcrumbList\",\"@id\":\"https:\/\/juacontecimentos.com.br\/site\/tres-regioes-de-goias-deixam-zona-vermelha-no-mapa-de-risco\/#breadcrumb\",\"itemListElement\":[{\"@type\":\"ListItem\",\"position\":1,\"name\":\"In\u00edcio\",\"item\":\"https:\/\/juacontecimentos.com.br\/site\/\"},{\"@type\":\"ListItem\",\"position\":2,\"name\":\"Tr\u00eas regi\u00f5es de Goi\u00e1s deixam zona vermelha no mapa de risco\"}]},{\"@type\":\"WebSite\",\"@id\":\"https:\/\/juacontecimentos.com.br\/site\/#website\",\"url\":\"https:\/\/juacontecimentos.com.br\/site\/\",\"name\":\"Jornal Ultimos Acontecimentos\",\"description\":\"Catal\u00e3o e regi\u00e3o\",\"publisher\":{\"@id\":\"https:\/\/juacontecimentos.com.br\/site\/#organization\"},\"potentialAction\":[{\"@type\":\"SearchAction\",\"target\":{\"@type\":\"EntryPoint\",\"urlTemplate\":\"https:\/\/juacontecimentos.com.br\/site\/?s={search_term_string}\"},\"query-input\":{\"@type\":\"PropertyValueSpecification\",\"valueRequired\":true,\"valueName\":\"search_term_string\"}}],\"inLanguage\":\"pt-BR\"},{\"@type\":\"Organization\",\"@id\":\"https:\/\/juacontecimentos.com.br\/site\/#organization\",\"name\":\"Jornal Ultimos Acontecimentos\",\"url\":\"https:\/\/juacontecimentos.com.br\/site\/\",\"logo\":{\"@type\":\"ImageObject\",\"inLanguage\":\"pt-BR\",\"@id\":\"https:\/\/juacontecimentos.com.br\/site\/#\/schema\/logo\/image\/\",\"url\":\"https:\/\/juacontecimentos.com.br\/site\/wp-content\/uploads\/2023\/04\/Logo_Site.png\",\"contentUrl\":\"https:\/\/juacontecimentos.com.br\/site\/wp-content\/uploads\/2023\/04\/Logo_Site.png\",\"width\":2476,\"height\":530,\"caption\":\"Jornal Ultimos Acontecimentos\"},\"image\":{\"@id\":\"https:\/\/juacontecimentos.com.br\/site\/#\/schema\/logo\/image\/\"},\"sameAs\":[\"https:\/\/www.facebook.com\/jultimosacontecimentos\/\"]},{\"@type\":\"Person\",\"@id\":\"https:\/\/juacontecimentos.com.br\/site\/#\/schema\/person\/082a54e6d3fdd7a633291428521c9669\",\"name\":\"Reginaldo Ribeiro\",\"image\":{\"@type\":\"ImageObject\",\"inLanguage\":\"pt-BR\",\"@id\":\"https:\/\/juacontecimentos.com.br\/site\/#\/schema\/person\/image\/\",\"url\":\"https:\/\/secure.gravatar.com\/avatar\/5c16c6837c3490270a74d888c2a845728f06bdde1f8761de1de1d1d1ef82d12f?s=96&d=mm&r=g\",\"contentUrl\":\"https:\/\/secure.gravatar.com\/avatar\/5c16c6837c3490270a74d888c2a845728f06bdde1f8761de1de1d1d1ef82d12f?s=96&d=mm&r=g\",\"caption\":\"Reginaldo Ribeiro\"}}]}<\/script>\n<!-- \/ Yoast SEO plugin. -->","yoast_head_json":{"title":"Tr\u00eas regi\u00f5es de Goi\u00e1s deixam zona vermelha no mapa de risco - Jornal Ultimos Acontecimentos","robots":{"index":"index","follow":"follow","max-snippet":"max-snippet:-1","max-image-preview":"max-image-preview:large","max-video-preview":"max-video-preview:-1"},"canonical":"https:\/\/juacontecimentos.com.br\/site\/tres-regioes-de-goias-deixam-zona-vermelha-no-mapa-de-risco\/","og_locale":"pt_BR","og_type":"article","og_title":"Tr\u00eas regi\u00f5es de Goi\u00e1s deixam zona vermelha no mapa de risco - Jornal Ultimos Acontecimentos","og_description":"A atualiza\u00e7\u00e3o desta sexta-feira (30) do mapa de risco da Secretaria Estadual de Sa\u00fade (SES-GO) tirou tr\u00eas regi\u00f5es da zona vermelha. As regionais Nordeste I (Campos Belos), Entorno Norte (Formosa) e Estrada de Ferro (Catal\u00e3o) n\u00e3o est\u00e3o mais em situa\u00e7\u00e3o de calamidade, conforme os crit\u00e9rios da pasta. Agora, s\u00e3o sete regi\u00f5es no pior cen\u00e1rio da","og_url":"https:\/\/juacontecimentos.com.br\/site\/tres-regioes-de-goias-deixam-zona-vermelha-no-mapa-de-risco\/","og_site_name":"Jornal Ultimos Acontecimentos","article_publisher":"https:\/\/www.facebook.com\/jultimosacontecimentos\/","article_published_time":"2021-08-01T09:52:19+00:00","og_image":[{"width":614,"height":386,"url":"https:\/\/juacontecimentos.com.br\/site\/wp-content\/uploads\/2021\/08\/mapa-de-risco-goias-1.png","type":"image\/png"}],"author":"Reginaldo Ribeiro","twitter_card":"summary_large_image","twitter_misc":{"Escrito por":"Reginaldo Ribeiro","Est. tempo de leitura":"3 minutos"},"schema":{"@context":"https:\/\/schema.org","@graph":[{"@type":"Article","@id":"https:\/\/juacontecimentos.com.br\/site\/tres-regioes-de-goias-deixam-zona-vermelha-no-mapa-de-risco\/#article","isPartOf":{"@id":"https:\/\/juacontecimentos.com.br\/site\/tres-regioes-de-goias-deixam-zona-vermelha-no-mapa-de-risco\/"},"author":{"name":"Reginaldo Ribeiro","@id":"https:\/\/juacontecimentos.com.br\/site\/#\/schema\/person\/082a54e6d3fdd7a633291428521c9669"},"headline":"Tr\u00eas regi\u00f5es de Goi\u00e1s deixam zona vermelha no mapa de risco","datePublished":"2021-08-01T09:52:19+00:00","mainEntityOfPage":{"@id":"https:\/\/juacontecimentos.com.br\/site\/tres-regioes-de-goias-deixam-zona-vermelha-no-mapa-de-risco\/"},"wordCount":557,"commentCount":0,"publisher":{"@id":"https:\/\/juacontecimentos.com.br\/site\/#organization"},"image":{"@id":"https:\/\/juacontecimentos.com.br\/site\/tres-regioes-de-goias-deixam-zona-vermelha-no-mapa-de-risco\/#primaryimage"},"thumbnailUrl":"https:\/\/juacontecimentos.com.br\/site\/wp-content\/uploads\/2021\/08\/mapa-de-risco-goias-1.png","articleSection":["Brasil","Catal\u00e3o","Destaque","Goi\u00e1s"],"inLanguage":"pt-BR"},{"@type":"WebPage","@id":"https:\/\/juacontecimentos.com.br\/site\/tres-regioes-de-goias-deixam-zona-vermelha-no-mapa-de-risco\/","url":"https:\/\/juacontecimentos.com.br\/site\/tres-regioes-de-goias-deixam-zona-vermelha-no-mapa-de-risco\/","name":"Tr\u00eas regi\u00f5es de Goi\u00e1s deixam zona vermelha no mapa de risco - Jornal Ultimos Acontecimentos","isPartOf":{"@id":"https:\/\/juacontecimentos.com.br\/site\/#website"},"primaryImageOfPage":{"@id":"https:\/\/juacontecimentos.com.br\/site\/tres-regioes-de-goias-deixam-zona-vermelha-no-mapa-de-risco\/#primaryimage"},"image":{"@id":"https:\/\/juacontecimentos.com.br\/site\/tres-regioes-de-goias-deixam-zona-vermelha-no-mapa-de-risco\/#primaryimage"},"thumbnailUrl":"https:\/\/juacontecimentos.com.br\/site\/wp-content\/uploads\/2021\/08\/mapa-de-risco-goias-1.png","datePublished":"2021-08-01T09:52:19+00:00","breadcrumb":{"@id":"https:\/\/juacontecimentos.com.br\/site\/tres-regioes-de-goias-deixam-zona-vermelha-no-mapa-de-risco\/#breadcrumb"},"inLanguage":"pt-BR","potentialAction":[{"@type":"ReadAction","target":["https:\/\/juacontecimentos.com.br\/site\/tres-regioes-de-goias-deixam-zona-vermelha-no-mapa-de-risco\/"]}]},{"@type":"ImageObject","inLanguage":"pt-BR","@id":"https:\/\/juacontecimentos.com.br\/site\/tres-regioes-de-goias-deixam-zona-vermelha-no-mapa-de-risco\/#primaryimage","url":"https:\/\/juacontecimentos.com.br\/site\/wp-content\/uploads\/2021\/08\/mapa-de-risco-goias-1.png","contentUrl":"https:\/\/juacontecimentos.com.br\/site\/wp-content\/uploads\/2021\/08\/mapa-de-risco-goias-1.png","width":614,"height":386},{"@type":"BreadcrumbList","@id":"https:\/\/juacontecimentos.com.br\/site\/tres-regioes-de-goias-deixam-zona-vermelha-no-mapa-de-risco\/#breadcrumb","itemListElement":[{"@type":"ListItem","position":1,"name":"In\u00edcio","item":"https:\/\/juacontecimentos.com.br\/site\/"},{"@type":"ListItem","position":2,"name":"Tr\u00eas regi\u00f5es de Goi\u00e1s deixam zona vermelha no mapa de risco"}]},{"@type":"WebSite","@id":"https:\/\/juacontecimentos.com.br\/site\/#website","url":"https:\/\/juacontecimentos.com.br\/site\/","name":"Jornal Ultimos Acontecimentos","description":"Catal\u00e3o e regi\u00e3o","publisher":{"@id":"https:\/\/juacontecimentos.com.br\/site\/#organization"},"potentialAction":[{"@type":"SearchAction","target":{"@type":"EntryPoint","urlTemplate":"https:\/\/juacontecimentos.com.br\/site\/?s={search_term_string}"},"query-input":{"@type":"PropertyValueSpecification","valueRequired":true,"valueName":"search_term_string"}}],"inLanguage":"pt-BR"},{"@type":"Organization","@id":"https:\/\/juacontecimentos.com.br\/site\/#organization","name":"Jornal Ultimos Acontecimentos","url":"https:\/\/juacontecimentos.com.br\/site\/","logo":{"@type":"ImageObject","inLanguage":"pt-BR","@id":"https:\/\/juacontecimentos.com.br\/site\/#\/schema\/logo\/image\/","url":"https:\/\/juacontecimentos.com.br\/site\/wp-content\/uploads\/2023\/04\/Logo_Site.png","contentUrl":"https:\/\/juacontecimentos.com.br\/site\/wp-content\/uploads\/2023\/04\/Logo_Site.png","width":2476,"height":530,"caption":"Jornal Ultimos Acontecimentos"},"image":{"@id":"https:\/\/juacontecimentos.com.br\/site\/#\/schema\/logo\/image\/"},"sameAs":["https:\/\/www.facebook.com\/jultimosacontecimentos\/"]},{"@type":"Person","@id":"https:\/\/juacontecimentos.com.br\/site\/#\/schema\/person\/082a54e6d3fdd7a633291428521c9669","name":"Reginaldo Ribeiro","image":{"@type":"ImageObject","inLanguage":"pt-BR","@id":"https:\/\/juacontecimentos.com.br\/site\/#\/schema\/person\/image\/","url":"https:\/\/secure.gravatar.com\/avatar\/5c16c6837c3490270a74d888c2a845728f06bdde1f8761de1de1d1d1ef82d12f?s=96&d=mm&r=g","contentUrl":"https:\/\/secure.gravatar.com\/avatar\/5c16c6837c3490270a74d888c2a845728f06bdde1f8761de1de1d1d1ef82d12f?s=96&d=mm&r=g","caption":"Reginaldo Ribeiro"}}]}},"_links":{"self":[{"href":"https:\/\/juacontecimentos.com.br\/site\/wp-json\/wp\/v2\/posts\/15989","targetHints":{"allow":["GET"]}}],"collection":[{"href":"https:\/\/juacontecimentos.com.br\/site\/wp-json\/wp\/v2\/posts"}],"about":[{"href":"https:\/\/juacontecimentos.com.br\/site\/wp-json\/wp\/v2\/types\/post"}],"author":[{"embeddable":true,"href":"https:\/\/juacontecimentos.com.br\/site\/wp-json\/wp\/v2\/users\/2"}],"replies":[{"embeddable":true,"href":"https:\/\/juacontecimentos.com.br\/site\/wp-json\/wp\/v2\/comments?post=15989"}],"version-history":[{"count":1,"href":"https:\/\/juacontecimentos.com.br\/site\/wp-json\/wp\/v2\/posts\/15989\/revisions"}],"predecessor-version":[{"id":15991,"href":"https:\/\/juacontecimentos.com.br\/site\/wp-json\/wp\/v2\/posts\/15989\/revisions\/15991"}],"wp:featuredmedia":[{"embeddable":true,"href":"https:\/\/juacontecimentos.com.br\/site\/wp-json\/wp\/v2\/media\/15990"}],"wp:attachment":[{"href":"https:\/\/juacontecimentos.com.br\/site\/wp-json\/wp\/v2\/media?parent=15989"}],"wp:term":[{"taxonomy":"category","embeddable":true,"href":"https:\/\/juacontecimentos.com.br\/site\/wp-json\/wp\/v2\/categories?post=15989"},{"taxonomy":"post_tag","embeddable":true,"href":"https:\/\/juacontecimentos.com.br\/site\/wp-json\/wp\/v2\/tags?post=15989"}],"curies":[{"name":"wp","href":"https:\/\/api.w.org\/{rel}","templated":true}]}}