{"id":16020,"date":"2021-08-03T03:19:56","date_gmt":"2021-08-03T06:19:56","guid":{"rendered":"https:\/\/juacontecimento.com.br\/site\/?p=16020"},"modified":"2021-08-03T03:19:56","modified_gmt":"2021-08-03T06:19:56","slug":"mais-de-100-advogadas-e-advogados-de-anapolis-manifestam-apoio-pedro-paulo-de-medeiros","status":"publish","type":"post","link":"https:\/\/juacontecimentos.com.br\/site\/mais-de-100-advogadas-e-advogados-de-anapolis-manifestam-apoio-pedro-paulo-de-medeiros\/","title":{"rendered":"Mais de 100 advogadas e advogados de An\u00e1polis manifestam apoio a Pedro Paulo de Medeiros"},"content":{"rendered":"<p><img loading=\"lazy\" decoding=\"async\" class=\"alignnone size-full wp-image-16021\" src=\"https:\/\/juacontecimento.com.br\/site\/wp-content\/uploads\/2021\/08\/pedro-paulo-anapolis-620x350.png\" alt=\"\" width=\"620\" height=\"350\" srcset=\"https:\/\/juacontecimentos.com.br\/site\/wp-content\/uploads\/2021\/08\/pedro-paulo-anapolis-620x350.png 620w, https:\/\/juacontecimentos.com.br\/site\/wp-content\/uploads\/2021\/08\/pedro-paulo-anapolis-620x350-300x169.png 300w\" sizes=\"auto, (max-width: 620px) 100vw, 620px\" \/><\/p>\n<p>Mais de 100 advogadas de An\u00e1polis, S\u00e3o Lu\u00eds de Montes Belos, Trindade e Goi\u00e2nia se reuniram, no dia 31 passado, para fortalecer o Movimento Nova Ordem An\u00e1polis. Na ocasi\u00e3o, elas tamb\u00e9m declararam apoio ao pr\u00e9-candidato \u00e0 presid\u00eancia da Ordem dos Advogados do Brasil \u2013 Se\u00e7\u00e3o Goi\u00e1s (OAB-GO), Pedro Paulo de Medeiros.<\/p>\n<p>Na ocasi\u00e3o, foi comemorado o anivers\u00e1rio de 114 anos da cidade, que fica a 55 quil\u00f4metros de Goi\u00e2nia. Tamb\u00e9m foi a oportunidade encontrada para o lan\u00e7amento da pr\u00e9-candidatura de Samuel Santos \u00e0 presid\u00eancia da subse\u00e7\u00e3o de An\u00e1polis. \u201cA subse\u00e7\u00e3o ser\u00e1 colocada de volta no local de jamais deveria ter sa\u00eddo. A maior subse\u00e7\u00e3o do Estado n\u00e3o pode continuar vivendo com esmolas da seccional, como aconteceu nos \u00faltimos anos. Devolveremos \u00e0 advocacia anapolina e de todo o interior do Estado o respeito e valoriza\u00e7\u00e3o que merecem\u201d, destacou Pedro Paulo.<\/p>\n<p>Por esse motivo, o pr\u00e9-candidato \u00e0 presid\u00eancia da seccional disse ter decidido convidar o atual presidente Jorge Henrique para juntos participarem da Diretoria, trazendo e resolvendo as demandas do interior\u201d.<\/p>\n<p>Samuel demonstrou total compromisso com a chapa que busca valorizar a advocacia goiana. \u201cO movimento tem como objetivo as elei\u00e7\u00f5es classistas que ocorrem no m\u00eas de novembro e como premissas dois valores inegoci\u00e1veis e essenciais \u00e0 advocacia: a renova\u00e7\u00e3o e o respeito\u201d, afirmou.<\/p>\n<p>Animado e ansioso pela mudan\u00e7a na hist\u00f3ria da OAB, Samuel destacou a necessidade de renova\u00e7\u00e3o. \u201cRenova\u00e7\u00e3o, sim, pois \u00e9 essencial oxigenar com novas pessoas, observando os ideais que sempre nortearam os l\u00edderes que nos antecederam, mas sem a perpetua\u00e7\u00e3o no cargo\u201d, disse.<\/p>\n<p>Samuel destacou, ainda, que o movimento \u00e9 contra \u00e0 reelei\u00e7\u00e3o. \u201cNosso grupo \u00e9 contr\u00e1rio \u00e0 reelei\u00e7\u00e3o, pr\u00e1tica que tem ocorrido na seccional goiana e que n\u00e3o \u00e9 aceita pela maioria da advocacia\u201d, ressaltou.<\/p>\n<p>\u201cRenovar \u00e9 importante, mas sempre com respeito \u00e0 hist\u00f3ria da advocacia, aos legados constru\u00eddos, permitindo imaginar um futuro diferente com base nas experi\u00eancias j\u00e1 vividas\u201d, afirmou.<\/p>\n<p>Al\u00e9m de ser o atual vice-presidente da subse\u00e7\u00e3o da OAB em An\u00e1polis na gest\u00e3o encabe\u00e7ada por Jorge Henrique, Samuel foi secret\u00e1rio-geral-adjunto, no per\u00edodo em que a entidade foi presidida por Ronivan J\u00fanior.<\/p>\n<p>Antes de integrar na diretoria, Samuel apresentou o projeto de cria\u00e7\u00e3o e foi o primeiro presidente da Comiss\u00e3o de Direito Empresarial na gest\u00e3o presidida por Ant\u00f4nio Heli de Oliveira.<\/p>\n<p>Samuel manifestou interesse de convidar a advogada Juliana Karla Galv\u00e3o para ser vice-presidente em sua poss\u00edvel. Desde 2019, na subse\u00e7\u00e3o, ela preside a Comiss\u00e3o de Direito Tribut\u00e1rio, na qual atuou como vice-presidente, de 2016 a 2018.<\/p>\n<p>Juliana disse ter se sentido muito honrada e prometeu n\u00e3o medir esfor\u00e7os para defender a paridade de g\u00eanero: \u201cEstou neste projeto porque acredito efetivamente em seus ideais. Apenas sendo mulher para entender efetivamente as dificuldades que enfrentamos no dia a dia de nossa profiss\u00e3o. Quero levantar esta importante bandeira e defender com afinco o respeito e valoriza\u00e7\u00e3o das advogadas\u201d.<br \/>\n<\/p>\n","protected":false},"excerpt":{"rendered":"<p>Mais de 100 advogadas de An\u00e1polis, S\u00e3o Lu\u00eds de Montes Belos, Trindade e Goi\u00e2nia se reuniram, no dia 31 passado, para fortalecer o Movimento Nova Ordem An\u00e1polis. Na ocasi\u00e3o, elas tamb\u00e9m declararam apoio ao pr\u00e9-candidato \u00e0 presid\u00eancia da Ordem dos Advogados do Brasil \u2013 Se\u00e7\u00e3o Goi\u00e1s (OAB-GO), Pedro Paulo de Medeiros. Na ocasi\u00e3o, foi comemorado<\/p>\n","protected":false},"author":2,"featured_media":16021,"comment_status":"open","ping_status":"open","sticky":false,"template":"","format":"standard","meta":{"footnotes":""},"categories":[27,22,26,23],"tags":[],"class_list":["post-16020","post","type-post","status-publish","format-standard","has-post-thumbnail","hentry","category-brasil","category-catalao","category-destaque","category-goias"],"yoast_head":"<!-- This site is optimized with the Yoast SEO plugin v25.8 - https:\/\/yoast.com\/wordpress\/plugins\/seo\/ -->\n<title>Mais de 100 advogadas e advogados de An\u00e1polis manifestam apoio a Pedro Paulo de Medeiros - Jornal Ultimos Acontecimentos<\/title>\n<meta name=\"robots\" content=\"index, follow, max-snippet:-1, max-image-preview:large, max-video-preview:-1\" \/>\n<link rel=\"canonical\" href=\"https:\/\/juacontecimentos.com.br\/site\/mais-de-100-advogadas-e-advogados-de-anapolis-manifestam-apoio-pedro-paulo-de-medeiros\/\" \/>\n<meta property=\"og:locale\" content=\"pt_BR\" \/>\n<meta property=\"og:type\" content=\"article\" \/>\n<meta property=\"og:title\" content=\"Mais de 100 advogadas e advogados de An\u00e1polis manifestam apoio a Pedro Paulo de Medeiros - Jornal Ultimos Acontecimentos\" \/>\n<meta property=\"og:description\" content=\"Mais de 100 advogadas de An\u00e1polis, S\u00e3o Lu\u00eds de Montes Belos, Trindade e Goi\u00e2nia se reuniram, no dia 31 passado, para fortalecer o Movimento Nova Ordem An\u00e1polis. Na ocasi\u00e3o, elas tamb\u00e9m declararam apoio ao pr\u00e9-candidato \u00e0 presid\u00eancia da Ordem dos Advogados do Brasil \u2013 Se\u00e7\u00e3o Goi\u00e1s (OAB-GO), Pedro Paulo de Medeiros. Na ocasi\u00e3o, foi comemorado\" \/>\n<meta property=\"og:url\" content=\"https:\/\/juacontecimentos.com.br\/site\/mais-de-100-advogadas-e-advogados-de-anapolis-manifestam-apoio-pedro-paulo-de-medeiros\/\" \/>\n<meta property=\"og:site_name\" content=\"Jornal Ultimos Acontecimentos\" \/>\n<meta property=\"article:publisher\" content=\"https:\/\/www.facebook.com\/jultimosacontecimentos\/\" \/>\n<meta property=\"article:published_time\" content=\"2021-08-03T06:19:56+00:00\" \/>\n<meta property=\"og:image\" content=\"https:\/\/juacontecimentos.com.br\/site\/wp-content\/uploads\/2021\/08\/pedro-paulo-anapolis-620x350.png\" \/>\n\t<meta property=\"og:image:width\" content=\"620\" \/>\n\t<meta property=\"og:image:height\" content=\"350\" \/>\n\t<meta property=\"og:image:type\" content=\"image\/png\" \/>\n<meta name=\"author\" content=\"Reginaldo Ribeiro\" \/>\n<meta name=\"twitter:card\" content=\"summary_large_image\" \/>\n<meta name=\"twitter:label1\" content=\"Escrito por\" \/>\n\t<meta name=\"twitter:data1\" content=\"Reginaldo Ribeiro\" \/>\n\t<meta name=\"twitter:label2\" content=\"Est. tempo de leitura\" \/>\n\t<meta name=\"twitter:data2\" content=\"3 minutos\" \/>\n<script type=\"application\/ld+json\" class=\"yoast-schema-graph\">{\"@context\":\"https:\/\/schema.org\",\"@graph\":[{\"@type\":\"Article\",\"@id\":\"https:\/\/juacontecimentos.com.br\/site\/mais-de-100-advogadas-e-advogados-de-anapolis-manifestam-apoio-pedro-paulo-de-medeiros\/#article\",\"isPartOf\":{\"@id\":\"https:\/\/juacontecimentos.com.br\/site\/mais-de-100-advogadas-e-advogados-de-anapolis-manifestam-apoio-pedro-paulo-de-medeiros\/\"},\"author\":{\"name\":\"Reginaldo Ribeiro\",\"@id\":\"https:\/\/juacontecimentos.com.br\/site\/#\/schema\/person\/082a54e6d3fdd7a633291428521c9669\"},\"headline\":\"Mais de 100 advogadas e advogados de An\u00e1polis manifestam apoio a Pedro Paulo de Medeiros\",\"datePublished\":\"2021-08-03T06:19:56+00:00\",\"mainEntityOfPage\":{\"@id\":\"https:\/\/juacontecimentos.com.br\/site\/mais-de-100-advogadas-e-advogados-de-anapolis-manifestam-apoio-pedro-paulo-de-medeiros\/\"},\"wordCount\":531,\"commentCount\":0,\"publisher\":{\"@id\":\"https:\/\/juacontecimentos.com.br\/site\/#organization\"},\"image\":{\"@id\":\"https:\/\/juacontecimentos.com.br\/site\/mais-de-100-advogadas-e-advogados-de-anapolis-manifestam-apoio-pedro-paulo-de-medeiros\/#primaryimage\"},\"thumbnailUrl\":\"https:\/\/juacontecimentos.com.br\/site\/wp-content\/uploads\/2021\/08\/pedro-paulo-anapolis-620x350.png\",\"articleSection\":[\"Brasil\",\"Catal\u00e3o\",\"Destaque\",\"Goi\u00e1s\"],\"inLanguage\":\"pt-BR\"},{\"@type\":\"WebPage\",\"@id\":\"https:\/\/juacontecimentos.com.br\/site\/mais-de-100-advogadas-e-advogados-de-anapolis-manifestam-apoio-pedro-paulo-de-medeiros\/\",\"url\":\"https:\/\/juacontecimentos.com.br\/site\/mais-de-100-advogadas-e-advogados-de-anapolis-manifestam-apoio-pedro-paulo-de-medeiros\/\",\"name\":\"Mais de 100 advogadas e advogados de An\u00e1polis manifestam apoio a Pedro Paulo de Medeiros - Jornal Ultimos Acontecimentos\",\"isPartOf\":{\"@id\":\"https:\/\/juacontecimentos.com.br\/site\/#website\"},\"primaryImageOfPage\":{\"@id\":\"https:\/\/juacontecimentos.com.br\/site\/mais-de-100-advogadas-e-advogados-de-anapolis-manifestam-apoio-pedro-paulo-de-medeiros\/#primaryimage\"},\"image\":{\"@id\":\"https:\/\/juacontecimentos.com.br\/site\/mais-de-100-advogadas-e-advogados-de-anapolis-manifestam-apoio-pedro-paulo-de-medeiros\/#primaryimage\"},\"thumbnailUrl\":\"https:\/\/juacontecimentos.com.br\/site\/wp-content\/uploads\/2021\/08\/pedro-paulo-anapolis-620x350.png\",\"datePublished\":\"2021-08-03T06:19:56+00:00\",\"breadcrumb\":{\"@id\":\"https:\/\/juacontecimentos.com.br\/site\/mais-de-100-advogadas-e-advogados-de-anapolis-manifestam-apoio-pedro-paulo-de-medeiros\/#breadcrumb\"},\"inLanguage\":\"pt-BR\",\"potentialAction\":[{\"@type\":\"ReadAction\",\"target\":[\"https:\/\/juacontecimentos.com.br\/site\/mais-de-100-advogadas-e-advogados-de-anapolis-manifestam-apoio-pedro-paulo-de-medeiros\/\"]}]},{\"@type\":\"ImageObject\",\"inLanguage\":\"pt-BR\",\"@id\":\"https:\/\/juacontecimentos.com.br\/site\/mais-de-100-advogadas-e-advogados-de-anapolis-manifestam-apoio-pedro-paulo-de-medeiros\/#primaryimage\",\"url\":\"https:\/\/juacontecimentos.com.br\/site\/wp-content\/uploads\/2021\/08\/pedro-paulo-anapolis-620x350.png\",\"contentUrl\":\"https:\/\/juacontecimentos.com.br\/site\/wp-content\/uploads\/2021\/08\/pedro-paulo-anapolis-620x350.png\",\"width\":620,\"height\":350},{\"@type\":\"BreadcrumbList\",\"@id\":\"https:\/\/juacontecimentos.com.br\/site\/mais-de-100-advogadas-e-advogados-de-anapolis-manifestam-apoio-pedro-paulo-de-medeiros\/#breadcrumb\",\"itemListElement\":[{\"@type\":\"ListItem\",\"position\":1,\"name\":\"In\u00edcio\",\"item\":\"https:\/\/juacontecimentos.com.br\/site\/\"},{\"@type\":\"ListItem\",\"position\":2,\"name\":\"Mais de 100 advogadas e advogados de An\u00e1polis manifestam apoio a Pedro Paulo de Medeiros\"}]},{\"@type\":\"WebSite\",\"@id\":\"https:\/\/juacontecimentos.com.br\/site\/#website\",\"url\":\"https:\/\/juacontecimentos.com.br\/site\/\",\"name\":\"Jornal Ultimos Acontecimentos\",\"description\":\"Catal\u00e3o e regi\u00e3o\",\"publisher\":{\"@id\":\"https:\/\/juacontecimentos.com.br\/site\/#organization\"},\"potentialAction\":[{\"@type\":\"SearchAction\",\"target\":{\"@type\":\"EntryPoint\",\"urlTemplate\":\"https:\/\/juacontecimentos.com.br\/site\/?s={search_term_string}\"},\"query-input\":{\"@type\":\"PropertyValueSpecification\",\"valueRequired\":true,\"valueName\":\"search_term_string\"}}],\"inLanguage\":\"pt-BR\"},{\"@type\":\"Organization\",\"@id\":\"https:\/\/juacontecimentos.com.br\/site\/#organization\",\"name\":\"Jornal Ultimos Acontecimentos\",\"url\":\"https:\/\/juacontecimentos.com.br\/site\/\",\"logo\":{\"@type\":\"ImageObject\",\"inLanguage\":\"pt-BR\",\"@id\":\"https:\/\/juacontecimentos.com.br\/site\/#\/schema\/logo\/image\/\",\"url\":\"https:\/\/juacontecimentos.com.br\/site\/wp-content\/uploads\/2023\/04\/Logo_Site.png\",\"contentUrl\":\"https:\/\/juacontecimentos.com.br\/site\/wp-content\/uploads\/2023\/04\/Logo_Site.png\",\"width\":2476,\"height\":530,\"caption\":\"Jornal Ultimos Acontecimentos\"},\"image\":{\"@id\":\"https:\/\/juacontecimentos.com.br\/site\/#\/schema\/logo\/image\/\"},\"sameAs\":[\"https:\/\/www.facebook.com\/jultimosacontecimentos\/\"]},{\"@type\":\"Person\",\"@id\":\"https:\/\/juacontecimentos.com.br\/site\/#\/schema\/person\/082a54e6d3fdd7a633291428521c9669\",\"name\":\"Reginaldo Ribeiro\",\"image\":{\"@type\":\"ImageObject\",\"inLanguage\":\"pt-BR\",\"@id\":\"https:\/\/juacontecimentos.com.br\/site\/#\/schema\/person\/image\/\",\"url\":\"https:\/\/secure.gravatar.com\/avatar\/5c16c6837c3490270a74d888c2a845728f06bdde1f8761de1de1d1d1ef82d12f?s=96&d=mm&r=g\",\"contentUrl\":\"https:\/\/secure.gravatar.com\/avatar\/5c16c6837c3490270a74d888c2a845728f06bdde1f8761de1de1d1d1ef82d12f?s=96&d=mm&r=g\",\"caption\":\"Reginaldo Ribeiro\"}}]}<\/script>\n<!-- \/ Yoast SEO plugin. -->","yoast_head_json":{"title":"Mais de 100 advogadas e advogados de An\u00e1polis manifestam apoio a Pedro Paulo de Medeiros - Jornal Ultimos Acontecimentos","robots":{"index":"index","follow":"follow","max-snippet":"max-snippet:-1","max-image-preview":"max-image-preview:large","max-video-preview":"max-video-preview:-1"},"canonical":"https:\/\/juacontecimentos.com.br\/site\/mais-de-100-advogadas-e-advogados-de-anapolis-manifestam-apoio-pedro-paulo-de-medeiros\/","og_locale":"pt_BR","og_type":"article","og_title":"Mais de 100 advogadas e advogados de An\u00e1polis manifestam apoio a Pedro Paulo de Medeiros - Jornal Ultimos Acontecimentos","og_description":"Mais de 100 advogadas de An\u00e1polis, S\u00e3o Lu\u00eds de Montes Belos, Trindade e Goi\u00e2nia se reuniram, no dia 31 passado, para fortalecer o Movimento Nova Ordem An\u00e1polis. Na ocasi\u00e3o, elas tamb\u00e9m declararam apoio ao pr\u00e9-candidato \u00e0 presid\u00eancia da Ordem dos Advogados do Brasil \u2013 Se\u00e7\u00e3o Goi\u00e1s (OAB-GO), Pedro Paulo de Medeiros. Na ocasi\u00e3o, foi comemorado","og_url":"https:\/\/juacontecimentos.com.br\/site\/mais-de-100-advogadas-e-advogados-de-anapolis-manifestam-apoio-pedro-paulo-de-medeiros\/","og_site_name":"Jornal Ultimos Acontecimentos","article_publisher":"https:\/\/www.facebook.com\/jultimosacontecimentos\/","article_published_time":"2021-08-03T06:19:56+00:00","og_image":[{"width":620,"height":350,"url":"https:\/\/juacontecimentos.com.br\/site\/wp-content\/uploads\/2021\/08\/pedro-paulo-anapolis-620x350.png","type":"image\/png"}],"author":"Reginaldo Ribeiro","twitter_card":"summary_large_image","twitter_misc":{"Escrito por":"Reginaldo Ribeiro","Est. tempo de leitura":"3 minutos"},"schema":{"@context":"https:\/\/schema.org","@graph":[{"@type":"Article","@id":"https:\/\/juacontecimentos.com.br\/site\/mais-de-100-advogadas-e-advogados-de-anapolis-manifestam-apoio-pedro-paulo-de-medeiros\/#article","isPartOf":{"@id":"https:\/\/juacontecimentos.com.br\/site\/mais-de-100-advogadas-e-advogados-de-anapolis-manifestam-apoio-pedro-paulo-de-medeiros\/"},"author":{"name":"Reginaldo Ribeiro","@id":"https:\/\/juacontecimentos.com.br\/site\/#\/schema\/person\/082a54e6d3fdd7a633291428521c9669"},"headline":"Mais de 100 advogadas e advogados de An\u00e1polis manifestam apoio a Pedro Paulo de Medeiros","datePublished":"2021-08-03T06:19:56+00:00","mainEntityOfPage":{"@id":"https:\/\/juacontecimentos.com.br\/site\/mais-de-100-advogadas-e-advogados-de-anapolis-manifestam-apoio-pedro-paulo-de-medeiros\/"},"wordCount":531,"commentCount":0,"publisher":{"@id":"https:\/\/juacontecimentos.com.br\/site\/#organization"},"image":{"@id":"https:\/\/juacontecimentos.com.br\/site\/mais-de-100-advogadas-e-advogados-de-anapolis-manifestam-apoio-pedro-paulo-de-medeiros\/#primaryimage"},"thumbnailUrl":"https:\/\/juacontecimentos.com.br\/site\/wp-content\/uploads\/2021\/08\/pedro-paulo-anapolis-620x350.png","articleSection":["Brasil","Catal\u00e3o","Destaque","Goi\u00e1s"],"inLanguage":"pt-BR"},{"@type":"WebPage","@id":"https:\/\/juacontecimentos.com.br\/site\/mais-de-100-advogadas-e-advogados-de-anapolis-manifestam-apoio-pedro-paulo-de-medeiros\/","url":"https:\/\/juacontecimentos.com.br\/site\/mais-de-100-advogadas-e-advogados-de-anapolis-manifestam-apoio-pedro-paulo-de-medeiros\/","name":"Mais de 100 advogadas e advogados de An\u00e1polis manifestam apoio a Pedro Paulo de Medeiros - Jornal Ultimos Acontecimentos","isPartOf":{"@id":"https:\/\/juacontecimentos.com.br\/site\/#website"},"primaryImageOfPage":{"@id":"https:\/\/juacontecimentos.com.br\/site\/mais-de-100-advogadas-e-advogados-de-anapolis-manifestam-apoio-pedro-paulo-de-medeiros\/#primaryimage"},"image":{"@id":"https:\/\/juacontecimentos.com.br\/site\/mais-de-100-advogadas-e-advogados-de-anapolis-manifestam-apoio-pedro-paulo-de-medeiros\/#primaryimage"},"thumbnailUrl":"https:\/\/juacontecimentos.com.br\/site\/wp-content\/uploads\/2021\/08\/pedro-paulo-anapolis-620x350.png","datePublished":"2021-08-03T06:19:56+00:00","breadcrumb":{"@id":"https:\/\/juacontecimentos.com.br\/site\/mais-de-100-advogadas-e-advogados-de-anapolis-manifestam-apoio-pedro-paulo-de-medeiros\/#breadcrumb"},"inLanguage":"pt-BR","potentialAction":[{"@type":"ReadAction","target":["https:\/\/juacontecimentos.com.br\/site\/mais-de-100-advogadas-e-advogados-de-anapolis-manifestam-apoio-pedro-paulo-de-medeiros\/"]}]},{"@type":"ImageObject","inLanguage":"pt-BR","@id":"https:\/\/juacontecimentos.com.br\/site\/mais-de-100-advogadas-e-advogados-de-anapolis-manifestam-apoio-pedro-paulo-de-medeiros\/#primaryimage","url":"https:\/\/juacontecimentos.com.br\/site\/wp-content\/uploads\/2021\/08\/pedro-paulo-anapolis-620x350.png","contentUrl":"https:\/\/juacontecimentos.com.br\/site\/wp-content\/uploads\/2021\/08\/pedro-paulo-anapolis-620x350.png","width":620,"height":350},{"@type":"BreadcrumbList","@id":"https:\/\/juacontecimentos.com.br\/site\/mais-de-100-advogadas-e-advogados-de-anapolis-manifestam-apoio-pedro-paulo-de-medeiros\/#breadcrumb","itemListElement":[{"@type":"ListItem","position":1,"name":"In\u00edcio","item":"https:\/\/juacontecimentos.com.br\/site\/"},{"@type":"ListItem","position":2,"name":"Mais de 100 advogadas e advogados de An\u00e1polis manifestam apoio a Pedro Paulo de Medeiros"}]},{"@type":"WebSite","@id":"https:\/\/juacontecimentos.com.br\/site\/#website","url":"https:\/\/juacontecimentos.com.br\/site\/","name":"Jornal Ultimos Acontecimentos","description":"Catal\u00e3o e regi\u00e3o","publisher":{"@id":"https:\/\/juacontecimentos.com.br\/site\/#organization"},"potentialAction":[{"@type":"SearchAction","target":{"@type":"EntryPoint","urlTemplate":"https:\/\/juacontecimentos.com.br\/site\/?s={search_term_string}"},"query-input":{"@type":"PropertyValueSpecification","valueRequired":true,"valueName":"search_term_string"}}],"inLanguage":"pt-BR"},{"@type":"Organization","@id":"https:\/\/juacontecimentos.com.br\/site\/#organization","name":"Jornal Ultimos Acontecimentos","url":"https:\/\/juacontecimentos.com.br\/site\/","logo":{"@type":"ImageObject","inLanguage":"pt-BR","@id":"https:\/\/juacontecimentos.com.br\/site\/#\/schema\/logo\/image\/","url":"https:\/\/juacontecimentos.com.br\/site\/wp-content\/uploads\/2023\/04\/Logo_Site.png","contentUrl":"https:\/\/juacontecimentos.com.br\/site\/wp-content\/uploads\/2023\/04\/Logo_Site.png","width":2476,"height":530,"caption":"Jornal Ultimos Acontecimentos"},"image":{"@id":"https:\/\/juacontecimentos.com.br\/site\/#\/schema\/logo\/image\/"},"sameAs":["https:\/\/www.facebook.com\/jultimosacontecimentos\/"]},{"@type":"Person","@id":"https:\/\/juacontecimentos.com.br\/site\/#\/schema\/person\/082a54e6d3fdd7a633291428521c9669","name":"Reginaldo Ribeiro","image":{"@type":"ImageObject","inLanguage":"pt-BR","@id":"https:\/\/juacontecimentos.com.br\/site\/#\/schema\/person\/image\/","url":"https:\/\/secure.gravatar.com\/avatar\/5c16c6837c3490270a74d888c2a845728f06bdde1f8761de1de1d1d1ef82d12f?s=96&d=mm&r=g","contentUrl":"https:\/\/secure.gravatar.com\/avatar\/5c16c6837c3490270a74d888c2a845728f06bdde1f8761de1de1d1d1ef82d12f?s=96&d=mm&r=g","caption":"Reginaldo Ribeiro"}}]}},"_links":{"self":[{"href":"https:\/\/juacontecimentos.com.br\/site\/wp-json\/wp\/v2\/posts\/16020","targetHints":{"allow":["GET"]}}],"collection":[{"href":"https:\/\/juacontecimentos.com.br\/site\/wp-json\/wp\/v2\/posts"}],"about":[{"href":"https:\/\/juacontecimentos.com.br\/site\/wp-json\/wp\/v2\/types\/post"}],"author":[{"embeddable":true,"href":"https:\/\/juacontecimentos.com.br\/site\/wp-json\/wp\/v2\/users\/2"}],"replies":[{"embeddable":true,"href":"https:\/\/juacontecimentos.com.br\/site\/wp-json\/wp\/v2\/comments?post=16020"}],"version-history":[{"count":1,"href":"https:\/\/juacontecimentos.com.br\/site\/wp-json\/wp\/v2\/posts\/16020\/revisions"}],"predecessor-version":[{"id":16022,"href":"https:\/\/juacontecimentos.com.br\/site\/wp-json\/wp\/v2\/posts\/16020\/revisions\/16022"}],"wp:featuredmedia":[{"embeddable":true,"href":"https:\/\/juacontecimentos.com.br\/site\/wp-json\/wp\/v2\/media\/16021"}],"wp:attachment":[{"href":"https:\/\/juacontecimentos.com.br\/site\/wp-json\/wp\/v2\/media?parent=16020"}],"wp:term":[{"taxonomy":"category","embeddable":true,"href":"https:\/\/juacontecimentos.com.br\/site\/wp-json\/wp\/v2\/categories?post=16020"},{"taxonomy":"post_tag","embeddable":true,"href":"https:\/\/juacontecimentos.com.br\/site\/wp-json\/wp\/v2\/tags?post=16020"}],"curies":[{"name":"wp","href":"https:\/\/api.w.org\/{rel}","templated":true}]}}