{"id":16100,"date":"2021-08-06T17:00:21","date_gmt":"2021-08-06T20:00:21","guid":{"rendered":"https:\/\/juacontecimento.com.br\/site\/?p=16100"},"modified":"2021-08-06T17:00:21","modified_gmt":"2021-08-06T20:00:21","slug":"iris-rezende-sofre-avc-e-sera-submetido-cirurgia-no-hospital-neurologico","status":"publish","type":"post","link":"https:\/\/juacontecimentos.com.br\/site\/iris-rezende-sofre-avc-e-sera-submetido-cirurgia-no-hospital-neurologico\/","title":{"rendered":"Iris Rezende sofre AVC e ser\u00e1 submetido a cirurgia no Hospital Neurol\u00f3gico"},"content":{"rendered":"<p><img loading=\"lazy\" decoding=\"async\" class=\"alignnone size-full wp-image-16101\" src=\"https:\/\/juacontecimento.com.br\/site\/wp-content\/uploads\/2021\/08\/iris-nova.jpg\" alt=\"\" width=\"554\" height=\"341\" srcset=\"https:\/\/juacontecimentos.com.br\/site\/wp-content\/uploads\/2021\/08\/iris-nova.jpg 554w, https:\/\/juacontecimentos.com.br\/site\/wp-content\/uploads\/2021\/08\/iris-nova-300x185.jpg 300w\" sizes=\"auto, (max-width: 554px) 100vw, 554px\" \/><\/p>\n<p>O ex-prefeito Iris Rezende sofreu um AVC hemorr\u00e1gico na manh\u00e3 desta sexta-feira, informou o site Mais Goi\u00e1s. Nas redes sociais, o governador Caiado informou que Iris ser\u00e1 submetido a uma cirurgia no Hospital Neurol\u00f3gico.<\/p>\n<p>\u201cAcabei de falar por telefone com o neurocirurgi\u00e3o Dr. Valter Costa, que me relatou que o prefeito \u00cdris Rezende ser\u00e1 submetido agora a uma cirurgia no Hospital Neurol\u00f3gico para drenar um sangramento na regi\u00e3o temporal que ele teve em decorr\u00eancia do uso de anticoagulantes. Estou extremamente otimista com o resultado, pois conhe\u00e7o a compet\u00eancia das equipes do Valter e do neurologista Sebasti\u00e3o Eurico. Pe\u00e7o a Deus que Iris se recupere logo, porque ele tem muito a construir em nosso Estado de Goi\u00e1s. \u00c0 fam\u00edlia, meu carinho, ombro amigo e todo apoio. Vamos juntos em ora\u00e7\u00e3o superar esse momento!\u201d, disse Caiado.<br \/>\n<\/p>\n","protected":false},"excerpt":{"rendered":"<p>O ex-prefeito Iris Rezende sofreu um AVC hemorr\u00e1gico na manh\u00e3 desta sexta-feira, informou o site Mais Goi\u00e1s. Nas redes sociais, o governador Caiado informou que Iris ser\u00e1 submetido a uma cirurgia no Hospital Neurol\u00f3gico. \u201cAcabei de falar por telefone com o neurocirurgi\u00e3o Dr. Valter Costa, que me relatou que o prefeito \u00cdris Rezende ser\u00e1 submetido<\/p>\n","protected":false},"author":2,"featured_media":16101,"comment_status":"open","ping_status":"open","sticky":false,"template":"","format":"standard","meta":{"footnotes":""},"categories":[27,22,26,23],"tags":[],"class_list":["post-16100","post","type-post","status-publish","format-standard","has-post-thumbnail","hentry","category-brasil","category-catalao","category-destaque","category-goias"],"yoast_head":"<!-- This site is optimized with the Yoast SEO plugin v25.8 - https:\/\/yoast.com\/wordpress\/plugins\/seo\/ -->\n<title>Iris Rezende sofre AVC e ser\u00e1 submetido a cirurgia no Hospital Neurol\u00f3gico - Jornal Ultimos Acontecimentos<\/title>\n<meta name=\"robots\" content=\"index, follow, max-snippet:-1, max-image-preview:large, max-video-preview:-1\" \/>\n<link rel=\"canonical\" href=\"https:\/\/juacontecimentos.com.br\/site\/iris-rezende-sofre-avc-e-sera-submetido-cirurgia-no-hospital-neurologico\/\" \/>\n<meta property=\"og:locale\" content=\"pt_BR\" \/>\n<meta property=\"og:type\" content=\"article\" \/>\n<meta property=\"og:title\" content=\"Iris Rezende sofre AVC e ser\u00e1 submetido a cirurgia no Hospital Neurol\u00f3gico - Jornal Ultimos Acontecimentos\" \/>\n<meta property=\"og:description\" content=\"O ex-prefeito Iris Rezende sofreu um AVC hemorr\u00e1gico na manh\u00e3 desta sexta-feira, informou o site Mais Goi\u00e1s. Nas redes sociais, o governador Caiado informou que Iris ser\u00e1 submetido a uma cirurgia no Hospital Neurol\u00f3gico. \u201cAcabei de falar por telefone com o neurocirurgi\u00e3o Dr. Valter Costa, que me relatou que o prefeito \u00cdris Rezende ser\u00e1 submetido\" \/>\n<meta property=\"og:url\" content=\"https:\/\/juacontecimentos.com.br\/site\/iris-rezende-sofre-avc-e-sera-submetido-cirurgia-no-hospital-neurologico\/\" \/>\n<meta property=\"og:site_name\" content=\"Jornal Ultimos Acontecimentos\" \/>\n<meta property=\"article:publisher\" content=\"https:\/\/www.facebook.com\/jultimosacontecimentos\/\" \/>\n<meta property=\"article:published_time\" content=\"2021-08-06T20:00:21+00:00\" \/>\n<meta property=\"og:image\" content=\"https:\/\/juacontecimentos.com.br\/site\/wp-content\/uploads\/2021\/08\/iris-nova.jpg\" \/>\n\t<meta property=\"og:image:width\" content=\"554\" \/>\n\t<meta property=\"og:image:height\" content=\"341\" \/>\n\t<meta property=\"og:image:type\" content=\"image\/jpeg\" \/>\n<meta name=\"author\" content=\"Reginaldo Ribeiro\" \/>\n<meta name=\"twitter:card\" content=\"summary_large_image\" \/>\n<meta name=\"twitter:label1\" content=\"Escrito por\" \/>\n\t<meta name=\"twitter:data1\" content=\"Reginaldo Ribeiro\" \/>\n\t<meta name=\"twitter:label2\" content=\"Est. tempo de leitura\" \/>\n\t<meta name=\"twitter:data2\" content=\"1 minuto\" \/>\n<script type=\"application\/ld+json\" class=\"yoast-schema-graph\">{\"@context\":\"https:\/\/schema.org\",\"@graph\":[{\"@type\":\"Article\",\"@id\":\"https:\/\/juacontecimentos.com.br\/site\/iris-rezende-sofre-avc-e-sera-submetido-cirurgia-no-hospital-neurologico\/#article\",\"isPartOf\":{\"@id\":\"https:\/\/juacontecimentos.com.br\/site\/iris-rezende-sofre-avc-e-sera-submetido-cirurgia-no-hospital-neurologico\/\"},\"author\":{\"name\":\"Reginaldo Ribeiro\",\"@id\":\"https:\/\/juacontecimentos.com.br\/site\/#\/schema\/person\/082a54e6d3fdd7a633291428521c9669\"},\"headline\":\"Iris Rezende sofre AVC e ser\u00e1 submetido a cirurgia no Hospital Neurol\u00f3gico\",\"datePublished\":\"2021-08-06T20:00:21+00:00\",\"mainEntityOfPage\":{\"@id\":\"https:\/\/juacontecimentos.com.br\/site\/iris-rezende-sofre-avc-e-sera-submetido-cirurgia-no-hospital-neurologico\/\"},\"wordCount\":160,\"commentCount\":0,\"publisher\":{\"@id\":\"https:\/\/juacontecimentos.com.br\/site\/#organization\"},\"image\":{\"@id\":\"https:\/\/juacontecimentos.com.br\/site\/iris-rezende-sofre-avc-e-sera-submetido-cirurgia-no-hospital-neurologico\/#primaryimage\"},\"thumbnailUrl\":\"https:\/\/juacontecimentos.com.br\/site\/wp-content\/uploads\/2021\/08\/iris-nova.jpg\",\"articleSection\":[\"Brasil\",\"Catal\u00e3o\",\"Destaque\",\"Goi\u00e1s\"],\"inLanguage\":\"pt-BR\"},{\"@type\":\"WebPage\",\"@id\":\"https:\/\/juacontecimentos.com.br\/site\/iris-rezende-sofre-avc-e-sera-submetido-cirurgia-no-hospital-neurologico\/\",\"url\":\"https:\/\/juacontecimentos.com.br\/site\/iris-rezende-sofre-avc-e-sera-submetido-cirurgia-no-hospital-neurologico\/\",\"name\":\"Iris Rezende sofre AVC e ser\u00e1 submetido a cirurgia no Hospital Neurol\u00f3gico - Jornal Ultimos Acontecimentos\",\"isPartOf\":{\"@id\":\"https:\/\/juacontecimentos.com.br\/site\/#website\"},\"primaryImageOfPage\":{\"@id\":\"https:\/\/juacontecimentos.com.br\/site\/iris-rezende-sofre-avc-e-sera-submetido-cirurgia-no-hospital-neurologico\/#primaryimage\"},\"image\":{\"@id\":\"https:\/\/juacontecimentos.com.br\/site\/iris-rezende-sofre-avc-e-sera-submetido-cirurgia-no-hospital-neurologico\/#primaryimage\"},\"thumbnailUrl\":\"https:\/\/juacontecimentos.com.br\/site\/wp-content\/uploads\/2021\/08\/iris-nova.jpg\",\"datePublished\":\"2021-08-06T20:00:21+00:00\",\"breadcrumb\":{\"@id\":\"https:\/\/juacontecimentos.com.br\/site\/iris-rezende-sofre-avc-e-sera-submetido-cirurgia-no-hospital-neurologico\/#breadcrumb\"},\"inLanguage\":\"pt-BR\",\"potentialAction\":[{\"@type\":\"ReadAction\",\"target\":[\"https:\/\/juacontecimentos.com.br\/site\/iris-rezende-sofre-avc-e-sera-submetido-cirurgia-no-hospital-neurologico\/\"]}]},{\"@type\":\"ImageObject\",\"inLanguage\":\"pt-BR\",\"@id\":\"https:\/\/juacontecimentos.com.br\/site\/iris-rezende-sofre-avc-e-sera-submetido-cirurgia-no-hospital-neurologico\/#primaryimage\",\"url\":\"https:\/\/juacontecimentos.com.br\/site\/wp-content\/uploads\/2021\/08\/iris-nova.jpg\",\"contentUrl\":\"https:\/\/juacontecimentos.com.br\/site\/wp-content\/uploads\/2021\/08\/iris-nova.jpg\",\"width\":554,\"height\":341},{\"@type\":\"BreadcrumbList\",\"@id\":\"https:\/\/juacontecimentos.com.br\/site\/iris-rezende-sofre-avc-e-sera-submetido-cirurgia-no-hospital-neurologico\/#breadcrumb\",\"itemListElement\":[{\"@type\":\"ListItem\",\"position\":1,\"name\":\"In\u00edcio\",\"item\":\"https:\/\/juacontecimentos.com.br\/site\/\"},{\"@type\":\"ListItem\",\"position\":2,\"name\":\"Iris Rezende sofre AVC e ser\u00e1 submetido a cirurgia no Hospital Neurol\u00f3gico\"}]},{\"@type\":\"WebSite\",\"@id\":\"https:\/\/juacontecimentos.com.br\/site\/#website\",\"url\":\"https:\/\/juacontecimentos.com.br\/site\/\",\"name\":\"Jornal Ultimos Acontecimentos\",\"description\":\"Catal\u00e3o e regi\u00e3o\",\"publisher\":{\"@id\":\"https:\/\/juacontecimentos.com.br\/site\/#organization\"},\"potentialAction\":[{\"@type\":\"SearchAction\",\"target\":{\"@type\":\"EntryPoint\",\"urlTemplate\":\"https:\/\/juacontecimentos.com.br\/site\/?s={search_term_string}\"},\"query-input\":{\"@type\":\"PropertyValueSpecification\",\"valueRequired\":true,\"valueName\":\"search_term_string\"}}],\"inLanguage\":\"pt-BR\"},{\"@type\":\"Organization\",\"@id\":\"https:\/\/juacontecimentos.com.br\/site\/#organization\",\"name\":\"Jornal Ultimos Acontecimentos\",\"url\":\"https:\/\/juacontecimentos.com.br\/site\/\",\"logo\":{\"@type\":\"ImageObject\",\"inLanguage\":\"pt-BR\",\"@id\":\"https:\/\/juacontecimentos.com.br\/site\/#\/schema\/logo\/image\/\",\"url\":\"https:\/\/juacontecimentos.com.br\/site\/wp-content\/uploads\/2023\/04\/Logo_Site.png\",\"contentUrl\":\"https:\/\/juacontecimentos.com.br\/site\/wp-content\/uploads\/2023\/04\/Logo_Site.png\",\"width\":2476,\"height\":530,\"caption\":\"Jornal Ultimos Acontecimentos\"},\"image\":{\"@id\":\"https:\/\/juacontecimentos.com.br\/site\/#\/schema\/logo\/image\/\"},\"sameAs\":[\"https:\/\/www.facebook.com\/jultimosacontecimentos\/\"]},{\"@type\":\"Person\",\"@id\":\"https:\/\/juacontecimentos.com.br\/site\/#\/schema\/person\/082a54e6d3fdd7a633291428521c9669\",\"name\":\"Reginaldo Ribeiro\",\"image\":{\"@type\":\"ImageObject\",\"inLanguage\":\"pt-BR\",\"@id\":\"https:\/\/juacontecimentos.com.br\/site\/#\/schema\/person\/image\/\",\"url\":\"https:\/\/secure.gravatar.com\/avatar\/5c16c6837c3490270a74d888c2a845728f06bdde1f8761de1de1d1d1ef82d12f?s=96&d=mm&r=g\",\"contentUrl\":\"https:\/\/secure.gravatar.com\/avatar\/5c16c6837c3490270a74d888c2a845728f06bdde1f8761de1de1d1d1ef82d12f?s=96&d=mm&r=g\",\"caption\":\"Reginaldo Ribeiro\"}}]}<\/script>\n<!-- \/ Yoast SEO plugin. -->","yoast_head_json":{"title":"Iris Rezende sofre AVC e ser\u00e1 submetido a cirurgia no Hospital Neurol\u00f3gico - Jornal Ultimos Acontecimentos","robots":{"index":"index","follow":"follow","max-snippet":"max-snippet:-1","max-image-preview":"max-image-preview:large","max-video-preview":"max-video-preview:-1"},"canonical":"https:\/\/juacontecimentos.com.br\/site\/iris-rezende-sofre-avc-e-sera-submetido-cirurgia-no-hospital-neurologico\/","og_locale":"pt_BR","og_type":"article","og_title":"Iris Rezende sofre AVC e ser\u00e1 submetido a cirurgia no Hospital Neurol\u00f3gico - Jornal Ultimos Acontecimentos","og_description":"O ex-prefeito Iris Rezende sofreu um AVC hemorr\u00e1gico na manh\u00e3 desta sexta-feira, informou o site Mais Goi\u00e1s. Nas redes sociais, o governador Caiado informou que Iris ser\u00e1 submetido a uma cirurgia no Hospital Neurol\u00f3gico. \u201cAcabei de falar por telefone com o neurocirurgi\u00e3o Dr. Valter Costa, que me relatou que o prefeito \u00cdris Rezende ser\u00e1 submetido","og_url":"https:\/\/juacontecimentos.com.br\/site\/iris-rezende-sofre-avc-e-sera-submetido-cirurgia-no-hospital-neurologico\/","og_site_name":"Jornal Ultimos Acontecimentos","article_publisher":"https:\/\/www.facebook.com\/jultimosacontecimentos\/","article_published_time":"2021-08-06T20:00:21+00:00","og_image":[{"width":554,"height":341,"url":"https:\/\/juacontecimentos.com.br\/site\/wp-content\/uploads\/2021\/08\/iris-nova.jpg","type":"image\/jpeg"}],"author":"Reginaldo Ribeiro","twitter_card":"summary_large_image","twitter_misc":{"Escrito por":"Reginaldo Ribeiro","Est. tempo de leitura":"1 minuto"},"schema":{"@context":"https:\/\/schema.org","@graph":[{"@type":"Article","@id":"https:\/\/juacontecimentos.com.br\/site\/iris-rezende-sofre-avc-e-sera-submetido-cirurgia-no-hospital-neurologico\/#article","isPartOf":{"@id":"https:\/\/juacontecimentos.com.br\/site\/iris-rezende-sofre-avc-e-sera-submetido-cirurgia-no-hospital-neurologico\/"},"author":{"name":"Reginaldo Ribeiro","@id":"https:\/\/juacontecimentos.com.br\/site\/#\/schema\/person\/082a54e6d3fdd7a633291428521c9669"},"headline":"Iris Rezende sofre AVC e ser\u00e1 submetido a cirurgia no Hospital Neurol\u00f3gico","datePublished":"2021-08-06T20:00:21+00:00","mainEntityOfPage":{"@id":"https:\/\/juacontecimentos.com.br\/site\/iris-rezende-sofre-avc-e-sera-submetido-cirurgia-no-hospital-neurologico\/"},"wordCount":160,"commentCount":0,"publisher":{"@id":"https:\/\/juacontecimentos.com.br\/site\/#organization"},"image":{"@id":"https:\/\/juacontecimentos.com.br\/site\/iris-rezende-sofre-avc-e-sera-submetido-cirurgia-no-hospital-neurologico\/#primaryimage"},"thumbnailUrl":"https:\/\/juacontecimentos.com.br\/site\/wp-content\/uploads\/2021\/08\/iris-nova.jpg","articleSection":["Brasil","Catal\u00e3o","Destaque","Goi\u00e1s"],"inLanguage":"pt-BR"},{"@type":"WebPage","@id":"https:\/\/juacontecimentos.com.br\/site\/iris-rezende-sofre-avc-e-sera-submetido-cirurgia-no-hospital-neurologico\/","url":"https:\/\/juacontecimentos.com.br\/site\/iris-rezende-sofre-avc-e-sera-submetido-cirurgia-no-hospital-neurologico\/","name":"Iris Rezende sofre AVC e ser\u00e1 submetido a cirurgia no Hospital Neurol\u00f3gico - Jornal Ultimos Acontecimentos","isPartOf":{"@id":"https:\/\/juacontecimentos.com.br\/site\/#website"},"primaryImageOfPage":{"@id":"https:\/\/juacontecimentos.com.br\/site\/iris-rezende-sofre-avc-e-sera-submetido-cirurgia-no-hospital-neurologico\/#primaryimage"},"image":{"@id":"https:\/\/juacontecimentos.com.br\/site\/iris-rezende-sofre-avc-e-sera-submetido-cirurgia-no-hospital-neurologico\/#primaryimage"},"thumbnailUrl":"https:\/\/juacontecimentos.com.br\/site\/wp-content\/uploads\/2021\/08\/iris-nova.jpg","datePublished":"2021-08-06T20:00:21+00:00","breadcrumb":{"@id":"https:\/\/juacontecimentos.com.br\/site\/iris-rezende-sofre-avc-e-sera-submetido-cirurgia-no-hospital-neurologico\/#breadcrumb"},"inLanguage":"pt-BR","potentialAction":[{"@type":"ReadAction","target":["https:\/\/juacontecimentos.com.br\/site\/iris-rezende-sofre-avc-e-sera-submetido-cirurgia-no-hospital-neurologico\/"]}]},{"@type":"ImageObject","inLanguage":"pt-BR","@id":"https:\/\/juacontecimentos.com.br\/site\/iris-rezende-sofre-avc-e-sera-submetido-cirurgia-no-hospital-neurologico\/#primaryimage","url":"https:\/\/juacontecimentos.com.br\/site\/wp-content\/uploads\/2021\/08\/iris-nova.jpg","contentUrl":"https:\/\/juacontecimentos.com.br\/site\/wp-content\/uploads\/2021\/08\/iris-nova.jpg","width":554,"height":341},{"@type":"BreadcrumbList","@id":"https:\/\/juacontecimentos.com.br\/site\/iris-rezende-sofre-avc-e-sera-submetido-cirurgia-no-hospital-neurologico\/#breadcrumb","itemListElement":[{"@type":"ListItem","position":1,"name":"In\u00edcio","item":"https:\/\/juacontecimentos.com.br\/site\/"},{"@type":"ListItem","position":2,"name":"Iris Rezende sofre AVC e ser\u00e1 submetido a cirurgia no Hospital Neurol\u00f3gico"}]},{"@type":"WebSite","@id":"https:\/\/juacontecimentos.com.br\/site\/#website","url":"https:\/\/juacontecimentos.com.br\/site\/","name":"Jornal Ultimos Acontecimentos","description":"Catal\u00e3o e regi\u00e3o","publisher":{"@id":"https:\/\/juacontecimentos.com.br\/site\/#organization"},"potentialAction":[{"@type":"SearchAction","target":{"@type":"EntryPoint","urlTemplate":"https:\/\/juacontecimentos.com.br\/site\/?s={search_term_string}"},"query-input":{"@type":"PropertyValueSpecification","valueRequired":true,"valueName":"search_term_string"}}],"inLanguage":"pt-BR"},{"@type":"Organization","@id":"https:\/\/juacontecimentos.com.br\/site\/#organization","name":"Jornal Ultimos Acontecimentos","url":"https:\/\/juacontecimentos.com.br\/site\/","logo":{"@type":"ImageObject","inLanguage":"pt-BR","@id":"https:\/\/juacontecimentos.com.br\/site\/#\/schema\/logo\/image\/","url":"https:\/\/juacontecimentos.com.br\/site\/wp-content\/uploads\/2023\/04\/Logo_Site.png","contentUrl":"https:\/\/juacontecimentos.com.br\/site\/wp-content\/uploads\/2023\/04\/Logo_Site.png","width":2476,"height":530,"caption":"Jornal Ultimos Acontecimentos"},"image":{"@id":"https:\/\/juacontecimentos.com.br\/site\/#\/schema\/logo\/image\/"},"sameAs":["https:\/\/www.facebook.com\/jultimosacontecimentos\/"]},{"@type":"Person","@id":"https:\/\/juacontecimentos.com.br\/site\/#\/schema\/person\/082a54e6d3fdd7a633291428521c9669","name":"Reginaldo Ribeiro","image":{"@type":"ImageObject","inLanguage":"pt-BR","@id":"https:\/\/juacontecimentos.com.br\/site\/#\/schema\/person\/image\/","url":"https:\/\/secure.gravatar.com\/avatar\/5c16c6837c3490270a74d888c2a845728f06bdde1f8761de1de1d1d1ef82d12f?s=96&d=mm&r=g","contentUrl":"https:\/\/secure.gravatar.com\/avatar\/5c16c6837c3490270a74d888c2a845728f06bdde1f8761de1de1d1d1ef82d12f?s=96&d=mm&r=g","caption":"Reginaldo Ribeiro"}}]}},"_links":{"self":[{"href":"https:\/\/juacontecimentos.com.br\/site\/wp-json\/wp\/v2\/posts\/16100","targetHints":{"allow":["GET"]}}],"collection":[{"href":"https:\/\/juacontecimentos.com.br\/site\/wp-json\/wp\/v2\/posts"}],"about":[{"href":"https:\/\/juacontecimentos.com.br\/site\/wp-json\/wp\/v2\/types\/post"}],"author":[{"embeddable":true,"href":"https:\/\/juacontecimentos.com.br\/site\/wp-json\/wp\/v2\/users\/2"}],"replies":[{"embeddable":true,"href":"https:\/\/juacontecimentos.com.br\/site\/wp-json\/wp\/v2\/comments?post=16100"}],"version-history":[{"count":1,"href":"https:\/\/juacontecimentos.com.br\/site\/wp-json\/wp\/v2\/posts\/16100\/revisions"}],"predecessor-version":[{"id":16102,"href":"https:\/\/juacontecimentos.com.br\/site\/wp-json\/wp\/v2\/posts\/16100\/revisions\/16102"}],"wp:featuredmedia":[{"embeddable":true,"href":"https:\/\/juacontecimentos.com.br\/site\/wp-json\/wp\/v2\/media\/16101"}],"wp:attachment":[{"href":"https:\/\/juacontecimentos.com.br\/site\/wp-json\/wp\/v2\/media?parent=16100"}],"wp:term":[{"taxonomy":"category","embeddable":true,"href":"https:\/\/juacontecimentos.com.br\/site\/wp-json\/wp\/v2\/categories?post=16100"},{"taxonomy":"post_tag","embeddable":true,"href":"https:\/\/juacontecimentos.com.br\/site\/wp-json\/wp\/v2\/tags?post=16100"}],"curies":[{"name":"wp","href":"https:\/\/api.w.org\/{rel}","templated":true}]}}