{"id":16131,"date":"2021-08-09T05:00:15","date_gmt":"2021-08-09T08:00:15","guid":{"rendered":"https:\/\/juacontecimento.com.br\/site\/?p=16131"},"modified":"2021-08-09T05:02:00","modified_gmt":"2021-08-09T08:02:00","slug":"bolsonaro-representa-o-retrocesso-civilizatorio-lula-o-retrocesso-economico-diz-eduardo-leite","status":"publish","type":"post","link":"https:\/\/juacontecimentos.com.br\/site\/bolsonaro-representa-o-retrocesso-civilizatorio-lula-o-retrocesso-economico-diz-eduardo-leite\/","title":{"rendered":"\u2018Bolsonaro representa o retrocesso civilizat\u00f3rio, Lula, o retrocesso econ\u00f4mico\u2019, diz Eduardo Leite"},"content":{"rendered":"<h3>Pr\u00e9-candidato a presidente da Rep\u00fablica fala sobre a disputa interna no PSDB e as cr\u00edticas da esquerda ap\u00f3s afirmar que \u00e9 gay<\/h3>\n<p><img loading=\"lazy\" decoding=\"async\" class=\"alignnone size-full wp-image-16132\" src=\"https:\/\/juacontecimento.com.br\/site\/wp-content\/uploads\/2021\/08\/image-4.jpg\" alt=\"\" width=\"800\" height=\"533\" srcset=\"https:\/\/juacontecimentos.com.br\/site\/wp-content\/uploads\/2021\/08\/image-4.jpg 800w, https:\/\/juacontecimentos.com.br\/site\/wp-content\/uploads\/2021\/08\/image-4-300x200.jpg 300w, https:\/\/juacontecimentos.com.br\/site\/wp-content\/uploads\/2021\/08\/image-4-768x512.jpg 768w\" sizes=\"auto, (max-width: 800px) 100vw, 800px\" \/><\/p>\n<p class=\"ENTR_TEXTO\">\u201cN\u00e3o podemos voltar ao passado que n\u00e3o deu certo para tirar o que n\u00e3o d\u00e1 certo agora\u201d, diz o governador do Rio Grande do Sul, Eduardo Leite (PSDB), ao se colocar como um pr\u00e9-candidato a presidente da Rep\u00fablica de centro, sem radicalismo, com atua\u00e7\u00e3o equilibrada, di\u00e1logo e que busca o \u201cresgate da confian\u00e7a na pol\u00edtica\u201d. Ele afirma que o presidente Jair Bolsonaro (sem partido) representa \u201cretrocesso civilizat\u00f3rio\u201d, com suas frequentes amea\u00e7as antidemocr\u00e1ticas, e que o PT do ex-presidente Luiz In\u00e1cio Lula da Silva \u00e9 sin\u00f4nimo de \u201cretrocesso econ\u00f4mico\u201d.<\/p>\n<p class=\"ENTR_TEXTO\">Em visita a Goi\u00e2nia no \u00faltimo s\u00e1bado (7) para pedir votos a correligion\u00e1rios para as pr\u00e9vias que v\u00e3o definir o candidato \u00e0 Presid\u00eancia da Rep\u00fablica do PSDB, Eduardo Leite falou ao POPULAR sobre a disputa interna, a polariza\u00e7\u00e3o do Pa\u00eds, o fato de ter votado em Bolsonaro em 2018 e as cr\u00edticas que recebeu ao afirmar que \u00e9 gay.<\/p>\n<p><span class=\"ENTR_TEXTO_MC1\"><b>O sr. disse na semana passada que o PSDB tem de ter disposi\u00e7\u00e3o para abrir m\u00e3o da candidatura presidencial a depender do cen\u00e1rio para 2022. Toparia ser vice neste caso?<\/b><\/span><\/p>\n<p class=\"ENTR_TEXTO\">N\u00e3o, n\u00e3o seria o caso. Eu sou governador, j\u00e1 declarei desde sempre que n\u00e3o serei candidato \u00e0 reelei\u00e7\u00e3o, por n\u00e3o acreditar na reelei\u00e7\u00e3o na nossa estrutura pol\u00edtica brasileira. E terei no ano que vem o ano mais importante do mandato do governo do Estado, com as entregas, com obras, os melhores resultados do governo. S\u00f3 deixo isso se for para uma candidatura \u00e0 Presid\u00eancia. Se for outro o candidato que se revela mais capaz de aglutinar apoios e se apresentar \u00e0 popula\u00e7\u00e3o, eu acho que devemos ter humildade para reconhecer isso. Pol\u00edtica temos de fazer com for\u00e7a, determina\u00e7\u00e3o, vontade, mas n\u00e3o apenas por vontade pessoal. A vontade faz o caminho, \u00e9 importante ter vontade e disposi\u00e7\u00e3o, e n\u00e3o me faltam ambos, mas n\u00e3o \u00e9 sobre atender o meu prop\u00f3sito pessoal para comigo mesmo, para atender a minha vaidade, a minha aspira\u00e7\u00e3o pessoal. \u00c9 para atender um projeto de Pa\u00eds. E, eventualmente, outra pessoa pode, numa circunst\u00e2ncia espec\u00edfica, ser a que consegue melhor se conectar com o eleitor num determinado momento. Porque pol\u00edtica tamb\u00e9m \u00e9 o momento. Voc\u00ea tem de reconhecer que, eventualmente, o momento pede um outro tipo de candidatura. Eu estou convencido de que eu posso representar, neste momento pol\u00edtico do Brasil, um projeto que busca reconectar as pessoas com a esperan\u00e7a, com o futuro. Mas temos de ter humildade para reconhecer se outra pessoa tiver esta condi\u00e7\u00e3o.<\/p>\n<p><span class=\"ENTR_TEXTO_MC1\"><b>Mas n\u00e3o \u00e9 contradit\u00f3rio dizer que n\u00e3o \u00e9 projeto pessoal, que tem de haver humildade para reconhecer outro nome com maior capacidade de aglutinar, e n\u00e3o topar ser vice? N\u00e3o seria em nome do projeto para o Pa\u00eds?<\/b><\/span><\/p>\n<p class=\"ENTR_TEXTO\">N\u00e3o, a\u00ed eu acho que o meu papel pode ser outro, pode ser nos bastidores. N\u00e3o estou dizendo que n\u00e3o vou ajudar. Mas a\u00ed meu papel talvez seja de ajudar, coordenar, liderar em outras frentes. N\u00e3o precisa estar na chapa majorit\u00e1ria, porque isso envolve a ren\u00fancia ao mandato de governador. Eu tenho um contrato de trabalho, como costumo dizer, com o povo ga\u00facho e a sa\u00edda se justifica desde que seja para liderar um projeto nacional. Se for para ser coadjuvante, ent\u00e3o eu vou coadjuvar mantendo o meu mandato e o meu trabalho no Rio Grande do Sul at\u00e9 o final.<\/p>\n<p class=\"ENTR_TEXTO\"><span class=\"ENTR_TEXTO_MC1\"><b>O sr. teve um encontro na sexta-feira com o ex-governador de S\u00e3o Paulo Geraldo Alckmin. Como foi a conversa?<\/b><\/span><\/p>\n<p class=\"ENTR_TEXTO\">Foi uma boa conversa. Tenho o governador Geraldo Alckmin como refer\u00eancia. Conhece administra\u00e7\u00e3o p\u00fablica, conhece o Brasil como duas vezes candidato a presidente, conhece o partido, n\u00e3o s\u00f3 em S\u00e3o Paulo, como no Brasil inteiro. Ent\u00e3o foi uma conversa de trocar ideias, impress\u00f5es, e claro, tamb\u00e9m fazer o meu apelo a ele para que fique no PSDB. \u00c9 muito importante para n\u00f3s que ele permane\u00e7a. Infelizmente as condi\u00e7\u00f5es parecem dif\u00edceis (Doria quer lan\u00e7ar o vice, Rodrigo Garcia, como candidato ao governo, enquanto Alckmin tem planos de disputar) e ele n\u00e3o revelou se efetivamente deixar\u00e1 o partido ou n\u00e3o, mas a nossa insist\u00eancia \u00e9 para que continue no PSDB e que possa estar engajado conosco no projeto nacional.<\/p>\n<p class=\"ENTR_TEXTO\"><span class=\"ENTR_TEXTO_MC1\"><b>Ele sinalizou que vai atuar em seu favor no diret\u00f3rio de S\u00e3o Paulo?<\/b><\/span><\/p>\n<p class=\"ENTR_TEXTO\">N\u00e3o quero falar por ele. Vamos deixa-lo falar.<\/p>\n<p class=\"ENTR_TEXTO\"><span class=\"ENTR_TEXTO_MC1\"><b>Mas o sr. foi buscar um acerto nesse sentido.<\/b><\/span><\/p>\n<p class=\"ENTR_TEXTO\">A gente tem muita afinidade, respeito m\u00fatuo. Tenho certeza da afinidade que ele tem conosco no nosso projeto, por sermos um velho PSDB, vamos dizer assim. Embora eu seja jovem, eu sempre respeitei muito o velho PSDB. Acho que n\u00e3o \u00e9 o caso de um novo PSDB. Temos de respeitar muito as origens do partido, gente como ele, que fez o PSDB ser um partido de quadros relevantes. E h\u00e1 um grupo que o cerca que certamente estar\u00e1 conosco, independentemente de ele estar no partido ou n\u00e3o. Esse \u00e9 o nosso trabalho. Queremos resgatar o prop\u00f3sito do PSDB tamb\u00e9m a partir de S\u00e3o Paulo.<\/p>\n<p class=\"ENTR_TEXTO\"><span class=\"ENTR_TEXTO_MC1\"><b>O sr. disse que n\u00e3o acredita na reelei\u00e7\u00e3o, que foi criada em governo do PSDB. Se eleito, articularia para acabar com a reelei\u00e7\u00e3o?<\/b><\/span><\/p>\n<p class=\"ENTR_TEXTO\">Eu acho que \u00e9 uma das primeiras coisas a ser feitas no Brasil do pr\u00f3ximo presidente. Porque o Pa\u00eds est\u00e1 num processo de divis\u00e3o pol\u00edtica muito forte. O pr\u00f3ximo presidente, sendo algu\u00e9m que n\u00e3o Lula e Bolsonaro, no dia 1\u00ba, se for um virtual candidato \u00e0 reelei\u00e7\u00e3o, passa a ser atacado por lulistas e por bolsonaristas, o que vai travar ou dificultar a capacidade de avan\u00e7ar na agenda que realmente interessa ao Brasil. \u00c9 preciso ter foco na agenda de transforma\u00e7\u00e3o e, se o governante \u00e9 candidato \u00e0 reelei\u00e7\u00e3o, ele j\u00e1 come\u00e7a como obst\u00e1culo primeiro daqueles que querem o retorno ao poder, os bolsonaristas e lulistas. Ent\u00e3o, acho importante, sim, avan\u00e7ar numa reforma pol\u00edtica que elimine a reelei\u00e7\u00e3o.<\/p>\n<p class=\"ENTR_TEXTO\"><span class=\"ENTR_TEXTO_MC1\"><b>O que acha da tese de que \u00e9 muito jovem, que existe uma fila na pol\u00edtica, \u00e9 preciso avan\u00e7ar em etapas e n\u00e3o seria o momento de ser candidato a presidente?<\/b><\/span><\/p>\n<p class=\"ENTR_TEXTO\">\u00c9 o que eu ou\u00e7o desde sempre. Quando fui concorrer a prefeito, com 27 anos, ouvi a mesma coisa, que deveria concorrer a vereador de novo para me consolidar na pol\u00edtica do meu munic\u00edpio. E eu concorri a prefeito, fui muito bem avaliado, terminei o mandato com 90% de aprova\u00e7\u00e3o, tanto \u00e9 que recebi para governador 90% dos votos em Pelotas, que \u00e9 a terceira maior cidade do Rio Grande, onde fui prefeito. Quando fui concorrer a governador foi a mesma coisa, que era jovem, que podia esperar. E estou l\u00e1 como um dos governadores mais jovens da hist\u00f3ria do Brasil e fazendo transforma\u00e7\u00f5es profundas no Rio Grande do Sul. No mundo, a gente tamb\u00e9m v\u00ea s\u00edmbolos jovens. Uma das mais destacadas l\u00edderes no mundo hoje \u00e9 a primeira-ministra da Nova Zel\u00e2ndia, Jacinda Ardern, que come\u00e7ou o seu mandato com 37 anos. H\u00e1 outros exemplos, como Justin Trudeou no Canad\u00e1. Gente jovem que vai assumindo posi\u00e7\u00f5es de lideran\u00e7a, de destaque, e que \u00e9 o que acho que precisamos tamb\u00e9m no Brasil. Abrir espa\u00e7o para novos l\u00edderes. N\u00e3o por serem jovens somente, mas porque tenham capacidade. Me considero com capacidade, depois de ter sido prefeito e governador de um Estado complexo como o Rio Grande do Sul, com necessidade de tantas reformas. Me sinto pronto para liderar um projeto nacional.<\/p>\n<p class=\"ENTR_TEXTO\"><span class=\"ENTR_TEXTO_MC1\"><b>Na vinda a Goi\u00e1s no m\u00eas passado, o governador de S\u00e3o Paulo, Jo\u00e3o D\u00f3ria, levou um pux\u00e3o de orelha dos tucanos daqui pelo fato de ele ter dois secret\u00e1rios goianos (Alexandre Baldy e Henrique Meirelles) que n\u00e3o est\u00e3o no mesmo lado do PSDB aqui. O sr. tem Raquel Teixeira como secret\u00e1ria de Educa\u00e7\u00e3o, que \u00e9 do PSDB, e destacou isso nas entrevistas. \u00c9 um contraponto?<\/b><\/span><\/p>\n<p class=\"ENTR_TEXTO\">Olha, a Raquel foi convidada pelas qualidades dela, \u00e9 uma pessoa extremamente capacitada, com for\u00e7a de vontade e disposi\u00e7\u00e3o para o trabalho admir\u00e1veis. E ainda tem esse benef\u00edcio de, politicamente, estar alinhada dentro do projeto do PSDB. Isso ajuda, sem d\u00favida nenhuma. A gente respeita o partido aqui e, antes de convidar a Raquel, eu falei com Marconi Perillo e com Jos\u00e9 Eliton, justamente respeitando a estrutura pol\u00edtica local. E me sinto muito feliz de poder contar com ela no nosso governo.<\/p>\n<p class=\"ENTR_TEXTO\"><span class=\"ENTR_TEXTO_MC1\"><b>O sr. esperava tantas cr\u00edticas de lideran\u00e7as da esquerda quando anunciou que \u00e9 gay? Como responde? E n\u00e3o h\u00e1 o risco de ficar num limbo, com rejei\u00e7\u00e3o da direita mais extremista e com rejei\u00e7\u00e3o de parte da esquerda?<\/b><\/span><\/p>\n<p class=\"ENTR_TEXTO\">Olha, houve muitos ataques, mas houve muitas manifesta\u00e7\u00f5es de acolhimento tamb\u00e9m na esquerda. Maria do Ros\u00e1rio, Manuela d\u2019\u00c1villa, Fernanda Melchionna, entre outras lideran\u00e7as da esquerda do Rio Grande do Sul, manifestaram acolhimento, respeito, e palavras de est\u00edmulo. Sobre uma ou outra manifesta\u00e7\u00e3o pontualmente que tenha sido feita, eu sempre procuro me colocar no lugar do outro. Por que o outro est\u00e1 fazendo isso? Talvez ativistas que h\u00e1 muito tempo atuam nesta \u00e1rea, militam nesta causa &#8211; e que merecem todo respeito por isso &#8211; e mais machucados ao longo do tempo por enfrentarem tempos at\u00e9 mais dif\u00edceis de se falar sobre esse assunto, pelas feridas de suas pr\u00f3prias batalhas, ao se deparar com algu\u00e9m que pensa politicamente diferente falando sobre esse assunto se sintam um pouco machucadas. Eu respeito, compreendo, lamento. Mas tenho certeza que as manifesta\u00e7\u00f5es de carinho e de apre\u00e7o foram muito, muito maiores do que os ataques.<\/p>\n<p class=\"ENTR_TEXTO\"><strong>Acha que o PSDB deve ter candidato em Goi\u00e1s?<\/strong><\/p>\n<p class=\"ENTR_TEXTO\">Acho que sim. N\u00f3s trabalhamos para isso. Um partido que tem o tamanho, a estrutura, a hist\u00f3ria do PSDB aqui em Goi\u00e1s tem tudo para ter candidatura. \u00c9 algo que tem de ser constru\u00eddo nos pr\u00f3ximos meses para que a gente possa ter uma candidatura vi\u00e1vel e que represente o PSDB aqui.<\/p>\n<p class=\"ENTR_TEXTO\"><strong>O sr. disse que n\u00e3o chegaria em Goi\u00e2nia com uma caixinha para apresentar (Jo\u00e3o Doria mostrou uma caixa da coronavac em discurso durante a visita a Goi\u00e1s), mas qual acha que \u00e9 o peso desse mote da vacina em favor de Doria?<\/strong><\/p>\n<p class=\"ENTR_TEXTO\">O governador Jo\u00e3o Doria teve uma participa\u00e7\u00e3o muito importante que a gente respeita na quest\u00e3o da vacina. \u00c9 ineg\u00e1vel a lideran\u00e7a que ele teve nesse processo. Mas a elei\u00e7\u00e3o n\u00e3o se d\u00e1 por uma \u00fanica raz\u00e3o, um \u00fanico motivo. Estamos vendo casos no mundo, desde Sebasti\u00e1n Pi\u00f1era, no Chile, que tem um porcentual de vacina\u00e7\u00e3o maior que os EUA na segunda dose, \u00e9 o Pa\u00eds da Am\u00e9rica do Sul que mais rapidamente avan\u00e7a na vacina\u00e7\u00e3o e com uma popularidade muito baixa. Vimos o exemplo de Israel na vacina\u00e7\u00e3o e Netanyahu perdeu o apoio pol\u00edtico. Ent\u00e3o, a vacina\u00e7\u00e3o \u00e9 um componente, mas n\u00e3o \u00e9 o \u00fanico. \u00c9 preciso fazer essa leitura. A gente respeita e exalta a lideran\u00e7a que S\u00e3o Paulo teve, at\u00e9 pelas condi\u00e7\u00f5es do Estado, porque tem o Instituto Butantan com 100 anos de hist\u00f3ria, o que os outros Estados n\u00e3o t\u00eam. Ent\u00e3o, naturalmente a lideran\u00e7a de S\u00e3o Paulo se expressa n\u00e3o apenas pela voca\u00e7\u00e3o do governador Jo\u00e3o Doria, como pela pr\u00f3pria capacidade do Estado, institucional, a estrutura que S\u00e3o Paulo tem ao longo da hist\u00f3ria para atender um quesito como esse ao Brasil todo. Isso n\u00f3s respeitamos, mas as discuss\u00f5es do ano que vem entendemos que estar\u00e3o mais centradas no futuro do Brasil. Com um cen\u00e1rio de pandemia j\u00e1 controlada, esperamos, precisaremos da capacidade de serenar os \u00e2nimos, trazer o Pa\u00eds de volta para o bom-senso, o equil\u00edbrio, para que a gente foque em atacar os problemas, n\u00e3o atacar as pessoas. A pol\u00edtica brasileira nos \u00faltimos anos ficou muito raivosa, com uma tentativa mais de destruir advers\u00e1rios do que de construir solu\u00e7\u00f5es para o Brasil. Eu aposto nisso, que a gente consiga superar, fechar um cap\u00edtulo. Lula n\u00e3o vai cicatrizar as feridas deixadas por Bolsonaro. Precisa encerrar esse cap\u00edtulo e abrir um novo. Bolsonaro, por sua vez, ataca tudo aquilo que pode ser espa\u00e7o de express\u00e3o do contradit\u00f3rio: imprensa, Congresso, governadores, Judici\u00e1rio. N\u00e3o abre di\u00e1logo, n\u00e3o sabe conviver. Precisamos resgatar a esperan\u00e7a, a confian\u00e7a na pol\u00edtica. N\u00e3o podemos voltar ao passado que n\u00e3o deu certo para tirar o que n\u00e3o d\u00e1 certo agora. \u00c9 nesse sentido que acho que posso colaborar.<\/p>\n<p><strong>O sr. tem criticado o discurso de \u00f3dio e as amea\u00e7as antidemocr\u00e1ticas que t\u00eam sido feitas pelo presidente Bolsonaro, em quem o sr. votou no segundo turno de 2018. N\u00e3o acha que era previs\u00edvel esse comportamento do presidente levando em conta a trajet\u00f3ria pol\u00edtica dele e os discursos que fez durante a pr\u00f3pria campanha?<\/strong><\/p>\n<p class=\"ENTR_TEXTO\">A gente precisa se transportar \u00e0quela situa\u00e7\u00e3o de 2018, em que t\u00ednhamos os maiores esc\u00e2ndalos de corrup\u00e7\u00e3o da hist\u00f3ria recente do Brasil, com bilh\u00f5es de reais que tinham sido desviados, com n\u00e3o apenas den\u00fancias, mas comprova\u00e7\u00e3o, com devolu\u00e7\u00e3o de dinheiro. Executivos da principal companhia do Pa\u00eds, a Petrobras, devolvendo milh\u00f5es e milh\u00f5es de reais, assumindo a sua responsabilidade num esquema de corrup\u00e7\u00e3o institucionalizado. Seria muito ruim ao Brasil que voltassem ao poder, mas n\u00e3o s\u00f3 por isso. As den\u00fancias de corrup\u00e7\u00e3o podem ser avaliadas judicialmente, mas pior ainda, ou t\u00e3o ruim quanto elas, era o modelo econ\u00f4mico trabalhado nos governos do PT, que gerou 14 milh\u00f5es de desempregados. O Brasil em 2015 e 2016 teve a mais profunda recess\u00e3o da sua hist\u00f3ria. O Pa\u00eds estava quebrado, em um momento em que o mundo estava crescendo. Era diferente da crise que estamos enfrentando agora, porque h\u00e1 um contexto mundial de recess\u00e3o por conta da pandemia. O mundo crescia, os pa\u00edses emergentes cresciam mais ainda, e o Brasil, por sua pr\u00f3pria responsabilidade, ou irresponsabilidade com que foi governado, com d\u00e9ficit nas contas p\u00fablicas de mais de R$ 150 bilh\u00f5es, que geraram as pedaladas, que ensejaram o impeachment da presidente (Dilma Rousseff). Tudo aquilo levou a uma crise de confian\u00e7a, de credibilidade, afetou investimentos e fez o Pa\u00eds entrar em recess\u00e3o. A volta do PT ao poder seria muito negativa para o Pa\u00eds do ponto de vista econ\u00f4mico, mantendo a falta de credibilidade, prejudicando investimentos no Pa\u00eds e muito provavelmente nos dificultando a sair de um cen\u00e1rio econ\u00f4mico dif\u00edcil. Na minha vis\u00e3o, era certeza de que com o PT ter\u00edamos isso. O Bolsonaro n\u00e3o era meu candidato, meu candidato foi Geraldo Alckmin, para quem eu votei e fiz campanha no primeiro turno. Infelizmente, n\u00e3o foi levado ao segundo turno. A elei\u00e7\u00e3o do segundo turno foi plebiscit\u00e1ria. Para evitar a volta do PT com o programa econ\u00f4mico ruim que tinha, dei meu voto ao Bolsonaro. Com as cr\u00edticas. Deixei muito bem pontuadas as cr\u00edticas, quem quiser pode acompanhar nas redes sociais o v\u00eddeo em que declarei voto, pontuando muito bem as diferen\u00e7as. N\u00e3o fiz campanha casada com Bolsonaro, n\u00e3o defendi o voto em Bolsonaro em momento algum, n\u00e3o fiz material casado. N\u00e3o fiz absolutamente nada em defesa da candidatura dele. Declarei o voto como cidad\u00e3o e expliquei por que estava votando. Se por um lado tinha a certeza de que a volta do PT seria ruim, do lado de Bolsonaro tinha talvez a esperan\u00e7a, ainda que pequena, de que poderia ser, na cadeira de presidente, diferente do que foi em cadeira de deputado. Na cadeira de parlamentar, poderia ter comportamento mais verborr\u00e1gico, mas achamos que a cadeira da Presid\u00eancia pudesse impor um pouco mais de sobriedade ao presidente. Errei. Errei como erraram milh\u00f5es de brasileiros junto comigo nessa mesma expectativa. Agora precisamos trabalhar para corrigir este erro e evitar que estejamos diante de um segundo turno, onde tenhamos de um lado o retrocesso civilizat\u00f3rio e as amea\u00e7as de Bolsonaro e o retrocesso econ\u00f4mico e os problemas causados pelo PT. Isso que temos de evitar no ano que vem para trazer o Brasil de volta para o bom senso, para o equil\u00edbrio, para o respeito e para uma pol\u00edtica econ\u00f4mica e de governo que efetivamente produza confian\u00e7a no futuro do Brasil, retomada econ\u00f4mica, emprego, renda.<\/p>\n<p><\/p>\n","protected":false},"excerpt":{"rendered":"<p>Pr\u00e9-candidato a presidente da Rep\u00fablica fala sobre a disputa interna no PSDB e as cr\u00edticas da esquerda ap\u00f3s afirmar que \u00e9 gay \u201cN\u00e3o podemos voltar ao passado que n\u00e3o deu certo para tirar o que n\u00e3o d\u00e1 certo agora\u201d, diz o governador do Rio Grande do Sul, Eduardo Leite (PSDB), ao se colocar como um<\/p>\n","protected":false},"author":2,"featured_media":16134,"comment_status":"open","ping_status":"open","sticky":false,"template":"","format":"standard","meta":{"footnotes":""},"categories":[27,22,26,23],"tags":[],"class_list":["post-16131","post","type-post","status-publish","format-standard","has-post-thumbnail","hentry","category-brasil","category-catalao","category-destaque","category-goias"],"yoast_head":"<!-- This site is optimized with the Yoast SEO plugin v25.8 - https:\/\/yoast.com\/wordpress\/plugins\/seo\/ -->\n<title>\u2018Bolsonaro representa o retrocesso civilizat\u00f3rio, Lula, o retrocesso econ\u00f4mico\u2019, diz Eduardo Leite - Jornal Ultimos Acontecimentos<\/title>\n<meta name=\"robots\" content=\"index, follow, max-snippet:-1, max-image-preview:large, max-video-preview:-1\" \/>\n<link rel=\"canonical\" href=\"https:\/\/juacontecimentos.com.br\/site\/bolsonaro-representa-o-retrocesso-civilizatorio-lula-o-retrocesso-economico-diz-eduardo-leite\/\" \/>\n<meta property=\"og:locale\" content=\"pt_BR\" \/>\n<meta property=\"og:type\" content=\"article\" \/>\n<meta property=\"og:title\" content=\"\u2018Bolsonaro representa o retrocesso civilizat\u00f3rio, Lula, o retrocesso econ\u00f4mico\u2019, diz Eduardo Leite - Jornal Ultimos Acontecimentos\" \/>\n<meta property=\"og:description\" content=\"Pr\u00e9-candidato a presidente da Rep\u00fablica fala sobre a disputa interna no PSDB e as cr\u00edticas da esquerda ap\u00f3s afirmar que \u00e9 gay \u201cN\u00e3o podemos voltar ao passado que n\u00e3o deu certo para tirar o que n\u00e3o d\u00e1 certo agora\u201d, diz o governador do Rio Grande do Sul, Eduardo Leite (PSDB), ao se colocar como um\" \/>\n<meta property=\"og:url\" content=\"https:\/\/juacontecimentos.com.br\/site\/bolsonaro-representa-o-retrocesso-civilizatorio-lula-o-retrocesso-economico-diz-eduardo-leite\/\" \/>\n<meta property=\"og:site_name\" content=\"Jornal Ultimos Acontecimentos\" \/>\n<meta property=\"article:publisher\" content=\"https:\/\/www.facebook.com\/jultimosacontecimentos\/\" \/>\n<meta property=\"article:published_time\" content=\"2021-08-09T08:00:15+00:00\" \/>\n<meta property=\"article:modified_time\" content=\"2021-08-09T08:02:00+00:00\" \/>\n<meta property=\"og:image\" content=\"https:\/\/juacontecimentos.com.br\/site\/wp-content\/uploads\/2021\/08\/images-3.jpeg\" \/>\n\t<meta property=\"og:image:width\" content=\"678\" \/>\n\t<meta property=\"og:image:height\" content=\"452\" \/>\n\t<meta property=\"og:image:type\" content=\"image\/jpeg\" \/>\n<meta name=\"author\" content=\"Reginaldo Ribeiro\" \/>\n<meta name=\"twitter:card\" content=\"summary_large_image\" \/>\n<meta name=\"twitter:label1\" content=\"Escrito por\" \/>\n\t<meta name=\"twitter:data1\" content=\"Reginaldo Ribeiro\" \/>\n\t<meta name=\"twitter:label2\" content=\"Est. tempo de leitura\" \/>\n\t<meta name=\"twitter:data2\" content=\"14 minutos\" \/>\n<script type=\"application\/ld+json\" class=\"yoast-schema-graph\">{\"@context\":\"https:\/\/schema.org\",\"@graph\":[{\"@type\":\"Article\",\"@id\":\"https:\/\/juacontecimentos.com.br\/site\/bolsonaro-representa-o-retrocesso-civilizatorio-lula-o-retrocesso-economico-diz-eduardo-leite\/#article\",\"isPartOf\":{\"@id\":\"https:\/\/juacontecimentos.com.br\/site\/bolsonaro-representa-o-retrocesso-civilizatorio-lula-o-retrocesso-economico-diz-eduardo-leite\/\"},\"author\":{\"name\":\"Reginaldo Ribeiro\",\"@id\":\"https:\/\/juacontecimentos.com.br\/site\/#\/schema\/person\/082a54e6d3fdd7a633291428521c9669\"},\"headline\":\"\u2018Bolsonaro representa o retrocesso civilizat\u00f3rio, Lula, o retrocesso econ\u00f4mico\u2019, diz Eduardo Leite\",\"datePublished\":\"2021-08-09T08:00:15+00:00\",\"dateModified\":\"2021-08-09T08:02:00+00:00\",\"mainEntityOfPage\":{\"@id\":\"https:\/\/juacontecimentos.com.br\/site\/bolsonaro-representa-o-retrocesso-civilizatorio-lula-o-retrocesso-economico-diz-eduardo-leite\/\"},\"wordCount\":2900,\"commentCount\":0,\"publisher\":{\"@id\":\"https:\/\/juacontecimentos.com.br\/site\/#organization\"},\"image\":{\"@id\":\"https:\/\/juacontecimentos.com.br\/site\/bolsonaro-representa-o-retrocesso-civilizatorio-lula-o-retrocesso-economico-diz-eduardo-leite\/#primaryimage\"},\"thumbnailUrl\":\"https:\/\/juacontecimentos.com.br\/site\/wp-content\/uploads\/2021\/08\/images-3.jpeg\",\"articleSection\":[\"Brasil\",\"Catal\u00e3o\",\"Destaque\",\"Goi\u00e1s\"],\"inLanguage\":\"pt-BR\"},{\"@type\":\"WebPage\",\"@id\":\"https:\/\/juacontecimentos.com.br\/site\/bolsonaro-representa-o-retrocesso-civilizatorio-lula-o-retrocesso-economico-diz-eduardo-leite\/\",\"url\":\"https:\/\/juacontecimentos.com.br\/site\/bolsonaro-representa-o-retrocesso-civilizatorio-lula-o-retrocesso-economico-diz-eduardo-leite\/\",\"name\":\"\u2018Bolsonaro representa o retrocesso civilizat\u00f3rio, Lula, o retrocesso econ\u00f4mico\u2019, diz Eduardo Leite - Jornal Ultimos Acontecimentos\",\"isPartOf\":{\"@id\":\"https:\/\/juacontecimentos.com.br\/site\/#website\"},\"primaryImageOfPage\":{\"@id\":\"https:\/\/juacontecimentos.com.br\/site\/bolsonaro-representa-o-retrocesso-civilizatorio-lula-o-retrocesso-economico-diz-eduardo-leite\/#primaryimage\"},\"image\":{\"@id\":\"https:\/\/juacontecimentos.com.br\/site\/bolsonaro-representa-o-retrocesso-civilizatorio-lula-o-retrocesso-economico-diz-eduardo-leite\/#primaryimage\"},\"thumbnailUrl\":\"https:\/\/juacontecimentos.com.br\/site\/wp-content\/uploads\/2021\/08\/images-3.jpeg\",\"datePublished\":\"2021-08-09T08:00:15+00:00\",\"dateModified\":\"2021-08-09T08:02:00+00:00\",\"breadcrumb\":{\"@id\":\"https:\/\/juacontecimentos.com.br\/site\/bolsonaro-representa-o-retrocesso-civilizatorio-lula-o-retrocesso-economico-diz-eduardo-leite\/#breadcrumb\"},\"inLanguage\":\"pt-BR\",\"potentialAction\":[{\"@type\":\"ReadAction\",\"target\":[\"https:\/\/juacontecimentos.com.br\/site\/bolsonaro-representa-o-retrocesso-civilizatorio-lula-o-retrocesso-economico-diz-eduardo-leite\/\"]}]},{\"@type\":\"ImageObject\",\"inLanguage\":\"pt-BR\",\"@id\":\"https:\/\/juacontecimentos.com.br\/site\/bolsonaro-representa-o-retrocesso-civilizatorio-lula-o-retrocesso-economico-diz-eduardo-leite\/#primaryimage\",\"url\":\"https:\/\/juacontecimentos.com.br\/site\/wp-content\/uploads\/2021\/08\/images-3.jpeg\",\"contentUrl\":\"https:\/\/juacontecimentos.com.br\/site\/wp-content\/uploads\/2021\/08\/images-3.jpeg\",\"width\":678,\"height\":452},{\"@type\":\"BreadcrumbList\",\"@id\":\"https:\/\/juacontecimentos.com.br\/site\/bolsonaro-representa-o-retrocesso-civilizatorio-lula-o-retrocesso-economico-diz-eduardo-leite\/#breadcrumb\",\"itemListElement\":[{\"@type\":\"ListItem\",\"position\":1,\"name\":\"In\u00edcio\",\"item\":\"https:\/\/juacontecimentos.com.br\/site\/\"},{\"@type\":\"ListItem\",\"position\":2,\"name\":\"\u2018Bolsonaro representa o retrocesso civilizat\u00f3rio, Lula, o retrocesso econ\u00f4mico\u2019, diz Eduardo Leite\"}]},{\"@type\":\"WebSite\",\"@id\":\"https:\/\/juacontecimentos.com.br\/site\/#website\",\"url\":\"https:\/\/juacontecimentos.com.br\/site\/\",\"name\":\"Jornal Ultimos Acontecimentos\",\"description\":\"Catal\u00e3o e regi\u00e3o\",\"publisher\":{\"@id\":\"https:\/\/juacontecimentos.com.br\/site\/#organization\"},\"potentialAction\":[{\"@type\":\"SearchAction\",\"target\":{\"@type\":\"EntryPoint\",\"urlTemplate\":\"https:\/\/juacontecimentos.com.br\/site\/?s={search_term_string}\"},\"query-input\":{\"@type\":\"PropertyValueSpecification\",\"valueRequired\":true,\"valueName\":\"search_term_string\"}}],\"inLanguage\":\"pt-BR\"},{\"@type\":\"Organization\",\"@id\":\"https:\/\/juacontecimentos.com.br\/site\/#organization\",\"name\":\"Jornal Ultimos Acontecimentos\",\"url\":\"https:\/\/juacontecimentos.com.br\/site\/\",\"logo\":{\"@type\":\"ImageObject\",\"inLanguage\":\"pt-BR\",\"@id\":\"https:\/\/juacontecimentos.com.br\/site\/#\/schema\/logo\/image\/\",\"url\":\"https:\/\/juacontecimentos.com.br\/site\/wp-content\/uploads\/2023\/04\/Logo_Site.png\",\"contentUrl\":\"https:\/\/juacontecimentos.com.br\/site\/wp-content\/uploads\/2023\/04\/Logo_Site.png\",\"width\":2476,\"height\":530,\"caption\":\"Jornal Ultimos Acontecimentos\"},\"image\":{\"@id\":\"https:\/\/juacontecimentos.com.br\/site\/#\/schema\/logo\/image\/\"},\"sameAs\":[\"https:\/\/www.facebook.com\/jultimosacontecimentos\/\"]},{\"@type\":\"Person\",\"@id\":\"https:\/\/juacontecimentos.com.br\/site\/#\/schema\/person\/082a54e6d3fdd7a633291428521c9669\",\"name\":\"Reginaldo Ribeiro\",\"image\":{\"@type\":\"ImageObject\",\"inLanguage\":\"pt-BR\",\"@id\":\"https:\/\/juacontecimentos.com.br\/site\/#\/schema\/person\/image\/\",\"url\":\"https:\/\/secure.gravatar.com\/avatar\/5c16c6837c3490270a74d888c2a845728f06bdde1f8761de1de1d1d1ef82d12f?s=96&d=mm&r=g\",\"contentUrl\":\"https:\/\/secure.gravatar.com\/avatar\/5c16c6837c3490270a74d888c2a845728f06bdde1f8761de1de1d1d1ef82d12f?s=96&d=mm&r=g\",\"caption\":\"Reginaldo Ribeiro\"}}]}<\/script>\n<!-- \/ Yoast SEO plugin. -->","yoast_head_json":{"title":"\u2018Bolsonaro representa o retrocesso civilizat\u00f3rio, Lula, o retrocesso econ\u00f4mico\u2019, diz Eduardo Leite - Jornal Ultimos Acontecimentos","robots":{"index":"index","follow":"follow","max-snippet":"max-snippet:-1","max-image-preview":"max-image-preview:large","max-video-preview":"max-video-preview:-1"},"canonical":"https:\/\/juacontecimentos.com.br\/site\/bolsonaro-representa-o-retrocesso-civilizatorio-lula-o-retrocesso-economico-diz-eduardo-leite\/","og_locale":"pt_BR","og_type":"article","og_title":"\u2018Bolsonaro representa o retrocesso civilizat\u00f3rio, Lula, o retrocesso econ\u00f4mico\u2019, diz Eduardo Leite - Jornal Ultimos Acontecimentos","og_description":"Pr\u00e9-candidato a presidente da Rep\u00fablica fala sobre a disputa interna no PSDB e as cr\u00edticas da esquerda ap\u00f3s afirmar que \u00e9 gay \u201cN\u00e3o podemos voltar ao passado que n\u00e3o deu certo para tirar o que n\u00e3o d\u00e1 certo agora\u201d, diz o governador do Rio Grande do Sul, Eduardo Leite (PSDB), ao se colocar como um","og_url":"https:\/\/juacontecimentos.com.br\/site\/bolsonaro-representa-o-retrocesso-civilizatorio-lula-o-retrocesso-economico-diz-eduardo-leite\/","og_site_name":"Jornal Ultimos Acontecimentos","article_publisher":"https:\/\/www.facebook.com\/jultimosacontecimentos\/","article_published_time":"2021-08-09T08:00:15+00:00","article_modified_time":"2021-08-09T08:02:00+00:00","og_image":[{"width":678,"height":452,"url":"https:\/\/juacontecimentos.com.br\/site\/wp-content\/uploads\/2021\/08\/images-3.jpeg","type":"image\/jpeg"}],"author":"Reginaldo Ribeiro","twitter_card":"summary_large_image","twitter_misc":{"Escrito por":"Reginaldo Ribeiro","Est. tempo de leitura":"14 minutos"},"schema":{"@context":"https:\/\/schema.org","@graph":[{"@type":"Article","@id":"https:\/\/juacontecimentos.com.br\/site\/bolsonaro-representa-o-retrocesso-civilizatorio-lula-o-retrocesso-economico-diz-eduardo-leite\/#article","isPartOf":{"@id":"https:\/\/juacontecimentos.com.br\/site\/bolsonaro-representa-o-retrocesso-civilizatorio-lula-o-retrocesso-economico-diz-eduardo-leite\/"},"author":{"name":"Reginaldo Ribeiro","@id":"https:\/\/juacontecimentos.com.br\/site\/#\/schema\/person\/082a54e6d3fdd7a633291428521c9669"},"headline":"\u2018Bolsonaro representa o retrocesso civilizat\u00f3rio, Lula, o retrocesso econ\u00f4mico\u2019, diz Eduardo Leite","datePublished":"2021-08-09T08:00:15+00:00","dateModified":"2021-08-09T08:02:00+00:00","mainEntityOfPage":{"@id":"https:\/\/juacontecimentos.com.br\/site\/bolsonaro-representa-o-retrocesso-civilizatorio-lula-o-retrocesso-economico-diz-eduardo-leite\/"},"wordCount":2900,"commentCount":0,"publisher":{"@id":"https:\/\/juacontecimentos.com.br\/site\/#organization"},"image":{"@id":"https:\/\/juacontecimentos.com.br\/site\/bolsonaro-representa-o-retrocesso-civilizatorio-lula-o-retrocesso-economico-diz-eduardo-leite\/#primaryimage"},"thumbnailUrl":"https:\/\/juacontecimentos.com.br\/site\/wp-content\/uploads\/2021\/08\/images-3.jpeg","articleSection":["Brasil","Catal\u00e3o","Destaque","Goi\u00e1s"],"inLanguage":"pt-BR"},{"@type":"WebPage","@id":"https:\/\/juacontecimentos.com.br\/site\/bolsonaro-representa-o-retrocesso-civilizatorio-lula-o-retrocesso-economico-diz-eduardo-leite\/","url":"https:\/\/juacontecimentos.com.br\/site\/bolsonaro-representa-o-retrocesso-civilizatorio-lula-o-retrocesso-economico-diz-eduardo-leite\/","name":"\u2018Bolsonaro representa o retrocesso civilizat\u00f3rio, Lula, o retrocesso econ\u00f4mico\u2019, diz Eduardo Leite - Jornal Ultimos Acontecimentos","isPartOf":{"@id":"https:\/\/juacontecimentos.com.br\/site\/#website"},"primaryImageOfPage":{"@id":"https:\/\/juacontecimentos.com.br\/site\/bolsonaro-representa-o-retrocesso-civilizatorio-lula-o-retrocesso-economico-diz-eduardo-leite\/#primaryimage"},"image":{"@id":"https:\/\/juacontecimentos.com.br\/site\/bolsonaro-representa-o-retrocesso-civilizatorio-lula-o-retrocesso-economico-diz-eduardo-leite\/#primaryimage"},"thumbnailUrl":"https:\/\/juacontecimentos.com.br\/site\/wp-content\/uploads\/2021\/08\/images-3.jpeg","datePublished":"2021-08-09T08:00:15+00:00","dateModified":"2021-08-09T08:02:00+00:00","breadcrumb":{"@id":"https:\/\/juacontecimentos.com.br\/site\/bolsonaro-representa-o-retrocesso-civilizatorio-lula-o-retrocesso-economico-diz-eduardo-leite\/#breadcrumb"},"inLanguage":"pt-BR","potentialAction":[{"@type":"ReadAction","target":["https:\/\/juacontecimentos.com.br\/site\/bolsonaro-representa-o-retrocesso-civilizatorio-lula-o-retrocesso-economico-diz-eduardo-leite\/"]}]},{"@type":"ImageObject","inLanguage":"pt-BR","@id":"https:\/\/juacontecimentos.com.br\/site\/bolsonaro-representa-o-retrocesso-civilizatorio-lula-o-retrocesso-economico-diz-eduardo-leite\/#primaryimage","url":"https:\/\/juacontecimentos.com.br\/site\/wp-content\/uploads\/2021\/08\/images-3.jpeg","contentUrl":"https:\/\/juacontecimentos.com.br\/site\/wp-content\/uploads\/2021\/08\/images-3.jpeg","width":678,"height":452},{"@type":"BreadcrumbList","@id":"https:\/\/juacontecimentos.com.br\/site\/bolsonaro-representa-o-retrocesso-civilizatorio-lula-o-retrocesso-economico-diz-eduardo-leite\/#breadcrumb","itemListElement":[{"@type":"ListItem","position":1,"name":"In\u00edcio","item":"https:\/\/juacontecimentos.com.br\/site\/"},{"@type":"ListItem","position":2,"name":"\u2018Bolsonaro representa o retrocesso civilizat\u00f3rio, Lula, o retrocesso econ\u00f4mico\u2019, diz Eduardo Leite"}]},{"@type":"WebSite","@id":"https:\/\/juacontecimentos.com.br\/site\/#website","url":"https:\/\/juacontecimentos.com.br\/site\/","name":"Jornal Ultimos Acontecimentos","description":"Catal\u00e3o e regi\u00e3o","publisher":{"@id":"https:\/\/juacontecimentos.com.br\/site\/#organization"},"potentialAction":[{"@type":"SearchAction","target":{"@type":"EntryPoint","urlTemplate":"https:\/\/juacontecimentos.com.br\/site\/?s={search_term_string}"},"query-input":{"@type":"PropertyValueSpecification","valueRequired":true,"valueName":"search_term_string"}}],"inLanguage":"pt-BR"},{"@type":"Organization","@id":"https:\/\/juacontecimentos.com.br\/site\/#organization","name":"Jornal Ultimos Acontecimentos","url":"https:\/\/juacontecimentos.com.br\/site\/","logo":{"@type":"ImageObject","inLanguage":"pt-BR","@id":"https:\/\/juacontecimentos.com.br\/site\/#\/schema\/logo\/image\/","url":"https:\/\/juacontecimentos.com.br\/site\/wp-content\/uploads\/2023\/04\/Logo_Site.png","contentUrl":"https:\/\/juacontecimentos.com.br\/site\/wp-content\/uploads\/2023\/04\/Logo_Site.png","width":2476,"height":530,"caption":"Jornal Ultimos Acontecimentos"},"image":{"@id":"https:\/\/juacontecimentos.com.br\/site\/#\/schema\/logo\/image\/"},"sameAs":["https:\/\/www.facebook.com\/jultimosacontecimentos\/"]},{"@type":"Person","@id":"https:\/\/juacontecimentos.com.br\/site\/#\/schema\/person\/082a54e6d3fdd7a633291428521c9669","name":"Reginaldo Ribeiro","image":{"@type":"ImageObject","inLanguage":"pt-BR","@id":"https:\/\/juacontecimentos.com.br\/site\/#\/schema\/person\/image\/","url":"https:\/\/secure.gravatar.com\/avatar\/5c16c6837c3490270a74d888c2a845728f06bdde1f8761de1de1d1d1ef82d12f?s=96&d=mm&r=g","contentUrl":"https:\/\/secure.gravatar.com\/avatar\/5c16c6837c3490270a74d888c2a845728f06bdde1f8761de1de1d1d1ef82d12f?s=96&d=mm&r=g","caption":"Reginaldo Ribeiro"}}]}},"_links":{"self":[{"href":"https:\/\/juacontecimentos.com.br\/site\/wp-json\/wp\/v2\/posts\/16131","targetHints":{"allow":["GET"]}}],"collection":[{"href":"https:\/\/juacontecimentos.com.br\/site\/wp-json\/wp\/v2\/posts"}],"about":[{"href":"https:\/\/juacontecimentos.com.br\/site\/wp-json\/wp\/v2\/types\/post"}],"author":[{"embeddable":true,"href":"https:\/\/juacontecimentos.com.br\/site\/wp-json\/wp\/v2\/users\/2"}],"replies":[{"embeddable":true,"href":"https:\/\/juacontecimentos.com.br\/site\/wp-json\/wp\/v2\/comments?post=16131"}],"version-history":[{"count":2,"href":"https:\/\/juacontecimentos.com.br\/site\/wp-json\/wp\/v2\/posts\/16131\/revisions"}],"predecessor-version":[{"id":16135,"href":"https:\/\/juacontecimentos.com.br\/site\/wp-json\/wp\/v2\/posts\/16131\/revisions\/16135"}],"wp:featuredmedia":[{"embeddable":true,"href":"https:\/\/juacontecimentos.com.br\/site\/wp-json\/wp\/v2\/media\/16134"}],"wp:attachment":[{"href":"https:\/\/juacontecimentos.com.br\/site\/wp-json\/wp\/v2\/media?parent=16131"}],"wp:term":[{"taxonomy":"category","embeddable":true,"href":"https:\/\/juacontecimentos.com.br\/site\/wp-json\/wp\/v2\/categories?post=16131"},{"taxonomy":"post_tag","embeddable":true,"href":"https:\/\/juacontecimentos.com.br\/site\/wp-json\/wp\/v2\/tags?post=16131"}],"curies":[{"name":"wp","href":"https:\/\/api.w.org\/{rel}","templated":true}]}}