{"id":16143,"date":"2021-08-10T06:14:52","date_gmt":"2021-08-10T09:14:52","guid":{"rendered":"https:\/\/juacontecimento.com.br\/site\/?p=16143"},"modified":"2021-08-10T06:14:52","modified_gmt":"2021-08-10T09:14:52","slug":"caldas-novas-registra-recorde-de-casos-de-covid-19","status":"publish","type":"post","link":"https:\/\/juacontecimentos.com.br\/site\/caldas-novas-registra-recorde-de-casos-de-covid-19\/","title":{"rendered":"Caldas Novas registra recorde de casos de Covid-19"},"content":{"rendered":"<h3>Prefeitura adia aulas presenciais e Secretaria da Sa\u00fade tenta identificar a origem do cont\u00e1gio que atingiu trabalhadores das unidades de ensino e motoristas do transporte escolar<\/h3>\n<p><img loading=\"lazy\" decoding=\"async\" class=\"alignnone size-full wp-image-16144\" src=\"https:\/\/juacontecimento.com.br\/site\/wp-content\/uploads\/2021\/08\/image-2-2.jpg\" alt=\"\" width=\"800\" height=\"447\" srcset=\"https:\/\/juacontecimentos.com.br\/site\/wp-content\/uploads\/2021\/08\/image-2-2.jpg 800w, https:\/\/juacontecimentos.com.br\/site\/wp-content\/uploads\/2021\/08\/image-2-2-300x168.jpg 300w, https:\/\/juacontecimentos.com.br\/site\/wp-content\/uploads\/2021\/08\/image-2-2-768x429.jpg 768w\" sizes=\"auto, (max-width: 800px) 100vw, 800px\" \/><\/p>\n<p>A confirma\u00e7\u00e3o de cinco casos de Covid-19 na esfera da Educa\u00e7\u00e3o levou o munic\u00edpio de Caldas Novas a suspender, por cinco dias, as aulas presenciais nesta segunda-feira (9) em algumas unidades da rede p\u00fablica. Pelo menos outros 11 casos suspeitos foram registrados na comunidade escolar. Em julho, o munic\u00edpio marcou o recorde de notifica\u00e7\u00f5es desde o in\u00edcio da pandemia, com 1.372 diagn\u00f3sticos.<\/p>\n<p class=\"TEXTO\">Decreto do prefeito Kleber Marra (Republicanos) no final de julho havia adiado o retorno das atividades letivas para o dia 16, mas o Minist\u00e9rio P\u00fablico recorreu e obteve liminar autorizando a retomada das aulas presenciais no in\u00edcio do m\u00eas, com capacidade reduzida que deveria aumentar gradativamente nas redes p\u00fablica e privada.<\/p>\n<p class=\"TEXTO\">Em junho, um Termo de Ajustamento de Conduta (TAC) homologado pela Vara da Inf\u00e2ncia e Juventude da comarca local definiu que creches e pr\u00e9-escolas municipais retomariam as atividades com 50% dos alunos presencialmente. As demais etapas do ensino, com 12,5% na primeira semana de agosto. O aumento seria gradativo, at\u00e9 alcan\u00e7ar 50% no fim do m\u00eas. O acordo foi assinado pelos representantes do Minist\u00e9rio P\u00fablico, pelo prefeito Kl\u00e9ber Marra, pela secret\u00e1ria de Educa\u00e7\u00e3o, Keila Rezende, e pelo procurador-geral do Munic\u00edpio, Rodrigo de Souza.<\/p>\n<p class=\"TEXTO\">No dia 30 de julho foi publicado um decreto adiando a retomada das atividades para o dia 16. Um dia depois, a festa Sunset, autorizada pela prefeitura, reuniu mil pessoas, a grande maioria sem prote\u00e7\u00e3o. Ao justificar o decreto, que tamb\u00e9m endureceu a fiscaliza\u00e7\u00e3o dos protocolos biossanit\u00e1rios, o prefeito alegou aumento de casos de Covid-19. O MP recorreu por entender que toda a cidade, que depende basicamente do turismo, estava funcionando. A Justi\u00e7a acatou a justificativa dos promotores de Justi\u00e7a Pedro Eug\u00eanio Beltrame Benatti e Vin\u00edcius de Castro Borges.<\/p>\n<p class=\"TEXTO\">Secret\u00e1ria de Sa\u00fade de Caldas Novas, Emanuella Coelho informou ao POPULAR que equipes de sua pasta est\u00e3o dando suporte para a Secretaria da Educa\u00e7\u00e3o na tentativa de rastrear a origem do cont\u00e1gio. \u201cIdentificamos as escolas onde h\u00e1 casos e todos os funcion\u00e1rios est\u00e3o sendo monitorados, entre eles um motorista do transporte escolar que tem contato com v\u00e1rias pessoas\u201d, explicou. No fim de semana o Sindicato dos Trabalhadores Municipais de Caldas Novas (SindiCaldas) recebeu den\u00fancias de casos positivos em v\u00e1rias escolas. \u201cN\u00e3o h\u00e1 condi\u00e7\u00f5es de retorno porque as escolas n\u00e3o est\u00e3o preparadas. A taxa de contamina\u00e7\u00e3o aqui \u00e9 alt\u00edssima\u201d, afirmou o presidente da entidade, Eur\u00edpedes Israel.<\/p>\n<p class=\"TEXTO\">Uma professora que preferiu n\u00e3o se identificar disse ao POPULAR que h\u00e1 um clima de muita inseguran\u00e7a. \u201cAs escolas n\u00e3o est\u00e3o preparadas para nos receber, n\u00e3o h\u00e1 equipamentos de prote\u00e7\u00e3o suficientes.\u201d Eur\u00edpedes Israel disse que a resist\u00eancia dos trabalhadores da educa\u00e7\u00e3o em voltar para as salas de aula est\u00e1 no fato de que n\u00e3o h\u00e1 uma uniformidade. \u201cAlgumas unidades est\u00e3o em melhores condi\u00e7\u00f5es, mas na periferia a situa\u00e7\u00e3o \u00e9 muito ruim. As escolas precisam de ampla reforma, para garantir principalmente ventila\u00e7\u00e3o adequada.\u201d O presidente do SindiCaldas n\u00e3o tem d\u00favidas de que o turismo contribuiu para aumentar os casos de Covid. \u201cA cidade ficou a Deus dar\u00e1 nas f\u00e9rias.\u201d<\/p>\n<p class=\"TEXTO\">Emanuella Coelho acredita que o surto de casos na rede municipal de ensino pode ter v\u00ednculo com o per\u00edodo de f\u00e9rias. \u201cPedimos para atrasar por 15 dias o retorno das aulas porque havia uma preocupa\u00e7\u00e3o latente de que muita gente que trabalhou no m\u00eas de julho poderia positivar na primeira semana seguinte ao final da alta temporada\u201d. De acordo com a secret\u00e1ria, \u00e9 comum o servidor p\u00fablico ter outro trabalho, normalmente na rede hoteleira, ambiente onde ele poderia se contaminar. \u201cTenho funcion\u00e1rios da Sa\u00fade que, fora do plant\u00e3o, s\u00e3o salva-vidas nos clubes. Caldas Novas depende do turismo para sobreviver. \u00c9 uma cidade at\u00edpica\u201d, disse.<\/p>\n<p class=\"TEXTO\">Por meio de nota a Secretaria de Educa\u00e7\u00e3o informou que recebeu com preocupa\u00e7\u00e3o a decis\u00e3o da Justi\u00e7a que determinou o retorno imediato das aulas. A pasta pretende reavaliar o cen\u00e1rio ap\u00f3s cinco dias e, se for seguro, ser\u00e1 autorizada a retomada das atividades nas unidades onde foram registrados os casos confirmados e suspeitos. \u201cO aumento de casos acontece no Brasil todo, n\u00e3o s\u00f3 em Caldas Novas. \u00c9 preciso que haja seguran\u00e7a sanit\u00e1ria para o retorno das aulas presenciais, para garantir a seguran\u00e7a tanto dos alunos e seus familiares, quanto dos nossos servidores\u201d, diz o comunicado.<\/p>\n<p class=\"TEXTO\">A Secretaria de Sa\u00fade tenta revisar os n\u00fameros, mas tem dificuldades em alguns setores porque n\u00e3o encontra respaldo junto \u00e0 popula\u00e7\u00e3o, segundo a titular da pasta. \u201cHouve um casamento numa comunidade cigana que reuniu mais de 200 pessoas no final de julho. Enviamos equipes l\u00e1 para fazer o teste, mas apenas 30 pessoas compareceram e todas estavam positivas. As demais ficaram trancadas em casas\u201d, exemplificou. Segundo ela, j\u00e1 foi identificado tamb\u00e9m aumento de casos da doen\u00e7a em abrigos de idosos.<\/p>\n<p class=\"TEXTO\">A diretoria de Vigil\u00e2ncia em Sa\u00fade de Caldas Novas fez uma an\u00e1lise do n\u00famero de casos confirmados de Covid-19 no munic\u00edpio entre mar\u00e7o de 2020 e julho de 2021. No per\u00edodo, o \u00e1pice registrado foi em mar\u00e7o deste ano com, 1003 casos, mas em junho a curva voltou a subir chegando a 1064 casos e a 1372 em julho, alta temporada de f\u00e9rias. At\u00e9 o dia 31 de julho a cidade acumulou 231 \u00f3bitos por Covid-19, sendo que seis ocorreram no final do m\u00eas, com um dia de diferen\u00e7a. Nos dois \u00faltimos fins de semana de julho, segundo o secret\u00e1rio de Turismo de Caldas Novas, Mauricio Iles, a cidade teve uma ocupa\u00e7\u00e3o de 75%, o limite estabelecido por decreto municipal.<\/p>\n<p class=\"TEXTO\">Maur\u00edcio Iles n\u00e3o acredita que a circula\u00e7\u00e3o de pessoas de fora tenha impacto substancial no n\u00famero de casos de Covid-19. \u201cOs empres\u00e1rios est\u00e3o trabalhando obedecendo todos os protocolos. E hoje, quem viaja s\u00e3o pessoas que t\u00eam seguran\u00e7a. Se apresentam algum sintoma gripal preferem cancelar ou adiar a viagem temendo ficar longe do seu sistema de sa\u00fade ou dos parentes. Hoje s\u00e3o comuns os cancelamentos de reservas\u201d, acredita.<\/p>\n<p class=\"TEXTO\">Pelo mapa que mostra os indicadores da Covid-19 em Goi\u00e1s, elaborado pela Secretaria Estadual de Sa\u00fade (SES), Caldas Novas, que integra a regional de Sa\u00fade Estrada de Ferro, apresentava situa\u00e7\u00e3o cr\u00edtica na semana anterior, mas na semana que fechou na sexta-feira (6) o quadro evoluiu para calamidade. Isso indica piora tanto no n\u00famero de casos notificados da doen\u00e7a quanto no n\u00famero de \u00f3bitos.<\/p>\n<p class=\"INTERTITULO\"><b>Evento-teste<\/b><\/p>\n<p class=\"TEXTO\">Ainda n\u00e3o h\u00e1 repercuss\u00e3o na sa\u00fade municipal do evento-teste realizado no dia 31 de julho, autorizado pela prefeitura que reuniu mil pessoas em Caldas Novas. A festa Sunset, com duplas sertanejas, chamou a aten\u00e7\u00e3o por provocar aglomera\u00e7\u00e3o, pela aus\u00eancia de distanciamento e o n\u00e3o uso de m\u00e1scaras. \u201cA empresa que realizou o evento condicionou a obrigatoriedade do teste. Se pessoas de fora positivaram, eu n\u00e3o tenho como saber porque o reflexo n\u00e3o ser\u00e1 para mim\u201d, explicou Emanuella Coelho.<\/p>\n<p class=\"TEXTO\">Maur\u00edcio Iles informou que a economia local n\u00e3o pode parar e o trabalho vem sendo feito no sentido de coibir abusos. \u201cAinda \u00e9 cedo para saber se esse evento ter\u00e1 impacto na sa\u00fade, mas n\u00e3o temos outras festas agendadas. As pessoas precisam ser mais assertivas.\u201d A vacina\u00e7\u00e3o acelerada, na vis\u00e3o do secret\u00e1rio, \u00e9 a grande aposta para que a situa\u00e7\u00e3o seja normalizada. Nesta segunda-feira o munic\u00edpio come\u00e7ou a vacinar pessoas da faixa et\u00e1ria de 29 anos. \u201cEst\u00e1 atingindo agora os trabalhadores da hotelaria, que j\u00e1 deveriam ter sido vacinados bem antes.\u201d<\/p>\n<p><img loading=\"lazy\" decoding=\"async\" class=\"alignnone size-full wp-image-16145\" src=\"https:\/\/juacontecimento.com.br\/site\/wp-content\/uploads\/2021\/08\/image-3-2.jpg\" alt=\"\" width=\"800\" height=\"593\" srcset=\"https:\/\/juacontecimentos.com.br\/site\/wp-content\/uploads\/2021\/08\/image-3-2.jpg 800w, https:\/\/juacontecimentos.com.br\/site\/wp-content\/uploads\/2021\/08\/image-3-2-300x222.jpg 300w, https:\/\/juacontecimentos.com.br\/site\/wp-content\/uploads\/2021\/08\/image-3-2-768x569.jpg 768w\" sizes=\"auto, (max-width: 800px) 100vw, 800px\" \/><br \/>\n<\/p>\n","protected":false},"excerpt":{"rendered":"<p>Prefeitura adia aulas presenciais e Secretaria da Sa\u00fade tenta identificar a origem do cont\u00e1gio que atingiu trabalhadores das unidades de ensino e motoristas do transporte escolar A confirma\u00e7\u00e3o de cinco casos de Covid-19 na esfera da Educa\u00e7\u00e3o levou o munic\u00edpio de Caldas Novas a suspender, por cinco dias, as aulas presenciais nesta segunda-feira (9) em<\/p>\n","protected":false},"author":2,"featured_media":16144,"comment_status":"open","ping_status":"open","sticky":false,"template":"","format":"standard","meta":{"footnotes":""},"categories":[27,22,26,23],"tags":[],"class_list":["post-16143","post","type-post","status-publish","format-standard","has-post-thumbnail","hentry","category-brasil","category-catalao","category-destaque","category-goias"],"yoast_head":"<!-- This site is optimized with the Yoast SEO plugin v25.8 - https:\/\/yoast.com\/wordpress\/plugins\/seo\/ -->\n<title>Caldas Novas registra recorde de casos de Covid-19 - Jornal Ultimos Acontecimentos<\/title>\n<meta name=\"robots\" content=\"index, follow, max-snippet:-1, max-image-preview:large, max-video-preview:-1\" \/>\n<link rel=\"canonical\" href=\"https:\/\/juacontecimentos.com.br\/site\/caldas-novas-registra-recorde-de-casos-de-covid-19\/\" \/>\n<meta property=\"og:locale\" content=\"pt_BR\" \/>\n<meta property=\"og:type\" content=\"article\" \/>\n<meta property=\"og:title\" content=\"Caldas Novas registra recorde de casos de Covid-19 - Jornal Ultimos Acontecimentos\" \/>\n<meta property=\"og:description\" content=\"Prefeitura adia aulas presenciais e Secretaria da Sa\u00fade tenta identificar a origem do cont\u00e1gio que atingiu trabalhadores das unidades de ensino e motoristas do transporte escolar A confirma\u00e7\u00e3o de cinco casos de Covid-19 na esfera da Educa\u00e7\u00e3o levou o munic\u00edpio de Caldas Novas a suspender, por cinco dias, as aulas presenciais nesta segunda-feira (9) em\" \/>\n<meta property=\"og:url\" content=\"https:\/\/juacontecimentos.com.br\/site\/caldas-novas-registra-recorde-de-casos-de-covid-19\/\" \/>\n<meta property=\"og:site_name\" content=\"Jornal Ultimos Acontecimentos\" \/>\n<meta property=\"article:publisher\" content=\"https:\/\/www.facebook.com\/jultimosacontecimentos\/\" \/>\n<meta property=\"article:published_time\" content=\"2021-08-10T09:14:52+00:00\" \/>\n<meta property=\"og:image\" content=\"https:\/\/juacontecimentos.com.br\/site\/wp-content\/uploads\/2021\/08\/image-2-2.jpg\" \/>\n\t<meta property=\"og:image:width\" content=\"800\" \/>\n\t<meta property=\"og:image:height\" content=\"447\" \/>\n\t<meta property=\"og:image:type\" content=\"image\/jpeg\" \/>\n<meta name=\"author\" content=\"Reginaldo Ribeiro\" \/>\n<meta name=\"twitter:card\" content=\"summary_large_image\" \/>\n<meta name=\"twitter:label1\" content=\"Escrito por\" \/>\n\t<meta name=\"twitter:data1\" content=\"Reginaldo Ribeiro\" \/>\n\t<meta name=\"twitter:label2\" content=\"Est. tempo de leitura\" \/>\n\t<meta name=\"twitter:data2\" content=\"7 minutos\" \/>\n<script type=\"application\/ld+json\" class=\"yoast-schema-graph\">{\"@context\":\"https:\/\/schema.org\",\"@graph\":[{\"@type\":\"Article\",\"@id\":\"https:\/\/juacontecimentos.com.br\/site\/caldas-novas-registra-recorde-de-casos-de-covid-19\/#article\",\"isPartOf\":{\"@id\":\"https:\/\/juacontecimentos.com.br\/site\/caldas-novas-registra-recorde-de-casos-de-covid-19\/\"},\"author\":{\"name\":\"Reginaldo Ribeiro\",\"@id\":\"https:\/\/juacontecimentos.com.br\/site\/#\/schema\/person\/082a54e6d3fdd7a633291428521c9669\"},\"headline\":\"Caldas Novas registra recorde de casos de Covid-19\",\"datePublished\":\"2021-08-10T09:14:52+00:00\",\"mainEntityOfPage\":{\"@id\":\"https:\/\/juacontecimentos.com.br\/site\/caldas-novas-registra-recorde-de-casos-de-covid-19\/\"},\"wordCount\":1348,\"commentCount\":0,\"publisher\":{\"@id\":\"https:\/\/juacontecimentos.com.br\/site\/#organization\"},\"image\":{\"@id\":\"https:\/\/juacontecimentos.com.br\/site\/caldas-novas-registra-recorde-de-casos-de-covid-19\/#primaryimage\"},\"thumbnailUrl\":\"https:\/\/juacontecimentos.com.br\/site\/wp-content\/uploads\/2021\/08\/image-2-2.jpg\",\"articleSection\":[\"Brasil\",\"Catal\u00e3o\",\"Destaque\",\"Goi\u00e1s\"],\"inLanguage\":\"pt-BR\"},{\"@type\":\"WebPage\",\"@id\":\"https:\/\/juacontecimentos.com.br\/site\/caldas-novas-registra-recorde-de-casos-de-covid-19\/\",\"url\":\"https:\/\/juacontecimentos.com.br\/site\/caldas-novas-registra-recorde-de-casos-de-covid-19\/\",\"name\":\"Caldas Novas registra recorde de casos de Covid-19 - Jornal Ultimos Acontecimentos\",\"isPartOf\":{\"@id\":\"https:\/\/juacontecimentos.com.br\/site\/#website\"},\"primaryImageOfPage\":{\"@id\":\"https:\/\/juacontecimentos.com.br\/site\/caldas-novas-registra-recorde-de-casos-de-covid-19\/#primaryimage\"},\"image\":{\"@id\":\"https:\/\/juacontecimentos.com.br\/site\/caldas-novas-registra-recorde-de-casos-de-covid-19\/#primaryimage\"},\"thumbnailUrl\":\"https:\/\/juacontecimentos.com.br\/site\/wp-content\/uploads\/2021\/08\/image-2-2.jpg\",\"datePublished\":\"2021-08-10T09:14:52+00:00\",\"breadcrumb\":{\"@id\":\"https:\/\/juacontecimentos.com.br\/site\/caldas-novas-registra-recorde-de-casos-de-covid-19\/#breadcrumb\"},\"inLanguage\":\"pt-BR\",\"potentialAction\":[{\"@type\":\"ReadAction\",\"target\":[\"https:\/\/juacontecimentos.com.br\/site\/caldas-novas-registra-recorde-de-casos-de-covid-19\/\"]}]},{\"@type\":\"ImageObject\",\"inLanguage\":\"pt-BR\",\"@id\":\"https:\/\/juacontecimentos.com.br\/site\/caldas-novas-registra-recorde-de-casos-de-covid-19\/#primaryimage\",\"url\":\"https:\/\/juacontecimentos.com.br\/site\/wp-content\/uploads\/2021\/08\/image-2-2.jpg\",\"contentUrl\":\"https:\/\/juacontecimentos.com.br\/site\/wp-content\/uploads\/2021\/08\/image-2-2.jpg\",\"width\":800,\"height\":447},{\"@type\":\"BreadcrumbList\",\"@id\":\"https:\/\/juacontecimentos.com.br\/site\/caldas-novas-registra-recorde-de-casos-de-covid-19\/#breadcrumb\",\"itemListElement\":[{\"@type\":\"ListItem\",\"position\":1,\"name\":\"In\u00edcio\",\"item\":\"https:\/\/juacontecimentos.com.br\/site\/\"},{\"@type\":\"ListItem\",\"position\":2,\"name\":\"Caldas Novas registra recorde de casos de Covid-19\"}]},{\"@type\":\"WebSite\",\"@id\":\"https:\/\/juacontecimentos.com.br\/site\/#website\",\"url\":\"https:\/\/juacontecimentos.com.br\/site\/\",\"name\":\"Jornal Ultimos Acontecimentos\",\"description\":\"Catal\u00e3o e regi\u00e3o\",\"publisher\":{\"@id\":\"https:\/\/juacontecimentos.com.br\/site\/#organization\"},\"potentialAction\":[{\"@type\":\"SearchAction\",\"target\":{\"@type\":\"EntryPoint\",\"urlTemplate\":\"https:\/\/juacontecimentos.com.br\/site\/?s={search_term_string}\"},\"query-input\":{\"@type\":\"PropertyValueSpecification\",\"valueRequired\":true,\"valueName\":\"search_term_string\"}}],\"inLanguage\":\"pt-BR\"},{\"@type\":\"Organization\",\"@id\":\"https:\/\/juacontecimentos.com.br\/site\/#organization\",\"name\":\"Jornal Ultimos Acontecimentos\",\"url\":\"https:\/\/juacontecimentos.com.br\/site\/\",\"logo\":{\"@type\":\"ImageObject\",\"inLanguage\":\"pt-BR\",\"@id\":\"https:\/\/juacontecimentos.com.br\/site\/#\/schema\/logo\/image\/\",\"url\":\"https:\/\/juacontecimentos.com.br\/site\/wp-content\/uploads\/2023\/04\/Logo_Site.png\",\"contentUrl\":\"https:\/\/juacontecimentos.com.br\/site\/wp-content\/uploads\/2023\/04\/Logo_Site.png\",\"width\":2476,\"height\":530,\"caption\":\"Jornal Ultimos Acontecimentos\"},\"image\":{\"@id\":\"https:\/\/juacontecimentos.com.br\/site\/#\/schema\/logo\/image\/\"},\"sameAs\":[\"https:\/\/www.facebook.com\/jultimosacontecimentos\/\"]},{\"@type\":\"Person\",\"@id\":\"https:\/\/juacontecimentos.com.br\/site\/#\/schema\/person\/082a54e6d3fdd7a633291428521c9669\",\"name\":\"Reginaldo Ribeiro\",\"image\":{\"@type\":\"ImageObject\",\"inLanguage\":\"pt-BR\",\"@id\":\"https:\/\/juacontecimentos.com.br\/site\/#\/schema\/person\/image\/\",\"url\":\"https:\/\/secure.gravatar.com\/avatar\/5c16c6837c3490270a74d888c2a845728f06bdde1f8761de1de1d1d1ef82d12f?s=96&d=mm&r=g\",\"contentUrl\":\"https:\/\/secure.gravatar.com\/avatar\/5c16c6837c3490270a74d888c2a845728f06bdde1f8761de1de1d1d1ef82d12f?s=96&d=mm&r=g\",\"caption\":\"Reginaldo Ribeiro\"}}]}<\/script>\n<!-- \/ Yoast SEO plugin. -->","yoast_head_json":{"title":"Caldas Novas registra recorde de casos de Covid-19 - Jornal Ultimos Acontecimentos","robots":{"index":"index","follow":"follow","max-snippet":"max-snippet:-1","max-image-preview":"max-image-preview:large","max-video-preview":"max-video-preview:-1"},"canonical":"https:\/\/juacontecimentos.com.br\/site\/caldas-novas-registra-recorde-de-casos-de-covid-19\/","og_locale":"pt_BR","og_type":"article","og_title":"Caldas Novas registra recorde de casos de Covid-19 - Jornal Ultimos Acontecimentos","og_description":"Prefeitura adia aulas presenciais e Secretaria da Sa\u00fade tenta identificar a origem do cont\u00e1gio que atingiu trabalhadores das unidades de ensino e motoristas do transporte escolar A confirma\u00e7\u00e3o de cinco casos de Covid-19 na esfera da Educa\u00e7\u00e3o levou o munic\u00edpio de Caldas Novas a suspender, por cinco dias, as aulas presenciais nesta segunda-feira (9) em","og_url":"https:\/\/juacontecimentos.com.br\/site\/caldas-novas-registra-recorde-de-casos-de-covid-19\/","og_site_name":"Jornal Ultimos Acontecimentos","article_publisher":"https:\/\/www.facebook.com\/jultimosacontecimentos\/","article_published_time":"2021-08-10T09:14:52+00:00","og_image":[{"width":800,"height":447,"url":"https:\/\/juacontecimentos.com.br\/site\/wp-content\/uploads\/2021\/08\/image-2-2.jpg","type":"image\/jpeg"}],"author":"Reginaldo Ribeiro","twitter_card":"summary_large_image","twitter_misc":{"Escrito por":"Reginaldo Ribeiro","Est. tempo de leitura":"7 minutos"},"schema":{"@context":"https:\/\/schema.org","@graph":[{"@type":"Article","@id":"https:\/\/juacontecimentos.com.br\/site\/caldas-novas-registra-recorde-de-casos-de-covid-19\/#article","isPartOf":{"@id":"https:\/\/juacontecimentos.com.br\/site\/caldas-novas-registra-recorde-de-casos-de-covid-19\/"},"author":{"name":"Reginaldo Ribeiro","@id":"https:\/\/juacontecimentos.com.br\/site\/#\/schema\/person\/082a54e6d3fdd7a633291428521c9669"},"headline":"Caldas Novas registra recorde de casos de Covid-19","datePublished":"2021-08-10T09:14:52+00:00","mainEntityOfPage":{"@id":"https:\/\/juacontecimentos.com.br\/site\/caldas-novas-registra-recorde-de-casos-de-covid-19\/"},"wordCount":1348,"commentCount":0,"publisher":{"@id":"https:\/\/juacontecimentos.com.br\/site\/#organization"},"image":{"@id":"https:\/\/juacontecimentos.com.br\/site\/caldas-novas-registra-recorde-de-casos-de-covid-19\/#primaryimage"},"thumbnailUrl":"https:\/\/juacontecimentos.com.br\/site\/wp-content\/uploads\/2021\/08\/image-2-2.jpg","articleSection":["Brasil","Catal\u00e3o","Destaque","Goi\u00e1s"],"inLanguage":"pt-BR"},{"@type":"WebPage","@id":"https:\/\/juacontecimentos.com.br\/site\/caldas-novas-registra-recorde-de-casos-de-covid-19\/","url":"https:\/\/juacontecimentos.com.br\/site\/caldas-novas-registra-recorde-de-casos-de-covid-19\/","name":"Caldas Novas registra recorde de casos de Covid-19 - Jornal Ultimos Acontecimentos","isPartOf":{"@id":"https:\/\/juacontecimentos.com.br\/site\/#website"},"primaryImageOfPage":{"@id":"https:\/\/juacontecimentos.com.br\/site\/caldas-novas-registra-recorde-de-casos-de-covid-19\/#primaryimage"},"image":{"@id":"https:\/\/juacontecimentos.com.br\/site\/caldas-novas-registra-recorde-de-casos-de-covid-19\/#primaryimage"},"thumbnailUrl":"https:\/\/juacontecimentos.com.br\/site\/wp-content\/uploads\/2021\/08\/image-2-2.jpg","datePublished":"2021-08-10T09:14:52+00:00","breadcrumb":{"@id":"https:\/\/juacontecimentos.com.br\/site\/caldas-novas-registra-recorde-de-casos-de-covid-19\/#breadcrumb"},"inLanguage":"pt-BR","potentialAction":[{"@type":"ReadAction","target":["https:\/\/juacontecimentos.com.br\/site\/caldas-novas-registra-recorde-de-casos-de-covid-19\/"]}]},{"@type":"ImageObject","inLanguage":"pt-BR","@id":"https:\/\/juacontecimentos.com.br\/site\/caldas-novas-registra-recorde-de-casos-de-covid-19\/#primaryimage","url":"https:\/\/juacontecimentos.com.br\/site\/wp-content\/uploads\/2021\/08\/image-2-2.jpg","contentUrl":"https:\/\/juacontecimentos.com.br\/site\/wp-content\/uploads\/2021\/08\/image-2-2.jpg","width":800,"height":447},{"@type":"BreadcrumbList","@id":"https:\/\/juacontecimentos.com.br\/site\/caldas-novas-registra-recorde-de-casos-de-covid-19\/#breadcrumb","itemListElement":[{"@type":"ListItem","position":1,"name":"In\u00edcio","item":"https:\/\/juacontecimentos.com.br\/site\/"},{"@type":"ListItem","position":2,"name":"Caldas Novas registra recorde de casos de Covid-19"}]},{"@type":"WebSite","@id":"https:\/\/juacontecimentos.com.br\/site\/#website","url":"https:\/\/juacontecimentos.com.br\/site\/","name":"Jornal Ultimos Acontecimentos","description":"Catal\u00e3o e regi\u00e3o","publisher":{"@id":"https:\/\/juacontecimentos.com.br\/site\/#organization"},"potentialAction":[{"@type":"SearchAction","target":{"@type":"EntryPoint","urlTemplate":"https:\/\/juacontecimentos.com.br\/site\/?s={search_term_string}"},"query-input":{"@type":"PropertyValueSpecification","valueRequired":true,"valueName":"search_term_string"}}],"inLanguage":"pt-BR"},{"@type":"Organization","@id":"https:\/\/juacontecimentos.com.br\/site\/#organization","name":"Jornal Ultimos Acontecimentos","url":"https:\/\/juacontecimentos.com.br\/site\/","logo":{"@type":"ImageObject","inLanguage":"pt-BR","@id":"https:\/\/juacontecimentos.com.br\/site\/#\/schema\/logo\/image\/","url":"https:\/\/juacontecimentos.com.br\/site\/wp-content\/uploads\/2023\/04\/Logo_Site.png","contentUrl":"https:\/\/juacontecimentos.com.br\/site\/wp-content\/uploads\/2023\/04\/Logo_Site.png","width":2476,"height":530,"caption":"Jornal Ultimos Acontecimentos"},"image":{"@id":"https:\/\/juacontecimentos.com.br\/site\/#\/schema\/logo\/image\/"},"sameAs":["https:\/\/www.facebook.com\/jultimosacontecimentos\/"]},{"@type":"Person","@id":"https:\/\/juacontecimentos.com.br\/site\/#\/schema\/person\/082a54e6d3fdd7a633291428521c9669","name":"Reginaldo Ribeiro","image":{"@type":"ImageObject","inLanguage":"pt-BR","@id":"https:\/\/juacontecimentos.com.br\/site\/#\/schema\/person\/image\/","url":"https:\/\/secure.gravatar.com\/avatar\/5c16c6837c3490270a74d888c2a845728f06bdde1f8761de1de1d1d1ef82d12f?s=96&d=mm&r=g","contentUrl":"https:\/\/secure.gravatar.com\/avatar\/5c16c6837c3490270a74d888c2a845728f06bdde1f8761de1de1d1d1ef82d12f?s=96&d=mm&r=g","caption":"Reginaldo Ribeiro"}}]}},"_links":{"self":[{"href":"https:\/\/juacontecimentos.com.br\/site\/wp-json\/wp\/v2\/posts\/16143","targetHints":{"allow":["GET"]}}],"collection":[{"href":"https:\/\/juacontecimentos.com.br\/site\/wp-json\/wp\/v2\/posts"}],"about":[{"href":"https:\/\/juacontecimentos.com.br\/site\/wp-json\/wp\/v2\/types\/post"}],"author":[{"embeddable":true,"href":"https:\/\/juacontecimentos.com.br\/site\/wp-json\/wp\/v2\/users\/2"}],"replies":[{"embeddable":true,"href":"https:\/\/juacontecimentos.com.br\/site\/wp-json\/wp\/v2\/comments?post=16143"}],"version-history":[{"count":1,"href":"https:\/\/juacontecimentos.com.br\/site\/wp-json\/wp\/v2\/posts\/16143\/revisions"}],"predecessor-version":[{"id":16146,"href":"https:\/\/juacontecimentos.com.br\/site\/wp-json\/wp\/v2\/posts\/16143\/revisions\/16146"}],"wp:featuredmedia":[{"embeddable":true,"href":"https:\/\/juacontecimentos.com.br\/site\/wp-json\/wp\/v2\/media\/16144"}],"wp:attachment":[{"href":"https:\/\/juacontecimentos.com.br\/site\/wp-json\/wp\/v2\/media?parent=16143"}],"wp:term":[{"taxonomy":"category","embeddable":true,"href":"https:\/\/juacontecimentos.com.br\/site\/wp-json\/wp\/v2\/categories?post=16143"},{"taxonomy":"post_tag","embeddable":true,"href":"https:\/\/juacontecimentos.com.br\/site\/wp-json\/wp\/v2\/tags?post=16143"}],"curies":[{"name":"wp","href":"https:\/\/api.w.org\/{rel}","templated":true}]}}