{"id":16316,"date":"2021-08-19T05:02:46","date_gmt":"2021-08-19T08:02:46","guid":{"rendered":"https:\/\/juacontecimento.com.br\/site\/?p=16316"},"modified":"2021-08-19T05:02:46","modified_gmt":"2021-08-19T08:02:46","slug":"servidores-publicos-fazem-paralisacao-contra-reforma-administrativa","status":"publish","type":"post","link":"https:\/\/juacontecimentos.com.br\/site\/servidores-publicos-fazem-paralisacao-contra-reforma-administrativa\/","title":{"rendered":"Servidores p\u00fablicos fazem paralisa\u00e7\u00e3o contra reforma administrativa"},"content":{"rendered":"<p><img loading=\"lazy\" decoding=\"async\" class=\"alignnone size-full wp-image-16317\" src=\"https:\/\/juacontecimento.com.br\/site\/wp-content\/uploads\/2021\/08\/novo-projeto-51-.jpg\" alt=\"\" width=\"984\" height=\"617\" srcset=\"https:\/\/juacontecimentos.com.br\/site\/wp-content\/uploads\/2021\/08\/novo-projeto-51-.jpg 984w, https:\/\/juacontecimentos.com.br\/site\/wp-content\/uploads\/2021\/08\/novo-projeto-51--300x188.jpg 300w, https:\/\/juacontecimentos.com.br\/site\/wp-content\/uploads\/2021\/08\/novo-projeto-51--768x482.jpg 768w\" sizes=\"auto, (max-width: 984px) 100vw, 984px\" \/><\/p>\n<p>Servidores p\u00fablicos municipais, estaduais e federais aderiram nesta quarta-feira (18\/08), em v\u00e1rias cidades do Brasil, a uma manifesta\u00e7\u00e3o nacional contra a Proposta de Emenda \u00e0 Constitui\u00e7\u00e3o (PEC) 32 de 2020, que institui a reforma administrativa.<\/p>\n<p>Articulada por entidades representativas de v\u00e1rias categorias de servidores p\u00fablicos, a greve geral tem atos marcados em 21 capitais. Al\u00e9m do desacordo com o texto da PEC 32\/2020, que tramita na C\u00e2mara dos Deputados e pode ser votada ainda neste m\u00eas, manifestantes e entidades reivindicam o aux\u00edlio emergencial no valor de R$ 600, a diminui\u00e7\u00e3o do desemprego, a ampla e irrestrita vacina\u00e7\u00e3o contra covid-19 em todo o Brasil e a imediata interrup\u00e7\u00e3o dos processos de desestatiza\u00e7\u00e3o do governo, como o dos Correios.<\/p>\n<p><strong>Reforma administrativa<\/strong><\/p>\n<p>O ministro da Economia, Paulo Guedes, participou, em julho deste ano, de debates sobre o projeto na comiss\u00e3o de deputados que discute o tema. \u201cN\u00e3o existe nenhum dogmatismo do nosso lado. O principal motivo da nossa reforma \u00e9 garantir a melhoria, a moderniza\u00e7\u00e3o e a qualidade do servi\u00e7o p\u00fablico brasileiro. De outro lado, sabemos que devemos fazer isso de maneira eficiente, justamente para impedir a obsolesc\u00eancia dos quadros da administra\u00e7\u00e3o p\u00fablica\u201d, disse o ministro na ocasi\u00e3o. Procurado pela reportagem, o Minist\u00e9rio da Economia afirmou que n\u00e3o far\u00e1 coment\u00e1rios sobre as cr\u00edticas \u00e0 PEC 32\/2020 e as manifesta\u00e7\u00f5es de hoje.<\/p>\n<p>Segundo a Central \u00danica dos Trabalhadores (CUT) \u2013 uma das articuladoras da greve geral \u2013 a PEC 32 \u201cretira totalmente a prote\u00e7\u00e3o dos trabalhadores da iniciativa privada e do servi\u00e7o p\u00fablico.\u201d<\/p>\n<p>Segundo informa, em nota, o site da Confedera\u00e7\u00e3o dos Trabalhadores no Servi\u00e7o P\u00fablico Federal (Condsef), profissionais que n\u00e3o atuam no servi\u00e7o p\u00fablico tamb\u00e9m foram mobilizados para atos relativos \u00e0 greve geral. Funcion\u00e1rios da Empresa Brasil de Comunica\u00e7\u00e3o (EBC) e da Caixa tamb\u00e9m aderiram ao movimento.<\/p>\n<p><strong>Greve dos Correios<\/strong><\/p>\n<p>A Federa\u00e7\u00e3o Nacional dos Trabalhadores em Empresas de Correios, Tel\u00e9grafos e Similares (Fentect) tamb\u00e9m anunciou paralisa\u00e7\u00e3o por tempo indeterminado. Em comunicado, a federa\u00e7\u00e3o afirma que aderiu ao movimento para negociar \u201cmelhorias das condi\u00e7\u00f5es de trabalho e reajuste salarial, al\u00e9m de exigir o fim do sucateamento da empresa e do projeto do governo de entregar os Correios para o setor privado.\u201d<\/p>\n<p>Conforme o Minist\u00e9rio das Comunica\u00e7\u00f5es, o objetivo da privatiza\u00e7\u00e3o dos Correios \u00e9 dar maior agilidade e efici\u00eancia ao setor postal e melhorar os servi\u00e7os prestados \u00e0 popula\u00e7\u00e3o.<\/p>\n<p>A C\u00e2mara aprovou, em 5 de agosto, o Projeto de Lei (PL) 521\/21, que trata da privatiza\u00e7\u00e3o dos Correios.<\/p>\n<p>Em nota, os Correios afirmaram que os servi\u00e7os postais e de entrega de encomendas seguem funcionando sem intercorr\u00eancias. \u201cA empresa continua garantindo todos os benef\u00edcios aos empregados, de acordo com a legisla\u00e7\u00e3o e com as cl\u00e1usulas do \u00faltimo Ac\u00f3rd\u00e3o do Tribunal Superior do Trabalho (TST) 2020\/2021\u201d. A empresa explicou que ainda trabalha para cobrir preju\u00edzos acumulados e arcar com gastos emergenciais, e fez um apelo para que os funcion\u00e1rios mantenham os compromissos fixados durante as \u00faltimas negocia\u00e7\u00f5es. \u201cOs Correios permanecem \u00e0 disposi\u00e7\u00e3o para celebrar o Acordo Coletivo para, assim, continuar prestando seus servi\u00e7os essenciais \u00e0 popula\u00e7\u00e3o, com compromisso e responsabilidade.\u201d<\/p>\n<p><strong>Por: Ag\u00eancia Brasil<\/strong><br \/>\n<\/p>\n","protected":false},"excerpt":{"rendered":"<p>Servidores p\u00fablicos municipais, estaduais e federais aderiram nesta quarta-feira (18\/08), em v\u00e1rias cidades do Brasil, a uma manifesta\u00e7\u00e3o nacional contra a Proposta de Emenda \u00e0 Constitui\u00e7\u00e3o (PEC) 32 de 2020, que institui a reforma administrativa. Articulada por entidades representativas de v\u00e1rias categorias de servidores p\u00fablicos, a greve geral tem atos marcados em 21 capitais. Al\u00e9m<\/p>\n","protected":false},"author":2,"featured_media":16317,"comment_status":"open","ping_status":"open","sticky":false,"template":"","format":"standard","meta":{"footnotes":""},"categories":[27,22,26,23],"tags":[],"class_list":["post-16316","post","type-post","status-publish","format-standard","has-post-thumbnail","hentry","category-brasil","category-catalao","category-destaque","category-goias"],"yoast_head":"<!-- This site is optimized with the Yoast SEO plugin v25.8 - https:\/\/yoast.com\/wordpress\/plugins\/seo\/ -->\n<title>Servidores p\u00fablicos fazem paralisa\u00e7\u00e3o contra reforma administrativa - Jornal Ultimos Acontecimentos<\/title>\n<meta name=\"robots\" content=\"index, follow, max-snippet:-1, max-image-preview:large, max-video-preview:-1\" \/>\n<link rel=\"canonical\" href=\"https:\/\/juacontecimentos.com.br\/site\/servidores-publicos-fazem-paralisacao-contra-reforma-administrativa\/\" \/>\n<meta property=\"og:locale\" content=\"pt_BR\" \/>\n<meta property=\"og:type\" content=\"article\" \/>\n<meta property=\"og:title\" content=\"Servidores p\u00fablicos fazem paralisa\u00e7\u00e3o contra reforma administrativa - Jornal Ultimos Acontecimentos\" \/>\n<meta property=\"og:description\" content=\"Servidores p\u00fablicos municipais, estaduais e federais aderiram nesta quarta-feira (18\/08), em v\u00e1rias cidades do Brasil, a uma manifesta\u00e7\u00e3o nacional contra a Proposta de Emenda \u00e0 Constitui\u00e7\u00e3o (PEC) 32 de 2020, que institui a reforma administrativa. Articulada por entidades representativas de v\u00e1rias categorias de servidores p\u00fablicos, a greve geral tem atos marcados em 21 capitais. Al\u00e9m\" \/>\n<meta property=\"og:url\" content=\"https:\/\/juacontecimentos.com.br\/site\/servidores-publicos-fazem-paralisacao-contra-reforma-administrativa\/\" \/>\n<meta property=\"og:site_name\" content=\"Jornal Ultimos Acontecimentos\" \/>\n<meta property=\"article:publisher\" content=\"https:\/\/www.facebook.com\/jultimosacontecimentos\/\" \/>\n<meta property=\"article:published_time\" content=\"2021-08-19T08:02:46+00:00\" \/>\n<meta property=\"og:image\" content=\"https:\/\/juacontecimentos.com.br\/site\/wp-content\/uploads\/2021\/08\/novo-projeto-51-.jpg\" \/>\n\t<meta property=\"og:image:width\" content=\"984\" \/>\n\t<meta property=\"og:image:height\" content=\"617\" \/>\n\t<meta property=\"og:image:type\" content=\"image\/jpeg\" \/>\n<meta name=\"author\" content=\"Reginaldo Ribeiro\" \/>\n<meta name=\"twitter:card\" content=\"summary_large_image\" \/>\n<meta name=\"twitter:label1\" content=\"Escrito por\" \/>\n\t<meta name=\"twitter:data1\" content=\"Reginaldo Ribeiro\" \/>\n\t<meta name=\"twitter:label2\" content=\"Est. tempo de leitura\" \/>\n\t<meta name=\"twitter:data2\" content=\"3 minutos\" \/>\n<script type=\"application\/ld+json\" class=\"yoast-schema-graph\">{\"@context\":\"https:\/\/schema.org\",\"@graph\":[{\"@type\":\"Article\",\"@id\":\"https:\/\/juacontecimentos.com.br\/site\/servidores-publicos-fazem-paralisacao-contra-reforma-administrativa\/#article\",\"isPartOf\":{\"@id\":\"https:\/\/juacontecimentos.com.br\/site\/servidores-publicos-fazem-paralisacao-contra-reforma-administrativa\/\"},\"author\":{\"name\":\"Reginaldo Ribeiro\",\"@id\":\"https:\/\/juacontecimentos.com.br\/site\/#\/schema\/person\/082a54e6d3fdd7a633291428521c9669\"},\"headline\":\"Servidores p\u00fablicos fazem paralisa\u00e7\u00e3o contra reforma administrativa\",\"datePublished\":\"2021-08-19T08:02:46+00:00\",\"mainEntityOfPage\":{\"@id\":\"https:\/\/juacontecimentos.com.br\/site\/servidores-publicos-fazem-paralisacao-contra-reforma-administrativa\/\"},\"wordCount\":564,\"commentCount\":0,\"publisher\":{\"@id\":\"https:\/\/juacontecimentos.com.br\/site\/#organization\"},\"image\":{\"@id\":\"https:\/\/juacontecimentos.com.br\/site\/servidores-publicos-fazem-paralisacao-contra-reforma-administrativa\/#primaryimage\"},\"thumbnailUrl\":\"https:\/\/juacontecimentos.com.br\/site\/wp-content\/uploads\/2021\/08\/novo-projeto-51-.jpg\",\"articleSection\":[\"Brasil\",\"Catal\u00e3o\",\"Destaque\",\"Goi\u00e1s\"],\"inLanguage\":\"pt-BR\"},{\"@type\":\"WebPage\",\"@id\":\"https:\/\/juacontecimentos.com.br\/site\/servidores-publicos-fazem-paralisacao-contra-reforma-administrativa\/\",\"url\":\"https:\/\/juacontecimentos.com.br\/site\/servidores-publicos-fazem-paralisacao-contra-reforma-administrativa\/\",\"name\":\"Servidores p\u00fablicos fazem paralisa\u00e7\u00e3o contra reforma administrativa - Jornal Ultimos Acontecimentos\",\"isPartOf\":{\"@id\":\"https:\/\/juacontecimentos.com.br\/site\/#website\"},\"primaryImageOfPage\":{\"@id\":\"https:\/\/juacontecimentos.com.br\/site\/servidores-publicos-fazem-paralisacao-contra-reforma-administrativa\/#primaryimage\"},\"image\":{\"@id\":\"https:\/\/juacontecimentos.com.br\/site\/servidores-publicos-fazem-paralisacao-contra-reforma-administrativa\/#primaryimage\"},\"thumbnailUrl\":\"https:\/\/juacontecimentos.com.br\/site\/wp-content\/uploads\/2021\/08\/novo-projeto-51-.jpg\",\"datePublished\":\"2021-08-19T08:02:46+00:00\",\"breadcrumb\":{\"@id\":\"https:\/\/juacontecimentos.com.br\/site\/servidores-publicos-fazem-paralisacao-contra-reforma-administrativa\/#breadcrumb\"},\"inLanguage\":\"pt-BR\",\"potentialAction\":[{\"@type\":\"ReadAction\",\"target\":[\"https:\/\/juacontecimentos.com.br\/site\/servidores-publicos-fazem-paralisacao-contra-reforma-administrativa\/\"]}]},{\"@type\":\"ImageObject\",\"inLanguage\":\"pt-BR\",\"@id\":\"https:\/\/juacontecimentos.com.br\/site\/servidores-publicos-fazem-paralisacao-contra-reforma-administrativa\/#primaryimage\",\"url\":\"https:\/\/juacontecimentos.com.br\/site\/wp-content\/uploads\/2021\/08\/novo-projeto-51-.jpg\",\"contentUrl\":\"https:\/\/juacontecimentos.com.br\/site\/wp-content\/uploads\/2021\/08\/novo-projeto-51-.jpg\",\"width\":984,\"height\":617},{\"@type\":\"BreadcrumbList\",\"@id\":\"https:\/\/juacontecimentos.com.br\/site\/servidores-publicos-fazem-paralisacao-contra-reforma-administrativa\/#breadcrumb\",\"itemListElement\":[{\"@type\":\"ListItem\",\"position\":1,\"name\":\"In\u00edcio\",\"item\":\"https:\/\/juacontecimentos.com.br\/site\/\"},{\"@type\":\"ListItem\",\"position\":2,\"name\":\"Servidores p\u00fablicos fazem paralisa\u00e7\u00e3o contra reforma administrativa\"}]},{\"@type\":\"WebSite\",\"@id\":\"https:\/\/juacontecimentos.com.br\/site\/#website\",\"url\":\"https:\/\/juacontecimentos.com.br\/site\/\",\"name\":\"Jornal Ultimos Acontecimentos\",\"description\":\"Catal\u00e3o e regi\u00e3o\",\"publisher\":{\"@id\":\"https:\/\/juacontecimentos.com.br\/site\/#organization\"},\"potentialAction\":[{\"@type\":\"SearchAction\",\"target\":{\"@type\":\"EntryPoint\",\"urlTemplate\":\"https:\/\/juacontecimentos.com.br\/site\/?s={search_term_string}\"},\"query-input\":{\"@type\":\"PropertyValueSpecification\",\"valueRequired\":true,\"valueName\":\"search_term_string\"}}],\"inLanguage\":\"pt-BR\"},{\"@type\":\"Organization\",\"@id\":\"https:\/\/juacontecimentos.com.br\/site\/#organization\",\"name\":\"Jornal Ultimos Acontecimentos\",\"url\":\"https:\/\/juacontecimentos.com.br\/site\/\",\"logo\":{\"@type\":\"ImageObject\",\"inLanguage\":\"pt-BR\",\"@id\":\"https:\/\/juacontecimentos.com.br\/site\/#\/schema\/logo\/image\/\",\"url\":\"https:\/\/juacontecimentos.com.br\/site\/wp-content\/uploads\/2023\/04\/Logo_Site.png\",\"contentUrl\":\"https:\/\/juacontecimentos.com.br\/site\/wp-content\/uploads\/2023\/04\/Logo_Site.png\",\"width\":2476,\"height\":530,\"caption\":\"Jornal Ultimos Acontecimentos\"},\"image\":{\"@id\":\"https:\/\/juacontecimentos.com.br\/site\/#\/schema\/logo\/image\/\"},\"sameAs\":[\"https:\/\/www.facebook.com\/jultimosacontecimentos\/\"]},{\"@type\":\"Person\",\"@id\":\"https:\/\/juacontecimentos.com.br\/site\/#\/schema\/person\/082a54e6d3fdd7a633291428521c9669\",\"name\":\"Reginaldo Ribeiro\",\"image\":{\"@type\":\"ImageObject\",\"inLanguage\":\"pt-BR\",\"@id\":\"https:\/\/juacontecimentos.com.br\/site\/#\/schema\/person\/image\/\",\"url\":\"https:\/\/secure.gravatar.com\/avatar\/5c16c6837c3490270a74d888c2a845728f06bdde1f8761de1de1d1d1ef82d12f?s=96&d=mm&r=g\",\"contentUrl\":\"https:\/\/secure.gravatar.com\/avatar\/5c16c6837c3490270a74d888c2a845728f06bdde1f8761de1de1d1d1ef82d12f?s=96&d=mm&r=g\",\"caption\":\"Reginaldo Ribeiro\"}}]}<\/script>\n<!-- \/ Yoast SEO plugin. -->","yoast_head_json":{"title":"Servidores p\u00fablicos fazem paralisa\u00e7\u00e3o contra reforma administrativa - Jornal Ultimos Acontecimentos","robots":{"index":"index","follow":"follow","max-snippet":"max-snippet:-1","max-image-preview":"max-image-preview:large","max-video-preview":"max-video-preview:-1"},"canonical":"https:\/\/juacontecimentos.com.br\/site\/servidores-publicos-fazem-paralisacao-contra-reforma-administrativa\/","og_locale":"pt_BR","og_type":"article","og_title":"Servidores p\u00fablicos fazem paralisa\u00e7\u00e3o contra reforma administrativa - Jornal Ultimos Acontecimentos","og_description":"Servidores p\u00fablicos municipais, estaduais e federais aderiram nesta quarta-feira (18\/08), em v\u00e1rias cidades do Brasil, a uma manifesta\u00e7\u00e3o nacional contra a Proposta de Emenda \u00e0 Constitui\u00e7\u00e3o (PEC) 32 de 2020, que institui a reforma administrativa. Articulada por entidades representativas de v\u00e1rias categorias de servidores p\u00fablicos, a greve geral tem atos marcados em 21 capitais. Al\u00e9m","og_url":"https:\/\/juacontecimentos.com.br\/site\/servidores-publicos-fazem-paralisacao-contra-reforma-administrativa\/","og_site_name":"Jornal Ultimos Acontecimentos","article_publisher":"https:\/\/www.facebook.com\/jultimosacontecimentos\/","article_published_time":"2021-08-19T08:02:46+00:00","og_image":[{"width":984,"height":617,"url":"https:\/\/juacontecimentos.com.br\/site\/wp-content\/uploads\/2021\/08\/novo-projeto-51-.jpg","type":"image\/jpeg"}],"author":"Reginaldo Ribeiro","twitter_card":"summary_large_image","twitter_misc":{"Escrito por":"Reginaldo Ribeiro","Est. tempo de leitura":"3 minutos"},"schema":{"@context":"https:\/\/schema.org","@graph":[{"@type":"Article","@id":"https:\/\/juacontecimentos.com.br\/site\/servidores-publicos-fazem-paralisacao-contra-reforma-administrativa\/#article","isPartOf":{"@id":"https:\/\/juacontecimentos.com.br\/site\/servidores-publicos-fazem-paralisacao-contra-reforma-administrativa\/"},"author":{"name":"Reginaldo Ribeiro","@id":"https:\/\/juacontecimentos.com.br\/site\/#\/schema\/person\/082a54e6d3fdd7a633291428521c9669"},"headline":"Servidores p\u00fablicos fazem paralisa\u00e7\u00e3o contra reforma administrativa","datePublished":"2021-08-19T08:02:46+00:00","mainEntityOfPage":{"@id":"https:\/\/juacontecimentos.com.br\/site\/servidores-publicos-fazem-paralisacao-contra-reforma-administrativa\/"},"wordCount":564,"commentCount":0,"publisher":{"@id":"https:\/\/juacontecimentos.com.br\/site\/#organization"},"image":{"@id":"https:\/\/juacontecimentos.com.br\/site\/servidores-publicos-fazem-paralisacao-contra-reforma-administrativa\/#primaryimage"},"thumbnailUrl":"https:\/\/juacontecimentos.com.br\/site\/wp-content\/uploads\/2021\/08\/novo-projeto-51-.jpg","articleSection":["Brasil","Catal\u00e3o","Destaque","Goi\u00e1s"],"inLanguage":"pt-BR"},{"@type":"WebPage","@id":"https:\/\/juacontecimentos.com.br\/site\/servidores-publicos-fazem-paralisacao-contra-reforma-administrativa\/","url":"https:\/\/juacontecimentos.com.br\/site\/servidores-publicos-fazem-paralisacao-contra-reforma-administrativa\/","name":"Servidores p\u00fablicos fazem paralisa\u00e7\u00e3o contra reforma administrativa - Jornal Ultimos Acontecimentos","isPartOf":{"@id":"https:\/\/juacontecimentos.com.br\/site\/#website"},"primaryImageOfPage":{"@id":"https:\/\/juacontecimentos.com.br\/site\/servidores-publicos-fazem-paralisacao-contra-reforma-administrativa\/#primaryimage"},"image":{"@id":"https:\/\/juacontecimentos.com.br\/site\/servidores-publicos-fazem-paralisacao-contra-reforma-administrativa\/#primaryimage"},"thumbnailUrl":"https:\/\/juacontecimentos.com.br\/site\/wp-content\/uploads\/2021\/08\/novo-projeto-51-.jpg","datePublished":"2021-08-19T08:02:46+00:00","breadcrumb":{"@id":"https:\/\/juacontecimentos.com.br\/site\/servidores-publicos-fazem-paralisacao-contra-reforma-administrativa\/#breadcrumb"},"inLanguage":"pt-BR","potentialAction":[{"@type":"ReadAction","target":["https:\/\/juacontecimentos.com.br\/site\/servidores-publicos-fazem-paralisacao-contra-reforma-administrativa\/"]}]},{"@type":"ImageObject","inLanguage":"pt-BR","@id":"https:\/\/juacontecimentos.com.br\/site\/servidores-publicos-fazem-paralisacao-contra-reforma-administrativa\/#primaryimage","url":"https:\/\/juacontecimentos.com.br\/site\/wp-content\/uploads\/2021\/08\/novo-projeto-51-.jpg","contentUrl":"https:\/\/juacontecimentos.com.br\/site\/wp-content\/uploads\/2021\/08\/novo-projeto-51-.jpg","width":984,"height":617},{"@type":"BreadcrumbList","@id":"https:\/\/juacontecimentos.com.br\/site\/servidores-publicos-fazem-paralisacao-contra-reforma-administrativa\/#breadcrumb","itemListElement":[{"@type":"ListItem","position":1,"name":"In\u00edcio","item":"https:\/\/juacontecimentos.com.br\/site\/"},{"@type":"ListItem","position":2,"name":"Servidores p\u00fablicos fazem paralisa\u00e7\u00e3o contra reforma administrativa"}]},{"@type":"WebSite","@id":"https:\/\/juacontecimentos.com.br\/site\/#website","url":"https:\/\/juacontecimentos.com.br\/site\/","name":"Jornal Ultimos Acontecimentos","description":"Catal\u00e3o e regi\u00e3o","publisher":{"@id":"https:\/\/juacontecimentos.com.br\/site\/#organization"},"potentialAction":[{"@type":"SearchAction","target":{"@type":"EntryPoint","urlTemplate":"https:\/\/juacontecimentos.com.br\/site\/?s={search_term_string}"},"query-input":{"@type":"PropertyValueSpecification","valueRequired":true,"valueName":"search_term_string"}}],"inLanguage":"pt-BR"},{"@type":"Organization","@id":"https:\/\/juacontecimentos.com.br\/site\/#organization","name":"Jornal Ultimos Acontecimentos","url":"https:\/\/juacontecimentos.com.br\/site\/","logo":{"@type":"ImageObject","inLanguage":"pt-BR","@id":"https:\/\/juacontecimentos.com.br\/site\/#\/schema\/logo\/image\/","url":"https:\/\/juacontecimentos.com.br\/site\/wp-content\/uploads\/2023\/04\/Logo_Site.png","contentUrl":"https:\/\/juacontecimentos.com.br\/site\/wp-content\/uploads\/2023\/04\/Logo_Site.png","width":2476,"height":530,"caption":"Jornal Ultimos Acontecimentos"},"image":{"@id":"https:\/\/juacontecimentos.com.br\/site\/#\/schema\/logo\/image\/"},"sameAs":["https:\/\/www.facebook.com\/jultimosacontecimentos\/"]},{"@type":"Person","@id":"https:\/\/juacontecimentos.com.br\/site\/#\/schema\/person\/082a54e6d3fdd7a633291428521c9669","name":"Reginaldo Ribeiro","image":{"@type":"ImageObject","inLanguage":"pt-BR","@id":"https:\/\/juacontecimentos.com.br\/site\/#\/schema\/person\/image\/","url":"https:\/\/secure.gravatar.com\/avatar\/5c16c6837c3490270a74d888c2a845728f06bdde1f8761de1de1d1d1ef82d12f?s=96&d=mm&r=g","contentUrl":"https:\/\/secure.gravatar.com\/avatar\/5c16c6837c3490270a74d888c2a845728f06bdde1f8761de1de1d1d1ef82d12f?s=96&d=mm&r=g","caption":"Reginaldo Ribeiro"}}]}},"_links":{"self":[{"href":"https:\/\/juacontecimentos.com.br\/site\/wp-json\/wp\/v2\/posts\/16316","targetHints":{"allow":["GET"]}}],"collection":[{"href":"https:\/\/juacontecimentos.com.br\/site\/wp-json\/wp\/v2\/posts"}],"about":[{"href":"https:\/\/juacontecimentos.com.br\/site\/wp-json\/wp\/v2\/types\/post"}],"author":[{"embeddable":true,"href":"https:\/\/juacontecimentos.com.br\/site\/wp-json\/wp\/v2\/users\/2"}],"replies":[{"embeddable":true,"href":"https:\/\/juacontecimentos.com.br\/site\/wp-json\/wp\/v2\/comments?post=16316"}],"version-history":[{"count":1,"href":"https:\/\/juacontecimentos.com.br\/site\/wp-json\/wp\/v2\/posts\/16316\/revisions"}],"predecessor-version":[{"id":16318,"href":"https:\/\/juacontecimentos.com.br\/site\/wp-json\/wp\/v2\/posts\/16316\/revisions\/16318"}],"wp:featuredmedia":[{"embeddable":true,"href":"https:\/\/juacontecimentos.com.br\/site\/wp-json\/wp\/v2\/media\/16317"}],"wp:attachment":[{"href":"https:\/\/juacontecimentos.com.br\/site\/wp-json\/wp\/v2\/media?parent=16316"}],"wp:term":[{"taxonomy":"category","embeddable":true,"href":"https:\/\/juacontecimentos.com.br\/site\/wp-json\/wp\/v2\/categories?post=16316"},{"taxonomy":"post_tag","embeddable":true,"href":"https:\/\/juacontecimentos.com.br\/site\/wp-json\/wp\/v2\/tags?post=16316"}],"curies":[{"name":"wp","href":"https:\/\/api.w.org\/{rel}","templated":true}]}}