{"id":16582,"date":"2021-09-10T05:26:05","date_gmt":"2021-09-10T08:26:05","guid":{"rendered":"https:\/\/juacontecimento.com.br\/site\/?p=16582"},"modified":"2021-09-10T05:27:05","modified_gmt":"2021-09-10T08:27:05","slug":"bolsonaro-recua-prega-harmonia-entre-poderes-e-exalta-democracia-veja-nota","status":"publish","type":"post","link":"https:\/\/juacontecimentos.com.br\/site\/bolsonaro-recua-prega-harmonia-entre-poderes-e-exalta-democracia-veja-nota\/","title":{"rendered":"Bolsonaro recua, prega harmonia entre poderes e exalta a democracia. Veja a nota"},"content":{"rendered":"<p><img loading=\"lazy\" decoding=\"async\" class=\"alignnone size-full wp-image-16583\" src=\"https:\/\/juacontecimento.com.br\/site\/wp-content\/uploads\/2021\/09\/acen-bolsonaro.png\" alt=\"\" width=\"503\" height=\"290\" srcset=\"https:\/\/juacontecimentos.com.br\/site\/wp-content\/uploads\/2021\/09\/acen-bolsonaro.png 503w, https:\/\/juacontecimentos.com.br\/site\/wp-content\/uploads\/2021\/09\/acen-bolsonaro-300x173.png 300w\" sizes=\"auto, (max-width: 503px) 100vw, 503px\" \/><\/p>\n<p>Leia abaixo a nota divulgada pela presid\u00eancia da Rep\u00fablica:<\/p>\n<p>\u201cDeclara\u00e7\u00e3o \u00e0 Na\u00e7\u00e3o<\/p>\n<p>No instante em que o pa\u00eds se encontra dividido entre institui\u00e7\u00f5es \u00e9 meu dever, como Presidente da Rep\u00fablica, vir a p\u00fablico para dizer:<\/p>\n<p>1. Nunca tive nenhuma inten\u00e7\u00e3o de agredir quaisquer dos Poderes. A harmonia entre eles n\u00e3o \u00e9 vontade minha, mas determina\u00e7\u00e3o constitucional que todos, sem exce\u00e7\u00e3o, devem respeitar.<\/p>\n<p>2. Sei que boa parte dessas diverg\u00eancias decorrem de conflitos de entendimento acerca das decis\u00f5es adotadas pelo Ministro Alexandre de Moraes no \u00e2mbito do inqu\u00e9rito das fake news.<\/p>\n<p>3. Mas na vida p\u00fablica as pessoas que exercem o poder, n\u00e3o t\u00eam o direito de \u201cesticar a corda\u201d, a ponto de prejudicar a vida dos brasileiros e sua economia.<\/p>\n<p>4. Por isso quero declarar que minhas palavras, por vezes contundentes, decorreram do calor do momento e dos embates que sempre visaram o bem comum.<\/p>\n<p>5. Em que pesem suas qualidades como jurista e professor, existem naturais diverg\u00eancias em algumas decis\u00f5es do Ministro Alexandre de Moraes.<\/p>\n<p>6. Sendo assim, essas quest\u00f5es devem ser resolvidas por medidas judiciais que ser\u00e3o tomadas de forma a assegurar a observ\u00e2ncia dos direitos e garantias fundamentais previsto no Art 5\u00ba da Constitui\u00e7\u00e3o Federal.<\/p>\n<p>7. Reitero meu respeito pelas institui\u00e7\u00f5es da Rep\u00fablica, for\u00e7as motoras que ajudam a governar o pa\u00eds.<\/p>\n<p>8. Democracia \u00e9 isso: Executivo, Legislativo e Judici\u00e1rio trabalhando juntos em favor do povo e todos respeitando a Constitui\u00e7\u00e3o.<\/p>\n<p>9. Sempre estive disposto a manter di\u00e1logo permanente com os demais Poderes pela manuten\u00e7\u00e3o da harmonia e independ\u00eancia entre eles.<\/p>\n<p>10. Finalmente, quero registrar e agradecer o extraordin\u00e1rio apoio do povo brasileiro, com quem alinho meus princ\u00edpios e valores, e conduzo os destinos do nosso Brasil.<\/p>\n<p>DEUS, P\u00c1TRIA, FAM\u00cdLIA<\/p>\n<p>Jair Bolsonaro<\/p>\n<p>Presidente da Rep\u00fablica federativa do Brasil\u201d<br \/>\n<\/p>\n","protected":false},"excerpt":{"rendered":"<p>Leia abaixo a nota divulgada pela presid\u00eancia da Rep\u00fablica: \u201cDeclara\u00e7\u00e3o \u00e0 Na\u00e7\u00e3o No instante em que o pa\u00eds se encontra dividido entre institui\u00e7\u00f5es \u00e9 meu dever, como Presidente da Rep\u00fablica, vir a p\u00fablico para dizer: 1. Nunca tive nenhuma inten\u00e7\u00e3o de agredir quaisquer dos Poderes. A harmonia entre eles n\u00e3o \u00e9 vontade minha, mas determina\u00e7\u00e3o<\/p>\n","protected":false},"author":2,"featured_media":16583,"comment_status":"open","ping_status":"open","sticky":false,"template":"","format":"standard","meta":{"footnotes":""},"categories":[27,22,26,23],"tags":[],"class_list":["post-16582","post","type-post","status-publish","format-standard","has-post-thumbnail","hentry","category-brasil","category-catalao","category-destaque","category-goias"],"yoast_head":"<!-- This site is optimized with the Yoast SEO plugin v25.8 - https:\/\/yoast.com\/wordpress\/plugins\/seo\/ -->\n<title>Bolsonaro recua, prega harmonia entre poderes e exalta a democracia. Veja a nota - Jornal Ultimos Acontecimentos<\/title>\n<meta name=\"robots\" content=\"index, follow, max-snippet:-1, max-image-preview:large, max-video-preview:-1\" \/>\n<link rel=\"canonical\" href=\"https:\/\/juacontecimentos.com.br\/site\/bolsonaro-recua-prega-harmonia-entre-poderes-e-exalta-democracia-veja-nota\/\" \/>\n<meta property=\"og:locale\" content=\"pt_BR\" \/>\n<meta property=\"og:type\" content=\"article\" \/>\n<meta property=\"og:title\" content=\"Bolsonaro recua, prega harmonia entre poderes e exalta a democracia. Veja a nota - Jornal Ultimos Acontecimentos\" \/>\n<meta property=\"og:description\" content=\"Leia abaixo a nota divulgada pela presid\u00eancia da Rep\u00fablica: \u201cDeclara\u00e7\u00e3o \u00e0 Na\u00e7\u00e3o No instante em que o pa\u00eds se encontra dividido entre institui\u00e7\u00f5es \u00e9 meu dever, como Presidente da Rep\u00fablica, vir a p\u00fablico para dizer: 1. Nunca tive nenhuma inten\u00e7\u00e3o de agredir quaisquer dos Poderes. A harmonia entre eles n\u00e3o \u00e9 vontade minha, mas determina\u00e7\u00e3o\" \/>\n<meta property=\"og:url\" content=\"https:\/\/juacontecimentos.com.br\/site\/bolsonaro-recua-prega-harmonia-entre-poderes-e-exalta-democracia-veja-nota\/\" \/>\n<meta property=\"og:site_name\" content=\"Jornal Ultimos Acontecimentos\" \/>\n<meta property=\"article:publisher\" content=\"https:\/\/www.facebook.com\/jultimosacontecimentos\/\" \/>\n<meta property=\"article:published_time\" content=\"2021-09-10T08:26:05+00:00\" \/>\n<meta property=\"article:modified_time\" content=\"2021-09-10T08:27:05+00:00\" \/>\n<meta property=\"og:image\" content=\"https:\/\/juacontecimentos.com.br\/site\/wp-content\/uploads\/2021\/09\/acen-bolsonaro.png\" \/>\n\t<meta property=\"og:image:width\" content=\"503\" \/>\n\t<meta property=\"og:image:height\" content=\"290\" \/>\n\t<meta property=\"og:image:type\" content=\"image\/png\" \/>\n<meta name=\"author\" content=\"Reginaldo Ribeiro\" \/>\n<meta name=\"twitter:card\" content=\"summary_large_image\" \/>\n<meta name=\"twitter:label1\" content=\"Escrito por\" \/>\n\t<meta name=\"twitter:data1\" content=\"Reginaldo Ribeiro\" \/>\n\t<meta name=\"twitter:label2\" content=\"Est. tempo de leitura\" \/>\n\t<meta name=\"twitter:data2\" content=\"2 minutos\" \/>\n<script type=\"application\/ld+json\" class=\"yoast-schema-graph\">{\"@context\":\"https:\/\/schema.org\",\"@graph\":[{\"@type\":\"Article\",\"@id\":\"https:\/\/juacontecimentos.com.br\/site\/bolsonaro-recua-prega-harmonia-entre-poderes-e-exalta-democracia-veja-nota\/#article\",\"isPartOf\":{\"@id\":\"https:\/\/juacontecimentos.com.br\/site\/bolsonaro-recua-prega-harmonia-entre-poderes-e-exalta-democracia-veja-nota\/\"},\"author\":{\"name\":\"Reginaldo Ribeiro\",\"@id\":\"https:\/\/juacontecimentos.com.br\/site\/#\/schema\/person\/082a54e6d3fdd7a633291428521c9669\"},\"headline\":\"Bolsonaro recua, prega harmonia entre poderes e exalta a democracia. Veja a nota\",\"datePublished\":\"2021-09-10T08:26:05+00:00\",\"dateModified\":\"2021-09-10T08:27:05+00:00\",\"mainEntityOfPage\":{\"@id\":\"https:\/\/juacontecimentos.com.br\/site\/bolsonaro-recua-prega-harmonia-entre-poderes-e-exalta-democracia-veja-nota\/\"},\"wordCount\":326,\"commentCount\":0,\"publisher\":{\"@id\":\"https:\/\/juacontecimentos.com.br\/site\/#organization\"},\"image\":{\"@id\":\"https:\/\/juacontecimentos.com.br\/site\/bolsonaro-recua-prega-harmonia-entre-poderes-e-exalta-democracia-veja-nota\/#primaryimage\"},\"thumbnailUrl\":\"https:\/\/juacontecimentos.com.br\/site\/wp-content\/uploads\/2021\/09\/acen-bolsonaro.png\",\"articleSection\":[\"Brasil\",\"Catal\u00e3o\",\"Destaque\",\"Goi\u00e1s\"],\"inLanguage\":\"pt-BR\"},{\"@type\":\"WebPage\",\"@id\":\"https:\/\/juacontecimentos.com.br\/site\/bolsonaro-recua-prega-harmonia-entre-poderes-e-exalta-democracia-veja-nota\/\",\"url\":\"https:\/\/juacontecimentos.com.br\/site\/bolsonaro-recua-prega-harmonia-entre-poderes-e-exalta-democracia-veja-nota\/\",\"name\":\"Bolsonaro recua, prega harmonia entre poderes e exalta a democracia. Veja a nota - Jornal Ultimos Acontecimentos\",\"isPartOf\":{\"@id\":\"https:\/\/juacontecimentos.com.br\/site\/#website\"},\"primaryImageOfPage\":{\"@id\":\"https:\/\/juacontecimentos.com.br\/site\/bolsonaro-recua-prega-harmonia-entre-poderes-e-exalta-democracia-veja-nota\/#primaryimage\"},\"image\":{\"@id\":\"https:\/\/juacontecimentos.com.br\/site\/bolsonaro-recua-prega-harmonia-entre-poderes-e-exalta-democracia-veja-nota\/#primaryimage\"},\"thumbnailUrl\":\"https:\/\/juacontecimentos.com.br\/site\/wp-content\/uploads\/2021\/09\/acen-bolsonaro.png\",\"datePublished\":\"2021-09-10T08:26:05+00:00\",\"dateModified\":\"2021-09-10T08:27:05+00:00\",\"breadcrumb\":{\"@id\":\"https:\/\/juacontecimentos.com.br\/site\/bolsonaro-recua-prega-harmonia-entre-poderes-e-exalta-democracia-veja-nota\/#breadcrumb\"},\"inLanguage\":\"pt-BR\",\"potentialAction\":[{\"@type\":\"ReadAction\",\"target\":[\"https:\/\/juacontecimentos.com.br\/site\/bolsonaro-recua-prega-harmonia-entre-poderes-e-exalta-democracia-veja-nota\/\"]}]},{\"@type\":\"ImageObject\",\"inLanguage\":\"pt-BR\",\"@id\":\"https:\/\/juacontecimentos.com.br\/site\/bolsonaro-recua-prega-harmonia-entre-poderes-e-exalta-democracia-veja-nota\/#primaryimage\",\"url\":\"https:\/\/juacontecimentos.com.br\/site\/wp-content\/uploads\/2021\/09\/acen-bolsonaro.png\",\"contentUrl\":\"https:\/\/juacontecimentos.com.br\/site\/wp-content\/uploads\/2021\/09\/acen-bolsonaro.png\",\"width\":503,\"height\":290},{\"@type\":\"BreadcrumbList\",\"@id\":\"https:\/\/juacontecimentos.com.br\/site\/bolsonaro-recua-prega-harmonia-entre-poderes-e-exalta-democracia-veja-nota\/#breadcrumb\",\"itemListElement\":[{\"@type\":\"ListItem\",\"position\":1,\"name\":\"In\u00edcio\",\"item\":\"https:\/\/juacontecimentos.com.br\/site\/\"},{\"@type\":\"ListItem\",\"position\":2,\"name\":\"Bolsonaro recua, prega harmonia entre poderes e exalta a democracia. Veja a nota\"}]},{\"@type\":\"WebSite\",\"@id\":\"https:\/\/juacontecimentos.com.br\/site\/#website\",\"url\":\"https:\/\/juacontecimentos.com.br\/site\/\",\"name\":\"Jornal Ultimos Acontecimentos\",\"description\":\"Catal\u00e3o e regi\u00e3o\",\"publisher\":{\"@id\":\"https:\/\/juacontecimentos.com.br\/site\/#organization\"},\"potentialAction\":[{\"@type\":\"SearchAction\",\"target\":{\"@type\":\"EntryPoint\",\"urlTemplate\":\"https:\/\/juacontecimentos.com.br\/site\/?s={search_term_string}\"},\"query-input\":{\"@type\":\"PropertyValueSpecification\",\"valueRequired\":true,\"valueName\":\"search_term_string\"}}],\"inLanguage\":\"pt-BR\"},{\"@type\":\"Organization\",\"@id\":\"https:\/\/juacontecimentos.com.br\/site\/#organization\",\"name\":\"Jornal Ultimos Acontecimentos\",\"url\":\"https:\/\/juacontecimentos.com.br\/site\/\",\"logo\":{\"@type\":\"ImageObject\",\"inLanguage\":\"pt-BR\",\"@id\":\"https:\/\/juacontecimentos.com.br\/site\/#\/schema\/logo\/image\/\",\"url\":\"https:\/\/juacontecimentos.com.br\/site\/wp-content\/uploads\/2023\/04\/Logo_Site.png\",\"contentUrl\":\"https:\/\/juacontecimentos.com.br\/site\/wp-content\/uploads\/2023\/04\/Logo_Site.png\",\"width\":2476,\"height\":530,\"caption\":\"Jornal Ultimos Acontecimentos\"},\"image\":{\"@id\":\"https:\/\/juacontecimentos.com.br\/site\/#\/schema\/logo\/image\/\"},\"sameAs\":[\"https:\/\/www.facebook.com\/jultimosacontecimentos\/\"]},{\"@type\":\"Person\",\"@id\":\"https:\/\/juacontecimentos.com.br\/site\/#\/schema\/person\/082a54e6d3fdd7a633291428521c9669\",\"name\":\"Reginaldo Ribeiro\",\"image\":{\"@type\":\"ImageObject\",\"inLanguage\":\"pt-BR\",\"@id\":\"https:\/\/juacontecimentos.com.br\/site\/#\/schema\/person\/image\/\",\"url\":\"https:\/\/secure.gravatar.com\/avatar\/5c16c6837c3490270a74d888c2a845728f06bdde1f8761de1de1d1d1ef82d12f?s=96&d=mm&r=g\",\"contentUrl\":\"https:\/\/secure.gravatar.com\/avatar\/5c16c6837c3490270a74d888c2a845728f06bdde1f8761de1de1d1d1ef82d12f?s=96&d=mm&r=g\",\"caption\":\"Reginaldo Ribeiro\"}}]}<\/script>\n<!-- \/ Yoast SEO plugin. -->","yoast_head_json":{"title":"Bolsonaro recua, prega harmonia entre poderes e exalta a democracia. Veja a nota - Jornal Ultimos Acontecimentos","robots":{"index":"index","follow":"follow","max-snippet":"max-snippet:-1","max-image-preview":"max-image-preview:large","max-video-preview":"max-video-preview:-1"},"canonical":"https:\/\/juacontecimentos.com.br\/site\/bolsonaro-recua-prega-harmonia-entre-poderes-e-exalta-democracia-veja-nota\/","og_locale":"pt_BR","og_type":"article","og_title":"Bolsonaro recua, prega harmonia entre poderes e exalta a democracia. Veja a nota - Jornal Ultimos Acontecimentos","og_description":"Leia abaixo a nota divulgada pela presid\u00eancia da Rep\u00fablica: \u201cDeclara\u00e7\u00e3o \u00e0 Na\u00e7\u00e3o No instante em que o pa\u00eds se encontra dividido entre institui\u00e7\u00f5es \u00e9 meu dever, como Presidente da Rep\u00fablica, vir a p\u00fablico para dizer: 1. Nunca tive nenhuma inten\u00e7\u00e3o de agredir quaisquer dos Poderes. A harmonia entre eles n\u00e3o \u00e9 vontade minha, mas determina\u00e7\u00e3o","og_url":"https:\/\/juacontecimentos.com.br\/site\/bolsonaro-recua-prega-harmonia-entre-poderes-e-exalta-democracia-veja-nota\/","og_site_name":"Jornal Ultimos Acontecimentos","article_publisher":"https:\/\/www.facebook.com\/jultimosacontecimentos\/","article_published_time":"2021-09-10T08:26:05+00:00","article_modified_time":"2021-09-10T08:27:05+00:00","og_image":[{"width":503,"height":290,"url":"https:\/\/juacontecimentos.com.br\/site\/wp-content\/uploads\/2021\/09\/acen-bolsonaro.png","type":"image\/png"}],"author":"Reginaldo Ribeiro","twitter_card":"summary_large_image","twitter_misc":{"Escrito por":"Reginaldo Ribeiro","Est. tempo de leitura":"2 minutos"},"schema":{"@context":"https:\/\/schema.org","@graph":[{"@type":"Article","@id":"https:\/\/juacontecimentos.com.br\/site\/bolsonaro-recua-prega-harmonia-entre-poderes-e-exalta-democracia-veja-nota\/#article","isPartOf":{"@id":"https:\/\/juacontecimentos.com.br\/site\/bolsonaro-recua-prega-harmonia-entre-poderes-e-exalta-democracia-veja-nota\/"},"author":{"name":"Reginaldo Ribeiro","@id":"https:\/\/juacontecimentos.com.br\/site\/#\/schema\/person\/082a54e6d3fdd7a633291428521c9669"},"headline":"Bolsonaro recua, prega harmonia entre poderes e exalta a democracia. Veja a nota","datePublished":"2021-09-10T08:26:05+00:00","dateModified":"2021-09-10T08:27:05+00:00","mainEntityOfPage":{"@id":"https:\/\/juacontecimentos.com.br\/site\/bolsonaro-recua-prega-harmonia-entre-poderes-e-exalta-democracia-veja-nota\/"},"wordCount":326,"commentCount":0,"publisher":{"@id":"https:\/\/juacontecimentos.com.br\/site\/#organization"},"image":{"@id":"https:\/\/juacontecimentos.com.br\/site\/bolsonaro-recua-prega-harmonia-entre-poderes-e-exalta-democracia-veja-nota\/#primaryimage"},"thumbnailUrl":"https:\/\/juacontecimentos.com.br\/site\/wp-content\/uploads\/2021\/09\/acen-bolsonaro.png","articleSection":["Brasil","Catal\u00e3o","Destaque","Goi\u00e1s"],"inLanguage":"pt-BR"},{"@type":"WebPage","@id":"https:\/\/juacontecimentos.com.br\/site\/bolsonaro-recua-prega-harmonia-entre-poderes-e-exalta-democracia-veja-nota\/","url":"https:\/\/juacontecimentos.com.br\/site\/bolsonaro-recua-prega-harmonia-entre-poderes-e-exalta-democracia-veja-nota\/","name":"Bolsonaro recua, prega harmonia entre poderes e exalta a democracia. Veja a nota - Jornal Ultimos Acontecimentos","isPartOf":{"@id":"https:\/\/juacontecimentos.com.br\/site\/#website"},"primaryImageOfPage":{"@id":"https:\/\/juacontecimentos.com.br\/site\/bolsonaro-recua-prega-harmonia-entre-poderes-e-exalta-democracia-veja-nota\/#primaryimage"},"image":{"@id":"https:\/\/juacontecimentos.com.br\/site\/bolsonaro-recua-prega-harmonia-entre-poderes-e-exalta-democracia-veja-nota\/#primaryimage"},"thumbnailUrl":"https:\/\/juacontecimentos.com.br\/site\/wp-content\/uploads\/2021\/09\/acen-bolsonaro.png","datePublished":"2021-09-10T08:26:05+00:00","dateModified":"2021-09-10T08:27:05+00:00","breadcrumb":{"@id":"https:\/\/juacontecimentos.com.br\/site\/bolsonaro-recua-prega-harmonia-entre-poderes-e-exalta-democracia-veja-nota\/#breadcrumb"},"inLanguage":"pt-BR","potentialAction":[{"@type":"ReadAction","target":["https:\/\/juacontecimentos.com.br\/site\/bolsonaro-recua-prega-harmonia-entre-poderes-e-exalta-democracia-veja-nota\/"]}]},{"@type":"ImageObject","inLanguage":"pt-BR","@id":"https:\/\/juacontecimentos.com.br\/site\/bolsonaro-recua-prega-harmonia-entre-poderes-e-exalta-democracia-veja-nota\/#primaryimage","url":"https:\/\/juacontecimentos.com.br\/site\/wp-content\/uploads\/2021\/09\/acen-bolsonaro.png","contentUrl":"https:\/\/juacontecimentos.com.br\/site\/wp-content\/uploads\/2021\/09\/acen-bolsonaro.png","width":503,"height":290},{"@type":"BreadcrumbList","@id":"https:\/\/juacontecimentos.com.br\/site\/bolsonaro-recua-prega-harmonia-entre-poderes-e-exalta-democracia-veja-nota\/#breadcrumb","itemListElement":[{"@type":"ListItem","position":1,"name":"In\u00edcio","item":"https:\/\/juacontecimentos.com.br\/site\/"},{"@type":"ListItem","position":2,"name":"Bolsonaro recua, prega harmonia entre poderes e exalta a democracia. Veja a nota"}]},{"@type":"WebSite","@id":"https:\/\/juacontecimentos.com.br\/site\/#website","url":"https:\/\/juacontecimentos.com.br\/site\/","name":"Jornal Ultimos Acontecimentos","description":"Catal\u00e3o e regi\u00e3o","publisher":{"@id":"https:\/\/juacontecimentos.com.br\/site\/#organization"},"potentialAction":[{"@type":"SearchAction","target":{"@type":"EntryPoint","urlTemplate":"https:\/\/juacontecimentos.com.br\/site\/?s={search_term_string}"},"query-input":{"@type":"PropertyValueSpecification","valueRequired":true,"valueName":"search_term_string"}}],"inLanguage":"pt-BR"},{"@type":"Organization","@id":"https:\/\/juacontecimentos.com.br\/site\/#organization","name":"Jornal Ultimos Acontecimentos","url":"https:\/\/juacontecimentos.com.br\/site\/","logo":{"@type":"ImageObject","inLanguage":"pt-BR","@id":"https:\/\/juacontecimentos.com.br\/site\/#\/schema\/logo\/image\/","url":"https:\/\/juacontecimentos.com.br\/site\/wp-content\/uploads\/2023\/04\/Logo_Site.png","contentUrl":"https:\/\/juacontecimentos.com.br\/site\/wp-content\/uploads\/2023\/04\/Logo_Site.png","width":2476,"height":530,"caption":"Jornal Ultimos Acontecimentos"},"image":{"@id":"https:\/\/juacontecimentos.com.br\/site\/#\/schema\/logo\/image\/"},"sameAs":["https:\/\/www.facebook.com\/jultimosacontecimentos\/"]},{"@type":"Person","@id":"https:\/\/juacontecimentos.com.br\/site\/#\/schema\/person\/082a54e6d3fdd7a633291428521c9669","name":"Reginaldo Ribeiro","image":{"@type":"ImageObject","inLanguage":"pt-BR","@id":"https:\/\/juacontecimentos.com.br\/site\/#\/schema\/person\/image\/","url":"https:\/\/secure.gravatar.com\/avatar\/5c16c6837c3490270a74d888c2a845728f06bdde1f8761de1de1d1d1ef82d12f?s=96&d=mm&r=g","contentUrl":"https:\/\/secure.gravatar.com\/avatar\/5c16c6837c3490270a74d888c2a845728f06bdde1f8761de1de1d1d1ef82d12f?s=96&d=mm&r=g","caption":"Reginaldo Ribeiro"}}]}},"_links":{"self":[{"href":"https:\/\/juacontecimentos.com.br\/site\/wp-json\/wp\/v2\/posts\/16582","targetHints":{"allow":["GET"]}}],"collection":[{"href":"https:\/\/juacontecimentos.com.br\/site\/wp-json\/wp\/v2\/posts"}],"about":[{"href":"https:\/\/juacontecimentos.com.br\/site\/wp-json\/wp\/v2\/types\/post"}],"author":[{"embeddable":true,"href":"https:\/\/juacontecimentos.com.br\/site\/wp-json\/wp\/v2\/users\/2"}],"replies":[{"embeddable":true,"href":"https:\/\/juacontecimentos.com.br\/site\/wp-json\/wp\/v2\/comments?post=16582"}],"version-history":[{"count":2,"href":"https:\/\/juacontecimentos.com.br\/site\/wp-json\/wp\/v2\/posts\/16582\/revisions"}],"predecessor-version":[{"id":16585,"href":"https:\/\/juacontecimentos.com.br\/site\/wp-json\/wp\/v2\/posts\/16582\/revisions\/16585"}],"wp:featuredmedia":[{"embeddable":true,"href":"https:\/\/juacontecimentos.com.br\/site\/wp-json\/wp\/v2\/media\/16583"}],"wp:attachment":[{"href":"https:\/\/juacontecimentos.com.br\/site\/wp-json\/wp\/v2\/media?parent=16582"}],"wp:term":[{"taxonomy":"category","embeddable":true,"href":"https:\/\/juacontecimentos.com.br\/site\/wp-json\/wp\/v2\/categories?post=16582"},{"taxonomy":"post_tag","embeddable":true,"href":"https:\/\/juacontecimentos.com.br\/site\/wp-json\/wp\/v2\/tags?post=16582"}],"curies":[{"name":"wp","href":"https:\/\/api.w.org\/{rel}","templated":true}]}}