{"id":16979,"date":"2021-10-05T10:19:21","date_gmt":"2021-10-05T13:19:21","guid":{"rendered":"https:\/\/juacontecimento.com.br\/site\/?p=16979"},"modified":"2021-10-05T10:19:36","modified_gmt":"2021-10-05T13:19:36","slug":"em-evento-no-df-mendanha-da-sinais-sobre-sua-chapa-para-2022","status":"publish","type":"post","link":"https:\/\/juacontecimentos.com.br\/site\/em-evento-no-df-mendanha-da-sinais-sobre-sua-chapa-para-2022\/","title":{"rendered":"Em evento no DF, Mendanha d\u00e1 sinais sobre sua chapa para 2022"},"content":{"rendered":"<blockquote>\n<div id=\"attachment_16980\" style=\"width: 910px\" class=\"wp-caption alignnone\"><img loading=\"lazy\" decoding=\"async\" aria-describedby=\"caption-attachment-16980\" class=\"size-large wp-image-16980\" src=\"https:\/\/juacontecimento.com.br\/site\/wp-content\/uploads\/2021\/10\/2-abre-11-1024x768.jpg\" alt=\"\" width=\"900\" height=\"675\" srcset=\"https:\/\/juacontecimentos.com.br\/site\/wp-content\/uploads\/2021\/10\/2-abre-11.jpg 1024w, https:\/\/juacontecimentos.com.br\/site\/wp-content\/uploads\/2021\/10\/2-abre-11-300x225.jpg 300w, https:\/\/juacontecimentos.com.br\/site\/wp-content\/uploads\/2021\/10\/2-abre-11-768x576.jpg 768w\" sizes=\"auto, (max-width: 900px) 100vw, 900px\" \/><p id=\"caption-attachment-16980\" class=\"wp-caption-text\">Prefeito de Aparecida de Goi\u00e2nia se reuniu com lideran\u00e7as religiosas e pol\u00edticas da segunda regi\u00e3o com mais eleitores em Goi\u00e1s | Foto: Reprodu\u00e7\u00e3o<\/p><\/div><\/blockquote>\n<p><strong><em>Por: Marcelo Mariano<\/em><\/strong><\/p>\n<p>O prefeito de Aparecida de Goi\u00e2nia, Gustavo Mendanha, que, recentemente, saiu do MDB, esteve no Distrito Federal durante o final de semana para participar de um evento na Assembleia de Deus do Gama.<\/p>\n<p>Na ocasi\u00e3o, al\u00e9m de religiosos, marcaram presen\u00e7a lideran\u00e7as pol\u00edticas do entorno do DF, a segunda regi\u00e3o com mais eleitores em Goi\u00e1s, atr\u00e1s apenas da regi\u00e3o metropolitana de Goi\u00e2nia.<\/p>\n<p>Uma dessas lideran\u00e7as \u00e9 a deputada estadual L\u00eada Borges (PSDB), ex-prefeita de Valpara\u00edso de Goi\u00e1s e atualmente cotada para ser candidata a vice-governadora na chapa de Mendanha em 2022.<\/p>\n<p>Vale lembrar que a Assembleia de Deus, da qual o prefeito de Aparecida de Goi\u00e2nia faz parte, \u00e9 tamb\u00e9m a igreja do deputado federal Jo\u00e3o Campos (Republicanos), que se coloca como pr\u00e9-candidato a senador nas elei\u00e7\u00f5es do ano que vem.<\/p>\n<p>A prop\u00f3sito, alguns dos aliados do parlamentar estiveram presentes no evento no Gama, que, dessa forma, pode ter sido um esbo\u00e7o da chapa mendanhista.<\/p>\n<p>Durante encontro do PSDB na semana passada, L\u00eada Borges afirmou que \u201cas especula\u00e7\u00f5es a respeito dessa parceria s\u00e3o naturais, haja vista que a regi\u00e3o que represento tem o segundo maior col\u00e9gio eleitoral de Goi\u00e1s, e a dele [Mendanha], o primeiro\u201d.<\/p>\n<p>Por sua vez, Jo\u00e3o Campos alega que dialoga com todos os pr\u00e9-candidatos a governador, mas a aproxima\u00e7\u00e3o do prefeito de Aparecida de Goi\u00e2nia com o Republicanos, presidido em Goi\u00e1s pelo deputado federal, \u00e9 p\u00fablica e not\u00f3ria.<\/p>\n<p>Em resumo, se as chapas precisassem ser registradas amanh\u00e3, seria alta, de quase 100%, a probabilidade de Mendanha ter L\u00eada Borges e Jo\u00e3o Campos ocupando as vagas de vice e senador, respectivamente.<\/p>\n<p>At\u00e9 a defini\u00e7\u00e3o das chapas, claro, muita coisa pode mudar. Nesses pr\u00f3ximos meses, Mendanha ter\u00e1 que explicar, por exemplo, sua aproxima\u00e7\u00e3o com os tucanos.<\/p>\n<p>H\u00e1 nomes do PSDB junto ao governador Ronaldo Caiado (DEM), como os deputados estaduais Francisco Oliveira e Talles Barreto. Na pol\u00edtica, mudar de lado j\u00e1 \u00e9 algo normal e ningu\u00e9m mais se surpreende.<\/p>\n<p>No caso de Mendanha, por\u00e9m, essa aproxima\u00e7\u00e3o vai na dire\u00e7\u00e3o oposta de seu argumento contra a alian\u00e7a entre DEM e MDB, que definiu Daniel Vilela como candidato a vice de Caiado.<\/p>\n<p>Para o prefeito de Aparecida de Goi\u00e2nia, os dois partidos s\u00e3o advers\u00e1rios hist\u00f3ricos, o que \u00e9 verdade. Contudo, os tucanos, em Goi\u00e1s, s\u00e3o advers\u00e1rios ainda maiores dos emedebistas do que o DEM.<\/p>\n<p><strong>Ibaneis<\/strong><\/p>\n<p>O evento da Assembleia de Deus do Gama tamb\u00e9m teve a participa\u00e7\u00e3o do governador do Distrito Federal, Ibaneis Rocha (MDB), abertamente aliado de Mendanha e cr\u00edtico de Caiado.<\/p>\n<p>\u201cTor\u00e7o muito, L\u00eada, para que Gustavo saia candidato a governador de Goi\u00e1s para que a gente possa ter um show de renova\u00e7\u00e3o, abandonando pr\u00e1ticas pol\u00edticas que j\u00e1 n\u00e3o deveriam mais existir no s\u00e9culo 21\u201d, discursou o governador do DF.<\/p>\n<p>Nos \u00faltimos tempos, Ibaneis e Caiado acumularam uma s\u00e9rie de desentendimentos em diversas \u00e1reas, como a gest\u00e3o da sa\u00fade referente a moradores da regi\u00e3o do entorno do Distrito Federal e at\u00e9 mesmo as buscas pelo assassino L\u00e1zaro.<\/p>\n<p>Oficialmente, Mendanha ainda n\u00e3o diz que ser\u00e1 candidato a governador, mas, nos bastidores, sua candidatura \u00e9 tida como certa. Pouco conhecido no interior, para ser eleito, ele ter\u00e1 que intensificar sua presen\u00e7a no entorno do DF. E Ibaneis e L\u00eada certamente estar\u00e3o ao seu lado.<\/p>\n<p>&nbsp;<br \/>\n<\/p>\n","protected":false},"excerpt":{"rendered":"<p>Por: Marcelo Mariano O prefeito de Aparecida de Goi\u00e2nia, Gustavo Mendanha, que, recentemente, saiu do MDB, esteve no Distrito Federal durante o final de semana para participar de um evento na Assembleia de Deus do Gama. Na ocasi\u00e3o, al\u00e9m de religiosos, marcaram presen\u00e7a lideran\u00e7as pol\u00edticas do entorno do DF, a segunda regi\u00e3o com mais eleitores<\/p>\n","protected":false},"author":2,"featured_media":16980,"comment_status":"open","ping_status":"open","sticky":false,"template":"","format":"standard","meta":{"footnotes":""},"categories":[27,22,26,23],"tags":[],"class_list":["post-16979","post","type-post","status-publish","format-standard","has-post-thumbnail","hentry","category-brasil","category-catalao","category-destaque","category-goias"],"yoast_head":"<!-- This site is optimized with the Yoast SEO plugin v25.8 - https:\/\/yoast.com\/wordpress\/plugins\/seo\/ -->\n<title>Em evento no DF, Mendanha d\u00e1 sinais sobre sua chapa para 2022 - Jornal Ultimos Acontecimentos<\/title>\n<meta name=\"robots\" content=\"index, follow, max-snippet:-1, max-image-preview:large, max-video-preview:-1\" \/>\n<link rel=\"canonical\" href=\"https:\/\/juacontecimentos.com.br\/site\/em-evento-no-df-mendanha-da-sinais-sobre-sua-chapa-para-2022\/\" \/>\n<meta property=\"og:locale\" content=\"pt_BR\" \/>\n<meta property=\"og:type\" content=\"article\" \/>\n<meta property=\"og:title\" content=\"Em evento no DF, Mendanha d\u00e1 sinais sobre sua chapa para 2022 - Jornal Ultimos Acontecimentos\" \/>\n<meta property=\"og:description\" content=\"Por: Marcelo Mariano O prefeito de Aparecida de Goi\u00e2nia, Gustavo Mendanha, que, recentemente, saiu do MDB, esteve no Distrito Federal durante o final de semana para participar de um evento na Assembleia de Deus do Gama. Na ocasi\u00e3o, al\u00e9m de religiosos, marcaram presen\u00e7a lideran\u00e7as pol\u00edticas do entorno do DF, a segunda regi\u00e3o com mais eleitores\" \/>\n<meta property=\"og:url\" content=\"https:\/\/juacontecimentos.com.br\/site\/em-evento-no-df-mendanha-da-sinais-sobre-sua-chapa-para-2022\/\" \/>\n<meta property=\"og:site_name\" content=\"Jornal Ultimos Acontecimentos\" \/>\n<meta property=\"article:publisher\" content=\"https:\/\/www.facebook.com\/jultimosacontecimentos\/\" \/>\n<meta property=\"article:published_time\" content=\"2021-10-05T13:19:21+00:00\" \/>\n<meta property=\"article:modified_time\" content=\"2021-10-05T13:19:36+00:00\" \/>\n<meta property=\"og:image\" content=\"https:\/\/juacontecimentos.com.br\/site\/wp-content\/uploads\/2021\/10\/2-abre-11.jpg\" \/>\n\t<meta property=\"og:image:width\" content=\"1024\" \/>\n\t<meta property=\"og:image:height\" content=\"768\" \/>\n\t<meta property=\"og:image:type\" content=\"image\/jpeg\" \/>\n<meta name=\"author\" content=\"Reginaldo Ribeiro\" \/>\n<meta name=\"twitter:card\" content=\"summary_large_image\" \/>\n<meta name=\"twitter:label1\" content=\"Escrito por\" \/>\n\t<meta name=\"twitter:data1\" content=\"Reginaldo Ribeiro\" \/>\n\t<meta name=\"twitter:label2\" content=\"Est. tempo de leitura\" \/>\n\t<meta name=\"twitter:data2\" content=\"3 minutos\" \/>\n<script type=\"application\/ld+json\" class=\"yoast-schema-graph\">{\"@context\":\"https:\/\/schema.org\",\"@graph\":[{\"@type\":\"Article\",\"@id\":\"https:\/\/juacontecimentos.com.br\/site\/em-evento-no-df-mendanha-da-sinais-sobre-sua-chapa-para-2022\/#article\",\"isPartOf\":{\"@id\":\"https:\/\/juacontecimentos.com.br\/site\/em-evento-no-df-mendanha-da-sinais-sobre-sua-chapa-para-2022\/\"},\"author\":{\"name\":\"Reginaldo Ribeiro\",\"@id\":\"https:\/\/juacontecimentos.com.br\/site\/#\/schema\/person\/082a54e6d3fdd7a633291428521c9669\"},\"headline\":\"Em evento no DF, Mendanha d\u00e1 sinais sobre sua chapa para 2022\",\"datePublished\":\"2021-10-05T13:19:21+00:00\",\"dateModified\":\"2021-10-05T13:19:36+00:00\",\"mainEntityOfPage\":{\"@id\":\"https:\/\/juacontecimentos.com.br\/site\/em-evento-no-df-mendanha-da-sinais-sobre-sua-chapa-para-2022\/\"},\"wordCount\":646,\"commentCount\":0,\"publisher\":{\"@id\":\"https:\/\/juacontecimentos.com.br\/site\/#organization\"},\"image\":{\"@id\":\"https:\/\/juacontecimentos.com.br\/site\/em-evento-no-df-mendanha-da-sinais-sobre-sua-chapa-para-2022\/#primaryimage\"},\"thumbnailUrl\":\"https:\/\/juacontecimentos.com.br\/site\/wp-content\/uploads\/2021\/10\/2-abre-11.jpg\",\"articleSection\":[\"Brasil\",\"Catal\u00e3o\",\"Destaque\",\"Goi\u00e1s\"],\"inLanguage\":\"pt-BR\"},{\"@type\":\"WebPage\",\"@id\":\"https:\/\/juacontecimentos.com.br\/site\/em-evento-no-df-mendanha-da-sinais-sobre-sua-chapa-para-2022\/\",\"url\":\"https:\/\/juacontecimentos.com.br\/site\/em-evento-no-df-mendanha-da-sinais-sobre-sua-chapa-para-2022\/\",\"name\":\"Em evento no DF, Mendanha d\u00e1 sinais sobre sua chapa para 2022 - Jornal Ultimos Acontecimentos\",\"isPartOf\":{\"@id\":\"https:\/\/juacontecimentos.com.br\/site\/#website\"},\"primaryImageOfPage\":{\"@id\":\"https:\/\/juacontecimentos.com.br\/site\/em-evento-no-df-mendanha-da-sinais-sobre-sua-chapa-para-2022\/#primaryimage\"},\"image\":{\"@id\":\"https:\/\/juacontecimentos.com.br\/site\/em-evento-no-df-mendanha-da-sinais-sobre-sua-chapa-para-2022\/#primaryimage\"},\"thumbnailUrl\":\"https:\/\/juacontecimentos.com.br\/site\/wp-content\/uploads\/2021\/10\/2-abre-11.jpg\",\"datePublished\":\"2021-10-05T13:19:21+00:00\",\"dateModified\":\"2021-10-05T13:19:36+00:00\",\"breadcrumb\":{\"@id\":\"https:\/\/juacontecimentos.com.br\/site\/em-evento-no-df-mendanha-da-sinais-sobre-sua-chapa-para-2022\/#breadcrumb\"},\"inLanguage\":\"pt-BR\",\"potentialAction\":[{\"@type\":\"ReadAction\",\"target\":[\"https:\/\/juacontecimentos.com.br\/site\/em-evento-no-df-mendanha-da-sinais-sobre-sua-chapa-para-2022\/\"]}]},{\"@type\":\"ImageObject\",\"inLanguage\":\"pt-BR\",\"@id\":\"https:\/\/juacontecimentos.com.br\/site\/em-evento-no-df-mendanha-da-sinais-sobre-sua-chapa-para-2022\/#primaryimage\",\"url\":\"https:\/\/juacontecimentos.com.br\/site\/wp-content\/uploads\/2021\/10\/2-abre-11.jpg\",\"contentUrl\":\"https:\/\/juacontecimentos.com.br\/site\/wp-content\/uploads\/2021\/10\/2-abre-11.jpg\",\"width\":1024,\"height\":768,\"caption\":\"Prefeito de Aparecida de Goi\u00e2nia se reuniu com lideran\u00e7as religiosas e pol\u00edticas da segunda regi\u00e3o com mais eleitores em Goi\u00e1s | Foto: Reprodu\u00e7\u00e3o\"},{\"@type\":\"BreadcrumbList\",\"@id\":\"https:\/\/juacontecimentos.com.br\/site\/em-evento-no-df-mendanha-da-sinais-sobre-sua-chapa-para-2022\/#breadcrumb\",\"itemListElement\":[{\"@type\":\"ListItem\",\"position\":1,\"name\":\"In\u00edcio\",\"item\":\"https:\/\/juacontecimentos.com.br\/site\/\"},{\"@type\":\"ListItem\",\"position\":2,\"name\":\"Em evento no DF, Mendanha d\u00e1 sinais sobre sua chapa para 2022\"}]},{\"@type\":\"WebSite\",\"@id\":\"https:\/\/juacontecimentos.com.br\/site\/#website\",\"url\":\"https:\/\/juacontecimentos.com.br\/site\/\",\"name\":\"Jornal Ultimos Acontecimentos\",\"description\":\"Catal\u00e3o e regi\u00e3o\",\"publisher\":{\"@id\":\"https:\/\/juacontecimentos.com.br\/site\/#organization\"},\"potentialAction\":[{\"@type\":\"SearchAction\",\"target\":{\"@type\":\"EntryPoint\",\"urlTemplate\":\"https:\/\/juacontecimentos.com.br\/site\/?s={search_term_string}\"},\"query-input\":{\"@type\":\"PropertyValueSpecification\",\"valueRequired\":true,\"valueName\":\"search_term_string\"}}],\"inLanguage\":\"pt-BR\"},{\"@type\":\"Organization\",\"@id\":\"https:\/\/juacontecimentos.com.br\/site\/#organization\",\"name\":\"Jornal Ultimos Acontecimentos\",\"url\":\"https:\/\/juacontecimentos.com.br\/site\/\",\"logo\":{\"@type\":\"ImageObject\",\"inLanguage\":\"pt-BR\",\"@id\":\"https:\/\/juacontecimentos.com.br\/site\/#\/schema\/logo\/image\/\",\"url\":\"https:\/\/juacontecimentos.com.br\/site\/wp-content\/uploads\/2023\/04\/Logo_Site.png\",\"contentUrl\":\"https:\/\/juacontecimentos.com.br\/site\/wp-content\/uploads\/2023\/04\/Logo_Site.png\",\"width\":2476,\"height\":530,\"caption\":\"Jornal Ultimos Acontecimentos\"},\"image\":{\"@id\":\"https:\/\/juacontecimentos.com.br\/site\/#\/schema\/logo\/image\/\"},\"sameAs\":[\"https:\/\/www.facebook.com\/jultimosacontecimentos\/\"]},{\"@type\":\"Person\",\"@id\":\"https:\/\/juacontecimentos.com.br\/site\/#\/schema\/person\/082a54e6d3fdd7a633291428521c9669\",\"name\":\"Reginaldo Ribeiro\",\"image\":{\"@type\":\"ImageObject\",\"inLanguage\":\"pt-BR\",\"@id\":\"https:\/\/juacontecimentos.com.br\/site\/#\/schema\/person\/image\/\",\"url\":\"https:\/\/secure.gravatar.com\/avatar\/5c16c6837c3490270a74d888c2a845728f06bdde1f8761de1de1d1d1ef82d12f?s=96&d=mm&r=g\",\"contentUrl\":\"https:\/\/secure.gravatar.com\/avatar\/5c16c6837c3490270a74d888c2a845728f06bdde1f8761de1de1d1d1ef82d12f?s=96&d=mm&r=g\",\"caption\":\"Reginaldo Ribeiro\"}}]}<\/script>\n<!-- \/ Yoast SEO plugin. -->","yoast_head_json":{"title":"Em evento no DF, Mendanha d\u00e1 sinais sobre sua chapa para 2022 - Jornal Ultimos Acontecimentos","robots":{"index":"index","follow":"follow","max-snippet":"max-snippet:-1","max-image-preview":"max-image-preview:large","max-video-preview":"max-video-preview:-1"},"canonical":"https:\/\/juacontecimentos.com.br\/site\/em-evento-no-df-mendanha-da-sinais-sobre-sua-chapa-para-2022\/","og_locale":"pt_BR","og_type":"article","og_title":"Em evento no DF, Mendanha d\u00e1 sinais sobre sua chapa para 2022 - Jornal Ultimos Acontecimentos","og_description":"Por: Marcelo Mariano O prefeito de Aparecida de Goi\u00e2nia, Gustavo Mendanha, que, recentemente, saiu do MDB, esteve no Distrito Federal durante o final de semana para participar de um evento na Assembleia de Deus do Gama. Na ocasi\u00e3o, al\u00e9m de religiosos, marcaram presen\u00e7a lideran\u00e7as pol\u00edticas do entorno do DF, a segunda regi\u00e3o com mais eleitores","og_url":"https:\/\/juacontecimentos.com.br\/site\/em-evento-no-df-mendanha-da-sinais-sobre-sua-chapa-para-2022\/","og_site_name":"Jornal Ultimos Acontecimentos","article_publisher":"https:\/\/www.facebook.com\/jultimosacontecimentos\/","article_published_time":"2021-10-05T13:19:21+00:00","article_modified_time":"2021-10-05T13:19:36+00:00","og_image":[{"width":1024,"height":768,"url":"https:\/\/juacontecimentos.com.br\/site\/wp-content\/uploads\/2021\/10\/2-abre-11.jpg","type":"image\/jpeg"}],"author":"Reginaldo Ribeiro","twitter_card":"summary_large_image","twitter_misc":{"Escrito por":"Reginaldo Ribeiro","Est. tempo de leitura":"3 minutos"},"schema":{"@context":"https:\/\/schema.org","@graph":[{"@type":"Article","@id":"https:\/\/juacontecimentos.com.br\/site\/em-evento-no-df-mendanha-da-sinais-sobre-sua-chapa-para-2022\/#article","isPartOf":{"@id":"https:\/\/juacontecimentos.com.br\/site\/em-evento-no-df-mendanha-da-sinais-sobre-sua-chapa-para-2022\/"},"author":{"name":"Reginaldo Ribeiro","@id":"https:\/\/juacontecimentos.com.br\/site\/#\/schema\/person\/082a54e6d3fdd7a633291428521c9669"},"headline":"Em evento no DF, Mendanha d\u00e1 sinais sobre sua chapa para 2022","datePublished":"2021-10-05T13:19:21+00:00","dateModified":"2021-10-05T13:19:36+00:00","mainEntityOfPage":{"@id":"https:\/\/juacontecimentos.com.br\/site\/em-evento-no-df-mendanha-da-sinais-sobre-sua-chapa-para-2022\/"},"wordCount":646,"commentCount":0,"publisher":{"@id":"https:\/\/juacontecimentos.com.br\/site\/#organization"},"image":{"@id":"https:\/\/juacontecimentos.com.br\/site\/em-evento-no-df-mendanha-da-sinais-sobre-sua-chapa-para-2022\/#primaryimage"},"thumbnailUrl":"https:\/\/juacontecimentos.com.br\/site\/wp-content\/uploads\/2021\/10\/2-abre-11.jpg","articleSection":["Brasil","Catal\u00e3o","Destaque","Goi\u00e1s"],"inLanguage":"pt-BR"},{"@type":"WebPage","@id":"https:\/\/juacontecimentos.com.br\/site\/em-evento-no-df-mendanha-da-sinais-sobre-sua-chapa-para-2022\/","url":"https:\/\/juacontecimentos.com.br\/site\/em-evento-no-df-mendanha-da-sinais-sobre-sua-chapa-para-2022\/","name":"Em evento no DF, Mendanha d\u00e1 sinais sobre sua chapa para 2022 - Jornal Ultimos Acontecimentos","isPartOf":{"@id":"https:\/\/juacontecimentos.com.br\/site\/#website"},"primaryImageOfPage":{"@id":"https:\/\/juacontecimentos.com.br\/site\/em-evento-no-df-mendanha-da-sinais-sobre-sua-chapa-para-2022\/#primaryimage"},"image":{"@id":"https:\/\/juacontecimentos.com.br\/site\/em-evento-no-df-mendanha-da-sinais-sobre-sua-chapa-para-2022\/#primaryimage"},"thumbnailUrl":"https:\/\/juacontecimentos.com.br\/site\/wp-content\/uploads\/2021\/10\/2-abre-11.jpg","datePublished":"2021-10-05T13:19:21+00:00","dateModified":"2021-10-05T13:19:36+00:00","breadcrumb":{"@id":"https:\/\/juacontecimentos.com.br\/site\/em-evento-no-df-mendanha-da-sinais-sobre-sua-chapa-para-2022\/#breadcrumb"},"inLanguage":"pt-BR","potentialAction":[{"@type":"ReadAction","target":["https:\/\/juacontecimentos.com.br\/site\/em-evento-no-df-mendanha-da-sinais-sobre-sua-chapa-para-2022\/"]}]},{"@type":"ImageObject","inLanguage":"pt-BR","@id":"https:\/\/juacontecimentos.com.br\/site\/em-evento-no-df-mendanha-da-sinais-sobre-sua-chapa-para-2022\/#primaryimage","url":"https:\/\/juacontecimentos.com.br\/site\/wp-content\/uploads\/2021\/10\/2-abre-11.jpg","contentUrl":"https:\/\/juacontecimentos.com.br\/site\/wp-content\/uploads\/2021\/10\/2-abre-11.jpg","width":1024,"height":768,"caption":"Prefeito de Aparecida de Goi\u00e2nia se reuniu com lideran\u00e7as religiosas e pol\u00edticas da segunda regi\u00e3o com mais eleitores em Goi\u00e1s | Foto: Reprodu\u00e7\u00e3o"},{"@type":"BreadcrumbList","@id":"https:\/\/juacontecimentos.com.br\/site\/em-evento-no-df-mendanha-da-sinais-sobre-sua-chapa-para-2022\/#breadcrumb","itemListElement":[{"@type":"ListItem","position":1,"name":"In\u00edcio","item":"https:\/\/juacontecimentos.com.br\/site\/"},{"@type":"ListItem","position":2,"name":"Em evento no DF, Mendanha d\u00e1 sinais sobre sua chapa para 2022"}]},{"@type":"WebSite","@id":"https:\/\/juacontecimentos.com.br\/site\/#website","url":"https:\/\/juacontecimentos.com.br\/site\/","name":"Jornal Ultimos Acontecimentos","description":"Catal\u00e3o e regi\u00e3o","publisher":{"@id":"https:\/\/juacontecimentos.com.br\/site\/#organization"},"potentialAction":[{"@type":"SearchAction","target":{"@type":"EntryPoint","urlTemplate":"https:\/\/juacontecimentos.com.br\/site\/?s={search_term_string}"},"query-input":{"@type":"PropertyValueSpecification","valueRequired":true,"valueName":"search_term_string"}}],"inLanguage":"pt-BR"},{"@type":"Organization","@id":"https:\/\/juacontecimentos.com.br\/site\/#organization","name":"Jornal Ultimos Acontecimentos","url":"https:\/\/juacontecimentos.com.br\/site\/","logo":{"@type":"ImageObject","inLanguage":"pt-BR","@id":"https:\/\/juacontecimentos.com.br\/site\/#\/schema\/logo\/image\/","url":"https:\/\/juacontecimentos.com.br\/site\/wp-content\/uploads\/2023\/04\/Logo_Site.png","contentUrl":"https:\/\/juacontecimentos.com.br\/site\/wp-content\/uploads\/2023\/04\/Logo_Site.png","width":2476,"height":530,"caption":"Jornal Ultimos Acontecimentos"},"image":{"@id":"https:\/\/juacontecimentos.com.br\/site\/#\/schema\/logo\/image\/"},"sameAs":["https:\/\/www.facebook.com\/jultimosacontecimentos\/"]},{"@type":"Person","@id":"https:\/\/juacontecimentos.com.br\/site\/#\/schema\/person\/082a54e6d3fdd7a633291428521c9669","name":"Reginaldo Ribeiro","image":{"@type":"ImageObject","inLanguage":"pt-BR","@id":"https:\/\/juacontecimentos.com.br\/site\/#\/schema\/person\/image\/","url":"https:\/\/secure.gravatar.com\/avatar\/5c16c6837c3490270a74d888c2a845728f06bdde1f8761de1de1d1d1ef82d12f?s=96&d=mm&r=g","contentUrl":"https:\/\/secure.gravatar.com\/avatar\/5c16c6837c3490270a74d888c2a845728f06bdde1f8761de1de1d1d1ef82d12f?s=96&d=mm&r=g","caption":"Reginaldo Ribeiro"}}]}},"_links":{"self":[{"href":"https:\/\/juacontecimentos.com.br\/site\/wp-json\/wp\/v2\/posts\/16979","targetHints":{"allow":["GET"]}}],"collection":[{"href":"https:\/\/juacontecimentos.com.br\/site\/wp-json\/wp\/v2\/posts"}],"about":[{"href":"https:\/\/juacontecimentos.com.br\/site\/wp-json\/wp\/v2\/types\/post"}],"author":[{"embeddable":true,"href":"https:\/\/juacontecimentos.com.br\/site\/wp-json\/wp\/v2\/users\/2"}],"replies":[{"embeddable":true,"href":"https:\/\/juacontecimentos.com.br\/site\/wp-json\/wp\/v2\/comments?post=16979"}],"version-history":[{"count":1,"href":"https:\/\/juacontecimentos.com.br\/site\/wp-json\/wp\/v2\/posts\/16979\/revisions"}],"predecessor-version":[{"id":16981,"href":"https:\/\/juacontecimentos.com.br\/site\/wp-json\/wp\/v2\/posts\/16979\/revisions\/16981"}],"wp:featuredmedia":[{"embeddable":true,"href":"https:\/\/juacontecimentos.com.br\/site\/wp-json\/wp\/v2\/media\/16980"}],"wp:attachment":[{"href":"https:\/\/juacontecimentos.com.br\/site\/wp-json\/wp\/v2\/media?parent=16979"}],"wp:term":[{"taxonomy":"category","embeddable":true,"href":"https:\/\/juacontecimentos.com.br\/site\/wp-json\/wp\/v2\/categories?post=16979"},{"taxonomy":"post_tag","embeddable":true,"href":"https:\/\/juacontecimentos.com.br\/site\/wp-json\/wp\/v2\/tags?post=16979"}],"curies":[{"name":"wp","href":"https:\/\/api.w.org\/{rel}","templated":true}]}}