{"id":17188,"date":"2021-10-18T04:22:10","date_gmt":"2021-10-18T07:22:10","guid":{"rendered":"https:\/\/juacontecimento.com.br\/site\/?p=17188"},"modified":"2021-10-18T04:23:16","modified_gmt":"2021-10-18T07:23:16","slug":"caminhoneiros-vao-parar-em-1o-de-novembro-se-demandas-nao-forem-atendidas","status":"publish","type":"post","link":"https:\/\/juacontecimentos.com.br\/site\/caminhoneiros-vao-parar-em-1o-de-novembro-se-demandas-nao-forem-atendidas\/","title":{"rendered":"Caminhoneiros v\u00e3o parar em 1\u00ba de novembro se demandas n\u00e3o forem atendidas"},"content":{"rendered":"<h3>Entidades representantes do setor deram 15 dias para governo Bolsonaro atender reivindica\u00e7\u00f5es<\/h3>\n<p><img loading=\"lazy\" decoding=\"async\" class=\"alignnone size-full wp-image-17189\" src=\"https:\/\/juacontecimento.com.br\/site\/wp-content\/uploads\/2021\/10\/image-2-2.jpeg\" alt=\"\" width=\"800\" height=\"594\" srcset=\"https:\/\/juacontecimentos.com.br\/site\/wp-content\/uploads\/2021\/10\/image-2-2.jpeg 800w, https:\/\/juacontecimentos.com.br\/site\/wp-content\/uploads\/2021\/10\/image-2-2-300x223.jpeg 300w, https:\/\/juacontecimentos.com.br\/site\/wp-content\/uploads\/2021\/10\/image-2-2-768x570.jpeg 768w\" sizes=\"auto, (max-width: 800px) 100vw, 800px\" \/><\/p>\n<p>Entidades que representam os caminhoneiros reuniram-se no s\u00e1bado (16.out.2021) e deram prazo de 15 dias para que o governo de\u00a0Jair Bolsonaro\u00a0(sem partido) atenda as reivindica\u00e7\u00f5es da categoria. Caso contr\u00e1rio, os motoristas v\u00e3o parar a partir de 1\u00ba de novembro.<\/p>\n<p>Entre as demandas est\u00e3o o estabelecimento e cumprimento de um frete m\u00ednimo, redu\u00e7\u00e3o do pre\u00e7o do diesel e revis\u00e3o da pol\u00edtica de pre\u00e7os da\u00a0Petrobras.<\/p>\n<p>Estiveram reunidos a\u00a0CNTTL\u00a0(Confedera\u00e7\u00e3o Nacional dos Trabalhadores em Transportes e Log\u00edstica), o\u00a0CNTRC\u00a0(Conselho Nacional do Transporte Rodovi\u00e1rio de Cargas) e a\u00a0Abrava\u00a0(Associa\u00e7\u00e3o Brasileira de Condutores de Ve\u00edculos Automotores). As entidades s\u00e3o ligadas aos caminhoneiros aut\u00f4nomos que participaram da greve de 2018.<\/p>\n<p>\u201cO governo Bolsonaro teve o prazo de 3 anos para melhorar a vida do transportador aut\u00f4nomo e nada foi cumprido\u201d,\u00a0declarou\u00a0Carlos Alberto Litti Dahmer, diretor da CNTTL<\/p>\n<p>\u201cDaremos mais 15 dias para que a nossa pauta, que \u00e9 de conhecimento do ministro Tarc\u00edsio\u00a0[de Freitas, da Infraestrutura]\u00a0e do governo Bolsonaro, seja aplicada de fato para os caminhoneiros\u201d, afirmou.<\/p>\n<p>Segundo ele, os caminhoneiros enfrentam dificuldades nunca vistas. Litti Dahmer destacou que a situa\u00e7\u00e3o vem piorando ao longo dos \u00faltimos 3 anos de \u201cdesgoverno\u201d Bolsonaro. \u201cNosso chamado de paralisa\u00e7\u00e3o tem o respaldo de 1 milh\u00e3o de caminhoneiros\u00a0 e a sociedade vir\u00e1 conosco\u201d, disse.<\/p>\n<p><strong>REIVINDICA\u00c7\u00d5ES<\/strong><\/p>\n<p>As entidades\u00a0divulgaram\u00a0a lista de demandas para suspenderem a paralisa\u00e7\u00e3o:<\/p>\n<p>&#8211; redu\u00e7\u00e3o do pre\u00e7o do diesel e revis\u00e3o da pol\u00edtica de pre\u00e7os da Petrobras, conhecida como PPI (Pre\u00e7o de Paridade de Importa\u00e7\u00e3o);<br \/>\nconstitucionalidade do Piso M\u00ednimo de Frete;<br \/>\n&#8211; retorno da Aposentadoria Especial com 25 anos de contribui\u00e7\u00e3o ao INSS (Instituto Nacional do Seguro Social) e a inclus\u00e3o do desconto do INSS pago pelo caminhoneiro (PL2574\/2021) na Lei do Documento de Transporte Eletr\u00f4nico;<br \/>\n&#8211; aprova\u00e7\u00e3o do novo Marco Regulat\u00f3rio do Transporte Rodovi\u00e1rio de Cargas (PLC 75\/2018);<br \/>\n&#8211; aperfei\u00e7oamentos na proposta do voto em tr\u00e2nsito no Senado.<br \/>\nmelhoria e cria\u00e7\u00e3o de Pontos de Parada e Descanso (Lei 13.103\/2015).<\/p>\n<p><strong>CPI DO COMBUST\u00cdVEL<\/strong><\/p>\n<p>A articula\u00e7\u00e3o com o governo ser\u00e1 feita pelo deputado federal\u00a0Nereu Crispim\u00a0(PSL-RS), presidente da\u00a0Frente Parlamentar Mista dos Caminhoneiros Aut\u00f4nomos e Celetistas\u00a0\u2013grupo formado por 273 deputados federais e 22 senadores.<\/p>\n<p>No fim de setembro, a Frente divulgou documento\u00a0pedindo a cria\u00e7\u00e3o\u00a0da CPI (Comiss\u00e3o Parlamentar de Inqu\u00e9rito) do Combust\u00edvel. O pedido foi feito 1 dia depois de a\u00a0Petrobras\u00a0anunciar o\u00a0aumento de quase 9%\u00a0no pre\u00e7o do diesel nas refinarias.<\/p>\n<p>\u201cPrecisamos desvendar com urg\u00eancia o \u2018segredo\u2019 dos aumentos desenfreados dos combust\u00edveis e do g\u00e1s de cozinha. O fato \u00e9 que existe solu\u00e7\u00e3o para equilibrar esses pre\u00e7os, o que falta \u00e9 uma administra\u00e7\u00e3o coerente. Se a Petrobras praticasse o pre\u00e7o de paridade internacional, as refinarias estariam operando a plena carga e as importa\u00e7\u00f5es dessa ordem n\u00e3o seriam necess\u00e1rias\u201d, l\u00ea-se no documento.<\/p>\n<p>Em outro trecho, o grupo diz que o PPI \u201cn\u00e3o \u00e9 algo que pode se atribuir ao chamado livre mercado\u201d. O c\u00e1lculo \u00e9 usado pela Petrobras para determinar o pre\u00e7o dos combust\u00edveis. \u00c9 formado pelo valor do petr\u00f3leo internacional somado aos custos de importa\u00e7\u00e3o.<\/p>\n<p>\u201c\u00c9 pol\u00edtica lesiva, abuso do poder econ\u00f4mico contra o povo brasileiro, contra os consumidores, contra os caminhoneiros. Os pre\u00e7os dos combust\u00edveis arbitrados pela Petrobras, conduzem os caminhoneiros das estradas para a garagem, junto com suas fam\u00edlias\u201d, disse o grupo.<br \/>\n<\/p>\n","protected":false},"excerpt":{"rendered":"<p>Entidades representantes do setor deram 15 dias para governo Bolsonaro atender reivindica\u00e7\u00f5es Entidades que representam os caminhoneiros reuniram-se no s\u00e1bado (16.out.2021) e deram prazo de 15 dias para que o governo de\u00a0Jair Bolsonaro\u00a0(sem partido) atenda as reivindica\u00e7\u00f5es da categoria. Caso contr\u00e1rio, os motoristas v\u00e3o parar a partir de 1\u00ba de novembro. Entre as demandas est\u00e3o<\/p>\n","protected":false},"author":2,"featured_media":17189,"comment_status":"open","ping_status":"open","sticky":false,"template":"","format":"standard","meta":{"footnotes":""},"categories":[27,22,26,23],"tags":[],"class_list":["post-17188","post","type-post","status-publish","format-standard","has-post-thumbnail","hentry","category-brasil","category-catalao","category-destaque","category-goias"],"yoast_head":"<!-- This site is optimized with the Yoast SEO plugin v25.8 - https:\/\/yoast.com\/wordpress\/plugins\/seo\/ -->\n<title>Caminhoneiros v\u00e3o parar em 1\u00ba de novembro se demandas n\u00e3o forem atendidas - Jornal Ultimos Acontecimentos<\/title>\n<meta name=\"robots\" content=\"index, follow, max-snippet:-1, max-image-preview:large, max-video-preview:-1\" \/>\n<link rel=\"canonical\" href=\"https:\/\/juacontecimentos.com.br\/site\/caminhoneiros-vao-parar-em-1o-de-novembro-se-demandas-nao-forem-atendidas\/\" \/>\n<meta property=\"og:locale\" content=\"pt_BR\" \/>\n<meta property=\"og:type\" content=\"article\" \/>\n<meta property=\"og:title\" content=\"Caminhoneiros v\u00e3o parar em 1\u00ba de novembro se demandas n\u00e3o forem atendidas - Jornal Ultimos Acontecimentos\" \/>\n<meta property=\"og:description\" content=\"Entidades representantes do setor deram 15 dias para governo Bolsonaro atender reivindica\u00e7\u00f5es Entidades que representam os caminhoneiros reuniram-se no s\u00e1bado (16.out.2021) e deram prazo de 15 dias para que o governo de\u00a0Jair Bolsonaro\u00a0(sem partido) atenda as reivindica\u00e7\u00f5es da categoria. Caso contr\u00e1rio, os motoristas v\u00e3o parar a partir de 1\u00ba de novembro. Entre as demandas est\u00e3o\" \/>\n<meta property=\"og:url\" content=\"https:\/\/juacontecimentos.com.br\/site\/caminhoneiros-vao-parar-em-1o-de-novembro-se-demandas-nao-forem-atendidas\/\" \/>\n<meta property=\"og:site_name\" content=\"Jornal Ultimos Acontecimentos\" \/>\n<meta property=\"article:publisher\" content=\"https:\/\/www.facebook.com\/jultimosacontecimentos\/\" \/>\n<meta property=\"article:published_time\" content=\"2021-10-18T07:22:10+00:00\" \/>\n<meta property=\"article:modified_time\" content=\"2021-10-18T07:23:16+00:00\" \/>\n<meta property=\"og:image\" content=\"https:\/\/juacontecimentos.com.br\/site\/wp-content\/uploads\/2021\/10\/image-2-2.jpeg\" \/>\n\t<meta property=\"og:image:width\" content=\"800\" \/>\n\t<meta property=\"og:image:height\" content=\"594\" \/>\n\t<meta property=\"og:image:type\" content=\"image\/jpeg\" \/>\n<meta name=\"author\" content=\"Reginaldo Ribeiro\" \/>\n<meta name=\"twitter:card\" content=\"summary_large_image\" \/>\n<meta name=\"twitter:label1\" content=\"Escrito por\" \/>\n\t<meta name=\"twitter:data1\" content=\"Reginaldo Ribeiro\" \/>\n\t<meta name=\"twitter:label2\" content=\"Est. tempo de leitura\" \/>\n\t<meta name=\"twitter:data2\" content=\"3 minutos\" \/>\n<script type=\"application\/ld+json\" class=\"yoast-schema-graph\">{\"@context\":\"https:\/\/schema.org\",\"@graph\":[{\"@type\":\"Article\",\"@id\":\"https:\/\/juacontecimentos.com.br\/site\/caminhoneiros-vao-parar-em-1o-de-novembro-se-demandas-nao-forem-atendidas\/#article\",\"isPartOf\":{\"@id\":\"https:\/\/juacontecimentos.com.br\/site\/caminhoneiros-vao-parar-em-1o-de-novembro-se-demandas-nao-forem-atendidas\/\"},\"author\":{\"name\":\"Reginaldo Ribeiro\",\"@id\":\"https:\/\/juacontecimentos.com.br\/site\/#\/schema\/person\/082a54e6d3fdd7a633291428521c9669\"},\"headline\":\"Caminhoneiros v\u00e3o parar em 1\u00ba de novembro se demandas n\u00e3o forem atendidas\",\"datePublished\":\"2021-10-18T07:22:10+00:00\",\"dateModified\":\"2021-10-18T07:23:16+00:00\",\"mainEntityOfPage\":{\"@id\":\"https:\/\/juacontecimentos.com.br\/site\/caminhoneiros-vao-parar-em-1o-de-novembro-se-demandas-nao-forem-atendidas\/\"},\"wordCount\":617,\"commentCount\":0,\"publisher\":{\"@id\":\"https:\/\/juacontecimentos.com.br\/site\/#organization\"},\"image\":{\"@id\":\"https:\/\/juacontecimentos.com.br\/site\/caminhoneiros-vao-parar-em-1o-de-novembro-se-demandas-nao-forem-atendidas\/#primaryimage\"},\"thumbnailUrl\":\"https:\/\/juacontecimentos.com.br\/site\/wp-content\/uploads\/2021\/10\/image-2-2.jpeg\",\"articleSection\":[\"Brasil\",\"Catal\u00e3o\",\"Destaque\",\"Goi\u00e1s\"],\"inLanguage\":\"pt-BR\"},{\"@type\":\"WebPage\",\"@id\":\"https:\/\/juacontecimentos.com.br\/site\/caminhoneiros-vao-parar-em-1o-de-novembro-se-demandas-nao-forem-atendidas\/\",\"url\":\"https:\/\/juacontecimentos.com.br\/site\/caminhoneiros-vao-parar-em-1o-de-novembro-se-demandas-nao-forem-atendidas\/\",\"name\":\"Caminhoneiros v\u00e3o parar em 1\u00ba de novembro se demandas n\u00e3o forem atendidas - Jornal Ultimos Acontecimentos\",\"isPartOf\":{\"@id\":\"https:\/\/juacontecimentos.com.br\/site\/#website\"},\"primaryImageOfPage\":{\"@id\":\"https:\/\/juacontecimentos.com.br\/site\/caminhoneiros-vao-parar-em-1o-de-novembro-se-demandas-nao-forem-atendidas\/#primaryimage\"},\"image\":{\"@id\":\"https:\/\/juacontecimentos.com.br\/site\/caminhoneiros-vao-parar-em-1o-de-novembro-se-demandas-nao-forem-atendidas\/#primaryimage\"},\"thumbnailUrl\":\"https:\/\/juacontecimentos.com.br\/site\/wp-content\/uploads\/2021\/10\/image-2-2.jpeg\",\"datePublished\":\"2021-10-18T07:22:10+00:00\",\"dateModified\":\"2021-10-18T07:23:16+00:00\",\"breadcrumb\":{\"@id\":\"https:\/\/juacontecimentos.com.br\/site\/caminhoneiros-vao-parar-em-1o-de-novembro-se-demandas-nao-forem-atendidas\/#breadcrumb\"},\"inLanguage\":\"pt-BR\",\"potentialAction\":[{\"@type\":\"ReadAction\",\"target\":[\"https:\/\/juacontecimentos.com.br\/site\/caminhoneiros-vao-parar-em-1o-de-novembro-se-demandas-nao-forem-atendidas\/\"]}]},{\"@type\":\"ImageObject\",\"inLanguage\":\"pt-BR\",\"@id\":\"https:\/\/juacontecimentos.com.br\/site\/caminhoneiros-vao-parar-em-1o-de-novembro-se-demandas-nao-forem-atendidas\/#primaryimage\",\"url\":\"https:\/\/juacontecimentos.com.br\/site\/wp-content\/uploads\/2021\/10\/image-2-2.jpeg\",\"contentUrl\":\"https:\/\/juacontecimentos.com.br\/site\/wp-content\/uploads\/2021\/10\/image-2-2.jpeg\",\"width\":800,\"height\":594},{\"@type\":\"BreadcrumbList\",\"@id\":\"https:\/\/juacontecimentos.com.br\/site\/caminhoneiros-vao-parar-em-1o-de-novembro-se-demandas-nao-forem-atendidas\/#breadcrumb\",\"itemListElement\":[{\"@type\":\"ListItem\",\"position\":1,\"name\":\"In\u00edcio\",\"item\":\"https:\/\/juacontecimentos.com.br\/site\/\"},{\"@type\":\"ListItem\",\"position\":2,\"name\":\"Caminhoneiros v\u00e3o parar em 1\u00ba de novembro se demandas n\u00e3o forem atendidas\"}]},{\"@type\":\"WebSite\",\"@id\":\"https:\/\/juacontecimentos.com.br\/site\/#website\",\"url\":\"https:\/\/juacontecimentos.com.br\/site\/\",\"name\":\"Jornal Ultimos Acontecimentos\",\"description\":\"Catal\u00e3o e regi\u00e3o\",\"publisher\":{\"@id\":\"https:\/\/juacontecimentos.com.br\/site\/#organization\"},\"potentialAction\":[{\"@type\":\"SearchAction\",\"target\":{\"@type\":\"EntryPoint\",\"urlTemplate\":\"https:\/\/juacontecimentos.com.br\/site\/?s={search_term_string}\"},\"query-input\":{\"@type\":\"PropertyValueSpecification\",\"valueRequired\":true,\"valueName\":\"search_term_string\"}}],\"inLanguage\":\"pt-BR\"},{\"@type\":\"Organization\",\"@id\":\"https:\/\/juacontecimentos.com.br\/site\/#organization\",\"name\":\"Jornal Ultimos Acontecimentos\",\"url\":\"https:\/\/juacontecimentos.com.br\/site\/\",\"logo\":{\"@type\":\"ImageObject\",\"inLanguage\":\"pt-BR\",\"@id\":\"https:\/\/juacontecimentos.com.br\/site\/#\/schema\/logo\/image\/\",\"url\":\"https:\/\/juacontecimentos.com.br\/site\/wp-content\/uploads\/2023\/04\/Logo_Site.png\",\"contentUrl\":\"https:\/\/juacontecimentos.com.br\/site\/wp-content\/uploads\/2023\/04\/Logo_Site.png\",\"width\":2476,\"height\":530,\"caption\":\"Jornal Ultimos Acontecimentos\"},\"image\":{\"@id\":\"https:\/\/juacontecimentos.com.br\/site\/#\/schema\/logo\/image\/\"},\"sameAs\":[\"https:\/\/www.facebook.com\/jultimosacontecimentos\/\"]},{\"@type\":\"Person\",\"@id\":\"https:\/\/juacontecimentos.com.br\/site\/#\/schema\/person\/082a54e6d3fdd7a633291428521c9669\",\"name\":\"Reginaldo Ribeiro\",\"image\":{\"@type\":\"ImageObject\",\"inLanguage\":\"pt-BR\",\"@id\":\"https:\/\/juacontecimentos.com.br\/site\/#\/schema\/person\/image\/\",\"url\":\"https:\/\/secure.gravatar.com\/avatar\/5c16c6837c3490270a74d888c2a845728f06bdde1f8761de1de1d1d1ef82d12f?s=96&d=mm&r=g\",\"contentUrl\":\"https:\/\/secure.gravatar.com\/avatar\/5c16c6837c3490270a74d888c2a845728f06bdde1f8761de1de1d1d1ef82d12f?s=96&d=mm&r=g\",\"caption\":\"Reginaldo Ribeiro\"}}]}<\/script>\n<!-- \/ Yoast SEO plugin. -->","yoast_head_json":{"title":"Caminhoneiros v\u00e3o parar em 1\u00ba de novembro se demandas n\u00e3o forem atendidas - Jornal Ultimos Acontecimentos","robots":{"index":"index","follow":"follow","max-snippet":"max-snippet:-1","max-image-preview":"max-image-preview:large","max-video-preview":"max-video-preview:-1"},"canonical":"https:\/\/juacontecimentos.com.br\/site\/caminhoneiros-vao-parar-em-1o-de-novembro-se-demandas-nao-forem-atendidas\/","og_locale":"pt_BR","og_type":"article","og_title":"Caminhoneiros v\u00e3o parar em 1\u00ba de novembro se demandas n\u00e3o forem atendidas - Jornal Ultimos Acontecimentos","og_description":"Entidades representantes do setor deram 15 dias para governo Bolsonaro atender reivindica\u00e7\u00f5es Entidades que representam os caminhoneiros reuniram-se no s\u00e1bado (16.out.2021) e deram prazo de 15 dias para que o governo de\u00a0Jair Bolsonaro\u00a0(sem partido) atenda as reivindica\u00e7\u00f5es da categoria. Caso contr\u00e1rio, os motoristas v\u00e3o parar a partir de 1\u00ba de novembro. Entre as demandas est\u00e3o","og_url":"https:\/\/juacontecimentos.com.br\/site\/caminhoneiros-vao-parar-em-1o-de-novembro-se-demandas-nao-forem-atendidas\/","og_site_name":"Jornal Ultimos Acontecimentos","article_publisher":"https:\/\/www.facebook.com\/jultimosacontecimentos\/","article_published_time":"2021-10-18T07:22:10+00:00","article_modified_time":"2021-10-18T07:23:16+00:00","og_image":[{"width":800,"height":594,"url":"https:\/\/juacontecimentos.com.br\/site\/wp-content\/uploads\/2021\/10\/image-2-2.jpeg","type":"image\/jpeg"}],"author":"Reginaldo Ribeiro","twitter_card":"summary_large_image","twitter_misc":{"Escrito por":"Reginaldo Ribeiro","Est. tempo de leitura":"3 minutos"},"schema":{"@context":"https:\/\/schema.org","@graph":[{"@type":"Article","@id":"https:\/\/juacontecimentos.com.br\/site\/caminhoneiros-vao-parar-em-1o-de-novembro-se-demandas-nao-forem-atendidas\/#article","isPartOf":{"@id":"https:\/\/juacontecimentos.com.br\/site\/caminhoneiros-vao-parar-em-1o-de-novembro-se-demandas-nao-forem-atendidas\/"},"author":{"name":"Reginaldo Ribeiro","@id":"https:\/\/juacontecimentos.com.br\/site\/#\/schema\/person\/082a54e6d3fdd7a633291428521c9669"},"headline":"Caminhoneiros v\u00e3o parar em 1\u00ba de novembro se demandas n\u00e3o forem atendidas","datePublished":"2021-10-18T07:22:10+00:00","dateModified":"2021-10-18T07:23:16+00:00","mainEntityOfPage":{"@id":"https:\/\/juacontecimentos.com.br\/site\/caminhoneiros-vao-parar-em-1o-de-novembro-se-demandas-nao-forem-atendidas\/"},"wordCount":617,"commentCount":0,"publisher":{"@id":"https:\/\/juacontecimentos.com.br\/site\/#organization"},"image":{"@id":"https:\/\/juacontecimentos.com.br\/site\/caminhoneiros-vao-parar-em-1o-de-novembro-se-demandas-nao-forem-atendidas\/#primaryimage"},"thumbnailUrl":"https:\/\/juacontecimentos.com.br\/site\/wp-content\/uploads\/2021\/10\/image-2-2.jpeg","articleSection":["Brasil","Catal\u00e3o","Destaque","Goi\u00e1s"],"inLanguage":"pt-BR"},{"@type":"WebPage","@id":"https:\/\/juacontecimentos.com.br\/site\/caminhoneiros-vao-parar-em-1o-de-novembro-se-demandas-nao-forem-atendidas\/","url":"https:\/\/juacontecimentos.com.br\/site\/caminhoneiros-vao-parar-em-1o-de-novembro-se-demandas-nao-forem-atendidas\/","name":"Caminhoneiros v\u00e3o parar em 1\u00ba de novembro se demandas n\u00e3o forem atendidas - Jornal Ultimos Acontecimentos","isPartOf":{"@id":"https:\/\/juacontecimentos.com.br\/site\/#website"},"primaryImageOfPage":{"@id":"https:\/\/juacontecimentos.com.br\/site\/caminhoneiros-vao-parar-em-1o-de-novembro-se-demandas-nao-forem-atendidas\/#primaryimage"},"image":{"@id":"https:\/\/juacontecimentos.com.br\/site\/caminhoneiros-vao-parar-em-1o-de-novembro-se-demandas-nao-forem-atendidas\/#primaryimage"},"thumbnailUrl":"https:\/\/juacontecimentos.com.br\/site\/wp-content\/uploads\/2021\/10\/image-2-2.jpeg","datePublished":"2021-10-18T07:22:10+00:00","dateModified":"2021-10-18T07:23:16+00:00","breadcrumb":{"@id":"https:\/\/juacontecimentos.com.br\/site\/caminhoneiros-vao-parar-em-1o-de-novembro-se-demandas-nao-forem-atendidas\/#breadcrumb"},"inLanguage":"pt-BR","potentialAction":[{"@type":"ReadAction","target":["https:\/\/juacontecimentos.com.br\/site\/caminhoneiros-vao-parar-em-1o-de-novembro-se-demandas-nao-forem-atendidas\/"]}]},{"@type":"ImageObject","inLanguage":"pt-BR","@id":"https:\/\/juacontecimentos.com.br\/site\/caminhoneiros-vao-parar-em-1o-de-novembro-se-demandas-nao-forem-atendidas\/#primaryimage","url":"https:\/\/juacontecimentos.com.br\/site\/wp-content\/uploads\/2021\/10\/image-2-2.jpeg","contentUrl":"https:\/\/juacontecimentos.com.br\/site\/wp-content\/uploads\/2021\/10\/image-2-2.jpeg","width":800,"height":594},{"@type":"BreadcrumbList","@id":"https:\/\/juacontecimentos.com.br\/site\/caminhoneiros-vao-parar-em-1o-de-novembro-se-demandas-nao-forem-atendidas\/#breadcrumb","itemListElement":[{"@type":"ListItem","position":1,"name":"In\u00edcio","item":"https:\/\/juacontecimentos.com.br\/site\/"},{"@type":"ListItem","position":2,"name":"Caminhoneiros v\u00e3o parar em 1\u00ba de novembro se demandas n\u00e3o forem atendidas"}]},{"@type":"WebSite","@id":"https:\/\/juacontecimentos.com.br\/site\/#website","url":"https:\/\/juacontecimentos.com.br\/site\/","name":"Jornal Ultimos Acontecimentos","description":"Catal\u00e3o e regi\u00e3o","publisher":{"@id":"https:\/\/juacontecimentos.com.br\/site\/#organization"},"potentialAction":[{"@type":"SearchAction","target":{"@type":"EntryPoint","urlTemplate":"https:\/\/juacontecimentos.com.br\/site\/?s={search_term_string}"},"query-input":{"@type":"PropertyValueSpecification","valueRequired":true,"valueName":"search_term_string"}}],"inLanguage":"pt-BR"},{"@type":"Organization","@id":"https:\/\/juacontecimentos.com.br\/site\/#organization","name":"Jornal Ultimos Acontecimentos","url":"https:\/\/juacontecimentos.com.br\/site\/","logo":{"@type":"ImageObject","inLanguage":"pt-BR","@id":"https:\/\/juacontecimentos.com.br\/site\/#\/schema\/logo\/image\/","url":"https:\/\/juacontecimentos.com.br\/site\/wp-content\/uploads\/2023\/04\/Logo_Site.png","contentUrl":"https:\/\/juacontecimentos.com.br\/site\/wp-content\/uploads\/2023\/04\/Logo_Site.png","width":2476,"height":530,"caption":"Jornal Ultimos Acontecimentos"},"image":{"@id":"https:\/\/juacontecimentos.com.br\/site\/#\/schema\/logo\/image\/"},"sameAs":["https:\/\/www.facebook.com\/jultimosacontecimentos\/"]},{"@type":"Person","@id":"https:\/\/juacontecimentos.com.br\/site\/#\/schema\/person\/082a54e6d3fdd7a633291428521c9669","name":"Reginaldo Ribeiro","image":{"@type":"ImageObject","inLanguage":"pt-BR","@id":"https:\/\/juacontecimentos.com.br\/site\/#\/schema\/person\/image\/","url":"https:\/\/secure.gravatar.com\/avatar\/5c16c6837c3490270a74d888c2a845728f06bdde1f8761de1de1d1d1ef82d12f?s=96&d=mm&r=g","contentUrl":"https:\/\/secure.gravatar.com\/avatar\/5c16c6837c3490270a74d888c2a845728f06bdde1f8761de1de1d1d1ef82d12f?s=96&d=mm&r=g","caption":"Reginaldo Ribeiro"}}]}},"_links":{"self":[{"href":"https:\/\/juacontecimentos.com.br\/site\/wp-json\/wp\/v2\/posts\/17188","targetHints":{"allow":["GET"]}}],"collection":[{"href":"https:\/\/juacontecimentos.com.br\/site\/wp-json\/wp\/v2\/posts"}],"about":[{"href":"https:\/\/juacontecimentos.com.br\/site\/wp-json\/wp\/v2\/types\/post"}],"author":[{"embeddable":true,"href":"https:\/\/juacontecimentos.com.br\/site\/wp-json\/wp\/v2\/users\/2"}],"replies":[{"embeddable":true,"href":"https:\/\/juacontecimentos.com.br\/site\/wp-json\/wp\/v2\/comments?post=17188"}],"version-history":[{"count":2,"href":"https:\/\/juacontecimentos.com.br\/site\/wp-json\/wp\/v2\/posts\/17188\/revisions"}],"predecessor-version":[{"id":17191,"href":"https:\/\/juacontecimentos.com.br\/site\/wp-json\/wp\/v2\/posts\/17188\/revisions\/17191"}],"wp:featuredmedia":[{"embeddable":true,"href":"https:\/\/juacontecimentos.com.br\/site\/wp-json\/wp\/v2\/media\/17189"}],"wp:attachment":[{"href":"https:\/\/juacontecimentos.com.br\/site\/wp-json\/wp\/v2\/media?parent=17188"}],"wp:term":[{"taxonomy":"category","embeddable":true,"href":"https:\/\/juacontecimentos.com.br\/site\/wp-json\/wp\/v2\/categories?post=17188"},{"taxonomy":"post_tag","embeddable":true,"href":"https:\/\/juacontecimentos.com.br\/site\/wp-json\/wp\/v2\/tags?post=17188"}],"curies":[{"name":"wp","href":"https:\/\/api.w.org\/{rel}","templated":true}]}}