{"id":1739,"date":"2017-07-25T08:20:26","date_gmt":"2017-07-25T11:20:26","guid":{"rendered":"http:\/\/juacontecimentos.com.br\/site\/?p=1739"},"modified":"2017-07-25T08:20:26","modified_gmt":"2017-07-25T11:20:26","slug":"u2-anuncia-mais-um-show-em-sao-paulo","status":"publish","type":"post","link":"https:\/\/juacontecimentos.com.br\/site\/u2-anuncia-mais-um-show-em-sao-paulo\/","title":{"rendered":"U2 anuncia mais um show em S\u00e3o Paulo"},"content":{"rendered":"<p>O U2 anunciou mais um show em S\u00e3o Paulo. A quarta apresenta\u00e7\u00e3o no Est\u00e1dio do Morumbi est\u00e1 marcada para o dia 25 de outubro. A abertura fica com o ex-Oasis Noel Gallagher\u00b4s High Flying Birds.<\/p>\n<p>Os demais shows j\u00e1 est\u00e3o agendados para os dias 19, 21 e 22, mas com ingressos esgotados. A turn\u00ea vai festejar os 30 anos do \u00e1lbum The Joshua Tree&#8217;, lan\u00e7ado em 1987. A venda dos novos ingressos come\u00e7a no dia 27 de julho, a partir das 00h01, no site da TicketsForFun. A partir das 10h, as vendas come\u00e7am nas bilheterias oficinas.\u00a0<b>(Ag\u00eancia Estado)<\/b><br \/>\n<\/p>\n","protected":false},"excerpt":{"rendered":"<p>O U2 anunciou mais um show em S\u00e3o Paulo. A quarta apresenta\u00e7\u00e3o no Est\u00e1dio do Morumbi est\u00e1 marcada para o dia 25 de outubro. A abertura fica com o ex-Oasis Noel Gallagher\u00b4s High Flying Birds. Os demais shows j\u00e1 est\u00e3o agendados para os dias 19, 21 e 22, mas com ingressos esgotados. A turn\u00ea vai<\/p>\n","protected":false},"author":2,"featured_media":1740,"comment_status":"open","ping_status":"open","sticky":false,"template":"","format":"standard","meta":{"footnotes":""},"categories":[22,26,23],"tags":[],"class_list":["post-1739","post","type-post","status-publish","format-standard","has-post-thumbnail","hentry","category-catalao","category-destaque","category-goias"],"yoast_head":"<!-- This site is optimized with the Yoast SEO plugin v25.8 - https:\/\/yoast.com\/wordpress\/plugins\/seo\/ -->\n<title>U2 anuncia mais um show em S\u00e3o Paulo - Jornal Ultimos Acontecimentos<\/title>\n<meta name=\"robots\" content=\"index, follow, max-snippet:-1, max-image-preview:large, max-video-preview:-1\" \/>\n<link rel=\"canonical\" href=\"https:\/\/juacontecimentos.com.br\/site\/u2-anuncia-mais-um-show-em-sao-paulo\/\" \/>\n<meta property=\"og:locale\" content=\"pt_BR\" \/>\n<meta property=\"og:type\" content=\"article\" \/>\n<meta property=\"og:title\" content=\"U2 anuncia mais um show em S\u00e3o Paulo - Jornal Ultimos Acontecimentos\" \/>\n<meta property=\"og:description\" content=\"O U2 anunciou mais um show em S\u00e3o Paulo. A quarta apresenta\u00e7\u00e3o no Est\u00e1dio do Morumbi est\u00e1 marcada para o dia 25 de outubro. A abertura fica com o ex-Oasis Noel Gallagher\u00b4s High Flying Birds. Os demais shows j\u00e1 est\u00e3o agendados para os dias 19, 21 e 22, mas com ingressos esgotados. A turn\u00ea vai\" \/>\n<meta property=\"og:url\" content=\"https:\/\/juacontecimentos.com.br\/site\/u2-anuncia-mais-um-show-em-sao-paulo\/\" \/>\n<meta property=\"og:site_name\" content=\"Jornal Ultimos Acontecimentos\" \/>\n<meta property=\"article:publisher\" content=\"https:\/\/www.facebook.com\/jultimosacontecimentos\/\" \/>\n<meta property=\"article:published_time\" content=\"2017-07-25T11:20:26+00:00\" \/>\n<meta property=\"og:image\" content=\"https:\/\/juacontecimentos.com.br\/site\/wp-content\/uploads\/2017\/07\/u2-anuncia-mais-um-show-em-sao-paulo.jpg\" \/>\n\t<meta property=\"og:image:width\" content=\"627\" \/>\n\t<meta property=\"og:image:height\" content=\"400\" \/>\n\t<meta property=\"og:image:type\" content=\"image\/jpeg\" \/>\n<meta name=\"author\" content=\"Reginaldo Ribeiro\" \/>\n<meta name=\"twitter:card\" content=\"summary_large_image\" \/>\n<meta name=\"twitter:label1\" content=\"Escrito por\" \/>\n\t<meta name=\"twitter:data1\" content=\"Reginaldo Ribeiro\" \/>\n\t<meta name=\"twitter:label2\" content=\"Est. tempo de leitura\" \/>\n\t<meta name=\"twitter:data2\" content=\"1 minuto\" \/>\n<script type=\"application\/ld+json\" class=\"yoast-schema-graph\">{\"@context\":\"https:\/\/schema.org\",\"@graph\":[{\"@type\":\"Article\",\"@id\":\"https:\/\/juacontecimentos.com.br\/site\/u2-anuncia-mais-um-show-em-sao-paulo\/#article\",\"isPartOf\":{\"@id\":\"https:\/\/juacontecimentos.com.br\/site\/u2-anuncia-mais-um-show-em-sao-paulo\/\"},\"author\":{\"name\":\"Reginaldo Ribeiro\",\"@id\":\"https:\/\/juacontecimentos.com.br\/site\/#\/schema\/person\/082a54e6d3fdd7a633291428521c9669\"},\"headline\":\"U2 anuncia mais um show em S\u00e3o Paulo\",\"datePublished\":\"2017-07-25T11:20:26+00:00\",\"mainEntityOfPage\":{\"@id\":\"https:\/\/juacontecimentos.com.br\/site\/u2-anuncia-mais-um-show-em-sao-paulo\/\"},\"wordCount\":109,\"commentCount\":0,\"publisher\":{\"@id\":\"https:\/\/juacontecimentos.com.br\/site\/#organization\"},\"image\":{\"@id\":\"https:\/\/juacontecimentos.com.br\/site\/u2-anuncia-mais-um-show-em-sao-paulo\/#primaryimage\"},\"thumbnailUrl\":\"https:\/\/juacontecimentos.com.br\/site\/wp-content\/uploads\/2017\/07\/u2-anuncia-mais-um-show-em-sao-paulo.jpg\",\"articleSection\":[\"Catal\u00e3o\",\"Destaque\",\"Goi\u00e1s\"],\"inLanguage\":\"pt-BR\"},{\"@type\":\"WebPage\",\"@id\":\"https:\/\/juacontecimentos.com.br\/site\/u2-anuncia-mais-um-show-em-sao-paulo\/\",\"url\":\"https:\/\/juacontecimentos.com.br\/site\/u2-anuncia-mais-um-show-em-sao-paulo\/\",\"name\":\"U2 anuncia mais um show em S\u00e3o Paulo - Jornal Ultimos Acontecimentos\",\"isPartOf\":{\"@id\":\"https:\/\/juacontecimentos.com.br\/site\/#website\"},\"primaryImageOfPage\":{\"@id\":\"https:\/\/juacontecimentos.com.br\/site\/u2-anuncia-mais-um-show-em-sao-paulo\/#primaryimage\"},\"image\":{\"@id\":\"https:\/\/juacontecimentos.com.br\/site\/u2-anuncia-mais-um-show-em-sao-paulo\/#primaryimage\"},\"thumbnailUrl\":\"https:\/\/juacontecimentos.com.br\/site\/wp-content\/uploads\/2017\/07\/u2-anuncia-mais-um-show-em-sao-paulo.jpg\",\"datePublished\":\"2017-07-25T11:20:26+00:00\",\"breadcrumb\":{\"@id\":\"https:\/\/juacontecimentos.com.br\/site\/u2-anuncia-mais-um-show-em-sao-paulo\/#breadcrumb\"},\"inLanguage\":\"pt-BR\",\"potentialAction\":[{\"@type\":\"ReadAction\",\"target\":[\"https:\/\/juacontecimentos.com.br\/site\/u2-anuncia-mais-um-show-em-sao-paulo\/\"]}]},{\"@type\":\"ImageObject\",\"inLanguage\":\"pt-BR\",\"@id\":\"https:\/\/juacontecimentos.com.br\/site\/u2-anuncia-mais-um-show-em-sao-paulo\/#primaryimage\",\"url\":\"https:\/\/juacontecimentos.com.br\/site\/wp-content\/uploads\/2017\/07\/u2-anuncia-mais-um-show-em-sao-paulo.jpg\",\"contentUrl\":\"https:\/\/juacontecimentos.com.br\/site\/wp-content\/uploads\/2017\/07\/u2-anuncia-mais-um-show-em-sao-paulo.jpg\",\"width\":627,\"height\":400},{\"@type\":\"BreadcrumbList\",\"@id\":\"https:\/\/juacontecimentos.com.br\/site\/u2-anuncia-mais-um-show-em-sao-paulo\/#breadcrumb\",\"itemListElement\":[{\"@type\":\"ListItem\",\"position\":1,\"name\":\"In\u00edcio\",\"item\":\"https:\/\/juacontecimentos.com.br\/site\/\"},{\"@type\":\"ListItem\",\"position\":2,\"name\":\"U2 anuncia mais um show em S\u00e3o Paulo\"}]},{\"@type\":\"WebSite\",\"@id\":\"https:\/\/juacontecimentos.com.br\/site\/#website\",\"url\":\"https:\/\/juacontecimentos.com.br\/site\/\",\"name\":\"Jornal Ultimos Acontecimentos\",\"description\":\"Catal\u00e3o e regi\u00e3o\",\"publisher\":{\"@id\":\"https:\/\/juacontecimentos.com.br\/site\/#organization\"},\"potentialAction\":[{\"@type\":\"SearchAction\",\"target\":{\"@type\":\"EntryPoint\",\"urlTemplate\":\"https:\/\/juacontecimentos.com.br\/site\/?s={search_term_string}\"},\"query-input\":{\"@type\":\"PropertyValueSpecification\",\"valueRequired\":true,\"valueName\":\"search_term_string\"}}],\"inLanguage\":\"pt-BR\"},{\"@type\":\"Organization\",\"@id\":\"https:\/\/juacontecimentos.com.br\/site\/#organization\",\"name\":\"Jornal Ultimos Acontecimentos\",\"url\":\"https:\/\/juacontecimentos.com.br\/site\/\",\"logo\":{\"@type\":\"ImageObject\",\"inLanguage\":\"pt-BR\",\"@id\":\"https:\/\/juacontecimentos.com.br\/site\/#\/schema\/logo\/image\/\",\"url\":\"https:\/\/juacontecimentos.com.br\/site\/wp-content\/uploads\/2023\/04\/Logo_Site.png\",\"contentUrl\":\"https:\/\/juacontecimentos.com.br\/site\/wp-content\/uploads\/2023\/04\/Logo_Site.png\",\"width\":2476,\"height\":530,\"caption\":\"Jornal Ultimos Acontecimentos\"},\"image\":{\"@id\":\"https:\/\/juacontecimentos.com.br\/site\/#\/schema\/logo\/image\/\"},\"sameAs\":[\"https:\/\/www.facebook.com\/jultimosacontecimentos\/\"]},{\"@type\":\"Person\",\"@id\":\"https:\/\/juacontecimentos.com.br\/site\/#\/schema\/person\/082a54e6d3fdd7a633291428521c9669\",\"name\":\"Reginaldo Ribeiro\",\"image\":{\"@type\":\"ImageObject\",\"inLanguage\":\"pt-BR\",\"@id\":\"https:\/\/juacontecimentos.com.br\/site\/#\/schema\/person\/image\/\",\"url\":\"https:\/\/secure.gravatar.com\/avatar\/5c16c6837c3490270a74d888c2a845728f06bdde1f8761de1de1d1d1ef82d12f?s=96&d=mm&r=g\",\"contentUrl\":\"https:\/\/secure.gravatar.com\/avatar\/5c16c6837c3490270a74d888c2a845728f06bdde1f8761de1de1d1d1ef82d12f?s=96&d=mm&r=g\",\"caption\":\"Reginaldo Ribeiro\"}}]}<\/script>\n<!-- \/ Yoast SEO plugin. -->","yoast_head_json":{"title":"U2 anuncia mais um show em S\u00e3o Paulo - Jornal Ultimos Acontecimentos","robots":{"index":"index","follow":"follow","max-snippet":"max-snippet:-1","max-image-preview":"max-image-preview:large","max-video-preview":"max-video-preview:-1"},"canonical":"https:\/\/juacontecimentos.com.br\/site\/u2-anuncia-mais-um-show-em-sao-paulo\/","og_locale":"pt_BR","og_type":"article","og_title":"U2 anuncia mais um show em S\u00e3o Paulo - Jornal Ultimos Acontecimentos","og_description":"O U2 anunciou mais um show em S\u00e3o Paulo. A quarta apresenta\u00e7\u00e3o no Est\u00e1dio do Morumbi est\u00e1 marcada para o dia 25 de outubro. A abertura fica com o ex-Oasis Noel Gallagher\u00b4s High Flying Birds. Os demais shows j\u00e1 est\u00e3o agendados para os dias 19, 21 e 22, mas com ingressos esgotados. A turn\u00ea vai","og_url":"https:\/\/juacontecimentos.com.br\/site\/u2-anuncia-mais-um-show-em-sao-paulo\/","og_site_name":"Jornal Ultimos Acontecimentos","article_publisher":"https:\/\/www.facebook.com\/jultimosacontecimentos\/","article_published_time":"2017-07-25T11:20:26+00:00","og_image":[{"width":627,"height":400,"url":"https:\/\/juacontecimentos.com.br\/site\/wp-content\/uploads\/2017\/07\/u2-anuncia-mais-um-show-em-sao-paulo.jpg","type":"image\/jpeg"}],"author":"Reginaldo Ribeiro","twitter_card":"summary_large_image","twitter_misc":{"Escrito por":"Reginaldo Ribeiro","Est. tempo de leitura":"1 minuto"},"schema":{"@context":"https:\/\/schema.org","@graph":[{"@type":"Article","@id":"https:\/\/juacontecimentos.com.br\/site\/u2-anuncia-mais-um-show-em-sao-paulo\/#article","isPartOf":{"@id":"https:\/\/juacontecimentos.com.br\/site\/u2-anuncia-mais-um-show-em-sao-paulo\/"},"author":{"name":"Reginaldo Ribeiro","@id":"https:\/\/juacontecimentos.com.br\/site\/#\/schema\/person\/082a54e6d3fdd7a633291428521c9669"},"headline":"U2 anuncia mais um show em S\u00e3o Paulo","datePublished":"2017-07-25T11:20:26+00:00","mainEntityOfPage":{"@id":"https:\/\/juacontecimentos.com.br\/site\/u2-anuncia-mais-um-show-em-sao-paulo\/"},"wordCount":109,"commentCount":0,"publisher":{"@id":"https:\/\/juacontecimentos.com.br\/site\/#organization"},"image":{"@id":"https:\/\/juacontecimentos.com.br\/site\/u2-anuncia-mais-um-show-em-sao-paulo\/#primaryimage"},"thumbnailUrl":"https:\/\/juacontecimentos.com.br\/site\/wp-content\/uploads\/2017\/07\/u2-anuncia-mais-um-show-em-sao-paulo.jpg","articleSection":["Catal\u00e3o","Destaque","Goi\u00e1s"],"inLanguage":"pt-BR"},{"@type":"WebPage","@id":"https:\/\/juacontecimentos.com.br\/site\/u2-anuncia-mais-um-show-em-sao-paulo\/","url":"https:\/\/juacontecimentos.com.br\/site\/u2-anuncia-mais-um-show-em-sao-paulo\/","name":"U2 anuncia mais um show em S\u00e3o Paulo - Jornal Ultimos Acontecimentos","isPartOf":{"@id":"https:\/\/juacontecimentos.com.br\/site\/#website"},"primaryImageOfPage":{"@id":"https:\/\/juacontecimentos.com.br\/site\/u2-anuncia-mais-um-show-em-sao-paulo\/#primaryimage"},"image":{"@id":"https:\/\/juacontecimentos.com.br\/site\/u2-anuncia-mais-um-show-em-sao-paulo\/#primaryimage"},"thumbnailUrl":"https:\/\/juacontecimentos.com.br\/site\/wp-content\/uploads\/2017\/07\/u2-anuncia-mais-um-show-em-sao-paulo.jpg","datePublished":"2017-07-25T11:20:26+00:00","breadcrumb":{"@id":"https:\/\/juacontecimentos.com.br\/site\/u2-anuncia-mais-um-show-em-sao-paulo\/#breadcrumb"},"inLanguage":"pt-BR","potentialAction":[{"@type":"ReadAction","target":["https:\/\/juacontecimentos.com.br\/site\/u2-anuncia-mais-um-show-em-sao-paulo\/"]}]},{"@type":"ImageObject","inLanguage":"pt-BR","@id":"https:\/\/juacontecimentos.com.br\/site\/u2-anuncia-mais-um-show-em-sao-paulo\/#primaryimage","url":"https:\/\/juacontecimentos.com.br\/site\/wp-content\/uploads\/2017\/07\/u2-anuncia-mais-um-show-em-sao-paulo.jpg","contentUrl":"https:\/\/juacontecimentos.com.br\/site\/wp-content\/uploads\/2017\/07\/u2-anuncia-mais-um-show-em-sao-paulo.jpg","width":627,"height":400},{"@type":"BreadcrumbList","@id":"https:\/\/juacontecimentos.com.br\/site\/u2-anuncia-mais-um-show-em-sao-paulo\/#breadcrumb","itemListElement":[{"@type":"ListItem","position":1,"name":"In\u00edcio","item":"https:\/\/juacontecimentos.com.br\/site\/"},{"@type":"ListItem","position":2,"name":"U2 anuncia mais um show em S\u00e3o Paulo"}]},{"@type":"WebSite","@id":"https:\/\/juacontecimentos.com.br\/site\/#website","url":"https:\/\/juacontecimentos.com.br\/site\/","name":"Jornal Ultimos Acontecimentos","description":"Catal\u00e3o e regi\u00e3o","publisher":{"@id":"https:\/\/juacontecimentos.com.br\/site\/#organization"},"potentialAction":[{"@type":"SearchAction","target":{"@type":"EntryPoint","urlTemplate":"https:\/\/juacontecimentos.com.br\/site\/?s={search_term_string}"},"query-input":{"@type":"PropertyValueSpecification","valueRequired":true,"valueName":"search_term_string"}}],"inLanguage":"pt-BR"},{"@type":"Organization","@id":"https:\/\/juacontecimentos.com.br\/site\/#organization","name":"Jornal Ultimos Acontecimentos","url":"https:\/\/juacontecimentos.com.br\/site\/","logo":{"@type":"ImageObject","inLanguage":"pt-BR","@id":"https:\/\/juacontecimentos.com.br\/site\/#\/schema\/logo\/image\/","url":"https:\/\/juacontecimentos.com.br\/site\/wp-content\/uploads\/2023\/04\/Logo_Site.png","contentUrl":"https:\/\/juacontecimentos.com.br\/site\/wp-content\/uploads\/2023\/04\/Logo_Site.png","width":2476,"height":530,"caption":"Jornal Ultimos Acontecimentos"},"image":{"@id":"https:\/\/juacontecimentos.com.br\/site\/#\/schema\/logo\/image\/"},"sameAs":["https:\/\/www.facebook.com\/jultimosacontecimentos\/"]},{"@type":"Person","@id":"https:\/\/juacontecimentos.com.br\/site\/#\/schema\/person\/082a54e6d3fdd7a633291428521c9669","name":"Reginaldo Ribeiro","image":{"@type":"ImageObject","inLanguage":"pt-BR","@id":"https:\/\/juacontecimentos.com.br\/site\/#\/schema\/person\/image\/","url":"https:\/\/secure.gravatar.com\/avatar\/5c16c6837c3490270a74d888c2a845728f06bdde1f8761de1de1d1d1ef82d12f?s=96&d=mm&r=g","contentUrl":"https:\/\/secure.gravatar.com\/avatar\/5c16c6837c3490270a74d888c2a845728f06bdde1f8761de1de1d1d1ef82d12f?s=96&d=mm&r=g","caption":"Reginaldo Ribeiro"}}]}},"_links":{"self":[{"href":"https:\/\/juacontecimentos.com.br\/site\/wp-json\/wp\/v2\/posts\/1739","targetHints":{"allow":["GET"]}}],"collection":[{"href":"https:\/\/juacontecimentos.com.br\/site\/wp-json\/wp\/v2\/posts"}],"about":[{"href":"https:\/\/juacontecimentos.com.br\/site\/wp-json\/wp\/v2\/types\/post"}],"author":[{"embeddable":true,"href":"https:\/\/juacontecimentos.com.br\/site\/wp-json\/wp\/v2\/users\/2"}],"replies":[{"embeddable":true,"href":"https:\/\/juacontecimentos.com.br\/site\/wp-json\/wp\/v2\/comments?post=1739"}],"version-history":[{"count":1,"href":"https:\/\/juacontecimentos.com.br\/site\/wp-json\/wp\/v2\/posts\/1739\/revisions"}],"predecessor-version":[{"id":1741,"href":"https:\/\/juacontecimentos.com.br\/site\/wp-json\/wp\/v2\/posts\/1739\/revisions\/1741"}],"wp:featuredmedia":[{"embeddable":true,"href":"https:\/\/juacontecimentos.com.br\/site\/wp-json\/wp\/v2\/media\/1740"}],"wp:attachment":[{"href":"https:\/\/juacontecimentos.com.br\/site\/wp-json\/wp\/v2\/media?parent=1739"}],"wp:term":[{"taxonomy":"category","embeddable":true,"href":"https:\/\/juacontecimentos.com.br\/site\/wp-json\/wp\/v2\/categories?post=1739"},{"taxonomy":"post_tag","embeddable":true,"href":"https:\/\/juacontecimentos.com.br\/site\/wp-json\/wp\/v2\/tags?post=1739"}],"curies":[{"name":"wp","href":"https:\/\/api.w.org\/{rel}","templated":true}]}}