{"id":17908,"date":"2021-11-20T04:54:58","date_gmt":"2021-11-20T07:54:58","guid":{"rendered":"https:\/\/juacontecimento.com.br\/site\/?p=17908"},"modified":"2021-11-20T05:10:19","modified_gmt":"2021-11-20T08:10:19","slug":"daniel-diz-mendanha-nao-manteve-nivel-de-maguito","status":"publish","type":"post","link":"https:\/\/juacontecimentos.com.br\/site\/daniel-diz-mendanha-nao-manteve-nivel-de-maguito\/","title":{"rendered":"Daniel diz: Mendanha n\u00e3o manteve n\u00edvel de Maguito"},"content":{"rendered":"<p><img loading=\"lazy\" decoding=\"async\" class=\"alignnone size-full wp-image-16796\" src=\"https:\/\/juacontecimento.com.br\/site\/wp-content\/uploads\/2021\/09\/gustavo-mendanha-diz-que-vai-deixar-mdb-nesta-semana.jpg\" alt=\"\" width=\"627\" height=\"400\" srcset=\"https:\/\/juacontecimentos.com.br\/site\/wp-content\/uploads\/2021\/09\/gustavo-mendanha-diz-que-vai-deixar-mdb-nesta-semana.jpg 627w, https:\/\/juacontecimentos.com.br\/site\/wp-content\/uploads\/2021\/09\/gustavo-mendanha-diz-que-vai-deixar-mdb-nesta-semana-300x191.jpg 300w\" sizes=\"auto, (max-width: 627px) 100vw, 627px\" \/><\/p>\n<p>O presidente do MDB em Goi\u00e1s, Daniel Vilela, afirma \u00e0 coluna que o prefeito de Aparecida, Gustavo Mendanha (sem partido), \u201cse perdeu\u201d entre \u201clives e likes\u201d e n\u00e3o conseguiu manter o n\u00edvel da administra\u00e7\u00e3o que sucedeu de seu pai, Maguito Vilela. Na cr\u00edtica p\u00fablica mais direta que j\u00e1 fez ao ex-aliado, o pr\u00e9-candidato a vice-governador na chapa de Ronaldo Caiado (DEM) diz o seguinte: \u201cEsse \u00edndice Firjan (de Gest\u00e3o Fiscal) s\u00f3 mostra que administra\u00e7\u00e3o p\u00fablica n\u00e3o tem segredo. Gest\u00e3o p\u00fablica demanda trabalho e foco, mas a gest\u00e3o do Gustavo \u00e9 mais preocupada com likes e lives. Isso n\u00e3o se sustenta. Quando se vai para um caminho artificial como em Aparecida, essas coisas v\u00e3o se tornando mais claras com o passar do tempo\u201d, dispara Daniel, citando o levantamento divulgado recentemente e que aponta para uma queda do munic\u00edpio no ranking nacional (da 26\u00aa para 249\u00aa posi\u00e7\u00e3o em compara\u00e7\u00e3o com 2019. Tamb\u00e9m ficou demonstrado recuo nos investimentos (de 0.8367 para 0.5367). \u201cEu vi a justificativa dele, citando que os recursos foram destinados para enfrentar a pandemia. Todas as cidades investiram na pandemia, mas s\u00f3 Aparecida que despencou 223 posi\u00e7\u00f5es. Tem alguma raz\u00e3o nisso. As grandes obras e os grandes investimentos foram planejados e executados pela gest\u00e3o do meu pai. Voc\u00ea n\u00e3o encontra uma obra estruturante desta gest\u00e3o. Houve por parte do Gustavo, nos \u00faltimos meses e anos, uma dispers\u00e3o da ess\u00eancia da gest\u00e3o p\u00fablica, que \u00e9 trabalho e foco\u201d, completa.<\/p>\n<p><strong>Legado<\/strong><br \/>\nMais de Daniel Vilela, que iniciou uma investida pol\u00edtica em Aparecida. \u201cN\u00e3o vamos deixar a cidade retroagir. Tenho um sentimento de responsabilidade com Aparecida, por tudo que foi feito por meu pai.\u201d<br \/>\n<\/p>\n","protected":false},"excerpt":{"rendered":"<p>O presidente do MDB em Goi\u00e1s, Daniel Vilela, afirma \u00e0 coluna que o prefeito de Aparecida, Gustavo Mendanha (sem partido), \u201cse perdeu\u201d entre \u201clives e likes\u201d e n\u00e3o conseguiu manter o n\u00edvel da administra\u00e7\u00e3o que sucedeu de seu pai, Maguito Vilela. Na cr\u00edtica p\u00fablica mais direta que j\u00e1 fez ao ex-aliado, o pr\u00e9-candidato a vice-governador<\/p>\n","protected":false},"author":2,"featured_media":16796,"comment_status":"open","ping_status":"open","sticky":false,"template":"","format":"standard","meta":{"footnotes":""},"categories":[27,22,26,23],"tags":[],"class_list":["post-17908","post","type-post","status-publish","format-standard","has-post-thumbnail","hentry","category-brasil","category-catalao","category-destaque","category-goias"],"yoast_head":"<!-- This site is optimized with the Yoast SEO plugin v25.8 - https:\/\/yoast.com\/wordpress\/plugins\/seo\/ -->\n<title>Daniel diz: Mendanha n\u00e3o manteve n\u00edvel de Maguito - Jornal Ultimos Acontecimentos<\/title>\n<meta name=\"robots\" content=\"index, follow, max-snippet:-1, max-image-preview:large, max-video-preview:-1\" \/>\n<link rel=\"canonical\" href=\"https:\/\/juacontecimentos.com.br\/site\/daniel-diz-mendanha-nao-manteve-nivel-de-maguito\/\" \/>\n<meta property=\"og:locale\" content=\"pt_BR\" \/>\n<meta property=\"og:type\" content=\"article\" \/>\n<meta property=\"og:title\" content=\"Daniel diz: Mendanha n\u00e3o manteve n\u00edvel de Maguito - Jornal Ultimos Acontecimentos\" \/>\n<meta property=\"og:description\" content=\"O presidente do MDB em Goi\u00e1s, Daniel Vilela, afirma \u00e0 coluna que o prefeito de Aparecida, Gustavo Mendanha (sem partido), \u201cse perdeu\u201d entre \u201clives e likes\u201d e n\u00e3o conseguiu manter o n\u00edvel da administra\u00e7\u00e3o que sucedeu de seu pai, Maguito Vilela. Na cr\u00edtica p\u00fablica mais direta que j\u00e1 fez ao ex-aliado, o pr\u00e9-candidato a vice-governador\" \/>\n<meta property=\"og:url\" content=\"https:\/\/juacontecimentos.com.br\/site\/daniel-diz-mendanha-nao-manteve-nivel-de-maguito\/\" \/>\n<meta property=\"og:site_name\" content=\"Jornal Ultimos Acontecimentos\" \/>\n<meta property=\"article:publisher\" content=\"https:\/\/www.facebook.com\/jultimosacontecimentos\/\" \/>\n<meta property=\"article:published_time\" content=\"2021-11-20T07:54:58+00:00\" \/>\n<meta property=\"article:modified_time\" content=\"2021-11-20T08:10:19+00:00\" \/>\n<meta property=\"og:image\" content=\"https:\/\/juacontecimentos.com.br\/site\/wp-content\/uploads\/2021\/09\/gustavo-mendanha-diz-que-vai-deixar-mdb-nesta-semana.jpg\" \/>\n\t<meta property=\"og:image:width\" content=\"627\" \/>\n\t<meta property=\"og:image:height\" content=\"400\" \/>\n\t<meta property=\"og:image:type\" content=\"image\/jpeg\" \/>\n<meta name=\"author\" content=\"Reginaldo Ribeiro\" \/>\n<meta name=\"twitter:card\" content=\"summary_large_image\" \/>\n<meta name=\"twitter:label1\" content=\"Escrito por\" \/>\n\t<meta name=\"twitter:data1\" content=\"Reginaldo Ribeiro\" \/>\n\t<meta name=\"twitter:label2\" content=\"Est. tempo de leitura\" \/>\n\t<meta name=\"twitter:data2\" content=\"1 minuto\" \/>\n<script type=\"application\/ld+json\" class=\"yoast-schema-graph\">{\"@context\":\"https:\/\/schema.org\",\"@graph\":[{\"@type\":\"Article\",\"@id\":\"https:\/\/juacontecimentos.com.br\/site\/daniel-diz-mendanha-nao-manteve-nivel-de-maguito\/#article\",\"isPartOf\":{\"@id\":\"https:\/\/juacontecimentos.com.br\/site\/daniel-diz-mendanha-nao-manteve-nivel-de-maguito\/\"},\"author\":{\"name\":\"Reginaldo Ribeiro\",\"@id\":\"https:\/\/juacontecimentos.com.br\/site\/#\/schema\/person\/082a54e6d3fdd7a633291428521c9669\"},\"headline\":\"Daniel diz: Mendanha n\u00e3o manteve n\u00edvel de Maguito\",\"datePublished\":\"2021-11-20T07:54:58+00:00\",\"dateModified\":\"2021-11-20T08:10:19+00:00\",\"mainEntityOfPage\":{\"@id\":\"https:\/\/juacontecimentos.com.br\/site\/daniel-diz-mendanha-nao-manteve-nivel-de-maguito\/\"},\"wordCount\":303,\"commentCount\":0,\"publisher\":{\"@id\":\"https:\/\/juacontecimentos.com.br\/site\/#organization\"},\"image\":{\"@id\":\"https:\/\/juacontecimentos.com.br\/site\/daniel-diz-mendanha-nao-manteve-nivel-de-maguito\/#primaryimage\"},\"thumbnailUrl\":\"https:\/\/juacontecimentos.com.br\/site\/wp-content\/uploads\/2021\/09\/gustavo-mendanha-diz-que-vai-deixar-mdb-nesta-semana.jpg\",\"articleSection\":[\"Brasil\",\"Catal\u00e3o\",\"Destaque\",\"Goi\u00e1s\"],\"inLanguage\":\"pt-BR\"},{\"@type\":\"WebPage\",\"@id\":\"https:\/\/juacontecimentos.com.br\/site\/daniel-diz-mendanha-nao-manteve-nivel-de-maguito\/\",\"url\":\"https:\/\/juacontecimentos.com.br\/site\/daniel-diz-mendanha-nao-manteve-nivel-de-maguito\/\",\"name\":\"Daniel diz: Mendanha n\u00e3o manteve n\u00edvel de Maguito - Jornal Ultimos Acontecimentos\",\"isPartOf\":{\"@id\":\"https:\/\/juacontecimentos.com.br\/site\/#website\"},\"primaryImageOfPage\":{\"@id\":\"https:\/\/juacontecimentos.com.br\/site\/daniel-diz-mendanha-nao-manteve-nivel-de-maguito\/#primaryimage\"},\"image\":{\"@id\":\"https:\/\/juacontecimentos.com.br\/site\/daniel-diz-mendanha-nao-manteve-nivel-de-maguito\/#primaryimage\"},\"thumbnailUrl\":\"https:\/\/juacontecimentos.com.br\/site\/wp-content\/uploads\/2021\/09\/gustavo-mendanha-diz-que-vai-deixar-mdb-nesta-semana.jpg\",\"datePublished\":\"2021-11-20T07:54:58+00:00\",\"dateModified\":\"2021-11-20T08:10:19+00:00\",\"breadcrumb\":{\"@id\":\"https:\/\/juacontecimentos.com.br\/site\/daniel-diz-mendanha-nao-manteve-nivel-de-maguito\/#breadcrumb\"},\"inLanguage\":\"pt-BR\",\"potentialAction\":[{\"@type\":\"ReadAction\",\"target\":[\"https:\/\/juacontecimentos.com.br\/site\/daniel-diz-mendanha-nao-manteve-nivel-de-maguito\/\"]}]},{\"@type\":\"ImageObject\",\"inLanguage\":\"pt-BR\",\"@id\":\"https:\/\/juacontecimentos.com.br\/site\/daniel-diz-mendanha-nao-manteve-nivel-de-maguito\/#primaryimage\",\"url\":\"https:\/\/juacontecimentos.com.br\/site\/wp-content\/uploads\/2021\/09\/gustavo-mendanha-diz-que-vai-deixar-mdb-nesta-semana.jpg\",\"contentUrl\":\"https:\/\/juacontecimentos.com.br\/site\/wp-content\/uploads\/2021\/09\/gustavo-mendanha-diz-que-vai-deixar-mdb-nesta-semana.jpg\",\"width\":627,\"height\":400},{\"@type\":\"BreadcrumbList\",\"@id\":\"https:\/\/juacontecimentos.com.br\/site\/daniel-diz-mendanha-nao-manteve-nivel-de-maguito\/#breadcrumb\",\"itemListElement\":[{\"@type\":\"ListItem\",\"position\":1,\"name\":\"In\u00edcio\",\"item\":\"https:\/\/juacontecimentos.com.br\/site\/\"},{\"@type\":\"ListItem\",\"position\":2,\"name\":\"Daniel diz: Mendanha n\u00e3o manteve n\u00edvel de Maguito\"}]},{\"@type\":\"WebSite\",\"@id\":\"https:\/\/juacontecimentos.com.br\/site\/#website\",\"url\":\"https:\/\/juacontecimentos.com.br\/site\/\",\"name\":\"Jornal Ultimos Acontecimentos\",\"description\":\"Catal\u00e3o e regi\u00e3o\",\"publisher\":{\"@id\":\"https:\/\/juacontecimentos.com.br\/site\/#organization\"},\"potentialAction\":[{\"@type\":\"SearchAction\",\"target\":{\"@type\":\"EntryPoint\",\"urlTemplate\":\"https:\/\/juacontecimentos.com.br\/site\/?s={search_term_string}\"},\"query-input\":{\"@type\":\"PropertyValueSpecification\",\"valueRequired\":true,\"valueName\":\"search_term_string\"}}],\"inLanguage\":\"pt-BR\"},{\"@type\":\"Organization\",\"@id\":\"https:\/\/juacontecimentos.com.br\/site\/#organization\",\"name\":\"Jornal Ultimos Acontecimentos\",\"url\":\"https:\/\/juacontecimentos.com.br\/site\/\",\"logo\":{\"@type\":\"ImageObject\",\"inLanguage\":\"pt-BR\",\"@id\":\"https:\/\/juacontecimentos.com.br\/site\/#\/schema\/logo\/image\/\",\"url\":\"https:\/\/juacontecimentos.com.br\/site\/wp-content\/uploads\/2023\/04\/Logo_Site.png\",\"contentUrl\":\"https:\/\/juacontecimentos.com.br\/site\/wp-content\/uploads\/2023\/04\/Logo_Site.png\",\"width\":2476,\"height\":530,\"caption\":\"Jornal Ultimos Acontecimentos\"},\"image\":{\"@id\":\"https:\/\/juacontecimentos.com.br\/site\/#\/schema\/logo\/image\/\"},\"sameAs\":[\"https:\/\/www.facebook.com\/jultimosacontecimentos\/\"]},{\"@type\":\"Person\",\"@id\":\"https:\/\/juacontecimentos.com.br\/site\/#\/schema\/person\/082a54e6d3fdd7a633291428521c9669\",\"name\":\"Reginaldo Ribeiro\",\"image\":{\"@type\":\"ImageObject\",\"inLanguage\":\"pt-BR\",\"@id\":\"https:\/\/juacontecimentos.com.br\/site\/#\/schema\/person\/image\/\",\"url\":\"https:\/\/secure.gravatar.com\/avatar\/5c16c6837c3490270a74d888c2a845728f06bdde1f8761de1de1d1d1ef82d12f?s=96&d=mm&r=g\",\"contentUrl\":\"https:\/\/secure.gravatar.com\/avatar\/5c16c6837c3490270a74d888c2a845728f06bdde1f8761de1de1d1d1ef82d12f?s=96&d=mm&r=g\",\"caption\":\"Reginaldo Ribeiro\"}}]}<\/script>\n<!-- \/ Yoast SEO plugin. -->","yoast_head_json":{"title":"Daniel diz: Mendanha n\u00e3o manteve n\u00edvel de Maguito - Jornal Ultimos Acontecimentos","robots":{"index":"index","follow":"follow","max-snippet":"max-snippet:-1","max-image-preview":"max-image-preview:large","max-video-preview":"max-video-preview:-1"},"canonical":"https:\/\/juacontecimentos.com.br\/site\/daniel-diz-mendanha-nao-manteve-nivel-de-maguito\/","og_locale":"pt_BR","og_type":"article","og_title":"Daniel diz: Mendanha n\u00e3o manteve n\u00edvel de Maguito - Jornal Ultimos Acontecimentos","og_description":"O presidente do MDB em Goi\u00e1s, Daniel Vilela, afirma \u00e0 coluna que o prefeito de Aparecida, Gustavo Mendanha (sem partido), \u201cse perdeu\u201d entre \u201clives e likes\u201d e n\u00e3o conseguiu manter o n\u00edvel da administra\u00e7\u00e3o que sucedeu de seu pai, Maguito Vilela. Na cr\u00edtica p\u00fablica mais direta que j\u00e1 fez ao ex-aliado, o pr\u00e9-candidato a vice-governador","og_url":"https:\/\/juacontecimentos.com.br\/site\/daniel-diz-mendanha-nao-manteve-nivel-de-maguito\/","og_site_name":"Jornal Ultimos Acontecimentos","article_publisher":"https:\/\/www.facebook.com\/jultimosacontecimentos\/","article_published_time":"2021-11-20T07:54:58+00:00","article_modified_time":"2021-11-20T08:10:19+00:00","og_image":[{"width":627,"height":400,"url":"https:\/\/juacontecimentos.com.br\/site\/wp-content\/uploads\/2021\/09\/gustavo-mendanha-diz-que-vai-deixar-mdb-nesta-semana.jpg","type":"image\/jpeg"}],"author":"Reginaldo Ribeiro","twitter_card":"summary_large_image","twitter_misc":{"Escrito por":"Reginaldo Ribeiro","Est. tempo de leitura":"1 minuto"},"schema":{"@context":"https:\/\/schema.org","@graph":[{"@type":"Article","@id":"https:\/\/juacontecimentos.com.br\/site\/daniel-diz-mendanha-nao-manteve-nivel-de-maguito\/#article","isPartOf":{"@id":"https:\/\/juacontecimentos.com.br\/site\/daniel-diz-mendanha-nao-manteve-nivel-de-maguito\/"},"author":{"name":"Reginaldo Ribeiro","@id":"https:\/\/juacontecimentos.com.br\/site\/#\/schema\/person\/082a54e6d3fdd7a633291428521c9669"},"headline":"Daniel diz: Mendanha n\u00e3o manteve n\u00edvel de Maguito","datePublished":"2021-11-20T07:54:58+00:00","dateModified":"2021-11-20T08:10:19+00:00","mainEntityOfPage":{"@id":"https:\/\/juacontecimentos.com.br\/site\/daniel-diz-mendanha-nao-manteve-nivel-de-maguito\/"},"wordCount":303,"commentCount":0,"publisher":{"@id":"https:\/\/juacontecimentos.com.br\/site\/#organization"},"image":{"@id":"https:\/\/juacontecimentos.com.br\/site\/daniel-diz-mendanha-nao-manteve-nivel-de-maguito\/#primaryimage"},"thumbnailUrl":"https:\/\/juacontecimentos.com.br\/site\/wp-content\/uploads\/2021\/09\/gustavo-mendanha-diz-que-vai-deixar-mdb-nesta-semana.jpg","articleSection":["Brasil","Catal\u00e3o","Destaque","Goi\u00e1s"],"inLanguage":"pt-BR"},{"@type":"WebPage","@id":"https:\/\/juacontecimentos.com.br\/site\/daniel-diz-mendanha-nao-manteve-nivel-de-maguito\/","url":"https:\/\/juacontecimentos.com.br\/site\/daniel-diz-mendanha-nao-manteve-nivel-de-maguito\/","name":"Daniel diz: Mendanha n\u00e3o manteve n\u00edvel de Maguito - Jornal Ultimos Acontecimentos","isPartOf":{"@id":"https:\/\/juacontecimentos.com.br\/site\/#website"},"primaryImageOfPage":{"@id":"https:\/\/juacontecimentos.com.br\/site\/daniel-diz-mendanha-nao-manteve-nivel-de-maguito\/#primaryimage"},"image":{"@id":"https:\/\/juacontecimentos.com.br\/site\/daniel-diz-mendanha-nao-manteve-nivel-de-maguito\/#primaryimage"},"thumbnailUrl":"https:\/\/juacontecimentos.com.br\/site\/wp-content\/uploads\/2021\/09\/gustavo-mendanha-diz-que-vai-deixar-mdb-nesta-semana.jpg","datePublished":"2021-11-20T07:54:58+00:00","dateModified":"2021-11-20T08:10:19+00:00","breadcrumb":{"@id":"https:\/\/juacontecimentos.com.br\/site\/daniel-diz-mendanha-nao-manteve-nivel-de-maguito\/#breadcrumb"},"inLanguage":"pt-BR","potentialAction":[{"@type":"ReadAction","target":["https:\/\/juacontecimentos.com.br\/site\/daniel-diz-mendanha-nao-manteve-nivel-de-maguito\/"]}]},{"@type":"ImageObject","inLanguage":"pt-BR","@id":"https:\/\/juacontecimentos.com.br\/site\/daniel-diz-mendanha-nao-manteve-nivel-de-maguito\/#primaryimage","url":"https:\/\/juacontecimentos.com.br\/site\/wp-content\/uploads\/2021\/09\/gustavo-mendanha-diz-que-vai-deixar-mdb-nesta-semana.jpg","contentUrl":"https:\/\/juacontecimentos.com.br\/site\/wp-content\/uploads\/2021\/09\/gustavo-mendanha-diz-que-vai-deixar-mdb-nesta-semana.jpg","width":627,"height":400},{"@type":"BreadcrumbList","@id":"https:\/\/juacontecimentos.com.br\/site\/daniel-diz-mendanha-nao-manteve-nivel-de-maguito\/#breadcrumb","itemListElement":[{"@type":"ListItem","position":1,"name":"In\u00edcio","item":"https:\/\/juacontecimentos.com.br\/site\/"},{"@type":"ListItem","position":2,"name":"Daniel diz: Mendanha n\u00e3o manteve n\u00edvel de Maguito"}]},{"@type":"WebSite","@id":"https:\/\/juacontecimentos.com.br\/site\/#website","url":"https:\/\/juacontecimentos.com.br\/site\/","name":"Jornal Ultimos Acontecimentos","description":"Catal\u00e3o e regi\u00e3o","publisher":{"@id":"https:\/\/juacontecimentos.com.br\/site\/#organization"},"potentialAction":[{"@type":"SearchAction","target":{"@type":"EntryPoint","urlTemplate":"https:\/\/juacontecimentos.com.br\/site\/?s={search_term_string}"},"query-input":{"@type":"PropertyValueSpecification","valueRequired":true,"valueName":"search_term_string"}}],"inLanguage":"pt-BR"},{"@type":"Organization","@id":"https:\/\/juacontecimentos.com.br\/site\/#organization","name":"Jornal Ultimos Acontecimentos","url":"https:\/\/juacontecimentos.com.br\/site\/","logo":{"@type":"ImageObject","inLanguage":"pt-BR","@id":"https:\/\/juacontecimentos.com.br\/site\/#\/schema\/logo\/image\/","url":"https:\/\/juacontecimentos.com.br\/site\/wp-content\/uploads\/2023\/04\/Logo_Site.png","contentUrl":"https:\/\/juacontecimentos.com.br\/site\/wp-content\/uploads\/2023\/04\/Logo_Site.png","width":2476,"height":530,"caption":"Jornal Ultimos Acontecimentos"},"image":{"@id":"https:\/\/juacontecimentos.com.br\/site\/#\/schema\/logo\/image\/"},"sameAs":["https:\/\/www.facebook.com\/jultimosacontecimentos\/"]},{"@type":"Person","@id":"https:\/\/juacontecimentos.com.br\/site\/#\/schema\/person\/082a54e6d3fdd7a633291428521c9669","name":"Reginaldo Ribeiro","image":{"@type":"ImageObject","inLanguage":"pt-BR","@id":"https:\/\/juacontecimentos.com.br\/site\/#\/schema\/person\/image\/","url":"https:\/\/secure.gravatar.com\/avatar\/5c16c6837c3490270a74d888c2a845728f06bdde1f8761de1de1d1d1ef82d12f?s=96&d=mm&r=g","contentUrl":"https:\/\/secure.gravatar.com\/avatar\/5c16c6837c3490270a74d888c2a845728f06bdde1f8761de1de1d1d1ef82d12f?s=96&d=mm&r=g","caption":"Reginaldo Ribeiro"}}]}},"_links":{"self":[{"href":"https:\/\/juacontecimentos.com.br\/site\/wp-json\/wp\/v2\/posts\/17908","targetHints":{"allow":["GET"]}}],"collection":[{"href":"https:\/\/juacontecimentos.com.br\/site\/wp-json\/wp\/v2\/posts"}],"about":[{"href":"https:\/\/juacontecimentos.com.br\/site\/wp-json\/wp\/v2\/types\/post"}],"author":[{"embeddable":true,"href":"https:\/\/juacontecimentos.com.br\/site\/wp-json\/wp\/v2\/users\/2"}],"replies":[{"embeddable":true,"href":"https:\/\/juacontecimentos.com.br\/site\/wp-json\/wp\/v2\/comments?post=17908"}],"version-history":[{"count":3,"href":"https:\/\/juacontecimentos.com.br\/site\/wp-json\/wp\/v2\/posts\/17908\/revisions"}],"predecessor-version":[{"id":17917,"href":"https:\/\/juacontecimentos.com.br\/site\/wp-json\/wp\/v2\/posts\/17908\/revisions\/17917"}],"wp:featuredmedia":[{"embeddable":true,"href":"https:\/\/juacontecimentos.com.br\/site\/wp-json\/wp\/v2\/media\/16796"}],"wp:attachment":[{"href":"https:\/\/juacontecimentos.com.br\/site\/wp-json\/wp\/v2\/media?parent=17908"}],"wp:term":[{"taxonomy":"category","embeddable":true,"href":"https:\/\/juacontecimentos.com.br\/site\/wp-json\/wp\/v2\/categories?post=17908"},{"taxonomy":"post_tag","embeddable":true,"href":"https:\/\/juacontecimentos.com.br\/site\/wp-json\/wp\/v2\/tags?post=17908"}],"curies":[{"name":"wp","href":"https:\/\/api.w.org\/{rel}","templated":true}]}}