{"id":17925,"date":"2021-11-21T09:34:57","date_gmt":"2021-11-21T12:34:57","guid":{"rendered":"https:\/\/juacontecimento.com.br\/site\/?p=17925"},"modified":"2021-11-21T09:35:27","modified_gmt":"2021-11-21T12:35:27","slug":"bolsonaro-no-pl-deve-tirar-de-mendanha-candidatura-ao-governo","status":"publish","type":"post","link":"https:\/\/juacontecimentos.com.br\/site\/bolsonaro-no-pl-deve-tirar-de-mendanha-candidatura-ao-governo\/","title":{"rendered":"Bolsonaro no PL deve tirar de Mendanha a candidatura ao governo"},"content":{"rendered":"<p><strong>Grupo bolsonarista se anima com possiblidade de lan\u00e7ar o deputado major Vitor Hugo para o governo do Estado pelo PL<img loading=\"lazy\" decoding=\"async\" class=\"alignnone size-full wp-image-17926\" src=\"https:\/\/juacontecimento.com.br\/site\/wp-content\/uploads\/2021\/11\/Gustavo-Mendanha-entrevista-22-10-2020-Foto-Fernando-Leite-Jornal-Op\u00e7\u00e3o-1-tamanho-site.jpeg\" alt=\"\" width=\"620\" height=\"350\" srcset=\"https:\/\/juacontecimentos.com.br\/site\/wp-content\/uploads\/2021\/11\/Gustavo-Mendanha-entrevista-22-10-2020-Foto-Fernando-Leite-Jornal-Op\u00e7\u00e3o-1-tamanho-site.jpeg 620w, https:\/\/juacontecimentos.com.br\/site\/wp-content\/uploads\/2021\/11\/Gustavo-Mendanha-entrevista-22-10-2020-Foto-Fernando-Leite-Jornal-Op\u00e7\u00e3o-1-tamanho-site-300x169.jpeg 300w\" sizes=\"auto, (max-width: 620px) 100vw, 620px\" \/><\/strong><\/p>\n<p>Caso a filia\u00e7\u00e3o do presidente Jair Bolsonaro ao PL se concretizar, o prefeito de Aparecida de Goi\u00e2nia, Gustavo Mendanha pode ficar sem espa\u00e7o para lan\u00e7ar sua candidatura ao governo do Estado. Embora os dirigentes da sigla em Goi\u00e1s busquem manter o ex-emedemista animado, h\u00e1 um grupo bolonarista aguardando ansiosamente a assinatura da ficha de filia\u00e7\u00e3o para se lan\u00e7ar candidato ao governo.<\/p>\n<p>O deputado federal Vitor Hugo vai seguir o presidente Jair Bolsonaro em sua filia\u00e7\u00e3o. Indo para o PL, ele vai usar de seu prest\u00edgio por ser um dos governistas mais fi\u00e9is ao presidente no Congresso, para se viabilizar como candidato ao governo de Goi\u00e1s.<\/p>\n<p>Vitor Hugo n\u00e3o acredita que Gustavo Mendanha seja um aliado dos bolsonaristas. O deputado federal diz trabalhar para que o presidente tenha em Goi\u00e1s um palanque que realmente represente o cl\u00e3 Bolsonaro. O que vai criar um impasse para Mendanha se lan\u00e7ar ao governo.<\/p>\n<p>Fora o PL, qual outro partido poderia abrir Mendanha e seu projeto de disputar o governo do Estado? O Republicanos, por meio do prefeito de Goi\u00e2nia, Rog\u00e9rio Cruz, j\u00e1 tem manifestado apoio a reelei\u00e7\u00e3o do governador Ronaldo Caiado. O Podemos do deputado federal Jos\u00e9 Nelto tamb\u00e9m est\u00e1 praticamente fechado com Ronaldo Caiado.<\/p>\n<p>\u00c9 prov\u00e1vel que reste a Mendanha apenas a filia\u00e7\u00e3o ao PSDB, para abrigar o projeto de candidatura ao governo do Estado. Fica a pergunta: haveria essa disposi\u00e7\u00e3o?<\/p>\n<p><strong>\u00a0<\/strong><br \/>\n<\/p>\n","protected":false},"excerpt":{"rendered":"<p>Grupo bolsonarista se anima com possiblidade de lan\u00e7ar o deputado major Vitor Hugo para o governo do Estado pelo PL Caso a filia\u00e7\u00e3o do presidente Jair Bolsonaro ao PL se concretizar, o prefeito de Aparecida de Goi\u00e2nia, Gustavo Mendanha pode ficar sem espa\u00e7o para lan\u00e7ar sua candidatura ao governo do Estado. Embora os dirigentes da<\/p>\n","protected":false},"author":2,"featured_media":17926,"comment_status":"open","ping_status":"open","sticky":false,"template":"","format":"standard","meta":{"footnotes":""},"categories":[27,22,26,23],"tags":[],"class_list":["post-17925","post","type-post","status-publish","format-standard","has-post-thumbnail","hentry","category-brasil","category-catalao","category-destaque","category-goias"],"yoast_head":"<!-- This site is optimized with the Yoast SEO plugin v25.8 - https:\/\/yoast.com\/wordpress\/plugins\/seo\/ -->\n<title>Bolsonaro no PL deve tirar de Mendanha a candidatura ao governo - Jornal Ultimos Acontecimentos<\/title>\n<meta name=\"robots\" content=\"index, follow, max-snippet:-1, max-image-preview:large, max-video-preview:-1\" \/>\n<link rel=\"canonical\" href=\"https:\/\/juacontecimentos.com.br\/site\/bolsonaro-no-pl-deve-tirar-de-mendanha-candidatura-ao-governo\/\" \/>\n<meta property=\"og:locale\" content=\"pt_BR\" \/>\n<meta property=\"og:type\" content=\"article\" \/>\n<meta property=\"og:title\" content=\"Bolsonaro no PL deve tirar de Mendanha a candidatura ao governo - Jornal Ultimos Acontecimentos\" \/>\n<meta property=\"og:description\" content=\"Grupo bolsonarista se anima com possiblidade de lan\u00e7ar o deputado major Vitor Hugo para o governo do Estado pelo PL Caso a filia\u00e7\u00e3o do presidente Jair Bolsonaro ao PL se concretizar, o prefeito de Aparecida de Goi\u00e2nia, Gustavo Mendanha pode ficar sem espa\u00e7o para lan\u00e7ar sua candidatura ao governo do Estado. Embora os dirigentes da\" \/>\n<meta property=\"og:url\" content=\"https:\/\/juacontecimentos.com.br\/site\/bolsonaro-no-pl-deve-tirar-de-mendanha-candidatura-ao-governo\/\" \/>\n<meta property=\"og:site_name\" content=\"Jornal Ultimos Acontecimentos\" \/>\n<meta property=\"article:publisher\" content=\"https:\/\/www.facebook.com\/jultimosacontecimentos\/\" \/>\n<meta property=\"article:published_time\" content=\"2021-11-21T12:34:57+00:00\" \/>\n<meta property=\"article:modified_time\" content=\"2021-11-21T12:35:27+00:00\" \/>\n<meta property=\"og:image\" content=\"https:\/\/juacontecimentos.com.br\/site\/wp-content\/uploads\/2021\/11\/Gustavo-Mendanha-entrevista-22-10-2020-Foto-Fernando-Leite-Jornal-Op\u00e7\u00e3o-1-tamanho-site.jpeg\" \/>\n\t<meta property=\"og:image:width\" content=\"620\" \/>\n\t<meta property=\"og:image:height\" content=\"350\" \/>\n\t<meta property=\"og:image:type\" content=\"image\/jpeg\" \/>\n<meta name=\"author\" content=\"Reginaldo Ribeiro\" \/>\n<meta name=\"twitter:card\" content=\"summary_large_image\" \/>\n<meta name=\"twitter:label1\" content=\"Escrito por\" \/>\n\t<meta name=\"twitter:data1\" content=\"Reginaldo Ribeiro\" \/>\n\t<meta name=\"twitter:label2\" content=\"Est. tempo de leitura\" \/>\n\t<meta name=\"twitter:data2\" content=\"1 minuto\" \/>\n<script type=\"application\/ld+json\" class=\"yoast-schema-graph\">{\"@context\":\"https:\/\/schema.org\",\"@graph\":[{\"@type\":\"Article\",\"@id\":\"https:\/\/juacontecimentos.com.br\/site\/bolsonaro-no-pl-deve-tirar-de-mendanha-candidatura-ao-governo\/#article\",\"isPartOf\":{\"@id\":\"https:\/\/juacontecimentos.com.br\/site\/bolsonaro-no-pl-deve-tirar-de-mendanha-candidatura-ao-governo\/\"},\"author\":{\"name\":\"Reginaldo Ribeiro\",\"@id\":\"https:\/\/juacontecimentos.com.br\/site\/#\/schema\/person\/082a54e6d3fdd7a633291428521c9669\"},\"headline\":\"Bolsonaro no PL deve tirar de Mendanha a candidatura ao governo\",\"datePublished\":\"2021-11-21T12:34:57+00:00\",\"dateModified\":\"2021-11-21T12:35:27+00:00\",\"mainEntityOfPage\":{\"@id\":\"https:\/\/juacontecimentos.com.br\/site\/bolsonaro-no-pl-deve-tirar-de-mendanha-candidatura-ao-governo\/\"},\"wordCount\":280,\"commentCount\":0,\"publisher\":{\"@id\":\"https:\/\/juacontecimentos.com.br\/site\/#organization\"},\"image\":{\"@id\":\"https:\/\/juacontecimentos.com.br\/site\/bolsonaro-no-pl-deve-tirar-de-mendanha-candidatura-ao-governo\/#primaryimage\"},\"thumbnailUrl\":\"https:\/\/juacontecimentos.com.br\/site\/wp-content\/uploads\/2021\/11\/Gustavo-Mendanha-entrevista-22-10-2020-Foto-Fernando-Leite-Jornal-Op\u00e7\u00e3o-1-tamanho-site.jpeg\",\"articleSection\":[\"Brasil\",\"Catal\u00e3o\",\"Destaque\",\"Goi\u00e1s\"],\"inLanguage\":\"pt-BR\"},{\"@type\":\"WebPage\",\"@id\":\"https:\/\/juacontecimentos.com.br\/site\/bolsonaro-no-pl-deve-tirar-de-mendanha-candidatura-ao-governo\/\",\"url\":\"https:\/\/juacontecimentos.com.br\/site\/bolsonaro-no-pl-deve-tirar-de-mendanha-candidatura-ao-governo\/\",\"name\":\"Bolsonaro no PL deve tirar de Mendanha a candidatura ao governo - Jornal Ultimos Acontecimentos\",\"isPartOf\":{\"@id\":\"https:\/\/juacontecimentos.com.br\/site\/#website\"},\"primaryImageOfPage\":{\"@id\":\"https:\/\/juacontecimentos.com.br\/site\/bolsonaro-no-pl-deve-tirar-de-mendanha-candidatura-ao-governo\/#primaryimage\"},\"image\":{\"@id\":\"https:\/\/juacontecimentos.com.br\/site\/bolsonaro-no-pl-deve-tirar-de-mendanha-candidatura-ao-governo\/#primaryimage\"},\"thumbnailUrl\":\"https:\/\/juacontecimentos.com.br\/site\/wp-content\/uploads\/2021\/11\/Gustavo-Mendanha-entrevista-22-10-2020-Foto-Fernando-Leite-Jornal-Op\u00e7\u00e3o-1-tamanho-site.jpeg\",\"datePublished\":\"2021-11-21T12:34:57+00:00\",\"dateModified\":\"2021-11-21T12:35:27+00:00\",\"breadcrumb\":{\"@id\":\"https:\/\/juacontecimentos.com.br\/site\/bolsonaro-no-pl-deve-tirar-de-mendanha-candidatura-ao-governo\/#breadcrumb\"},\"inLanguage\":\"pt-BR\",\"potentialAction\":[{\"@type\":\"ReadAction\",\"target\":[\"https:\/\/juacontecimentos.com.br\/site\/bolsonaro-no-pl-deve-tirar-de-mendanha-candidatura-ao-governo\/\"]}]},{\"@type\":\"ImageObject\",\"inLanguage\":\"pt-BR\",\"@id\":\"https:\/\/juacontecimentos.com.br\/site\/bolsonaro-no-pl-deve-tirar-de-mendanha-candidatura-ao-governo\/#primaryimage\",\"url\":\"https:\/\/juacontecimentos.com.br\/site\/wp-content\/uploads\/2021\/11\/Gustavo-Mendanha-entrevista-22-10-2020-Foto-Fernando-Leite-Jornal-Op\u00e7\u00e3o-1-tamanho-site.jpeg\",\"contentUrl\":\"https:\/\/juacontecimentos.com.br\/site\/wp-content\/uploads\/2021\/11\/Gustavo-Mendanha-entrevista-22-10-2020-Foto-Fernando-Leite-Jornal-Op\u00e7\u00e3o-1-tamanho-site.jpeg\",\"width\":620,\"height\":350},{\"@type\":\"BreadcrumbList\",\"@id\":\"https:\/\/juacontecimentos.com.br\/site\/bolsonaro-no-pl-deve-tirar-de-mendanha-candidatura-ao-governo\/#breadcrumb\",\"itemListElement\":[{\"@type\":\"ListItem\",\"position\":1,\"name\":\"In\u00edcio\",\"item\":\"https:\/\/juacontecimentos.com.br\/site\/\"},{\"@type\":\"ListItem\",\"position\":2,\"name\":\"Bolsonaro no PL deve tirar de Mendanha a candidatura ao governo\"}]},{\"@type\":\"WebSite\",\"@id\":\"https:\/\/juacontecimentos.com.br\/site\/#website\",\"url\":\"https:\/\/juacontecimentos.com.br\/site\/\",\"name\":\"Jornal Ultimos Acontecimentos\",\"description\":\"Catal\u00e3o e regi\u00e3o\",\"publisher\":{\"@id\":\"https:\/\/juacontecimentos.com.br\/site\/#organization\"},\"potentialAction\":[{\"@type\":\"SearchAction\",\"target\":{\"@type\":\"EntryPoint\",\"urlTemplate\":\"https:\/\/juacontecimentos.com.br\/site\/?s={search_term_string}\"},\"query-input\":{\"@type\":\"PropertyValueSpecification\",\"valueRequired\":true,\"valueName\":\"search_term_string\"}}],\"inLanguage\":\"pt-BR\"},{\"@type\":\"Organization\",\"@id\":\"https:\/\/juacontecimentos.com.br\/site\/#organization\",\"name\":\"Jornal Ultimos Acontecimentos\",\"url\":\"https:\/\/juacontecimentos.com.br\/site\/\",\"logo\":{\"@type\":\"ImageObject\",\"inLanguage\":\"pt-BR\",\"@id\":\"https:\/\/juacontecimentos.com.br\/site\/#\/schema\/logo\/image\/\",\"url\":\"https:\/\/juacontecimentos.com.br\/site\/wp-content\/uploads\/2023\/04\/Logo_Site.png\",\"contentUrl\":\"https:\/\/juacontecimentos.com.br\/site\/wp-content\/uploads\/2023\/04\/Logo_Site.png\",\"width\":2476,\"height\":530,\"caption\":\"Jornal Ultimos Acontecimentos\"},\"image\":{\"@id\":\"https:\/\/juacontecimentos.com.br\/site\/#\/schema\/logo\/image\/\"},\"sameAs\":[\"https:\/\/www.facebook.com\/jultimosacontecimentos\/\"]},{\"@type\":\"Person\",\"@id\":\"https:\/\/juacontecimentos.com.br\/site\/#\/schema\/person\/082a54e6d3fdd7a633291428521c9669\",\"name\":\"Reginaldo Ribeiro\",\"image\":{\"@type\":\"ImageObject\",\"inLanguage\":\"pt-BR\",\"@id\":\"https:\/\/juacontecimentos.com.br\/site\/#\/schema\/person\/image\/\",\"url\":\"https:\/\/secure.gravatar.com\/avatar\/5c16c6837c3490270a74d888c2a845728f06bdde1f8761de1de1d1d1ef82d12f?s=96&d=mm&r=g\",\"contentUrl\":\"https:\/\/secure.gravatar.com\/avatar\/5c16c6837c3490270a74d888c2a845728f06bdde1f8761de1de1d1d1ef82d12f?s=96&d=mm&r=g\",\"caption\":\"Reginaldo Ribeiro\"}}]}<\/script>\n<!-- \/ Yoast SEO plugin. -->","yoast_head_json":{"title":"Bolsonaro no PL deve tirar de Mendanha a candidatura ao governo - Jornal Ultimos Acontecimentos","robots":{"index":"index","follow":"follow","max-snippet":"max-snippet:-1","max-image-preview":"max-image-preview:large","max-video-preview":"max-video-preview:-1"},"canonical":"https:\/\/juacontecimentos.com.br\/site\/bolsonaro-no-pl-deve-tirar-de-mendanha-candidatura-ao-governo\/","og_locale":"pt_BR","og_type":"article","og_title":"Bolsonaro no PL deve tirar de Mendanha a candidatura ao governo - Jornal Ultimos Acontecimentos","og_description":"Grupo bolsonarista se anima com possiblidade de lan\u00e7ar o deputado major Vitor Hugo para o governo do Estado pelo PL Caso a filia\u00e7\u00e3o do presidente Jair Bolsonaro ao PL se concretizar, o prefeito de Aparecida de Goi\u00e2nia, Gustavo Mendanha pode ficar sem espa\u00e7o para lan\u00e7ar sua candidatura ao governo do Estado. Embora os dirigentes da","og_url":"https:\/\/juacontecimentos.com.br\/site\/bolsonaro-no-pl-deve-tirar-de-mendanha-candidatura-ao-governo\/","og_site_name":"Jornal Ultimos Acontecimentos","article_publisher":"https:\/\/www.facebook.com\/jultimosacontecimentos\/","article_published_time":"2021-11-21T12:34:57+00:00","article_modified_time":"2021-11-21T12:35:27+00:00","og_image":[{"width":620,"height":350,"url":"https:\/\/juacontecimentos.com.br\/site\/wp-content\/uploads\/2021\/11\/Gustavo-Mendanha-entrevista-22-10-2020-Foto-Fernando-Leite-Jornal-Op\u00e7\u00e3o-1-tamanho-site.jpeg","type":"image\/jpeg"}],"author":"Reginaldo Ribeiro","twitter_card":"summary_large_image","twitter_misc":{"Escrito por":"Reginaldo Ribeiro","Est. tempo de leitura":"1 minuto"},"schema":{"@context":"https:\/\/schema.org","@graph":[{"@type":"Article","@id":"https:\/\/juacontecimentos.com.br\/site\/bolsonaro-no-pl-deve-tirar-de-mendanha-candidatura-ao-governo\/#article","isPartOf":{"@id":"https:\/\/juacontecimentos.com.br\/site\/bolsonaro-no-pl-deve-tirar-de-mendanha-candidatura-ao-governo\/"},"author":{"name":"Reginaldo Ribeiro","@id":"https:\/\/juacontecimentos.com.br\/site\/#\/schema\/person\/082a54e6d3fdd7a633291428521c9669"},"headline":"Bolsonaro no PL deve tirar de Mendanha a candidatura ao governo","datePublished":"2021-11-21T12:34:57+00:00","dateModified":"2021-11-21T12:35:27+00:00","mainEntityOfPage":{"@id":"https:\/\/juacontecimentos.com.br\/site\/bolsonaro-no-pl-deve-tirar-de-mendanha-candidatura-ao-governo\/"},"wordCount":280,"commentCount":0,"publisher":{"@id":"https:\/\/juacontecimentos.com.br\/site\/#organization"},"image":{"@id":"https:\/\/juacontecimentos.com.br\/site\/bolsonaro-no-pl-deve-tirar-de-mendanha-candidatura-ao-governo\/#primaryimage"},"thumbnailUrl":"https:\/\/juacontecimentos.com.br\/site\/wp-content\/uploads\/2021\/11\/Gustavo-Mendanha-entrevista-22-10-2020-Foto-Fernando-Leite-Jornal-Op\u00e7\u00e3o-1-tamanho-site.jpeg","articleSection":["Brasil","Catal\u00e3o","Destaque","Goi\u00e1s"],"inLanguage":"pt-BR"},{"@type":"WebPage","@id":"https:\/\/juacontecimentos.com.br\/site\/bolsonaro-no-pl-deve-tirar-de-mendanha-candidatura-ao-governo\/","url":"https:\/\/juacontecimentos.com.br\/site\/bolsonaro-no-pl-deve-tirar-de-mendanha-candidatura-ao-governo\/","name":"Bolsonaro no PL deve tirar de Mendanha a candidatura ao governo - Jornal Ultimos Acontecimentos","isPartOf":{"@id":"https:\/\/juacontecimentos.com.br\/site\/#website"},"primaryImageOfPage":{"@id":"https:\/\/juacontecimentos.com.br\/site\/bolsonaro-no-pl-deve-tirar-de-mendanha-candidatura-ao-governo\/#primaryimage"},"image":{"@id":"https:\/\/juacontecimentos.com.br\/site\/bolsonaro-no-pl-deve-tirar-de-mendanha-candidatura-ao-governo\/#primaryimage"},"thumbnailUrl":"https:\/\/juacontecimentos.com.br\/site\/wp-content\/uploads\/2021\/11\/Gustavo-Mendanha-entrevista-22-10-2020-Foto-Fernando-Leite-Jornal-Op\u00e7\u00e3o-1-tamanho-site.jpeg","datePublished":"2021-11-21T12:34:57+00:00","dateModified":"2021-11-21T12:35:27+00:00","breadcrumb":{"@id":"https:\/\/juacontecimentos.com.br\/site\/bolsonaro-no-pl-deve-tirar-de-mendanha-candidatura-ao-governo\/#breadcrumb"},"inLanguage":"pt-BR","potentialAction":[{"@type":"ReadAction","target":["https:\/\/juacontecimentos.com.br\/site\/bolsonaro-no-pl-deve-tirar-de-mendanha-candidatura-ao-governo\/"]}]},{"@type":"ImageObject","inLanguage":"pt-BR","@id":"https:\/\/juacontecimentos.com.br\/site\/bolsonaro-no-pl-deve-tirar-de-mendanha-candidatura-ao-governo\/#primaryimage","url":"https:\/\/juacontecimentos.com.br\/site\/wp-content\/uploads\/2021\/11\/Gustavo-Mendanha-entrevista-22-10-2020-Foto-Fernando-Leite-Jornal-Op\u00e7\u00e3o-1-tamanho-site.jpeg","contentUrl":"https:\/\/juacontecimentos.com.br\/site\/wp-content\/uploads\/2021\/11\/Gustavo-Mendanha-entrevista-22-10-2020-Foto-Fernando-Leite-Jornal-Op\u00e7\u00e3o-1-tamanho-site.jpeg","width":620,"height":350},{"@type":"BreadcrumbList","@id":"https:\/\/juacontecimentos.com.br\/site\/bolsonaro-no-pl-deve-tirar-de-mendanha-candidatura-ao-governo\/#breadcrumb","itemListElement":[{"@type":"ListItem","position":1,"name":"In\u00edcio","item":"https:\/\/juacontecimentos.com.br\/site\/"},{"@type":"ListItem","position":2,"name":"Bolsonaro no PL deve tirar de Mendanha a candidatura ao governo"}]},{"@type":"WebSite","@id":"https:\/\/juacontecimentos.com.br\/site\/#website","url":"https:\/\/juacontecimentos.com.br\/site\/","name":"Jornal Ultimos Acontecimentos","description":"Catal\u00e3o e regi\u00e3o","publisher":{"@id":"https:\/\/juacontecimentos.com.br\/site\/#organization"},"potentialAction":[{"@type":"SearchAction","target":{"@type":"EntryPoint","urlTemplate":"https:\/\/juacontecimentos.com.br\/site\/?s={search_term_string}"},"query-input":{"@type":"PropertyValueSpecification","valueRequired":true,"valueName":"search_term_string"}}],"inLanguage":"pt-BR"},{"@type":"Organization","@id":"https:\/\/juacontecimentos.com.br\/site\/#organization","name":"Jornal Ultimos Acontecimentos","url":"https:\/\/juacontecimentos.com.br\/site\/","logo":{"@type":"ImageObject","inLanguage":"pt-BR","@id":"https:\/\/juacontecimentos.com.br\/site\/#\/schema\/logo\/image\/","url":"https:\/\/juacontecimentos.com.br\/site\/wp-content\/uploads\/2023\/04\/Logo_Site.png","contentUrl":"https:\/\/juacontecimentos.com.br\/site\/wp-content\/uploads\/2023\/04\/Logo_Site.png","width":2476,"height":530,"caption":"Jornal Ultimos Acontecimentos"},"image":{"@id":"https:\/\/juacontecimentos.com.br\/site\/#\/schema\/logo\/image\/"},"sameAs":["https:\/\/www.facebook.com\/jultimosacontecimentos\/"]},{"@type":"Person","@id":"https:\/\/juacontecimentos.com.br\/site\/#\/schema\/person\/082a54e6d3fdd7a633291428521c9669","name":"Reginaldo Ribeiro","image":{"@type":"ImageObject","inLanguage":"pt-BR","@id":"https:\/\/juacontecimentos.com.br\/site\/#\/schema\/person\/image\/","url":"https:\/\/secure.gravatar.com\/avatar\/5c16c6837c3490270a74d888c2a845728f06bdde1f8761de1de1d1d1ef82d12f?s=96&d=mm&r=g","contentUrl":"https:\/\/secure.gravatar.com\/avatar\/5c16c6837c3490270a74d888c2a845728f06bdde1f8761de1de1d1d1ef82d12f?s=96&d=mm&r=g","caption":"Reginaldo Ribeiro"}}]}},"_links":{"self":[{"href":"https:\/\/juacontecimentos.com.br\/site\/wp-json\/wp\/v2\/posts\/17925","targetHints":{"allow":["GET"]}}],"collection":[{"href":"https:\/\/juacontecimentos.com.br\/site\/wp-json\/wp\/v2\/posts"}],"about":[{"href":"https:\/\/juacontecimentos.com.br\/site\/wp-json\/wp\/v2\/types\/post"}],"author":[{"embeddable":true,"href":"https:\/\/juacontecimentos.com.br\/site\/wp-json\/wp\/v2\/users\/2"}],"replies":[{"embeddable":true,"href":"https:\/\/juacontecimentos.com.br\/site\/wp-json\/wp\/v2\/comments?post=17925"}],"version-history":[{"count":2,"href":"https:\/\/juacontecimentos.com.br\/site\/wp-json\/wp\/v2\/posts\/17925\/revisions"}],"predecessor-version":[{"id":17928,"href":"https:\/\/juacontecimentos.com.br\/site\/wp-json\/wp\/v2\/posts\/17925\/revisions\/17928"}],"wp:featuredmedia":[{"embeddable":true,"href":"https:\/\/juacontecimentos.com.br\/site\/wp-json\/wp\/v2\/media\/17926"}],"wp:attachment":[{"href":"https:\/\/juacontecimentos.com.br\/site\/wp-json\/wp\/v2\/media?parent=17925"}],"wp:term":[{"taxonomy":"category","embeddable":true,"href":"https:\/\/juacontecimentos.com.br\/site\/wp-json\/wp\/v2\/categories?post=17925"},{"taxonomy":"post_tag","embeddable":true,"href":"https:\/\/juacontecimentos.com.br\/site\/wp-json\/wp\/v2\/tags?post=17925"}],"curies":[{"name":"wp","href":"https:\/\/api.w.org\/{rel}","templated":true}]}}