{"id":17995,"date":"2021-11-26T04:18:04","date_gmt":"2021-11-26T07:18:04","guid":{"rendered":"https:\/\/juacontecimento.com.br\/site\/?p=17995"},"modified":"2021-11-26T04:27:20","modified_gmt":"2021-11-26T07:27:20","slug":"marconi-e-valeria-perillo-sao-diagnosticados-com-covid","status":"publish","type":"post","link":"https:\/\/juacontecimentos.com.br\/site\/marconi-e-valeria-perillo-sao-diagnosticados-com-covid\/","title":{"rendered":"Marconi e Val\u00e9ria Perillo s\u00e3o diagnosticados com Covid"},"content":{"rendered":"<h3>Exames apontam que os dois est\u00e3o bem de sa\u00fade<\/h3>\n<p><img loading=\"lazy\" decoding=\"async\" class=\"alignnone size-full wp-image-18003\" src=\"https:\/\/juacontecimento.com.br\/site\/wp-content\/uploads\/2021\/11\/images-2-6.jpeg\" alt=\"\" width=\"698\" height=\"439\" srcset=\"https:\/\/juacontecimentos.com.br\/site\/wp-content\/uploads\/2021\/11\/images-2-6.jpeg 698w, https:\/\/juacontecimentos.com.br\/site\/wp-content\/uploads\/2021\/11\/images-2-6-300x189.jpeg 300w\" sizes=\"auto, (max-width: 698px) 100vw, 698px\" \/><\/p>\n<p>O ex-governador de Goi\u00e1s, Marconi Perillo, e sua esposa, Val\u00e9ria Perillo, foram diagnosticados com Covid-19 e est\u00e3o isolados em casa, em S\u00e3o Paulo.<\/p>\n<p>Pessoas pr\u00f3ximas do casal informaram \u00e0 reportagem que os exames apontam que eles est\u00e3o bem de sa\u00fade e que o per\u00edodo de quarentena deve acabar na pr\u00f3xima segunda-feira (29). Os dois foram imunizados com as duas doses da vacina contra o v\u00edrus.<\/p>\n<p>Como presidente interino do PSDB em Goi\u00e1s, Marconi vinha participando de eventos pol\u00edticos pelo interior do Estado antes de contrair a doen\u00e7a. No \u00faltimo m\u00eas visitou os munic\u00edpios de Valpara\u00edso de Goi\u00e1s, Posse, Porangatu, Urua\u00e7u e Goian\u00e9sia em encontros regionais da sigla.<br \/>\n<\/p>\n","protected":false},"excerpt":{"rendered":"<p>Exames apontam que os dois est\u00e3o bem de sa\u00fade O ex-governador de Goi\u00e1s, Marconi Perillo, e sua esposa, Val\u00e9ria Perillo, foram diagnosticados com Covid-19 e est\u00e3o isolados em casa, em S\u00e3o Paulo. Pessoas pr\u00f3ximas do casal informaram \u00e0 reportagem que os exames apontam que eles est\u00e3o bem de sa\u00fade e que o per\u00edodo de quarentena<\/p>\n","protected":false},"author":2,"featured_media":18003,"comment_status":"open","ping_status":"open","sticky":false,"template":"","format":"standard","meta":{"footnotes":""},"categories":[27,22,26,23],"tags":[],"class_list":["post-17995","post","type-post","status-publish","format-standard","has-post-thumbnail","hentry","category-brasil","category-catalao","category-destaque","category-goias"],"yoast_head":"<!-- This site is optimized with the Yoast SEO plugin v25.8 - https:\/\/yoast.com\/wordpress\/plugins\/seo\/ -->\n<title>Marconi e Val\u00e9ria Perillo s\u00e3o diagnosticados com Covid - Jornal Ultimos Acontecimentos<\/title>\n<meta name=\"robots\" content=\"index, follow, max-snippet:-1, max-image-preview:large, max-video-preview:-1\" \/>\n<link rel=\"canonical\" href=\"https:\/\/juacontecimentos.com.br\/site\/marconi-e-valeria-perillo-sao-diagnosticados-com-covid\/\" \/>\n<meta property=\"og:locale\" content=\"pt_BR\" \/>\n<meta property=\"og:type\" content=\"article\" \/>\n<meta property=\"og:title\" content=\"Marconi e Val\u00e9ria Perillo s\u00e3o diagnosticados com Covid - Jornal Ultimos Acontecimentos\" \/>\n<meta property=\"og:description\" content=\"Exames apontam que os dois est\u00e3o bem de sa\u00fade O ex-governador de Goi\u00e1s, Marconi Perillo, e sua esposa, Val\u00e9ria Perillo, foram diagnosticados com Covid-19 e est\u00e3o isolados em casa, em S\u00e3o Paulo. Pessoas pr\u00f3ximas do casal informaram \u00e0 reportagem que os exames apontam que eles est\u00e3o bem de sa\u00fade e que o per\u00edodo de quarentena\" \/>\n<meta property=\"og:url\" content=\"https:\/\/juacontecimentos.com.br\/site\/marconi-e-valeria-perillo-sao-diagnosticados-com-covid\/\" \/>\n<meta property=\"og:site_name\" content=\"Jornal Ultimos Acontecimentos\" \/>\n<meta property=\"article:publisher\" content=\"https:\/\/www.facebook.com\/jultimosacontecimentos\/\" \/>\n<meta property=\"article:published_time\" content=\"2021-11-26T07:18:04+00:00\" \/>\n<meta property=\"article:modified_time\" content=\"2021-11-26T07:27:20+00:00\" \/>\n<meta property=\"og:image\" content=\"https:\/\/juacontecimentos.com.br\/site\/wp-content\/uploads\/2021\/11\/images-2-6.jpeg\" \/>\n\t<meta property=\"og:image:width\" content=\"698\" \/>\n\t<meta property=\"og:image:height\" content=\"439\" \/>\n\t<meta property=\"og:image:type\" content=\"image\/jpeg\" \/>\n<meta name=\"author\" content=\"Reginaldo Ribeiro\" \/>\n<meta name=\"twitter:card\" content=\"summary_large_image\" \/>\n<meta name=\"twitter:label1\" content=\"Escrito por\" \/>\n\t<meta name=\"twitter:data1\" content=\"Reginaldo Ribeiro\" \/>\n\t<meta name=\"twitter:label2\" content=\"Est. tempo de leitura\" \/>\n\t<meta name=\"twitter:data2\" content=\"1 minuto\" \/>\n<script type=\"application\/ld+json\" class=\"yoast-schema-graph\">{\"@context\":\"https:\/\/schema.org\",\"@graph\":[{\"@type\":\"Article\",\"@id\":\"https:\/\/juacontecimentos.com.br\/site\/marconi-e-valeria-perillo-sao-diagnosticados-com-covid\/#article\",\"isPartOf\":{\"@id\":\"https:\/\/juacontecimentos.com.br\/site\/marconi-e-valeria-perillo-sao-diagnosticados-com-covid\/\"},\"author\":{\"name\":\"Reginaldo Ribeiro\",\"@id\":\"https:\/\/juacontecimentos.com.br\/site\/#\/schema\/person\/082a54e6d3fdd7a633291428521c9669\"},\"headline\":\"Marconi e Val\u00e9ria Perillo s\u00e3o diagnosticados com Covid\",\"datePublished\":\"2021-11-26T07:18:04+00:00\",\"dateModified\":\"2021-11-26T07:27:20+00:00\",\"mainEntityOfPage\":{\"@id\":\"https:\/\/juacontecimentos.com.br\/site\/marconi-e-valeria-perillo-sao-diagnosticados-com-covid\/\"},\"wordCount\":145,\"commentCount\":0,\"publisher\":{\"@id\":\"https:\/\/juacontecimentos.com.br\/site\/#organization\"},\"image\":{\"@id\":\"https:\/\/juacontecimentos.com.br\/site\/marconi-e-valeria-perillo-sao-diagnosticados-com-covid\/#primaryimage\"},\"thumbnailUrl\":\"https:\/\/juacontecimentos.com.br\/site\/wp-content\/uploads\/2021\/11\/images-2-6.jpeg\",\"articleSection\":[\"Brasil\",\"Catal\u00e3o\",\"Destaque\",\"Goi\u00e1s\"],\"inLanguage\":\"pt-BR\"},{\"@type\":\"WebPage\",\"@id\":\"https:\/\/juacontecimentos.com.br\/site\/marconi-e-valeria-perillo-sao-diagnosticados-com-covid\/\",\"url\":\"https:\/\/juacontecimentos.com.br\/site\/marconi-e-valeria-perillo-sao-diagnosticados-com-covid\/\",\"name\":\"Marconi e Val\u00e9ria Perillo s\u00e3o diagnosticados com Covid - Jornal Ultimos Acontecimentos\",\"isPartOf\":{\"@id\":\"https:\/\/juacontecimentos.com.br\/site\/#website\"},\"primaryImageOfPage\":{\"@id\":\"https:\/\/juacontecimentos.com.br\/site\/marconi-e-valeria-perillo-sao-diagnosticados-com-covid\/#primaryimage\"},\"image\":{\"@id\":\"https:\/\/juacontecimentos.com.br\/site\/marconi-e-valeria-perillo-sao-diagnosticados-com-covid\/#primaryimage\"},\"thumbnailUrl\":\"https:\/\/juacontecimentos.com.br\/site\/wp-content\/uploads\/2021\/11\/images-2-6.jpeg\",\"datePublished\":\"2021-11-26T07:18:04+00:00\",\"dateModified\":\"2021-11-26T07:27:20+00:00\",\"breadcrumb\":{\"@id\":\"https:\/\/juacontecimentos.com.br\/site\/marconi-e-valeria-perillo-sao-diagnosticados-com-covid\/#breadcrumb\"},\"inLanguage\":\"pt-BR\",\"potentialAction\":[{\"@type\":\"ReadAction\",\"target\":[\"https:\/\/juacontecimentos.com.br\/site\/marconi-e-valeria-perillo-sao-diagnosticados-com-covid\/\"]}]},{\"@type\":\"ImageObject\",\"inLanguage\":\"pt-BR\",\"@id\":\"https:\/\/juacontecimentos.com.br\/site\/marconi-e-valeria-perillo-sao-diagnosticados-com-covid\/#primaryimage\",\"url\":\"https:\/\/juacontecimentos.com.br\/site\/wp-content\/uploads\/2021\/11\/images-2-6.jpeg\",\"contentUrl\":\"https:\/\/juacontecimentos.com.br\/site\/wp-content\/uploads\/2021\/11\/images-2-6.jpeg\",\"width\":698,\"height\":439},{\"@type\":\"BreadcrumbList\",\"@id\":\"https:\/\/juacontecimentos.com.br\/site\/marconi-e-valeria-perillo-sao-diagnosticados-com-covid\/#breadcrumb\",\"itemListElement\":[{\"@type\":\"ListItem\",\"position\":1,\"name\":\"In\u00edcio\",\"item\":\"https:\/\/juacontecimentos.com.br\/site\/\"},{\"@type\":\"ListItem\",\"position\":2,\"name\":\"Marconi e Val\u00e9ria Perillo s\u00e3o diagnosticados com Covid\"}]},{\"@type\":\"WebSite\",\"@id\":\"https:\/\/juacontecimentos.com.br\/site\/#website\",\"url\":\"https:\/\/juacontecimentos.com.br\/site\/\",\"name\":\"Jornal Ultimos Acontecimentos\",\"description\":\"Catal\u00e3o e regi\u00e3o\",\"publisher\":{\"@id\":\"https:\/\/juacontecimentos.com.br\/site\/#organization\"},\"potentialAction\":[{\"@type\":\"SearchAction\",\"target\":{\"@type\":\"EntryPoint\",\"urlTemplate\":\"https:\/\/juacontecimentos.com.br\/site\/?s={search_term_string}\"},\"query-input\":{\"@type\":\"PropertyValueSpecification\",\"valueRequired\":true,\"valueName\":\"search_term_string\"}}],\"inLanguage\":\"pt-BR\"},{\"@type\":\"Organization\",\"@id\":\"https:\/\/juacontecimentos.com.br\/site\/#organization\",\"name\":\"Jornal Ultimos Acontecimentos\",\"url\":\"https:\/\/juacontecimentos.com.br\/site\/\",\"logo\":{\"@type\":\"ImageObject\",\"inLanguage\":\"pt-BR\",\"@id\":\"https:\/\/juacontecimentos.com.br\/site\/#\/schema\/logo\/image\/\",\"url\":\"https:\/\/juacontecimentos.com.br\/site\/wp-content\/uploads\/2023\/04\/Logo_Site.png\",\"contentUrl\":\"https:\/\/juacontecimentos.com.br\/site\/wp-content\/uploads\/2023\/04\/Logo_Site.png\",\"width\":2476,\"height\":530,\"caption\":\"Jornal Ultimos Acontecimentos\"},\"image\":{\"@id\":\"https:\/\/juacontecimentos.com.br\/site\/#\/schema\/logo\/image\/\"},\"sameAs\":[\"https:\/\/www.facebook.com\/jultimosacontecimentos\/\"]},{\"@type\":\"Person\",\"@id\":\"https:\/\/juacontecimentos.com.br\/site\/#\/schema\/person\/082a54e6d3fdd7a633291428521c9669\",\"name\":\"Reginaldo Ribeiro\",\"image\":{\"@type\":\"ImageObject\",\"inLanguage\":\"pt-BR\",\"@id\":\"https:\/\/juacontecimentos.com.br\/site\/#\/schema\/person\/image\/\",\"url\":\"https:\/\/secure.gravatar.com\/avatar\/5c16c6837c3490270a74d888c2a845728f06bdde1f8761de1de1d1d1ef82d12f?s=96&d=mm&r=g\",\"contentUrl\":\"https:\/\/secure.gravatar.com\/avatar\/5c16c6837c3490270a74d888c2a845728f06bdde1f8761de1de1d1d1ef82d12f?s=96&d=mm&r=g\",\"caption\":\"Reginaldo Ribeiro\"}}]}<\/script>\n<!-- \/ Yoast SEO plugin. -->","yoast_head_json":{"title":"Marconi e Val\u00e9ria Perillo s\u00e3o diagnosticados com Covid - Jornal Ultimos Acontecimentos","robots":{"index":"index","follow":"follow","max-snippet":"max-snippet:-1","max-image-preview":"max-image-preview:large","max-video-preview":"max-video-preview:-1"},"canonical":"https:\/\/juacontecimentos.com.br\/site\/marconi-e-valeria-perillo-sao-diagnosticados-com-covid\/","og_locale":"pt_BR","og_type":"article","og_title":"Marconi e Val\u00e9ria Perillo s\u00e3o diagnosticados com Covid - Jornal Ultimos Acontecimentos","og_description":"Exames apontam que os dois est\u00e3o bem de sa\u00fade O ex-governador de Goi\u00e1s, Marconi Perillo, e sua esposa, Val\u00e9ria Perillo, foram diagnosticados com Covid-19 e est\u00e3o isolados em casa, em S\u00e3o Paulo. Pessoas pr\u00f3ximas do casal informaram \u00e0 reportagem que os exames apontam que eles est\u00e3o bem de sa\u00fade e que o per\u00edodo de quarentena","og_url":"https:\/\/juacontecimentos.com.br\/site\/marconi-e-valeria-perillo-sao-diagnosticados-com-covid\/","og_site_name":"Jornal Ultimos Acontecimentos","article_publisher":"https:\/\/www.facebook.com\/jultimosacontecimentos\/","article_published_time":"2021-11-26T07:18:04+00:00","article_modified_time":"2021-11-26T07:27:20+00:00","og_image":[{"width":698,"height":439,"url":"https:\/\/juacontecimentos.com.br\/site\/wp-content\/uploads\/2021\/11\/images-2-6.jpeg","type":"image\/jpeg"}],"author":"Reginaldo Ribeiro","twitter_card":"summary_large_image","twitter_misc":{"Escrito por":"Reginaldo Ribeiro","Est. tempo de leitura":"1 minuto"},"schema":{"@context":"https:\/\/schema.org","@graph":[{"@type":"Article","@id":"https:\/\/juacontecimentos.com.br\/site\/marconi-e-valeria-perillo-sao-diagnosticados-com-covid\/#article","isPartOf":{"@id":"https:\/\/juacontecimentos.com.br\/site\/marconi-e-valeria-perillo-sao-diagnosticados-com-covid\/"},"author":{"name":"Reginaldo Ribeiro","@id":"https:\/\/juacontecimentos.com.br\/site\/#\/schema\/person\/082a54e6d3fdd7a633291428521c9669"},"headline":"Marconi e Val\u00e9ria Perillo s\u00e3o diagnosticados com Covid","datePublished":"2021-11-26T07:18:04+00:00","dateModified":"2021-11-26T07:27:20+00:00","mainEntityOfPage":{"@id":"https:\/\/juacontecimentos.com.br\/site\/marconi-e-valeria-perillo-sao-diagnosticados-com-covid\/"},"wordCount":145,"commentCount":0,"publisher":{"@id":"https:\/\/juacontecimentos.com.br\/site\/#organization"},"image":{"@id":"https:\/\/juacontecimentos.com.br\/site\/marconi-e-valeria-perillo-sao-diagnosticados-com-covid\/#primaryimage"},"thumbnailUrl":"https:\/\/juacontecimentos.com.br\/site\/wp-content\/uploads\/2021\/11\/images-2-6.jpeg","articleSection":["Brasil","Catal\u00e3o","Destaque","Goi\u00e1s"],"inLanguage":"pt-BR"},{"@type":"WebPage","@id":"https:\/\/juacontecimentos.com.br\/site\/marconi-e-valeria-perillo-sao-diagnosticados-com-covid\/","url":"https:\/\/juacontecimentos.com.br\/site\/marconi-e-valeria-perillo-sao-diagnosticados-com-covid\/","name":"Marconi e Val\u00e9ria Perillo s\u00e3o diagnosticados com Covid - Jornal Ultimos Acontecimentos","isPartOf":{"@id":"https:\/\/juacontecimentos.com.br\/site\/#website"},"primaryImageOfPage":{"@id":"https:\/\/juacontecimentos.com.br\/site\/marconi-e-valeria-perillo-sao-diagnosticados-com-covid\/#primaryimage"},"image":{"@id":"https:\/\/juacontecimentos.com.br\/site\/marconi-e-valeria-perillo-sao-diagnosticados-com-covid\/#primaryimage"},"thumbnailUrl":"https:\/\/juacontecimentos.com.br\/site\/wp-content\/uploads\/2021\/11\/images-2-6.jpeg","datePublished":"2021-11-26T07:18:04+00:00","dateModified":"2021-11-26T07:27:20+00:00","breadcrumb":{"@id":"https:\/\/juacontecimentos.com.br\/site\/marconi-e-valeria-perillo-sao-diagnosticados-com-covid\/#breadcrumb"},"inLanguage":"pt-BR","potentialAction":[{"@type":"ReadAction","target":["https:\/\/juacontecimentos.com.br\/site\/marconi-e-valeria-perillo-sao-diagnosticados-com-covid\/"]}]},{"@type":"ImageObject","inLanguage":"pt-BR","@id":"https:\/\/juacontecimentos.com.br\/site\/marconi-e-valeria-perillo-sao-diagnosticados-com-covid\/#primaryimage","url":"https:\/\/juacontecimentos.com.br\/site\/wp-content\/uploads\/2021\/11\/images-2-6.jpeg","contentUrl":"https:\/\/juacontecimentos.com.br\/site\/wp-content\/uploads\/2021\/11\/images-2-6.jpeg","width":698,"height":439},{"@type":"BreadcrumbList","@id":"https:\/\/juacontecimentos.com.br\/site\/marconi-e-valeria-perillo-sao-diagnosticados-com-covid\/#breadcrumb","itemListElement":[{"@type":"ListItem","position":1,"name":"In\u00edcio","item":"https:\/\/juacontecimentos.com.br\/site\/"},{"@type":"ListItem","position":2,"name":"Marconi e Val\u00e9ria Perillo s\u00e3o diagnosticados com Covid"}]},{"@type":"WebSite","@id":"https:\/\/juacontecimentos.com.br\/site\/#website","url":"https:\/\/juacontecimentos.com.br\/site\/","name":"Jornal Ultimos Acontecimentos","description":"Catal\u00e3o e regi\u00e3o","publisher":{"@id":"https:\/\/juacontecimentos.com.br\/site\/#organization"},"potentialAction":[{"@type":"SearchAction","target":{"@type":"EntryPoint","urlTemplate":"https:\/\/juacontecimentos.com.br\/site\/?s={search_term_string}"},"query-input":{"@type":"PropertyValueSpecification","valueRequired":true,"valueName":"search_term_string"}}],"inLanguage":"pt-BR"},{"@type":"Organization","@id":"https:\/\/juacontecimentos.com.br\/site\/#organization","name":"Jornal Ultimos Acontecimentos","url":"https:\/\/juacontecimentos.com.br\/site\/","logo":{"@type":"ImageObject","inLanguage":"pt-BR","@id":"https:\/\/juacontecimentos.com.br\/site\/#\/schema\/logo\/image\/","url":"https:\/\/juacontecimentos.com.br\/site\/wp-content\/uploads\/2023\/04\/Logo_Site.png","contentUrl":"https:\/\/juacontecimentos.com.br\/site\/wp-content\/uploads\/2023\/04\/Logo_Site.png","width":2476,"height":530,"caption":"Jornal Ultimos Acontecimentos"},"image":{"@id":"https:\/\/juacontecimentos.com.br\/site\/#\/schema\/logo\/image\/"},"sameAs":["https:\/\/www.facebook.com\/jultimosacontecimentos\/"]},{"@type":"Person","@id":"https:\/\/juacontecimentos.com.br\/site\/#\/schema\/person\/082a54e6d3fdd7a633291428521c9669","name":"Reginaldo Ribeiro","image":{"@type":"ImageObject","inLanguage":"pt-BR","@id":"https:\/\/juacontecimentos.com.br\/site\/#\/schema\/person\/image\/","url":"https:\/\/secure.gravatar.com\/avatar\/5c16c6837c3490270a74d888c2a845728f06bdde1f8761de1de1d1d1ef82d12f?s=96&d=mm&r=g","contentUrl":"https:\/\/secure.gravatar.com\/avatar\/5c16c6837c3490270a74d888c2a845728f06bdde1f8761de1de1d1d1ef82d12f?s=96&d=mm&r=g","caption":"Reginaldo Ribeiro"}}]}},"_links":{"self":[{"href":"https:\/\/juacontecimentos.com.br\/site\/wp-json\/wp\/v2\/posts\/17995","targetHints":{"allow":["GET"]}}],"collection":[{"href":"https:\/\/juacontecimentos.com.br\/site\/wp-json\/wp\/v2\/posts"}],"about":[{"href":"https:\/\/juacontecimentos.com.br\/site\/wp-json\/wp\/v2\/types\/post"}],"author":[{"embeddable":true,"href":"https:\/\/juacontecimentos.com.br\/site\/wp-json\/wp\/v2\/users\/2"}],"replies":[{"embeddable":true,"href":"https:\/\/juacontecimentos.com.br\/site\/wp-json\/wp\/v2\/comments?post=17995"}],"version-history":[{"count":3,"href":"https:\/\/juacontecimentos.com.br\/site\/wp-json\/wp\/v2\/posts\/17995\/revisions"}],"predecessor-version":[{"id":18005,"href":"https:\/\/juacontecimentos.com.br\/site\/wp-json\/wp\/v2\/posts\/17995\/revisions\/18005"}],"wp:featuredmedia":[{"embeddable":true,"href":"https:\/\/juacontecimentos.com.br\/site\/wp-json\/wp\/v2\/media\/18003"}],"wp:attachment":[{"href":"https:\/\/juacontecimentos.com.br\/site\/wp-json\/wp\/v2\/media?parent=17995"}],"wp:term":[{"taxonomy":"category","embeddable":true,"href":"https:\/\/juacontecimentos.com.br\/site\/wp-json\/wp\/v2\/categories?post=17995"},{"taxonomy":"post_tag","embeddable":true,"href":"https:\/\/juacontecimentos.com.br\/site\/wp-json\/wp\/v2\/tags?post=17995"}],"curies":[{"name":"wp","href":"https:\/\/api.w.org\/{rel}","templated":true}]}}