{"id":18252,"date":"2021-12-10T11:44:51","date_gmt":"2021-12-10T14:44:51","guid":{"rendered":"https:\/\/juacontecimento.com.br\/site\/?p=18252"},"modified":"2021-12-10T12:11:13","modified_gmt":"2021-12-10T15:11:13","slug":"formatura-dos-alunos-do-infantil-ii-de-cumari-o-inicio-de-uma-nova-etapa","status":"publish","type":"post","link":"https:\/\/juacontecimentos.com.br\/site\/formatura-dos-alunos-do-infantil-ii-de-cumari-o-inicio-de-uma-nova-etapa\/","title":{"rendered":"Formatura dos alunos do Infantil II de Cumari: O in\u00edcio de uma nova etapa"},"content":{"rendered":"<p><img loading=\"lazy\" decoding=\"async\" class=\"alignnone size-large wp-image-18255\" src=\"https:\/\/juacontecimento.com.br\/site\/wp-content\/uploads\/2021\/12\/WhatsApp-Image-2021-12-10-at-08.17.41-1024x683.jpeg\" alt=\"\" width=\"900\" height=\"600\" srcset=\"https:\/\/juacontecimentos.com.br\/site\/wp-content\/uploads\/2021\/12\/WhatsApp-Image-2021-12-10-at-08.17.41-1024x683.jpeg 1024w, https:\/\/juacontecimentos.com.br\/site\/wp-content\/uploads\/2021\/12\/WhatsApp-Image-2021-12-10-at-08.17.41-300x200.jpeg 300w, https:\/\/juacontecimentos.com.br\/site\/wp-content\/uploads\/2021\/12\/WhatsApp-Image-2021-12-10-at-08.17.41-768x512.jpeg 768w, https:\/\/juacontecimentos.com.br\/site\/wp-content\/uploads\/2021\/12\/WhatsApp-Image-2021-12-10-at-08.17.41.jpeg 1600w\" sizes=\"auto, (max-width: 900px) 100vw, 900px\" \/> <img loading=\"lazy\" decoding=\"async\" class=\"alignnone size-large wp-image-18256\" src=\"https:\/\/juacontecimento.com.br\/site\/wp-content\/uploads\/2021\/12\/WhatsApp-Image-2021-12-10-at-08.17.42-1-1024x683.jpeg\" alt=\"\" width=\"900\" height=\"600\" srcset=\"https:\/\/juacontecimentos.com.br\/site\/wp-content\/uploads\/2021\/12\/WhatsApp-Image-2021-12-10-at-08.17.42-1-1024x683.jpeg 1024w, https:\/\/juacontecimentos.com.br\/site\/wp-content\/uploads\/2021\/12\/WhatsApp-Image-2021-12-10-at-08.17.42-1-300x200.jpeg 300w, https:\/\/juacontecimentos.com.br\/site\/wp-content\/uploads\/2021\/12\/WhatsApp-Image-2021-12-10-at-08.17.42-1-768x512.jpeg 768w, https:\/\/juacontecimentos.com.br\/site\/wp-content\/uploads\/2021\/12\/WhatsApp-Image-2021-12-10-at-08.17.42-1.jpeg 1600w\" sizes=\"auto, (max-width: 900px) 100vw, 900px\" \/><img loading=\"lazy\" decoding=\"async\" class=\"alignnone size-large wp-image-18254\" src=\"https:\/\/juacontecimento.com.br\/site\/wp-content\/uploads\/2021\/12\/WhatsApp-Image-2021-12-10-at-08.17.38-1024x683.jpeg\" alt=\"\" width=\"900\" height=\"600\" srcset=\"https:\/\/juacontecimentos.com.br\/site\/wp-content\/uploads\/2021\/12\/WhatsApp-Image-2021-12-10-at-08.17.38-1024x683.jpeg 1024w, https:\/\/juacontecimentos.com.br\/site\/wp-content\/uploads\/2021\/12\/WhatsApp-Image-2021-12-10-at-08.17.38-300x200.jpeg 300w, https:\/\/juacontecimentos.com.br\/site\/wp-content\/uploads\/2021\/12\/WhatsApp-Image-2021-12-10-at-08.17.38-768x512.jpeg 768w, https:\/\/juacontecimentos.com.br\/site\/wp-content\/uploads\/2021\/12\/WhatsApp-Image-2021-12-10-at-08.17.38.jpeg 1600w\" sizes=\"auto, (max-width: 900px) 100vw, 900px\" \/><\/p>\n<p>A entrega dos diplomas aos formandos da educa\u00e7\u00e3o infantil turma 2020 de Cumari, com tema Circo foi realizada no Clube Recreativo da cidade, na \u00faltima noite do dia 9 de dezembro, com uma mensagem de Paz cantada por todos os alunos. As autoridades e familiares prestigiaram as apresenta\u00e7\u00f5es das crian\u00e7as.<\/p>\n<p>A Educa\u00e7\u00e3o Infantil,\u00a0 primeira etapa da educa\u00e7\u00e3o b\u00e1sica do ensino, encerrou seu ano letivo em cerim\u00f4nia memor\u00e1vel da turma do Infantil II, s\u00e9rie que antecede a entrada das crian\u00e7as no primeiro ano do ensino fundamental.<\/p>\n<p>Com a presen\u00e7a de familiares, convidados e autoridades, durante a formatura das crian\u00e7as da Escola \u201cAdelice Felipe dos Santos\u201d, coordena\u00e7\u00e3o do evento, atentou para as medidas de seguran\u00e7a e preven\u00e7\u00e3o a Covid-19 \u2013 uso de m\u00e1scaras, distanciamento entre pessoas e utiliza\u00e7\u00e3o de \u00e1lcool 70\u00b0.<\/p>\n<p>Os primeiros 27 formandos, foram os primeiros a se apresentarem, das duas etapas que ser\u00e1 realizada ainda no pr\u00f3ximo dia 17 de dezembro, numa cl\u00e1ssica apresenta\u00e7\u00e3o, que se realiza h\u00e1 anos na cidade de Cumari.<\/p>\n<p>A mesa de autoridades foi composta pelo prefeito \u2013 Jo\u00e3o Rios, presidente da C\u00e2mara de Vereadores \u2013 Hernany Gondim, secret\u00e1rio de Educa\u00e7\u00e3o &#8211; Selton Fernandes M. dos Santos, pela diretora da Escola &#8211; Vera L\u00facia da Silveira Silva, coordenadoras &#8211; Leilismar Rosa Amorim Silva, Fabiana Miranda da Silva Pereira, professoras \u2013 Juliane Martins e Lorena Lorrana.<\/p>\n<p>O professor e secret\u00e1rio municipal de Educa\u00e7\u00e3o &#8211; Selton fez quest\u00e3o de levar uma sauda\u00e7\u00e3o a todas as crian\u00e7as e familiares. O fez especialmente \u00e0s professoras da educa\u00e7\u00e3o infantil \u201cque iniciam as nossas crian\u00e7as nos primeiros passos no mundo conhecimento, formando uma base fundamental que ser\u00e1 utilizada em todo aprendizado ao longo da vida, da\u00ed a import\u00e2ncia de um grande trabalho feito por excelentes profissionais junto \u00e0s nossas crian\u00e7as na educa\u00e7\u00e3o infantil\u201d \u2013 finalizou o secret\u00e1rio.<\/p>\n<p>Selton destacou a import\u00e2ncia da participa\u00e7\u00e3o dos pais no acompanhamento da vida escolar de seus filhos. \u201cParab\u00e9ns aos pais que hoje est\u00e3o aqui e que permane\u00e7am sempre presentes na vida de seus filhos\u201d, finalizou o educador.<\/p>\n<p>A cerim\u00f4nia sempre foi encerrada com um pedido de paz feito pelos alunos, que cantaram juntos a m\u00fasica \u2013 \u201cEra uma vez\u201d, uma vers\u00e3o \u2013 do musico Toquinho, numa sens\u00edvel manifesta\u00e7\u00e3o que emocionou a todos os presentes pela participa\u00e7\u00e3o e for\u00e7a que se manifestaram, assim como no canto do Hino Nacional na abertura de toda formatura.<\/p>\n<p>Fotos: Carlos Duarte &#8211; Portal Serra Dourada News<\/p>\n<p><img loading=\"lazy\" decoding=\"async\" class=\"alignnone size-large wp-image-18257\" src=\"https:\/\/juacontecimento.com.br\/site\/wp-content\/uploads\/2021\/12\/WhatsApp-Image-2021-12-10-at-08.17.42-1024x683.jpeg\" alt=\"\" width=\"900\" height=\"600\" srcset=\"https:\/\/juacontecimentos.com.br\/site\/wp-content\/uploads\/2021\/12\/WhatsApp-Image-2021-12-10-at-08.17.42-1024x683.jpeg 1024w, https:\/\/juacontecimentos.com.br\/site\/wp-content\/uploads\/2021\/12\/WhatsApp-Image-2021-12-10-at-08.17.42-300x200.jpeg 300w, https:\/\/juacontecimentos.com.br\/site\/wp-content\/uploads\/2021\/12\/WhatsApp-Image-2021-12-10-at-08.17.42-768x512.jpeg 768w, https:\/\/juacontecimentos.com.br\/site\/wp-content\/uploads\/2021\/12\/WhatsApp-Image-2021-12-10-at-08.17.42.jpeg 1600w\" sizes=\"auto, (max-width: 900px) 100vw, 900px\" \/> <img loading=\"lazy\" decoding=\"async\" class=\"alignnone size-large wp-image-18258\" src=\"https:\/\/juacontecimento.com.br\/site\/wp-content\/uploads\/2021\/12\/WhatsApp-Image-2021-12-10-at-08.17.43-1-1024x681.jpeg\" alt=\"\" width=\"900\" height=\"599\" srcset=\"https:\/\/juacontecimentos.com.br\/site\/wp-content\/uploads\/2021\/12\/WhatsApp-Image-2021-12-10-at-08.17.43-1-1024x681.jpeg 1024w, https:\/\/juacontecimentos.com.br\/site\/wp-content\/uploads\/2021\/12\/WhatsApp-Image-2021-12-10-at-08.17.43-1-300x200.jpeg 300w, https:\/\/juacontecimentos.com.br\/site\/wp-content\/uploads\/2021\/12\/WhatsApp-Image-2021-12-10-at-08.17.43-1-768x511.jpeg 768w, https:\/\/juacontecimentos.com.br\/site\/wp-content\/uploads\/2021\/12\/WhatsApp-Image-2021-12-10-at-08.17.43-1.jpeg 1600w\" sizes=\"auto, (max-width: 900px) 100vw, 900px\" \/> <img loading=\"lazy\" decoding=\"async\" class=\"alignnone size-large wp-image-18259\" src=\"https:\/\/juacontecimento.com.br\/site\/wp-content\/uploads\/2021\/12\/WhatsApp-Image-2021-12-10-at-08.17.43-2-1024x681.jpeg\" alt=\"\" width=\"900\" height=\"599\" srcset=\"https:\/\/juacontecimentos.com.br\/site\/wp-content\/uploads\/2021\/12\/WhatsApp-Image-2021-12-10-at-08.17.43-2-1024x681.jpeg 1024w, https:\/\/juacontecimentos.com.br\/site\/wp-content\/uploads\/2021\/12\/WhatsApp-Image-2021-12-10-at-08.17.43-2-300x200.jpeg 300w, https:\/\/juacontecimentos.com.br\/site\/wp-content\/uploads\/2021\/12\/WhatsApp-Image-2021-12-10-at-08.17.43-2-768x511.jpeg 768w, https:\/\/juacontecimentos.com.br\/site\/wp-content\/uploads\/2021\/12\/WhatsApp-Image-2021-12-10-at-08.17.43-2.jpeg 1600w\" sizes=\"auto, (max-width: 900px) 100vw, 900px\" \/><br \/>\n<\/p>\n","protected":false},"excerpt":{"rendered":"<p>A entrega dos diplomas aos formandos da educa\u00e7\u00e3o infantil turma 2020 de Cumari, com tema Circo foi realizada no Clube Recreativo da cidade, na \u00faltima noite do dia 9 de dezembro, com uma mensagem de Paz cantada por todos os alunos. As autoridades e familiares prestigiaram as apresenta\u00e7\u00f5es das crian\u00e7as. A Educa\u00e7\u00e3o Infantil,\u00a0 primeira etapa<\/p>\n","protected":false},"author":2,"featured_media":18264,"comment_status":"open","ping_status":"open","sticky":false,"template":"","format":"standard","meta":{"footnotes":""},"categories":[27,22,26,23],"tags":[],"class_list":["post-18252","post","type-post","status-publish","format-standard","has-post-thumbnail","hentry","category-brasil","category-catalao","category-destaque","category-goias"],"yoast_head":"<!-- This site is optimized with the Yoast SEO plugin v25.8 - https:\/\/yoast.com\/wordpress\/plugins\/seo\/ -->\n<title>Formatura dos alunos do Infantil II de Cumari: O in\u00edcio de uma nova etapa - Jornal Ultimos Acontecimentos<\/title>\n<meta name=\"robots\" content=\"index, follow, max-snippet:-1, max-image-preview:large, max-video-preview:-1\" \/>\n<link rel=\"canonical\" href=\"https:\/\/juacontecimentos.com.br\/site\/formatura-dos-alunos-do-infantil-ii-de-cumari-o-inicio-de-uma-nova-etapa\/\" \/>\n<meta property=\"og:locale\" content=\"pt_BR\" \/>\n<meta property=\"og:type\" content=\"article\" \/>\n<meta property=\"og:title\" content=\"Formatura dos alunos do Infantil II de Cumari: O in\u00edcio de uma nova etapa - Jornal Ultimos Acontecimentos\" \/>\n<meta property=\"og:description\" content=\"A entrega dos diplomas aos formandos da educa\u00e7\u00e3o infantil turma 2020 de Cumari, com tema Circo foi realizada no Clube Recreativo da cidade, na \u00faltima noite do dia 9 de dezembro, com uma mensagem de Paz cantada por todos os alunos. As autoridades e familiares prestigiaram as apresenta\u00e7\u00f5es das crian\u00e7as. A Educa\u00e7\u00e3o Infantil,\u00a0 primeira etapa\" \/>\n<meta property=\"og:url\" content=\"https:\/\/juacontecimentos.com.br\/site\/formatura-dos-alunos-do-infantil-ii-de-cumari-o-inicio-de-uma-nova-etapa\/\" \/>\n<meta property=\"og:site_name\" content=\"Jornal Ultimos Acontecimentos\" \/>\n<meta property=\"article:publisher\" content=\"https:\/\/www.facebook.com\/jultimosacontecimentos\/\" \/>\n<meta property=\"article:published_time\" content=\"2021-12-10T14:44:51+00:00\" \/>\n<meta property=\"article:modified_time\" content=\"2021-12-10T15:11:13+00:00\" \/>\n<meta property=\"og:image\" content=\"https:\/\/juacontecimentos.com.br\/site\/wp-content\/uploads\/2021\/12\/IMG-20211210-WA00672.jpg\" \/>\n\t<meta property=\"og:image:width\" content=\"1600\" \/>\n\t<meta property=\"og:image:height\" content=\"930\" \/>\n\t<meta property=\"og:image:type\" content=\"image\/jpeg\" \/>\n<meta name=\"author\" content=\"Reginaldo Ribeiro\" \/>\n<meta name=\"twitter:card\" content=\"summary_large_image\" \/>\n<meta name=\"twitter:label1\" content=\"Escrito por\" \/>\n\t<meta name=\"twitter:data1\" content=\"Reginaldo Ribeiro\" \/>\n\t<meta name=\"twitter:label2\" content=\"Est. tempo de leitura\" \/>\n\t<meta name=\"twitter:data2\" content=\"2 minutos\" \/>\n<script type=\"application\/ld+json\" class=\"yoast-schema-graph\">{\"@context\":\"https:\/\/schema.org\",\"@graph\":[{\"@type\":\"Article\",\"@id\":\"https:\/\/juacontecimentos.com.br\/site\/formatura-dos-alunos-do-infantil-ii-de-cumari-o-inicio-de-uma-nova-etapa\/#article\",\"isPartOf\":{\"@id\":\"https:\/\/juacontecimentos.com.br\/site\/formatura-dos-alunos-do-infantil-ii-de-cumari-o-inicio-de-uma-nova-etapa\/\"},\"author\":{\"name\":\"Reginaldo Ribeiro\",\"@id\":\"https:\/\/juacontecimentos.com.br\/site\/#\/schema\/person\/082a54e6d3fdd7a633291428521c9669\"},\"headline\":\"Formatura dos alunos do Infantil II de Cumari: O in\u00edcio de uma nova etapa\",\"datePublished\":\"2021-12-10T14:44:51+00:00\",\"dateModified\":\"2021-12-10T15:11:13+00:00\",\"mainEntityOfPage\":{\"@id\":\"https:\/\/juacontecimentos.com.br\/site\/formatura-dos-alunos-do-infantil-ii-de-cumari-o-inicio-de-uma-nova-etapa\/\"},\"wordCount\":447,\"commentCount\":0,\"publisher\":{\"@id\":\"https:\/\/juacontecimentos.com.br\/site\/#organization\"},\"image\":{\"@id\":\"https:\/\/juacontecimentos.com.br\/site\/formatura-dos-alunos-do-infantil-ii-de-cumari-o-inicio-de-uma-nova-etapa\/#primaryimage\"},\"thumbnailUrl\":\"https:\/\/juacontecimentos.com.br\/site\/wp-content\/uploads\/2021\/12\/IMG-20211210-WA00672.jpg\",\"articleSection\":[\"Brasil\",\"Catal\u00e3o\",\"Destaque\",\"Goi\u00e1s\"],\"inLanguage\":\"pt-BR\"},{\"@type\":\"WebPage\",\"@id\":\"https:\/\/juacontecimentos.com.br\/site\/formatura-dos-alunos-do-infantil-ii-de-cumari-o-inicio-de-uma-nova-etapa\/\",\"url\":\"https:\/\/juacontecimentos.com.br\/site\/formatura-dos-alunos-do-infantil-ii-de-cumari-o-inicio-de-uma-nova-etapa\/\",\"name\":\"Formatura dos alunos do Infantil II de Cumari: O in\u00edcio de uma nova etapa - Jornal Ultimos Acontecimentos\",\"isPartOf\":{\"@id\":\"https:\/\/juacontecimentos.com.br\/site\/#website\"},\"primaryImageOfPage\":{\"@id\":\"https:\/\/juacontecimentos.com.br\/site\/formatura-dos-alunos-do-infantil-ii-de-cumari-o-inicio-de-uma-nova-etapa\/#primaryimage\"},\"image\":{\"@id\":\"https:\/\/juacontecimentos.com.br\/site\/formatura-dos-alunos-do-infantil-ii-de-cumari-o-inicio-de-uma-nova-etapa\/#primaryimage\"},\"thumbnailUrl\":\"https:\/\/juacontecimentos.com.br\/site\/wp-content\/uploads\/2021\/12\/IMG-20211210-WA00672.jpg\",\"datePublished\":\"2021-12-10T14:44:51+00:00\",\"dateModified\":\"2021-12-10T15:11:13+00:00\",\"breadcrumb\":{\"@id\":\"https:\/\/juacontecimentos.com.br\/site\/formatura-dos-alunos-do-infantil-ii-de-cumari-o-inicio-de-uma-nova-etapa\/#breadcrumb\"},\"inLanguage\":\"pt-BR\",\"potentialAction\":[{\"@type\":\"ReadAction\",\"target\":[\"https:\/\/juacontecimentos.com.br\/site\/formatura-dos-alunos-do-infantil-ii-de-cumari-o-inicio-de-uma-nova-etapa\/\"]}]},{\"@type\":\"ImageObject\",\"inLanguage\":\"pt-BR\",\"@id\":\"https:\/\/juacontecimentos.com.br\/site\/formatura-dos-alunos-do-infantil-ii-de-cumari-o-inicio-de-uma-nova-etapa\/#primaryimage\",\"url\":\"https:\/\/juacontecimentos.com.br\/site\/wp-content\/uploads\/2021\/12\/IMG-20211210-WA00672.jpg\",\"contentUrl\":\"https:\/\/juacontecimentos.com.br\/site\/wp-content\/uploads\/2021\/12\/IMG-20211210-WA00672.jpg\",\"width\":1600,\"height\":930},{\"@type\":\"BreadcrumbList\",\"@id\":\"https:\/\/juacontecimentos.com.br\/site\/formatura-dos-alunos-do-infantil-ii-de-cumari-o-inicio-de-uma-nova-etapa\/#breadcrumb\",\"itemListElement\":[{\"@type\":\"ListItem\",\"position\":1,\"name\":\"In\u00edcio\",\"item\":\"https:\/\/juacontecimentos.com.br\/site\/\"},{\"@type\":\"ListItem\",\"position\":2,\"name\":\"Formatura dos alunos do Infantil II de Cumari: O in\u00edcio de uma nova etapa\"}]},{\"@type\":\"WebSite\",\"@id\":\"https:\/\/juacontecimentos.com.br\/site\/#website\",\"url\":\"https:\/\/juacontecimentos.com.br\/site\/\",\"name\":\"Jornal Ultimos Acontecimentos\",\"description\":\"Catal\u00e3o e regi\u00e3o\",\"publisher\":{\"@id\":\"https:\/\/juacontecimentos.com.br\/site\/#organization\"},\"potentialAction\":[{\"@type\":\"SearchAction\",\"target\":{\"@type\":\"EntryPoint\",\"urlTemplate\":\"https:\/\/juacontecimentos.com.br\/site\/?s={search_term_string}\"},\"query-input\":{\"@type\":\"PropertyValueSpecification\",\"valueRequired\":true,\"valueName\":\"search_term_string\"}}],\"inLanguage\":\"pt-BR\"},{\"@type\":\"Organization\",\"@id\":\"https:\/\/juacontecimentos.com.br\/site\/#organization\",\"name\":\"Jornal Ultimos Acontecimentos\",\"url\":\"https:\/\/juacontecimentos.com.br\/site\/\",\"logo\":{\"@type\":\"ImageObject\",\"inLanguage\":\"pt-BR\",\"@id\":\"https:\/\/juacontecimentos.com.br\/site\/#\/schema\/logo\/image\/\",\"url\":\"https:\/\/juacontecimentos.com.br\/site\/wp-content\/uploads\/2023\/04\/Logo_Site.png\",\"contentUrl\":\"https:\/\/juacontecimentos.com.br\/site\/wp-content\/uploads\/2023\/04\/Logo_Site.png\",\"width\":2476,\"height\":530,\"caption\":\"Jornal Ultimos Acontecimentos\"},\"image\":{\"@id\":\"https:\/\/juacontecimentos.com.br\/site\/#\/schema\/logo\/image\/\"},\"sameAs\":[\"https:\/\/www.facebook.com\/jultimosacontecimentos\/\"]},{\"@type\":\"Person\",\"@id\":\"https:\/\/juacontecimentos.com.br\/site\/#\/schema\/person\/082a54e6d3fdd7a633291428521c9669\",\"name\":\"Reginaldo Ribeiro\",\"image\":{\"@type\":\"ImageObject\",\"inLanguage\":\"pt-BR\",\"@id\":\"https:\/\/juacontecimentos.com.br\/site\/#\/schema\/person\/image\/\",\"url\":\"https:\/\/secure.gravatar.com\/avatar\/5c16c6837c3490270a74d888c2a845728f06bdde1f8761de1de1d1d1ef82d12f?s=96&d=mm&r=g\",\"contentUrl\":\"https:\/\/secure.gravatar.com\/avatar\/5c16c6837c3490270a74d888c2a845728f06bdde1f8761de1de1d1d1ef82d12f?s=96&d=mm&r=g\",\"caption\":\"Reginaldo Ribeiro\"}}]}<\/script>\n<!-- \/ Yoast SEO plugin. -->","yoast_head_json":{"title":"Formatura dos alunos do Infantil II de Cumari: O in\u00edcio de uma nova etapa - Jornal Ultimos Acontecimentos","robots":{"index":"index","follow":"follow","max-snippet":"max-snippet:-1","max-image-preview":"max-image-preview:large","max-video-preview":"max-video-preview:-1"},"canonical":"https:\/\/juacontecimentos.com.br\/site\/formatura-dos-alunos-do-infantil-ii-de-cumari-o-inicio-de-uma-nova-etapa\/","og_locale":"pt_BR","og_type":"article","og_title":"Formatura dos alunos do Infantil II de Cumari: O in\u00edcio de uma nova etapa - Jornal Ultimos Acontecimentos","og_description":"A entrega dos diplomas aos formandos da educa\u00e7\u00e3o infantil turma 2020 de Cumari, com tema Circo foi realizada no Clube Recreativo da cidade, na \u00faltima noite do dia 9 de dezembro, com uma mensagem de Paz cantada por todos os alunos. As autoridades e familiares prestigiaram as apresenta\u00e7\u00f5es das crian\u00e7as. A Educa\u00e7\u00e3o Infantil,\u00a0 primeira etapa","og_url":"https:\/\/juacontecimentos.com.br\/site\/formatura-dos-alunos-do-infantil-ii-de-cumari-o-inicio-de-uma-nova-etapa\/","og_site_name":"Jornal Ultimos Acontecimentos","article_publisher":"https:\/\/www.facebook.com\/jultimosacontecimentos\/","article_published_time":"2021-12-10T14:44:51+00:00","article_modified_time":"2021-12-10T15:11:13+00:00","og_image":[{"width":1600,"height":930,"url":"https:\/\/juacontecimentos.com.br\/site\/wp-content\/uploads\/2021\/12\/IMG-20211210-WA00672.jpg","type":"image\/jpeg"}],"author":"Reginaldo Ribeiro","twitter_card":"summary_large_image","twitter_misc":{"Escrito por":"Reginaldo Ribeiro","Est. tempo de leitura":"2 minutos"},"schema":{"@context":"https:\/\/schema.org","@graph":[{"@type":"Article","@id":"https:\/\/juacontecimentos.com.br\/site\/formatura-dos-alunos-do-infantil-ii-de-cumari-o-inicio-de-uma-nova-etapa\/#article","isPartOf":{"@id":"https:\/\/juacontecimentos.com.br\/site\/formatura-dos-alunos-do-infantil-ii-de-cumari-o-inicio-de-uma-nova-etapa\/"},"author":{"name":"Reginaldo Ribeiro","@id":"https:\/\/juacontecimentos.com.br\/site\/#\/schema\/person\/082a54e6d3fdd7a633291428521c9669"},"headline":"Formatura dos alunos do Infantil II de Cumari: O in\u00edcio de uma nova etapa","datePublished":"2021-12-10T14:44:51+00:00","dateModified":"2021-12-10T15:11:13+00:00","mainEntityOfPage":{"@id":"https:\/\/juacontecimentos.com.br\/site\/formatura-dos-alunos-do-infantil-ii-de-cumari-o-inicio-de-uma-nova-etapa\/"},"wordCount":447,"commentCount":0,"publisher":{"@id":"https:\/\/juacontecimentos.com.br\/site\/#organization"},"image":{"@id":"https:\/\/juacontecimentos.com.br\/site\/formatura-dos-alunos-do-infantil-ii-de-cumari-o-inicio-de-uma-nova-etapa\/#primaryimage"},"thumbnailUrl":"https:\/\/juacontecimentos.com.br\/site\/wp-content\/uploads\/2021\/12\/IMG-20211210-WA00672.jpg","articleSection":["Brasil","Catal\u00e3o","Destaque","Goi\u00e1s"],"inLanguage":"pt-BR"},{"@type":"WebPage","@id":"https:\/\/juacontecimentos.com.br\/site\/formatura-dos-alunos-do-infantil-ii-de-cumari-o-inicio-de-uma-nova-etapa\/","url":"https:\/\/juacontecimentos.com.br\/site\/formatura-dos-alunos-do-infantil-ii-de-cumari-o-inicio-de-uma-nova-etapa\/","name":"Formatura dos alunos do Infantil II de Cumari: O in\u00edcio de uma nova etapa - Jornal Ultimos Acontecimentos","isPartOf":{"@id":"https:\/\/juacontecimentos.com.br\/site\/#website"},"primaryImageOfPage":{"@id":"https:\/\/juacontecimentos.com.br\/site\/formatura-dos-alunos-do-infantil-ii-de-cumari-o-inicio-de-uma-nova-etapa\/#primaryimage"},"image":{"@id":"https:\/\/juacontecimentos.com.br\/site\/formatura-dos-alunos-do-infantil-ii-de-cumari-o-inicio-de-uma-nova-etapa\/#primaryimage"},"thumbnailUrl":"https:\/\/juacontecimentos.com.br\/site\/wp-content\/uploads\/2021\/12\/IMG-20211210-WA00672.jpg","datePublished":"2021-12-10T14:44:51+00:00","dateModified":"2021-12-10T15:11:13+00:00","breadcrumb":{"@id":"https:\/\/juacontecimentos.com.br\/site\/formatura-dos-alunos-do-infantil-ii-de-cumari-o-inicio-de-uma-nova-etapa\/#breadcrumb"},"inLanguage":"pt-BR","potentialAction":[{"@type":"ReadAction","target":["https:\/\/juacontecimentos.com.br\/site\/formatura-dos-alunos-do-infantil-ii-de-cumari-o-inicio-de-uma-nova-etapa\/"]}]},{"@type":"ImageObject","inLanguage":"pt-BR","@id":"https:\/\/juacontecimentos.com.br\/site\/formatura-dos-alunos-do-infantil-ii-de-cumari-o-inicio-de-uma-nova-etapa\/#primaryimage","url":"https:\/\/juacontecimentos.com.br\/site\/wp-content\/uploads\/2021\/12\/IMG-20211210-WA00672.jpg","contentUrl":"https:\/\/juacontecimentos.com.br\/site\/wp-content\/uploads\/2021\/12\/IMG-20211210-WA00672.jpg","width":1600,"height":930},{"@type":"BreadcrumbList","@id":"https:\/\/juacontecimentos.com.br\/site\/formatura-dos-alunos-do-infantil-ii-de-cumari-o-inicio-de-uma-nova-etapa\/#breadcrumb","itemListElement":[{"@type":"ListItem","position":1,"name":"In\u00edcio","item":"https:\/\/juacontecimentos.com.br\/site\/"},{"@type":"ListItem","position":2,"name":"Formatura dos alunos do Infantil II de Cumari: O in\u00edcio de uma nova etapa"}]},{"@type":"WebSite","@id":"https:\/\/juacontecimentos.com.br\/site\/#website","url":"https:\/\/juacontecimentos.com.br\/site\/","name":"Jornal Ultimos Acontecimentos","description":"Catal\u00e3o e regi\u00e3o","publisher":{"@id":"https:\/\/juacontecimentos.com.br\/site\/#organization"},"potentialAction":[{"@type":"SearchAction","target":{"@type":"EntryPoint","urlTemplate":"https:\/\/juacontecimentos.com.br\/site\/?s={search_term_string}"},"query-input":{"@type":"PropertyValueSpecification","valueRequired":true,"valueName":"search_term_string"}}],"inLanguage":"pt-BR"},{"@type":"Organization","@id":"https:\/\/juacontecimentos.com.br\/site\/#organization","name":"Jornal Ultimos Acontecimentos","url":"https:\/\/juacontecimentos.com.br\/site\/","logo":{"@type":"ImageObject","inLanguage":"pt-BR","@id":"https:\/\/juacontecimentos.com.br\/site\/#\/schema\/logo\/image\/","url":"https:\/\/juacontecimentos.com.br\/site\/wp-content\/uploads\/2023\/04\/Logo_Site.png","contentUrl":"https:\/\/juacontecimentos.com.br\/site\/wp-content\/uploads\/2023\/04\/Logo_Site.png","width":2476,"height":530,"caption":"Jornal Ultimos Acontecimentos"},"image":{"@id":"https:\/\/juacontecimentos.com.br\/site\/#\/schema\/logo\/image\/"},"sameAs":["https:\/\/www.facebook.com\/jultimosacontecimentos\/"]},{"@type":"Person","@id":"https:\/\/juacontecimentos.com.br\/site\/#\/schema\/person\/082a54e6d3fdd7a633291428521c9669","name":"Reginaldo Ribeiro","image":{"@type":"ImageObject","inLanguage":"pt-BR","@id":"https:\/\/juacontecimentos.com.br\/site\/#\/schema\/person\/image\/","url":"https:\/\/secure.gravatar.com\/avatar\/5c16c6837c3490270a74d888c2a845728f06bdde1f8761de1de1d1d1ef82d12f?s=96&d=mm&r=g","contentUrl":"https:\/\/secure.gravatar.com\/avatar\/5c16c6837c3490270a74d888c2a845728f06bdde1f8761de1de1d1d1ef82d12f?s=96&d=mm&r=g","caption":"Reginaldo Ribeiro"}}]}},"_links":{"self":[{"href":"https:\/\/juacontecimentos.com.br\/site\/wp-json\/wp\/v2\/posts\/18252","targetHints":{"allow":["GET"]}}],"collection":[{"href":"https:\/\/juacontecimentos.com.br\/site\/wp-json\/wp\/v2\/posts"}],"about":[{"href":"https:\/\/juacontecimentos.com.br\/site\/wp-json\/wp\/v2\/types\/post"}],"author":[{"embeddable":true,"href":"https:\/\/juacontecimentos.com.br\/site\/wp-json\/wp\/v2\/users\/2"}],"replies":[{"embeddable":true,"href":"https:\/\/juacontecimentos.com.br\/site\/wp-json\/wp\/v2\/comments?post=18252"}],"version-history":[{"count":3,"href":"https:\/\/juacontecimentos.com.br\/site\/wp-json\/wp\/v2\/posts\/18252\/revisions"}],"predecessor-version":[{"id":18267,"href":"https:\/\/juacontecimentos.com.br\/site\/wp-json\/wp\/v2\/posts\/18252\/revisions\/18267"}],"wp:featuredmedia":[{"embeddable":true,"href":"https:\/\/juacontecimentos.com.br\/site\/wp-json\/wp\/v2\/media\/18264"}],"wp:attachment":[{"href":"https:\/\/juacontecimentos.com.br\/site\/wp-json\/wp\/v2\/media?parent=18252"}],"wp:term":[{"taxonomy":"category","embeddable":true,"href":"https:\/\/juacontecimentos.com.br\/site\/wp-json\/wp\/v2\/categories?post=18252"},{"taxonomy":"post_tag","embeddable":true,"href":"https:\/\/juacontecimentos.com.br\/site\/wp-json\/wp\/v2\/tags?post=18252"}],"curies":[{"name":"wp","href":"https:\/\/api.w.org\/{rel}","templated":true}]}}