{"id":18577,"date":"2022-01-06T03:09:51","date_gmt":"2022-01-06T06:09:51","guid":{"rendered":"https:\/\/juacontecimento.com.br\/site\/?p=18577"},"modified":"2022-01-06T03:09:51","modified_gmt":"2022-01-06T06:09:51","slug":"caldas-novas-cogita-cancelar-carnaval-de-rua-apos-avanco-da-covid-19","status":"publish","type":"post","link":"https:\/\/juacontecimentos.com.br\/site\/caldas-novas-cogita-cancelar-carnaval-de-rua-apos-avanco-da-covid-19\/","title":{"rendered":"Caldas Novas cogita cancelar carnaval de rua ap\u00f3s avan\u00e7o da covid-19"},"content":{"rendered":"<p><img loading=\"lazy\" decoding=\"async\" class=\"alignnone size-full wp-image-18578\" src=\"https:\/\/juacontecimento.com.br\/site\/wp-content\/uploads\/2022\/01\/caldas-novas-cogita-cancelar-carnaval-de-rua-apos-avanco-da-covid-19.jpg\" alt=\"\" width=\"627\" height=\"400\" srcset=\"https:\/\/juacontecimentos.com.br\/site\/wp-content\/uploads\/2022\/01\/caldas-novas-cogita-cancelar-carnaval-de-rua-apos-avanco-da-covid-19.jpg 627w, https:\/\/juacontecimentos.com.br\/site\/wp-content\/uploads\/2022\/01\/caldas-novas-cogita-cancelar-carnaval-de-rua-apos-avanco-da-covid-19-300x191.jpg 300w\" sizes=\"auto, (max-width: 627px) 100vw, 627px\" \/><\/p>\n<p>O carnaval de rua de Caldas Novas poder\u00e1 ser cancelado se os casos de covid-19 e gripe continuarem em avan\u00e7o no Estado de Goi\u00e1s. A prefeitura do munic\u00edpio informou que avaliar\u00e1 a situa\u00e7\u00e3o epidemiol\u00f3gica da cidade antes de decidir.<\/p>\n<p>A realiza\u00e7\u00e3o do evento j\u00e1 tinha sido anunciada pela prefeitura. A festa deste ano foi desenhada para ser embalada por marchinhas e bandas locais. No entanto, com o quadro epidemiol\u00f3gico estadual, a decis\u00e3o agora est\u00e1 sob revis\u00e3o.<br \/>\n<\/p>\n","protected":false},"excerpt":{"rendered":"<p>O carnaval de rua de Caldas Novas poder\u00e1 ser cancelado se os casos de covid-19 e gripe continuarem em avan\u00e7o no Estado de Goi\u00e1s. A prefeitura do munic\u00edpio informou que avaliar\u00e1 a situa\u00e7\u00e3o epidemiol\u00f3gica da cidade antes de decidir. A realiza\u00e7\u00e3o do evento j\u00e1 tinha sido anunciada pela prefeitura. A festa deste ano foi desenhada<\/p>\n","protected":false},"author":2,"featured_media":18578,"comment_status":"open","ping_status":"open","sticky":false,"template":"","format":"standard","meta":{"footnotes":""},"categories":[27,22,26,23],"tags":[],"class_list":["post-18577","post","type-post","status-publish","format-standard","has-post-thumbnail","hentry","category-brasil","category-catalao","category-destaque","category-goias"],"yoast_head":"<!-- This site is optimized with the Yoast SEO plugin v25.8 - https:\/\/yoast.com\/wordpress\/plugins\/seo\/ -->\n<title>Caldas Novas cogita cancelar carnaval de rua ap\u00f3s avan\u00e7o da covid-19 - Jornal Ultimos Acontecimentos<\/title>\n<meta name=\"robots\" content=\"index, follow, max-snippet:-1, max-image-preview:large, max-video-preview:-1\" \/>\n<link rel=\"canonical\" href=\"https:\/\/juacontecimentos.com.br\/site\/caldas-novas-cogita-cancelar-carnaval-de-rua-apos-avanco-da-covid-19\/\" \/>\n<meta property=\"og:locale\" content=\"pt_BR\" \/>\n<meta property=\"og:type\" content=\"article\" \/>\n<meta property=\"og:title\" content=\"Caldas Novas cogita cancelar carnaval de rua ap\u00f3s avan\u00e7o da covid-19 - Jornal Ultimos Acontecimentos\" \/>\n<meta property=\"og:description\" content=\"O carnaval de rua de Caldas Novas poder\u00e1 ser cancelado se os casos de covid-19 e gripe continuarem em avan\u00e7o no Estado de Goi\u00e1s. A prefeitura do munic\u00edpio informou que avaliar\u00e1 a situa\u00e7\u00e3o epidemiol\u00f3gica da cidade antes de decidir. A realiza\u00e7\u00e3o do evento j\u00e1 tinha sido anunciada pela prefeitura. A festa deste ano foi desenhada\" \/>\n<meta property=\"og:url\" content=\"https:\/\/juacontecimentos.com.br\/site\/caldas-novas-cogita-cancelar-carnaval-de-rua-apos-avanco-da-covid-19\/\" \/>\n<meta property=\"og:site_name\" content=\"Jornal Ultimos Acontecimentos\" \/>\n<meta property=\"article:publisher\" content=\"https:\/\/www.facebook.com\/jultimosacontecimentos\/\" \/>\n<meta property=\"article:published_time\" content=\"2022-01-06T06:09:51+00:00\" \/>\n<meta property=\"og:image\" content=\"https:\/\/juacontecimentos.com.br\/site\/wp-content\/uploads\/2022\/01\/caldas-novas-cogita-cancelar-carnaval-de-rua-apos-avanco-da-covid-19.jpg\" \/>\n\t<meta property=\"og:image:width\" content=\"627\" \/>\n\t<meta property=\"og:image:height\" content=\"400\" \/>\n\t<meta property=\"og:image:type\" content=\"image\/jpeg\" \/>\n<meta name=\"author\" content=\"Reginaldo Ribeiro\" \/>\n<meta name=\"twitter:card\" content=\"summary_large_image\" \/>\n<meta name=\"twitter:label1\" content=\"Escrito por\" \/>\n\t<meta name=\"twitter:data1\" content=\"Reginaldo Ribeiro\" \/>\n<script type=\"application\/ld+json\" class=\"yoast-schema-graph\">{\"@context\":\"https:\/\/schema.org\",\"@graph\":[{\"@type\":\"Article\",\"@id\":\"https:\/\/juacontecimentos.com.br\/site\/caldas-novas-cogita-cancelar-carnaval-de-rua-apos-avanco-da-covid-19\/#article\",\"isPartOf\":{\"@id\":\"https:\/\/juacontecimentos.com.br\/site\/caldas-novas-cogita-cancelar-carnaval-de-rua-apos-avanco-da-covid-19\/\"},\"author\":{\"name\":\"Reginaldo Ribeiro\",\"@id\":\"https:\/\/juacontecimentos.com.br\/site\/#\/schema\/person\/082a54e6d3fdd7a633291428521c9669\"},\"headline\":\"Caldas Novas cogita cancelar carnaval de rua ap\u00f3s avan\u00e7o da covid-19\",\"datePublished\":\"2022-01-06T06:09:51+00:00\",\"mainEntityOfPage\":{\"@id\":\"https:\/\/juacontecimentos.com.br\/site\/caldas-novas-cogita-cancelar-carnaval-de-rua-apos-avanco-da-covid-19\/\"},\"wordCount\":98,\"commentCount\":0,\"publisher\":{\"@id\":\"https:\/\/juacontecimentos.com.br\/site\/#organization\"},\"image\":{\"@id\":\"https:\/\/juacontecimentos.com.br\/site\/caldas-novas-cogita-cancelar-carnaval-de-rua-apos-avanco-da-covid-19\/#primaryimage\"},\"thumbnailUrl\":\"https:\/\/juacontecimentos.com.br\/site\/wp-content\/uploads\/2022\/01\/caldas-novas-cogita-cancelar-carnaval-de-rua-apos-avanco-da-covid-19.jpg\",\"articleSection\":[\"Brasil\",\"Catal\u00e3o\",\"Destaque\",\"Goi\u00e1s\"],\"inLanguage\":\"pt-BR\"},{\"@type\":\"WebPage\",\"@id\":\"https:\/\/juacontecimentos.com.br\/site\/caldas-novas-cogita-cancelar-carnaval-de-rua-apos-avanco-da-covid-19\/\",\"url\":\"https:\/\/juacontecimentos.com.br\/site\/caldas-novas-cogita-cancelar-carnaval-de-rua-apos-avanco-da-covid-19\/\",\"name\":\"Caldas Novas cogita cancelar carnaval de rua ap\u00f3s avan\u00e7o da covid-19 - Jornal Ultimos Acontecimentos\",\"isPartOf\":{\"@id\":\"https:\/\/juacontecimentos.com.br\/site\/#website\"},\"primaryImageOfPage\":{\"@id\":\"https:\/\/juacontecimentos.com.br\/site\/caldas-novas-cogita-cancelar-carnaval-de-rua-apos-avanco-da-covid-19\/#primaryimage\"},\"image\":{\"@id\":\"https:\/\/juacontecimentos.com.br\/site\/caldas-novas-cogita-cancelar-carnaval-de-rua-apos-avanco-da-covid-19\/#primaryimage\"},\"thumbnailUrl\":\"https:\/\/juacontecimentos.com.br\/site\/wp-content\/uploads\/2022\/01\/caldas-novas-cogita-cancelar-carnaval-de-rua-apos-avanco-da-covid-19.jpg\",\"datePublished\":\"2022-01-06T06:09:51+00:00\",\"breadcrumb\":{\"@id\":\"https:\/\/juacontecimentos.com.br\/site\/caldas-novas-cogita-cancelar-carnaval-de-rua-apos-avanco-da-covid-19\/#breadcrumb\"},\"inLanguage\":\"pt-BR\",\"potentialAction\":[{\"@type\":\"ReadAction\",\"target\":[\"https:\/\/juacontecimentos.com.br\/site\/caldas-novas-cogita-cancelar-carnaval-de-rua-apos-avanco-da-covid-19\/\"]}]},{\"@type\":\"ImageObject\",\"inLanguage\":\"pt-BR\",\"@id\":\"https:\/\/juacontecimentos.com.br\/site\/caldas-novas-cogita-cancelar-carnaval-de-rua-apos-avanco-da-covid-19\/#primaryimage\",\"url\":\"https:\/\/juacontecimentos.com.br\/site\/wp-content\/uploads\/2022\/01\/caldas-novas-cogita-cancelar-carnaval-de-rua-apos-avanco-da-covid-19.jpg\",\"contentUrl\":\"https:\/\/juacontecimentos.com.br\/site\/wp-content\/uploads\/2022\/01\/caldas-novas-cogita-cancelar-carnaval-de-rua-apos-avanco-da-covid-19.jpg\",\"width\":627,\"height\":400},{\"@type\":\"BreadcrumbList\",\"@id\":\"https:\/\/juacontecimentos.com.br\/site\/caldas-novas-cogita-cancelar-carnaval-de-rua-apos-avanco-da-covid-19\/#breadcrumb\",\"itemListElement\":[{\"@type\":\"ListItem\",\"position\":1,\"name\":\"In\u00edcio\",\"item\":\"https:\/\/juacontecimentos.com.br\/site\/\"},{\"@type\":\"ListItem\",\"position\":2,\"name\":\"Caldas Novas cogita cancelar carnaval de rua ap\u00f3s avan\u00e7o da covid-19\"}]},{\"@type\":\"WebSite\",\"@id\":\"https:\/\/juacontecimentos.com.br\/site\/#website\",\"url\":\"https:\/\/juacontecimentos.com.br\/site\/\",\"name\":\"Jornal Ultimos Acontecimentos\",\"description\":\"Catal\u00e3o e regi\u00e3o\",\"publisher\":{\"@id\":\"https:\/\/juacontecimentos.com.br\/site\/#organization\"},\"potentialAction\":[{\"@type\":\"SearchAction\",\"target\":{\"@type\":\"EntryPoint\",\"urlTemplate\":\"https:\/\/juacontecimentos.com.br\/site\/?s={search_term_string}\"},\"query-input\":{\"@type\":\"PropertyValueSpecification\",\"valueRequired\":true,\"valueName\":\"search_term_string\"}}],\"inLanguage\":\"pt-BR\"},{\"@type\":\"Organization\",\"@id\":\"https:\/\/juacontecimentos.com.br\/site\/#organization\",\"name\":\"Jornal Ultimos Acontecimentos\",\"url\":\"https:\/\/juacontecimentos.com.br\/site\/\",\"logo\":{\"@type\":\"ImageObject\",\"inLanguage\":\"pt-BR\",\"@id\":\"https:\/\/juacontecimentos.com.br\/site\/#\/schema\/logo\/image\/\",\"url\":\"https:\/\/juacontecimentos.com.br\/site\/wp-content\/uploads\/2023\/04\/Logo_Site.png\",\"contentUrl\":\"https:\/\/juacontecimentos.com.br\/site\/wp-content\/uploads\/2023\/04\/Logo_Site.png\",\"width\":2476,\"height\":530,\"caption\":\"Jornal Ultimos Acontecimentos\"},\"image\":{\"@id\":\"https:\/\/juacontecimentos.com.br\/site\/#\/schema\/logo\/image\/\"},\"sameAs\":[\"https:\/\/www.facebook.com\/jultimosacontecimentos\/\"]},{\"@type\":\"Person\",\"@id\":\"https:\/\/juacontecimentos.com.br\/site\/#\/schema\/person\/082a54e6d3fdd7a633291428521c9669\",\"name\":\"Reginaldo Ribeiro\",\"image\":{\"@type\":\"ImageObject\",\"inLanguage\":\"pt-BR\",\"@id\":\"https:\/\/juacontecimentos.com.br\/site\/#\/schema\/person\/image\/\",\"url\":\"https:\/\/secure.gravatar.com\/avatar\/5c16c6837c3490270a74d888c2a845728f06bdde1f8761de1de1d1d1ef82d12f?s=96&d=mm&r=g\",\"contentUrl\":\"https:\/\/secure.gravatar.com\/avatar\/5c16c6837c3490270a74d888c2a845728f06bdde1f8761de1de1d1d1ef82d12f?s=96&d=mm&r=g\",\"caption\":\"Reginaldo Ribeiro\"}}]}<\/script>\n<!-- \/ Yoast SEO plugin. -->","yoast_head_json":{"title":"Caldas Novas cogita cancelar carnaval de rua ap\u00f3s avan\u00e7o da covid-19 - Jornal Ultimos Acontecimentos","robots":{"index":"index","follow":"follow","max-snippet":"max-snippet:-1","max-image-preview":"max-image-preview:large","max-video-preview":"max-video-preview:-1"},"canonical":"https:\/\/juacontecimentos.com.br\/site\/caldas-novas-cogita-cancelar-carnaval-de-rua-apos-avanco-da-covid-19\/","og_locale":"pt_BR","og_type":"article","og_title":"Caldas Novas cogita cancelar carnaval de rua ap\u00f3s avan\u00e7o da covid-19 - Jornal Ultimos Acontecimentos","og_description":"O carnaval de rua de Caldas Novas poder\u00e1 ser cancelado se os casos de covid-19 e gripe continuarem em avan\u00e7o no Estado de Goi\u00e1s. A prefeitura do munic\u00edpio informou que avaliar\u00e1 a situa\u00e7\u00e3o epidemiol\u00f3gica da cidade antes de decidir. A realiza\u00e7\u00e3o do evento j\u00e1 tinha sido anunciada pela prefeitura. A festa deste ano foi desenhada","og_url":"https:\/\/juacontecimentos.com.br\/site\/caldas-novas-cogita-cancelar-carnaval-de-rua-apos-avanco-da-covid-19\/","og_site_name":"Jornal Ultimos Acontecimentos","article_publisher":"https:\/\/www.facebook.com\/jultimosacontecimentos\/","article_published_time":"2022-01-06T06:09:51+00:00","og_image":[{"width":627,"height":400,"url":"https:\/\/juacontecimentos.com.br\/site\/wp-content\/uploads\/2022\/01\/caldas-novas-cogita-cancelar-carnaval-de-rua-apos-avanco-da-covid-19.jpg","type":"image\/jpeg"}],"author":"Reginaldo Ribeiro","twitter_card":"summary_large_image","twitter_misc":{"Escrito por":"Reginaldo Ribeiro"},"schema":{"@context":"https:\/\/schema.org","@graph":[{"@type":"Article","@id":"https:\/\/juacontecimentos.com.br\/site\/caldas-novas-cogita-cancelar-carnaval-de-rua-apos-avanco-da-covid-19\/#article","isPartOf":{"@id":"https:\/\/juacontecimentos.com.br\/site\/caldas-novas-cogita-cancelar-carnaval-de-rua-apos-avanco-da-covid-19\/"},"author":{"name":"Reginaldo Ribeiro","@id":"https:\/\/juacontecimentos.com.br\/site\/#\/schema\/person\/082a54e6d3fdd7a633291428521c9669"},"headline":"Caldas Novas cogita cancelar carnaval de rua ap\u00f3s avan\u00e7o da covid-19","datePublished":"2022-01-06T06:09:51+00:00","mainEntityOfPage":{"@id":"https:\/\/juacontecimentos.com.br\/site\/caldas-novas-cogita-cancelar-carnaval-de-rua-apos-avanco-da-covid-19\/"},"wordCount":98,"commentCount":0,"publisher":{"@id":"https:\/\/juacontecimentos.com.br\/site\/#organization"},"image":{"@id":"https:\/\/juacontecimentos.com.br\/site\/caldas-novas-cogita-cancelar-carnaval-de-rua-apos-avanco-da-covid-19\/#primaryimage"},"thumbnailUrl":"https:\/\/juacontecimentos.com.br\/site\/wp-content\/uploads\/2022\/01\/caldas-novas-cogita-cancelar-carnaval-de-rua-apos-avanco-da-covid-19.jpg","articleSection":["Brasil","Catal\u00e3o","Destaque","Goi\u00e1s"],"inLanguage":"pt-BR"},{"@type":"WebPage","@id":"https:\/\/juacontecimentos.com.br\/site\/caldas-novas-cogita-cancelar-carnaval-de-rua-apos-avanco-da-covid-19\/","url":"https:\/\/juacontecimentos.com.br\/site\/caldas-novas-cogita-cancelar-carnaval-de-rua-apos-avanco-da-covid-19\/","name":"Caldas Novas cogita cancelar carnaval de rua ap\u00f3s avan\u00e7o da covid-19 - Jornal Ultimos Acontecimentos","isPartOf":{"@id":"https:\/\/juacontecimentos.com.br\/site\/#website"},"primaryImageOfPage":{"@id":"https:\/\/juacontecimentos.com.br\/site\/caldas-novas-cogita-cancelar-carnaval-de-rua-apos-avanco-da-covid-19\/#primaryimage"},"image":{"@id":"https:\/\/juacontecimentos.com.br\/site\/caldas-novas-cogita-cancelar-carnaval-de-rua-apos-avanco-da-covid-19\/#primaryimage"},"thumbnailUrl":"https:\/\/juacontecimentos.com.br\/site\/wp-content\/uploads\/2022\/01\/caldas-novas-cogita-cancelar-carnaval-de-rua-apos-avanco-da-covid-19.jpg","datePublished":"2022-01-06T06:09:51+00:00","breadcrumb":{"@id":"https:\/\/juacontecimentos.com.br\/site\/caldas-novas-cogita-cancelar-carnaval-de-rua-apos-avanco-da-covid-19\/#breadcrumb"},"inLanguage":"pt-BR","potentialAction":[{"@type":"ReadAction","target":["https:\/\/juacontecimentos.com.br\/site\/caldas-novas-cogita-cancelar-carnaval-de-rua-apos-avanco-da-covid-19\/"]}]},{"@type":"ImageObject","inLanguage":"pt-BR","@id":"https:\/\/juacontecimentos.com.br\/site\/caldas-novas-cogita-cancelar-carnaval-de-rua-apos-avanco-da-covid-19\/#primaryimage","url":"https:\/\/juacontecimentos.com.br\/site\/wp-content\/uploads\/2022\/01\/caldas-novas-cogita-cancelar-carnaval-de-rua-apos-avanco-da-covid-19.jpg","contentUrl":"https:\/\/juacontecimentos.com.br\/site\/wp-content\/uploads\/2022\/01\/caldas-novas-cogita-cancelar-carnaval-de-rua-apos-avanco-da-covid-19.jpg","width":627,"height":400},{"@type":"BreadcrumbList","@id":"https:\/\/juacontecimentos.com.br\/site\/caldas-novas-cogita-cancelar-carnaval-de-rua-apos-avanco-da-covid-19\/#breadcrumb","itemListElement":[{"@type":"ListItem","position":1,"name":"In\u00edcio","item":"https:\/\/juacontecimentos.com.br\/site\/"},{"@type":"ListItem","position":2,"name":"Caldas Novas cogita cancelar carnaval de rua ap\u00f3s avan\u00e7o da covid-19"}]},{"@type":"WebSite","@id":"https:\/\/juacontecimentos.com.br\/site\/#website","url":"https:\/\/juacontecimentos.com.br\/site\/","name":"Jornal Ultimos Acontecimentos","description":"Catal\u00e3o e regi\u00e3o","publisher":{"@id":"https:\/\/juacontecimentos.com.br\/site\/#organization"},"potentialAction":[{"@type":"SearchAction","target":{"@type":"EntryPoint","urlTemplate":"https:\/\/juacontecimentos.com.br\/site\/?s={search_term_string}"},"query-input":{"@type":"PropertyValueSpecification","valueRequired":true,"valueName":"search_term_string"}}],"inLanguage":"pt-BR"},{"@type":"Organization","@id":"https:\/\/juacontecimentos.com.br\/site\/#organization","name":"Jornal Ultimos Acontecimentos","url":"https:\/\/juacontecimentos.com.br\/site\/","logo":{"@type":"ImageObject","inLanguage":"pt-BR","@id":"https:\/\/juacontecimentos.com.br\/site\/#\/schema\/logo\/image\/","url":"https:\/\/juacontecimentos.com.br\/site\/wp-content\/uploads\/2023\/04\/Logo_Site.png","contentUrl":"https:\/\/juacontecimentos.com.br\/site\/wp-content\/uploads\/2023\/04\/Logo_Site.png","width":2476,"height":530,"caption":"Jornal Ultimos Acontecimentos"},"image":{"@id":"https:\/\/juacontecimentos.com.br\/site\/#\/schema\/logo\/image\/"},"sameAs":["https:\/\/www.facebook.com\/jultimosacontecimentos\/"]},{"@type":"Person","@id":"https:\/\/juacontecimentos.com.br\/site\/#\/schema\/person\/082a54e6d3fdd7a633291428521c9669","name":"Reginaldo Ribeiro","image":{"@type":"ImageObject","inLanguage":"pt-BR","@id":"https:\/\/juacontecimentos.com.br\/site\/#\/schema\/person\/image\/","url":"https:\/\/secure.gravatar.com\/avatar\/5c16c6837c3490270a74d888c2a845728f06bdde1f8761de1de1d1d1ef82d12f?s=96&d=mm&r=g","contentUrl":"https:\/\/secure.gravatar.com\/avatar\/5c16c6837c3490270a74d888c2a845728f06bdde1f8761de1de1d1d1ef82d12f?s=96&d=mm&r=g","caption":"Reginaldo Ribeiro"}}]}},"_links":{"self":[{"href":"https:\/\/juacontecimentos.com.br\/site\/wp-json\/wp\/v2\/posts\/18577","targetHints":{"allow":["GET"]}}],"collection":[{"href":"https:\/\/juacontecimentos.com.br\/site\/wp-json\/wp\/v2\/posts"}],"about":[{"href":"https:\/\/juacontecimentos.com.br\/site\/wp-json\/wp\/v2\/types\/post"}],"author":[{"embeddable":true,"href":"https:\/\/juacontecimentos.com.br\/site\/wp-json\/wp\/v2\/users\/2"}],"replies":[{"embeddable":true,"href":"https:\/\/juacontecimentos.com.br\/site\/wp-json\/wp\/v2\/comments?post=18577"}],"version-history":[{"count":1,"href":"https:\/\/juacontecimentos.com.br\/site\/wp-json\/wp\/v2\/posts\/18577\/revisions"}],"predecessor-version":[{"id":18579,"href":"https:\/\/juacontecimentos.com.br\/site\/wp-json\/wp\/v2\/posts\/18577\/revisions\/18579"}],"wp:featuredmedia":[{"embeddable":true,"href":"https:\/\/juacontecimentos.com.br\/site\/wp-json\/wp\/v2\/media\/18578"}],"wp:attachment":[{"href":"https:\/\/juacontecimentos.com.br\/site\/wp-json\/wp\/v2\/media?parent=18577"}],"wp:term":[{"taxonomy":"category","embeddable":true,"href":"https:\/\/juacontecimentos.com.br\/site\/wp-json\/wp\/v2\/categories?post=18577"},{"taxonomy":"post_tag","embeddable":true,"href":"https:\/\/juacontecimentos.com.br\/site\/wp-json\/wp\/v2\/tags?post=18577"}],"curies":[{"name":"wp","href":"https:\/\/api.w.org\/{rel}","templated":true}]}}