{"id":18905,"date":"2022-02-15T21:35:35","date_gmt":"2022-02-16T00:35:35","guid":{"rendered":"https:\/\/juacontecimento.com.br\/site\/?p=18905"},"modified":"2022-02-15T21:40:18","modified_gmt":"2022-02-16T00:40:18","slug":"flavio-bolsonaro-teria-vetado-gustavo-mendanha-no-pl","status":"publish","type":"post","link":"https:\/\/juacontecimentos.com.br\/site\/flavio-bolsonaro-teria-vetado-gustavo-mendanha-no-pl\/","title":{"rendered":"Fl\u00e1vio Bolsonaro teria vetado Gustavo Mendanha no PL"},"content":{"rendered":"<p><img loading=\"lazy\" decoding=\"async\" class=\"alignnone size-full wp-image-18909\" src=\"https:\/\/juacontecimento.com.br\/site\/wp-content\/uploads\/2022\/02\/FB.jpg\" alt=\"\" width=\"906\" height=\"509\" srcset=\"https:\/\/juacontecimentos.com.br\/site\/wp-content\/uploads\/2022\/02\/FB.jpg 906w, https:\/\/juacontecimentos.com.br\/site\/wp-content\/uploads\/2022\/02\/FB-300x169.jpg 300w, https:\/\/juacontecimentos.com.br\/site\/wp-content\/uploads\/2022\/02\/FB-768x431.jpg 768w\" sizes=\"auto, (max-width: 906px) 100vw, 906px\" \/><\/p>\n<p>De acordo com informa\u00e7\u00f5es apuradas pela coluna, o filho 01 do presidente Jair Bolsonaro (PL), senador Fl\u00e1vio Bolsonaro, j\u00e1 teria descartado uma eventual candidatura do prefeito de Aparecida de Goi\u00e2nia, Gustavo Mendanha (sem partido), pelo PL em Goi\u00e1s, sobretudo na condi\u00e7\u00e3o de candidato bolsonarista no Estado. O veto ao ex-emedebista teria atendido um pedido do deputado federal Major Vitor Hugo (PSL), que \u00e9 muito pr\u00f3ximo do cl\u00e3 bolsonaro e que teria feito a solicita\u00e7\u00e3o pessoalmente ao senador Fl\u00e1vio Bolsonaro para que barrasse a filia\u00e7\u00e3o de Mendanha ao PL de Magda Mofatto. Vitor Hugo, que deve se filiar ao PL assim que for aberta a janela partid\u00e1ria, em mar\u00e7o pr\u00f3ximo, teria dito ao filho do presidente que Mendanha n\u00e3o representa a direita bolsonarista e que estaria, na sua vis\u00e3o, muito mais pr\u00f3ximo do presidente Lula do que de Jair Bolsonaro, propriamente dito. Para sustentar esse discurso, Vitor Hugo lembrou a Fl\u00e1vio, que \u00e9 quem est\u00e1 avaliando os nomes nos estados, que Gustavo Mendanha caminha muito pr\u00f3ximo com o ex-governador Marconi Perillo (PSDB) e que o tucano esteve recentemente com o ex-presidente Lula (PT) avaliando a possibilidade de alian\u00e7as em Goi\u00e1s. Major Vitor Hugo sustenta que ele \u00e9 o \u00fanico candidato que de fato representa e defende Jair Bolsonaro em Goi\u00e1s e que por isso teria o direito de disputar o governo pelo PL nas elei\u00e7\u00f5es de outubro pr\u00f3ximo. Segundo informa\u00e7\u00f5es, a deputada Magda Mofatto, principal nome do PL no Estado, e seu marido, Fl\u00e1vio Canedo, presidente Regional da legenda, ser\u00e3o comunicados da decis\u00e3o de Bolsonaro. Crescem, portanto, as chances de Vitor Hugo assumir a cabe\u00e7a de chapa do PL em Goi\u00e1s. Para Gustavo Mendanha, seria mais uma porta que se fecha.<\/p>\n<p><strong class=\"cf-tweet-this cf-tt-target cf-tt-enabled cf-tt-abutted cf-tt-abutted-top cf-tt-element-attached-bottom cf-tt-element-attached-center cf-tt-target-attached-top cf-tt-target-attached-center\">Patriota<\/strong><br \/>\nCom a negativa do PL nacional e o Podemos em vias de firmar alian\u00e7a com o Uni\u00e3o Brasil, que em Goi\u00e1s tem como presidente ningu\u00e9m menos do que o governador Ronaldo Caiado, o staff de Gustavo Mendanha j\u00e1 fala em estreitar conversas com o Patriota de Jorcelino Braga. O pr\u00e9-candidato do partido, J\u00e2nio Darrot, desistiu de concorrer ao governo. Aliados de Mendanha, no entanto, veem falta de estrutura eleitoral.<\/p>\n<p><strong>R\u00e9us<\/strong><br \/>\nDe acordo com not\u00edcia do Jornal Op\u00e7\u00e3o, o ex-presidente da ent\u00e3o Ag\u00eancia Goiana de Transportes e Obras (Agetop), Jayme Rinc\u00f3n, e o ex-cartor\u00e1rio Maur\u00edcio Sampaio tornaram-se r\u00e9us em a\u00e7\u00e3o que apura o desvio de R$ 2,2 milh\u00f5es na constru\u00e7\u00e3o do aer\u00f3dromo em Mamba\u00ed, cidade no nordeste do estado, obra que teria se iniciado em 2014. A defesa de Rinc\u00f3n se diz surpresa com a den\u00fancia e afirma que nada de irregular foi cometido por seu cliente.<\/p>\n<p><strong class=\"cf-tweet-this cf-tt-target cf-tt-enabled cf-tt-abutted cf-tt-abutted-top cf-tt-element-attached-bottom cf-tt-element-attached-center cf-tt-target-attached-top cf-tt-target-attached-center\">Aposta<\/strong><br \/>\nO presidente da Assembleia Legislativa de Goi\u00e1s, deputado Lissauer, ainda no PSB, mas que deve migrar para o PSD para disputar uma vaga na C\u00e2mara Federal, voltou a defender a reelei\u00e7\u00e3o do governador Ronaldo Caiado (Uni\u00e3o Brasil). Lissauer aposta, tamb\u00e9m, no nome de Henrique Meirelles (PSD) para compor a chapa majorit\u00e1ria de Caiado na condi\u00e7\u00e3o de candidato ao Senado.<\/p>\n<p><strong class=\"cf-tweet-this cf-tt-target cf-tt-abutted cf-tt-abutted-top cf-tt-element-attached-bottom cf-tt-element-attached-center cf-tt-target-attached-top cf-tt-target-attached-center cf-tt-enabled\">Aposta II<\/strong><br \/>\nPara Lissauer, o nome de Henrique Meirelles se destaca por v\u00e1rios motivos, dentre os quais a experi\u00eancia que ele acumulou enquanto gestor p\u00fablico. Eleitoralmente, Vieira avalia, em entrevista ao Jornal Op\u00e7\u00e3o, que Meirelles traz consigo um partido forte \u2013 sendo o PSD \u2013 com tempo de televis\u00e3o e bons quadros internos. Segundo ponto, diz, \u00e9 que se trata de uma candidatura com uma viabilidade muito grande do mercado.<\/p>\n<p><strong>Federa\u00e7\u00e3o<\/strong><br \/>\nUni\u00e3o Brasil, MDB e PSDB teriam iniciado conversas para se unirem em uma federa\u00e7\u00e3o partid\u00e1ria, cujo resultado pode ser a cria\u00e7\u00e3o do maior bloco partid\u00e1rio da hist\u00f3ria republicana do Brasil. Esse acerto, no entanto, faria os partidos envolvidos abrirem m\u00e3o de seus pr\u00e9-candidatos e uma nova escolha seria realizada, buscando um nome de consenso das siglas. Jo\u00e3o Doria, pr\u00e9-candidato tucano \u00e0 presid\u00eancia, resiste \u00e0 ideia.<\/p>\n<p><strong class=\"cf-tweet-this cf-tt-target cf-tt-abutted cf-tt-abutted-top cf-tt-element-attached-bottom cf-tt-element-attached-center cf-tt-target-attached-top cf-tt-target-attached-center cf-tt-enabled\">Preven\u00e7\u00e3o ao C\u00e2ncer<\/strong><br \/>\nO governador Ronaldo Caiado (Uni\u00e3o Brasil) sancionou lei que cria a Semana Estadual de Combate e Preven\u00e7\u00e3o ao C\u00e2ncer de Colo de \u00datero e Colorretal. De autoria do deputado Ant\u00f4nio Gomide (PT), o projeto determina que a primeira semana de mar\u00e7o passa a ser dedicada a alertar, educar e mobilizar a sociedade para a preven\u00e7\u00e3o e o diagn\u00f3stico precoce do c\u00e2ncer de colo de \u00fatero e do reto.<\/p>\n<p><strong>Conjuve<\/strong><br \/>\nNa \u00faltima ter\u00e7a-feira (08\/02), foi publicada no Di\u00e1rio Oficial de Goi\u00e1s a nomea\u00e7\u00e3o do advogado Th\u00e1rik Uch\u00f4a como conselheiro titular do Conselho Estadual da Juventude (Conjuve). Uch\u00f4a foi eleito para a fun\u00e7\u00e3o representando o Movimento Reinventar, que foi criado para defender o amplo acesso \u00e0 educa\u00e7\u00e3o. Ele ocupar\u00e1 a vaga por um ano, podendo ser reeleito por mais um ano.<\/p>\n<p><strong class=\"cf-tweet-this cf-tt-target cf-tt-element-attached-center cf-tt-target-attached-center cf-tt-element-attached-top cf-tt-target-attached-bottom cf-tt-enabled\">Filha de Iris Rezende critica veto de homenagem ao pai<\/strong><br \/>\nAna Paula Rezende usou suas redes sociais para criticar o veto do prefeito Rog\u00e9rio Cruz (Republicanos) ao PL aprovado na C\u00e2mara Municipal que dava \u00e0 Avenida Castelo Branco, uma das principais da cidade, o nome de Iris Rezende Machado. A proposta, de autoria do vereador Cl\u00e9cio Alves (MDB), foi vetada por Rog\u00e9rio Cruz sob o argumento de n\u00e3o ter respeitado a Lei Org\u00e2nica da capital. \u201c\u00c9 uma pena que o pensamento de muitos seja t\u00e3o pequeno\u201d, lamentou Ana, sem citar nomes.<\/p>\n<p>Ana Paula agradeceu os vereadores que aprovaram a proposta, em especial Cl\u00e9cio Alves, o jornalista Pinheiro Sales, que defendeu em artigo publicado na imprensa o legado de Iris Rezende, al\u00e9m do professor Arquidones Bites, que tamb\u00e9m defendeu a mudan\u00e7a do nome em duas cartas publicadas no jornal O Popular.<\/p>\n<p><strong><em class=\"cf-tweet-this cf-tt-target cf-tt-enabled cf-tt-abutted cf-tt-abutted-top cf-tt-element-attached-bottom cf-tt-element-attached-center cf-tt-target-attached-top cf-tt-target-attached-center\">Linha cruzada<\/em><\/strong><\/p>\n<p>O Governo de Goi\u00e1s publicou, na \u00faltima sexta-feira (11\/02), edital de convoca\u00e7\u00e3o no Di\u00e1rio Oficial do Estado (DOE) de 28 aprovados no concurso de Auditor-Fiscal da Receita Estadual, Classe A, Padr\u00e3o 1, da Secretaria de Estado da Economia. \u201cTenho certeza que estes novos auditores v\u00e3o somar a esse time comprometido que temos hoje, em Goi\u00e1s\u201d, apostou o governador Ronaldo Caiado.<\/p>\n<p>&nbsp;<br \/>\n<\/p>\n","protected":false},"excerpt":{"rendered":"<p>De acordo com informa\u00e7\u00f5es apuradas pela coluna, o filho 01 do presidente Jair Bolsonaro (PL), senador Fl\u00e1vio Bolsonaro, j\u00e1 teria descartado uma eventual candidatura do prefeito de Aparecida de Goi\u00e2nia, Gustavo Mendanha (sem partido), pelo PL em Goi\u00e1s, sobretudo na condi\u00e7\u00e3o de candidato bolsonarista no Estado. O veto ao ex-emedebista teria atendido um pedido do<\/p>\n","protected":false},"author":2,"featured_media":18909,"comment_status":"open","ping_status":"open","sticky":false,"template":"","format":"standard","meta":{"footnotes":""},"categories":[27,22,26,23],"tags":[],"class_list":["post-18905","post","type-post","status-publish","format-standard","has-post-thumbnail","hentry","category-brasil","category-catalao","category-destaque","category-goias"],"yoast_head":"<!-- This site is optimized with the Yoast SEO plugin v25.8 - https:\/\/yoast.com\/wordpress\/plugins\/seo\/ -->\n<title>Fl\u00e1vio Bolsonaro teria vetado Gustavo Mendanha no PL - Jornal Ultimos Acontecimentos<\/title>\n<meta name=\"robots\" content=\"index, follow, max-snippet:-1, max-image-preview:large, max-video-preview:-1\" \/>\n<link rel=\"canonical\" href=\"https:\/\/juacontecimentos.com.br\/site\/flavio-bolsonaro-teria-vetado-gustavo-mendanha-no-pl\/\" \/>\n<meta property=\"og:locale\" content=\"pt_BR\" \/>\n<meta property=\"og:type\" content=\"article\" \/>\n<meta property=\"og:title\" content=\"Fl\u00e1vio Bolsonaro teria vetado Gustavo Mendanha no PL - Jornal Ultimos Acontecimentos\" \/>\n<meta property=\"og:description\" content=\"De acordo com informa\u00e7\u00f5es apuradas pela coluna, o filho 01 do presidente Jair Bolsonaro (PL), senador Fl\u00e1vio Bolsonaro, j\u00e1 teria descartado uma eventual candidatura do prefeito de Aparecida de Goi\u00e2nia, Gustavo Mendanha (sem partido), pelo PL em Goi\u00e1s, sobretudo na condi\u00e7\u00e3o de candidato bolsonarista no Estado. O veto ao ex-emedebista teria atendido um pedido do\" \/>\n<meta property=\"og:url\" content=\"https:\/\/juacontecimentos.com.br\/site\/flavio-bolsonaro-teria-vetado-gustavo-mendanha-no-pl\/\" \/>\n<meta property=\"og:site_name\" content=\"Jornal Ultimos Acontecimentos\" \/>\n<meta property=\"article:publisher\" content=\"https:\/\/www.facebook.com\/jultimosacontecimentos\/\" \/>\n<meta property=\"article:published_time\" content=\"2022-02-16T00:35:35+00:00\" \/>\n<meta property=\"article:modified_time\" content=\"2022-02-16T00:40:18+00:00\" \/>\n<meta property=\"og:image\" content=\"https:\/\/juacontecimentos.com.br\/site\/wp-content\/uploads\/2022\/02\/FB.jpg\" \/>\n\t<meta property=\"og:image:width\" content=\"906\" \/>\n\t<meta property=\"og:image:height\" content=\"509\" \/>\n\t<meta property=\"og:image:type\" content=\"image\/jpeg\" \/>\n<meta name=\"author\" content=\"Reginaldo Ribeiro\" \/>\n<meta name=\"twitter:card\" content=\"summary_large_image\" \/>\n<meta name=\"twitter:label1\" content=\"Escrito por\" \/>\n\t<meta name=\"twitter:data1\" content=\"Reginaldo Ribeiro\" \/>\n\t<meta name=\"twitter:label2\" content=\"Est. tempo de leitura\" \/>\n\t<meta name=\"twitter:data2\" content=\"5 minutos\" \/>\n<script type=\"application\/ld+json\" class=\"yoast-schema-graph\">{\"@context\":\"https:\/\/schema.org\",\"@graph\":[{\"@type\":\"Article\",\"@id\":\"https:\/\/juacontecimentos.com.br\/site\/flavio-bolsonaro-teria-vetado-gustavo-mendanha-no-pl\/#article\",\"isPartOf\":{\"@id\":\"https:\/\/juacontecimentos.com.br\/site\/flavio-bolsonaro-teria-vetado-gustavo-mendanha-no-pl\/\"},\"author\":{\"name\":\"Reginaldo Ribeiro\",\"@id\":\"https:\/\/juacontecimentos.com.br\/site\/#\/schema\/person\/082a54e6d3fdd7a633291428521c9669\"},\"headline\":\"Fl\u00e1vio Bolsonaro teria vetado Gustavo Mendanha no PL\",\"datePublished\":\"2022-02-16T00:35:35+00:00\",\"dateModified\":\"2022-02-16T00:40:18+00:00\",\"mainEntityOfPage\":{\"@id\":\"https:\/\/juacontecimentos.com.br\/site\/flavio-bolsonaro-teria-vetado-gustavo-mendanha-no-pl\/\"},\"wordCount\":1058,\"commentCount\":0,\"publisher\":{\"@id\":\"https:\/\/juacontecimentos.com.br\/site\/#organization\"},\"image\":{\"@id\":\"https:\/\/juacontecimentos.com.br\/site\/flavio-bolsonaro-teria-vetado-gustavo-mendanha-no-pl\/#primaryimage\"},\"thumbnailUrl\":\"https:\/\/juacontecimentos.com.br\/site\/wp-content\/uploads\/2022\/02\/FB.jpg\",\"articleSection\":[\"Brasil\",\"Catal\u00e3o\",\"Destaque\",\"Goi\u00e1s\"],\"inLanguage\":\"pt-BR\"},{\"@type\":\"WebPage\",\"@id\":\"https:\/\/juacontecimentos.com.br\/site\/flavio-bolsonaro-teria-vetado-gustavo-mendanha-no-pl\/\",\"url\":\"https:\/\/juacontecimentos.com.br\/site\/flavio-bolsonaro-teria-vetado-gustavo-mendanha-no-pl\/\",\"name\":\"Fl\u00e1vio Bolsonaro teria vetado Gustavo Mendanha no PL - Jornal Ultimos Acontecimentos\",\"isPartOf\":{\"@id\":\"https:\/\/juacontecimentos.com.br\/site\/#website\"},\"primaryImageOfPage\":{\"@id\":\"https:\/\/juacontecimentos.com.br\/site\/flavio-bolsonaro-teria-vetado-gustavo-mendanha-no-pl\/#primaryimage\"},\"image\":{\"@id\":\"https:\/\/juacontecimentos.com.br\/site\/flavio-bolsonaro-teria-vetado-gustavo-mendanha-no-pl\/#primaryimage\"},\"thumbnailUrl\":\"https:\/\/juacontecimentos.com.br\/site\/wp-content\/uploads\/2022\/02\/FB.jpg\",\"datePublished\":\"2022-02-16T00:35:35+00:00\",\"dateModified\":\"2022-02-16T00:40:18+00:00\",\"breadcrumb\":{\"@id\":\"https:\/\/juacontecimentos.com.br\/site\/flavio-bolsonaro-teria-vetado-gustavo-mendanha-no-pl\/#breadcrumb\"},\"inLanguage\":\"pt-BR\",\"potentialAction\":[{\"@type\":\"ReadAction\",\"target\":[\"https:\/\/juacontecimentos.com.br\/site\/flavio-bolsonaro-teria-vetado-gustavo-mendanha-no-pl\/\"]}]},{\"@type\":\"ImageObject\",\"inLanguage\":\"pt-BR\",\"@id\":\"https:\/\/juacontecimentos.com.br\/site\/flavio-bolsonaro-teria-vetado-gustavo-mendanha-no-pl\/#primaryimage\",\"url\":\"https:\/\/juacontecimentos.com.br\/site\/wp-content\/uploads\/2022\/02\/FB.jpg\",\"contentUrl\":\"https:\/\/juacontecimentos.com.br\/site\/wp-content\/uploads\/2022\/02\/FB.jpg\",\"width\":906,\"height\":509},{\"@type\":\"BreadcrumbList\",\"@id\":\"https:\/\/juacontecimentos.com.br\/site\/flavio-bolsonaro-teria-vetado-gustavo-mendanha-no-pl\/#breadcrumb\",\"itemListElement\":[{\"@type\":\"ListItem\",\"position\":1,\"name\":\"In\u00edcio\",\"item\":\"https:\/\/juacontecimentos.com.br\/site\/\"},{\"@type\":\"ListItem\",\"position\":2,\"name\":\"Fl\u00e1vio Bolsonaro teria vetado Gustavo Mendanha no PL\"}]},{\"@type\":\"WebSite\",\"@id\":\"https:\/\/juacontecimentos.com.br\/site\/#website\",\"url\":\"https:\/\/juacontecimentos.com.br\/site\/\",\"name\":\"Jornal Ultimos Acontecimentos\",\"description\":\"Catal\u00e3o e regi\u00e3o\",\"publisher\":{\"@id\":\"https:\/\/juacontecimentos.com.br\/site\/#organization\"},\"potentialAction\":[{\"@type\":\"SearchAction\",\"target\":{\"@type\":\"EntryPoint\",\"urlTemplate\":\"https:\/\/juacontecimentos.com.br\/site\/?s={search_term_string}\"},\"query-input\":{\"@type\":\"PropertyValueSpecification\",\"valueRequired\":true,\"valueName\":\"search_term_string\"}}],\"inLanguage\":\"pt-BR\"},{\"@type\":\"Organization\",\"@id\":\"https:\/\/juacontecimentos.com.br\/site\/#organization\",\"name\":\"Jornal Ultimos Acontecimentos\",\"url\":\"https:\/\/juacontecimentos.com.br\/site\/\",\"logo\":{\"@type\":\"ImageObject\",\"inLanguage\":\"pt-BR\",\"@id\":\"https:\/\/juacontecimentos.com.br\/site\/#\/schema\/logo\/image\/\",\"url\":\"https:\/\/juacontecimentos.com.br\/site\/wp-content\/uploads\/2023\/04\/Logo_Site.png\",\"contentUrl\":\"https:\/\/juacontecimentos.com.br\/site\/wp-content\/uploads\/2023\/04\/Logo_Site.png\",\"width\":2476,\"height\":530,\"caption\":\"Jornal Ultimos Acontecimentos\"},\"image\":{\"@id\":\"https:\/\/juacontecimentos.com.br\/site\/#\/schema\/logo\/image\/\"},\"sameAs\":[\"https:\/\/www.facebook.com\/jultimosacontecimentos\/\"]},{\"@type\":\"Person\",\"@id\":\"https:\/\/juacontecimentos.com.br\/site\/#\/schema\/person\/082a54e6d3fdd7a633291428521c9669\",\"name\":\"Reginaldo Ribeiro\",\"image\":{\"@type\":\"ImageObject\",\"inLanguage\":\"pt-BR\",\"@id\":\"https:\/\/juacontecimentos.com.br\/site\/#\/schema\/person\/image\/\",\"url\":\"https:\/\/secure.gravatar.com\/avatar\/5c16c6837c3490270a74d888c2a845728f06bdde1f8761de1de1d1d1ef82d12f?s=96&d=mm&r=g\",\"contentUrl\":\"https:\/\/secure.gravatar.com\/avatar\/5c16c6837c3490270a74d888c2a845728f06bdde1f8761de1de1d1d1ef82d12f?s=96&d=mm&r=g\",\"caption\":\"Reginaldo Ribeiro\"}}]}<\/script>\n<!-- \/ Yoast SEO plugin. -->","yoast_head_json":{"title":"Fl\u00e1vio Bolsonaro teria vetado Gustavo Mendanha no PL - Jornal Ultimos Acontecimentos","robots":{"index":"index","follow":"follow","max-snippet":"max-snippet:-1","max-image-preview":"max-image-preview:large","max-video-preview":"max-video-preview:-1"},"canonical":"https:\/\/juacontecimentos.com.br\/site\/flavio-bolsonaro-teria-vetado-gustavo-mendanha-no-pl\/","og_locale":"pt_BR","og_type":"article","og_title":"Fl\u00e1vio Bolsonaro teria vetado Gustavo Mendanha no PL - Jornal Ultimos Acontecimentos","og_description":"De acordo com informa\u00e7\u00f5es apuradas pela coluna, o filho 01 do presidente Jair Bolsonaro (PL), senador Fl\u00e1vio Bolsonaro, j\u00e1 teria descartado uma eventual candidatura do prefeito de Aparecida de Goi\u00e2nia, Gustavo Mendanha (sem partido), pelo PL em Goi\u00e1s, sobretudo na condi\u00e7\u00e3o de candidato bolsonarista no Estado. O veto ao ex-emedebista teria atendido um pedido do","og_url":"https:\/\/juacontecimentos.com.br\/site\/flavio-bolsonaro-teria-vetado-gustavo-mendanha-no-pl\/","og_site_name":"Jornal Ultimos Acontecimentos","article_publisher":"https:\/\/www.facebook.com\/jultimosacontecimentos\/","article_published_time":"2022-02-16T00:35:35+00:00","article_modified_time":"2022-02-16T00:40:18+00:00","og_image":[{"width":906,"height":509,"url":"https:\/\/juacontecimentos.com.br\/site\/wp-content\/uploads\/2022\/02\/FB.jpg","type":"image\/jpeg"}],"author":"Reginaldo Ribeiro","twitter_card":"summary_large_image","twitter_misc":{"Escrito por":"Reginaldo Ribeiro","Est. tempo de leitura":"5 minutos"},"schema":{"@context":"https:\/\/schema.org","@graph":[{"@type":"Article","@id":"https:\/\/juacontecimentos.com.br\/site\/flavio-bolsonaro-teria-vetado-gustavo-mendanha-no-pl\/#article","isPartOf":{"@id":"https:\/\/juacontecimentos.com.br\/site\/flavio-bolsonaro-teria-vetado-gustavo-mendanha-no-pl\/"},"author":{"name":"Reginaldo Ribeiro","@id":"https:\/\/juacontecimentos.com.br\/site\/#\/schema\/person\/082a54e6d3fdd7a633291428521c9669"},"headline":"Fl\u00e1vio Bolsonaro teria vetado Gustavo Mendanha no PL","datePublished":"2022-02-16T00:35:35+00:00","dateModified":"2022-02-16T00:40:18+00:00","mainEntityOfPage":{"@id":"https:\/\/juacontecimentos.com.br\/site\/flavio-bolsonaro-teria-vetado-gustavo-mendanha-no-pl\/"},"wordCount":1058,"commentCount":0,"publisher":{"@id":"https:\/\/juacontecimentos.com.br\/site\/#organization"},"image":{"@id":"https:\/\/juacontecimentos.com.br\/site\/flavio-bolsonaro-teria-vetado-gustavo-mendanha-no-pl\/#primaryimage"},"thumbnailUrl":"https:\/\/juacontecimentos.com.br\/site\/wp-content\/uploads\/2022\/02\/FB.jpg","articleSection":["Brasil","Catal\u00e3o","Destaque","Goi\u00e1s"],"inLanguage":"pt-BR"},{"@type":"WebPage","@id":"https:\/\/juacontecimentos.com.br\/site\/flavio-bolsonaro-teria-vetado-gustavo-mendanha-no-pl\/","url":"https:\/\/juacontecimentos.com.br\/site\/flavio-bolsonaro-teria-vetado-gustavo-mendanha-no-pl\/","name":"Fl\u00e1vio Bolsonaro teria vetado Gustavo Mendanha no PL - Jornal Ultimos Acontecimentos","isPartOf":{"@id":"https:\/\/juacontecimentos.com.br\/site\/#website"},"primaryImageOfPage":{"@id":"https:\/\/juacontecimentos.com.br\/site\/flavio-bolsonaro-teria-vetado-gustavo-mendanha-no-pl\/#primaryimage"},"image":{"@id":"https:\/\/juacontecimentos.com.br\/site\/flavio-bolsonaro-teria-vetado-gustavo-mendanha-no-pl\/#primaryimage"},"thumbnailUrl":"https:\/\/juacontecimentos.com.br\/site\/wp-content\/uploads\/2022\/02\/FB.jpg","datePublished":"2022-02-16T00:35:35+00:00","dateModified":"2022-02-16T00:40:18+00:00","breadcrumb":{"@id":"https:\/\/juacontecimentos.com.br\/site\/flavio-bolsonaro-teria-vetado-gustavo-mendanha-no-pl\/#breadcrumb"},"inLanguage":"pt-BR","potentialAction":[{"@type":"ReadAction","target":["https:\/\/juacontecimentos.com.br\/site\/flavio-bolsonaro-teria-vetado-gustavo-mendanha-no-pl\/"]}]},{"@type":"ImageObject","inLanguage":"pt-BR","@id":"https:\/\/juacontecimentos.com.br\/site\/flavio-bolsonaro-teria-vetado-gustavo-mendanha-no-pl\/#primaryimage","url":"https:\/\/juacontecimentos.com.br\/site\/wp-content\/uploads\/2022\/02\/FB.jpg","contentUrl":"https:\/\/juacontecimentos.com.br\/site\/wp-content\/uploads\/2022\/02\/FB.jpg","width":906,"height":509},{"@type":"BreadcrumbList","@id":"https:\/\/juacontecimentos.com.br\/site\/flavio-bolsonaro-teria-vetado-gustavo-mendanha-no-pl\/#breadcrumb","itemListElement":[{"@type":"ListItem","position":1,"name":"In\u00edcio","item":"https:\/\/juacontecimentos.com.br\/site\/"},{"@type":"ListItem","position":2,"name":"Fl\u00e1vio Bolsonaro teria vetado Gustavo Mendanha no PL"}]},{"@type":"WebSite","@id":"https:\/\/juacontecimentos.com.br\/site\/#website","url":"https:\/\/juacontecimentos.com.br\/site\/","name":"Jornal Ultimos Acontecimentos","description":"Catal\u00e3o e regi\u00e3o","publisher":{"@id":"https:\/\/juacontecimentos.com.br\/site\/#organization"},"potentialAction":[{"@type":"SearchAction","target":{"@type":"EntryPoint","urlTemplate":"https:\/\/juacontecimentos.com.br\/site\/?s={search_term_string}"},"query-input":{"@type":"PropertyValueSpecification","valueRequired":true,"valueName":"search_term_string"}}],"inLanguage":"pt-BR"},{"@type":"Organization","@id":"https:\/\/juacontecimentos.com.br\/site\/#organization","name":"Jornal Ultimos Acontecimentos","url":"https:\/\/juacontecimentos.com.br\/site\/","logo":{"@type":"ImageObject","inLanguage":"pt-BR","@id":"https:\/\/juacontecimentos.com.br\/site\/#\/schema\/logo\/image\/","url":"https:\/\/juacontecimentos.com.br\/site\/wp-content\/uploads\/2023\/04\/Logo_Site.png","contentUrl":"https:\/\/juacontecimentos.com.br\/site\/wp-content\/uploads\/2023\/04\/Logo_Site.png","width":2476,"height":530,"caption":"Jornal Ultimos Acontecimentos"},"image":{"@id":"https:\/\/juacontecimentos.com.br\/site\/#\/schema\/logo\/image\/"},"sameAs":["https:\/\/www.facebook.com\/jultimosacontecimentos\/"]},{"@type":"Person","@id":"https:\/\/juacontecimentos.com.br\/site\/#\/schema\/person\/082a54e6d3fdd7a633291428521c9669","name":"Reginaldo Ribeiro","image":{"@type":"ImageObject","inLanguage":"pt-BR","@id":"https:\/\/juacontecimentos.com.br\/site\/#\/schema\/person\/image\/","url":"https:\/\/secure.gravatar.com\/avatar\/5c16c6837c3490270a74d888c2a845728f06bdde1f8761de1de1d1d1ef82d12f?s=96&d=mm&r=g","contentUrl":"https:\/\/secure.gravatar.com\/avatar\/5c16c6837c3490270a74d888c2a845728f06bdde1f8761de1de1d1d1ef82d12f?s=96&d=mm&r=g","caption":"Reginaldo Ribeiro"}}]}},"_links":{"self":[{"href":"https:\/\/juacontecimentos.com.br\/site\/wp-json\/wp\/v2\/posts\/18905","targetHints":{"allow":["GET"]}}],"collection":[{"href":"https:\/\/juacontecimentos.com.br\/site\/wp-json\/wp\/v2\/posts"}],"about":[{"href":"https:\/\/juacontecimentos.com.br\/site\/wp-json\/wp\/v2\/types\/post"}],"author":[{"embeddable":true,"href":"https:\/\/juacontecimentos.com.br\/site\/wp-json\/wp\/v2\/users\/2"}],"replies":[{"embeddable":true,"href":"https:\/\/juacontecimentos.com.br\/site\/wp-json\/wp\/v2\/comments?post=18905"}],"version-history":[{"count":3,"href":"https:\/\/juacontecimentos.com.br\/site\/wp-json\/wp\/v2\/posts\/18905\/revisions"}],"predecessor-version":[{"id":18910,"href":"https:\/\/juacontecimentos.com.br\/site\/wp-json\/wp\/v2\/posts\/18905\/revisions\/18910"}],"wp:featuredmedia":[{"embeddable":true,"href":"https:\/\/juacontecimentos.com.br\/site\/wp-json\/wp\/v2\/media\/18909"}],"wp:attachment":[{"href":"https:\/\/juacontecimentos.com.br\/site\/wp-json\/wp\/v2\/media?parent=18905"}],"wp:term":[{"taxonomy":"category","embeddable":true,"href":"https:\/\/juacontecimentos.com.br\/site\/wp-json\/wp\/v2\/categories?post=18905"},{"taxonomy":"post_tag","embeddable":true,"href":"https:\/\/juacontecimentos.com.br\/site\/wp-json\/wp\/v2\/tags?post=18905"}],"curies":[{"name":"wp","href":"https:\/\/api.w.org\/{rel}","templated":true}]}}