{"id":1897,"date":"2017-08-02T19:25:45","date_gmt":"2017-08-02T22:25:45","guid":{"rendered":"http:\/\/juacontecimentos.com.br\/site\/?p=1897"},"modified":"2017-08-02T19:25:45","modified_gmt":"2017-08-02T22:25:45","slug":"passe-livre-estudantil-chega-anapolis-e-rio-verde","status":"publish","type":"post","link":"https:\/\/juacontecimentos.com.br\/site\/passe-livre-estudantil-chega-anapolis-e-rio-verde\/","title":{"rendered":"Passe Livre Estudantil chega a An\u00e1polis e Rio Verde"},"content":{"rendered":"<p>O governador Marconi Perillo e o secret\u00e1rio estadual de Governo, Tayrone Di Martino, lan\u00e7am nesta quinta-feira (3\/08) o Programa do Passe Livre Estudantil (PLE) nos munic\u00edpios de An\u00e1polis e de Rio Verde. O evento em An\u00e1polis acontece no Audit\u00f3rio do Senac (Av. Senador Jos\u00e9 Louren\u00e7o, 878, Setor Central), \u00e0s 14h30. Em Rio Verde, a solenidade acontece na Universidade de Rio Verde \u2013 UNIRV (Fazenda Fontes do Saber, Setor Universit\u00e1rio), \u00e0s 17h.<\/p>\n<p>O \u00fanico requisito para o estudante ter acesso ao PLE \u00e9 possuir o Passe Escolar. As regras s\u00e3o um pouco diferentes do programa desenvolvido regi\u00e3o metropolitana de Goi\u00e2nia, pois mudam de empresa para empresa, mas a ess\u00eancia \u00e9 a mesma. Os alunos de qualquer institui\u00e7\u00e3o p\u00fablica ou privada receber\u00e3o 48 viagens por m\u00eas para o deslocamento \u00e0s escolas.<\/p>\n<p>A previs\u00e3o para An\u00e1polis \u00e9 que sejam realizados 15.000 cadastros, com estimativa de gasto mensal de R$ 650 mil e de R$ 3,3 milh\u00f5es at\u00e9 dezembro deste ano. J\u00e1 para Rio Verde a previs\u00e3o \u00e9 de 10.000 cadastros, o equivalente \u00e0 aproximadamente R$ 530 mil mensais (R$1,8 milh\u00e3o at\u00e9 o fim do ano).<\/p>\n<p>A data de inicio e fim do cadastro ser\u00e1 anunciada durante o lan\u00e7amento pelo secret\u00e1rio Tayrone Di Martino.<\/p>\n<p>O Passe Livre Estudantil assiste a todos os estudantes matriculados em institui\u00e7\u00e3o de ensino devidamente registrada nos \u00f3rg\u00e3os de controle (secret\u00e1rias Municipal e Estadual de Ensino, MEC) de curso presencial.<\/p>\n<p>S\u00e3o concedidas 48 viagens por m\u00eas para cada aluno, n\u00e3o acumulativos, isto \u00e9, a quantidade consumida em um m\u00eas ser\u00e1 reposta no m\u00eas seguinte. O Programa atende somente os meses regulares de ensino, ficando de fora o m\u00eas de julho e parte do m\u00eas de dezembro, sendo pago nesses meses somente os dias informados pela institui\u00e7\u00e3o de ensino.<\/p>\n<p>Regi\u00e3o Metropolitana<\/p>\n<p>At\u00e9 o m\u00eas de julho deste ano j\u00e1 foram realizados 64.731 cadastros. Com a mudan\u00e7a no programa, 25 mil estudantes ser\u00e3o migrados e h\u00e1 previs\u00e3o de 15 mil novos cadastros. A previs\u00e3o \u00e9 de que seja gasto aproximadamente R$ 42 milh\u00f5es at\u00e9 dezembro deste ano.<\/p>\n<p>Para os alunos que v\u00e3o realizar o cadastro \u00e9 preciso do RG, CPF, comprovante de matr\u00edcula e de resid\u00eancia e foto 3&#215;4 (colorida com fundo branco). O cadastro \u00e9 feito no site da Segov e no da Superintend\u00eancia da Juventude (www.segov.go.gov.br \/ www.juventude.go.gov.br).<\/p>\n<p>J\u00e1 para os estudantes cadastrados no Passe Livre Estudantil, a troca de cart\u00f5es ser\u00e1 autom\u00e1tica, no per\u00edodo de 7 a 31 de agosto. O novo cart\u00e3o deve ser recolhido na unidade Vapt-Vupt informada nos sites da Segov e da Sujuv.<br \/>\n<\/p>\n","protected":false},"excerpt":{"rendered":"<p>O governador Marconi Perillo e o secret\u00e1rio estadual de Governo, Tayrone Di Martino, lan\u00e7am nesta quinta-feira (3\/08) o Programa do Passe Livre Estudantil (PLE) nos munic\u00edpios de An\u00e1polis e de Rio Verde. O evento em An\u00e1polis acontece no Audit\u00f3rio do Senac (Av. Senador Jos\u00e9 Louren\u00e7o, 878, Setor Central), \u00e0s 14h30. Em Rio Verde, a solenidade<\/p>\n","protected":false},"author":2,"featured_media":1898,"comment_status":"open","ping_status":"open","sticky":false,"template":"","format":"standard","meta":{"footnotes":""},"categories":[27,23],"tags":[],"class_list":["post-1897","post","type-post","status-publish","format-standard","has-post-thumbnail","hentry","category-brasil","category-goias"],"yoast_head":"<!-- This site is optimized with the Yoast SEO plugin v25.8 - https:\/\/yoast.com\/wordpress\/plugins\/seo\/ -->\n<title>Passe Livre Estudantil chega a An\u00e1polis e Rio Verde - Jornal Ultimos Acontecimentos<\/title>\n<meta name=\"robots\" content=\"index, follow, max-snippet:-1, max-image-preview:large, max-video-preview:-1\" \/>\n<link rel=\"canonical\" href=\"https:\/\/juacontecimentos.com.br\/site\/passe-livre-estudantil-chega-anapolis-e-rio-verde\/\" \/>\n<meta property=\"og:locale\" content=\"pt_BR\" \/>\n<meta property=\"og:type\" content=\"article\" \/>\n<meta property=\"og:title\" content=\"Passe Livre Estudantil chega a An\u00e1polis e Rio Verde - Jornal Ultimos Acontecimentos\" \/>\n<meta property=\"og:description\" content=\"O governador Marconi Perillo e o secret\u00e1rio estadual de Governo, Tayrone Di Martino, lan\u00e7am nesta quinta-feira (3\/08) o Programa do Passe Livre Estudantil (PLE) nos munic\u00edpios de An\u00e1polis e de Rio Verde. O evento em An\u00e1polis acontece no Audit\u00f3rio do Senac (Av. Senador Jos\u00e9 Louren\u00e7o, 878, Setor Central), \u00e0s 14h30. Em Rio Verde, a solenidade\" \/>\n<meta property=\"og:url\" content=\"https:\/\/juacontecimentos.com.br\/site\/passe-livre-estudantil-chega-anapolis-e-rio-verde\/\" \/>\n<meta property=\"og:site_name\" content=\"Jornal Ultimos Acontecimentos\" \/>\n<meta property=\"article:publisher\" content=\"https:\/\/www.facebook.com\/jultimosacontecimentos\/\" \/>\n<meta property=\"article:published_time\" content=\"2017-08-02T22:25:45+00:00\" \/>\n<meta property=\"og:image\" content=\"https:\/\/juacontecimentos.com.br\/site\/wp-content\/uploads\/2017\/08\/PasselivreA.jpg\" \/>\n\t<meta property=\"og:image:width\" content=\"600\" \/>\n\t<meta property=\"og:image:height\" content=\"467\" \/>\n\t<meta property=\"og:image:type\" content=\"image\/jpeg\" \/>\n<meta name=\"author\" content=\"Reginaldo Ribeiro\" \/>\n<meta name=\"twitter:card\" content=\"summary_large_image\" \/>\n<meta name=\"twitter:label1\" content=\"Escrito por\" \/>\n\t<meta name=\"twitter:data1\" content=\"Reginaldo Ribeiro\" \/>\n\t<meta name=\"twitter:label2\" content=\"Est. tempo de leitura\" \/>\n\t<meta name=\"twitter:data2\" content=\"2 minutos\" \/>\n<script type=\"application\/ld+json\" class=\"yoast-schema-graph\">{\"@context\":\"https:\/\/schema.org\",\"@graph\":[{\"@type\":\"Article\",\"@id\":\"https:\/\/juacontecimentos.com.br\/site\/passe-livre-estudantil-chega-anapolis-e-rio-verde\/#article\",\"isPartOf\":{\"@id\":\"https:\/\/juacontecimentos.com.br\/site\/passe-livre-estudantil-chega-anapolis-e-rio-verde\/\"},\"author\":{\"name\":\"Reginaldo Ribeiro\",\"@id\":\"https:\/\/juacontecimentos.com.br\/site\/#\/schema\/person\/082a54e6d3fdd7a633291428521c9669\"},\"headline\":\"Passe Livre Estudantil chega a An\u00e1polis e Rio Verde\",\"datePublished\":\"2017-08-02T22:25:45+00:00\",\"mainEntityOfPage\":{\"@id\":\"https:\/\/juacontecimentos.com.br\/site\/passe-livre-estudantil-chega-anapolis-e-rio-verde\/\"},\"wordCount\":459,\"commentCount\":0,\"publisher\":{\"@id\":\"https:\/\/juacontecimentos.com.br\/site\/#organization\"},\"image\":{\"@id\":\"https:\/\/juacontecimentos.com.br\/site\/passe-livre-estudantil-chega-anapolis-e-rio-verde\/#primaryimage\"},\"thumbnailUrl\":\"https:\/\/juacontecimentos.com.br\/site\/wp-content\/uploads\/2017\/08\/PasselivreA.jpg\",\"articleSection\":[\"Brasil\",\"Goi\u00e1s\"],\"inLanguage\":\"pt-BR\"},{\"@type\":\"WebPage\",\"@id\":\"https:\/\/juacontecimentos.com.br\/site\/passe-livre-estudantil-chega-anapolis-e-rio-verde\/\",\"url\":\"https:\/\/juacontecimentos.com.br\/site\/passe-livre-estudantil-chega-anapolis-e-rio-verde\/\",\"name\":\"Passe Livre Estudantil chega a An\u00e1polis e Rio Verde - Jornal Ultimos Acontecimentos\",\"isPartOf\":{\"@id\":\"https:\/\/juacontecimentos.com.br\/site\/#website\"},\"primaryImageOfPage\":{\"@id\":\"https:\/\/juacontecimentos.com.br\/site\/passe-livre-estudantil-chega-anapolis-e-rio-verde\/#primaryimage\"},\"image\":{\"@id\":\"https:\/\/juacontecimentos.com.br\/site\/passe-livre-estudantil-chega-anapolis-e-rio-verde\/#primaryimage\"},\"thumbnailUrl\":\"https:\/\/juacontecimentos.com.br\/site\/wp-content\/uploads\/2017\/08\/PasselivreA.jpg\",\"datePublished\":\"2017-08-02T22:25:45+00:00\",\"breadcrumb\":{\"@id\":\"https:\/\/juacontecimentos.com.br\/site\/passe-livre-estudantil-chega-anapolis-e-rio-verde\/#breadcrumb\"},\"inLanguage\":\"pt-BR\",\"potentialAction\":[{\"@type\":\"ReadAction\",\"target\":[\"https:\/\/juacontecimentos.com.br\/site\/passe-livre-estudantil-chega-anapolis-e-rio-verde\/\"]}]},{\"@type\":\"ImageObject\",\"inLanguage\":\"pt-BR\",\"@id\":\"https:\/\/juacontecimentos.com.br\/site\/passe-livre-estudantil-chega-anapolis-e-rio-verde\/#primaryimage\",\"url\":\"https:\/\/juacontecimentos.com.br\/site\/wp-content\/uploads\/2017\/08\/PasselivreA.jpg\",\"contentUrl\":\"https:\/\/juacontecimentos.com.br\/site\/wp-content\/uploads\/2017\/08\/PasselivreA.jpg\",\"width\":600,\"height\":467},{\"@type\":\"BreadcrumbList\",\"@id\":\"https:\/\/juacontecimentos.com.br\/site\/passe-livre-estudantil-chega-anapolis-e-rio-verde\/#breadcrumb\",\"itemListElement\":[{\"@type\":\"ListItem\",\"position\":1,\"name\":\"In\u00edcio\",\"item\":\"https:\/\/juacontecimentos.com.br\/site\/\"},{\"@type\":\"ListItem\",\"position\":2,\"name\":\"Passe Livre Estudantil chega a An\u00e1polis e Rio Verde\"}]},{\"@type\":\"WebSite\",\"@id\":\"https:\/\/juacontecimentos.com.br\/site\/#website\",\"url\":\"https:\/\/juacontecimentos.com.br\/site\/\",\"name\":\"Jornal Ultimos Acontecimentos\",\"description\":\"Catal\u00e3o e regi\u00e3o\",\"publisher\":{\"@id\":\"https:\/\/juacontecimentos.com.br\/site\/#organization\"},\"potentialAction\":[{\"@type\":\"SearchAction\",\"target\":{\"@type\":\"EntryPoint\",\"urlTemplate\":\"https:\/\/juacontecimentos.com.br\/site\/?s={search_term_string}\"},\"query-input\":{\"@type\":\"PropertyValueSpecification\",\"valueRequired\":true,\"valueName\":\"search_term_string\"}}],\"inLanguage\":\"pt-BR\"},{\"@type\":\"Organization\",\"@id\":\"https:\/\/juacontecimentos.com.br\/site\/#organization\",\"name\":\"Jornal Ultimos Acontecimentos\",\"url\":\"https:\/\/juacontecimentos.com.br\/site\/\",\"logo\":{\"@type\":\"ImageObject\",\"inLanguage\":\"pt-BR\",\"@id\":\"https:\/\/juacontecimentos.com.br\/site\/#\/schema\/logo\/image\/\",\"url\":\"https:\/\/juacontecimentos.com.br\/site\/wp-content\/uploads\/2023\/04\/Logo_Site.png\",\"contentUrl\":\"https:\/\/juacontecimentos.com.br\/site\/wp-content\/uploads\/2023\/04\/Logo_Site.png\",\"width\":2476,\"height\":530,\"caption\":\"Jornal Ultimos Acontecimentos\"},\"image\":{\"@id\":\"https:\/\/juacontecimentos.com.br\/site\/#\/schema\/logo\/image\/\"},\"sameAs\":[\"https:\/\/www.facebook.com\/jultimosacontecimentos\/\"]},{\"@type\":\"Person\",\"@id\":\"https:\/\/juacontecimentos.com.br\/site\/#\/schema\/person\/082a54e6d3fdd7a633291428521c9669\",\"name\":\"Reginaldo Ribeiro\",\"image\":{\"@type\":\"ImageObject\",\"inLanguage\":\"pt-BR\",\"@id\":\"https:\/\/juacontecimentos.com.br\/site\/#\/schema\/person\/image\/\",\"url\":\"https:\/\/secure.gravatar.com\/avatar\/5c16c6837c3490270a74d888c2a845728f06bdde1f8761de1de1d1d1ef82d12f?s=96&d=mm&r=g\",\"contentUrl\":\"https:\/\/secure.gravatar.com\/avatar\/5c16c6837c3490270a74d888c2a845728f06bdde1f8761de1de1d1d1ef82d12f?s=96&d=mm&r=g\",\"caption\":\"Reginaldo Ribeiro\"}}]}<\/script>\n<!-- \/ Yoast SEO plugin. -->","yoast_head_json":{"title":"Passe Livre Estudantil chega a An\u00e1polis e Rio Verde - Jornal Ultimos Acontecimentos","robots":{"index":"index","follow":"follow","max-snippet":"max-snippet:-1","max-image-preview":"max-image-preview:large","max-video-preview":"max-video-preview:-1"},"canonical":"https:\/\/juacontecimentos.com.br\/site\/passe-livre-estudantil-chega-anapolis-e-rio-verde\/","og_locale":"pt_BR","og_type":"article","og_title":"Passe Livre Estudantil chega a An\u00e1polis e Rio Verde - Jornal Ultimos Acontecimentos","og_description":"O governador Marconi Perillo e o secret\u00e1rio estadual de Governo, Tayrone Di Martino, lan\u00e7am nesta quinta-feira (3\/08) o Programa do Passe Livre Estudantil (PLE) nos munic\u00edpios de An\u00e1polis e de Rio Verde. O evento em An\u00e1polis acontece no Audit\u00f3rio do Senac (Av. Senador Jos\u00e9 Louren\u00e7o, 878, Setor Central), \u00e0s 14h30. Em Rio Verde, a solenidade","og_url":"https:\/\/juacontecimentos.com.br\/site\/passe-livre-estudantil-chega-anapolis-e-rio-verde\/","og_site_name":"Jornal Ultimos Acontecimentos","article_publisher":"https:\/\/www.facebook.com\/jultimosacontecimentos\/","article_published_time":"2017-08-02T22:25:45+00:00","og_image":[{"width":600,"height":467,"url":"https:\/\/juacontecimentos.com.br\/site\/wp-content\/uploads\/2017\/08\/PasselivreA.jpg","type":"image\/jpeg"}],"author":"Reginaldo Ribeiro","twitter_card":"summary_large_image","twitter_misc":{"Escrito por":"Reginaldo Ribeiro","Est. tempo de leitura":"2 minutos"},"schema":{"@context":"https:\/\/schema.org","@graph":[{"@type":"Article","@id":"https:\/\/juacontecimentos.com.br\/site\/passe-livre-estudantil-chega-anapolis-e-rio-verde\/#article","isPartOf":{"@id":"https:\/\/juacontecimentos.com.br\/site\/passe-livre-estudantil-chega-anapolis-e-rio-verde\/"},"author":{"name":"Reginaldo Ribeiro","@id":"https:\/\/juacontecimentos.com.br\/site\/#\/schema\/person\/082a54e6d3fdd7a633291428521c9669"},"headline":"Passe Livre Estudantil chega a An\u00e1polis e Rio Verde","datePublished":"2017-08-02T22:25:45+00:00","mainEntityOfPage":{"@id":"https:\/\/juacontecimentos.com.br\/site\/passe-livre-estudantil-chega-anapolis-e-rio-verde\/"},"wordCount":459,"commentCount":0,"publisher":{"@id":"https:\/\/juacontecimentos.com.br\/site\/#organization"},"image":{"@id":"https:\/\/juacontecimentos.com.br\/site\/passe-livre-estudantil-chega-anapolis-e-rio-verde\/#primaryimage"},"thumbnailUrl":"https:\/\/juacontecimentos.com.br\/site\/wp-content\/uploads\/2017\/08\/PasselivreA.jpg","articleSection":["Brasil","Goi\u00e1s"],"inLanguage":"pt-BR"},{"@type":"WebPage","@id":"https:\/\/juacontecimentos.com.br\/site\/passe-livre-estudantil-chega-anapolis-e-rio-verde\/","url":"https:\/\/juacontecimentos.com.br\/site\/passe-livre-estudantil-chega-anapolis-e-rio-verde\/","name":"Passe Livre Estudantil chega a An\u00e1polis e Rio Verde - Jornal Ultimos Acontecimentos","isPartOf":{"@id":"https:\/\/juacontecimentos.com.br\/site\/#website"},"primaryImageOfPage":{"@id":"https:\/\/juacontecimentos.com.br\/site\/passe-livre-estudantil-chega-anapolis-e-rio-verde\/#primaryimage"},"image":{"@id":"https:\/\/juacontecimentos.com.br\/site\/passe-livre-estudantil-chega-anapolis-e-rio-verde\/#primaryimage"},"thumbnailUrl":"https:\/\/juacontecimentos.com.br\/site\/wp-content\/uploads\/2017\/08\/PasselivreA.jpg","datePublished":"2017-08-02T22:25:45+00:00","breadcrumb":{"@id":"https:\/\/juacontecimentos.com.br\/site\/passe-livre-estudantil-chega-anapolis-e-rio-verde\/#breadcrumb"},"inLanguage":"pt-BR","potentialAction":[{"@type":"ReadAction","target":["https:\/\/juacontecimentos.com.br\/site\/passe-livre-estudantil-chega-anapolis-e-rio-verde\/"]}]},{"@type":"ImageObject","inLanguage":"pt-BR","@id":"https:\/\/juacontecimentos.com.br\/site\/passe-livre-estudantil-chega-anapolis-e-rio-verde\/#primaryimage","url":"https:\/\/juacontecimentos.com.br\/site\/wp-content\/uploads\/2017\/08\/PasselivreA.jpg","contentUrl":"https:\/\/juacontecimentos.com.br\/site\/wp-content\/uploads\/2017\/08\/PasselivreA.jpg","width":600,"height":467},{"@type":"BreadcrumbList","@id":"https:\/\/juacontecimentos.com.br\/site\/passe-livre-estudantil-chega-anapolis-e-rio-verde\/#breadcrumb","itemListElement":[{"@type":"ListItem","position":1,"name":"In\u00edcio","item":"https:\/\/juacontecimentos.com.br\/site\/"},{"@type":"ListItem","position":2,"name":"Passe Livre Estudantil chega a An\u00e1polis e Rio Verde"}]},{"@type":"WebSite","@id":"https:\/\/juacontecimentos.com.br\/site\/#website","url":"https:\/\/juacontecimentos.com.br\/site\/","name":"Jornal Ultimos Acontecimentos","description":"Catal\u00e3o e regi\u00e3o","publisher":{"@id":"https:\/\/juacontecimentos.com.br\/site\/#organization"},"potentialAction":[{"@type":"SearchAction","target":{"@type":"EntryPoint","urlTemplate":"https:\/\/juacontecimentos.com.br\/site\/?s={search_term_string}"},"query-input":{"@type":"PropertyValueSpecification","valueRequired":true,"valueName":"search_term_string"}}],"inLanguage":"pt-BR"},{"@type":"Organization","@id":"https:\/\/juacontecimentos.com.br\/site\/#organization","name":"Jornal Ultimos Acontecimentos","url":"https:\/\/juacontecimentos.com.br\/site\/","logo":{"@type":"ImageObject","inLanguage":"pt-BR","@id":"https:\/\/juacontecimentos.com.br\/site\/#\/schema\/logo\/image\/","url":"https:\/\/juacontecimentos.com.br\/site\/wp-content\/uploads\/2023\/04\/Logo_Site.png","contentUrl":"https:\/\/juacontecimentos.com.br\/site\/wp-content\/uploads\/2023\/04\/Logo_Site.png","width":2476,"height":530,"caption":"Jornal Ultimos Acontecimentos"},"image":{"@id":"https:\/\/juacontecimentos.com.br\/site\/#\/schema\/logo\/image\/"},"sameAs":["https:\/\/www.facebook.com\/jultimosacontecimentos\/"]},{"@type":"Person","@id":"https:\/\/juacontecimentos.com.br\/site\/#\/schema\/person\/082a54e6d3fdd7a633291428521c9669","name":"Reginaldo Ribeiro","image":{"@type":"ImageObject","inLanguage":"pt-BR","@id":"https:\/\/juacontecimentos.com.br\/site\/#\/schema\/person\/image\/","url":"https:\/\/secure.gravatar.com\/avatar\/5c16c6837c3490270a74d888c2a845728f06bdde1f8761de1de1d1d1ef82d12f?s=96&d=mm&r=g","contentUrl":"https:\/\/secure.gravatar.com\/avatar\/5c16c6837c3490270a74d888c2a845728f06bdde1f8761de1de1d1d1ef82d12f?s=96&d=mm&r=g","caption":"Reginaldo Ribeiro"}}]}},"_links":{"self":[{"href":"https:\/\/juacontecimentos.com.br\/site\/wp-json\/wp\/v2\/posts\/1897","targetHints":{"allow":["GET"]}}],"collection":[{"href":"https:\/\/juacontecimentos.com.br\/site\/wp-json\/wp\/v2\/posts"}],"about":[{"href":"https:\/\/juacontecimentos.com.br\/site\/wp-json\/wp\/v2\/types\/post"}],"author":[{"embeddable":true,"href":"https:\/\/juacontecimentos.com.br\/site\/wp-json\/wp\/v2\/users\/2"}],"replies":[{"embeddable":true,"href":"https:\/\/juacontecimentos.com.br\/site\/wp-json\/wp\/v2\/comments?post=1897"}],"version-history":[{"count":1,"href":"https:\/\/juacontecimentos.com.br\/site\/wp-json\/wp\/v2\/posts\/1897\/revisions"}],"predecessor-version":[{"id":1899,"href":"https:\/\/juacontecimentos.com.br\/site\/wp-json\/wp\/v2\/posts\/1897\/revisions\/1899"}],"wp:featuredmedia":[{"embeddable":true,"href":"https:\/\/juacontecimentos.com.br\/site\/wp-json\/wp\/v2\/media\/1898"}],"wp:attachment":[{"href":"https:\/\/juacontecimentos.com.br\/site\/wp-json\/wp\/v2\/media?parent=1897"}],"wp:term":[{"taxonomy":"category","embeddable":true,"href":"https:\/\/juacontecimentos.com.br\/site\/wp-json\/wp\/v2\/categories?post=1897"},{"taxonomy":"post_tag","embeddable":true,"href":"https:\/\/juacontecimentos.com.br\/site\/wp-json\/wp\/v2\/tags?post=1897"}],"curies":[{"name":"wp","href":"https:\/\/api.w.org\/{rel}","templated":true}]}}