{"id":19438,"date":"2022-03-24T19:06:58","date_gmt":"2022-03-24T22:06:58","guid":{"rendered":"https:\/\/juacontecimento.com.br\/site\/?p=19438"},"modified":"2022-03-24T19:16:06","modified_gmt":"2022-03-24T22:16:06","slug":"professor-sousa-filho-assume-solidariedade-em-catalao","status":"publish","type":"post","link":"https:\/\/juacontecimentos.com.br\/site\/professor-sousa-filho-assume-solidariedade-em-catalao\/","title":{"rendered":"Professor Sousa Filho assume Solidariedade em Catal\u00e3o"},"content":{"rendered":"<p><img loading=\"lazy\" decoding=\"async\" class=\"alignnone size-full wp-image-19441\" src=\"https:\/\/juacontecimento.com.br\/site\/wp-content\/uploads\/2022\/03\/IMG-20220324-WA01903.jpg\" alt=\"\" width=\"531\" height=\"409\" srcset=\"https:\/\/juacontecimentos.com.br\/site\/wp-content\/uploads\/2022\/03\/IMG-20220324-WA01903.jpg 531w, https:\/\/juacontecimentos.com.br\/site\/wp-content\/uploads\/2022\/03\/IMG-20220324-WA01903-300x231.jpg 300w\" sizes=\"auto, (max-width: 531px) 100vw, 531px\" \/><\/p>\n<p>O ex-vereador professor Sousa Filho, \u00e9 o novo presidente do partido Solidariedade em Catal\u00e3o. Ap\u00f3s as mudan\u00e7as das regras eleitorais ficaram proibidas as coliga\u00e7\u00f5es proporcionais, assim Sousa foi candidato ao cargo de vereador na \u00faltima elei\u00e7\u00e3o pelo partido MDB, mas acabou n\u00e3o sendo eleito, ficando na primeira supl\u00eancia. Agora assume a presid\u00eancia do Solidariedade com vistas nas elei\u00e7\u00f5es de 2022 e 2024.<\/p>\n<p>\u201cEstou assumindo a presid\u00eancia do Solidariedade, porque \u00e9 um partido que tenho boas rela\u00e7\u00f5es com as lideran\u00e7as da esfera estadual e federal\u201d, explicou Filho.<\/p>\n<p>O Solidariedade tem em seu estatuto uma atua\u00e7\u00e3o baseada nas secretarias de movimentos sociais, integrando as necessidades e a\u00e7\u00f5es da popula\u00e7\u00e3o. Na \u00faltima elei\u00e7\u00e3o de 2018, o Solidariedade elegeu dois deputados estadual e um Federal.<\/p>\n<p>Segundo Sousa, sua expectativa assumindo a lideran\u00e7a do partido em Catal\u00e3o \u00e9 fazer novamente um grupo forte para continuar ajudando a cidade.<\/p>\n<p>\u201cO Solidariedade j\u00e1 teve vereador no munic\u00edpio al\u00e9m de candidaturas a deputado estadual nas \u00faltimas elei\u00e7\u00f5es. Agora vamos mais uma vez formar um grupo estruturado e come\u00e7ar a conversar com os partidos para trabalhar buscando a unidade para o bem de nossa Catal\u00e3o \u201d, finaliza o ex-vereador.<br \/>\n<\/p>\n","protected":false},"excerpt":{"rendered":"<p>O ex-vereador professor Sousa Filho, \u00e9 o novo presidente do partido Solidariedade em Catal\u00e3o. Ap\u00f3s as mudan\u00e7as das regras eleitorais ficaram proibidas as coliga\u00e7\u00f5es proporcionais, assim Sousa foi candidato ao cargo de vereador na \u00faltima elei\u00e7\u00e3o pelo partido MDB, mas acabou n\u00e3o sendo eleito, ficando na primeira supl\u00eancia. Agora assume a presid\u00eancia do Solidariedade com<\/p>\n","protected":false},"author":2,"featured_media":19441,"comment_status":"open","ping_status":"open","sticky":false,"template":"","format":"standard","meta":{"footnotes":""},"categories":[27,22,26,23],"tags":[],"class_list":["post-19438","post","type-post","status-publish","format-standard","has-post-thumbnail","hentry","category-brasil","category-catalao","category-destaque","category-goias"],"yoast_head":"<!-- This site is optimized with the Yoast SEO plugin v25.8 - https:\/\/yoast.com\/wordpress\/plugins\/seo\/ -->\n<title>Professor Sousa Filho assume Solidariedade em Catal\u00e3o - Jornal Ultimos Acontecimentos<\/title>\n<meta name=\"robots\" content=\"index, follow, max-snippet:-1, max-image-preview:large, max-video-preview:-1\" \/>\n<link rel=\"canonical\" href=\"https:\/\/juacontecimentos.com.br\/site\/professor-sousa-filho-assume-solidariedade-em-catalao\/\" \/>\n<meta property=\"og:locale\" content=\"pt_BR\" \/>\n<meta property=\"og:type\" content=\"article\" \/>\n<meta property=\"og:title\" content=\"Professor Sousa Filho assume Solidariedade em Catal\u00e3o - Jornal Ultimos Acontecimentos\" \/>\n<meta property=\"og:description\" content=\"O ex-vereador professor Sousa Filho, \u00e9 o novo presidente do partido Solidariedade em Catal\u00e3o. Ap\u00f3s as mudan\u00e7as das regras eleitorais ficaram proibidas as coliga\u00e7\u00f5es proporcionais, assim Sousa foi candidato ao cargo de vereador na \u00faltima elei\u00e7\u00e3o pelo partido MDB, mas acabou n\u00e3o sendo eleito, ficando na primeira supl\u00eancia. Agora assume a presid\u00eancia do Solidariedade com\" \/>\n<meta property=\"og:url\" content=\"https:\/\/juacontecimentos.com.br\/site\/professor-sousa-filho-assume-solidariedade-em-catalao\/\" \/>\n<meta property=\"og:site_name\" content=\"Jornal Ultimos Acontecimentos\" \/>\n<meta property=\"article:publisher\" content=\"https:\/\/www.facebook.com\/jultimosacontecimentos\/\" \/>\n<meta property=\"article:published_time\" content=\"2022-03-24T22:06:58+00:00\" \/>\n<meta property=\"article:modified_time\" content=\"2022-03-24T22:16:06+00:00\" \/>\n<meta property=\"og:image\" content=\"https:\/\/juacontecimentos.com.br\/site\/wp-content\/uploads\/2022\/03\/IMG-20220324-WA01903.jpg\" \/>\n\t<meta property=\"og:image:width\" content=\"531\" \/>\n\t<meta property=\"og:image:height\" content=\"409\" \/>\n\t<meta property=\"og:image:type\" content=\"image\/jpeg\" \/>\n<meta name=\"author\" content=\"Reginaldo Ribeiro\" \/>\n<meta name=\"twitter:card\" content=\"summary_large_image\" \/>\n<meta name=\"twitter:label1\" content=\"Escrito por\" \/>\n\t<meta name=\"twitter:data1\" content=\"Reginaldo Ribeiro\" \/>\n\t<meta name=\"twitter:label2\" content=\"Est. tempo de leitura\" \/>\n\t<meta name=\"twitter:data2\" content=\"1 minuto\" \/>\n<script type=\"application\/ld+json\" class=\"yoast-schema-graph\">{\"@context\":\"https:\/\/schema.org\",\"@graph\":[{\"@type\":\"Article\",\"@id\":\"https:\/\/juacontecimentos.com.br\/site\/professor-sousa-filho-assume-solidariedade-em-catalao\/#article\",\"isPartOf\":{\"@id\":\"https:\/\/juacontecimentos.com.br\/site\/professor-sousa-filho-assume-solidariedade-em-catalao\/\"},\"author\":{\"name\":\"Reginaldo Ribeiro\",\"@id\":\"https:\/\/juacontecimentos.com.br\/site\/#\/schema\/person\/082a54e6d3fdd7a633291428521c9669\"},\"headline\":\"Professor Sousa Filho assume Solidariedade em Catal\u00e3o\",\"datePublished\":\"2022-03-24T22:06:58+00:00\",\"dateModified\":\"2022-03-24T22:16:06+00:00\",\"mainEntityOfPage\":{\"@id\":\"https:\/\/juacontecimentos.com.br\/site\/professor-sousa-filho-assume-solidariedade-em-catalao\/\"},\"wordCount\":214,\"commentCount\":0,\"publisher\":{\"@id\":\"https:\/\/juacontecimentos.com.br\/site\/#organization\"},\"image\":{\"@id\":\"https:\/\/juacontecimentos.com.br\/site\/professor-sousa-filho-assume-solidariedade-em-catalao\/#primaryimage\"},\"thumbnailUrl\":\"https:\/\/juacontecimentos.com.br\/site\/wp-content\/uploads\/2022\/03\/IMG-20220324-WA01903.jpg\",\"articleSection\":[\"Brasil\",\"Catal\u00e3o\",\"Destaque\",\"Goi\u00e1s\"],\"inLanguage\":\"pt-BR\"},{\"@type\":\"WebPage\",\"@id\":\"https:\/\/juacontecimentos.com.br\/site\/professor-sousa-filho-assume-solidariedade-em-catalao\/\",\"url\":\"https:\/\/juacontecimentos.com.br\/site\/professor-sousa-filho-assume-solidariedade-em-catalao\/\",\"name\":\"Professor Sousa Filho assume Solidariedade em Catal\u00e3o - Jornal Ultimos Acontecimentos\",\"isPartOf\":{\"@id\":\"https:\/\/juacontecimentos.com.br\/site\/#website\"},\"primaryImageOfPage\":{\"@id\":\"https:\/\/juacontecimentos.com.br\/site\/professor-sousa-filho-assume-solidariedade-em-catalao\/#primaryimage\"},\"image\":{\"@id\":\"https:\/\/juacontecimentos.com.br\/site\/professor-sousa-filho-assume-solidariedade-em-catalao\/#primaryimage\"},\"thumbnailUrl\":\"https:\/\/juacontecimentos.com.br\/site\/wp-content\/uploads\/2022\/03\/IMG-20220324-WA01903.jpg\",\"datePublished\":\"2022-03-24T22:06:58+00:00\",\"dateModified\":\"2022-03-24T22:16:06+00:00\",\"breadcrumb\":{\"@id\":\"https:\/\/juacontecimentos.com.br\/site\/professor-sousa-filho-assume-solidariedade-em-catalao\/#breadcrumb\"},\"inLanguage\":\"pt-BR\",\"potentialAction\":[{\"@type\":\"ReadAction\",\"target\":[\"https:\/\/juacontecimentos.com.br\/site\/professor-sousa-filho-assume-solidariedade-em-catalao\/\"]}]},{\"@type\":\"ImageObject\",\"inLanguage\":\"pt-BR\",\"@id\":\"https:\/\/juacontecimentos.com.br\/site\/professor-sousa-filho-assume-solidariedade-em-catalao\/#primaryimage\",\"url\":\"https:\/\/juacontecimentos.com.br\/site\/wp-content\/uploads\/2022\/03\/IMG-20220324-WA01903.jpg\",\"contentUrl\":\"https:\/\/juacontecimentos.com.br\/site\/wp-content\/uploads\/2022\/03\/IMG-20220324-WA01903.jpg\",\"width\":531,\"height\":409},{\"@type\":\"BreadcrumbList\",\"@id\":\"https:\/\/juacontecimentos.com.br\/site\/professor-sousa-filho-assume-solidariedade-em-catalao\/#breadcrumb\",\"itemListElement\":[{\"@type\":\"ListItem\",\"position\":1,\"name\":\"In\u00edcio\",\"item\":\"https:\/\/juacontecimentos.com.br\/site\/\"},{\"@type\":\"ListItem\",\"position\":2,\"name\":\"Professor Sousa Filho assume Solidariedade em Catal\u00e3o\"}]},{\"@type\":\"WebSite\",\"@id\":\"https:\/\/juacontecimentos.com.br\/site\/#website\",\"url\":\"https:\/\/juacontecimentos.com.br\/site\/\",\"name\":\"Jornal Ultimos Acontecimentos\",\"description\":\"Catal\u00e3o e regi\u00e3o\",\"publisher\":{\"@id\":\"https:\/\/juacontecimentos.com.br\/site\/#organization\"},\"potentialAction\":[{\"@type\":\"SearchAction\",\"target\":{\"@type\":\"EntryPoint\",\"urlTemplate\":\"https:\/\/juacontecimentos.com.br\/site\/?s={search_term_string}\"},\"query-input\":{\"@type\":\"PropertyValueSpecification\",\"valueRequired\":true,\"valueName\":\"search_term_string\"}}],\"inLanguage\":\"pt-BR\"},{\"@type\":\"Organization\",\"@id\":\"https:\/\/juacontecimentos.com.br\/site\/#organization\",\"name\":\"Jornal Ultimos Acontecimentos\",\"url\":\"https:\/\/juacontecimentos.com.br\/site\/\",\"logo\":{\"@type\":\"ImageObject\",\"inLanguage\":\"pt-BR\",\"@id\":\"https:\/\/juacontecimentos.com.br\/site\/#\/schema\/logo\/image\/\",\"url\":\"https:\/\/juacontecimentos.com.br\/site\/wp-content\/uploads\/2023\/04\/Logo_Site.png\",\"contentUrl\":\"https:\/\/juacontecimentos.com.br\/site\/wp-content\/uploads\/2023\/04\/Logo_Site.png\",\"width\":2476,\"height\":530,\"caption\":\"Jornal Ultimos Acontecimentos\"},\"image\":{\"@id\":\"https:\/\/juacontecimentos.com.br\/site\/#\/schema\/logo\/image\/\"},\"sameAs\":[\"https:\/\/www.facebook.com\/jultimosacontecimentos\/\"]},{\"@type\":\"Person\",\"@id\":\"https:\/\/juacontecimentos.com.br\/site\/#\/schema\/person\/082a54e6d3fdd7a633291428521c9669\",\"name\":\"Reginaldo Ribeiro\",\"image\":{\"@type\":\"ImageObject\",\"inLanguage\":\"pt-BR\",\"@id\":\"https:\/\/juacontecimentos.com.br\/site\/#\/schema\/person\/image\/\",\"url\":\"https:\/\/secure.gravatar.com\/avatar\/5c16c6837c3490270a74d888c2a845728f06bdde1f8761de1de1d1d1ef82d12f?s=96&d=mm&r=g\",\"contentUrl\":\"https:\/\/secure.gravatar.com\/avatar\/5c16c6837c3490270a74d888c2a845728f06bdde1f8761de1de1d1d1ef82d12f?s=96&d=mm&r=g\",\"caption\":\"Reginaldo Ribeiro\"}}]}<\/script>\n<!-- \/ Yoast SEO plugin. -->","yoast_head_json":{"title":"Professor Sousa Filho assume Solidariedade em Catal\u00e3o - Jornal Ultimos Acontecimentos","robots":{"index":"index","follow":"follow","max-snippet":"max-snippet:-1","max-image-preview":"max-image-preview:large","max-video-preview":"max-video-preview:-1"},"canonical":"https:\/\/juacontecimentos.com.br\/site\/professor-sousa-filho-assume-solidariedade-em-catalao\/","og_locale":"pt_BR","og_type":"article","og_title":"Professor Sousa Filho assume Solidariedade em Catal\u00e3o - Jornal Ultimos Acontecimentos","og_description":"O ex-vereador professor Sousa Filho, \u00e9 o novo presidente do partido Solidariedade em Catal\u00e3o. Ap\u00f3s as mudan\u00e7as das regras eleitorais ficaram proibidas as coliga\u00e7\u00f5es proporcionais, assim Sousa foi candidato ao cargo de vereador na \u00faltima elei\u00e7\u00e3o pelo partido MDB, mas acabou n\u00e3o sendo eleito, ficando na primeira supl\u00eancia. Agora assume a presid\u00eancia do Solidariedade com","og_url":"https:\/\/juacontecimentos.com.br\/site\/professor-sousa-filho-assume-solidariedade-em-catalao\/","og_site_name":"Jornal Ultimos Acontecimentos","article_publisher":"https:\/\/www.facebook.com\/jultimosacontecimentos\/","article_published_time":"2022-03-24T22:06:58+00:00","article_modified_time":"2022-03-24T22:16:06+00:00","og_image":[{"width":531,"height":409,"url":"https:\/\/juacontecimentos.com.br\/site\/wp-content\/uploads\/2022\/03\/IMG-20220324-WA01903.jpg","type":"image\/jpeg"}],"author":"Reginaldo Ribeiro","twitter_card":"summary_large_image","twitter_misc":{"Escrito por":"Reginaldo Ribeiro","Est. tempo de leitura":"1 minuto"},"schema":{"@context":"https:\/\/schema.org","@graph":[{"@type":"Article","@id":"https:\/\/juacontecimentos.com.br\/site\/professor-sousa-filho-assume-solidariedade-em-catalao\/#article","isPartOf":{"@id":"https:\/\/juacontecimentos.com.br\/site\/professor-sousa-filho-assume-solidariedade-em-catalao\/"},"author":{"name":"Reginaldo Ribeiro","@id":"https:\/\/juacontecimentos.com.br\/site\/#\/schema\/person\/082a54e6d3fdd7a633291428521c9669"},"headline":"Professor Sousa Filho assume Solidariedade em Catal\u00e3o","datePublished":"2022-03-24T22:06:58+00:00","dateModified":"2022-03-24T22:16:06+00:00","mainEntityOfPage":{"@id":"https:\/\/juacontecimentos.com.br\/site\/professor-sousa-filho-assume-solidariedade-em-catalao\/"},"wordCount":214,"commentCount":0,"publisher":{"@id":"https:\/\/juacontecimentos.com.br\/site\/#organization"},"image":{"@id":"https:\/\/juacontecimentos.com.br\/site\/professor-sousa-filho-assume-solidariedade-em-catalao\/#primaryimage"},"thumbnailUrl":"https:\/\/juacontecimentos.com.br\/site\/wp-content\/uploads\/2022\/03\/IMG-20220324-WA01903.jpg","articleSection":["Brasil","Catal\u00e3o","Destaque","Goi\u00e1s"],"inLanguage":"pt-BR"},{"@type":"WebPage","@id":"https:\/\/juacontecimentos.com.br\/site\/professor-sousa-filho-assume-solidariedade-em-catalao\/","url":"https:\/\/juacontecimentos.com.br\/site\/professor-sousa-filho-assume-solidariedade-em-catalao\/","name":"Professor Sousa Filho assume Solidariedade em Catal\u00e3o - Jornal Ultimos Acontecimentos","isPartOf":{"@id":"https:\/\/juacontecimentos.com.br\/site\/#website"},"primaryImageOfPage":{"@id":"https:\/\/juacontecimentos.com.br\/site\/professor-sousa-filho-assume-solidariedade-em-catalao\/#primaryimage"},"image":{"@id":"https:\/\/juacontecimentos.com.br\/site\/professor-sousa-filho-assume-solidariedade-em-catalao\/#primaryimage"},"thumbnailUrl":"https:\/\/juacontecimentos.com.br\/site\/wp-content\/uploads\/2022\/03\/IMG-20220324-WA01903.jpg","datePublished":"2022-03-24T22:06:58+00:00","dateModified":"2022-03-24T22:16:06+00:00","breadcrumb":{"@id":"https:\/\/juacontecimentos.com.br\/site\/professor-sousa-filho-assume-solidariedade-em-catalao\/#breadcrumb"},"inLanguage":"pt-BR","potentialAction":[{"@type":"ReadAction","target":["https:\/\/juacontecimentos.com.br\/site\/professor-sousa-filho-assume-solidariedade-em-catalao\/"]}]},{"@type":"ImageObject","inLanguage":"pt-BR","@id":"https:\/\/juacontecimentos.com.br\/site\/professor-sousa-filho-assume-solidariedade-em-catalao\/#primaryimage","url":"https:\/\/juacontecimentos.com.br\/site\/wp-content\/uploads\/2022\/03\/IMG-20220324-WA01903.jpg","contentUrl":"https:\/\/juacontecimentos.com.br\/site\/wp-content\/uploads\/2022\/03\/IMG-20220324-WA01903.jpg","width":531,"height":409},{"@type":"BreadcrumbList","@id":"https:\/\/juacontecimentos.com.br\/site\/professor-sousa-filho-assume-solidariedade-em-catalao\/#breadcrumb","itemListElement":[{"@type":"ListItem","position":1,"name":"In\u00edcio","item":"https:\/\/juacontecimentos.com.br\/site\/"},{"@type":"ListItem","position":2,"name":"Professor Sousa Filho assume Solidariedade em Catal\u00e3o"}]},{"@type":"WebSite","@id":"https:\/\/juacontecimentos.com.br\/site\/#website","url":"https:\/\/juacontecimentos.com.br\/site\/","name":"Jornal Ultimos Acontecimentos","description":"Catal\u00e3o e regi\u00e3o","publisher":{"@id":"https:\/\/juacontecimentos.com.br\/site\/#organization"},"potentialAction":[{"@type":"SearchAction","target":{"@type":"EntryPoint","urlTemplate":"https:\/\/juacontecimentos.com.br\/site\/?s={search_term_string}"},"query-input":{"@type":"PropertyValueSpecification","valueRequired":true,"valueName":"search_term_string"}}],"inLanguage":"pt-BR"},{"@type":"Organization","@id":"https:\/\/juacontecimentos.com.br\/site\/#organization","name":"Jornal Ultimos Acontecimentos","url":"https:\/\/juacontecimentos.com.br\/site\/","logo":{"@type":"ImageObject","inLanguage":"pt-BR","@id":"https:\/\/juacontecimentos.com.br\/site\/#\/schema\/logo\/image\/","url":"https:\/\/juacontecimentos.com.br\/site\/wp-content\/uploads\/2023\/04\/Logo_Site.png","contentUrl":"https:\/\/juacontecimentos.com.br\/site\/wp-content\/uploads\/2023\/04\/Logo_Site.png","width":2476,"height":530,"caption":"Jornal Ultimos Acontecimentos"},"image":{"@id":"https:\/\/juacontecimentos.com.br\/site\/#\/schema\/logo\/image\/"},"sameAs":["https:\/\/www.facebook.com\/jultimosacontecimentos\/"]},{"@type":"Person","@id":"https:\/\/juacontecimentos.com.br\/site\/#\/schema\/person\/082a54e6d3fdd7a633291428521c9669","name":"Reginaldo Ribeiro","image":{"@type":"ImageObject","inLanguage":"pt-BR","@id":"https:\/\/juacontecimentos.com.br\/site\/#\/schema\/person\/image\/","url":"https:\/\/secure.gravatar.com\/avatar\/5c16c6837c3490270a74d888c2a845728f06bdde1f8761de1de1d1d1ef82d12f?s=96&d=mm&r=g","contentUrl":"https:\/\/secure.gravatar.com\/avatar\/5c16c6837c3490270a74d888c2a845728f06bdde1f8761de1de1d1d1ef82d12f?s=96&d=mm&r=g","caption":"Reginaldo Ribeiro"}}]}},"_links":{"self":[{"href":"https:\/\/juacontecimentos.com.br\/site\/wp-json\/wp\/v2\/posts\/19438","targetHints":{"allow":["GET"]}}],"collection":[{"href":"https:\/\/juacontecimentos.com.br\/site\/wp-json\/wp\/v2\/posts"}],"about":[{"href":"https:\/\/juacontecimentos.com.br\/site\/wp-json\/wp\/v2\/types\/post"}],"author":[{"embeddable":true,"href":"https:\/\/juacontecimentos.com.br\/site\/wp-json\/wp\/v2\/users\/2"}],"replies":[{"embeddable":true,"href":"https:\/\/juacontecimentos.com.br\/site\/wp-json\/wp\/v2\/comments?post=19438"}],"version-history":[{"count":2,"href":"https:\/\/juacontecimentos.com.br\/site\/wp-json\/wp\/v2\/posts\/19438\/revisions"}],"predecessor-version":[{"id":19442,"href":"https:\/\/juacontecimentos.com.br\/site\/wp-json\/wp\/v2\/posts\/19438\/revisions\/19442"}],"wp:featuredmedia":[{"embeddable":true,"href":"https:\/\/juacontecimentos.com.br\/site\/wp-json\/wp\/v2\/media\/19441"}],"wp:attachment":[{"href":"https:\/\/juacontecimentos.com.br\/site\/wp-json\/wp\/v2\/media?parent=19438"}],"wp:term":[{"taxonomy":"category","embeddable":true,"href":"https:\/\/juacontecimentos.com.br\/site\/wp-json\/wp\/v2\/categories?post=19438"},{"taxonomy":"post_tag","embeddable":true,"href":"https:\/\/juacontecimentos.com.br\/site\/wp-json\/wp\/v2\/tags?post=19438"}],"curies":[{"name":"wp","href":"https:\/\/api.w.org\/{rel}","templated":true}]}}