{"id":19621,"date":"2022-04-05T21:01:15","date_gmt":"2022-04-06T00:01:15","guid":{"rendered":"https:\/\/juacontecimento.com.br\/site\/?p=19621"},"modified":"2022-04-05T21:01:15","modified_gmt":"2022-04-06T00:01:15","slug":"chapa-forte-apos-novas-filiacoes-solidariedade-quer-eleger-dois-deputados-federais-e-tres-na-alego","status":"publish","type":"post","link":"https:\/\/juacontecimentos.com.br\/site\/chapa-forte-apos-novas-filiacoes-solidariedade-quer-eleger-dois-deputados-federais-e-tres-na-alego\/","title":{"rendered":"Chapa forte: Ap\u00f3s novas filia\u00e7\u00f5es, Solidariedade quer eleger dois deputados federais e tr\u00eas na Alego"},"content":{"rendered":"<p><strong>Chapa de deputados federais da sigla deve contar com 17 nomes e a de estaduais, com 39<\/strong><\/p>\n<p><img loading=\"lazy\" decoding=\"async\" class=\"alignnone size-full wp-image-19622\" src=\"https:\/\/juacontecimento.com.br\/site\/wp-content\/uploads\/2022\/04\/Lucas-Vergilio-e-Dante-Volei.jpg\" alt=\"\" width=\"768\" height=\"433\" srcset=\"https:\/\/juacontecimentos.com.br\/site\/wp-content\/uploads\/2022\/04\/Lucas-Vergilio-e-Dante-Volei.jpg 768w, https:\/\/juacontecimentos.com.br\/site\/wp-content\/uploads\/2022\/04\/Lucas-Vergilio-e-Dante-Volei-300x169.jpg 300w\" sizes=\"auto, (max-width: 768px) 100vw, 768px\" \/><\/p>\n<p>Ap\u00f3s o fechamento da \u201cjanela partid\u00e1ria\u201d no \u00faltimo final de semana, o presidente do Diret\u00f3rio Regional do Solidariedade, Lucas Verg\u00edlio, passou a trabalhar com a hip\u00f3tese de fazer duas cadeiras na C\u00e2mara Federal e tr\u00eas na Assembleia Legislativa de Goi\u00e1s (Alego), repetindo o feito de 2018, quando a sigla fez duas cadeiras na Casa sem participar de nenhuma coliga\u00e7\u00e3o. Isso, porque desde a \u00faltima reforma eleitoral, as coliga\u00e7\u00f5es est\u00e3o vedadas \u00e0s elei\u00e7\u00f5es ao Legislativo.<\/p>\n<p>Durante a janela, a sigla contou com a filia\u00e7\u00e3o de Dante Volei (ex-MDB), de Bill Guerra (ex-PTC e ex-PSL), Ti\u00e3o Peixoto (ex-Democratas), al\u00e9m de outros nomes do Entorno, de Rio Verde e de Trindade \u2013 todos postulantes \u00e0s 17 cadeiras da C\u00e2mara Federal. Dante, por exemplo, \u00e9 quarto suplente na C\u00e2mara Federal. Ele obteve 26.507 votos na chapa do MDB, Republicanos e Progressistas nas elei\u00e7\u00f5es daquele ano. Bill Guerra tamb\u00e9m concorreu a C\u00e2mara Federal e, pela chapa PRTB, PTC, PMN e PMB, obteve 12.038 votos. No entanto, Guerra n\u00e3o ficou na supl\u00eancia, porque a chapa n\u00e3o fez nenhuma cadeira.<\/p>\n<p>Outro nome da sigla que deve compor a chapa que vai concorrer \u00e0s cadeiras em Bras\u00edlia \u00e9 o do vereador de Goi\u00e2nia, Jo\u00e3ozinho Guimar\u00e3es (Solidariedade), eleito na C\u00e2mara Municipal de Goi\u00e2nia em 2020 com 1.950 votos. \u201cS\u00e3o muitos nomes que fazem a nossa sigla pensar em fazer dois deputados federais\u201d, comenta Verg\u00edlio que, inclusive, \u00e9 pr\u00e9-candidato \u00e0 reelei\u00e7\u00e3o pela sigla.<\/p>\n<h2><strong>Chapa com 39 nomes\u00a0<\/strong><\/h2>\n<p>A chapa para deputado estadual ainda \u00e9 bem mais robusta, segundo o presidente da sigla, e deve contar com 39 nomes. O n\u00famero total corresponde a apenas tr\u00eas a menos que o limite permitido pelo Tribunal Superior Eleitoral (TSE), que \u00e9 de 100% da quantidade de vagas para deputados estaduais, mais um. Ou seja, 42 postulantes na nominata da sigla. Assim, entre os nomes que devem compor a chapa do partido, est\u00e3o o ex-presidente da Ag\u00eancia Goiana de Habita\u00e7\u00e3o (Agehab), Luiz Sampaio, e\u00a0<a href=\"https:\/\/www.jornalopcao.com.br\/ultimas-noticias\/ex-prefeita-de-goias-se-filia-ao-solidariedade-para-concorrer-cadeira-na-alego-389500\/\">a ex-prefeita de Goi\u00e1s, Selma Bastos, como j\u00e1 adiantado<\/a><strong>.<\/strong><\/p>\n<p>Sampaio \u00e9 segundo suplente na chapa de deputados estaduais do DC, tendo obtido12.993 votos no \u00faltimo pleito. J\u00e1 a ex-prefeita de Goi\u00e1s, que teve 6.374 votos em sua reelei\u00e7\u00e3o de 2016 como chefe do Executivo municipal e 8.447 em 2012, ao ser eleita pela primeira vez. Para o presidente do partido, essa quantidade robusta de votos j\u00e1 obtida pelos pr\u00e9-candidatos em elei\u00e7\u00f5es anteriores deve contribuir para o desempenho dos nomes indicados pelo partido na disputa desse ano. \u201cNa Alego, contamos com nomes que foram testados nas urnas e que obtiveram at\u00e9 13 mil votos em elei\u00e7\u00f5es anteriores. \u00c9 uma chapa bastante competitiva e quem tiver entre 14 e 16 mil votos neste pleito tem grandes chances de ser eleito com essa m\u00e9dia de votos que vai permitir que todos concorram de forma igual\u201d, acrescenta Baldy.<\/p>\n<p>Esta ser\u00e1 a segunda vez que o Solidariedade vai concorrer com uma \u201cchapa pura\u201d. Em 2018, o partido fechou uma nominata com 50 nomes (na \u00e9poca a chapa poderia contar com at\u00e9 150% das cadeiras dispon\u00edveis). Naquela ocasi\u00e3o, a sigla fez dois deputados, Amilton Filho e Thiago Albernaz, que obtiveram, respectivamente, 16.486 e 14.561 votos. Eles, no entanto, acabaram n\u00e3o ficando na sigla e migraram para o MDB. Ainda assim, o intuito do partido \u00e9 repetir o feito, de chegar a duas, ou tr\u00eas cadeiras.<\/p>\n<p>Fonte: J Op\u00e7\u00e3o<br \/>\n<\/p>\n","protected":false},"excerpt":{"rendered":"<p>Chapa de deputados federais da sigla deve contar com 17 nomes e a de estaduais, com 39 Ap\u00f3s o fechamento da \u201cjanela partid\u00e1ria\u201d no \u00faltimo final de semana, o presidente do Diret\u00f3rio Regional do Solidariedade, Lucas Verg\u00edlio, passou a trabalhar com a hip\u00f3tese de fazer duas cadeiras na C\u00e2mara Federal e tr\u00eas na Assembleia Legislativa<\/p>\n","protected":false},"author":2,"featured_media":19622,"comment_status":"open","ping_status":"open","sticky":false,"template":"","format":"standard","meta":{"footnotes":""},"categories":[27,22,26,23],"tags":[],"class_list":["post-19621","post","type-post","status-publish","format-standard","has-post-thumbnail","hentry","category-brasil","category-catalao","category-destaque","category-goias"],"yoast_head":"<!-- This site is optimized with the Yoast SEO plugin v25.8 - https:\/\/yoast.com\/wordpress\/plugins\/seo\/ -->\n<title>Chapa forte: Ap\u00f3s novas filia\u00e7\u00f5es, Solidariedade quer eleger dois deputados federais e tr\u00eas na Alego - Jornal Ultimos Acontecimentos<\/title>\n<meta name=\"robots\" content=\"index, follow, max-snippet:-1, max-image-preview:large, max-video-preview:-1\" \/>\n<link rel=\"canonical\" href=\"https:\/\/juacontecimentos.com.br\/site\/chapa-forte-apos-novas-filiacoes-solidariedade-quer-eleger-dois-deputados-federais-e-tres-na-alego\/\" \/>\n<meta property=\"og:locale\" content=\"pt_BR\" \/>\n<meta property=\"og:type\" content=\"article\" \/>\n<meta property=\"og:title\" content=\"Chapa forte: Ap\u00f3s novas filia\u00e7\u00f5es, Solidariedade quer eleger dois deputados federais e tr\u00eas na Alego - Jornal Ultimos Acontecimentos\" \/>\n<meta property=\"og:description\" content=\"Chapa de deputados federais da sigla deve contar com 17 nomes e a de estaduais, com 39 Ap\u00f3s o fechamento da \u201cjanela partid\u00e1ria\u201d no \u00faltimo final de semana, o presidente do Diret\u00f3rio Regional do Solidariedade, Lucas Verg\u00edlio, passou a trabalhar com a hip\u00f3tese de fazer duas cadeiras na C\u00e2mara Federal e tr\u00eas na Assembleia Legislativa\" \/>\n<meta property=\"og:url\" content=\"https:\/\/juacontecimentos.com.br\/site\/chapa-forte-apos-novas-filiacoes-solidariedade-quer-eleger-dois-deputados-federais-e-tres-na-alego\/\" \/>\n<meta property=\"og:site_name\" content=\"Jornal Ultimos Acontecimentos\" \/>\n<meta property=\"article:publisher\" content=\"https:\/\/www.facebook.com\/jultimosacontecimentos\/\" \/>\n<meta property=\"article:published_time\" content=\"2022-04-06T00:01:15+00:00\" \/>\n<meta property=\"og:image\" content=\"https:\/\/juacontecimentos.com.br\/site\/wp-content\/uploads\/2022\/04\/Lucas-Vergilio-e-Dante-Volei.jpg\" \/>\n\t<meta property=\"og:image:width\" content=\"768\" \/>\n\t<meta property=\"og:image:height\" content=\"433\" \/>\n\t<meta property=\"og:image:type\" content=\"image\/jpeg\" \/>\n<meta name=\"author\" content=\"Reginaldo Ribeiro\" \/>\n<meta name=\"twitter:card\" content=\"summary_large_image\" \/>\n<meta name=\"twitter:label1\" content=\"Escrito por\" \/>\n\t<meta name=\"twitter:data1\" content=\"Reginaldo Ribeiro\" \/>\n\t<meta name=\"twitter:label2\" content=\"Est. tempo de leitura\" \/>\n\t<meta name=\"twitter:data2\" content=\"3 minutos\" \/>\n<script type=\"application\/ld+json\" class=\"yoast-schema-graph\">{\"@context\":\"https:\/\/schema.org\",\"@graph\":[{\"@type\":\"Article\",\"@id\":\"https:\/\/juacontecimentos.com.br\/site\/chapa-forte-apos-novas-filiacoes-solidariedade-quer-eleger-dois-deputados-federais-e-tres-na-alego\/#article\",\"isPartOf\":{\"@id\":\"https:\/\/juacontecimentos.com.br\/site\/chapa-forte-apos-novas-filiacoes-solidariedade-quer-eleger-dois-deputados-federais-e-tres-na-alego\/\"},\"author\":{\"name\":\"Reginaldo Ribeiro\",\"@id\":\"https:\/\/juacontecimentos.com.br\/site\/#\/schema\/person\/082a54e6d3fdd7a633291428521c9669\"},\"headline\":\"Chapa forte: Ap\u00f3s novas filia\u00e7\u00f5es, Solidariedade quer eleger dois deputados federais e tr\u00eas na Alego\",\"datePublished\":\"2022-04-06T00:01:15+00:00\",\"mainEntityOfPage\":{\"@id\":\"https:\/\/juacontecimentos.com.br\/site\/chapa-forte-apos-novas-filiacoes-solidariedade-quer-eleger-dois-deputados-federais-e-tres-na-alego\/\"},\"wordCount\":603,\"commentCount\":0,\"publisher\":{\"@id\":\"https:\/\/juacontecimentos.com.br\/site\/#organization\"},\"image\":{\"@id\":\"https:\/\/juacontecimentos.com.br\/site\/chapa-forte-apos-novas-filiacoes-solidariedade-quer-eleger-dois-deputados-federais-e-tres-na-alego\/#primaryimage\"},\"thumbnailUrl\":\"https:\/\/juacontecimentos.com.br\/site\/wp-content\/uploads\/2022\/04\/Lucas-Vergilio-e-Dante-Volei.jpg\",\"articleSection\":[\"Brasil\",\"Catal\u00e3o\",\"Destaque\",\"Goi\u00e1s\"],\"inLanguage\":\"pt-BR\"},{\"@type\":\"WebPage\",\"@id\":\"https:\/\/juacontecimentos.com.br\/site\/chapa-forte-apos-novas-filiacoes-solidariedade-quer-eleger-dois-deputados-federais-e-tres-na-alego\/\",\"url\":\"https:\/\/juacontecimentos.com.br\/site\/chapa-forte-apos-novas-filiacoes-solidariedade-quer-eleger-dois-deputados-federais-e-tres-na-alego\/\",\"name\":\"Chapa forte: Ap\u00f3s novas filia\u00e7\u00f5es, Solidariedade quer eleger dois deputados federais e tr\u00eas na Alego - Jornal Ultimos Acontecimentos\",\"isPartOf\":{\"@id\":\"https:\/\/juacontecimentos.com.br\/site\/#website\"},\"primaryImageOfPage\":{\"@id\":\"https:\/\/juacontecimentos.com.br\/site\/chapa-forte-apos-novas-filiacoes-solidariedade-quer-eleger-dois-deputados-federais-e-tres-na-alego\/#primaryimage\"},\"image\":{\"@id\":\"https:\/\/juacontecimentos.com.br\/site\/chapa-forte-apos-novas-filiacoes-solidariedade-quer-eleger-dois-deputados-federais-e-tres-na-alego\/#primaryimage\"},\"thumbnailUrl\":\"https:\/\/juacontecimentos.com.br\/site\/wp-content\/uploads\/2022\/04\/Lucas-Vergilio-e-Dante-Volei.jpg\",\"datePublished\":\"2022-04-06T00:01:15+00:00\",\"breadcrumb\":{\"@id\":\"https:\/\/juacontecimentos.com.br\/site\/chapa-forte-apos-novas-filiacoes-solidariedade-quer-eleger-dois-deputados-federais-e-tres-na-alego\/#breadcrumb\"},\"inLanguage\":\"pt-BR\",\"potentialAction\":[{\"@type\":\"ReadAction\",\"target\":[\"https:\/\/juacontecimentos.com.br\/site\/chapa-forte-apos-novas-filiacoes-solidariedade-quer-eleger-dois-deputados-federais-e-tres-na-alego\/\"]}]},{\"@type\":\"ImageObject\",\"inLanguage\":\"pt-BR\",\"@id\":\"https:\/\/juacontecimentos.com.br\/site\/chapa-forte-apos-novas-filiacoes-solidariedade-quer-eleger-dois-deputados-federais-e-tres-na-alego\/#primaryimage\",\"url\":\"https:\/\/juacontecimentos.com.br\/site\/wp-content\/uploads\/2022\/04\/Lucas-Vergilio-e-Dante-Volei.jpg\",\"contentUrl\":\"https:\/\/juacontecimentos.com.br\/site\/wp-content\/uploads\/2022\/04\/Lucas-Vergilio-e-Dante-Volei.jpg\",\"width\":768,\"height\":433},{\"@type\":\"BreadcrumbList\",\"@id\":\"https:\/\/juacontecimentos.com.br\/site\/chapa-forte-apos-novas-filiacoes-solidariedade-quer-eleger-dois-deputados-federais-e-tres-na-alego\/#breadcrumb\",\"itemListElement\":[{\"@type\":\"ListItem\",\"position\":1,\"name\":\"In\u00edcio\",\"item\":\"https:\/\/juacontecimentos.com.br\/site\/\"},{\"@type\":\"ListItem\",\"position\":2,\"name\":\"Chapa forte: Ap\u00f3s novas filia\u00e7\u00f5es, Solidariedade quer eleger dois deputados federais e tr\u00eas na Alego\"}]},{\"@type\":\"WebSite\",\"@id\":\"https:\/\/juacontecimentos.com.br\/site\/#website\",\"url\":\"https:\/\/juacontecimentos.com.br\/site\/\",\"name\":\"Jornal Ultimos Acontecimentos\",\"description\":\"Catal\u00e3o e regi\u00e3o\",\"publisher\":{\"@id\":\"https:\/\/juacontecimentos.com.br\/site\/#organization\"},\"potentialAction\":[{\"@type\":\"SearchAction\",\"target\":{\"@type\":\"EntryPoint\",\"urlTemplate\":\"https:\/\/juacontecimentos.com.br\/site\/?s={search_term_string}\"},\"query-input\":{\"@type\":\"PropertyValueSpecification\",\"valueRequired\":true,\"valueName\":\"search_term_string\"}}],\"inLanguage\":\"pt-BR\"},{\"@type\":\"Organization\",\"@id\":\"https:\/\/juacontecimentos.com.br\/site\/#organization\",\"name\":\"Jornal Ultimos Acontecimentos\",\"url\":\"https:\/\/juacontecimentos.com.br\/site\/\",\"logo\":{\"@type\":\"ImageObject\",\"inLanguage\":\"pt-BR\",\"@id\":\"https:\/\/juacontecimentos.com.br\/site\/#\/schema\/logo\/image\/\",\"url\":\"https:\/\/juacontecimentos.com.br\/site\/wp-content\/uploads\/2023\/04\/Logo_Site.png\",\"contentUrl\":\"https:\/\/juacontecimentos.com.br\/site\/wp-content\/uploads\/2023\/04\/Logo_Site.png\",\"width\":2476,\"height\":530,\"caption\":\"Jornal Ultimos Acontecimentos\"},\"image\":{\"@id\":\"https:\/\/juacontecimentos.com.br\/site\/#\/schema\/logo\/image\/\"},\"sameAs\":[\"https:\/\/www.facebook.com\/jultimosacontecimentos\/\"]},{\"@type\":\"Person\",\"@id\":\"https:\/\/juacontecimentos.com.br\/site\/#\/schema\/person\/082a54e6d3fdd7a633291428521c9669\",\"name\":\"Reginaldo Ribeiro\",\"image\":{\"@type\":\"ImageObject\",\"inLanguage\":\"pt-BR\",\"@id\":\"https:\/\/juacontecimentos.com.br\/site\/#\/schema\/person\/image\/\",\"url\":\"https:\/\/secure.gravatar.com\/avatar\/5c16c6837c3490270a74d888c2a845728f06bdde1f8761de1de1d1d1ef82d12f?s=96&d=mm&r=g\",\"contentUrl\":\"https:\/\/secure.gravatar.com\/avatar\/5c16c6837c3490270a74d888c2a845728f06bdde1f8761de1de1d1d1ef82d12f?s=96&d=mm&r=g\",\"caption\":\"Reginaldo Ribeiro\"}}]}<\/script>\n<!-- \/ Yoast SEO plugin. -->","yoast_head_json":{"title":"Chapa forte: Ap\u00f3s novas filia\u00e7\u00f5es, Solidariedade quer eleger dois deputados federais e tr\u00eas na Alego - Jornal Ultimos Acontecimentos","robots":{"index":"index","follow":"follow","max-snippet":"max-snippet:-1","max-image-preview":"max-image-preview:large","max-video-preview":"max-video-preview:-1"},"canonical":"https:\/\/juacontecimentos.com.br\/site\/chapa-forte-apos-novas-filiacoes-solidariedade-quer-eleger-dois-deputados-federais-e-tres-na-alego\/","og_locale":"pt_BR","og_type":"article","og_title":"Chapa forte: Ap\u00f3s novas filia\u00e7\u00f5es, Solidariedade quer eleger dois deputados federais e tr\u00eas na Alego - Jornal Ultimos Acontecimentos","og_description":"Chapa de deputados federais da sigla deve contar com 17 nomes e a de estaduais, com 39 Ap\u00f3s o fechamento da \u201cjanela partid\u00e1ria\u201d no \u00faltimo final de semana, o presidente do Diret\u00f3rio Regional do Solidariedade, Lucas Verg\u00edlio, passou a trabalhar com a hip\u00f3tese de fazer duas cadeiras na C\u00e2mara Federal e tr\u00eas na Assembleia Legislativa","og_url":"https:\/\/juacontecimentos.com.br\/site\/chapa-forte-apos-novas-filiacoes-solidariedade-quer-eleger-dois-deputados-federais-e-tres-na-alego\/","og_site_name":"Jornal Ultimos Acontecimentos","article_publisher":"https:\/\/www.facebook.com\/jultimosacontecimentos\/","article_published_time":"2022-04-06T00:01:15+00:00","og_image":[{"width":768,"height":433,"url":"https:\/\/juacontecimentos.com.br\/site\/wp-content\/uploads\/2022\/04\/Lucas-Vergilio-e-Dante-Volei.jpg","type":"image\/jpeg"}],"author":"Reginaldo Ribeiro","twitter_card":"summary_large_image","twitter_misc":{"Escrito por":"Reginaldo Ribeiro","Est. tempo de leitura":"3 minutos"},"schema":{"@context":"https:\/\/schema.org","@graph":[{"@type":"Article","@id":"https:\/\/juacontecimentos.com.br\/site\/chapa-forte-apos-novas-filiacoes-solidariedade-quer-eleger-dois-deputados-federais-e-tres-na-alego\/#article","isPartOf":{"@id":"https:\/\/juacontecimentos.com.br\/site\/chapa-forte-apos-novas-filiacoes-solidariedade-quer-eleger-dois-deputados-federais-e-tres-na-alego\/"},"author":{"name":"Reginaldo Ribeiro","@id":"https:\/\/juacontecimentos.com.br\/site\/#\/schema\/person\/082a54e6d3fdd7a633291428521c9669"},"headline":"Chapa forte: Ap\u00f3s novas filia\u00e7\u00f5es, Solidariedade quer eleger dois deputados federais e tr\u00eas na Alego","datePublished":"2022-04-06T00:01:15+00:00","mainEntityOfPage":{"@id":"https:\/\/juacontecimentos.com.br\/site\/chapa-forte-apos-novas-filiacoes-solidariedade-quer-eleger-dois-deputados-federais-e-tres-na-alego\/"},"wordCount":603,"commentCount":0,"publisher":{"@id":"https:\/\/juacontecimentos.com.br\/site\/#organization"},"image":{"@id":"https:\/\/juacontecimentos.com.br\/site\/chapa-forte-apos-novas-filiacoes-solidariedade-quer-eleger-dois-deputados-federais-e-tres-na-alego\/#primaryimage"},"thumbnailUrl":"https:\/\/juacontecimentos.com.br\/site\/wp-content\/uploads\/2022\/04\/Lucas-Vergilio-e-Dante-Volei.jpg","articleSection":["Brasil","Catal\u00e3o","Destaque","Goi\u00e1s"],"inLanguage":"pt-BR"},{"@type":"WebPage","@id":"https:\/\/juacontecimentos.com.br\/site\/chapa-forte-apos-novas-filiacoes-solidariedade-quer-eleger-dois-deputados-federais-e-tres-na-alego\/","url":"https:\/\/juacontecimentos.com.br\/site\/chapa-forte-apos-novas-filiacoes-solidariedade-quer-eleger-dois-deputados-federais-e-tres-na-alego\/","name":"Chapa forte: Ap\u00f3s novas filia\u00e7\u00f5es, Solidariedade quer eleger dois deputados federais e tr\u00eas na Alego - Jornal Ultimos Acontecimentos","isPartOf":{"@id":"https:\/\/juacontecimentos.com.br\/site\/#website"},"primaryImageOfPage":{"@id":"https:\/\/juacontecimentos.com.br\/site\/chapa-forte-apos-novas-filiacoes-solidariedade-quer-eleger-dois-deputados-federais-e-tres-na-alego\/#primaryimage"},"image":{"@id":"https:\/\/juacontecimentos.com.br\/site\/chapa-forte-apos-novas-filiacoes-solidariedade-quer-eleger-dois-deputados-federais-e-tres-na-alego\/#primaryimage"},"thumbnailUrl":"https:\/\/juacontecimentos.com.br\/site\/wp-content\/uploads\/2022\/04\/Lucas-Vergilio-e-Dante-Volei.jpg","datePublished":"2022-04-06T00:01:15+00:00","breadcrumb":{"@id":"https:\/\/juacontecimentos.com.br\/site\/chapa-forte-apos-novas-filiacoes-solidariedade-quer-eleger-dois-deputados-federais-e-tres-na-alego\/#breadcrumb"},"inLanguage":"pt-BR","potentialAction":[{"@type":"ReadAction","target":["https:\/\/juacontecimentos.com.br\/site\/chapa-forte-apos-novas-filiacoes-solidariedade-quer-eleger-dois-deputados-federais-e-tres-na-alego\/"]}]},{"@type":"ImageObject","inLanguage":"pt-BR","@id":"https:\/\/juacontecimentos.com.br\/site\/chapa-forte-apos-novas-filiacoes-solidariedade-quer-eleger-dois-deputados-federais-e-tres-na-alego\/#primaryimage","url":"https:\/\/juacontecimentos.com.br\/site\/wp-content\/uploads\/2022\/04\/Lucas-Vergilio-e-Dante-Volei.jpg","contentUrl":"https:\/\/juacontecimentos.com.br\/site\/wp-content\/uploads\/2022\/04\/Lucas-Vergilio-e-Dante-Volei.jpg","width":768,"height":433},{"@type":"BreadcrumbList","@id":"https:\/\/juacontecimentos.com.br\/site\/chapa-forte-apos-novas-filiacoes-solidariedade-quer-eleger-dois-deputados-federais-e-tres-na-alego\/#breadcrumb","itemListElement":[{"@type":"ListItem","position":1,"name":"In\u00edcio","item":"https:\/\/juacontecimentos.com.br\/site\/"},{"@type":"ListItem","position":2,"name":"Chapa forte: Ap\u00f3s novas filia\u00e7\u00f5es, Solidariedade quer eleger dois deputados federais e tr\u00eas na Alego"}]},{"@type":"WebSite","@id":"https:\/\/juacontecimentos.com.br\/site\/#website","url":"https:\/\/juacontecimentos.com.br\/site\/","name":"Jornal Ultimos Acontecimentos","description":"Catal\u00e3o e regi\u00e3o","publisher":{"@id":"https:\/\/juacontecimentos.com.br\/site\/#organization"},"potentialAction":[{"@type":"SearchAction","target":{"@type":"EntryPoint","urlTemplate":"https:\/\/juacontecimentos.com.br\/site\/?s={search_term_string}"},"query-input":{"@type":"PropertyValueSpecification","valueRequired":true,"valueName":"search_term_string"}}],"inLanguage":"pt-BR"},{"@type":"Organization","@id":"https:\/\/juacontecimentos.com.br\/site\/#organization","name":"Jornal Ultimos Acontecimentos","url":"https:\/\/juacontecimentos.com.br\/site\/","logo":{"@type":"ImageObject","inLanguage":"pt-BR","@id":"https:\/\/juacontecimentos.com.br\/site\/#\/schema\/logo\/image\/","url":"https:\/\/juacontecimentos.com.br\/site\/wp-content\/uploads\/2023\/04\/Logo_Site.png","contentUrl":"https:\/\/juacontecimentos.com.br\/site\/wp-content\/uploads\/2023\/04\/Logo_Site.png","width":2476,"height":530,"caption":"Jornal Ultimos Acontecimentos"},"image":{"@id":"https:\/\/juacontecimentos.com.br\/site\/#\/schema\/logo\/image\/"},"sameAs":["https:\/\/www.facebook.com\/jultimosacontecimentos\/"]},{"@type":"Person","@id":"https:\/\/juacontecimentos.com.br\/site\/#\/schema\/person\/082a54e6d3fdd7a633291428521c9669","name":"Reginaldo Ribeiro","image":{"@type":"ImageObject","inLanguage":"pt-BR","@id":"https:\/\/juacontecimentos.com.br\/site\/#\/schema\/person\/image\/","url":"https:\/\/secure.gravatar.com\/avatar\/5c16c6837c3490270a74d888c2a845728f06bdde1f8761de1de1d1d1ef82d12f?s=96&d=mm&r=g","contentUrl":"https:\/\/secure.gravatar.com\/avatar\/5c16c6837c3490270a74d888c2a845728f06bdde1f8761de1de1d1d1ef82d12f?s=96&d=mm&r=g","caption":"Reginaldo Ribeiro"}}]}},"_links":{"self":[{"href":"https:\/\/juacontecimentos.com.br\/site\/wp-json\/wp\/v2\/posts\/19621","targetHints":{"allow":["GET"]}}],"collection":[{"href":"https:\/\/juacontecimentos.com.br\/site\/wp-json\/wp\/v2\/posts"}],"about":[{"href":"https:\/\/juacontecimentos.com.br\/site\/wp-json\/wp\/v2\/types\/post"}],"author":[{"embeddable":true,"href":"https:\/\/juacontecimentos.com.br\/site\/wp-json\/wp\/v2\/users\/2"}],"replies":[{"embeddable":true,"href":"https:\/\/juacontecimentos.com.br\/site\/wp-json\/wp\/v2\/comments?post=19621"}],"version-history":[{"count":1,"href":"https:\/\/juacontecimentos.com.br\/site\/wp-json\/wp\/v2\/posts\/19621\/revisions"}],"predecessor-version":[{"id":19623,"href":"https:\/\/juacontecimentos.com.br\/site\/wp-json\/wp\/v2\/posts\/19621\/revisions\/19623"}],"wp:featuredmedia":[{"embeddable":true,"href":"https:\/\/juacontecimentos.com.br\/site\/wp-json\/wp\/v2\/media\/19622"}],"wp:attachment":[{"href":"https:\/\/juacontecimentos.com.br\/site\/wp-json\/wp\/v2\/media?parent=19621"}],"wp:term":[{"taxonomy":"category","embeddable":true,"href":"https:\/\/juacontecimentos.com.br\/site\/wp-json\/wp\/v2\/categories?post=19621"},{"taxonomy":"post_tag","embeddable":true,"href":"https:\/\/juacontecimentos.com.br\/site\/wp-json\/wp\/v2\/tags?post=19621"}],"curies":[{"name":"wp","href":"https:\/\/api.w.org\/{rel}","templated":true}]}}