{"id":1965,"date":"2017-08-06T05:50:31","date_gmt":"2017-08-06T08:50:31","guid":{"rendered":"http:\/\/juacontecimentos.com.br\/site\/?p=1965"},"modified":"2017-08-06T05:50:31","modified_gmt":"2017-08-06T08:50:31","slug":"marconi-comanda-criacao-de-proposta-final-do-mercado-comum-do-brasil-central","status":"publish","type":"post","link":"https:\/\/juacontecimentos.com.br\/site\/marconi-comanda-criacao-de-proposta-final-do-mercado-comum-do-brasil-central\/","title":{"rendered":"Marconi comanda cria\u00e7\u00e3o de proposta final do Mercado Comum do Brasil Central"},"content":{"rendered":"<div class=\"entry-meta\">\n<div class=\"entry-author\">Por\u00a0Matheus Monteiro<\/div>\n<\/div>\n<div class=\"entry-content\">\n<p><strong>Os tr\u00e2mites finais, antes que as Assembleias Legislativas autorizem os governadores a firmarem o pacto, foram debatidos e finalizados durante reuni\u00e3o<\/strong><\/p>\n<\/div>\n<p>O Mercado Comum do Brasil Central, que h\u00e1 dois anos vem sendo discutido no \u00e2mbito do F\u00f3rum de Governadores do Brasil Central, est\u00e1 muito perto de ser consolidado. Os tr\u00e2mites finais, antes que as Assembleias Legislativas autorizem os governadores a firmarem o pacto, foram debatidos e finalizados durante reuni\u00e3o da Comiss\u00e3o Tem\u00e1tica de Economia do F\u00f3rum de Governadores que foi realizada ontem e hoje em Campo Grande, capital do Mato Grosso do Sul.<\/p>\n<p>De acordo com o governador Marconi Perillo, presidente do F\u00f3rum de Governadores do Brasil Central, o projeto passa por um trabalho de unifica\u00e7\u00e3o de al\u00edquotas, em fase de finaliza\u00e7\u00e3o. Implantado, o mercado comum ter\u00e1 uma fase de transi\u00e7\u00e3o para que haja unicidade de al\u00edquotas.<\/p>\n<p>Ficou definida, durante o caf\u00e9 da manh\u00e3 dos governadores, a proposta a ser fechada na reuni\u00e3o de Porto Velho (RO) que ocorrer\u00e1 em outubro. \u201cAt\u00e9 o dia 30 de setembro, ser\u00e1 formatado o projeto final da proposta para que os estados possam encaminh\u00e1-lo \u00e0s assembleias legislativas. Na ocasi\u00e3o, ser\u00e3o definidos os prazos que os estados ter\u00e3o para unificar as al\u00edquotas de produtos, bens e servi\u00e7os\u201d, salientou Marconi.<\/p>\n<p>\u201cNossa preocupa\u00e7\u00e3o \u00e9 que os estados n\u00e3o percam as suas receitas. Por isso, faremos essa unifica\u00e7\u00e3o com um gatilho\u201d, complementou o governador do Mato Grosso do Sul, Reinaldo Azambuja.<\/p>\n<p>Na lista dos produtos que ter\u00e3o al\u00edquotas diferenciadas dentro do Mercado Comum constam carnes, cigarros, joias, cosm\u00e9ticos, perfumaria, energia, cerveja, refrigerante, comunica\u00e7\u00e3o, etanol, gasolina, diesel, dentre outros. \u201cA grande maioria dos produtos ser\u00e1 unificada de imediato porque n\u00e3o existem muitas diferen\u00e7as de al\u00edquota\u201d, salientou Azambuja.<\/p>\n<p>A\u00e7\u00e3o semelhante, s\u00f3 que com medicamentos, est\u00e1 na pauta central das discuss\u00f5es do F\u00f3rum. A C\u00e2mara T\u00e9cnica de Sa\u00fade, coordenada pelo secret\u00e1rio de Sa\u00fade de Goi\u00e1s, Leonardo Vilela, est\u00e1 fechando uma proposta de compra compartilhada de medicamentos de alto custo para todos os estados. Por sua lideran\u00e7a no ranking nacional de produ\u00e7\u00e3o de medicamentos e em decorr\u00eancia das avan\u00e7adas pr\u00e1ticas de negocia\u00e7\u00e3o, o estado de Goi\u00e1s ir\u00e1 tomar frente na elabora\u00e7\u00e3o das atas de registro de pre\u00e7os que ser\u00e3o adotadas pelos demais estados.<\/p>\n<p>\u201cVamos comprar em escala, deixaremos de comprar de distribuidores para comprar diretamente da ind\u00fastria, o que far\u00e1 com que o nosso custo seja diminu\u00eddo, al\u00e9m de ganharmos na distribui\u00e7\u00e3o desses medicamentos\u201d, comentou o governador do Mato Grosso, Pedro Taques.<\/p>\n<p>Leonardo Vilela lembrou que os sete estados integrantes do Cons\u00f3rcio gastam anualmente em torno de R$ 500 milh\u00f5es com medicamentos de alto custo. \u201cN\u00f3s vamos aproveitar o poder de negocia\u00e7\u00e3o de Goi\u00e1s para comprar com economia para os estados\u201d.<\/p>\n<p>Na reuni\u00e3o preliminar \u00e0 assembleia dos governadores, os secret\u00e1rios definiram a forma\u00e7\u00e3o de uma comiss\u00e3o t\u00e9cnica. No decorrer da pr\u00f3xima semana, j\u00e1 come\u00e7ar\u00e3o a ser definidos alguns medicamentos de alto custo para que seja formalizada uma ata conjunta.<\/p>\n<p>O secret\u00e1rio destacou que 80% dos medicamentos de alto custo s\u00e3o ligados a tratamentos oncol\u00f3gicos. \u201cSem d\u00favida s\u00e3o os medicamentos que lideram as listas de todos os estados\u201d, salientou.<\/p>\n<p>O ressarcimento dos estados por perdas decorrentes da aplica\u00e7\u00e3o da \u00a0Lei Kandir, que regulamentou a aplica\u00e7\u00e3o do ICMS das exporta\u00e7\u00f5es, tamb\u00e9m foi debatida pelos governadores.<\/p>\n<p>A Lei, criada pelo ent\u00e3o ministro do Planejamento Antonio Kandir prev\u00ea a isen\u00e7\u00e3o do pagamento de ICMS sobre as exporta\u00e7\u00f5es de produtos prim\u00e1rios e semielaborados ou servi\u00e7os. Por esse motivo, a lei sempre provocou pol\u00eamica entre os governadores de estados exportadores, que alegam perda de arrecada\u00e7\u00e3o devido \u00e0 isen\u00e7\u00e3o do imposto nesses produtos. S\u00f3 o Mato Grosso, segundo o governador Pedro Taques, t\u00eam um cr\u00e9dito consolidado com a Uni\u00e3o de R$ 20 bilh\u00f5es.<\/p>\n<p>At\u00e9 2003, a Lei Kandir garantiu aos estados o repasse de valores a t\u00edtulo de compensa\u00e7\u00e3o pelas perdas decorrentes da isen\u00e7\u00e3o de ICMS, mas, a partir de 2004, a Lei Complementar 115 \u2013 uma das que alteraram essa legisla\u00e7\u00e3o \u2013, embora mantendo o direito de repasse, deixou de fixar o valor. Com isso, os governadores precisam negociar a cada ano com o Executivo o montante a ser repassado, mediante recursos alocados no or\u00e7amento geral da Uni\u00e3o.<\/p>\n<p>Agora, o STF julgou pertinente a reivindica\u00e7\u00e3o dos estados de serem ressarcidos pela ren\u00fancia fiscal que fizeram ao longo dos anos dentro da Lei Kandir. \u201cVamos ter uma agenda legislativa forte para que, daqui pra frente, tenhamos regras claras para o ressarcimento aos estados\u201d, informou o governador Reinaldo Azambuja.<\/p>\n<p>Pedro Taques disse que os governadores do Brasil Central est\u00e3o se manifestando mais firmes no debate nacional. \u201cN\u00e3o \u00e9 um favor que a Uni\u00e3o faz aos estados produtores. Lamentavelmente, todo ano n\u00f3s temos que ficar de pires na m\u00e3o, pedindo dinheiro \u00e0 Uni\u00e3o\u201d, declarou.<\/p>\n<p>Durante palestra que realizou no encontro de Campo Grande, o ministro Bruno Ara\u00fajo informou aos governadores que o minist\u00e9rio ir\u00e1 disponibilizar um volume de R$ 6 bilh\u00f5es de FGTS em parceria com a \u00a0CEF e o BNDES, com taxa de 6% ao ano, quatro anos de car\u00eancia, 20 anos de financiamento, assim como tamb\u00e9m alternativa de curto prazo, para que possam apoiar a infraestrutura dos estados e dos munic\u00edpios.<\/p>\n<p>O presidente do BNDES, Paulo Rabello de Castro, por sua vez, destacou no encontro que o banco estaria enviando ainda hoje, a todos os governadores, uma carta listando os documentos necess\u00e1rios para que os estados possam renegociar suas d\u00edvidas com o banco.<\/p>\n<p>No dia 14 de junho passado, sob a lideran\u00e7a do governador Marconi Perillo, os governadores reuniram-se em jantar com o presidente Temer, no pal\u00e1cio da Alvorada, ocasi\u00e3o em que ficou acertado que a Uni\u00e3o iria autorizar a renegocia\u00e7\u00e3o, em duas etapas, de R$ 50,46 bilh\u00f5es que os estados t\u00eam com o BNDES.<\/p>\n<p>A primeira fase, a ser executada este ano, prev\u00ea a repactua\u00e7\u00e3o de R$ 20 bilh\u00f5es. A segunda, a ser efetivada em janeiro do ano que vem, incluiu a renegocia\u00e7\u00e3o de R$ 30 bilh\u00f5es de d\u00edvidas sem garantia da Uni\u00e3o, incluindo a linha BNDES-Copa, que financiou sobretudo a constru\u00e7\u00e3o de est\u00e1dios para o Mundial de futebol.<\/p>\n<p>A reuni\u00e3o de Campo Grande foi a quarta realizada este ano. As outras tr\u00eas ocorreram em Goi\u00e2nia, Cuiab\u00e1 e Palmas. \u00c0 edi\u00e7\u00e3o de Campo Grande s\u00f3 faltaram os governadores do Distrito Federal e do Maranh\u00e3o, representados por secret\u00e1rios de estado.<br \/>\n<\/p>\n","protected":false},"excerpt":{"rendered":"<p>Por\u00a0Matheus Monteiro Os tr\u00e2mites finais, antes que as Assembleias Legislativas autorizem os governadores a firmarem o pacto, foram debatidos e finalizados durante reuni\u00e3o O Mercado Comum do Brasil Central, que h\u00e1 dois anos vem sendo discutido no \u00e2mbito do F\u00f3rum de Governadores do Brasil Central, est\u00e1 muito perto de ser consolidado. Os tr\u00e2mites finais, antes<\/p>\n","protected":false},"author":2,"featured_media":1966,"comment_status":"open","ping_status":"open","sticky":false,"template":"","format":"standard","meta":{"footnotes":""},"categories":[22,26,23],"tags":[],"class_list":["post-1965","post","type-post","status-publish","format-standard","has-post-thumbnail","hentry","category-catalao","category-destaque","category-goias"],"yoast_head":"<!-- This site is optimized with the Yoast SEO plugin v25.8 - https:\/\/yoast.com\/wordpress\/plugins\/seo\/ -->\n<title>Marconi comanda cria\u00e7\u00e3o de proposta final do Mercado Comum do Brasil Central - Jornal Ultimos Acontecimentos<\/title>\n<meta name=\"robots\" content=\"index, follow, max-snippet:-1, max-image-preview:large, max-video-preview:-1\" \/>\n<link rel=\"canonical\" href=\"https:\/\/juacontecimentos.com.br\/site\/marconi-comanda-criacao-de-proposta-final-do-mercado-comum-do-brasil-central\/\" \/>\n<meta property=\"og:locale\" content=\"pt_BR\" \/>\n<meta property=\"og:type\" content=\"article\" \/>\n<meta property=\"og:title\" content=\"Marconi comanda cria\u00e7\u00e3o de proposta final do Mercado Comum do Brasil Central - Jornal Ultimos Acontecimentos\" \/>\n<meta property=\"og:description\" content=\"Por\u00a0Matheus Monteiro Os tr\u00e2mites finais, antes que as Assembleias Legislativas autorizem os governadores a firmarem o pacto, foram debatidos e finalizados durante reuni\u00e3o O Mercado Comum do Brasil Central, que h\u00e1 dois anos vem sendo discutido no \u00e2mbito do F\u00f3rum de Governadores do Brasil Central, est\u00e1 muito perto de ser consolidado. Os tr\u00e2mites finais, antes\" \/>\n<meta property=\"og:url\" content=\"https:\/\/juacontecimentos.com.br\/site\/marconi-comanda-criacao-de-proposta-final-do-mercado-comum-do-brasil-central\/\" \/>\n<meta property=\"og:site_name\" content=\"Jornal Ultimos Acontecimentos\" \/>\n<meta property=\"article:publisher\" content=\"https:\/\/www.facebook.com\/jultimosacontecimentos\/\" \/>\n<meta property=\"article:published_time\" content=\"2017-08-06T08:50:31+00:00\" \/>\n<meta property=\"og:image\" content=\"https:\/\/juacontecimentos.com.br\/site\/wp-content\/uploads\/2017\/08\/Campogrande.jpg\" \/>\n\t<meta property=\"og:image:width\" content=\"1044\" \/>\n\t<meta property=\"og:image:height\" content=\"658\" \/>\n\t<meta property=\"og:image:type\" content=\"image\/jpeg\" \/>\n<meta name=\"author\" content=\"Reginaldo Ribeiro\" \/>\n<meta name=\"twitter:card\" content=\"summary_large_image\" \/>\n<meta name=\"twitter:label1\" content=\"Escrito por\" \/>\n\t<meta name=\"twitter:data1\" content=\"Reginaldo Ribeiro\" \/>\n\t<meta name=\"twitter:label2\" content=\"Est. tempo de leitura\" \/>\n\t<meta name=\"twitter:data2\" content=\"6 minutos\" \/>\n<script type=\"application\/ld+json\" class=\"yoast-schema-graph\">{\"@context\":\"https:\/\/schema.org\",\"@graph\":[{\"@type\":\"Article\",\"@id\":\"https:\/\/juacontecimentos.com.br\/site\/marconi-comanda-criacao-de-proposta-final-do-mercado-comum-do-brasil-central\/#article\",\"isPartOf\":{\"@id\":\"https:\/\/juacontecimentos.com.br\/site\/marconi-comanda-criacao-de-proposta-final-do-mercado-comum-do-brasil-central\/\"},\"author\":{\"name\":\"Reginaldo Ribeiro\",\"@id\":\"https:\/\/juacontecimentos.com.br\/site\/#\/schema\/person\/082a54e6d3fdd7a633291428521c9669\"},\"headline\":\"Marconi comanda cria\u00e7\u00e3o de proposta final do Mercado Comum do Brasil Central\",\"datePublished\":\"2017-08-06T08:50:31+00:00\",\"mainEntityOfPage\":{\"@id\":\"https:\/\/juacontecimentos.com.br\/site\/marconi-comanda-criacao-de-proposta-final-do-mercado-comum-do-brasil-central\/\"},\"wordCount\":1157,\"commentCount\":0,\"publisher\":{\"@id\":\"https:\/\/juacontecimentos.com.br\/site\/#organization\"},\"image\":{\"@id\":\"https:\/\/juacontecimentos.com.br\/site\/marconi-comanda-criacao-de-proposta-final-do-mercado-comum-do-brasil-central\/#primaryimage\"},\"thumbnailUrl\":\"https:\/\/juacontecimentos.com.br\/site\/wp-content\/uploads\/2017\/08\/Campogrande.jpg\",\"articleSection\":[\"Catal\u00e3o\",\"Destaque\",\"Goi\u00e1s\"],\"inLanguage\":\"pt-BR\"},{\"@type\":\"WebPage\",\"@id\":\"https:\/\/juacontecimentos.com.br\/site\/marconi-comanda-criacao-de-proposta-final-do-mercado-comum-do-brasil-central\/\",\"url\":\"https:\/\/juacontecimentos.com.br\/site\/marconi-comanda-criacao-de-proposta-final-do-mercado-comum-do-brasil-central\/\",\"name\":\"Marconi comanda cria\u00e7\u00e3o de proposta final do Mercado Comum do Brasil Central - Jornal Ultimos Acontecimentos\",\"isPartOf\":{\"@id\":\"https:\/\/juacontecimentos.com.br\/site\/#website\"},\"primaryImageOfPage\":{\"@id\":\"https:\/\/juacontecimentos.com.br\/site\/marconi-comanda-criacao-de-proposta-final-do-mercado-comum-do-brasil-central\/#primaryimage\"},\"image\":{\"@id\":\"https:\/\/juacontecimentos.com.br\/site\/marconi-comanda-criacao-de-proposta-final-do-mercado-comum-do-brasil-central\/#primaryimage\"},\"thumbnailUrl\":\"https:\/\/juacontecimentos.com.br\/site\/wp-content\/uploads\/2017\/08\/Campogrande.jpg\",\"datePublished\":\"2017-08-06T08:50:31+00:00\",\"breadcrumb\":{\"@id\":\"https:\/\/juacontecimentos.com.br\/site\/marconi-comanda-criacao-de-proposta-final-do-mercado-comum-do-brasil-central\/#breadcrumb\"},\"inLanguage\":\"pt-BR\",\"potentialAction\":[{\"@type\":\"ReadAction\",\"target\":[\"https:\/\/juacontecimentos.com.br\/site\/marconi-comanda-criacao-de-proposta-final-do-mercado-comum-do-brasil-central\/\"]}]},{\"@type\":\"ImageObject\",\"inLanguage\":\"pt-BR\",\"@id\":\"https:\/\/juacontecimentos.com.br\/site\/marconi-comanda-criacao-de-proposta-final-do-mercado-comum-do-brasil-central\/#primaryimage\",\"url\":\"https:\/\/juacontecimentos.com.br\/site\/wp-content\/uploads\/2017\/08\/Campogrande.jpg\",\"contentUrl\":\"https:\/\/juacontecimentos.com.br\/site\/wp-content\/uploads\/2017\/08\/Campogrande.jpg\",\"width\":1044,\"height\":658},{\"@type\":\"BreadcrumbList\",\"@id\":\"https:\/\/juacontecimentos.com.br\/site\/marconi-comanda-criacao-de-proposta-final-do-mercado-comum-do-brasil-central\/#breadcrumb\",\"itemListElement\":[{\"@type\":\"ListItem\",\"position\":1,\"name\":\"In\u00edcio\",\"item\":\"https:\/\/juacontecimentos.com.br\/site\/\"},{\"@type\":\"ListItem\",\"position\":2,\"name\":\"Marconi comanda cria\u00e7\u00e3o de proposta final do Mercado Comum do Brasil Central\"}]},{\"@type\":\"WebSite\",\"@id\":\"https:\/\/juacontecimentos.com.br\/site\/#website\",\"url\":\"https:\/\/juacontecimentos.com.br\/site\/\",\"name\":\"Jornal Ultimos Acontecimentos\",\"description\":\"Catal\u00e3o e regi\u00e3o\",\"publisher\":{\"@id\":\"https:\/\/juacontecimentos.com.br\/site\/#organization\"},\"potentialAction\":[{\"@type\":\"SearchAction\",\"target\":{\"@type\":\"EntryPoint\",\"urlTemplate\":\"https:\/\/juacontecimentos.com.br\/site\/?s={search_term_string}\"},\"query-input\":{\"@type\":\"PropertyValueSpecification\",\"valueRequired\":true,\"valueName\":\"search_term_string\"}}],\"inLanguage\":\"pt-BR\"},{\"@type\":\"Organization\",\"@id\":\"https:\/\/juacontecimentos.com.br\/site\/#organization\",\"name\":\"Jornal Ultimos Acontecimentos\",\"url\":\"https:\/\/juacontecimentos.com.br\/site\/\",\"logo\":{\"@type\":\"ImageObject\",\"inLanguage\":\"pt-BR\",\"@id\":\"https:\/\/juacontecimentos.com.br\/site\/#\/schema\/logo\/image\/\",\"url\":\"https:\/\/juacontecimentos.com.br\/site\/wp-content\/uploads\/2023\/04\/Logo_Site.png\",\"contentUrl\":\"https:\/\/juacontecimentos.com.br\/site\/wp-content\/uploads\/2023\/04\/Logo_Site.png\",\"width\":2476,\"height\":530,\"caption\":\"Jornal Ultimos Acontecimentos\"},\"image\":{\"@id\":\"https:\/\/juacontecimentos.com.br\/site\/#\/schema\/logo\/image\/\"},\"sameAs\":[\"https:\/\/www.facebook.com\/jultimosacontecimentos\/\"]},{\"@type\":\"Person\",\"@id\":\"https:\/\/juacontecimentos.com.br\/site\/#\/schema\/person\/082a54e6d3fdd7a633291428521c9669\",\"name\":\"Reginaldo Ribeiro\",\"image\":{\"@type\":\"ImageObject\",\"inLanguage\":\"pt-BR\",\"@id\":\"https:\/\/juacontecimentos.com.br\/site\/#\/schema\/person\/image\/\",\"url\":\"https:\/\/secure.gravatar.com\/avatar\/5c16c6837c3490270a74d888c2a845728f06bdde1f8761de1de1d1d1ef82d12f?s=96&d=mm&r=g\",\"contentUrl\":\"https:\/\/secure.gravatar.com\/avatar\/5c16c6837c3490270a74d888c2a845728f06bdde1f8761de1de1d1d1ef82d12f?s=96&d=mm&r=g\",\"caption\":\"Reginaldo Ribeiro\"}}]}<\/script>\n<!-- \/ Yoast SEO plugin. -->","yoast_head_json":{"title":"Marconi comanda cria\u00e7\u00e3o de proposta final do Mercado Comum do Brasil Central - Jornal Ultimos Acontecimentos","robots":{"index":"index","follow":"follow","max-snippet":"max-snippet:-1","max-image-preview":"max-image-preview:large","max-video-preview":"max-video-preview:-1"},"canonical":"https:\/\/juacontecimentos.com.br\/site\/marconi-comanda-criacao-de-proposta-final-do-mercado-comum-do-brasil-central\/","og_locale":"pt_BR","og_type":"article","og_title":"Marconi comanda cria\u00e7\u00e3o de proposta final do Mercado Comum do Brasil Central - Jornal Ultimos Acontecimentos","og_description":"Por\u00a0Matheus Monteiro Os tr\u00e2mites finais, antes que as Assembleias Legislativas autorizem os governadores a firmarem o pacto, foram debatidos e finalizados durante reuni\u00e3o O Mercado Comum do Brasil Central, que h\u00e1 dois anos vem sendo discutido no \u00e2mbito do F\u00f3rum de Governadores do Brasil Central, est\u00e1 muito perto de ser consolidado. Os tr\u00e2mites finais, antes","og_url":"https:\/\/juacontecimentos.com.br\/site\/marconi-comanda-criacao-de-proposta-final-do-mercado-comum-do-brasil-central\/","og_site_name":"Jornal Ultimos Acontecimentos","article_publisher":"https:\/\/www.facebook.com\/jultimosacontecimentos\/","article_published_time":"2017-08-06T08:50:31+00:00","og_image":[{"width":1044,"height":658,"url":"https:\/\/juacontecimentos.com.br\/site\/wp-content\/uploads\/2017\/08\/Campogrande.jpg","type":"image\/jpeg"}],"author":"Reginaldo Ribeiro","twitter_card":"summary_large_image","twitter_misc":{"Escrito por":"Reginaldo Ribeiro","Est. tempo de leitura":"6 minutos"},"schema":{"@context":"https:\/\/schema.org","@graph":[{"@type":"Article","@id":"https:\/\/juacontecimentos.com.br\/site\/marconi-comanda-criacao-de-proposta-final-do-mercado-comum-do-brasil-central\/#article","isPartOf":{"@id":"https:\/\/juacontecimentos.com.br\/site\/marconi-comanda-criacao-de-proposta-final-do-mercado-comum-do-brasil-central\/"},"author":{"name":"Reginaldo Ribeiro","@id":"https:\/\/juacontecimentos.com.br\/site\/#\/schema\/person\/082a54e6d3fdd7a633291428521c9669"},"headline":"Marconi comanda cria\u00e7\u00e3o de proposta final do Mercado Comum do Brasil Central","datePublished":"2017-08-06T08:50:31+00:00","mainEntityOfPage":{"@id":"https:\/\/juacontecimentos.com.br\/site\/marconi-comanda-criacao-de-proposta-final-do-mercado-comum-do-brasil-central\/"},"wordCount":1157,"commentCount":0,"publisher":{"@id":"https:\/\/juacontecimentos.com.br\/site\/#organization"},"image":{"@id":"https:\/\/juacontecimentos.com.br\/site\/marconi-comanda-criacao-de-proposta-final-do-mercado-comum-do-brasil-central\/#primaryimage"},"thumbnailUrl":"https:\/\/juacontecimentos.com.br\/site\/wp-content\/uploads\/2017\/08\/Campogrande.jpg","articleSection":["Catal\u00e3o","Destaque","Goi\u00e1s"],"inLanguage":"pt-BR"},{"@type":"WebPage","@id":"https:\/\/juacontecimentos.com.br\/site\/marconi-comanda-criacao-de-proposta-final-do-mercado-comum-do-brasil-central\/","url":"https:\/\/juacontecimentos.com.br\/site\/marconi-comanda-criacao-de-proposta-final-do-mercado-comum-do-brasil-central\/","name":"Marconi comanda cria\u00e7\u00e3o de proposta final do Mercado Comum do Brasil Central - Jornal Ultimos Acontecimentos","isPartOf":{"@id":"https:\/\/juacontecimentos.com.br\/site\/#website"},"primaryImageOfPage":{"@id":"https:\/\/juacontecimentos.com.br\/site\/marconi-comanda-criacao-de-proposta-final-do-mercado-comum-do-brasil-central\/#primaryimage"},"image":{"@id":"https:\/\/juacontecimentos.com.br\/site\/marconi-comanda-criacao-de-proposta-final-do-mercado-comum-do-brasil-central\/#primaryimage"},"thumbnailUrl":"https:\/\/juacontecimentos.com.br\/site\/wp-content\/uploads\/2017\/08\/Campogrande.jpg","datePublished":"2017-08-06T08:50:31+00:00","breadcrumb":{"@id":"https:\/\/juacontecimentos.com.br\/site\/marconi-comanda-criacao-de-proposta-final-do-mercado-comum-do-brasil-central\/#breadcrumb"},"inLanguage":"pt-BR","potentialAction":[{"@type":"ReadAction","target":["https:\/\/juacontecimentos.com.br\/site\/marconi-comanda-criacao-de-proposta-final-do-mercado-comum-do-brasil-central\/"]}]},{"@type":"ImageObject","inLanguage":"pt-BR","@id":"https:\/\/juacontecimentos.com.br\/site\/marconi-comanda-criacao-de-proposta-final-do-mercado-comum-do-brasil-central\/#primaryimage","url":"https:\/\/juacontecimentos.com.br\/site\/wp-content\/uploads\/2017\/08\/Campogrande.jpg","contentUrl":"https:\/\/juacontecimentos.com.br\/site\/wp-content\/uploads\/2017\/08\/Campogrande.jpg","width":1044,"height":658},{"@type":"BreadcrumbList","@id":"https:\/\/juacontecimentos.com.br\/site\/marconi-comanda-criacao-de-proposta-final-do-mercado-comum-do-brasil-central\/#breadcrumb","itemListElement":[{"@type":"ListItem","position":1,"name":"In\u00edcio","item":"https:\/\/juacontecimentos.com.br\/site\/"},{"@type":"ListItem","position":2,"name":"Marconi comanda cria\u00e7\u00e3o de proposta final do Mercado Comum do Brasil Central"}]},{"@type":"WebSite","@id":"https:\/\/juacontecimentos.com.br\/site\/#website","url":"https:\/\/juacontecimentos.com.br\/site\/","name":"Jornal Ultimos Acontecimentos","description":"Catal\u00e3o e regi\u00e3o","publisher":{"@id":"https:\/\/juacontecimentos.com.br\/site\/#organization"},"potentialAction":[{"@type":"SearchAction","target":{"@type":"EntryPoint","urlTemplate":"https:\/\/juacontecimentos.com.br\/site\/?s={search_term_string}"},"query-input":{"@type":"PropertyValueSpecification","valueRequired":true,"valueName":"search_term_string"}}],"inLanguage":"pt-BR"},{"@type":"Organization","@id":"https:\/\/juacontecimentos.com.br\/site\/#organization","name":"Jornal Ultimos Acontecimentos","url":"https:\/\/juacontecimentos.com.br\/site\/","logo":{"@type":"ImageObject","inLanguage":"pt-BR","@id":"https:\/\/juacontecimentos.com.br\/site\/#\/schema\/logo\/image\/","url":"https:\/\/juacontecimentos.com.br\/site\/wp-content\/uploads\/2023\/04\/Logo_Site.png","contentUrl":"https:\/\/juacontecimentos.com.br\/site\/wp-content\/uploads\/2023\/04\/Logo_Site.png","width":2476,"height":530,"caption":"Jornal Ultimos Acontecimentos"},"image":{"@id":"https:\/\/juacontecimentos.com.br\/site\/#\/schema\/logo\/image\/"},"sameAs":["https:\/\/www.facebook.com\/jultimosacontecimentos\/"]},{"@type":"Person","@id":"https:\/\/juacontecimentos.com.br\/site\/#\/schema\/person\/082a54e6d3fdd7a633291428521c9669","name":"Reginaldo Ribeiro","image":{"@type":"ImageObject","inLanguage":"pt-BR","@id":"https:\/\/juacontecimentos.com.br\/site\/#\/schema\/person\/image\/","url":"https:\/\/secure.gravatar.com\/avatar\/5c16c6837c3490270a74d888c2a845728f06bdde1f8761de1de1d1d1ef82d12f?s=96&d=mm&r=g","contentUrl":"https:\/\/secure.gravatar.com\/avatar\/5c16c6837c3490270a74d888c2a845728f06bdde1f8761de1de1d1d1ef82d12f?s=96&d=mm&r=g","caption":"Reginaldo Ribeiro"}}]}},"_links":{"self":[{"href":"https:\/\/juacontecimentos.com.br\/site\/wp-json\/wp\/v2\/posts\/1965","targetHints":{"allow":["GET"]}}],"collection":[{"href":"https:\/\/juacontecimentos.com.br\/site\/wp-json\/wp\/v2\/posts"}],"about":[{"href":"https:\/\/juacontecimentos.com.br\/site\/wp-json\/wp\/v2\/types\/post"}],"author":[{"embeddable":true,"href":"https:\/\/juacontecimentos.com.br\/site\/wp-json\/wp\/v2\/users\/2"}],"replies":[{"embeddable":true,"href":"https:\/\/juacontecimentos.com.br\/site\/wp-json\/wp\/v2\/comments?post=1965"}],"version-history":[{"count":1,"href":"https:\/\/juacontecimentos.com.br\/site\/wp-json\/wp\/v2\/posts\/1965\/revisions"}],"predecessor-version":[{"id":1967,"href":"https:\/\/juacontecimentos.com.br\/site\/wp-json\/wp\/v2\/posts\/1965\/revisions\/1967"}],"wp:featuredmedia":[{"embeddable":true,"href":"https:\/\/juacontecimentos.com.br\/site\/wp-json\/wp\/v2\/media\/1966"}],"wp:attachment":[{"href":"https:\/\/juacontecimentos.com.br\/site\/wp-json\/wp\/v2\/media?parent=1965"}],"wp:term":[{"taxonomy":"category","embeddable":true,"href":"https:\/\/juacontecimentos.com.br\/site\/wp-json\/wp\/v2\/categories?post=1965"},{"taxonomy":"post_tag","embeddable":true,"href":"https:\/\/juacontecimentos.com.br\/site\/wp-json\/wp\/v2\/tags?post=1965"}],"curies":[{"name":"wp","href":"https:\/\/api.w.org\/{rel}","templated":true}]}}