{"id":2005,"date":"2017-08-08T17:14:11","date_gmt":"2017-08-08T20:14:11","guid":{"rendered":"http:\/\/juacontecimentos.com.br\/site\/?p=2005"},"modified":"2017-08-08T17:14:11","modified_gmt":"2017-08-08T20:14:11","slug":"governo-estuda-medida-provisoria-sobre-novas-regras-para-desistencia-de-imovel","status":"publish","type":"post","link":"https:\/\/juacontecimentos.com.br\/site\/governo-estuda-medida-provisoria-sobre-novas-regras-para-desistencia-de-imovel\/","title":{"rendered":"Governo estuda medida provis\u00f3ria sobre novas regras para desist\u00eancia de im\u00f3vel"},"content":{"rendered":"<p>Muito se discute hoje sobre o problema enfrentado pelas construtoras devido \u00e0 grande quantidade de rescis\u00f5es dos contratos de compra e venda de im\u00f3veis na planta. A quest\u00e3o central est\u00e1 sempre direcionada para aus\u00eancia de regulamenta\u00e7\u00e3o legal e tamb\u00e9m os preju\u00edzos suportados pelas empresas. A alternativa para tentar afastar esse cen\u00e1rio \u00e9 a edi\u00e7\u00e3o de uma Medida Provis\u00f3ria sobre o tema.<\/p>\n<p>Antes de adentrar na quest\u00e3o, o vice-presidente da Associa\u00e7\u00e3o Brasileira dos Mutu\u00e1rios da Habita\u00e7\u00e3o (ABMH), Wilson C\u00e9sar Rascovit diz que cabe entender, n\u00e3o do ponto de vista econ\u00f4mico, mas do ponto de vista jur\u00eddico a raz\u00e3o de tantas demandas. \u201cPrimeiramente, n\u00e3o devemos encarar toda compra de im\u00f3vel como um investimento. Na verdade, a grande maioria da popula\u00e7\u00e3o compra para morar e precisa inclusive de financiamento habitacional para a compra. Por\u00e9m, quando essa compra n\u00e3o d\u00e1 certo \u00e9 que come\u00e7a o problema, isso porque os contratos de compra e venda s\u00e3o da modalidade de ades\u00e3o e possuem cl\u00e1usulas abusivas\u201d, explica.<\/p>\n<p>N\u00e3o \u00e9 incomum encontrar contratos de compra e venda que preveem reten\u00e7\u00e3o de todo valor pago at\u00e9 ent\u00e3o (pr\u00e1tica inclusive vedada pelo C\u00f3digo de Defesa do Consumidor), reten\u00e7\u00e3o superior a 50% do valor da compra, devolu\u00e7\u00e3o do que \u00e9 devido ao consumidor de forma parcelada e ap\u00f3s a venda da unidade (quest\u00e3o j\u00e1 vedada pelo Superior Tribunal de Justi\u00e7a). \u201cAl\u00e9m da cobran\u00e7a de despesa de corretagem, quando a mesma j\u00e1 foi repassada ao consumidor, ou seja, pr\u00e1ticas que al\u00e9m de abusivas, j\u00e1 foram demasiadamente discutidas no poder judici\u00e1rio. S\u00f3 se tem tanta demanda assim porque os contratos impostos pelas construtoras exigem uma interven\u00e7\u00e3o judicial, j\u00e1 que n\u00e3o d\u00e3o margem para os consumidores\u201d, completa o vice-presidente da ABMH.<\/p>\n<p>Por outro lado, Wilson Rascovit diz que, analisando a quest\u00e3o da necessidade de concess\u00e3o de financiamento para aquisi\u00e7\u00e3o da casa pr\u00f3pria, \u00e9 preciso entender que o consumidor, mesmo sendo respons\u00e1vel pelo pagamento da parcela, n\u00e3o tem como garantir que o financiamento ser\u00e1 concedido, pois depende de pr\u00e9via avalia\u00e7\u00e3o do risco pelo banco, que, inclusive n\u00e3o est\u00e1 nem obrigado a conceder o empr\u00e9stimo. \u201cAqui \u00e9 que temos a situa\u00e7\u00e3o mais preocupante: regra geral, essa an\u00e1lise de cr\u00e9dito ou n\u00e3o \u00e9 feita de forma pr\u00e9via pelo construtor, ou \u00e9 feita por algu\u00e9m contratado ou indicado pelo pr\u00f3prio construtor que, muitas vezes, utiliza de situa\u00e7\u00f5es irreais (altera\u00e7\u00e3o da renda do comprador, por exemplo) para for\u00e7ar a venda. Se o financiamento \u00e9 negado pelo banco, qual a situa\u00e7\u00e3o ent\u00e3o que se aplica ao consumidor, considerando que n\u00e3o \u00e9 nem investidor e nem est\u00e1 desempregado?\u201d<\/p>\n<p>A problem\u00e1tica vai muito al\u00e9m do que simplesmente dizer que 70% dos processos judiciais s\u00e3o movidos por investidores que desistem do neg\u00f3cio. O advogado diz isso pois, nas hip\u00f3teses em que a obra atrasa, o contrato sequer prev\u00ea uma penalidade contra o construtor, fazendo com que se gere uma demanda de rescis\u00e3o do contrato, independentemente de ser ou n\u00e3o o comprador investidor. \u201cN\u00e3o s\u00e3o s\u00f3 n\u00fameros que expressar\u00e3o a verdadeira realidade, e talvez nem mesmo uma lei r\u00edgida que vai conseguir abarcar todas as hip\u00f3teses poss\u00edveis de rescis\u00e3o. O ideal \u00e9 que o caso seja analisado detalhadamente e aplicado o melhor direito poss\u00edvel. Mas enquanto n\u00e3o houver por parte do fornecedor, no caso, o construtor, o pensamento de que o consumidor tamb\u00e9m tem seus direitos, nada se resolver\u00e1 de forma amig\u00e1vel.\u201d<\/p>\n<p>A ABMH n\u00e3o v\u00ea com bons olhos a edi\u00e7\u00e3o de uma medida provis\u00f3ria sobre o assunto, seja porque prev\u00ea muito mais direitos em favor dos construtores, seja porque n\u00e3o \u00e9 poss\u00edvel por lei abarcar todas as situa\u00e7\u00f5es de uma realidade mercadol\u00f3gica. \u201cMelhor deixar a interpreta\u00e7\u00e3o a cargo dos aplicadores da lei, no caso os magistrados, que com os elementos e provas apresentados pelas partes poder\u00e3o chegar \u00e0 conclus\u00e3o do tipo de neg\u00f3cio que foi feito e de quem \u00e9 a culpa\u201d, conclui Wilson C\u00e9sar Rascovit.<\/p>\n<p>Por fim, o advogado questiona: \u201cSe o investidor pedir a rescis\u00e3o por atraso na entrega da obra tamb\u00e9m ter\u00e1 direito a multa de 50% cobrada, assim como pretendem cobrar na desist\u00eancia?\u201d<br \/>\n<\/p>\n","protected":false},"excerpt":{"rendered":"<p>Muito se discute hoje sobre o problema enfrentado pelas construtoras devido \u00e0 grande quantidade de rescis\u00f5es dos contratos de compra e venda de im\u00f3veis na planta. A quest\u00e3o central est\u00e1 sempre direcionada para aus\u00eancia de regulamenta\u00e7\u00e3o legal e tamb\u00e9m os preju\u00edzos suportados pelas empresas. A alternativa para tentar afastar esse cen\u00e1rio \u00e9 a edi\u00e7\u00e3o de<\/p>\n","protected":false},"author":2,"featured_media":2006,"comment_status":"open","ping_status":"open","sticky":false,"template":"","format":"standard","meta":{"footnotes":""},"categories":[22,26,23],"tags":[],"class_list":["post-2005","post","type-post","status-publish","format-standard","has-post-thumbnail","hentry","category-catalao","category-destaque","category-goias"],"yoast_head":"<!-- This site is optimized with the Yoast SEO plugin v25.8 - https:\/\/yoast.com\/wordpress\/plugins\/seo\/ -->\n<title>Governo estuda medida provis\u00f3ria sobre novas regras para desist\u00eancia de im\u00f3vel - Jornal Ultimos Acontecimentos<\/title>\n<meta name=\"robots\" content=\"index, follow, max-snippet:-1, max-image-preview:large, max-video-preview:-1\" \/>\n<link rel=\"canonical\" href=\"https:\/\/juacontecimentos.com.br\/site\/governo-estuda-medida-provisoria-sobre-novas-regras-para-desistencia-de-imovel\/\" \/>\n<meta property=\"og:locale\" content=\"pt_BR\" \/>\n<meta property=\"og:type\" content=\"article\" \/>\n<meta property=\"og:title\" content=\"Governo estuda medida provis\u00f3ria sobre novas regras para desist\u00eancia de im\u00f3vel - Jornal Ultimos Acontecimentos\" \/>\n<meta property=\"og:description\" content=\"Muito se discute hoje sobre o problema enfrentado pelas construtoras devido \u00e0 grande quantidade de rescis\u00f5es dos contratos de compra e venda de im\u00f3veis na planta. A quest\u00e3o central est\u00e1 sempre direcionada para aus\u00eancia de regulamenta\u00e7\u00e3o legal e tamb\u00e9m os preju\u00edzos suportados pelas empresas. A alternativa para tentar afastar esse cen\u00e1rio \u00e9 a edi\u00e7\u00e3o de\" \/>\n<meta property=\"og:url\" content=\"https:\/\/juacontecimentos.com.br\/site\/governo-estuda-medida-provisoria-sobre-novas-regras-para-desistencia-de-imovel\/\" \/>\n<meta property=\"og:site_name\" content=\"Jornal Ultimos Acontecimentos\" \/>\n<meta property=\"article:publisher\" content=\"https:\/\/www.facebook.com\/jultimosacontecimentos\/\" \/>\n<meta property=\"article:published_time\" content=\"2017-08-08T20:14:11+00:00\" \/>\n<meta property=\"og:image\" content=\"https:\/\/juacontecimentos.com.br\/site\/wp-content\/uploads\/2017\/08\/Habitao.jpg\" \/>\n\t<meta property=\"og:image:width\" content=\"416\" \/>\n\t<meta property=\"og:image:height\" content=\"320\" \/>\n\t<meta property=\"og:image:type\" content=\"image\/jpeg\" \/>\n<meta name=\"author\" content=\"Reginaldo Ribeiro\" \/>\n<meta name=\"twitter:card\" content=\"summary_large_image\" \/>\n<meta name=\"twitter:label1\" content=\"Escrito por\" \/>\n\t<meta name=\"twitter:data1\" content=\"Reginaldo Ribeiro\" \/>\n\t<meta name=\"twitter:label2\" content=\"Est. tempo de leitura\" \/>\n\t<meta name=\"twitter:data2\" content=\"4 minutos\" \/>\n<script type=\"application\/ld+json\" class=\"yoast-schema-graph\">{\"@context\":\"https:\/\/schema.org\",\"@graph\":[{\"@type\":\"Article\",\"@id\":\"https:\/\/juacontecimentos.com.br\/site\/governo-estuda-medida-provisoria-sobre-novas-regras-para-desistencia-de-imovel\/#article\",\"isPartOf\":{\"@id\":\"https:\/\/juacontecimentos.com.br\/site\/governo-estuda-medida-provisoria-sobre-novas-regras-para-desistencia-de-imovel\/\"},\"author\":{\"name\":\"Reginaldo Ribeiro\",\"@id\":\"https:\/\/juacontecimentos.com.br\/site\/#\/schema\/person\/082a54e6d3fdd7a633291428521c9669\"},\"headline\":\"Governo estuda medida provis\u00f3ria sobre novas regras para desist\u00eancia de im\u00f3vel\",\"datePublished\":\"2017-08-08T20:14:11+00:00\",\"mainEntityOfPage\":{\"@id\":\"https:\/\/juacontecimentos.com.br\/site\/governo-estuda-medida-provisoria-sobre-novas-regras-para-desistencia-de-imovel\/\"},\"wordCount\":763,\"commentCount\":0,\"publisher\":{\"@id\":\"https:\/\/juacontecimentos.com.br\/site\/#organization\"},\"image\":{\"@id\":\"https:\/\/juacontecimentos.com.br\/site\/governo-estuda-medida-provisoria-sobre-novas-regras-para-desistencia-de-imovel\/#primaryimage\"},\"thumbnailUrl\":\"https:\/\/juacontecimentos.com.br\/site\/wp-content\/uploads\/2017\/08\/Habitao.jpg\",\"articleSection\":[\"Catal\u00e3o\",\"Destaque\",\"Goi\u00e1s\"],\"inLanguage\":\"pt-BR\"},{\"@type\":\"WebPage\",\"@id\":\"https:\/\/juacontecimentos.com.br\/site\/governo-estuda-medida-provisoria-sobre-novas-regras-para-desistencia-de-imovel\/\",\"url\":\"https:\/\/juacontecimentos.com.br\/site\/governo-estuda-medida-provisoria-sobre-novas-regras-para-desistencia-de-imovel\/\",\"name\":\"Governo estuda medida provis\u00f3ria sobre novas regras para desist\u00eancia de im\u00f3vel - Jornal Ultimos Acontecimentos\",\"isPartOf\":{\"@id\":\"https:\/\/juacontecimentos.com.br\/site\/#website\"},\"primaryImageOfPage\":{\"@id\":\"https:\/\/juacontecimentos.com.br\/site\/governo-estuda-medida-provisoria-sobre-novas-regras-para-desistencia-de-imovel\/#primaryimage\"},\"image\":{\"@id\":\"https:\/\/juacontecimentos.com.br\/site\/governo-estuda-medida-provisoria-sobre-novas-regras-para-desistencia-de-imovel\/#primaryimage\"},\"thumbnailUrl\":\"https:\/\/juacontecimentos.com.br\/site\/wp-content\/uploads\/2017\/08\/Habitao.jpg\",\"datePublished\":\"2017-08-08T20:14:11+00:00\",\"breadcrumb\":{\"@id\":\"https:\/\/juacontecimentos.com.br\/site\/governo-estuda-medida-provisoria-sobre-novas-regras-para-desistencia-de-imovel\/#breadcrumb\"},\"inLanguage\":\"pt-BR\",\"potentialAction\":[{\"@type\":\"ReadAction\",\"target\":[\"https:\/\/juacontecimentos.com.br\/site\/governo-estuda-medida-provisoria-sobre-novas-regras-para-desistencia-de-imovel\/\"]}]},{\"@type\":\"ImageObject\",\"inLanguage\":\"pt-BR\",\"@id\":\"https:\/\/juacontecimentos.com.br\/site\/governo-estuda-medida-provisoria-sobre-novas-regras-para-desistencia-de-imovel\/#primaryimage\",\"url\":\"https:\/\/juacontecimentos.com.br\/site\/wp-content\/uploads\/2017\/08\/Habitao.jpg\",\"contentUrl\":\"https:\/\/juacontecimentos.com.br\/site\/wp-content\/uploads\/2017\/08\/Habitao.jpg\",\"width\":416,\"height\":320},{\"@type\":\"BreadcrumbList\",\"@id\":\"https:\/\/juacontecimentos.com.br\/site\/governo-estuda-medida-provisoria-sobre-novas-regras-para-desistencia-de-imovel\/#breadcrumb\",\"itemListElement\":[{\"@type\":\"ListItem\",\"position\":1,\"name\":\"In\u00edcio\",\"item\":\"https:\/\/juacontecimentos.com.br\/site\/\"},{\"@type\":\"ListItem\",\"position\":2,\"name\":\"Governo estuda medida provis\u00f3ria sobre novas regras para desist\u00eancia de im\u00f3vel\"}]},{\"@type\":\"WebSite\",\"@id\":\"https:\/\/juacontecimentos.com.br\/site\/#website\",\"url\":\"https:\/\/juacontecimentos.com.br\/site\/\",\"name\":\"Jornal Ultimos Acontecimentos\",\"description\":\"Catal\u00e3o e regi\u00e3o\",\"publisher\":{\"@id\":\"https:\/\/juacontecimentos.com.br\/site\/#organization\"},\"potentialAction\":[{\"@type\":\"SearchAction\",\"target\":{\"@type\":\"EntryPoint\",\"urlTemplate\":\"https:\/\/juacontecimentos.com.br\/site\/?s={search_term_string}\"},\"query-input\":{\"@type\":\"PropertyValueSpecification\",\"valueRequired\":true,\"valueName\":\"search_term_string\"}}],\"inLanguage\":\"pt-BR\"},{\"@type\":\"Organization\",\"@id\":\"https:\/\/juacontecimentos.com.br\/site\/#organization\",\"name\":\"Jornal Ultimos Acontecimentos\",\"url\":\"https:\/\/juacontecimentos.com.br\/site\/\",\"logo\":{\"@type\":\"ImageObject\",\"inLanguage\":\"pt-BR\",\"@id\":\"https:\/\/juacontecimentos.com.br\/site\/#\/schema\/logo\/image\/\",\"url\":\"https:\/\/juacontecimentos.com.br\/site\/wp-content\/uploads\/2023\/04\/Logo_Site.png\",\"contentUrl\":\"https:\/\/juacontecimentos.com.br\/site\/wp-content\/uploads\/2023\/04\/Logo_Site.png\",\"width\":2476,\"height\":530,\"caption\":\"Jornal Ultimos Acontecimentos\"},\"image\":{\"@id\":\"https:\/\/juacontecimentos.com.br\/site\/#\/schema\/logo\/image\/\"},\"sameAs\":[\"https:\/\/www.facebook.com\/jultimosacontecimentos\/\"]},{\"@type\":\"Person\",\"@id\":\"https:\/\/juacontecimentos.com.br\/site\/#\/schema\/person\/082a54e6d3fdd7a633291428521c9669\",\"name\":\"Reginaldo Ribeiro\",\"image\":{\"@type\":\"ImageObject\",\"inLanguage\":\"pt-BR\",\"@id\":\"https:\/\/juacontecimentos.com.br\/site\/#\/schema\/person\/image\/\",\"url\":\"https:\/\/secure.gravatar.com\/avatar\/5c16c6837c3490270a74d888c2a845728f06bdde1f8761de1de1d1d1ef82d12f?s=96&d=mm&r=g\",\"contentUrl\":\"https:\/\/secure.gravatar.com\/avatar\/5c16c6837c3490270a74d888c2a845728f06bdde1f8761de1de1d1d1ef82d12f?s=96&d=mm&r=g\",\"caption\":\"Reginaldo Ribeiro\"}}]}<\/script>\n<!-- \/ Yoast SEO plugin. -->","yoast_head_json":{"title":"Governo estuda medida provis\u00f3ria sobre novas regras para desist\u00eancia de im\u00f3vel - Jornal Ultimos Acontecimentos","robots":{"index":"index","follow":"follow","max-snippet":"max-snippet:-1","max-image-preview":"max-image-preview:large","max-video-preview":"max-video-preview:-1"},"canonical":"https:\/\/juacontecimentos.com.br\/site\/governo-estuda-medida-provisoria-sobre-novas-regras-para-desistencia-de-imovel\/","og_locale":"pt_BR","og_type":"article","og_title":"Governo estuda medida provis\u00f3ria sobre novas regras para desist\u00eancia de im\u00f3vel - Jornal Ultimos Acontecimentos","og_description":"Muito se discute hoje sobre o problema enfrentado pelas construtoras devido \u00e0 grande quantidade de rescis\u00f5es dos contratos de compra e venda de im\u00f3veis na planta. A quest\u00e3o central est\u00e1 sempre direcionada para aus\u00eancia de regulamenta\u00e7\u00e3o legal e tamb\u00e9m os preju\u00edzos suportados pelas empresas. A alternativa para tentar afastar esse cen\u00e1rio \u00e9 a edi\u00e7\u00e3o de","og_url":"https:\/\/juacontecimentos.com.br\/site\/governo-estuda-medida-provisoria-sobre-novas-regras-para-desistencia-de-imovel\/","og_site_name":"Jornal Ultimos Acontecimentos","article_publisher":"https:\/\/www.facebook.com\/jultimosacontecimentos\/","article_published_time":"2017-08-08T20:14:11+00:00","og_image":[{"width":416,"height":320,"url":"https:\/\/juacontecimentos.com.br\/site\/wp-content\/uploads\/2017\/08\/Habitao.jpg","type":"image\/jpeg"}],"author":"Reginaldo Ribeiro","twitter_card":"summary_large_image","twitter_misc":{"Escrito por":"Reginaldo Ribeiro","Est. tempo de leitura":"4 minutos"},"schema":{"@context":"https:\/\/schema.org","@graph":[{"@type":"Article","@id":"https:\/\/juacontecimentos.com.br\/site\/governo-estuda-medida-provisoria-sobre-novas-regras-para-desistencia-de-imovel\/#article","isPartOf":{"@id":"https:\/\/juacontecimentos.com.br\/site\/governo-estuda-medida-provisoria-sobre-novas-regras-para-desistencia-de-imovel\/"},"author":{"name":"Reginaldo Ribeiro","@id":"https:\/\/juacontecimentos.com.br\/site\/#\/schema\/person\/082a54e6d3fdd7a633291428521c9669"},"headline":"Governo estuda medida provis\u00f3ria sobre novas regras para desist\u00eancia de im\u00f3vel","datePublished":"2017-08-08T20:14:11+00:00","mainEntityOfPage":{"@id":"https:\/\/juacontecimentos.com.br\/site\/governo-estuda-medida-provisoria-sobre-novas-regras-para-desistencia-de-imovel\/"},"wordCount":763,"commentCount":0,"publisher":{"@id":"https:\/\/juacontecimentos.com.br\/site\/#organization"},"image":{"@id":"https:\/\/juacontecimentos.com.br\/site\/governo-estuda-medida-provisoria-sobre-novas-regras-para-desistencia-de-imovel\/#primaryimage"},"thumbnailUrl":"https:\/\/juacontecimentos.com.br\/site\/wp-content\/uploads\/2017\/08\/Habitao.jpg","articleSection":["Catal\u00e3o","Destaque","Goi\u00e1s"],"inLanguage":"pt-BR"},{"@type":"WebPage","@id":"https:\/\/juacontecimentos.com.br\/site\/governo-estuda-medida-provisoria-sobre-novas-regras-para-desistencia-de-imovel\/","url":"https:\/\/juacontecimentos.com.br\/site\/governo-estuda-medida-provisoria-sobre-novas-regras-para-desistencia-de-imovel\/","name":"Governo estuda medida provis\u00f3ria sobre novas regras para desist\u00eancia de im\u00f3vel - Jornal Ultimos Acontecimentos","isPartOf":{"@id":"https:\/\/juacontecimentos.com.br\/site\/#website"},"primaryImageOfPage":{"@id":"https:\/\/juacontecimentos.com.br\/site\/governo-estuda-medida-provisoria-sobre-novas-regras-para-desistencia-de-imovel\/#primaryimage"},"image":{"@id":"https:\/\/juacontecimentos.com.br\/site\/governo-estuda-medida-provisoria-sobre-novas-regras-para-desistencia-de-imovel\/#primaryimage"},"thumbnailUrl":"https:\/\/juacontecimentos.com.br\/site\/wp-content\/uploads\/2017\/08\/Habitao.jpg","datePublished":"2017-08-08T20:14:11+00:00","breadcrumb":{"@id":"https:\/\/juacontecimentos.com.br\/site\/governo-estuda-medida-provisoria-sobre-novas-regras-para-desistencia-de-imovel\/#breadcrumb"},"inLanguage":"pt-BR","potentialAction":[{"@type":"ReadAction","target":["https:\/\/juacontecimentos.com.br\/site\/governo-estuda-medida-provisoria-sobre-novas-regras-para-desistencia-de-imovel\/"]}]},{"@type":"ImageObject","inLanguage":"pt-BR","@id":"https:\/\/juacontecimentos.com.br\/site\/governo-estuda-medida-provisoria-sobre-novas-regras-para-desistencia-de-imovel\/#primaryimage","url":"https:\/\/juacontecimentos.com.br\/site\/wp-content\/uploads\/2017\/08\/Habitao.jpg","contentUrl":"https:\/\/juacontecimentos.com.br\/site\/wp-content\/uploads\/2017\/08\/Habitao.jpg","width":416,"height":320},{"@type":"BreadcrumbList","@id":"https:\/\/juacontecimentos.com.br\/site\/governo-estuda-medida-provisoria-sobre-novas-regras-para-desistencia-de-imovel\/#breadcrumb","itemListElement":[{"@type":"ListItem","position":1,"name":"In\u00edcio","item":"https:\/\/juacontecimentos.com.br\/site\/"},{"@type":"ListItem","position":2,"name":"Governo estuda medida provis\u00f3ria sobre novas regras para desist\u00eancia de im\u00f3vel"}]},{"@type":"WebSite","@id":"https:\/\/juacontecimentos.com.br\/site\/#website","url":"https:\/\/juacontecimentos.com.br\/site\/","name":"Jornal Ultimos Acontecimentos","description":"Catal\u00e3o e regi\u00e3o","publisher":{"@id":"https:\/\/juacontecimentos.com.br\/site\/#organization"},"potentialAction":[{"@type":"SearchAction","target":{"@type":"EntryPoint","urlTemplate":"https:\/\/juacontecimentos.com.br\/site\/?s={search_term_string}"},"query-input":{"@type":"PropertyValueSpecification","valueRequired":true,"valueName":"search_term_string"}}],"inLanguage":"pt-BR"},{"@type":"Organization","@id":"https:\/\/juacontecimentos.com.br\/site\/#organization","name":"Jornal Ultimos Acontecimentos","url":"https:\/\/juacontecimentos.com.br\/site\/","logo":{"@type":"ImageObject","inLanguage":"pt-BR","@id":"https:\/\/juacontecimentos.com.br\/site\/#\/schema\/logo\/image\/","url":"https:\/\/juacontecimentos.com.br\/site\/wp-content\/uploads\/2023\/04\/Logo_Site.png","contentUrl":"https:\/\/juacontecimentos.com.br\/site\/wp-content\/uploads\/2023\/04\/Logo_Site.png","width":2476,"height":530,"caption":"Jornal Ultimos Acontecimentos"},"image":{"@id":"https:\/\/juacontecimentos.com.br\/site\/#\/schema\/logo\/image\/"},"sameAs":["https:\/\/www.facebook.com\/jultimosacontecimentos\/"]},{"@type":"Person","@id":"https:\/\/juacontecimentos.com.br\/site\/#\/schema\/person\/082a54e6d3fdd7a633291428521c9669","name":"Reginaldo Ribeiro","image":{"@type":"ImageObject","inLanguage":"pt-BR","@id":"https:\/\/juacontecimentos.com.br\/site\/#\/schema\/person\/image\/","url":"https:\/\/secure.gravatar.com\/avatar\/5c16c6837c3490270a74d888c2a845728f06bdde1f8761de1de1d1d1ef82d12f?s=96&d=mm&r=g","contentUrl":"https:\/\/secure.gravatar.com\/avatar\/5c16c6837c3490270a74d888c2a845728f06bdde1f8761de1de1d1d1ef82d12f?s=96&d=mm&r=g","caption":"Reginaldo Ribeiro"}}]}},"_links":{"self":[{"href":"https:\/\/juacontecimentos.com.br\/site\/wp-json\/wp\/v2\/posts\/2005","targetHints":{"allow":["GET"]}}],"collection":[{"href":"https:\/\/juacontecimentos.com.br\/site\/wp-json\/wp\/v2\/posts"}],"about":[{"href":"https:\/\/juacontecimentos.com.br\/site\/wp-json\/wp\/v2\/types\/post"}],"author":[{"embeddable":true,"href":"https:\/\/juacontecimentos.com.br\/site\/wp-json\/wp\/v2\/users\/2"}],"replies":[{"embeddable":true,"href":"https:\/\/juacontecimentos.com.br\/site\/wp-json\/wp\/v2\/comments?post=2005"}],"version-history":[{"count":1,"href":"https:\/\/juacontecimentos.com.br\/site\/wp-json\/wp\/v2\/posts\/2005\/revisions"}],"predecessor-version":[{"id":2007,"href":"https:\/\/juacontecimentos.com.br\/site\/wp-json\/wp\/v2\/posts\/2005\/revisions\/2007"}],"wp:featuredmedia":[{"embeddable":true,"href":"https:\/\/juacontecimentos.com.br\/site\/wp-json\/wp\/v2\/media\/2006"}],"wp:attachment":[{"href":"https:\/\/juacontecimentos.com.br\/site\/wp-json\/wp\/v2\/media?parent=2005"}],"wp:term":[{"taxonomy":"category","embeddable":true,"href":"https:\/\/juacontecimentos.com.br\/site\/wp-json\/wp\/v2\/categories?post=2005"},{"taxonomy":"post_tag","embeddable":true,"href":"https:\/\/juacontecimentos.com.br\/site\/wp-json\/wp\/v2\/tags?post=2005"}],"curies":[{"name":"wp","href":"https:\/\/api.w.org\/{rel}","templated":true}]}}