{"id":20164,"date":"2022-05-15T08:06:10","date_gmt":"2022-05-15T11:06:10","guid":{"rendered":"https:\/\/juacontecimento.com.br\/site\/?p=20164"},"modified":"2022-05-15T08:19:51","modified_gmt":"2022-05-15T11:19:51","slug":"luiz-sampaio-pre-candidato-deputado-estadual-participou-do-encontro-com-300-produtores-rurais-em-iaciara","status":"publish","type":"post","link":"https:\/\/juacontecimentos.com.br\/site\/luiz-sampaio-pre-candidato-deputado-estadual-participou-do-encontro-com-300-produtores-rurais-em-iaciara\/","title":{"rendered":"Luiz Sampaio pr\u00e9-candidato a deputado estadual participou do encontro com 300 produtores rurais em Iaciara"},"content":{"rendered":"<p><img loading=\"lazy\" decoding=\"async\" class=\"alignnone size-large wp-image-20170\" src=\"https:\/\/juacontecimento.com.br\/site\/wp-content\/uploads\/2022\/05\/IMG-20220514-WA0044-1024x768.jpg\" alt=\"\" width=\"900\" height=\"675\" srcset=\"https:\/\/juacontecimentos.com.br\/site\/wp-content\/uploads\/2022\/05\/IMG-20220514-WA0044-1024x768.jpg 1024w, https:\/\/juacontecimentos.com.br\/site\/wp-content\/uploads\/2022\/05\/IMG-20220514-WA0044-300x225.jpg 300w, https:\/\/juacontecimentos.com.br\/site\/wp-content\/uploads\/2022\/05\/IMG-20220514-WA0044-768x576.jpg 768w, https:\/\/juacontecimentos.com.br\/site\/wp-content\/uploads\/2022\/05\/IMG-20220514-WA0044.jpg 1600w\" sizes=\"auto, (max-width: 900px) 100vw, 900px\" \/> <img loading=\"lazy\" decoding=\"async\" class=\"alignnone size-large wp-image-20173\" src=\"https:\/\/juacontecimento.com.br\/site\/wp-content\/uploads\/2022\/05\/IMG-20220514-WA0036.jpg\" alt=\"\" width=\"853\" height=\"568\" srcset=\"https:\/\/juacontecimentos.com.br\/site\/wp-content\/uploads\/2022\/05\/IMG-20220514-WA0036.jpg 853w, https:\/\/juacontecimentos.com.br\/site\/wp-content\/uploads\/2022\/05\/IMG-20220514-WA0036-300x200.jpg 300w, https:\/\/juacontecimentos.com.br\/site\/wp-content\/uploads\/2022\/05\/IMG-20220514-WA0036-768x511.jpg 768w\" sizes=\"auto, (max-width: 853px) 100vw, 853px\" \/><\/p>\n<p>O pr\u00e9-candidato a deputado Estadual &#8211; Luiz Sampaio (Solidariedade) acompanhado do deputado federal, presidente da Federa\u00e7\u00e3o da Agricultura e Pecu\u00e1ria de Goi\u00e1s (Faeg) e pr\u00e9-candidato a reelei\u00e7\u00e3o \u00e0 C\u00e2mara Federal &#8211; Jos\u00e9 M\u00e1rio Schreiner (MDB), participou do Primeiro Encontro dos Produtores Rurais, na \u00faltima sexta-feira (13), na cidade de Iaciara e regi\u00e3o.<\/p>\n<p><img loading=\"lazy\" decoding=\"async\" class=\"alignnone size-large wp-image-20171\" src=\"https:\/\/juacontecimento.com.br\/site\/wp-content\/uploads\/2022\/05\/IMG-20220514-WA0038-1024x768.jpg\" alt=\"\" width=\"900\" height=\"675\" srcset=\"https:\/\/juacontecimentos.com.br\/site\/wp-content\/uploads\/2022\/05\/IMG-20220514-WA0038-1024x768.jpg 1024w, https:\/\/juacontecimentos.com.br\/site\/wp-content\/uploads\/2022\/05\/IMG-20220514-WA0038-300x225.jpg 300w, https:\/\/juacontecimentos.com.br\/site\/wp-content\/uploads\/2022\/05\/IMG-20220514-WA0038-768x576.jpg 768w, https:\/\/juacontecimentos.com.br\/site\/wp-content\/uploads\/2022\/05\/IMG-20220514-WA0038.jpg 1600w\" sizes=\"auto, (max-width: 900px) 100vw, 900px\" \/><\/p>\n<p>Na regi\u00e3o, Sampaio visitou alguns correligion\u00e1rios para tratar assunto referente as elei\u00e7\u00f5es de outubro 2022. Na oportunidade o pr\u00e9-candidato se reuniu com algumas lideran\u00e7as do munic\u00edpio do setor produtivo, como presidentes de associa\u00e7\u00f5es, produtores rurais e pecu\u00e1ria para discutir o novo projeto pol\u00edtico.<\/p>\n<p><img loading=\"lazy\" decoding=\"async\" class=\"alignnone size-full wp-image-20175\" src=\"https:\/\/juacontecimento.com.br\/site\/wp-content\/uploads\/2022\/05\/IMG-20220514-WA0037.jpg\" alt=\"\" width=\"853\" height=\"568\" srcset=\"https:\/\/juacontecimentos.com.br\/site\/wp-content\/uploads\/2022\/05\/IMG-20220514-WA0037.jpg 853w, https:\/\/juacontecimentos.com.br\/site\/wp-content\/uploads\/2022\/05\/IMG-20220514-WA0037-300x200.jpg 300w, https:\/\/juacontecimentos.com.br\/site\/wp-content\/uploads\/2022\/05\/IMG-20220514-WA0037-768x511.jpg 768w\" sizes=\"auto, (max-width: 853px) 100vw, 853px\" \/><img loading=\"lazy\" decoding=\"async\" class=\"alignnone size-large wp-image-20167\" src=\"https:\/\/juacontecimento.com.br\/site\/wp-content\/uploads\/2022\/05\/IMG-20220514-WA0039-1024x768.jpg\" alt=\"\" width=\"900\" height=\"675\" srcset=\"https:\/\/juacontecimentos.com.br\/site\/wp-content\/uploads\/2022\/05\/IMG-20220514-WA0039-1024x768.jpg 1024w, https:\/\/juacontecimentos.com.br\/site\/wp-content\/uploads\/2022\/05\/IMG-20220514-WA0039-300x225.jpg 300w, https:\/\/juacontecimentos.com.br\/site\/wp-content\/uploads\/2022\/05\/IMG-20220514-WA0039-768x576.jpg 768w, https:\/\/juacontecimentos.com.br\/site\/wp-content\/uploads\/2022\/05\/IMG-20220514-WA0039.jpg 1600w\" sizes=\"auto, (max-width: 900px) 100vw, 900px\" \/><\/p>\n<p>Luiz Sampaio, fez quest\u00e3o de ouvir as reivindica\u00e7\u00f5es dos presentes, e tamb\u00e9m fez alguns questionamentos sobre o desenvolvimento agr\u00edcolas e pecu\u00e1rios de Iaciara e regi\u00e3o, que segundo o pr\u00e9-candidato \u00e9 o que ajuda a sustentar a economia. \u201cO campo necessita dessa aten\u00e7\u00e3o especial e, sendo uma importante parcela da economia goiana\u201d, salientou Sampaio.<\/p>\n<p><img loading=\"lazy\" decoding=\"async\" class=\"alignnone size-large wp-image-20168\" src=\"https:\/\/juacontecimento.com.br\/site\/wp-content\/uploads\/2022\/05\/IMG-20220514-WA0042-1024x767.jpg\" alt=\"\" width=\"900\" height=\"674\" srcset=\"https:\/\/juacontecimentos.com.br\/site\/wp-content\/uploads\/2022\/05\/IMG-20220514-WA0042-1024x767.jpg 1024w, https:\/\/juacontecimentos.com.br\/site\/wp-content\/uploads\/2022\/05\/IMG-20220514-WA0042-300x225.jpg 300w, https:\/\/juacontecimentos.com.br\/site\/wp-content\/uploads\/2022\/05\/IMG-20220514-WA0042-768x575.jpg 768w, https:\/\/juacontecimentos.com.br\/site\/wp-content\/uploads\/2022\/05\/IMG-20220514-WA0042.jpg 1600w\" sizes=\"auto, (max-width: 900px) 100vw, 900px\" \/><img loading=\"lazy\" decoding=\"async\" class=\"alignnone size-full wp-image-20172\" src=\"https:\/\/juacontecimento.com.br\/site\/wp-content\/uploads\/2022\/05\/IMG-20220514-WA0045.jpg\" alt=\"\" width=\"853\" height=\"568\" srcset=\"https:\/\/juacontecimentos.com.br\/site\/wp-content\/uploads\/2022\/05\/IMG-20220514-WA0045.jpg 853w, https:\/\/juacontecimentos.com.br\/site\/wp-content\/uploads\/2022\/05\/IMG-20220514-WA0045-300x200.jpg 300w, https:\/\/juacontecimentos.com.br\/site\/wp-content\/uploads\/2022\/05\/IMG-20220514-WA0045-768x511.jpg 768w\" sizes=\"auto, (max-width: 853px) 100vw, 853px\" \/><\/p>\n<p>Em pronunciamento aos presentes, Luiz Sampaio disse sentir aben\u00e7oado por estar rodeado de amigos que tem o apoiado de maneira t\u00e3o genu\u00edna. \u201cMinha gratid\u00e3o ao presidente do Sindicato dos Produtores Rurais &#8211; Edvaldo (Repolho), meu xar\u00e1 sargento &#8211; Sampaio ao amigo Vereador e futuro Prefeito de Iaciara &#8211; Cl\u00e1udio Carvoeiro ao amigo e meu irm\u00e3o Deputado Federal &#8211; Jos\u00e9 M\u00e1rio e ao prefeito de Guarani &#8211; Jan\u00e9zio Pereira da Silva. Contem comigo! O apoio de voc\u00eas a mim ser\u00e1 rec\u00edproco\u201d, finalizou Sampaio.<\/p>\n<p><img loading=\"lazy\" decoding=\"async\" class=\"alignnone size-large wp-image-20169\" src=\"https:\/\/juacontecimento.com.br\/site\/wp-content\/uploads\/2022\/05\/IMG-20220514-WA0043-1024x768.jpg\" alt=\"\" width=\"900\" height=\"675\" srcset=\"https:\/\/juacontecimentos.com.br\/site\/wp-content\/uploads\/2022\/05\/IMG-20220514-WA0043-1024x768.jpg 1024w, https:\/\/juacontecimentos.com.br\/site\/wp-content\/uploads\/2022\/05\/IMG-20220514-WA0043-300x225.jpg 300w, https:\/\/juacontecimentos.com.br\/site\/wp-content\/uploads\/2022\/05\/IMG-20220514-WA0043-768x576.jpg 768w, https:\/\/juacontecimentos.com.br\/site\/wp-content\/uploads\/2022\/05\/IMG-20220514-WA0043.jpg 1600w\" sizes=\"auto, (max-width: 900px) 100vw, 900px\" \/><img loading=\"lazy\" decoding=\"async\" class=\"alignnone size-large wp-image-20166\" src=\"https:\/\/juacontecimento.com.br\/site\/wp-content\/uploads\/2022\/05\/IMG-20220514-WA0041-1024x682.jpg\" alt=\"\" width=\"900\" height=\"599\" srcset=\"https:\/\/juacontecimentos.com.br\/site\/wp-content\/uploads\/2022\/05\/IMG-20220514-WA0041-1024x682.jpg 1024w, https:\/\/juacontecimentos.com.br\/site\/wp-content\/uploads\/2022\/05\/IMG-20220514-WA0041-300x200.jpg 300w, https:\/\/juacontecimentos.com.br\/site\/wp-content\/uploads\/2022\/05\/IMG-20220514-WA0041-768x512.jpg 768w, https:\/\/juacontecimentos.com.br\/site\/wp-content\/uploads\/2022\/05\/IMG-20220514-WA0041.jpg 1280w\" sizes=\"auto, (max-width: 900px) 100vw, 900px\" \/><br \/>\n<\/p>\n","protected":false},"excerpt":{"rendered":"<p>O pr\u00e9-candidato a deputado Estadual &#8211; Luiz Sampaio (Solidariedade) acompanhado do deputado federal, presidente da Federa\u00e7\u00e3o da Agricultura e Pecu\u00e1ria de Goi\u00e1s (Faeg) e pr\u00e9-candidato a reelei\u00e7\u00e3o \u00e0 C\u00e2mara Federal &#8211; Jos\u00e9 M\u00e1rio Schreiner (MDB), participou do Primeiro Encontro dos Produtores Rurais, na \u00faltima sexta-feira (13), na cidade de Iaciara e regi\u00e3o. Na regi\u00e3o, Sampaio<\/p>\n","protected":false},"author":2,"featured_media":20178,"comment_status":"open","ping_status":"open","sticky":false,"template":"","format":"standard","meta":{"footnotes":""},"categories":[27,22,26,23],"tags":[],"class_list":["post-20164","post","type-post","status-publish","format-standard","has-post-thumbnail","hentry","category-brasil","category-catalao","category-destaque","category-goias"],"yoast_head":"<!-- This site is optimized with the Yoast SEO plugin v25.8 - https:\/\/yoast.com\/wordpress\/plugins\/seo\/ -->\n<title>Luiz Sampaio pr\u00e9-candidato a deputado estadual participou do encontro com 300 produtores rurais em Iaciara - Jornal Ultimos Acontecimentos<\/title>\n<meta name=\"robots\" content=\"index, follow, max-snippet:-1, max-image-preview:large, max-video-preview:-1\" \/>\n<link rel=\"canonical\" href=\"https:\/\/juacontecimentos.com.br\/site\/luiz-sampaio-pre-candidato-deputado-estadual-participou-do-encontro-com-300-produtores-rurais-em-iaciara\/\" \/>\n<meta property=\"og:locale\" content=\"pt_BR\" \/>\n<meta property=\"og:type\" content=\"article\" \/>\n<meta property=\"og:title\" content=\"Luiz Sampaio pr\u00e9-candidato a deputado estadual participou do encontro com 300 produtores rurais em Iaciara - Jornal Ultimos Acontecimentos\" \/>\n<meta property=\"og:description\" content=\"O pr\u00e9-candidato a deputado Estadual &#8211; Luiz Sampaio (Solidariedade) acompanhado do deputado federal, presidente da Federa\u00e7\u00e3o da Agricultura e Pecu\u00e1ria de Goi\u00e1s (Faeg) e pr\u00e9-candidato a reelei\u00e7\u00e3o \u00e0 C\u00e2mara Federal &#8211; Jos\u00e9 M\u00e1rio Schreiner (MDB), participou do Primeiro Encontro dos Produtores Rurais, na \u00faltima sexta-feira (13), na cidade de Iaciara e regi\u00e3o. Na regi\u00e3o, Sampaio\" \/>\n<meta property=\"og:url\" content=\"https:\/\/juacontecimentos.com.br\/site\/luiz-sampaio-pre-candidato-deputado-estadual-participou-do-encontro-com-300-produtores-rurais-em-iaciara\/\" \/>\n<meta property=\"og:site_name\" content=\"Jornal Ultimos Acontecimentos\" \/>\n<meta property=\"article:publisher\" content=\"https:\/\/www.facebook.com\/jultimosacontecimentos\/\" \/>\n<meta property=\"article:published_time\" content=\"2022-05-15T11:06:10+00:00\" \/>\n<meta property=\"article:modified_time\" content=\"2022-05-15T11:19:51+00:00\" \/>\n<meta property=\"og:image\" content=\"https:\/\/juacontecimentos.com.br\/site\/wp-content\/uploads\/2022\/05\/IMG-20220514-WA00442.jpg\" \/>\n\t<meta property=\"og:image:width\" content=\"1600\" \/>\n\t<meta property=\"og:image:height\" content=\"907\" \/>\n\t<meta property=\"og:image:type\" content=\"image\/jpeg\" \/>\n<meta name=\"author\" content=\"Reginaldo Ribeiro\" \/>\n<meta name=\"twitter:card\" content=\"summary_large_image\" \/>\n<meta name=\"twitter:label1\" content=\"Escrito por\" \/>\n\t<meta name=\"twitter:data1\" content=\"Reginaldo Ribeiro\" \/>\n\t<meta name=\"twitter:label2\" content=\"Est. tempo de leitura\" \/>\n\t<meta name=\"twitter:data2\" content=\"1 minuto\" \/>\n<script type=\"application\/ld+json\" class=\"yoast-schema-graph\">{\"@context\":\"https:\/\/schema.org\",\"@graph\":[{\"@type\":\"Article\",\"@id\":\"https:\/\/juacontecimentos.com.br\/site\/luiz-sampaio-pre-candidato-deputado-estadual-participou-do-encontro-com-300-produtores-rurais-em-iaciara\/#article\",\"isPartOf\":{\"@id\":\"https:\/\/juacontecimentos.com.br\/site\/luiz-sampaio-pre-candidato-deputado-estadual-participou-do-encontro-com-300-produtores-rurais-em-iaciara\/\"},\"author\":{\"name\":\"Reginaldo Ribeiro\",\"@id\":\"https:\/\/juacontecimentos.com.br\/site\/#\/schema\/person\/082a54e6d3fdd7a633291428521c9669\"},\"headline\":\"Luiz Sampaio pr\u00e9-candidato a deputado estadual participou do encontro com 300 produtores rurais em Iaciara\",\"datePublished\":\"2022-05-15T11:06:10+00:00\",\"dateModified\":\"2022-05-15T11:19:51+00:00\",\"mainEntityOfPage\":{\"@id\":\"https:\/\/juacontecimentos.com.br\/site\/luiz-sampaio-pre-candidato-deputado-estadual-participou-do-encontro-com-300-produtores-rurais-em-iaciara\/\"},\"wordCount\":277,\"commentCount\":0,\"publisher\":{\"@id\":\"https:\/\/juacontecimentos.com.br\/site\/#organization\"},\"image\":{\"@id\":\"https:\/\/juacontecimentos.com.br\/site\/luiz-sampaio-pre-candidato-deputado-estadual-participou-do-encontro-com-300-produtores-rurais-em-iaciara\/#primaryimage\"},\"thumbnailUrl\":\"https:\/\/juacontecimentos.com.br\/site\/wp-content\/uploads\/2022\/05\/IMG-20220514-WA00442.jpg\",\"articleSection\":[\"Brasil\",\"Catal\u00e3o\",\"Destaque\",\"Goi\u00e1s\"],\"inLanguage\":\"pt-BR\"},{\"@type\":\"WebPage\",\"@id\":\"https:\/\/juacontecimentos.com.br\/site\/luiz-sampaio-pre-candidato-deputado-estadual-participou-do-encontro-com-300-produtores-rurais-em-iaciara\/\",\"url\":\"https:\/\/juacontecimentos.com.br\/site\/luiz-sampaio-pre-candidato-deputado-estadual-participou-do-encontro-com-300-produtores-rurais-em-iaciara\/\",\"name\":\"Luiz Sampaio pr\u00e9-candidato a deputado estadual participou do encontro com 300 produtores rurais em Iaciara - Jornal Ultimos Acontecimentos\",\"isPartOf\":{\"@id\":\"https:\/\/juacontecimentos.com.br\/site\/#website\"},\"primaryImageOfPage\":{\"@id\":\"https:\/\/juacontecimentos.com.br\/site\/luiz-sampaio-pre-candidato-deputado-estadual-participou-do-encontro-com-300-produtores-rurais-em-iaciara\/#primaryimage\"},\"image\":{\"@id\":\"https:\/\/juacontecimentos.com.br\/site\/luiz-sampaio-pre-candidato-deputado-estadual-participou-do-encontro-com-300-produtores-rurais-em-iaciara\/#primaryimage\"},\"thumbnailUrl\":\"https:\/\/juacontecimentos.com.br\/site\/wp-content\/uploads\/2022\/05\/IMG-20220514-WA00442.jpg\",\"datePublished\":\"2022-05-15T11:06:10+00:00\",\"dateModified\":\"2022-05-15T11:19:51+00:00\",\"breadcrumb\":{\"@id\":\"https:\/\/juacontecimentos.com.br\/site\/luiz-sampaio-pre-candidato-deputado-estadual-participou-do-encontro-com-300-produtores-rurais-em-iaciara\/#breadcrumb\"},\"inLanguage\":\"pt-BR\",\"potentialAction\":[{\"@type\":\"ReadAction\",\"target\":[\"https:\/\/juacontecimentos.com.br\/site\/luiz-sampaio-pre-candidato-deputado-estadual-participou-do-encontro-com-300-produtores-rurais-em-iaciara\/\"]}]},{\"@type\":\"ImageObject\",\"inLanguage\":\"pt-BR\",\"@id\":\"https:\/\/juacontecimentos.com.br\/site\/luiz-sampaio-pre-candidato-deputado-estadual-participou-do-encontro-com-300-produtores-rurais-em-iaciara\/#primaryimage\",\"url\":\"https:\/\/juacontecimentos.com.br\/site\/wp-content\/uploads\/2022\/05\/IMG-20220514-WA00442.jpg\",\"contentUrl\":\"https:\/\/juacontecimentos.com.br\/site\/wp-content\/uploads\/2022\/05\/IMG-20220514-WA00442.jpg\",\"width\":1600,\"height\":907},{\"@type\":\"BreadcrumbList\",\"@id\":\"https:\/\/juacontecimentos.com.br\/site\/luiz-sampaio-pre-candidato-deputado-estadual-participou-do-encontro-com-300-produtores-rurais-em-iaciara\/#breadcrumb\",\"itemListElement\":[{\"@type\":\"ListItem\",\"position\":1,\"name\":\"In\u00edcio\",\"item\":\"https:\/\/juacontecimentos.com.br\/site\/\"},{\"@type\":\"ListItem\",\"position\":2,\"name\":\"Luiz Sampaio pr\u00e9-candidato a deputado estadual participou do encontro com 300 produtores rurais em Iaciara\"}]},{\"@type\":\"WebSite\",\"@id\":\"https:\/\/juacontecimentos.com.br\/site\/#website\",\"url\":\"https:\/\/juacontecimentos.com.br\/site\/\",\"name\":\"Jornal Ultimos Acontecimentos\",\"description\":\"Catal\u00e3o e regi\u00e3o\",\"publisher\":{\"@id\":\"https:\/\/juacontecimentos.com.br\/site\/#organization\"},\"potentialAction\":[{\"@type\":\"SearchAction\",\"target\":{\"@type\":\"EntryPoint\",\"urlTemplate\":\"https:\/\/juacontecimentos.com.br\/site\/?s={search_term_string}\"},\"query-input\":{\"@type\":\"PropertyValueSpecification\",\"valueRequired\":true,\"valueName\":\"search_term_string\"}}],\"inLanguage\":\"pt-BR\"},{\"@type\":\"Organization\",\"@id\":\"https:\/\/juacontecimentos.com.br\/site\/#organization\",\"name\":\"Jornal Ultimos Acontecimentos\",\"url\":\"https:\/\/juacontecimentos.com.br\/site\/\",\"logo\":{\"@type\":\"ImageObject\",\"inLanguage\":\"pt-BR\",\"@id\":\"https:\/\/juacontecimentos.com.br\/site\/#\/schema\/logo\/image\/\",\"url\":\"https:\/\/juacontecimentos.com.br\/site\/wp-content\/uploads\/2023\/04\/Logo_Site.png\",\"contentUrl\":\"https:\/\/juacontecimentos.com.br\/site\/wp-content\/uploads\/2023\/04\/Logo_Site.png\",\"width\":2476,\"height\":530,\"caption\":\"Jornal Ultimos Acontecimentos\"},\"image\":{\"@id\":\"https:\/\/juacontecimentos.com.br\/site\/#\/schema\/logo\/image\/\"},\"sameAs\":[\"https:\/\/www.facebook.com\/jultimosacontecimentos\/\"]},{\"@type\":\"Person\",\"@id\":\"https:\/\/juacontecimentos.com.br\/site\/#\/schema\/person\/082a54e6d3fdd7a633291428521c9669\",\"name\":\"Reginaldo Ribeiro\",\"image\":{\"@type\":\"ImageObject\",\"inLanguage\":\"pt-BR\",\"@id\":\"https:\/\/juacontecimentos.com.br\/site\/#\/schema\/person\/image\/\",\"url\":\"https:\/\/secure.gravatar.com\/avatar\/5c16c6837c3490270a74d888c2a845728f06bdde1f8761de1de1d1d1ef82d12f?s=96&d=mm&r=g\",\"contentUrl\":\"https:\/\/secure.gravatar.com\/avatar\/5c16c6837c3490270a74d888c2a845728f06bdde1f8761de1de1d1d1ef82d12f?s=96&d=mm&r=g\",\"caption\":\"Reginaldo Ribeiro\"}}]}<\/script>\n<!-- \/ Yoast SEO plugin. -->","yoast_head_json":{"title":"Luiz Sampaio pr\u00e9-candidato a deputado estadual participou do encontro com 300 produtores rurais em Iaciara - Jornal Ultimos Acontecimentos","robots":{"index":"index","follow":"follow","max-snippet":"max-snippet:-1","max-image-preview":"max-image-preview:large","max-video-preview":"max-video-preview:-1"},"canonical":"https:\/\/juacontecimentos.com.br\/site\/luiz-sampaio-pre-candidato-deputado-estadual-participou-do-encontro-com-300-produtores-rurais-em-iaciara\/","og_locale":"pt_BR","og_type":"article","og_title":"Luiz Sampaio pr\u00e9-candidato a deputado estadual participou do encontro com 300 produtores rurais em Iaciara - Jornal Ultimos Acontecimentos","og_description":"O pr\u00e9-candidato a deputado Estadual &#8211; Luiz Sampaio (Solidariedade) acompanhado do deputado federal, presidente da Federa\u00e7\u00e3o da Agricultura e Pecu\u00e1ria de Goi\u00e1s (Faeg) e pr\u00e9-candidato a reelei\u00e7\u00e3o \u00e0 C\u00e2mara Federal &#8211; Jos\u00e9 M\u00e1rio Schreiner (MDB), participou do Primeiro Encontro dos Produtores Rurais, na \u00faltima sexta-feira (13), na cidade de Iaciara e regi\u00e3o. Na regi\u00e3o, Sampaio","og_url":"https:\/\/juacontecimentos.com.br\/site\/luiz-sampaio-pre-candidato-deputado-estadual-participou-do-encontro-com-300-produtores-rurais-em-iaciara\/","og_site_name":"Jornal Ultimos Acontecimentos","article_publisher":"https:\/\/www.facebook.com\/jultimosacontecimentos\/","article_published_time":"2022-05-15T11:06:10+00:00","article_modified_time":"2022-05-15T11:19:51+00:00","og_image":[{"width":1600,"height":907,"url":"https:\/\/juacontecimentos.com.br\/site\/wp-content\/uploads\/2022\/05\/IMG-20220514-WA00442.jpg","type":"image\/jpeg"}],"author":"Reginaldo Ribeiro","twitter_card":"summary_large_image","twitter_misc":{"Escrito por":"Reginaldo Ribeiro","Est. tempo de leitura":"1 minuto"},"schema":{"@context":"https:\/\/schema.org","@graph":[{"@type":"Article","@id":"https:\/\/juacontecimentos.com.br\/site\/luiz-sampaio-pre-candidato-deputado-estadual-participou-do-encontro-com-300-produtores-rurais-em-iaciara\/#article","isPartOf":{"@id":"https:\/\/juacontecimentos.com.br\/site\/luiz-sampaio-pre-candidato-deputado-estadual-participou-do-encontro-com-300-produtores-rurais-em-iaciara\/"},"author":{"name":"Reginaldo Ribeiro","@id":"https:\/\/juacontecimentos.com.br\/site\/#\/schema\/person\/082a54e6d3fdd7a633291428521c9669"},"headline":"Luiz Sampaio pr\u00e9-candidato a deputado estadual participou do encontro com 300 produtores rurais em Iaciara","datePublished":"2022-05-15T11:06:10+00:00","dateModified":"2022-05-15T11:19:51+00:00","mainEntityOfPage":{"@id":"https:\/\/juacontecimentos.com.br\/site\/luiz-sampaio-pre-candidato-deputado-estadual-participou-do-encontro-com-300-produtores-rurais-em-iaciara\/"},"wordCount":277,"commentCount":0,"publisher":{"@id":"https:\/\/juacontecimentos.com.br\/site\/#organization"},"image":{"@id":"https:\/\/juacontecimentos.com.br\/site\/luiz-sampaio-pre-candidato-deputado-estadual-participou-do-encontro-com-300-produtores-rurais-em-iaciara\/#primaryimage"},"thumbnailUrl":"https:\/\/juacontecimentos.com.br\/site\/wp-content\/uploads\/2022\/05\/IMG-20220514-WA00442.jpg","articleSection":["Brasil","Catal\u00e3o","Destaque","Goi\u00e1s"],"inLanguage":"pt-BR"},{"@type":"WebPage","@id":"https:\/\/juacontecimentos.com.br\/site\/luiz-sampaio-pre-candidato-deputado-estadual-participou-do-encontro-com-300-produtores-rurais-em-iaciara\/","url":"https:\/\/juacontecimentos.com.br\/site\/luiz-sampaio-pre-candidato-deputado-estadual-participou-do-encontro-com-300-produtores-rurais-em-iaciara\/","name":"Luiz Sampaio pr\u00e9-candidato a deputado estadual participou do encontro com 300 produtores rurais em Iaciara - Jornal Ultimos Acontecimentos","isPartOf":{"@id":"https:\/\/juacontecimentos.com.br\/site\/#website"},"primaryImageOfPage":{"@id":"https:\/\/juacontecimentos.com.br\/site\/luiz-sampaio-pre-candidato-deputado-estadual-participou-do-encontro-com-300-produtores-rurais-em-iaciara\/#primaryimage"},"image":{"@id":"https:\/\/juacontecimentos.com.br\/site\/luiz-sampaio-pre-candidato-deputado-estadual-participou-do-encontro-com-300-produtores-rurais-em-iaciara\/#primaryimage"},"thumbnailUrl":"https:\/\/juacontecimentos.com.br\/site\/wp-content\/uploads\/2022\/05\/IMG-20220514-WA00442.jpg","datePublished":"2022-05-15T11:06:10+00:00","dateModified":"2022-05-15T11:19:51+00:00","breadcrumb":{"@id":"https:\/\/juacontecimentos.com.br\/site\/luiz-sampaio-pre-candidato-deputado-estadual-participou-do-encontro-com-300-produtores-rurais-em-iaciara\/#breadcrumb"},"inLanguage":"pt-BR","potentialAction":[{"@type":"ReadAction","target":["https:\/\/juacontecimentos.com.br\/site\/luiz-sampaio-pre-candidato-deputado-estadual-participou-do-encontro-com-300-produtores-rurais-em-iaciara\/"]}]},{"@type":"ImageObject","inLanguage":"pt-BR","@id":"https:\/\/juacontecimentos.com.br\/site\/luiz-sampaio-pre-candidato-deputado-estadual-participou-do-encontro-com-300-produtores-rurais-em-iaciara\/#primaryimage","url":"https:\/\/juacontecimentos.com.br\/site\/wp-content\/uploads\/2022\/05\/IMG-20220514-WA00442.jpg","contentUrl":"https:\/\/juacontecimentos.com.br\/site\/wp-content\/uploads\/2022\/05\/IMG-20220514-WA00442.jpg","width":1600,"height":907},{"@type":"BreadcrumbList","@id":"https:\/\/juacontecimentos.com.br\/site\/luiz-sampaio-pre-candidato-deputado-estadual-participou-do-encontro-com-300-produtores-rurais-em-iaciara\/#breadcrumb","itemListElement":[{"@type":"ListItem","position":1,"name":"In\u00edcio","item":"https:\/\/juacontecimentos.com.br\/site\/"},{"@type":"ListItem","position":2,"name":"Luiz Sampaio pr\u00e9-candidato a deputado estadual participou do encontro com 300 produtores rurais em Iaciara"}]},{"@type":"WebSite","@id":"https:\/\/juacontecimentos.com.br\/site\/#website","url":"https:\/\/juacontecimentos.com.br\/site\/","name":"Jornal Ultimos Acontecimentos","description":"Catal\u00e3o e regi\u00e3o","publisher":{"@id":"https:\/\/juacontecimentos.com.br\/site\/#organization"},"potentialAction":[{"@type":"SearchAction","target":{"@type":"EntryPoint","urlTemplate":"https:\/\/juacontecimentos.com.br\/site\/?s={search_term_string}"},"query-input":{"@type":"PropertyValueSpecification","valueRequired":true,"valueName":"search_term_string"}}],"inLanguage":"pt-BR"},{"@type":"Organization","@id":"https:\/\/juacontecimentos.com.br\/site\/#organization","name":"Jornal Ultimos Acontecimentos","url":"https:\/\/juacontecimentos.com.br\/site\/","logo":{"@type":"ImageObject","inLanguage":"pt-BR","@id":"https:\/\/juacontecimentos.com.br\/site\/#\/schema\/logo\/image\/","url":"https:\/\/juacontecimentos.com.br\/site\/wp-content\/uploads\/2023\/04\/Logo_Site.png","contentUrl":"https:\/\/juacontecimentos.com.br\/site\/wp-content\/uploads\/2023\/04\/Logo_Site.png","width":2476,"height":530,"caption":"Jornal Ultimos Acontecimentos"},"image":{"@id":"https:\/\/juacontecimentos.com.br\/site\/#\/schema\/logo\/image\/"},"sameAs":["https:\/\/www.facebook.com\/jultimosacontecimentos\/"]},{"@type":"Person","@id":"https:\/\/juacontecimentos.com.br\/site\/#\/schema\/person\/082a54e6d3fdd7a633291428521c9669","name":"Reginaldo Ribeiro","image":{"@type":"ImageObject","inLanguage":"pt-BR","@id":"https:\/\/juacontecimentos.com.br\/site\/#\/schema\/person\/image\/","url":"https:\/\/secure.gravatar.com\/avatar\/5c16c6837c3490270a74d888c2a845728f06bdde1f8761de1de1d1d1ef82d12f?s=96&d=mm&r=g","contentUrl":"https:\/\/secure.gravatar.com\/avatar\/5c16c6837c3490270a74d888c2a845728f06bdde1f8761de1de1d1d1ef82d12f?s=96&d=mm&r=g","caption":"Reginaldo Ribeiro"}}]}},"_links":{"self":[{"href":"https:\/\/juacontecimentos.com.br\/site\/wp-json\/wp\/v2\/posts\/20164","targetHints":{"allow":["GET"]}}],"collection":[{"href":"https:\/\/juacontecimentos.com.br\/site\/wp-json\/wp\/v2\/posts"}],"about":[{"href":"https:\/\/juacontecimentos.com.br\/site\/wp-json\/wp\/v2\/types\/post"}],"author":[{"embeddable":true,"href":"https:\/\/juacontecimentos.com.br\/site\/wp-json\/wp\/v2\/users\/2"}],"replies":[{"embeddable":true,"href":"https:\/\/juacontecimentos.com.br\/site\/wp-json\/wp\/v2\/comments?post=20164"}],"version-history":[{"count":4,"href":"https:\/\/juacontecimentos.com.br\/site\/wp-json\/wp\/v2\/posts\/20164\/revisions"}],"predecessor-version":[{"id":20177,"href":"https:\/\/juacontecimentos.com.br\/site\/wp-json\/wp\/v2\/posts\/20164\/revisions\/20177"}],"wp:featuredmedia":[{"embeddable":true,"href":"https:\/\/juacontecimentos.com.br\/site\/wp-json\/wp\/v2\/media\/20178"}],"wp:attachment":[{"href":"https:\/\/juacontecimentos.com.br\/site\/wp-json\/wp\/v2\/media?parent=20164"}],"wp:term":[{"taxonomy":"category","embeddable":true,"href":"https:\/\/juacontecimentos.com.br\/site\/wp-json\/wp\/v2\/categories?post=20164"},{"taxonomy":"post_tag","embeddable":true,"href":"https:\/\/juacontecimentos.com.br\/site\/wp-json\/wp\/v2\/tags?post=20164"}],"curies":[{"name":"wp","href":"https:\/\/api.w.org\/{rel}","templated":true}]}}