{"id":20179,"date":"2022-05-16T05:43:03","date_gmt":"2022-05-16T08:43:03","guid":{"rendered":"https:\/\/juacontecimento.com.br\/site\/?p=20179"},"modified":"2022-05-16T05:45:51","modified_gmt":"2022-05-16T08:45:51","slug":"nome-de-confianca-ex-comandante-dos-bombeiros-coronel-esmeraldino-de-lemos-assume-direcao-na-ceasa","status":"publish","type":"post","link":"https:\/\/juacontecimentos.com.br\/site\/nome-de-confianca-ex-comandante-dos-bombeiros-coronel-esmeraldino-de-lemos-assume-direcao-na-ceasa\/","title":{"rendered":"Nome de confian\u00e7a: Ex-comandante dos Bombeiros, coronel Esmeraldino de Lemos assume dire\u00e7\u00e3o na Ceasa"},"content":{"rendered":"<p><strong>Evento est\u00e1 previsto para acontecer nesta segunda-feira, 16, no audit\u00f3rio do pr\u00e9dio administrativo da empresa, no Jardim Guanabara, na BR-153<\/strong><\/p>\n<div id=\"attachment_20182\" style=\"width: 728px\" class=\"wp-caption alignnone\"><img loading=\"lazy\" decoding=\"async\" aria-describedby=\"caption-attachment-20182\" class=\"size-full wp-image-20182\" src=\"https:\/\/juacontecimento.com.br\/site\/wp-content\/uploads\/2022\/05\/psol-6-1-768x4332.jpg\" alt=\"\" width=\"718\" height=\"405\" srcset=\"https:\/\/juacontecimentos.com.br\/site\/wp-content\/uploads\/2022\/05\/psol-6-1-768x4332.jpg 718w, https:\/\/juacontecimentos.com.br\/site\/wp-content\/uploads\/2022\/05\/psol-6-1-768x4332-300x169.jpg 300w\" sizes=\"auto, (max-width: 718px) 100vw, 718px\" \/><p id=\"caption-attachment-20182\" class=\"wp-caption-text\">Nascido em Goi\u00e2nia no ano de 1971, militar ingressou na corpora\u00e7\u00e3o aos 20 anos no dia 1\u00ba de janeiro de 1992| Foto: Divulga\u00e7\u00e3o<\/p><\/div>\n<p>A Centrais de Abastecimento de Goi\u00e1s (Ceasa) promove nesta segunda-feira, 16, a solenidade de posse do coronel Esmeraldino Jacinto de Lemos,\u00a0<a href=\"https:\/\/www.jornalopcao.com.br\/ultimas-noticias\/ao-anunciar-coronel-esmeraldino-novo-comandante-geral-dos-bombeiros-caiado-garante-punicao-a-envolvidos-em-esquema-221476\/\">ex-comandante-geral do Corpo de Bombeiros Militar do Estado de Goi\u00e1s<\/a>, para o cargo de Diretor-administrativo e financeiro. Ele entra no lugar de Rog\u00e9rio Martins Esteves. O evento est\u00e1 previsto para acontecer a partir das 9 horas no audit\u00f3rio do pr\u00e9dio administrativo da empresa, no Jardim Guanabara, na BR-153.<\/p>\n<p>Nome de confian\u00e7a do pr\u00e9-candidato \u00e0 reelei\u00e7\u00e3o a governador de Goi\u00e1s Ronaldo Caiado (UB), Esmeraldino assumiu ao fim de novembro de 2019 o Comando-Geral do Corpo de Bombeiros Militar no lugar de Dewilson Adelino Mateus, que foi citado na Opera\u00e7\u00e3o Desconformidade do Grupo de Atua\u00e7\u00e3o Especial de Combate ao Crime Organizado (Gaeco) do Minist\u00e9rio P\u00fablico do Estado de Goi\u00e1s (MP-GO). No in\u00edcio de maio deste ano, Lemos\u00a0<a href=\"https:\/\/www.jornalopcao.com.br\/ultimas-noticias\/coronel-washington-assume-o-comando-geral-do-corpo-de-bombeiros-em-goias-397949\/\">deixou o posto<\/a>\u00a0e foi substitu\u00eddo pelo coronel Washington Luiz Vaz J\u00fanior.<br \/>\n<\/p>\n","protected":false},"excerpt":{"rendered":"<p>Evento est\u00e1 previsto para acontecer nesta segunda-feira, 16, no audit\u00f3rio do pr\u00e9dio administrativo da empresa, no Jardim Guanabara, na BR-153 A Centrais de Abastecimento de Goi\u00e1s (Ceasa) promove nesta segunda-feira, 16, a solenidade de posse do coronel Esmeraldino Jacinto de Lemos,\u00a0ex-comandante-geral do Corpo de Bombeiros Militar do Estado de Goi\u00e1s, para o cargo de Diretor-administrativo<\/p>\n","protected":false},"author":2,"featured_media":20182,"comment_status":"open","ping_status":"open","sticky":false,"template":"","format":"standard","meta":{"footnotes":""},"categories":[27,22,26,23],"tags":[],"class_list":["post-20179","post","type-post","status-publish","format-standard","has-post-thumbnail","hentry","category-brasil","category-catalao","category-destaque","category-goias"],"yoast_head":"<!-- This site is optimized with the Yoast SEO plugin v25.8 - https:\/\/yoast.com\/wordpress\/plugins\/seo\/ -->\n<title>Nome de confian\u00e7a: Ex-comandante dos Bombeiros, coronel Esmeraldino de Lemos assume dire\u00e7\u00e3o na Ceasa - Jornal Ultimos Acontecimentos<\/title>\n<meta name=\"robots\" content=\"index, follow, max-snippet:-1, max-image-preview:large, max-video-preview:-1\" \/>\n<link rel=\"canonical\" href=\"https:\/\/juacontecimentos.com.br\/site\/nome-de-confianca-ex-comandante-dos-bombeiros-coronel-esmeraldino-de-lemos-assume-direcao-na-ceasa\/\" \/>\n<meta property=\"og:locale\" content=\"pt_BR\" \/>\n<meta property=\"og:type\" content=\"article\" \/>\n<meta property=\"og:title\" content=\"Nome de confian\u00e7a: Ex-comandante dos Bombeiros, coronel Esmeraldino de Lemos assume dire\u00e7\u00e3o na Ceasa - Jornal Ultimos Acontecimentos\" \/>\n<meta property=\"og:description\" content=\"Evento est\u00e1 previsto para acontecer nesta segunda-feira, 16, no audit\u00f3rio do pr\u00e9dio administrativo da empresa, no Jardim Guanabara, na BR-153 A Centrais de Abastecimento de Goi\u00e1s (Ceasa) promove nesta segunda-feira, 16, a solenidade de posse do coronel Esmeraldino Jacinto de Lemos,\u00a0ex-comandante-geral do Corpo de Bombeiros Militar do Estado de Goi\u00e1s, para o cargo de Diretor-administrativo\" \/>\n<meta property=\"og:url\" content=\"https:\/\/juacontecimentos.com.br\/site\/nome-de-confianca-ex-comandante-dos-bombeiros-coronel-esmeraldino-de-lemos-assume-direcao-na-ceasa\/\" \/>\n<meta property=\"og:site_name\" content=\"Jornal Ultimos Acontecimentos\" \/>\n<meta property=\"article:publisher\" content=\"https:\/\/www.facebook.com\/jultimosacontecimentos\/\" \/>\n<meta property=\"article:published_time\" content=\"2022-05-16T08:43:03+00:00\" \/>\n<meta property=\"article:modified_time\" content=\"2022-05-16T08:45:51+00:00\" \/>\n<meta property=\"og:image\" content=\"https:\/\/juacontecimentos.com.br\/site\/wp-content\/uploads\/2022\/05\/psol-6-1-768x4332.jpg\" \/>\n\t<meta property=\"og:image:width\" content=\"718\" \/>\n\t<meta property=\"og:image:height\" content=\"405\" \/>\n\t<meta property=\"og:image:type\" content=\"image\/jpeg\" \/>\n<meta name=\"author\" content=\"Reginaldo Ribeiro\" \/>\n<meta name=\"twitter:card\" content=\"summary_large_image\" \/>\n<meta name=\"twitter:label1\" content=\"Escrito por\" \/>\n\t<meta name=\"twitter:data1\" content=\"Reginaldo Ribeiro\" \/>\n\t<meta name=\"twitter:label2\" content=\"Est. tempo de leitura\" \/>\n\t<meta name=\"twitter:data2\" content=\"1 minuto\" \/>\n<script type=\"application\/ld+json\" class=\"yoast-schema-graph\">{\"@context\":\"https:\/\/schema.org\",\"@graph\":[{\"@type\":\"Article\",\"@id\":\"https:\/\/juacontecimentos.com.br\/site\/nome-de-confianca-ex-comandante-dos-bombeiros-coronel-esmeraldino-de-lemos-assume-direcao-na-ceasa\/#article\",\"isPartOf\":{\"@id\":\"https:\/\/juacontecimentos.com.br\/site\/nome-de-confianca-ex-comandante-dos-bombeiros-coronel-esmeraldino-de-lemos-assume-direcao-na-ceasa\/\"},\"author\":{\"name\":\"Reginaldo Ribeiro\",\"@id\":\"https:\/\/juacontecimentos.com.br\/site\/#\/schema\/person\/082a54e6d3fdd7a633291428521c9669\"},\"headline\":\"Nome de confian\u00e7a: Ex-comandante dos Bombeiros, coronel Esmeraldino de Lemos assume dire\u00e7\u00e3o na Ceasa\",\"datePublished\":\"2022-05-16T08:43:03+00:00\",\"dateModified\":\"2022-05-16T08:45:51+00:00\",\"mainEntityOfPage\":{\"@id\":\"https:\/\/juacontecimentos.com.br\/site\/nome-de-confianca-ex-comandante-dos-bombeiros-coronel-esmeraldino-de-lemos-assume-direcao-na-ceasa\/\"},\"wordCount\":227,\"commentCount\":0,\"publisher\":{\"@id\":\"https:\/\/juacontecimentos.com.br\/site\/#organization\"},\"image\":{\"@id\":\"https:\/\/juacontecimentos.com.br\/site\/nome-de-confianca-ex-comandante-dos-bombeiros-coronel-esmeraldino-de-lemos-assume-direcao-na-ceasa\/#primaryimage\"},\"thumbnailUrl\":\"https:\/\/juacontecimentos.com.br\/site\/wp-content\/uploads\/2022\/05\/psol-6-1-768x4332.jpg\",\"articleSection\":[\"Brasil\",\"Catal\u00e3o\",\"Destaque\",\"Goi\u00e1s\"],\"inLanguage\":\"pt-BR\"},{\"@type\":\"WebPage\",\"@id\":\"https:\/\/juacontecimentos.com.br\/site\/nome-de-confianca-ex-comandante-dos-bombeiros-coronel-esmeraldino-de-lemos-assume-direcao-na-ceasa\/\",\"url\":\"https:\/\/juacontecimentos.com.br\/site\/nome-de-confianca-ex-comandante-dos-bombeiros-coronel-esmeraldino-de-lemos-assume-direcao-na-ceasa\/\",\"name\":\"Nome de confian\u00e7a: Ex-comandante dos Bombeiros, coronel Esmeraldino de Lemos assume dire\u00e7\u00e3o na Ceasa - Jornal Ultimos Acontecimentos\",\"isPartOf\":{\"@id\":\"https:\/\/juacontecimentos.com.br\/site\/#website\"},\"primaryImageOfPage\":{\"@id\":\"https:\/\/juacontecimentos.com.br\/site\/nome-de-confianca-ex-comandante-dos-bombeiros-coronel-esmeraldino-de-lemos-assume-direcao-na-ceasa\/#primaryimage\"},\"image\":{\"@id\":\"https:\/\/juacontecimentos.com.br\/site\/nome-de-confianca-ex-comandante-dos-bombeiros-coronel-esmeraldino-de-lemos-assume-direcao-na-ceasa\/#primaryimage\"},\"thumbnailUrl\":\"https:\/\/juacontecimentos.com.br\/site\/wp-content\/uploads\/2022\/05\/psol-6-1-768x4332.jpg\",\"datePublished\":\"2022-05-16T08:43:03+00:00\",\"dateModified\":\"2022-05-16T08:45:51+00:00\",\"breadcrumb\":{\"@id\":\"https:\/\/juacontecimentos.com.br\/site\/nome-de-confianca-ex-comandante-dos-bombeiros-coronel-esmeraldino-de-lemos-assume-direcao-na-ceasa\/#breadcrumb\"},\"inLanguage\":\"pt-BR\",\"potentialAction\":[{\"@type\":\"ReadAction\",\"target\":[\"https:\/\/juacontecimentos.com.br\/site\/nome-de-confianca-ex-comandante-dos-bombeiros-coronel-esmeraldino-de-lemos-assume-direcao-na-ceasa\/\"]}]},{\"@type\":\"ImageObject\",\"inLanguage\":\"pt-BR\",\"@id\":\"https:\/\/juacontecimentos.com.br\/site\/nome-de-confianca-ex-comandante-dos-bombeiros-coronel-esmeraldino-de-lemos-assume-direcao-na-ceasa\/#primaryimage\",\"url\":\"https:\/\/juacontecimentos.com.br\/site\/wp-content\/uploads\/2022\/05\/psol-6-1-768x4332.jpg\",\"contentUrl\":\"https:\/\/juacontecimentos.com.br\/site\/wp-content\/uploads\/2022\/05\/psol-6-1-768x4332.jpg\",\"width\":718,\"height\":405,\"caption\":\"Nascido em Goi\u00e2nia no ano de 1971, militar ingressou na corpora\u00e7\u00e3o aos 20 anos no dia 1\u00ba de janeiro de 1992| Foto: Divulga\u00e7\u00e3o\"},{\"@type\":\"BreadcrumbList\",\"@id\":\"https:\/\/juacontecimentos.com.br\/site\/nome-de-confianca-ex-comandante-dos-bombeiros-coronel-esmeraldino-de-lemos-assume-direcao-na-ceasa\/#breadcrumb\",\"itemListElement\":[{\"@type\":\"ListItem\",\"position\":1,\"name\":\"In\u00edcio\",\"item\":\"https:\/\/juacontecimentos.com.br\/site\/\"},{\"@type\":\"ListItem\",\"position\":2,\"name\":\"Nome de confian\u00e7a: Ex-comandante dos Bombeiros, coronel Esmeraldino de Lemos assume dire\u00e7\u00e3o na Ceasa\"}]},{\"@type\":\"WebSite\",\"@id\":\"https:\/\/juacontecimentos.com.br\/site\/#website\",\"url\":\"https:\/\/juacontecimentos.com.br\/site\/\",\"name\":\"Jornal Ultimos Acontecimentos\",\"description\":\"Catal\u00e3o e regi\u00e3o\",\"publisher\":{\"@id\":\"https:\/\/juacontecimentos.com.br\/site\/#organization\"},\"potentialAction\":[{\"@type\":\"SearchAction\",\"target\":{\"@type\":\"EntryPoint\",\"urlTemplate\":\"https:\/\/juacontecimentos.com.br\/site\/?s={search_term_string}\"},\"query-input\":{\"@type\":\"PropertyValueSpecification\",\"valueRequired\":true,\"valueName\":\"search_term_string\"}}],\"inLanguage\":\"pt-BR\"},{\"@type\":\"Organization\",\"@id\":\"https:\/\/juacontecimentos.com.br\/site\/#organization\",\"name\":\"Jornal Ultimos Acontecimentos\",\"url\":\"https:\/\/juacontecimentos.com.br\/site\/\",\"logo\":{\"@type\":\"ImageObject\",\"inLanguage\":\"pt-BR\",\"@id\":\"https:\/\/juacontecimentos.com.br\/site\/#\/schema\/logo\/image\/\",\"url\":\"https:\/\/juacontecimentos.com.br\/site\/wp-content\/uploads\/2023\/04\/Logo_Site.png\",\"contentUrl\":\"https:\/\/juacontecimentos.com.br\/site\/wp-content\/uploads\/2023\/04\/Logo_Site.png\",\"width\":2476,\"height\":530,\"caption\":\"Jornal Ultimos Acontecimentos\"},\"image\":{\"@id\":\"https:\/\/juacontecimentos.com.br\/site\/#\/schema\/logo\/image\/\"},\"sameAs\":[\"https:\/\/www.facebook.com\/jultimosacontecimentos\/\"]},{\"@type\":\"Person\",\"@id\":\"https:\/\/juacontecimentos.com.br\/site\/#\/schema\/person\/082a54e6d3fdd7a633291428521c9669\",\"name\":\"Reginaldo Ribeiro\",\"image\":{\"@type\":\"ImageObject\",\"inLanguage\":\"pt-BR\",\"@id\":\"https:\/\/juacontecimentos.com.br\/site\/#\/schema\/person\/image\/\",\"url\":\"https:\/\/secure.gravatar.com\/avatar\/5c16c6837c3490270a74d888c2a845728f06bdde1f8761de1de1d1d1ef82d12f?s=96&d=mm&r=g\",\"contentUrl\":\"https:\/\/secure.gravatar.com\/avatar\/5c16c6837c3490270a74d888c2a845728f06bdde1f8761de1de1d1d1ef82d12f?s=96&d=mm&r=g\",\"caption\":\"Reginaldo Ribeiro\"}}]}<\/script>\n<!-- \/ Yoast SEO plugin. -->","yoast_head_json":{"title":"Nome de confian\u00e7a: Ex-comandante dos Bombeiros, coronel Esmeraldino de Lemos assume dire\u00e7\u00e3o na Ceasa - Jornal Ultimos Acontecimentos","robots":{"index":"index","follow":"follow","max-snippet":"max-snippet:-1","max-image-preview":"max-image-preview:large","max-video-preview":"max-video-preview:-1"},"canonical":"https:\/\/juacontecimentos.com.br\/site\/nome-de-confianca-ex-comandante-dos-bombeiros-coronel-esmeraldino-de-lemos-assume-direcao-na-ceasa\/","og_locale":"pt_BR","og_type":"article","og_title":"Nome de confian\u00e7a: Ex-comandante dos Bombeiros, coronel Esmeraldino de Lemos assume dire\u00e7\u00e3o na Ceasa - Jornal Ultimos Acontecimentos","og_description":"Evento est\u00e1 previsto para acontecer nesta segunda-feira, 16, no audit\u00f3rio do pr\u00e9dio administrativo da empresa, no Jardim Guanabara, na BR-153 A Centrais de Abastecimento de Goi\u00e1s (Ceasa) promove nesta segunda-feira, 16, a solenidade de posse do coronel Esmeraldino Jacinto de Lemos,\u00a0ex-comandante-geral do Corpo de Bombeiros Militar do Estado de Goi\u00e1s, para o cargo de Diretor-administrativo","og_url":"https:\/\/juacontecimentos.com.br\/site\/nome-de-confianca-ex-comandante-dos-bombeiros-coronel-esmeraldino-de-lemos-assume-direcao-na-ceasa\/","og_site_name":"Jornal Ultimos Acontecimentos","article_publisher":"https:\/\/www.facebook.com\/jultimosacontecimentos\/","article_published_time":"2022-05-16T08:43:03+00:00","article_modified_time":"2022-05-16T08:45:51+00:00","og_image":[{"width":718,"height":405,"url":"https:\/\/juacontecimentos.com.br\/site\/wp-content\/uploads\/2022\/05\/psol-6-1-768x4332.jpg","type":"image\/jpeg"}],"author":"Reginaldo Ribeiro","twitter_card":"summary_large_image","twitter_misc":{"Escrito por":"Reginaldo Ribeiro","Est. tempo de leitura":"1 minuto"},"schema":{"@context":"https:\/\/schema.org","@graph":[{"@type":"Article","@id":"https:\/\/juacontecimentos.com.br\/site\/nome-de-confianca-ex-comandante-dos-bombeiros-coronel-esmeraldino-de-lemos-assume-direcao-na-ceasa\/#article","isPartOf":{"@id":"https:\/\/juacontecimentos.com.br\/site\/nome-de-confianca-ex-comandante-dos-bombeiros-coronel-esmeraldino-de-lemos-assume-direcao-na-ceasa\/"},"author":{"name":"Reginaldo Ribeiro","@id":"https:\/\/juacontecimentos.com.br\/site\/#\/schema\/person\/082a54e6d3fdd7a633291428521c9669"},"headline":"Nome de confian\u00e7a: Ex-comandante dos Bombeiros, coronel Esmeraldino de Lemos assume dire\u00e7\u00e3o na Ceasa","datePublished":"2022-05-16T08:43:03+00:00","dateModified":"2022-05-16T08:45:51+00:00","mainEntityOfPage":{"@id":"https:\/\/juacontecimentos.com.br\/site\/nome-de-confianca-ex-comandante-dos-bombeiros-coronel-esmeraldino-de-lemos-assume-direcao-na-ceasa\/"},"wordCount":227,"commentCount":0,"publisher":{"@id":"https:\/\/juacontecimentos.com.br\/site\/#organization"},"image":{"@id":"https:\/\/juacontecimentos.com.br\/site\/nome-de-confianca-ex-comandante-dos-bombeiros-coronel-esmeraldino-de-lemos-assume-direcao-na-ceasa\/#primaryimage"},"thumbnailUrl":"https:\/\/juacontecimentos.com.br\/site\/wp-content\/uploads\/2022\/05\/psol-6-1-768x4332.jpg","articleSection":["Brasil","Catal\u00e3o","Destaque","Goi\u00e1s"],"inLanguage":"pt-BR"},{"@type":"WebPage","@id":"https:\/\/juacontecimentos.com.br\/site\/nome-de-confianca-ex-comandante-dos-bombeiros-coronel-esmeraldino-de-lemos-assume-direcao-na-ceasa\/","url":"https:\/\/juacontecimentos.com.br\/site\/nome-de-confianca-ex-comandante-dos-bombeiros-coronel-esmeraldino-de-lemos-assume-direcao-na-ceasa\/","name":"Nome de confian\u00e7a: Ex-comandante dos Bombeiros, coronel Esmeraldino de Lemos assume dire\u00e7\u00e3o na Ceasa - Jornal Ultimos Acontecimentos","isPartOf":{"@id":"https:\/\/juacontecimentos.com.br\/site\/#website"},"primaryImageOfPage":{"@id":"https:\/\/juacontecimentos.com.br\/site\/nome-de-confianca-ex-comandante-dos-bombeiros-coronel-esmeraldino-de-lemos-assume-direcao-na-ceasa\/#primaryimage"},"image":{"@id":"https:\/\/juacontecimentos.com.br\/site\/nome-de-confianca-ex-comandante-dos-bombeiros-coronel-esmeraldino-de-lemos-assume-direcao-na-ceasa\/#primaryimage"},"thumbnailUrl":"https:\/\/juacontecimentos.com.br\/site\/wp-content\/uploads\/2022\/05\/psol-6-1-768x4332.jpg","datePublished":"2022-05-16T08:43:03+00:00","dateModified":"2022-05-16T08:45:51+00:00","breadcrumb":{"@id":"https:\/\/juacontecimentos.com.br\/site\/nome-de-confianca-ex-comandante-dos-bombeiros-coronel-esmeraldino-de-lemos-assume-direcao-na-ceasa\/#breadcrumb"},"inLanguage":"pt-BR","potentialAction":[{"@type":"ReadAction","target":["https:\/\/juacontecimentos.com.br\/site\/nome-de-confianca-ex-comandante-dos-bombeiros-coronel-esmeraldino-de-lemos-assume-direcao-na-ceasa\/"]}]},{"@type":"ImageObject","inLanguage":"pt-BR","@id":"https:\/\/juacontecimentos.com.br\/site\/nome-de-confianca-ex-comandante-dos-bombeiros-coronel-esmeraldino-de-lemos-assume-direcao-na-ceasa\/#primaryimage","url":"https:\/\/juacontecimentos.com.br\/site\/wp-content\/uploads\/2022\/05\/psol-6-1-768x4332.jpg","contentUrl":"https:\/\/juacontecimentos.com.br\/site\/wp-content\/uploads\/2022\/05\/psol-6-1-768x4332.jpg","width":718,"height":405,"caption":"Nascido em Goi\u00e2nia no ano de 1971, militar ingressou na corpora\u00e7\u00e3o aos 20 anos no dia 1\u00ba de janeiro de 1992| Foto: Divulga\u00e7\u00e3o"},{"@type":"BreadcrumbList","@id":"https:\/\/juacontecimentos.com.br\/site\/nome-de-confianca-ex-comandante-dos-bombeiros-coronel-esmeraldino-de-lemos-assume-direcao-na-ceasa\/#breadcrumb","itemListElement":[{"@type":"ListItem","position":1,"name":"In\u00edcio","item":"https:\/\/juacontecimentos.com.br\/site\/"},{"@type":"ListItem","position":2,"name":"Nome de confian\u00e7a: Ex-comandante dos Bombeiros, coronel Esmeraldino de Lemos assume dire\u00e7\u00e3o na Ceasa"}]},{"@type":"WebSite","@id":"https:\/\/juacontecimentos.com.br\/site\/#website","url":"https:\/\/juacontecimentos.com.br\/site\/","name":"Jornal Ultimos Acontecimentos","description":"Catal\u00e3o e regi\u00e3o","publisher":{"@id":"https:\/\/juacontecimentos.com.br\/site\/#organization"},"potentialAction":[{"@type":"SearchAction","target":{"@type":"EntryPoint","urlTemplate":"https:\/\/juacontecimentos.com.br\/site\/?s={search_term_string}"},"query-input":{"@type":"PropertyValueSpecification","valueRequired":true,"valueName":"search_term_string"}}],"inLanguage":"pt-BR"},{"@type":"Organization","@id":"https:\/\/juacontecimentos.com.br\/site\/#organization","name":"Jornal Ultimos Acontecimentos","url":"https:\/\/juacontecimentos.com.br\/site\/","logo":{"@type":"ImageObject","inLanguage":"pt-BR","@id":"https:\/\/juacontecimentos.com.br\/site\/#\/schema\/logo\/image\/","url":"https:\/\/juacontecimentos.com.br\/site\/wp-content\/uploads\/2023\/04\/Logo_Site.png","contentUrl":"https:\/\/juacontecimentos.com.br\/site\/wp-content\/uploads\/2023\/04\/Logo_Site.png","width":2476,"height":530,"caption":"Jornal Ultimos Acontecimentos"},"image":{"@id":"https:\/\/juacontecimentos.com.br\/site\/#\/schema\/logo\/image\/"},"sameAs":["https:\/\/www.facebook.com\/jultimosacontecimentos\/"]},{"@type":"Person","@id":"https:\/\/juacontecimentos.com.br\/site\/#\/schema\/person\/082a54e6d3fdd7a633291428521c9669","name":"Reginaldo Ribeiro","image":{"@type":"ImageObject","inLanguage":"pt-BR","@id":"https:\/\/juacontecimentos.com.br\/site\/#\/schema\/person\/image\/","url":"https:\/\/secure.gravatar.com\/avatar\/5c16c6837c3490270a74d888c2a845728f06bdde1f8761de1de1d1d1ef82d12f?s=96&d=mm&r=g","contentUrl":"https:\/\/secure.gravatar.com\/avatar\/5c16c6837c3490270a74d888c2a845728f06bdde1f8761de1de1d1d1ef82d12f?s=96&d=mm&r=g","caption":"Reginaldo Ribeiro"}}]}},"_links":{"self":[{"href":"https:\/\/juacontecimentos.com.br\/site\/wp-json\/wp\/v2\/posts\/20179","targetHints":{"allow":["GET"]}}],"collection":[{"href":"https:\/\/juacontecimentos.com.br\/site\/wp-json\/wp\/v2\/posts"}],"about":[{"href":"https:\/\/juacontecimentos.com.br\/site\/wp-json\/wp\/v2\/types\/post"}],"author":[{"embeddable":true,"href":"https:\/\/juacontecimentos.com.br\/site\/wp-json\/wp\/v2\/users\/2"}],"replies":[{"embeddable":true,"href":"https:\/\/juacontecimentos.com.br\/site\/wp-json\/wp\/v2\/comments?post=20179"}],"version-history":[{"count":4,"href":"https:\/\/juacontecimentos.com.br\/site\/wp-json\/wp\/v2\/posts\/20179\/revisions"}],"predecessor-version":[{"id":20184,"href":"https:\/\/juacontecimentos.com.br\/site\/wp-json\/wp\/v2\/posts\/20179\/revisions\/20184"}],"wp:featuredmedia":[{"embeddable":true,"href":"https:\/\/juacontecimentos.com.br\/site\/wp-json\/wp\/v2\/media\/20182"}],"wp:attachment":[{"href":"https:\/\/juacontecimentos.com.br\/site\/wp-json\/wp\/v2\/media?parent=20179"}],"wp:term":[{"taxonomy":"category","embeddable":true,"href":"https:\/\/juacontecimentos.com.br\/site\/wp-json\/wp\/v2\/categories?post=20179"},{"taxonomy":"post_tag","embeddable":true,"href":"https:\/\/juacontecimentos.com.br\/site\/wp-json\/wp\/v2\/tags?post=20179"}],"curies":[{"name":"wp","href":"https:\/\/api.w.org\/{rel}","templated":true}]}}