{"id":20424,"date":"2022-05-31T04:31:20","date_gmt":"2022-05-31T07:31:20","guid":{"rendered":"https:\/\/juacontecimento.com.br\/site\/?p=20424"},"modified":"2022-05-31T04:32:46","modified_gmt":"2022-05-31T07:32:46","slug":"mendanha-assinou-contrato-com-albert-einsten-12-dias-apos-renuncia-cita-tcm","status":"publish","type":"post","link":"https:\/\/juacontecimentos.com.br\/site\/mendanha-assinou-contrato-com-albert-einsten-12-dias-apos-renuncia-cita-tcm\/","title":{"rendered":"Mendanha assinou contrato com Albert Einsten 12 dias ap\u00f3s ren\u00fancia, cita TCM"},"content":{"rendered":"<p><strong>Tribunal de Contas dos Munic\u00edpios pede suspens\u00e3o do v\u00ednculo com a institui\u00e7\u00e3o tamb\u00e9m por contratos duplicados\u00a0<\/strong><\/p>\n<p><img loading=\"lazy\" decoding=\"async\" class=\"alignnone size-full wp-image-20426\" src=\"https:\/\/juacontecimento.com.br\/site\/wp-content\/uploads\/2022\/05\/gustavo-mendanha-Albert-Einsten2.jpg\" alt=\"\" width=\"575\" height=\"335\" srcset=\"https:\/\/juacontecimentos.com.br\/site\/wp-content\/uploads\/2022\/05\/gustavo-mendanha-Albert-Einsten2.jpg 575w, https:\/\/juacontecimentos.com.br\/site\/wp-content\/uploads\/2022\/05\/gustavo-mendanha-Albert-Einsten2-300x175.jpg 300w\" sizes=\"auto, (max-width: 575px) 100vw, 575px\" \/><\/p>\n<p>Pr\u00e9-candidato ao Governo de Goi\u00e1s, o ex-prefeito de Aparecida de Goi\u00e2nia, Gustavo Mendanha (Patriota), teria assinado contrato entre a prefeitura e a Sociedade Beneficente Israelita Brasileira Albert Einstein 12 dias depois de renunciar ao cargo, para disputar o Pal\u00e1cio das Esmeraldas. Ap\u00f3s isso, a institui\u00e7\u00e3o paulista ficou respons\u00e1vel por gerir o Hospital Municipal de Aparecida de Goi\u00e2nia (HMAP).<\/p>\n<p>A den\u00fancia apontando supostas irregularidades foi apresentada pelo Instituto Brasileiro de Gest\u00e3o Hospitalar (IBHG). Agora, mediante ind\u00edcios, o Tribunal determinou que a prefeitura de Aparecida de Goi\u00e2nia suspenda de imediato o Termo de Colabora\u00e7\u00e3o com a Organiza\u00e7\u00e3o Social (OS).<\/p>\n<p>O relat\u00f3rio assinado pelo Conselheiro Francisco Jos\u00e9 Ramos destaca que o edital publicado pela prefeitura, com valor mensal de R$ 16,5 milh\u00f5es ao Albert Einstein, descreve as mesmas atividades atribu\u00eddas ao IBGH, que foi celebrado em 2018, e ainda em vigor. Nele, houve um acr\u00e9scimo de 29,23% do valor repassado ao IBGH, de R$ 12,7 milh\u00f5es. \u201cA diferen\u00e7a dos dois contratos chega a R$ 45 milh\u00f5es anuais. Ao comparar valor do novo contrato, o TCM evidenciou uma grande discrep\u00e2ncia dos valores estipulados\u201d, frisa Ramos.<\/p>\n<p>Al\u00e9m do desembolso maior a ser pago pelo munic\u00edpio, h\u00e1 tamb\u00e9m uma poss\u00edvel sobreposi\u00e7\u00e3o que, consequentemente, resultar\u00e1 em dano aos cofres p\u00fablicos. Isso, em raz\u00e3o da hip\u00f3tese de pagamento em duplicidade. \u201cSem a suspens\u00e3o, os dois contratos estariam em vigor concomitantemente entre maio e dezembro de 2022, quando se encerra o atual v\u00ednculo com o IBGH\u201d, constata.<\/p>\n<p>\u201cTem-se tamb\u00e9m o fato de que apesar do sr. Gustavo Mendanha, prefeito de Aparecida de Goi\u00e2nia, mesmo tendo renunciado de forma definitiva e irrevog\u00e1vel ao cargo de prefeito no dia 31 de mar\u00e7o de 2022 a fim de concorrer ao pleito eleitoral pr\u00f3ximo, para o cargo de governador do Estado de Goi\u00e1s, assinou o Extrato do Termo de Colabora\u00e7\u00e3o n.001\/2022 em 12 de abril de 2022, como prefeito municipal\u201d, acrescenta trecho da decis\u00e3o do Tribunal.<\/p>\n<p>Por fim, a Corte determina que a prefeitura n\u00e3o fa\u00e7a qualquer pagamento \u00e0 Sociedade Beneficente Israelita Brasileira Albert Einstein, at\u00e9 posterior manifesta\u00e7\u00e3o do Tribunal. A Secretaria de Sa\u00fade de Aparecida esclarece que o edital de chamamento p\u00fablico para gerenciamento do Hospital Municipal de Aparecida seguiu todas as exig\u00eancias legais e que ir\u00e1 apresentar a documenta\u00e7\u00e3o requerida em tempo h\u00e1bil.<\/p>\n<p>Por meio de nota, a prefeitura informou que a chamada p\u00fablica para escolher a OS foi realizada em 29 de novembro do ano passado. Quando nove institui\u00e7\u00f5es se habilitaram a participar do processo seletivo. \u201cTodo o procedimento foi fiscalizado pelos \u00f3rg\u00e3os competentes e a Sociedade Beneficente Israelita Brasileira Hospital Albert Einstein foi classificada em primeiro lugar. Inclusive, a pasta recebe com surpresa essa decis\u00e3o cautelar, visto que o pr\u00f3prio TCM j\u00e1 se posicionou contr\u00e1rio ao pedido anteriormente\u201d, cita comunicado.<\/p>\n<p>O\u00a0<strong>jornal<\/strong>\u00a0procurou a assessoria de imprensa do pr\u00e9-candidato Gustavo Mendanha, que direcionou a demanda para a prefeitura.<\/p>\n<p>&nbsp;<\/p>\n<p>&nbsp;<\/p>\n<p>&nbsp;<br \/>\n<\/p>\n","protected":false},"excerpt":{"rendered":"<p>Tribunal de Contas dos Munic\u00edpios pede suspens\u00e3o do v\u00ednculo com a institui\u00e7\u00e3o tamb\u00e9m por contratos duplicados\u00a0 Pr\u00e9-candidato ao Governo de Goi\u00e1s, o ex-prefeito de Aparecida de Goi\u00e2nia, Gustavo Mendanha (Patriota), teria assinado contrato entre a prefeitura e a Sociedade Beneficente Israelita Brasileira Albert Einstein 12 dias depois de renunciar ao cargo, para disputar o Pal\u00e1cio<\/p>\n","protected":false},"author":2,"featured_media":20426,"comment_status":"open","ping_status":"open","sticky":false,"template":"","format":"standard","meta":{"footnotes":""},"categories":[27,22,26,23,1],"tags":[],"class_list":["post-20424","post","type-post","status-publish","format-standard","has-post-thumbnail","hentry","category-brasil","category-catalao","category-destaque","category-goias","category-sem-categoria"],"yoast_head":"<!-- This site is optimized with the Yoast SEO plugin v25.8 - https:\/\/yoast.com\/wordpress\/plugins\/seo\/ -->\n<title>Mendanha assinou contrato com Albert Einsten 12 dias ap\u00f3s ren\u00fancia, cita TCM - Jornal Ultimos Acontecimentos<\/title>\n<meta name=\"robots\" content=\"index, follow, max-snippet:-1, max-image-preview:large, max-video-preview:-1\" \/>\n<link rel=\"canonical\" href=\"https:\/\/juacontecimentos.com.br\/site\/mendanha-assinou-contrato-com-albert-einsten-12-dias-apos-renuncia-cita-tcm\/\" \/>\n<meta property=\"og:locale\" content=\"pt_BR\" \/>\n<meta property=\"og:type\" content=\"article\" \/>\n<meta property=\"og:title\" content=\"Mendanha assinou contrato com Albert Einsten 12 dias ap\u00f3s ren\u00fancia, cita TCM - Jornal Ultimos Acontecimentos\" \/>\n<meta property=\"og:description\" content=\"Tribunal de Contas dos Munic\u00edpios pede suspens\u00e3o do v\u00ednculo com a institui\u00e7\u00e3o tamb\u00e9m por contratos duplicados\u00a0 Pr\u00e9-candidato ao Governo de Goi\u00e1s, o ex-prefeito de Aparecida de Goi\u00e2nia, Gustavo Mendanha (Patriota), teria assinado contrato entre a prefeitura e a Sociedade Beneficente Israelita Brasileira Albert Einstein 12 dias depois de renunciar ao cargo, para disputar o Pal\u00e1cio\" \/>\n<meta property=\"og:url\" content=\"https:\/\/juacontecimentos.com.br\/site\/mendanha-assinou-contrato-com-albert-einsten-12-dias-apos-renuncia-cita-tcm\/\" \/>\n<meta property=\"og:site_name\" content=\"Jornal Ultimos Acontecimentos\" \/>\n<meta property=\"article:publisher\" content=\"https:\/\/www.facebook.com\/jultimosacontecimentos\/\" \/>\n<meta property=\"article:published_time\" content=\"2022-05-31T07:31:20+00:00\" \/>\n<meta property=\"article:modified_time\" content=\"2022-05-31T07:32:46+00:00\" \/>\n<meta property=\"og:image\" content=\"https:\/\/juacontecimentos.com.br\/site\/wp-content\/uploads\/2022\/05\/gustavo-mendanha-Albert-Einsten2.jpg\" \/>\n\t<meta property=\"og:image:width\" content=\"575\" \/>\n\t<meta property=\"og:image:height\" content=\"335\" \/>\n\t<meta property=\"og:image:type\" content=\"image\/jpeg\" \/>\n<meta name=\"author\" content=\"Reginaldo Ribeiro\" \/>\n<meta name=\"twitter:card\" content=\"summary_large_image\" \/>\n<meta name=\"twitter:label1\" content=\"Escrito por\" \/>\n\t<meta name=\"twitter:data1\" content=\"Reginaldo Ribeiro\" \/>\n\t<meta name=\"twitter:label2\" content=\"Est. tempo de leitura\" \/>\n\t<meta name=\"twitter:data2\" content=\"3 minutos\" \/>\n<script type=\"application\/ld+json\" class=\"yoast-schema-graph\">{\"@context\":\"https:\/\/schema.org\",\"@graph\":[{\"@type\":\"Article\",\"@id\":\"https:\/\/juacontecimentos.com.br\/site\/mendanha-assinou-contrato-com-albert-einsten-12-dias-apos-renuncia-cita-tcm\/#article\",\"isPartOf\":{\"@id\":\"https:\/\/juacontecimentos.com.br\/site\/mendanha-assinou-contrato-com-albert-einsten-12-dias-apos-renuncia-cita-tcm\/\"},\"author\":{\"name\":\"Reginaldo Ribeiro\",\"@id\":\"https:\/\/juacontecimentos.com.br\/site\/#\/schema\/person\/082a54e6d3fdd7a633291428521c9669\"},\"headline\":\"Mendanha assinou contrato com Albert Einsten 12 dias ap\u00f3s ren\u00fancia, cita TCM\",\"datePublished\":\"2022-05-31T07:31:20+00:00\",\"dateModified\":\"2022-05-31T07:32:46+00:00\",\"mainEntityOfPage\":{\"@id\":\"https:\/\/juacontecimentos.com.br\/site\/mendanha-assinou-contrato-com-albert-einsten-12-dias-apos-renuncia-cita-tcm\/\"},\"wordCount\":548,\"commentCount\":0,\"publisher\":{\"@id\":\"https:\/\/juacontecimentos.com.br\/site\/#organization\"},\"image\":{\"@id\":\"https:\/\/juacontecimentos.com.br\/site\/mendanha-assinou-contrato-com-albert-einsten-12-dias-apos-renuncia-cita-tcm\/#primaryimage\"},\"thumbnailUrl\":\"https:\/\/juacontecimentos.com.br\/site\/wp-content\/uploads\/2022\/05\/gustavo-mendanha-Albert-Einsten2.jpg\",\"articleSection\":[\"Brasil\",\"Catal\u00e3o\",\"Destaque\",\"Goi\u00e1s\"],\"inLanguage\":\"pt-BR\"},{\"@type\":\"WebPage\",\"@id\":\"https:\/\/juacontecimentos.com.br\/site\/mendanha-assinou-contrato-com-albert-einsten-12-dias-apos-renuncia-cita-tcm\/\",\"url\":\"https:\/\/juacontecimentos.com.br\/site\/mendanha-assinou-contrato-com-albert-einsten-12-dias-apos-renuncia-cita-tcm\/\",\"name\":\"Mendanha assinou contrato com Albert Einsten 12 dias ap\u00f3s ren\u00fancia, cita TCM - Jornal Ultimos Acontecimentos\",\"isPartOf\":{\"@id\":\"https:\/\/juacontecimentos.com.br\/site\/#website\"},\"primaryImageOfPage\":{\"@id\":\"https:\/\/juacontecimentos.com.br\/site\/mendanha-assinou-contrato-com-albert-einsten-12-dias-apos-renuncia-cita-tcm\/#primaryimage\"},\"image\":{\"@id\":\"https:\/\/juacontecimentos.com.br\/site\/mendanha-assinou-contrato-com-albert-einsten-12-dias-apos-renuncia-cita-tcm\/#primaryimage\"},\"thumbnailUrl\":\"https:\/\/juacontecimentos.com.br\/site\/wp-content\/uploads\/2022\/05\/gustavo-mendanha-Albert-Einsten2.jpg\",\"datePublished\":\"2022-05-31T07:31:20+00:00\",\"dateModified\":\"2022-05-31T07:32:46+00:00\",\"breadcrumb\":{\"@id\":\"https:\/\/juacontecimentos.com.br\/site\/mendanha-assinou-contrato-com-albert-einsten-12-dias-apos-renuncia-cita-tcm\/#breadcrumb\"},\"inLanguage\":\"pt-BR\",\"potentialAction\":[{\"@type\":\"ReadAction\",\"target\":[\"https:\/\/juacontecimentos.com.br\/site\/mendanha-assinou-contrato-com-albert-einsten-12-dias-apos-renuncia-cita-tcm\/\"]}]},{\"@type\":\"ImageObject\",\"inLanguage\":\"pt-BR\",\"@id\":\"https:\/\/juacontecimentos.com.br\/site\/mendanha-assinou-contrato-com-albert-einsten-12-dias-apos-renuncia-cita-tcm\/#primaryimage\",\"url\":\"https:\/\/juacontecimentos.com.br\/site\/wp-content\/uploads\/2022\/05\/gustavo-mendanha-Albert-Einsten2.jpg\",\"contentUrl\":\"https:\/\/juacontecimentos.com.br\/site\/wp-content\/uploads\/2022\/05\/gustavo-mendanha-Albert-Einsten2.jpg\",\"width\":575,\"height\":335},{\"@type\":\"BreadcrumbList\",\"@id\":\"https:\/\/juacontecimentos.com.br\/site\/mendanha-assinou-contrato-com-albert-einsten-12-dias-apos-renuncia-cita-tcm\/#breadcrumb\",\"itemListElement\":[{\"@type\":\"ListItem\",\"position\":1,\"name\":\"In\u00edcio\",\"item\":\"https:\/\/juacontecimentos.com.br\/site\/\"},{\"@type\":\"ListItem\",\"position\":2,\"name\":\"Mendanha assinou contrato com Albert Einsten 12 dias ap\u00f3s ren\u00fancia, cita TCM\"}]},{\"@type\":\"WebSite\",\"@id\":\"https:\/\/juacontecimentos.com.br\/site\/#website\",\"url\":\"https:\/\/juacontecimentos.com.br\/site\/\",\"name\":\"Jornal Ultimos Acontecimentos\",\"description\":\"Catal\u00e3o e regi\u00e3o\",\"publisher\":{\"@id\":\"https:\/\/juacontecimentos.com.br\/site\/#organization\"},\"potentialAction\":[{\"@type\":\"SearchAction\",\"target\":{\"@type\":\"EntryPoint\",\"urlTemplate\":\"https:\/\/juacontecimentos.com.br\/site\/?s={search_term_string}\"},\"query-input\":{\"@type\":\"PropertyValueSpecification\",\"valueRequired\":true,\"valueName\":\"search_term_string\"}}],\"inLanguage\":\"pt-BR\"},{\"@type\":\"Organization\",\"@id\":\"https:\/\/juacontecimentos.com.br\/site\/#organization\",\"name\":\"Jornal Ultimos Acontecimentos\",\"url\":\"https:\/\/juacontecimentos.com.br\/site\/\",\"logo\":{\"@type\":\"ImageObject\",\"inLanguage\":\"pt-BR\",\"@id\":\"https:\/\/juacontecimentos.com.br\/site\/#\/schema\/logo\/image\/\",\"url\":\"https:\/\/juacontecimentos.com.br\/site\/wp-content\/uploads\/2023\/04\/Logo_Site.png\",\"contentUrl\":\"https:\/\/juacontecimentos.com.br\/site\/wp-content\/uploads\/2023\/04\/Logo_Site.png\",\"width\":2476,\"height\":530,\"caption\":\"Jornal Ultimos Acontecimentos\"},\"image\":{\"@id\":\"https:\/\/juacontecimentos.com.br\/site\/#\/schema\/logo\/image\/\"},\"sameAs\":[\"https:\/\/www.facebook.com\/jultimosacontecimentos\/\"]},{\"@type\":\"Person\",\"@id\":\"https:\/\/juacontecimentos.com.br\/site\/#\/schema\/person\/082a54e6d3fdd7a633291428521c9669\",\"name\":\"Reginaldo Ribeiro\",\"image\":{\"@type\":\"ImageObject\",\"inLanguage\":\"pt-BR\",\"@id\":\"https:\/\/juacontecimentos.com.br\/site\/#\/schema\/person\/image\/\",\"url\":\"https:\/\/secure.gravatar.com\/avatar\/5c16c6837c3490270a74d888c2a845728f06bdde1f8761de1de1d1d1ef82d12f?s=96&d=mm&r=g\",\"contentUrl\":\"https:\/\/secure.gravatar.com\/avatar\/5c16c6837c3490270a74d888c2a845728f06bdde1f8761de1de1d1d1ef82d12f?s=96&d=mm&r=g\",\"caption\":\"Reginaldo Ribeiro\"}}]}<\/script>\n<!-- \/ Yoast SEO plugin. -->","yoast_head_json":{"title":"Mendanha assinou contrato com Albert Einsten 12 dias ap\u00f3s ren\u00fancia, cita TCM - Jornal Ultimos Acontecimentos","robots":{"index":"index","follow":"follow","max-snippet":"max-snippet:-1","max-image-preview":"max-image-preview:large","max-video-preview":"max-video-preview:-1"},"canonical":"https:\/\/juacontecimentos.com.br\/site\/mendanha-assinou-contrato-com-albert-einsten-12-dias-apos-renuncia-cita-tcm\/","og_locale":"pt_BR","og_type":"article","og_title":"Mendanha assinou contrato com Albert Einsten 12 dias ap\u00f3s ren\u00fancia, cita TCM - Jornal Ultimos Acontecimentos","og_description":"Tribunal de Contas dos Munic\u00edpios pede suspens\u00e3o do v\u00ednculo com a institui\u00e7\u00e3o tamb\u00e9m por contratos duplicados\u00a0 Pr\u00e9-candidato ao Governo de Goi\u00e1s, o ex-prefeito de Aparecida de Goi\u00e2nia, Gustavo Mendanha (Patriota), teria assinado contrato entre a prefeitura e a Sociedade Beneficente Israelita Brasileira Albert Einstein 12 dias depois de renunciar ao cargo, para disputar o Pal\u00e1cio","og_url":"https:\/\/juacontecimentos.com.br\/site\/mendanha-assinou-contrato-com-albert-einsten-12-dias-apos-renuncia-cita-tcm\/","og_site_name":"Jornal Ultimos Acontecimentos","article_publisher":"https:\/\/www.facebook.com\/jultimosacontecimentos\/","article_published_time":"2022-05-31T07:31:20+00:00","article_modified_time":"2022-05-31T07:32:46+00:00","og_image":[{"width":575,"height":335,"url":"https:\/\/juacontecimentos.com.br\/site\/wp-content\/uploads\/2022\/05\/gustavo-mendanha-Albert-Einsten2.jpg","type":"image\/jpeg"}],"author":"Reginaldo Ribeiro","twitter_card":"summary_large_image","twitter_misc":{"Escrito por":"Reginaldo Ribeiro","Est. tempo de leitura":"3 minutos"},"schema":{"@context":"https:\/\/schema.org","@graph":[{"@type":"Article","@id":"https:\/\/juacontecimentos.com.br\/site\/mendanha-assinou-contrato-com-albert-einsten-12-dias-apos-renuncia-cita-tcm\/#article","isPartOf":{"@id":"https:\/\/juacontecimentos.com.br\/site\/mendanha-assinou-contrato-com-albert-einsten-12-dias-apos-renuncia-cita-tcm\/"},"author":{"name":"Reginaldo Ribeiro","@id":"https:\/\/juacontecimentos.com.br\/site\/#\/schema\/person\/082a54e6d3fdd7a633291428521c9669"},"headline":"Mendanha assinou contrato com Albert Einsten 12 dias ap\u00f3s ren\u00fancia, cita TCM","datePublished":"2022-05-31T07:31:20+00:00","dateModified":"2022-05-31T07:32:46+00:00","mainEntityOfPage":{"@id":"https:\/\/juacontecimentos.com.br\/site\/mendanha-assinou-contrato-com-albert-einsten-12-dias-apos-renuncia-cita-tcm\/"},"wordCount":548,"commentCount":0,"publisher":{"@id":"https:\/\/juacontecimentos.com.br\/site\/#organization"},"image":{"@id":"https:\/\/juacontecimentos.com.br\/site\/mendanha-assinou-contrato-com-albert-einsten-12-dias-apos-renuncia-cita-tcm\/#primaryimage"},"thumbnailUrl":"https:\/\/juacontecimentos.com.br\/site\/wp-content\/uploads\/2022\/05\/gustavo-mendanha-Albert-Einsten2.jpg","articleSection":["Brasil","Catal\u00e3o","Destaque","Goi\u00e1s"],"inLanguage":"pt-BR"},{"@type":"WebPage","@id":"https:\/\/juacontecimentos.com.br\/site\/mendanha-assinou-contrato-com-albert-einsten-12-dias-apos-renuncia-cita-tcm\/","url":"https:\/\/juacontecimentos.com.br\/site\/mendanha-assinou-contrato-com-albert-einsten-12-dias-apos-renuncia-cita-tcm\/","name":"Mendanha assinou contrato com Albert Einsten 12 dias ap\u00f3s ren\u00fancia, cita TCM - Jornal Ultimos Acontecimentos","isPartOf":{"@id":"https:\/\/juacontecimentos.com.br\/site\/#website"},"primaryImageOfPage":{"@id":"https:\/\/juacontecimentos.com.br\/site\/mendanha-assinou-contrato-com-albert-einsten-12-dias-apos-renuncia-cita-tcm\/#primaryimage"},"image":{"@id":"https:\/\/juacontecimentos.com.br\/site\/mendanha-assinou-contrato-com-albert-einsten-12-dias-apos-renuncia-cita-tcm\/#primaryimage"},"thumbnailUrl":"https:\/\/juacontecimentos.com.br\/site\/wp-content\/uploads\/2022\/05\/gustavo-mendanha-Albert-Einsten2.jpg","datePublished":"2022-05-31T07:31:20+00:00","dateModified":"2022-05-31T07:32:46+00:00","breadcrumb":{"@id":"https:\/\/juacontecimentos.com.br\/site\/mendanha-assinou-contrato-com-albert-einsten-12-dias-apos-renuncia-cita-tcm\/#breadcrumb"},"inLanguage":"pt-BR","potentialAction":[{"@type":"ReadAction","target":["https:\/\/juacontecimentos.com.br\/site\/mendanha-assinou-contrato-com-albert-einsten-12-dias-apos-renuncia-cita-tcm\/"]}]},{"@type":"ImageObject","inLanguage":"pt-BR","@id":"https:\/\/juacontecimentos.com.br\/site\/mendanha-assinou-contrato-com-albert-einsten-12-dias-apos-renuncia-cita-tcm\/#primaryimage","url":"https:\/\/juacontecimentos.com.br\/site\/wp-content\/uploads\/2022\/05\/gustavo-mendanha-Albert-Einsten2.jpg","contentUrl":"https:\/\/juacontecimentos.com.br\/site\/wp-content\/uploads\/2022\/05\/gustavo-mendanha-Albert-Einsten2.jpg","width":575,"height":335},{"@type":"BreadcrumbList","@id":"https:\/\/juacontecimentos.com.br\/site\/mendanha-assinou-contrato-com-albert-einsten-12-dias-apos-renuncia-cita-tcm\/#breadcrumb","itemListElement":[{"@type":"ListItem","position":1,"name":"In\u00edcio","item":"https:\/\/juacontecimentos.com.br\/site\/"},{"@type":"ListItem","position":2,"name":"Mendanha assinou contrato com Albert Einsten 12 dias ap\u00f3s ren\u00fancia, cita TCM"}]},{"@type":"WebSite","@id":"https:\/\/juacontecimentos.com.br\/site\/#website","url":"https:\/\/juacontecimentos.com.br\/site\/","name":"Jornal Ultimos Acontecimentos","description":"Catal\u00e3o e regi\u00e3o","publisher":{"@id":"https:\/\/juacontecimentos.com.br\/site\/#organization"},"potentialAction":[{"@type":"SearchAction","target":{"@type":"EntryPoint","urlTemplate":"https:\/\/juacontecimentos.com.br\/site\/?s={search_term_string}"},"query-input":{"@type":"PropertyValueSpecification","valueRequired":true,"valueName":"search_term_string"}}],"inLanguage":"pt-BR"},{"@type":"Organization","@id":"https:\/\/juacontecimentos.com.br\/site\/#organization","name":"Jornal Ultimos Acontecimentos","url":"https:\/\/juacontecimentos.com.br\/site\/","logo":{"@type":"ImageObject","inLanguage":"pt-BR","@id":"https:\/\/juacontecimentos.com.br\/site\/#\/schema\/logo\/image\/","url":"https:\/\/juacontecimentos.com.br\/site\/wp-content\/uploads\/2023\/04\/Logo_Site.png","contentUrl":"https:\/\/juacontecimentos.com.br\/site\/wp-content\/uploads\/2023\/04\/Logo_Site.png","width":2476,"height":530,"caption":"Jornal Ultimos Acontecimentos"},"image":{"@id":"https:\/\/juacontecimentos.com.br\/site\/#\/schema\/logo\/image\/"},"sameAs":["https:\/\/www.facebook.com\/jultimosacontecimentos\/"]},{"@type":"Person","@id":"https:\/\/juacontecimentos.com.br\/site\/#\/schema\/person\/082a54e6d3fdd7a633291428521c9669","name":"Reginaldo Ribeiro","image":{"@type":"ImageObject","inLanguage":"pt-BR","@id":"https:\/\/juacontecimentos.com.br\/site\/#\/schema\/person\/image\/","url":"https:\/\/secure.gravatar.com\/avatar\/5c16c6837c3490270a74d888c2a845728f06bdde1f8761de1de1d1d1ef82d12f?s=96&d=mm&r=g","contentUrl":"https:\/\/secure.gravatar.com\/avatar\/5c16c6837c3490270a74d888c2a845728f06bdde1f8761de1de1d1d1ef82d12f?s=96&d=mm&r=g","caption":"Reginaldo Ribeiro"}}]}},"_links":{"self":[{"href":"https:\/\/juacontecimentos.com.br\/site\/wp-json\/wp\/v2\/posts\/20424","targetHints":{"allow":["GET"]}}],"collection":[{"href":"https:\/\/juacontecimentos.com.br\/site\/wp-json\/wp\/v2\/posts"}],"about":[{"href":"https:\/\/juacontecimentos.com.br\/site\/wp-json\/wp\/v2\/types\/post"}],"author":[{"embeddable":true,"href":"https:\/\/juacontecimentos.com.br\/site\/wp-json\/wp\/v2\/users\/2"}],"replies":[{"embeddable":true,"href":"https:\/\/juacontecimentos.com.br\/site\/wp-json\/wp\/v2\/comments?post=20424"}],"version-history":[{"count":3,"href":"https:\/\/juacontecimentos.com.br\/site\/wp-json\/wp\/v2\/posts\/20424\/revisions"}],"predecessor-version":[{"id":20429,"href":"https:\/\/juacontecimentos.com.br\/site\/wp-json\/wp\/v2\/posts\/20424\/revisions\/20429"}],"wp:featuredmedia":[{"embeddable":true,"href":"https:\/\/juacontecimentos.com.br\/site\/wp-json\/wp\/v2\/media\/20426"}],"wp:attachment":[{"href":"https:\/\/juacontecimentos.com.br\/site\/wp-json\/wp\/v2\/media?parent=20424"}],"wp:term":[{"taxonomy":"category","embeddable":true,"href":"https:\/\/juacontecimentos.com.br\/site\/wp-json\/wp\/v2\/categories?post=20424"},{"taxonomy":"post_tag","embeddable":true,"href":"https:\/\/juacontecimentos.com.br\/site\/wp-json\/wp\/v2\/tags?post=20424"}],"curies":[{"name":"wp","href":"https:\/\/api.w.org\/{rel}","templated":true}]}}