{"id":20483,"date":"2022-06-01T20:16:34","date_gmt":"2022-06-01T23:16:34","guid":{"rendered":"https:\/\/juacontecimento.com.br\/site\/?p=20483"},"modified":"2022-06-01T22:07:32","modified_gmt":"2022-06-02T01:07:32","slug":"eleicoes-2022-vereadores-e-liderancas-politica-oficializam-apoio-pre-candidatura-de-luiz-sampaio","status":"publish","type":"post","link":"https:\/\/juacontecimentos.com.br\/site\/eleicoes-2022-vereadores-e-liderancas-politica-oficializam-apoio-pre-candidatura-de-luiz-sampaio\/","title":{"rendered":"ELEI\u00c7\u00d5ES 2022: Vereadores e lideran\u00e7as pol\u00edtica oficializam apoio \u00e0 pr\u00e9-candidatura de Luiz Sampaio"},"content":{"rendered":"<p><img loading=\"lazy\" decoding=\"async\" class=\"alignnone size-large wp-image-20486\" src=\"https:\/\/juacontecimento.com.br\/site\/wp-content\/uploads\/2022\/06\/IMG_20220601_182324-1024x766.jpg\" alt=\"\" width=\"900\" height=\"673\" srcset=\"https:\/\/juacontecimentos.com.br\/site\/wp-content\/uploads\/2022\/06\/IMG_20220601_182324-1024x766.jpg 1024w, https:\/\/juacontecimentos.com.br\/site\/wp-content\/uploads\/2022\/06\/IMG_20220601_182324-300x224.jpg 300w, https:\/\/juacontecimentos.com.br\/site\/wp-content\/uploads\/2022\/06\/IMG_20220601_182324-768x574.jpg 768w\" sizes=\"auto, (max-width: 900px) 100vw, 900px\" \/><\/p>\n<p>Em reuni\u00e3o na noite desta quarta-feira (01\/6), na resid\u00eancia da ex-prefeita Neuza Alcino, na cidade de Nova Aurora, os vereadores Elias Paulo Neto e Caio Vinicios, ambos (PP) al\u00e9m do cirurgi\u00e3o dentista e presidente do Partido Progressistas (PP) da cidade \u2013 Alexandre Alcino, e o ex-vereador Gesildo Gondim, oficializaram o apoio a pr\u00e9-candidatura de Luiz Sampaio (SD) ao cargo de deputado Estadual. O encontro contou com a presen\u00e7a da esposa e coordenadora do pr\u00e9-candidato Samara Esperidi\u00e3o e o assessor e ex-vereador por Catal\u00e3o \u2013 Paulo Moreira.<\/p>\n<p>Na oportunidade, Samara Esperidi\u00e3o falou um pouco sobre os projetos de Luiz Sampaio ainda como pr\u00e9-candidato pela segunda vez ao cargo de deputado, assumindo um compromisso com o povo e de que trabalhara em prol da sociedade de Nova Aurora em suas considera\u00e7\u00f5es pelo apoio recebido.<\/p>\n<p>\u201cAnuncio com muito orgulho e firmeza o meu apoio a pr\u00e9-candidatura a deputado Estadual, Luiz Sampaio\u201d, afirmou Elias, sendo bastante receptivo por parte dos demais companheiros os cumprimentos. \u201cSampaio \u00e9 advogado, est\u00e1 na sua segunda tentativa em ser o representante do povo e \u00e9 sempre enf\u00e1tico e assertivo em seus pronunciamentos, dedicado em tudo o que se prop\u00f5e realizar, principalmente em nossa cidade como nosso companheiro e amigo\u201d, ressaltou o parlamentar, que disse ainda ter a certeza de que Sampaio est\u00e1 muito bem preparado para trabalhar pelo povo de Goi\u00e1s na Assembleia Legislativa.<\/p>\n<p>N\u00e3o presentes na reuni\u00e3o, por motivos particulares o vereador Jenilson Amorim e os ex-vereadores Jose Augusto (Geleia) e Z\u00e9 Bete, tamb\u00e9m j\u00e1 oficializaram o apoio ao pr\u00e9-candidato Luiz Sampaio.<br \/>\n<\/p>\n","protected":false},"excerpt":{"rendered":"<p>Em reuni\u00e3o na noite desta quarta-feira (01\/6), na resid\u00eancia da ex-prefeita Neuza Alcino, na cidade de Nova Aurora, os vereadores Elias Paulo Neto e Caio Vinicios, ambos (PP) al\u00e9m do cirurgi\u00e3o dentista e presidente do Partido Progressistas (PP) da cidade \u2013 Alexandre Alcino, e o ex-vereador Gesildo Gondim, oficializaram o apoio a pr\u00e9-candidatura de Luiz<\/p>\n","protected":false},"author":2,"featured_media":20492,"comment_status":"open","ping_status":"open","sticky":false,"template":"","format":"standard","meta":{"footnotes":""},"categories":[27,22,26,23],"tags":[],"class_list":["post-20483","post","type-post","status-publish","format-standard","has-post-thumbnail","hentry","category-brasil","category-catalao","category-destaque","category-goias"],"yoast_head":"<!-- This site is optimized with the Yoast SEO plugin v25.8 - https:\/\/yoast.com\/wordpress\/plugins\/seo\/ -->\n<title>ELEI\u00c7\u00d5ES 2022: Vereadores e lideran\u00e7as pol\u00edtica oficializam apoio \u00e0 pr\u00e9-candidatura de Luiz Sampaio - Jornal Ultimos Acontecimentos<\/title>\n<meta name=\"robots\" content=\"index, follow, max-snippet:-1, max-image-preview:large, max-video-preview:-1\" \/>\n<link rel=\"canonical\" href=\"https:\/\/juacontecimentos.com.br\/site\/eleicoes-2022-vereadores-e-liderancas-politica-oficializam-apoio-pre-candidatura-de-luiz-sampaio\/\" \/>\n<meta property=\"og:locale\" content=\"pt_BR\" \/>\n<meta property=\"og:type\" content=\"article\" \/>\n<meta property=\"og:title\" content=\"ELEI\u00c7\u00d5ES 2022: Vereadores e lideran\u00e7as pol\u00edtica oficializam apoio \u00e0 pr\u00e9-candidatura de Luiz Sampaio - Jornal Ultimos Acontecimentos\" \/>\n<meta property=\"og:description\" content=\"Em reuni\u00e3o na noite desta quarta-feira (01\/6), na resid\u00eancia da ex-prefeita Neuza Alcino, na cidade de Nova Aurora, os vereadores Elias Paulo Neto e Caio Vinicios, ambos (PP) al\u00e9m do cirurgi\u00e3o dentista e presidente do Partido Progressistas (PP) da cidade \u2013 Alexandre Alcino, e o ex-vereador Gesildo Gondim, oficializaram o apoio a pr\u00e9-candidatura de Luiz\" \/>\n<meta property=\"og:url\" content=\"https:\/\/juacontecimentos.com.br\/site\/eleicoes-2022-vereadores-e-liderancas-politica-oficializam-apoio-pre-candidatura-de-luiz-sampaio\/\" \/>\n<meta property=\"og:site_name\" content=\"Jornal Ultimos Acontecimentos\" \/>\n<meta property=\"article:publisher\" content=\"https:\/\/www.facebook.com\/jultimosacontecimentos\/\" \/>\n<meta property=\"article:published_time\" content=\"2022-06-01T23:16:34+00:00\" \/>\n<meta property=\"article:modified_time\" content=\"2022-06-02T01:07:32+00:00\" \/>\n<meta property=\"og:image\" content=\"https:\/\/juacontecimentos.com.br\/site\/wp-content\/uploads\/2022\/06\/IMG_20220601_1823243.jpg\" \/>\n\t<meta property=\"og:image:width\" content=\"3955\" \/>\n\t<meta property=\"og:image:height\" content=\"2363\" \/>\n\t<meta property=\"og:image:type\" content=\"image\/jpeg\" \/>\n<meta name=\"author\" content=\"Reginaldo Ribeiro\" \/>\n<meta name=\"twitter:card\" content=\"summary_large_image\" \/>\n<meta name=\"twitter:label1\" content=\"Escrito por\" \/>\n\t<meta name=\"twitter:data1\" content=\"Reginaldo Ribeiro\" \/>\n\t<meta name=\"twitter:label2\" content=\"Est. tempo de leitura\" \/>\n\t<meta name=\"twitter:data2\" content=\"1 minuto\" \/>\n<script type=\"application\/ld+json\" class=\"yoast-schema-graph\">{\"@context\":\"https:\/\/schema.org\",\"@graph\":[{\"@type\":\"Article\",\"@id\":\"https:\/\/juacontecimentos.com.br\/site\/eleicoes-2022-vereadores-e-liderancas-politica-oficializam-apoio-pre-candidatura-de-luiz-sampaio\/#article\",\"isPartOf\":{\"@id\":\"https:\/\/juacontecimentos.com.br\/site\/eleicoes-2022-vereadores-e-liderancas-politica-oficializam-apoio-pre-candidatura-de-luiz-sampaio\/\"},\"author\":{\"name\":\"Reginaldo Ribeiro\",\"@id\":\"https:\/\/juacontecimentos.com.br\/site\/#\/schema\/person\/082a54e6d3fdd7a633291428521c9669\"},\"headline\":\"ELEI\u00c7\u00d5ES 2022: Vereadores e lideran\u00e7as pol\u00edtica oficializam apoio \u00e0 pr\u00e9-candidatura de Luiz Sampaio\",\"datePublished\":\"2022-06-01T23:16:34+00:00\",\"dateModified\":\"2022-06-02T01:07:32+00:00\",\"mainEntityOfPage\":{\"@id\":\"https:\/\/juacontecimentos.com.br\/site\/eleicoes-2022-vereadores-e-liderancas-politica-oficializam-apoio-pre-candidatura-de-luiz-sampaio\/\"},\"wordCount\":284,\"commentCount\":0,\"publisher\":{\"@id\":\"https:\/\/juacontecimentos.com.br\/site\/#organization\"},\"image\":{\"@id\":\"https:\/\/juacontecimentos.com.br\/site\/eleicoes-2022-vereadores-e-liderancas-politica-oficializam-apoio-pre-candidatura-de-luiz-sampaio\/#primaryimage\"},\"thumbnailUrl\":\"https:\/\/juacontecimentos.com.br\/site\/wp-content\/uploads\/2022\/06\/IMG_20220601_1823243.jpg\",\"articleSection\":[\"Brasil\",\"Catal\u00e3o\",\"Destaque\",\"Goi\u00e1s\"],\"inLanguage\":\"pt-BR\"},{\"@type\":\"WebPage\",\"@id\":\"https:\/\/juacontecimentos.com.br\/site\/eleicoes-2022-vereadores-e-liderancas-politica-oficializam-apoio-pre-candidatura-de-luiz-sampaio\/\",\"url\":\"https:\/\/juacontecimentos.com.br\/site\/eleicoes-2022-vereadores-e-liderancas-politica-oficializam-apoio-pre-candidatura-de-luiz-sampaio\/\",\"name\":\"ELEI\u00c7\u00d5ES 2022: Vereadores e lideran\u00e7as pol\u00edtica oficializam apoio \u00e0 pr\u00e9-candidatura de Luiz Sampaio - Jornal Ultimos Acontecimentos\",\"isPartOf\":{\"@id\":\"https:\/\/juacontecimentos.com.br\/site\/#website\"},\"primaryImageOfPage\":{\"@id\":\"https:\/\/juacontecimentos.com.br\/site\/eleicoes-2022-vereadores-e-liderancas-politica-oficializam-apoio-pre-candidatura-de-luiz-sampaio\/#primaryimage\"},\"image\":{\"@id\":\"https:\/\/juacontecimentos.com.br\/site\/eleicoes-2022-vereadores-e-liderancas-politica-oficializam-apoio-pre-candidatura-de-luiz-sampaio\/#primaryimage\"},\"thumbnailUrl\":\"https:\/\/juacontecimentos.com.br\/site\/wp-content\/uploads\/2022\/06\/IMG_20220601_1823243.jpg\",\"datePublished\":\"2022-06-01T23:16:34+00:00\",\"dateModified\":\"2022-06-02T01:07:32+00:00\",\"breadcrumb\":{\"@id\":\"https:\/\/juacontecimentos.com.br\/site\/eleicoes-2022-vereadores-e-liderancas-politica-oficializam-apoio-pre-candidatura-de-luiz-sampaio\/#breadcrumb\"},\"inLanguage\":\"pt-BR\",\"potentialAction\":[{\"@type\":\"ReadAction\",\"target\":[\"https:\/\/juacontecimentos.com.br\/site\/eleicoes-2022-vereadores-e-liderancas-politica-oficializam-apoio-pre-candidatura-de-luiz-sampaio\/\"]}]},{\"@type\":\"ImageObject\",\"inLanguage\":\"pt-BR\",\"@id\":\"https:\/\/juacontecimentos.com.br\/site\/eleicoes-2022-vereadores-e-liderancas-politica-oficializam-apoio-pre-candidatura-de-luiz-sampaio\/#primaryimage\",\"url\":\"https:\/\/juacontecimentos.com.br\/site\/wp-content\/uploads\/2022\/06\/IMG_20220601_1823243.jpg\",\"contentUrl\":\"https:\/\/juacontecimentos.com.br\/site\/wp-content\/uploads\/2022\/06\/IMG_20220601_1823243.jpg\",\"width\":3955,\"height\":2363},{\"@type\":\"BreadcrumbList\",\"@id\":\"https:\/\/juacontecimentos.com.br\/site\/eleicoes-2022-vereadores-e-liderancas-politica-oficializam-apoio-pre-candidatura-de-luiz-sampaio\/#breadcrumb\",\"itemListElement\":[{\"@type\":\"ListItem\",\"position\":1,\"name\":\"In\u00edcio\",\"item\":\"https:\/\/juacontecimentos.com.br\/site\/\"},{\"@type\":\"ListItem\",\"position\":2,\"name\":\"ELEI\u00c7\u00d5ES 2022: Vereadores e lideran\u00e7as pol\u00edtica oficializam apoio \u00e0 pr\u00e9-candidatura de Luiz Sampaio\"}]},{\"@type\":\"WebSite\",\"@id\":\"https:\/\/juacontecimentos.com.br\/site\/#website\",\"url\":\"https:\/\/juacontecimentos.com.br\/site\/\",\"name\":\"Jornal Ultimos Acontecimentos\",\"description\":\"Catal\u00e3o e regi\u00e3o\",\"publisher\":{\"@id\":\"https:\/\/juacontecimentos.com.br\/site\/#organization\"},\"potentialAction\":[{\"@type\":\"SearchAction\",\"target\":{\"@type\":\"EntryPoint\",\"urlTemplate\":\"https:\/\/juacontecimentos.com.br\/site\/?s={search_term_string}\"},\"query-input\":{\"@type\":\"PropertyValueSpecification\",\"valueRequired\":true,\"valueName\":\"search_term_string\"}}],\"inLanguage\":\"pt-BR\"},{\"@type\":\"Organization\",\"@id\":\"https:\/\/juacontecimentos.com.br\/site\/#organization\",\"name\":\"Jornal Ultimos Acontecimentos\",\"url\":\"https:\/\/juacontecimentos.com.br\/site\/\",\"logo\":{\"@type\":\"ImageObject\",\"inLanguage\":\"pt-BR\",\"@id\":\"https:\/\/juacontecimentos.com.br\/site\/#\/schema\/logo\/image\/\",\"url\":\"https:\/\/juacontecimentos.com.br\/site\/wp-content\/uploads\/2023\/04\/Logo_Site.png\",\"contentUrl\":\"https:\/\/juacontecimentos.com.br\/site\/wp-content\/uploads\/2023\/04\/Logo_Site.png\",\"width\":2476,\"height\":530,\"caption\":\"Jornal Ultimos Acontecimentos\"},\"image\":{\"@id\":\"https:\/\/juacontecimentos.com.br\/site\/#\/schema\/logo\/image\/\"},\"sameAs\":[\"https:\/\/www.facebook.com\/jultimosacontecimentos\/\"]},{\"@type\":\"Person\",\"@id\":\"https:\/\/juacontecimentos.com.br\/site\/#\/schema\/person\/082a54e6d3fdd7a633291428521c9669\",\"name\":\"Reginaldo Ribeiro\",\"image\":{\"@type\":\"ImageObject\",\"inLanguage\":\"pt-BR\",\"@id\":\"https:\/\/juacontecimentos.com.br\/site\/#\/schema\/person\/image\/\",\"url\":\"https:\/\/secure.gravatar.com\/avatar\/5c16c6837c3490270a74d888c2a845728f06bdde1f8761de1de1d1d1ef82d12f?s=96&d=mm&r=g\",\"contentUrl\":\"https:\/\/secure.gravatar.com\/avatar\/5c16c6837c3490270a74d888c2a845728f06bdde1f8761de1de1d1d1ef82d12f?s=96&d=mm&r=g\",\"caption\":\"Reginaldo Ribeiro\"}}]}<\/script>\n<!-- \/ Yoast SEO plugin. -->","yoast_head_json":{"title":"ELEI\u00c7\u00d5ES 2022: Vereadores e lideran\u00e7as pol\u00edtica oficializam apoio \u00e0 pr\u00e9-candidatura de Luiz Sampaio - Jornal Ultimos Acontecimentos","robots":{"index":"index","follow":"follow","max-snippet":"max-snippet:-1","max-image-preview":"max-image-preview:large","max-video-preview":"max-video-preview:-1"},"canonical":"https:\/\/juacontecimentos.com.br\/site\/eleicoes-2022-vereadores-e-liderancas-politica-oficializam-apoio-pre-candidatura-de-luiz-sampaio\/","og_locale":"pt_BR","og_type":"article","og_title":"ELEI\u00c7\u00d5ES 2022: Vereadores e lideran\u00e7as pol\u00edtica oficializam apoio \u00e0 pr\u00e9-candidatura de Luiz Sampaio - Jornal Ultimos Acontecimentos","og_description":"Em reuni\u00e3o na noite desta quarta-feira (01\/6), na resid\u00eancia da ex-prefeita Neuza Alcino, na cidade de Nova Aurora, os vereadores Elias Paulo Neto e Caio Vinicios, ambos (PP) al\u00e9m do cirurgi\u00e3o dentista e presidente do Partido Progressistas (PP) da cidade \u2013 Alexandre Alcino, e o ex-vereador Gesildo Gondim, oficializaram o apoio a pr\u00e9-candidatura de Luiz","og_url":"https:\/\/juacontecimentos.com.br\/site\/eleicoes-2022-vereadores-e-liderancas-politica-oficializam-apoio-pre-candidatura-de-luiz-sampaio\/","og_site_name":"Jornal Ultimos Acontecimentos","article_publisher":"https:\/\/www.facebook.com\/jultimosacontecimentos\/","article_published_time":"2022-06-01T23:16:34+00:00","article_modified_time":"2022-06-02T01:07:32+00:00","og_image":[{"width":3955,"height":2363,"url":"https:\/\/juacontecimentos.com.br\/site\/wp-content\/uploads\/2022\/06\/IMG_20220601_1823243.jpg","type":"image\/jpeg"}],"author":"Reginaldo Ribeiro","twitter_card":"summary_large_image","twitter_misc":{"Escrito por":"Reginaldo Ribeiro","Est. tempo de leitura":"1 minuto"},"schema":{"@context":"https:\/\/schema.org","@graph":[{"@type":"Article","@id":"https:\/\/juacontecimentos.com.br\/site\/eleicoes-2022-vereadores-e-liderancas-politica-oficializam-apoio-pre-candidatura-de-luiz-sampaio\/#article","isPartOf":{"@id":"https:\/\/juacontecimentos.com.br\/site\/eleicoes-2022-vereadores-e-liderancas-politica-oficializam-apoio-pre-candidatura-de-luiz-sampaio\/"},"author":{"name":"Reginaldo Ribeiro","@id":"https:\/\/juacontecimentos.com.br\/site\/#\/schema\/person\/082a54e6d3fdd7a633291428521c9669"},"headline":"ELEI\u00c7\u00d5ES 2022: Vereadores e lideran\u00e7as pol\u00edtica oficializam apoio \u00e0 pr\u00e9-candidatura de Luiz Sampaio","datePublished":"2022-06-01T23:16:34+00:00","dateModified":"2022-06-02T01:07:32+00:00","mainEntityOfPage":{"@id":"https:\/\/juacontecimentos.com.br\/site\/eleicoes-2022-vereadores-e-liderancas-politica-oficializam-apoio-pre-candidatura-de-luiz-sampaio\/"},"wordCount":284,"commentCount":0,"publisher":{"@id":"https:\/\/juacontecimentos.com.br\/site\/#organization"},"image":{"@id":"https:\/\/juacontecimentos.com.br\/site\/eleicoes-2022-vereadores-e-liderancas-politica-oficializam-apoio-pre-candidatura-de-luiz-sampaio\/#primaryimage"},"thumbnailUrl":"https:\/\/juacontecimentos.com.br\/site\/wp-content\/uploads\/2022\/06\/IMG_20220601_1823243.jpg","articleSection":["Brasil","Catal\u00e3o","Destaque","Goi\u00e1s"],"inLanguage":"pt-BR"},{"@type":"WebPage","@id":"https:\/\/juacontecimentos.com.br\/site\/eleicoes-2022-vereadores-e-liderancas-politica-oficializam-apoio-pre-candidatura-de-luiz-sampaio\/","url":"https:\/\/juacontecimentos.com.br\/site\/eleicoes-2022-vereadores-e-liderancas-politica-oficializam-apoio-pre-candidatura-de-luiz-sampaio\/","name":"ELEI\u00c7\u00d5ES 2022: Vereadores e lideran\u00e7as pol\u00edtica oficializam apoio \u00e0 pr\u00e9-candidatura de Luiz Sampaio - Jornal Ultimos Acontecimentos","isPartOf":{"@id":"https:\/\/juacontecimentos.com.br\/site\/#website"},"primaryImageOfPage":{"@id":"https:\/\/juacontecimentos.com.br\/site\/eleicoes-2022-vereadores-e-liderancas-politica-oficializam-apoio-pre-candidatura-de-luiz-sampaio\/#primaryimage"},"image":{"@id":"https:\/\/juacontecimentos.com.br\/site\/eleicoes-2022-vereadores-e-liderancas-politica-oficializam-apoio-pre-candidatura-de-luiz-sampaio\/#primaryimage"},"thumbnailUrl":"https:\/\/juacontecimentos.com.br\/site\/wp-content\/uploads\/2022\/06\/IMG_20220601_1823243.jpg","datePublished":"2022-06-01T23:16:34+00:00","dateModified":"2022-06-02T01:07:32+00:00","breadcrumb":{"@id":"https:\/\/juacontecimentos.com.br\/site\/eleicoes-2022-vereadores-e-liderancas-politica-oficializam-apoio-pre-candidatura-de-luiz-sampaio\/#breadcrumb"},"inLanguage":"pt-BR","potentialAction":[{"@type":"ReadAction","target":["https:\/\/juacontecimentos.com.br\/site\/eleicoes-2022-vereadores-e-liderancas-politica-oficializam-apoio-pre-candidatura-de-luiz-sampaio\/"]}]},{"@type":"ImageObject","inLanguage":"pt-BR","@id":"https:\/\/juacontecimentos.com.br\/site\/eleicoes-2022-vereadores-e-liderancas-politica-oficializam-apoio-pre-candidatura-de-luiz-sampaio\/#primaryimage","url":"https:\/\/juacontecimentos.com.br\/site\/wp-content\/uploads\/2022\/06\/IMG_20220601_1823243.jpg","contentUrl":"https:\/\/juacontecimentos.com.br\/site\/wp-content\/uploads\/2022\/06\/IMG_20220601_1823243.jpg","width":3955,"height":2363},{"@type":"BreadcrumbList","@id":"https:\/\/juacontecimentos.com.br\/site\/eleicoes-2022-vereadores-e-liderancas-politica-oficializam-apoio-pre-candidatura-de-luiz-sampaio\/#breadcrumb","itemListElement":[{"@type":"ListItem","position":1,"name":"In\u00edcio","item":"https:\/\/juacontecimentos.com.br\/site\/"},{"@type":"ListItem","position":2,"name":"ELEI\u00c7\u00d5ES 2022: Vereadores e lideran\u00e7as pol\u00edtica oficializam apoio \u00e0 pr\u00e9-candidatura de Luiz Sampaio"}]},{"@type":"WebSite","@id":"https:\/\/juacontecimentos.com.br\/site\/#website","url":"https:\/\/juacontecimentos.com.br\/site\/","name":"Jornal Ultimos Acontecimentos","description":"Catal\u00e3o e regi\u00e3o","publisher":{"@id":"https:\/\/juacontecimentos.com.br\/site\/#organization"},"potentialAction":[{"@type":"SearchAction","target":{"@type":"EntryPoint","urlTemplate":"https:\/\/juacontecimentos.com.br\/site\/?s={search_term_string}"},"query-input":{"@type":"PropertyValueSpecification","valueRequired":true,"valueName":"search_term_string"}}],"inLanguage":"pt-BR"},{"@type":"Organization","@id":"https:\/\/juacontecimentos.com.br\/site\/#organization","name":"Jornal Ultimos Acontecimentos","url":"https:\/\/juacontecimentos.com.br\/site\/","logo":{"@type":"ImageObject","inLanguage":"pt-BR","@id":"https:\/\/juacontecimentos.com.br\/site\/#\/schema\/logo\/image\/","url":"https:\/\/juacontecimentos.com.br\/site\/wp-content\/uploads\/2023\/04\/Logo_Site.png","contentUrl":"https:\/\/juacontecimentos.com.br\/site\/wp-content\/uploads\/2023\/04\/Logo_Site.png","width":2476,"height":530,"caption":"Jornal Ultimos Acontecimentos"},"image":{"@id":"https:\/\/juacontecimentos.com.br\/site\/#\/schema\/logo\/image\/"},"sameAs":["https:\/\/www.facebook.com\/jultimosacontecimentos\/"]},{"@type":"Person","@id":"https:\/\/juacontecimentos.com.br\/site\/#\/schema\/person\/082a54e6d3fdd7a633291428521c9669","name":"Reginaldo Ribeiro","image":{"@type":"ImageObject","inLanguage":"pt-BR","@id":"https:\/\/juacontecimentos.com.br\/site\/#\/schema\/person\/image\/","url":"https:\/\/secure.gravatar.com\/avatar\/5c16c6837c3490270a74d888c2a845728f06bdde1f8761de1de1d1d1ef82d12f?s=96&d=mm&r=g","contentUrl":"https:\/\/secure.gravatar.com\/avatar\/5c16c6837c3490270a74d888c2a845728f06bdde1f8761de1de1d1d1ef82d12f?s=96&d=mm&r=g","caption":"Reginaldo Ribeiro"}}]}},"_links":{"self":[{"href":"https:\/\/juacontecimentos.com.br\/site\/wp-json\/wp\/v2\/posts\/20483","targetHints":{"allow":["GET"]}}],"collection":[{"href":"https:\/\/juacontecimentos.com.br\/site\/wp-json\/wp\/v2\/posts"}],"about":[{"href":"https:\/\/juacontecimentos.com.br\/site\/wp-json\/wp\/v2\/types\/post"}],"author":[{"embeddable":true,"href":"https:\/\/juacontecimentos.com.br\/site\/wp-json\/wp\/v2\/users\/2"}],"replies":[{"embeddable":true,"href":"https:\/\/juacontecimentos.com.br\/site\/wp-json\/wp\/v2\/comments?post=20483"}],"version-history":[{"count":5,"href":"https:\/\/juacontecimentos.com.br\/site\/wp-json\/wp\/v2\/posts\/20483\/revisions"}],"predecessor-version":[{"id":20491,"href":"https:\/\/juacontecimentos.com.br\/site\/wp-json\/wp\/v2\/posts\/20483\/revisions\/20491"}],"wp:featuredmedia":[{"embeddable":true,"href":"https:\/\/juacontecimentos.com.br\/site\/wp-json\/wp\/v2\/media\/20492"}],"wp:attachment":[{"href":"https:\/\/juacontecimentos.com.br\/site\/wp-json\/wp\/v2\/media?parent=20483"}],"wp:term":[{"taxonomy":"category","embeddable":true,"href":"https:\/\/juacontecimentos.com.br\/site\/wp-json\/wp\/v2\/categories?post=20483"},{"taxonomy":"post_tag","embeddable":true,"href":"https:\/\/juacontecimentos.com.br\/site\/wp-json\/wp\/v2\/tags?post=20483"}],"curies":[{"name":"wp","href":"https:\/\/api.w.org\/{rel}","templated":true}]}}