{"id":20744,"date":"2022-06-09T20:40:03","date_gmt":"2022-06-09T23:40:03","guid":{"rendered":"https:\/\/juacontecimento.com.br\/site\/?p=20744"},"modified":"2022-06-09T20:45:17","modified_gmt":"2022-06-09T23:45:17","slug":"sindicato-rural-de-catalao-e-senar-iniciam-assistencia-tecnica-gratuita-produtores","status":"publish","type":"post","link":"https:\/\/juacontecimentos.com.br\/site\/sindicato-rural-de-catalao-e-senar-iniciam-assistencia-tecnica-gratuita-produtores\/","title":{"rendered":"Sindicato Rural de Catal\u00e3o e Senar iniciam assist\u00eancia t\u00e9cnica gratuita a produtores"},"content":{"rendered":"<div id=\"attachment_20749\" style=\"width: 910px\" class=\"wp-caption aligncenter\"><img loading=\"lazy\" decoding=\"async\" aria-describedby=\"caption-attachment-20749\" class=\"size-large wp-image-20749\" src=\"https:\/\/juacontecimento.com.br\/site\/wp-content\/uploads\/2022\/06\/Sincato-Rural-1024x550.jpg\" alt=\"\" width=\"900\" height=\"483\" srcset=\"https:\/\/juacontecimentos.com.br\/site\/wp-content\/uploads\/2022\/06\/Sincato-Rural-1024x550.jpg 1024w, https:\/\/juacontecimentos.com.br\/site\/wp-content\/uploads\/2022\/06\/Sincato-Rural-300x161.jpg 300w, https:\/\/juacontecimentos.com.br\/site\/wp-content\/uploads\/2022\/06\/Sincato-Rural-768x412.jpg 768w, https:\/\/juacontecimentos.com.br\/site\/wp-content\/uploads\/2022\/06\/Sincato-Rural.jpg 1844w\" sizes=\"auto, (max-width: 900px) 100vw, 900px\" \/><p id=\"caption-attachment-20749\" class=\"wp-caption-text\">Na foto: A mobilizadora Christiane Frezza conversa com o t\u00e9cnico respons\u00e1vel pelo programa de Apicultura.<\/p><\/div>\n<p>O Sindicato Rural de Catal\u00e3o e o Senar- GO j\u00e1 deram in\u00edcio ao Senar+, em Catal\u00e3o e regi\u00e3o. O programa atende gratuitamente a produtores de v\u00e1rias cadeias produtivas, com visitas peri\u00f3dicas para assist\u00eancia t\u00e9cnica e gerencial. O programa j\u00e1 est\u00e1 em andamento para Apicultura e com \u00faltimos detalhes para o in\u00edcio em Olericultura. Ambos ainda t\u00eam inscri\u00e7\u00f5es abertas. Uma terceira cadeia produtiva, a de pecu\u00e1ria leiteira deve ser iniciada assim que a mobiliza\u00e7\u00e3o for finalizada.<\/p>\n<p>O projeto de Apicultura j\u00e1 atende a 20 produtores, mas sua capacidade \u00e9 de 30. \u201cAinda temos vagas e ainda h\u00e1 tempo, mesmo sabendo que j\u00e1 estou em campo\u201d, disse o T\u00e9cnico respons\u00e1vel pelo projeto, Djalma Aguilar. Para a olericultura, a turma tamb\u00e9m est\u00e1 praticamente fechada, por\u00e9m tamb\u00e9m, ainda h\u00e1 vagas.<\/p>\n<p>O programa Senar+ \u00e9 gratuito a todos os participantes. \u201cO produtor que participar tem assist\u00eancia t\u00e9cnica e gerencial de sua propriedade, com presen\u00e7a de um t\u00e9cnico uma vez por m\u00eas\u201d, disse Gabriel Hudson. Ambos t\u00eam como objetivo fomentar o aumento de produ\u00e7\u00e3o, dar<br \/>\ncondi\u00e7\u00e3o da perman\u00eancia do homem do campo em suas atividades e ainda colaborar no gerenciamento da propriedade, incrementando sua renda.<\/p>\n<p>\u201cN\u00f3s demos in\u00edcio ao projeto de Apicultura em campo, ainda em junho. Mas o produtor que se interessar, ainda temos algumas vagas. Basta entrar em contato com o Sindicato Rural de Catal\u00e3o ou com a mobilizadora Christiane Frezza (respons\u00e1vel, pelo n\u00famero 98167 6580). As vagas s\u00e3o limitadas\u201d, disse Djalma, completando que no caso da Apicultura, a import\u00e2ncia \u00e9 manter a cadeia produtiva da abelha, fomentando uma melhor produ\u00e7\u00e3o de derivados do mel e ainda a preserva\u00e7\u00e3o de abelhas, consideradas por ele, fator fundamental para poliniza\u00e7\u00e3o. As abelhas corresponde a 80% da poliniza\u00e7\u00e3o dos vegetais, minimizando assim a degrada\u00e7\u00e3o, favorecendo a produ\u00e7\u00e3o integrada na agropecu\u00e1ria. \u201cEssa \u00e9 uma atividade que vem crescendo muito por dois fatores: o primeiro pelo meio ambiente por conta da poliniza\u00e7\u00e3o. Ent\u00e3o, com o aumento da poliniza\u00e7\u00e3o h\u00e1 um aumento de vegeta\u00e7\u00e3o. Outro fator importante que \u00e9 levado em conta da import\u00e2ncia da Apicultura, \u00e9 a procura das pessoas por uma vida mais saud\u00e1vel, visto que o mel \u00e9 um alimento que traz muitos benef\u00edcios \u00e0 sa\u00fade\u201d, completou ele. A atividade desenvolvida com apicultores na regi\u00e3o, pelo Sindicato Rural de Catal\u00e3o e Senar, iniciou em 2020, no munic\u00edpio de Davin\u00f3polis com a mobiliza\u00e7\u00e3o e identifica\u00e7\u00e3o de interessados e com potencial. \u201cAos poucos mais apicultores da regi\u00e3o foram se sensibilizando e se juntando ao grupo para o acompanhamento t\u00e9cnico\u201d, ressalta Christiane Frezza.<\/p>\n<p>O programa Senar+ de olericultura, que tamb\u00e9m ser\u00e1 desenvolvido em parceria do Sindicato Rural de Catal\u00e3o e Senar GO, engloba a produ\u00e7\u00e3o de legumes, vegetais e hortali\u00e7as. O produtor que aderir ao programa, seja ele em qualquer cadeia produtiva, ter\u00e1 tamb\u00e9m assist\u00eancia gerencial de sua propriedade. \u201cO produtor ao final de cada ciclo saber\u00e1 qual foi seu custo de produ\u00e7\u00e3o e qual o retorno que ele est\u00e1 tendo\u201d, ressaltou Gabriel. \u201cO trabalho de mobiliza\u00e7\u00e3o de produtores de olericultura j\u00e1 come\u00e7ou. Na semana que vem, deve ser iniciado o trabalho de campo, que \u00e9 a assist\u00eancia t\u00e9cnica e gerencial. Ainda temos poucas vagas abertas\u201d, disse Jaqueline Duarte, mobilizadora desse programa. As inscri\u00e7\u00f5es e mais informa\u00e7\u00f5es em rela\u00e7\u00e3o ao programa de Olericultura podem ser feitas no Sindicato Rural de Catal\u00e3o (3441 2479) ou com Jaqueline pelo n\u00famero 99961 7802.<\/p>\n<p>Fonte: Ascom \/ Sindicato Rural de Catal\u00e3o<br \/>\n<\/p>\n","protected":false},"excerpt":{"rendered":"<p>O Sindicato Rural de Catal\u00e3o e o Senar- GO j\u00e1 deram in\u00edcio ao Senar+, em Catal\u00e3o e regi\u00e3o. O programa atende gratuitamente a produtores de v\u00e1rias cadeias produtivas, com visitas peri\u00f3dicas para assist\u00eancia t\u00e9cnica e gerencial. O programa j\u00e1 est\u00e1 em andamento para Apicultura e com \u00faltimos detalhes para o in\u00edcio em Olericultura. Ambos ainda<\/p>\n","protected":false},"author":2,"featured_media":20749,"comment_status":"open","ping_status":"open","sticky":false,"template":"","format":"standard","meta":{"footnotes":""},"categories":[27,22,26,23],"tags":[],"class_list":["post-20744","post","type-post","status-publish","format-standard","has-post-thumbnail","hentry","category-brasil","category-catalao","category-destaque","category-goias"],"yoast_head":"<!-- This site is optimized with the Yoast SEO plugin v25.8 - https:\/\/yoast.com\/wordpress\/plugins\/seo\/ -->\n<title>Sindicato Rural de Catal\u00e3o e Senar iniciam assist\u00eancia t\u00e9cnica gratuita a produtores - Jornal Ultimos Acontecimentos<\/title>\n<meta name=\"robots\" content=\"index, follow, max-snippet:-1, max-image-preview:large, max-video-preview:-1\" \/>\n<link rel=\"canonical\" href=\"https:\/\/juacontecimentos.com.br\/site\/sindicato-rural-de-catalao-e-senar-iniciam-assistencia-tecnica-gratuita-produtores\/\" \/>\n<meta property=\"og:locale\" content=\"pt_BR\" \/>\n<meta property=\"og:type\" content=\"article\" \/>\n<meta property=\"og:title\" content=\"Sindicato Rural de Catal\u00e3o e Senar iniciam assist\u00eancia t\u00e9cnica gratuita a produtores - Jornal Ultimos Acontecimentos\" \/>\n<meta property=\"og:description\" content=\"O Sindicato Rural de Catal\u00e3o e o Senar- GO j\u00e1 deram in\u00edcio ao Senar+, em Catal\u00e3o e regi\u00e3o. O programa atende gratuitamente a produtores de v\u00e1rias cadeias produtivas, com visitas peri\u00f3dicas para assist\u00eancia t\u00e9cnica e gerencial. O programa j\u00e1 est\u00e1 em andamento para Apicultura e com \u00faltimos detalhes para o in\u00edcio em Olericultura. Ambos ainda\" \/>\n<meta property=\"og:url\" content=\"https:\/\/juacontecimentos.com.br\/site\/sindicato-rural-de-catalao-e-senar-iniciam-assistencia-tecnica-gratuita-produtores\/\" \/>\n<meta property=\"og:site_name\" content=\"Jornal Ultimos Acontecimentos\" \/>\n<meta property=\"article:publisher\" content=\"https:\/\/www.facebook.com\/jultimosacontecimentos\/\" \/>\n<meta property=\"article:published_time\" content=\"2022-06-09T23:40:03+00:00\" \/>\n<meta property=\"article:modified_time\" content=\"2022-06-09T23:45:17+00:00\" \/>\n<meta property=\"og:image\" content=\"https:\/\/juacontecimentos.com.br\/site\/wp-content\/uploads\/2022\/06\/Sincato-Rural.jpg\" \/>\n\t<meta property=\"og:image:width\" content=\"1844\" \/>\n\t<meta property=\"og:image:height\" content=\"990\" \/>\n\t<meta property=\"og:image:type\" content=\"image\/jpeg\" \/>\n<meta name=\"author\" content=\"Reginaldo Ribeiro\" \/>\n<meta name=\"twitter:card\" content=\"summary_large_image\" \/>\n<meta name=\"twitter:label1\" content=\"Escrito por\" \/>\n\t<meta name=\"twitter:data1\" content=\"Reginaldo Ribeiro\" \/>\n\t<meta name=\"twitter:label2\" content=\"Est. tempo de leitura\" \/>\n\t<meta name=\"twitter:data2\" content=\"3 minutos\" \/>\n<script type=\"application\/ld+json\" class=\"yoast-schema-graph\">{\"@context\":\"https:\/\/schema.org\",\"@graph\":[{\"@type\":\"Article\",\"@id\":\"https:\/\/juacontecimentos.com.br\/site\/sindicato-rural-de-catalao-e-senar-iniciam-assistencia-tecnica-gratuita-produtores\/#article\",\"isPartOf\":{\"@id\":\"https:\/\/juacontecimentos.com.br\/site\/sindicato-rural-de-catalao-e-senar-iniciam-assistencia-tecnica-gratuita-produtores\/\"},\"author\":{\"name\":\"Reginaldo Ribeiro\",\"@id\":\"https:\/\/juacontecimentos.com.br\/site\/#\/schema\/person\/082a54e6d3fdd7a633291428521c9669\"},\"headline\":\"Sindicato Rural de Catal\u00e3o e Senar iniciam assist\u00eancia t\u00e9cnica gratuita a produtores\",\"datePublished\":\"2022-06-09T23:40:03+00:00\",\"dateModified\":\"2022-06-09T23:45:17+00:00\",\"mainEntityOfPage\":{\"@id\":\"https:\/\/juacontecimentos.com.br\/site\/sindicato-rural-de-catalao-e-senar-iniciam-assistencia-tecnica-gratuita-produtores\/\"},\"wordCount\":650,\"commentCount\":0,\"publisher\":{\"@id\":\"https:\/\/juacontecimentos.com.br\/site\/#organization\"},\"image\":{\"@id\":\"https:\/\/juacontecimentos.com.br\/site\/sindicato-rural-de-catalao-e-senar-iniciam-assistencia-tecnica-gratuita-produtores\/#primaryimage\"},\"thumbnailUrl\":\"https:\/\/juacontecimentos.com.br\/site\/wp-content\/uploads\/2022\/06\/Sincato-Rural.jpg\",\"articleSection\":[\"Brasil\",\"Catal\u00e3o\",\"Destaque\",\"Goi\u00e1s\"],\"inLanguage\":\"pt-BR\"},{\"@type\":\"WebPage\",\"@id\":\"https:\/\/juacontecimentos.com.br\/site\/sindicato-rural-de-catalao-e-senar-iniciam-assistencia-tecnica-gratuita-produtores\/\",\"url\":\"https:\/\/juacontecimentos.com.br\/site\/sindicato-rural-de-catalao-e-senar-iniciam-assistencia-tecnica-gratuita-produtores\/\",\"name\":\"Sindicato Rural de Catal\u00e3o e Senar iniciam assist\u00eancia t\u00e9cnica gratuita a produtores - Jornal Ultimos Acontecimentos\",\"isPartOf\":{\"@id\":\"https:\/\/juacontecimentos.com.br\/site\/#website\"},\"primaryImageOfPage\":{\"@id\":\"https:\/\/juacontecimentos.com.br\/site\/sindicato-rural-de-catalao-e-senar-iniciam-assistencia-tecnica-gratuita-produtores\/#primaryimage\"},\"image\":{\"@id\":\"https:\/\/juacontecimentos.com.br\/site\/sindicato-rural-de-catalao-e-senar-iniciam-assistencia-tecnica-gratuita-produtores\/#primaryimage\"},\"thumbnailUrl\":\"https:\/\/juacontecimentos.com.br\/site\/wp-content\/uploads\/2022\/06\/Sincato-Rural.jpg\",\"datePublished\":\"2022-06-09T23:40:03+00:00\",\"dateModified\":\"2022-06-09T23:45:17+00:00\",\"breadcrumb\":{\"@id\":\"https:\/\/juacontecimentos.com.br\/site\/sindicato-rural-de-catalao-e-senar-iniciam-assistencia-tecnica-gratuita-produtores\/#breadcrumb\"},\"inLanguage\":\"pt-BR\",\"potentialAction\":[{\"@type\":\"ReadAction\",\"target\":[\"https:\/\/juacontecimentos.com.br\/site\/sindicato-rural-de-catalao-e-senar-iniciam-assistencia-tecnica-gratuita-produtores\/\"]}]},{\"@type\":\"ImageObject\",\"inLanguage\":\"pt-BR\",\"@id\":\"https:\/\/juacontecimentos.com.br\/site\/sindicato-rural-de-catalao-e-senar-iniciam-assistencia-tecnica-gratuita-produtores\/#primaryimage\",\"url\":\"https:\/\/juacontecimentos.com.br\/site\/wp-content\/uploads\/2022\/06\/Sincato-Rural.jpg\",\"contentUrl\":\"https:\/\/juacontecimentos.com.br\/site\/wp-content\/uploads\/2022\/06\/Sincato-Rural.jpg\",\"width\":1844,\"height\":990,\"caption\":\"Na foto: A mobilizadora Christiane Frezza conversa com o t\u00e9cnico respons\u00e1vel pelo programa de Apicultura.\"},{\"@type\":\"BreadcrumbList\",\"@id\":\"https:\/\/juacontecimentos.com.br\/site\/sindicato-rural-de-catalao-e-senar-iniciam-assistencia-tecnica-gratuita-produtores\/#breadcrumb\",\"itemListElement\":[{\"@type\":\"ListItem\",\"position\":1,\"name\":\"In\u00edcio\",\"item\":\"https:\/\/juacontecimentos.com.br\/site\/\"},{\"@type\":\"ListItem\",\"position\":2,\"name\":\"Sindicato Rural de Catal\u00e3o e Senar iniciam assist\u00eancia t\u00e9cnica gratuita a produtores\"}]},{\"@type\":\"WebSite\",\"@id\":\"https:\/\/juacontecimentos.com.br\/site\/#website\",\"url\":\"https:\/\/juacontecimentos.com.br\/site\/\",\"name\":\"Jornal Ultimos Acontecimentos\",\"description\":\"Catal\u00e3o e regi\u00e3o\",\"publisher\":{\"@id\":\"https:\/\/juacontecimentos.com.br\/site\/#organization\"},\"potentialAction\":[{\"@type\":\"SearchAction\",\"target\":{\"@type\":\"EntryPoint\",\"urlTemplate\":\"https:\/\/juacontecimentos.com.br\/site\/?s={search_term_string}\"},\"query-input\":{\"@type\":\"PropertyValueSpecification\",\"valueRequired\":true,\"valueName\":\"search_term_string\"}}],\"inLanguage\":\"pt-BR\"},{\"@type\":\"Organization\",\"@id\":\"https:\/\/juacontecimentos.com.br\/site\/#organization\",\"name\":\"Jornal Ultimos Acontecimentos\",\"url\":\"https:\/\/juacontecimentos.com.br\/site\/\",\"logo\":{\"@type\":\"ImageObject\",\"inLanguage\":\"pt-BR\",\"@id\":\"https:\/\/juacontecimentos.com.br\/site\/#\/schema\/logo\/image\/\",\"url\":\"https:\/\/juacontecimentos.com.br\/site\/wp-content\/uploads\/2023\/04\/Logo_Site.png\",\"contentUrl\":\"https:\/\/juacontecimentos.com.br\/site\/wp-content\/uploads\/2023\/04\/Logo_Site.png\",\"width\":2476,\"height\":530,\"caption\":\"Jornal Ultimos Acontecimentos\"},\"image\":{\"@id\":\"https:\/\/juacontecimentos.com.br\/site\/#\/schema\/logo\/image\/\"},\"sameAs\":[\"https:\/\/www.facebook.com\/jultimosacontecimentos\/\"]},{\"@type\":\"Person\",\"@id\":\"https:\/\/juacontecimentos.com.br\/site\/#\/schema\/person\/082a54e6d3fdd7a633291428521c9669\",\"name\":\"Reginaldo Ribeiro\",\"image\":{\"@type\":\"ImageObject\",\"inLanguage\":\"pt-BR\",\"@id\":\"https:\/\/juacontecimentos.com.br\/site\/#\/schema\/person\/image\/\",\"url\":\"https:\/\/secure.gravatar.com\/avatar\/5c16c6837c3490270a74d888c2a845728f06bdde1f8761de1de1d1d1ef82d12f?s=96&d=mm&r=g\",\"contentUrl\":\"https:\/\/secure.gravatar.com\/avatar\/5c16c6837c3490270a74d888c2a845728f06bdde1f8761de1de1d1d1ef82d12f?s=96&d=mm&r=g\",\"caption\":\"Reginaldo Ribeiro\"}}]}<\/script>\n<!-- \/ Yoast SEO plugin. -->","yoast_head_json":{"title":"Sindicato Rural de Catal\u00e3o e Senar iniciam assist\u00eancia t\u00e9cnica gratuita a produtores - Jornal Ultimos Acontecimentos","robots":{"index":"index","follow":"follow","max-snippet":"max-snippet:-1","max-image-preview":"max-image-preview:large","max-video-preview":"max-video-preview:-1"},"canonical":"https:\/\/juacontecimentos.com.br\/site\/sindicato-rural-de-catalao-e-senar-iniciam-assistencia-tecnica-gratuita-produtores\/","og_locale":"pt_BR","og_type":"article","og_title":"Sindicato Rural de Catal\u00e3o e Senar iniciam assist\u00eancia t\u00e9cnica gratuita a produtores - Jornal Ultimos Acontecimentos","og_description":"O Sindicato Rural de Catal\u00e3o e o Senar- GO j\u00e1 deram in\u00edcio ao Senar+, em Catal\u00e3o e regi\u00e3o. O programa atende gratuitamente a produtores de v\u00e1rias cadeias produtivas, com visitas peri\u00f3dicas para assist\u00eancia t\u00e9cnica e gerencial. O programa j\u00e1 est\u00e1 em andamento para Apicultura e com \u00faltimos detalhes para o in\u00edcio em Olericultura. Ambos ainda","og_url":"https:\/\/juacontecimentos.com.br\/site\/sindicato-rural-de-catalao-e-senar-iniciam-assistencia-tecnica-gratuita-produtores\/","og_site_name":"Jornal Ultimos Acontecimentos","article_publisher":"https:\/\/www.facebook.com\/jultimosacontecimentos\/","article_published_time":"2022-06-09T23:40:03+00:00","article_modified_time":"2022-06-09T23:45:17+00:00","og_image":[{"width":1844,"height":990,"url":"https:\/\/juacontecimentos.com.br\/site\/wp-content\/uploads\/2022\/06\/Sincato-Rural.jpg","type":"image\/jpeg"}],"author":"Reginaldo Ribeiro","twitter_card":"summary_large_image","twitter_misc":{"Escrito por":"Reginaldo Ribeiro","Est. tempo de leitura":"3 minutos"},"schema":{"@context":"https:\/\/schema.org","@graph":[{"@type":"Article","@id":"https:\/\/juacontecimentos.com.br\/site\/sindicato-rural-de-catalao-e-senar-iniciam-assistencia-tecnica-gratuita-produtores\/#article","isPartOf":{"@id":"https:\/\/juacontecimentos.com.br\/site\/sindicato-rural-de-catalao-e-senar-iniciam-assistencia-tecnica-gratuita-produtores\/"},"author":{"name":"Reginaldo Ribeiro","@id":"https:\/\/juacontecimentos.com.br\/site\/#\/schema\/person\/082a54e6d3fdd7a633291428521c9669"},"headline":"Sindicato Rural de Catal\u00e3o e Senar iniciam assist\u00eancia t\u00e9cnica gratuita a produtores","datePublished":"2022-06-09T23:40:03+00:00","dateModified":"2022-06-09T23:45:17+00:00","mainEntityOfPage":{"@id":"https:\/\/juacontecimentos.com.br\/site\/sindicato-rural-de-catalao-e-senar-iniciam-assistencia-tecnica-gratuita-produtores\/"},"wordCount":650,"commentCount":0,"publisher":{"@id":"https:\/\/juacontecimentos.com.br\/site\/#organization"},"image":{"@id":"https:\/\/juacontecimentos.com.br\/site\/sindicato-rural-de-catalao-e-senar-iniciam-assistencia-tecnica-gratuita-produtores\/#primaryimage"},"thumbnailUrl":"https:\/\/juacontecimentos.com.br\/site\/wp-content\/uploads\/2022\/06\/Sincato-Rural.jpg","articleSection":["Brasil","Catal\u00e3o","Destaque","Goi\u00e1s"],"inLanguage":"pt-BR"},{"@type":"WebPage","@id":"https:\/\/juacontecimentos.com.br\/site\/sindicato-rural-de-catalao-e-senar-iniciam-assistencia-tecnica-gratuita-produtores\/","url":"https:\/\/juacontecimentos.com.br\/site\/sindicato-rural-de-catalao-e-senar-iniciam-assistencia-tecnica-gratuita-produtores\/","name":"Sindicato Rural de Catal\u00e3o e Senar iniciam assist\u00eancia t\u00e9cnica gratuita a produtores - Jornal Ultimos Acontecimentos","isPartOf":{"@id":"https:\/\/juacontecimentos.com.br\/site\/#website"},"primaryImageOfPage":{"@id":"https:\/\/juacontecimentos.com.br\/site\/sindicato-rural-de-catalao-e-senar-iniciam-assistencia-tecnica-gratuita-produtores\/#primaryimage"},"image":{"@id":"https:\/\/juacontecimentos.com.br\/site\/sindicato-rural-de-catalao-e-senar-iniciam-assistencia-tecnica-gratuita-produtores\/#primaryimage"},"thumbnailUrl":"https:\/\/juacontecimentos.com.br\/site\/wp-content\/uploads\/2022\/06\/Sincato-Rural.jpg","datePublished":"2022-06-09T23:40:03+00:00","dateModified":"2022-06-09T23:45:17+00:00","breadcrumb":{"@id":"https:\/\/juacontecimentos.com.br\/site\/sindicato-rural-de-catalao-e-senar-iniciam-assistencia-tecnica-gratuita-produtores\/#breadcrumb"},"inLanguage":"pt-BR","potentialAction":[{"@type":"ReadAction","target":["https:\/\/juacontecimentos.com.br\/site\/sindicato-rural-de-catalao-e-senar-iniciam-assistencia-tecnica-gratuita-produtores\/"]}]},{"@type":"ImageObject","inLanguage":"pt-BR","@id":"https:\/\/juacontecimentos.com.br\/site\/sindicato-rural-de-catalao-e-senar-iniciam-assistencia-tecnica-gratuita-produtores\/#primaryimage","url":"https:\/\/juacontecimentos.com.br\/site\/wp-content\/uploads\/2022\/06\/Sincato-Rural.jpg","contentUrl":"https:\/\/juacontecimentos.com.br\/site\/wp-content\/uploads\/2022\/06\/Sincato-Rural.jpg","width":1844,"height":990,"caption":"Na foto: A mobilizadora Christiane Frezza conversa com o t\u00e9cnico respons\u00e1vel pelo programa de Apicultura."},{"@type":"BreadcrumbList","@id":"https:\/\/juacontecimentos.com.br\/site\/sindicato-rural-de-catalao-e-senar-iniciam-assistencia-tecnica-gratuita-produtores\/#breadcrumb","itemListElement":[{"@type":"ListItem","position":1,"name":"In\u00edcio","item":"https:\/\/juacontecimentos.com.br\/site\/"},{"@type":"ListItem","position":2,"name":"Sindicato Rural de Catal\u00e3o e Senar iniciam assist\u00eancia t\u00e9cnica gratuita a produtores"}]},{"@type":"WebSite","@id":"https:\/\/juacontecimentos.com.br\/site\/#website","url":"https:\/\/juacontecimentos.com.br\/site\/","name":"Jornal Ultimos Acontecimentos","description":"Catal\u00e3o e regi\u00e3o","publisher":{"@id":"https:\/\/juacontecimentos.com.br\/site\/#organization"},"potentialAction":[{"@type":"SearchAction","target":{"@type":"EntryPoint","urlTemplate":"https:\/\/juacontecimentos.com.br\/site\/?s={search_term_string}"},"query-input":{"@type":"PropertyValueSpecification","valueRequired":true,"valueName":"search_term_string"}}],"inLanguage":"pt-BR"},{"@type":"Organization","@id":"https:\/\/juacontecimentos.com.br\/site\/#organization","name":"Jornal Ultimos Acontecimentos","url":"https:\/\/juacontecimentos.com.br\/site\/","logo":{"@type":"ImageObject","inLanguage":"pt-BR","@id":"https:\/\/juacontecimentos.com.br\/site\/#\/schema\/logo\/image\/","url":"https:\/\/juacontecimentos.com.br\/site\/wp-content\/uploads\/2023\/04\/Logo_Site.png","contentUrl":"https:\/\/juacontecimentos.com.br\/site\/wp-content\/uploads\/2023\/04\/Logo_Site.png","width":2476,"height":530,"caption":"Jornal Ultimos Acontecimentos"},"image":{"@id":"https:\/\/juacontecimentos.com.br\/site\/#\/schema\/logo\/image\/"},"sameAs":["https:\/\/www.facebook.com\/jultimosacontecimentos\/"]},{"@type":"Person","@id":"https:\/\/juacontecimentos.com.br\/site\/#\/schema\/person\/082a54e6d3fdd7a633291428521c9669","name":"Reginaldo Ribeiro","image":{"@type":"ImageObject","inLanguage":"pt-BR","@id":"https:\/\/juacontecimentos.com.br\/site\/#\/schema\/person\/image\/","url":"https:\/\/secure.gravatar.com\/avatar\/5c16c6837c3490270a74d888c2a845728f06bdde1f8761de1de1d1d1ef82d12f?s=96&d=mm&r=g","contentUrl":"https:\/\/secure.gravatar.com\/avatar\/5c16c6837c3490270a74d888c2a845728f06bdde1f8761de1de1d1d1ef82d12f?s=96&d=mm&r=g","caption":"Reginaldo Ribeiro"}}]}},"_links":{"self":[{"href":"https:\/\/juacontecimentos.com.br\/site\/wp-json\/wp\/v2\/posts\/20744","targetHints":{"allow":["GET"]}}],"collection":[{"href":"https:\/\/juacontecimentos.com.br\/site\/wp-json\/wp\/v2\/posts"}],"about":[{"href":"https:\/\/juacontecimentos.com.br\/site\/wp-json\/wp\/v2\/types\/post"}],"author":[{"embeddable":true,"href":"https:\/\/juacontecimentos.com.br\/site\/wp-json\/wp\/v2\/users\/2"}],"replies":[{"embeddable":true,"href":"https:\/\/juacontecimentos.com.br\/site\/wp-json\/wp\/v2\/comments?post=20744"}],"version-history":[{"count":5,"href":"https:\/\/juacontecimentos.com.br\/site\/wp-json\/wp\/v2\/posts\/20744\/revisions"}],"predecessor-version":[{"id":20750,"href":"https:\/\/juacontecimentos.com.br\/site\/wp-json\/wp\/v2\/posts\/20744\/revisions\/20750"}],"wp:featuredmedia":[{"embeddable":true,"href":"https:\/\/juacontecimentos.com.br\/site\/wp-json\/wp\/v2\/media\/20749"}],"wp:attachment":[{"href":"https:\/\/juacontecimentos.com.br\/site\/wp-json\/wp\/v2\/media?parent=20744"}],"wp:term":[{"taxonomy":"category","embeddable":true,"href":"https:\/\/juacontecimentos.com.br\/site\/wp-json\/wp\/v2\/categories?post=20744"},{"taxonomy":"post_tag","embeddable":true,"href":"https:\/\/juacontecimentos.com.br\/site\/wp-json\/wp\/v2\/tags?post=20744"}],"curies":[{"name":"wp","href":"https:\/\/api.w.org\/{rel}","templated":true}]}}