{"id":21102,"date":"2022-07-05T15:36:49","date_gmt":"2022-07-05T18:36:49","guid":{"rendered":"https:\/\/juacontecimentos.com.br\/site\/?p=21102"},"modified":"2022-07-05T15:42:31","modified_gmt":"2022-07-05T18:42:31","slug":"desfile-de-comitivas-abrira-expo-catalao-2022","status":"publish","type":"post","link":"https:\/\/juacontecimentos.com.br\/site\/desfile-de-comitivas-abrira-expo-catalao-2022\/","title":{"rendered":"Desfile de comitivas abrir\u00e1 a Expo Catal\u00e3o 2022"},"content":{"rendered":"<h3 style=\"text-align: center\"><strong>A tradicional Cavalgada, que antecede a Expo Catal\u00e3o, acontecer\u00e1 em 2022 com um novo conceito e formato. Ser\u00e1 o 1\u00ba Desfile de Comitivas.<\/strong><\/h3>\n<p><img loading=\"lazy\" decoding=\"async\" class=\"alignnone size-large wp-image-21106\" src=\"https:\/\/juacontecimentos.com.br\/site\/wp-content\/uploads\/2022\/07\/IMG-20220705-WA0349-1024x1004.jpg\" alt=\"\" width=\"900\" height=\"882\" srcset=\"https:\/\/juacontecimentos.com.br\/site\/wp-content\/uploads\/2022\/07\/IMG-20220705-WA0349-1024x1004.jpg 1024w, https:\/\/juacontecimentos.com.br\/site\/wp-content\/uploads\/2022\/07\/IMG-20220705-WA0349-300x294.jpg 300w, https:\/\/juacontecimentos.com.br\/site\/wp-content\/uploads\/2022\/07\/IMG-20220705-WA0349-768x753.jpg 768w, https:\/\/juacontecimentos.com.br\/site\/wp-content\/uploads\/2022\/07\/IMG-20220705-WA0349.jpg 1079w\" sizes=\"auto, (max-width: 900px) 100vw, 900px\" \/><\/p>\n<p>Com apoio de for\u00e7as de seguran\u00e7a, como PM e SMTC (Superintend\u00eancia Municipal de Tr\u00e2nsito de Catal\u00e3o) o grupo seguir\u00e1 um trajeto menor: ser\u00e3o pouco mais de 5 quil\u00f4metros entre a sa\u00edda e o final, marcado para o Parque de Exposi\u00e7\u00f5es. O Desfile, que deve reunir comitivas de v\u00e1rias partes, sair\u00e1 no domingo (10) da Avenida Lamartine Pinto de Avelar (em frente a Mangabeiras), rumo ao Parque, passando pela avenida Jo\u00e3o Neves Vieira e Jo\u00e3o Netto de Campos, \u00e0s 9h30. Ao encerrar o desfile, um almo\u00e7o ser\u00e1 servido. Pela organiza\u00e7\u00e3o, uma comitiva formada por presidentes da entidade abrir\u00e1 o desfile. \u201cVamos nos reunir em um grupo, tornando o evento ainda mais bonito. As nossas expectativas s\u00e3o as melhores poss\u00edveis\u201d, disse o presidente do Sindicato Rural de Catal\u00e3o, Renato Ribeiro.<\/p>\n<p>Com o apoio da Policia Militar e Superintend\u00eancia de Tr\u00e2nsito, a inten\u00e7\u00e3o \u00e9 dar seguran\u00e7a aos cavaleiros e tamb\u00e9m \u00e0 popula\u00e7\u00e3o que sair\u00e1 nas ruas para assistir ao desfile. \u201cVamos primar pela organiza\u00e7\u00e3o, com seguran\u00e7a da PM\u201d, frisou o presidente, Renato.<br \/>\nHaver\u00e1 premia\u00e7\u00e3o para comitiva mais bonita, para o cavaleiro mais velho e mais novo. Uma comiss\u00e3o ser\u00e1 formada para o julgamento. As inscri\u00e7\u00f5es ainda podem ser feitas com a organiza\u00e7\u00e3o ou no Sindicato Rural de Catal\u00e3o. Cada integrante de comitivas receber\u00e1 um pulseira de identifica\u00e7\u00e3o.<br \/>\n<\/p>\n","protected":false},"excerpt":{"rendered":"<p>A tradicional Cavalgada, que antecede a Expo Catal\u00e3o, acontecer\u00e1 em 2022 com um novo conceito e formato. Ser\u00e1 o 1\u00ba Desfile de Comitivas. Com apoio de for\u00e7as de seguran\u00e7a, como PM e SMTC (Superintend\u00eancia Municipal de Tr\u00e2nsito de Catal\u00e3o) o grupo seguir\u00e1 um trajeto menor: ser\u00e3o pouco mais de 5 quil\u00f4metros entre a sa\u00edda e<\/p>\n","protected":false},"author":2,"featured_media":21108,"comment_status":"open","ping_status":"open","sticky":false,"template":"","format":"standard","meta":{"footnotes":""},"categories":[27,22,26,23],"tags":[],"class_list":["post-21102","post","type-post","status-publish","format-standard","has-post-thumbnail","hentry","category-brasil","category-catalao","category-destaque","category-goias"],"yoast_head":"<!-- This site is optimized with the Yoast SEO plugin v25.8 - https:\/\/yoast.com\/wordpress\/plugins\/seo\/ -->\n<title>Desfile de comitivas abrir\u00e1 a Expo Catal\u00e3o 2022 - Jornal Ultimos Acontecimentos<\/title>\n<meta name=\"robots\" content=\"index, follow, max-snippet:-1, max-image-preview:large, max-video-preview:-1\" \/>\n<link rel=\"canonical\" href=\"https:\/\/juacontecimentos.com.br\/site\/desfile-de-comitivas-abrira-expo-catalao-2022\/\" \/>\n<meta property=\"og:locale\" content=\"pt_BR\" \/>\n<meta property=\"og:type\" content=\"article\" \/>\n<meta property=\"og:title\" content=\"Desfile de comitivas abrir\u00e1 a Expo Catal\u00e3o 2022 - Jornal Ultimos Acontecimentos\" \/>\n<meta property=\"og:description\" content=\"A tradicional Cavalgada, que antecede a Expo Catal\u00e3o, acontecer\u00e1 em 2022 com um novo conceito e formato. Ser\u00e1 o 1\u00ba Desfile de Comitivas. Com apoio de for\u00e7as de seguran\u00e7a, como PM e SMTC (Superintend\u00eancia Municipal de Tr\u00e2nsito de Catal\u00e3o) o grupo seguir\u00e1 um trajeto menor: ser\u00e3o pouco mais de 5 quil\u00f4metros entre a sa\u00edda e\" \/>\n<meta property=\"og:url\" content=\"https:\/\/juacontecimentos.com.br\/site\/desfile-de-comitivas-abrira-expo-catalao-2022\/\" \/>\n<meta property=\"og:site_name\" content=\"Jornal Ultimos Acontecimentos\" \/>\n<meta property=\"article:publisher\" content=\"https:\/\/www.facebook.com\/jultimosacontecimentos\/\" \/>\n<meta property=\"article:published_time\" content=\"2022-07-05T18:36:49+00:00\" \/>\n<meta property=\"article:modified_time\" content=\"2022-07-05T18:42:31+00:00\" \/>\n<meta property=\"og:image\" content=\"https:\/\/juacontecimentos.com.br\/site\/wp-content\/uploads\/2022\/07\/IMG-20220705-WA03492.jpg\" \/>\n\t<meta property=\"og:image:width\" content=\"1079\" \/>\n\t<meta property=\"og:image:height\" content=\"651\" \/>\n\t<meta property=\"og:image:type\" content=\"image\/jpeg\" \/>\n<meta name=\"author\" content=\"Reginaldo Ribeiro\" \/>\n<meta name=\"twitter:card\" content=\"summary_large_image\" \/>\n<meta name=\"twitter:label1\" content=\"Escrito por\" \/>\n\t<meta name=\"twitter:data1\" content=\"Reginaldo Ribeiro\" \/>\n\t<meta name=\"twitter:label2\" content=\"Est. tempo de leitura\" \/>\n\t<meta name=\"twitter:data2\" content=\"1 minuto\" \/>\n<script type=\"application\/ld+json\" class=\"yoast-schema-graph\">{\"@context\":\"https:\/\/schema.org\",\"@graph\":[{\"@type\":\"Article\",\"@id\":\"https:\/\/juacontecimentos.com.br\/site\/desfile-de-comitivas-abrira-expo-catalao-2022\/#article\",\"isPartOf\":{\"@id\":\"https:\/\/juacontecimentos.com.br\/site\/desfile-de-comitivas-abrira-expo-catalao-2022\/\"},\"author\":{\"name\":\"Reginaldo Ribeiro\",\"@id\":\"https:\/\/juacontecimentos.com.br\/site\/#\/schema\/person\/082a54e6d3fdd7a633291428521c9669\"},\"headline\":\"Desfile de comitivas abrir\u00e1 a Expo Catal\u00e3o 2022\",\"datePublished\":\"2022-07-05T18:36:49+00:00\",\"dateModified\":\"2022-07-05T18:42:31+00:00\",\"mainEntityOfPage\":{\"@id\":\"https:\/\/juacontecimentos.com.br\/site\/desfile-de-comitivas-abrira-expo-catalao-2022\/\"},\"wordCount\":271,\"commentCount\":0,\"publisher\":{\"@id\":\"https:\/\/juacontecimentos.com.br\/site\/#organization\"},\"image\":{\"@id\":\"https:\/\/juacontecimentos.com.br\/site\/desfile-de-comitivas-abrira-expo-catalao-2022\/#primaryimage\"},\"thumbnailUrl\":\"https:\/\/juacontecimentos.com.br\/site\/wp-content\/uploads\/2022\/07\/IMG-20220705-WA03492.jpg\",\"articleSection\":[\"Brasil\",\"Catal\u00e3o\",\"Destaque\",\"Goi\u00e1s\"],\"inLanguage\":\"pt-BR\"},{\"@type\":\"WebPage\",\"@id\":\"https:\/\/juacontecimentos.com.br\/site\/desfile-de-comitivas-abrira-expo-catalao-2022\/\",\"url\":\"https:\/\/juacontecimentos.com.br\/site\/desfile-de-comitivas-abrira-expo-catalao-2022\/\",\"name\":\"Desfile de comitivas abrir\u00e1 a Expo Catal\u00e3o 2022 - Jornal Ultimos Acontecimentos\",\"isPartOf\":{\"@id\":\"https:\/\/juacontecimentos.com.br\/site\/#website\"},\"primaryImageOfPage\":{\"@id\":\"https:\/\/juacontecimentos.com.br\/site\/desfile-de-comitivas-abrira-expo-catalao-2022\/#primaryimage\"},\"image\":{\"@id\":\"https:\/\/juacontecimentos.com.br\/site\/desfile-de-comitivas-abrira-expo-catalao-2022\/#primaryimage\"},\"thumbnailUrl\":\"https:\/\/juacontecimentos.com.br\/site\/wp-content\/uploads\/2022\/07\/IMG-20220705-WA03492.jpg\",\"datePublished\":\"2022-07-05T18:36:49+00:00\",\"dateModified\":\"2022-07-05T18:42:31+00:00\",\"breadcrumb\":{\"@id\":\"https:\/\/juacontecimentos.com.br\/site\/desfile-de-comitivas-abrira-expo-catalao-2022\/#breadcrumb\"},\"inLanguage\":\"pt-BR\",\"potentialAction\":[{\"@type\":\"ReadAction\",\"target\":[\"https:\/\/juacontecimentos.com.br\/site\/desfile-de-comitivas-abrira-expo-catalao-2022\/\"]}]},{\"@type\":\"ImageObject\",\"inLanguage\":\"pt-BR\",\"@id\":\"https:\/\/juacontecimentos.com.br\/site\/desfile-de-comitivas-abrira-expo-catalao-2022\/#primaryimage\",\"url\":\"https:\/\/juacontecimentos.com.br\/site\/wp-content\/uploads\/2022\/07\/IMG-20220705-WA03492.jpg\",\"contentUrl\":\"https:\/\/juacontecimentos.com.br\/site\/wp-content\/uploads\/2022\/07\/IMG-20220705-WA03492.jpg\",\"width\":1079,\"height\":651},{\"@type\":\"BreadcrumbList\",\"@id\":\"https:\/\/juacontecimentos.com.br\/site\/desfile-de-comitivas-abrira-expo-catalao-2022\/#breadcrumb\",\"itemListElement\":[{\"@type\":\"ListItem\",\"position\":1,\"name\":\"In\u00edcio\",\"item\":\"https:\/\/juacontecimentos.com.br\/site\/\"},{\"@type\":\"ListItem\",\"position\":2,\"name\":\"Desfile de comitivas abrir\u00e1 a Expo Catal\u00e3o 2022\"}]},{\"@type\":\"WebSite\",\"@id\":\"https:\/\/juacontecimentos.com.br\/site\/#website\",\"url\":\"https:\/\/juacontecimentos.com.br\/site\/\",\"name\":\"Jornal Ultimos Acontecimentos\",\"description\":\"Catal\u00e3o e regi\u00e3o\",\"publisher\":{\"@id\":\"https:\/\/juacontecimentos.com.br\/site\/#organization\"},\"potentialAction\":[{\"@type\":\"SearchAction\",\"target\":{\"@type\":\"EntryPoint\",\"urlTemplate\":\"https:\/\/juacontecimentos.com.br\/site\/?s={search_term_string}\"},\"query-input\":{\"@type\":\"PropertyValueSpecification\",\"valueRequired\":true,\"valueName\":\"search_term_string\"}}],\"inLanguage\":\"pt-BR\"},{\"@type\":\"Organization\",\"@id\":\"https:\/\/juacontecimentos.com.br\/site\/#organization\",\"name\":\"Jornal Ultimos Acontecimentos\",\"url\":\"https:\/\/juacontecimentos.com.br\/site\/\",\"logo\":{\"@type\":\"ImageObject\",\"inLanguage\":\"pt-BR\",\"@id\":\"https:\/\/juacontecimentos.com.br\/site\/#\/schema\/logo\/image\/\",\"url\":\"https:\/\/juacontecimentos.com.br\/site\/wp-content\/uploads\/2023\/04\/Logo_Site.png\",\"contentUrl\":\"https:\/\/juacontecimentos.com.br\/site\/wp-content\/uploads\/2023\/04\/Logo_Site.png\",\"width\":2476,\"height\":530,\"caption\":\"Jornal Ultimos Acontecimentos\"},\"image\":{\"@id\":\"https:\/\/juacontecimentos.com.br\/site\/#\/schema\/logo\/image\/\"},\"sameAs\":[\"https:\/\/www.facebook.com\/jultimosacontecimentos\/\"]},{\"@type\":\"Person\",\"@id\":\"https:\/\/juacontecimentos.com.br\/site\/#\/schema\/person\/082a54e6d3fdd7a633291428521c9669\",\"name\":\"Reginaldo Ribeiro\",\"image\":{\"@type\":\"ImageObject\",\"inLanguage\":\"pt-BR\",\"@id\":\"https:\/\/juacontecimentos.com.br\/site\/#\/schema\/person\/image\/\",\"url\":\"https:\/\/secure.gravatar.com\/avatar\/5c16c6837c3490270a74d888c2a845728f06bdde1f8761de1de1d1d1ef82d12f?s=96&d=mm&r=g\",\"contentUrl\":\"https:\/\/secure.gravatar.com\/avatar\/5c16c6837c3490270a74d888c2a845728f06bdde1f8761de1de1d1d1ef82d12f?s=96&d=mm&r=g\",\"caption\":\"Reginaldo Ribeiro\"}}]}<\/script>\n<!-- \/ Yoast SEO plugin. -->","yoast_head_json":{"title":"Desfile de comitivas abrir\u00e1 a Expo Catal\u00e3o 2022 - Jornal Ultimos Acontecimentos","robots":{"index":"index","follow":"follow","max-snippet":"max-snippet:-1","max-image-preview":"max-image-preview:large","max-video-preview":"max-video-preview:-1"},"canonical":"https:\/\/juacontecimentos.com.br\/site\/desfile-de-comitivas-abrira-expo-catalao-2022\/","og_locale":"pt_BR","og_type":"article","og_title":"Desfile de comitivas abrir\u00e1 a Expo Catal\u00e3o 2022 - Jornal Ultimos Acontecimentos","og_description":"A tradicional Cavalgada, que antecede a Expo Catal\u00e3o, acontecer\u00e1 em 2022 com um novo conceito e formato. Ser\u00e1 o 1\u00ba Desfile de Comitivas. Com apoio de for\u00e7as de seguran\u00e7a, como PM e SMTC (Superintend\u00eancia Municipal de Tr\u00e2nsito de Catal\u00e3o) o grupo seguir\u00e1 um trajeto menor: ser\u00e3o pouco mais de 5 quil\u00f4metros entre a sa\u00edda e","og_url":"https:\/\/juacontecimentos.com.br\/site\/desfile-de-comitivas-abrira-expo-catalao-2022\/","og_site_name":"Jornal Ultimos Acontecimentos","article_publisher":"https:\/\/www.facebook.com\/jultimosacontecimentos\/","article_published_time":"2022-07-05T18:36:49+00:00","article_modified_time":"2022-07-05T18:42:31+00:00","og_image":[{"width":1079,"height":651,"url":"https:\/\/juacontecimentos.com.br\/site\/wp-content\/uploads\/2022\/07\/IMG-20220705-WA03492.jpg","type":"image\/jpeg"}],"author":"Reginaldo Ribeiro","twitter_card":"summary_large_image","twitter_misc":{"Escrito por":"Reginaldo Ribeiro","Est. tempo de leitura":"1 minuto"},"schema":{"@context":"https:\/\/schema.org","@graph":[{"@type":"Article","@id":"https:\/\/juacontecimentos.com.br\/site\/desfile-de-comitivas-abrira-expo-catalao-2022\/#article","isPartOf":{"@id":"https:\/\/juacontecimentos.com.br\/site\/desfile-de-comitivas-abrira-expo-catalao-2022\/"},"author":{"name":"Reginaldo Ribeiro","@id":"https:\/\/juacontecimentos.com.br\/site\/#\/schema\/person\/082a54e6d3fdd7a633291428521c9669"},"headline":"Desfile de comitivas abrir\u00e1 a Expo Catal\u00e3o 2022","datePublished":"2022-07-05T18:36:49+00:00","dateModified":"2022-07-05T18:42:31+00:00","mainEntityOfPage":{"@id":"https:\/\/juacontecimentos.com.br\/site\/desfile-de-comitivas-abrira-expo-catalao-2022\/"},"wordCount":271,"commentCount":0,"publisher":{"@id":"https:\/\/juacontecimentos.com.br\/site\/#organization"},"image":{"@id":"https:\/\/juacontecimentos.com.br\/site\/desfile-de-comitivas-abrira-expo-catalao-2022\/#primaryimage"},"thumbnailUrl":"https:\/\/juacontecimentos.com.br\/site\/wp-content\/uploads\/2022\/07\/IMG-20220705-WA03492.jpg","articleSection":["Brasil","Catal\u00e3o","Destaque","Goi\u00e1s"],"inLanguage":"pt-BR"},{"@type":"WebPage","@id":"https:\/\/juacontecimentos.com.br\/site\/desfile-de-comitivas-abrira-expo-catalao-2022\/","url":"https:\/\/juacontecimentos.com.br\/site\/desfile-de-comitivas-abrira-expo-catalao-2022\/","name":"Desfile de comitivas abrir\u00e1 a Expo Catal\u00e3o 2022 - Jornal Ultimos Acontecimentos","isPartOf":{"@id":"https:\/\/juacontecimentos.com.br\/site\/#website"},"primaryImageOfPage":{"@id":"https:\/\/juacontecimentos.com.br\/site\/desfile-de-comitivas-abrira-expo-catalao-2022\/#primaryimage"},"image":{"@id":"https:\/\/juacontecimentos.com.br\/site\/desfile-de-comitivas-abrira-expo-catalao-2022\/#primaryimage"},"thumbnailUrl":"https:\/\/juacontecimentos.com.br\/site\/wp-content\/uploads\/2022\/07\/IMG-20220705-WA03492.jpg","datePublished":"2022-07-05T18:36:49+00:00","dateModified":"2022-07-05T18:42:31+00:00","breadcrumb":{"@id":"https:\/\/juacontecimentos.com.br\/site\/desfile-de-comitivas-abrira-expo-catalao-2022\/#breadcrumb"},"inLanguage":"pt-BR","potentialAction":[{"@type":"ReadAction","target":["https:\/\/juacontecimentos.com.br\/site\/desfile-de-comitivas-abrira-expo-catalao-2022\/"]}]},{"@type":"ImageObject","inLanguage":"pt-BR","@id":"https:\/\/juacontecimentos.com.br\/site\/desfile-de-comitivas-abrira-expo-catalao-2022\/#primaryimage","url":"https:\/\/juacontecimentos.com.br\/site\/wp-content\/uploads\/2022\/07\/IMG-20220705-WA03492.jpg","contentUrl":"https:\/\/juacontecimentos.com.br\/site\/wp-content\/uploads\/2022\/07\/IMG-20220705-WA03492.jpg","width":1079,"height":651},{"@type":"BreadcrumbList","@id":"https:\/\/juacontecimentos.com.br\/site\/desfile-de-comitivas-abrira-expo-catalao-2022\/#breadcrumb","itemListElement":[{"@type":"ListItem","position":1,"name":"In\u00edcio","item":"https:\/\/juacontecimentos.com.br\/site\/"},{"@type":"ListItem","position":2,"name":"Desfile de comitivas abrir\u00e1 a Expo Catal\u00e3o 2022"}]},{"@type":"WebSite","@id":"https:\/\/juacontecimentos.com.br\/site\/#website","url":"https:\/\/juacontecimentos.com.br\/site\/","name":"Jornal Ultimos Acontecimentos","description":"Catal\u00e3o e regi\u00e3o","publisher":{"@id":"https:\/\/juacontecimentos.com.br\/site\/#organization"},"potentialAction":[{"@type":"SearchAction","target":{"@type":"EntryPoint","urlTemplate":"https:\/\/juacontecimentos.com.br\/site\/?s={search_term_string}"},"query-input":{"@type":"PropertyValueSpecification","valueRequired":true,"valueName":"search_term_string"}}],"inLanguage":"pt-BR"},{"@type":"Organization","@id":"https:\/\/juacontecimentos.com.br\/site\/#organization","name":"Jornal Ultimos Acontecimentos","url":"https:\/\/juacontecimentos.com.br\/site\/","logo":{"@type":"ImageObject","inLanguage":"pt-BR","@id":"https:\/\/juacontecimentos.com.br\/site\/#\/schema\/logo\/image\/","url":"https:\/\/juacontecimentos.com.br\/site\/wp-content\/uploads\/2023\/04\/Logo_Site.png","contentUrl":"https:\/\/juacontecimentos.com.br\/site\/wp-content\/uploads\/2023\/04\/Logo_Site.png","width":2476,"height":530,"caption":"Jornal Ultimos Acontecimentos"},"image":{"@id":"https:\/\/juacontecimentos.com.br\/site\/#\/schema\/logo\/image\/"},"sameAs":["https:\/\/www.facebook.com\/jultimosacontecimentos\/"]},{"@type":"Person","@id":"https:\/\/juacontecimentos.com.br\/site\/#\/schema\/person\/082a54e6d3fdd7a633291428521c9669","name":"Reginaldo Ribeiro","image":{"@type":"ImageObject","inLanguage":"pt-BR","@id":"https:\/\/juacontecimentos.com.br\/site\/#\/schema\/person\/image\/","url":"https:\/\/secure.gravatar.com\/avatar\/5c16c6837c3490270a74d888c2a845728f06bdde1f8761de1de1d1d1ef82d12f?s=96&d=mm&r=g","contentUrl":"https:\/\/secure.gravatar.com\/avatar\/5c16c6837c3490270a74d888c2a845728f06bdde1f8761de1de1d1d1ef82d12f?s=96&d=mm&r=g","caption":"Reginaldo Ribeiro"}}]}},"_links":{"self":[{"href":"https:\/\/juacontecimentos.com.br\/site\/wp-json\/wp\/v2\/posts\/21102","targetHints":{"allow":["GET"]}}],"collection":[{"href":"https:\/\/juacontecimentos.com.br\/site\/wp-json\/wp\/v2\/posts"}],"about":[{"href":"https:\/\/juacontecimentos.com.br\/site\/wp-json\/wp\/v2\/types\/post"}],"author":[{"embeddable":true,"href":"https:\/\/juacontecimentos.com.br\/site\/wp-json\/wp\/v2\/users\/2"}],"replies":[{"embeddable":true,"href":"https:\/\/juacontecimentos.com.br\/site\/wp-json\/wp\/v2\/comments?post=21102"}],"version-history":[{"count":4,"href":"https:\/\/juacontecimentos.com.br\/site\/wp-json\/wp\/v2\/posts\/21102\/revisions"}],"predecessor-version":[{"id":21107,"href":"https:\/\/juacontecimentos.com.br\/site\/wp-json\/wp\/v2\/posts\/21102\/revisions\/21107"}],"wp:featuredmedia":[{"embeddable":true,"href":"https:\/\/juacontecimentos.com.br\/site\/wp-json\/wp\/v2\/media\/21108"}],"wp:attachment":[{"href":"https:\/\/juacontecimentos.com.br\/site\/wp-json\/wp\/v2\/media?parent=21102"}],"wp:term":[{"taxonomy":"category","embeddable":true,"href":"https:\/\/juacontecimentos.com.br\/site\/wp-json\/wp\/v2\/categories?post=21102"},{"taxonomy":"post_tag","embeddable":true,"href":"https:\/\/juacontecimentos.com.br\/site\/wp-json\/wp\/v2\/tags?post=21102"}],"curies":[{"name":"wp","href":"https:\/\/api.w.org\/{rel}","templated":true}]}}