{"id":21821,"date":"2022-08-17T11:29:47","date_gmt":"2022-08-17T14:29:47","guid":{"rendered":"https:\/\/juacontecimentos.com.br\/site\/?p=21821"},"modified":"2022-08-17T11:34:08","modified_gmt":"2022-08-17T14:34:08","slug":"27-candidatos-fortes-para-deputado-federal-em-goias-confira-tambem-os-superfavoritos","status":"publish","type":"post","link":"https:\/\/juacontecimentos.com.br\/site\/27-candidatos-fortes-para-deputado-federal-em-goias-confira-tambem-os-superfavoritos\/","title":{"rendered":"27 candidatos fortes para deputado federal em Goi\u00e1s. Confira tamb\u00e9m os superfavoritos"},"content":{"rendered":"<h2 style=\"text-align: center\">Fl\u00e1via Morais, Silvye Alves, Zacharias Calil, Jeferson Rodrigues, Matheus Ribeiro, Adriana Accorsi, Coronel Edson e Gustavo Gayer s\u00e3o as oito principais apostas<\/h2>\n<div id=\"attachment_21825\" style=\"width: 630px\" class=\"wp-caption alignnone\"><img loading=\"lazy\" decoding=\"async\" aria-describedby=\"caption-attachment-21825\" class=\"size-full wp-image-21825\" src=\"https:\/\/juacontecimentos.com.br\/site\/wp-content\/uploads\/2022\/08\/silvye-alves-ss.jpg\" alt=\"\" width=\"620\" height=\"350\" srcset=\"https:\/\/juacontecimentos.com.br\/site\/wp-content\/uploads\/2022\/08\/silvye-alves-ss.jpg 620w, https:\/\/juacontecimentos.com.br\/site\/wp-content\/uploads\/2022\/08\/silvye-alves-ss-300x169.jpg 300w\" sizes=\"auto, (max-width: 620px) 100vw, 620px\" \/><p id=\"caption-attachment-21825\" class=\"wp-caption-text\">Silvye Alves: candidata a deputada federal pelo Uni\u00e3o Brasil | Foto: Divulga\u00e7\u00e3o<\/p><\/div>\n<p>A C\u00e2mara dos Deputados conta com 17 parlamentares de Goi\u00e1s. Portanto, a disputa eleitoral \u00e9 uma guerra e \u00e9, por isso, que experts em pol\u00edtica dizem que s\u00e3o os candidatos a deputado federal e estadual que articulam e movimentam as campanhas. No geral, as \u201cmensagens\u201d chegam aos ouvidos e m\u00e3os dos eleitores por a\u00e7\u00e3o dos postulantes a vagas na Assembleia Legislativa, em Goi\u00e2nia, e na C\u00e2mara dos Deputados, em Bras\u00edlia. Por sinal, o Estado tem 4.870.354 eleitores.<\/p>\n<p>Com o apoio de pol\u00edticos, marqueteiros e jornalistas, o Jornal Op\u00e7\u00e3o elaborou uma lista dos candidatos considerados mais fortes para o pleito de 2 de outubro deste ano. H\u00e1 quartas quest\u00f5es a colocar. Primeiro, se h\u00e1 apenas 17 vagas, dez v\u00e3o ficar de fora. Segundo, sempre h\u00e1 surpresas eleitorais, como Glaustin da Fokus, em 2018. Portanto, \u00e9 perfeitamente poss\u00edvel que um candidato n\u00e3o listado \u2014 como Daniel da Agrobom (Podemos), Jovair Arantes (Republicanos), Edward Madureira (PT), Rodney Miranda (Republicanos), Sabrina Garc\u00eaz (Republicanos) e outros \u2014 apare\u00e7a como eleito. Terceiro, a lista a seguir n\u00e3o est\u00e1 disposta em ordem de favoritismo, e sim alfab\u00e9tica. Quarto, h\u00e1 favoritos, e at\u00e9 favorit\u00edssimos, que podem acabar derrotados.<\/p>\n<p>Os que definiram a lista recomendam observar atentamente os favoritos do PSC e do Solidariedade. Glaustin da Fokus, do PSC, e Lucas Verg\u00edlio, do Solidariedade, s\u00e3o forte, mas ter\u00e3o coeficiente eleitoral? O PL ter\u00e1 condi\u00e7\u00f5es de eleger quatro deputados federais: Gustavo Gayer, Magda Moffato, Major Hugo e Professor Alcides? Muito dif\u00edcil. Acredita-se que eleger\u00e1 de dois a tr\u00eas. Vai depender sobretudo da vota\u00e7\u00e3o de Gayer.<\/p>\n<p class=\"has-text-align-center\"><strong>1\u00a0<\/strong><strong>Adriana Accorsi\/PT<\/strong><\/p>\n<img loading=\"lazy\" decoding=\"async\" class=\"wp-image-287847 lazyloaded\" src=\"https:\/\/www.jornalopcao.com.br\/wp-content\/uploads\/2020\/10\/Adriana-Accorsi-Foto-Divulga%C3%A7%C3%A3o-Assessoria-Adriana-Accorsi-18.jpg\" srcset=\"https:\/\/www.jornalopcao.com.br\/wp-content\/uploads\/2020\/10\/Adriana-Accorsi-Foto-Divulga\u00e7\u00e3o-Assessoria-Adriana-Accorsi-18.jpg 620w, https:\/\/www.jornalopcao.com.br\/wp-content\/uploads\/2020\/10\/Adriana-Accorsi-Foto-Divulga\u00e7\u00e3o-Assessoria-Adriana-Accorsi-18-300x169.jpg 300w, https:\/\/www.jornalopcao.com.br\/wp-content\/uploads\/2020\/10\/Adriana-Accorsi-Foto-Divulga\u00e7\u00e3o-Assessoria-Adriana-Accorsi-18-600x339.jpg 600w\" alt=\"\" width=\"620\" height=\"350\" \/>Adriana Accorsi: a principal interlocutora de Lula da Silva em Goi\u00e1s | Foto: Divulga\u00e7\u00e3o\n<p>A deputada estadual \u00e9 apontada como favorit\u00edssima. H\u00e1 quem aposte que ser\u00e1 a mais votada do PT e que ter\u00e1 uma vota\u00e7\u00e3o extraordin\u00e1ria em Goi\u00e2nia. \u00c9 a principal interlocutora de Lula da Silva em Goi\u00e1s.<\/p>\n<p class=\"has-text-align-center\"><strong>2\u00a0<\/strong><strong>Adriano do Baldy\/pP<\/strong><\/p>\n<img loading=\"lazy\" decoding=\"async\" class=\"wp-image-217299 lazyloaded\" src=\"https:\/\/www.jornalopcao.com.br\/wp-content\/uploads\/2019\/10\/Adriano-do-Baldy-Foto-Camara-dos-Deputados-620x350.jpg\" srcset=\"https:\/\/www.jornalopcao.com.br\/wp-content\/uploads\/2019\/10\/Adriano-do-Baldy-Foto-Camara-dos-Deputados.jpg 620w, https:\/\/www.jornalopcao.com.br\/wp-content\/uploads\/2019\/10\/Adriano-do-Baldy-Foto-Camara-dos-Deputados-300x169.jpg 300w, https:\/\/www.jornalopcao.com.br\/wp-content\/uploads\/2019\/10\/Adriano-do-Baldy-Foto-Camara-dos-Deputados-600x339.jpg 600w\" alt=\"\" width=\"620\" height=\"350\" \/>Adriano do Baldy: for\u00e7a junto aos prefeitos | Foto: C\u00e2mara dos Deputados\n<p>O deputado federal era, em 2018, t\u00e3o-somente o candidato \u201cde\u201d Alexandre Baldy. Em 2020, adquiriu musculatura pr\u00f3pria e tem for\u00e7a pol\u00edtica junto a v\u00e1rios prefeitos, e de diversos partidos.<\/p>\n<p class=\"has-text-align-center\"><strong>3\u00a0<\/strong><strong>Alcides \u201cCidinho\u201d Rodrigues\/Patriota<\/strong><\/p>\n<img loading=\"lazy\" decoding=\"async\" class=\"wp-image-184476 lazyloaded\" src=\"https:\/\/www.jornalopcao.com.br\/wp-content\/uploads\/2019\/05\/alcides_rodrigues2-620x350-620x350.jpg\" srcset=\"https:\/\/www.jornalopcao.com.br\/wp-content\/uploads\/2019\/05\/alcides_rodrigues2-620x350.jpg 620w, https:\/\/www.jornalopcao.com.br\/wp-content\/uploads\/2019\/05\/alcides_rodrigues2-620x350-300x169.jpg 300w, https:\/\/www.jornalopcao.com.br\/wp-content\/uploads\/2019\/05\/alcides_rodrigues2-620x350-600x339.jpg 600w\" alt=\"\" width=\"620\" height=\"350\" \/>Alcides Cidinho Rodrigues: l\u00edder pol\u00edtico no Sudoeste goiano | Foto: Divulga\u00e7\u00e3o\n<p>O deputado federal n\u00e3o \u00e9 considerado um candidato \u201cforte\u201d. Mas \u00e9 a principal aposta do Patriota. \u00c9 o candidato do prefeito de Santa Helena, Jo\u00e3o Alberto, e do marqueteiro Jorcelino Braga.<\/p>\n<p class=\"has-text-align-center\"><strong>4\u00a0<\/strong><strong>Celio Silveira\/MDB<\/strong><\/p>\n<img loading=\"lazy\" decoding=\"async\" class=\"wp-image-397565 lazyloaded\" src=\"https:\/\/www.jornalopcao.com.br\/wp-content\/uploads\/2022\/05\/celio-1-620x350.png\" srcset=\"https:\/\/www.jornalopcao.com.br\/wp-content\/uploads\/2022\/05\/celio-1.png 620w, https:\/\/www.jornalopcao.com.br\/wp-content\/uploads\/2022\/05\/celio-1-300x169.png 300w, https:\/\/www.jornalopcao.com.br\/wp-content\/uploads\/2022\/05\/celio-1-768x433.png 768w, https:\/\/www.jornalopcao.com.br\/wp-content\/uploads\/2022\/05\/celio-1-1320x745.png 1320w\" alt=\"C\u00e9lio Silveira\" width=\"620\" height=\"350\" \/>C\u00e9lio Silveira: o candidato com mais pega do Entorno do DF | Foto: Fernando Leite\n<p>O deputado federal \u00e9 o nome mais forte do emedebismo. Se o partido eleger apenas um parlamentar, \u00e9 bem poss\u00edvel que seja o pol\u00edtico de Luzi\u00e2nia \u2014 que \u00e9 o grande nome do Entorno de Bras\u00edlia. \u00c9 pule de dez em Luzi\u00e2nia e Valpara\u00edso de Goi\u00e1s.<\/p>\n<p class=\"has-text-align-center\"><strong>5\u00a0<\/strong><strong>Coronel Edson\/Avante<\/strong><\/p>\n<img loading=\"lazy\" decoding=\"async\" class=\"wp-image-401580 lazyloaded\" src=\"https:\/\/www.jornalopcao.com.br\/wp-content\/uploads\/2022\/05\/Coronel-Edson-Melo-e-Ronaldo-Caiado-1-620x413.jpeg\" srcset=\"https:\/\/www.jornalopcao.com.br\/wp-content\/uploads\/2022\/05\/Coronel-Edson-Melo-e-Ronaldo-Caiado-1-620x413.jpeg 620w, https:\/\/www.jornalopcao.com.br\/wp-content\/uploads\/2022\/05\/Coronel-Edson-Melo-e-Ronaldo-Caiado-1-300x200.jpeg 300w, https:\/\/www.jornalopcao.com.br\/wp-content\/uploads\/2022\/05\/Coronel-Edson-Melo-e-Ronaldo-Caiado-1-768x512.jpeg 768w, https:\/\/www.jornalopcao.com.br\/wp-content\/uploads\/2022\/05\/Coronel-Edson-Melo-e-Ronaldo-Caiado-1-600x400.jpeg 600w, https:\/\/www.jornalopcao.com.br\/wp-content\/uploads\/2022\/05\/Coronel-Edson-Melo-e-Ronaldo-Caiado-1.jpeg 1200w\" alt=\"\" width=\"620\" height=\"413\" \/>Coronel Edson Melo e o governador Ronaldo Caiado | Foto: Reprodu\u00e7\u00e3o\n<p>O militar comandou a opera\u00e7\u00e3o que ca\u00e7ou e matou o assassino L\u00e1zaro Barbosa. Tornou-se popular e, por isso, foi disputado por tr\u00eas partidos. Acredita-se que ser\u00e1 um dos mais votados.<\/p>\n<p class=\"has-text-align-center\"><strong>6\u00a0<\/strong><strong>Dannillo Pereira\/PSD<\/strong><\/p>\n<img loading=\"lazy\" decoding=\"async\" class=\"wp-image-390116 lazyloaded\" src=\"https:\/\/www.jornalopcao.com.br\/wp-content\/uploads\/2022\/03\/Lissauer-Vieira-e-Dannillo-Pereira-Foto-Divulgacao-do-PSD-e1648762230448-620x350.jpg\" srcset=\"https:\/\/www.jornalopcao.com.br\/wp-content\/uploads\/2022\/03\/Lissauer-Vieira-e-Dannillo-Pereira-Foto-Divulgacao-do-PSD-e1648762230448-620x350.jpg 620w, https:\/\/www.jornalopcao.com.br\/wp-content\/uploads\/2022\/03\/Lissauer-Vieira-e-Dannillo-Pereira-Foto-Divulgacao-do-PSD-e1648762230448-300x170.jpg 300w, https:\/\/www.jornalopcao.com.br\/wp-content\/uploads\/2022\/03\/Lissauer-Vieira-e-Dannillo-Pereira-Foto-Divulgacao-do-PSD-e1648762230448-768x434.jpg 768w, https:\/\/www.jornalopcao.com.br\/wp-content\/uploads\/2022\/03\/Lissauer-Vieira-e-Dannillo-Pereira-Foto-Divulgacao-do-PSD-e1648762230448-600x339.jpg 600w, https:\/\/www.jornalopcao.com.br\/wp-content\/uploads\/2022\/03\/Lissauer-Vieira-e-Dannillo-Pereira-Foto-Divulgacao-do-PSD-e1648762230448-1536x868.jpg 1536w, https:\/\/www.jornalopcao.com.br\/wp-content\/uploads\/2022\/03\/Lissauer-Vieira-e-Dannillo-Pereira-Foto-Divulgacao-do-PSD-e1648762230448-1320x746.jpg 1320w, https:\/\/www.jornalopcao.com.br\/wp-content\/uploads\/2022\/03\/Lissauer-Vieira-e-Dannillo-Pereira-Foto-Divulgacao-do-PSD-e1648762230448.jpg 1600w\" alt=\"\" width=\"620\" height=\"350\" \/>Lissauer Vieira e Dannillo Pereira | Foto: Divulga\u00e7\u00e3o do PSD\n<p>O vice-prefeito de Rio Verde \u00e9 apontado como um candidato consistente, sobretudo porque tem o apoio do prefeito Paulo do Vale. Por\u00e9m, os dois favoritos do PSD s\u00e3o Francisco J\u00fanior e Ismael Alexandrino.<\/p>\n<p class=\"has-text-align-center\"><strong>7\u00a0<\/strong><strong>Enio Tatico\/Podemos<\/strong><\/p>\n<img loading=\"lazy\" decoding=\"async\" class=\"wp-image-73180 lazyloaded\" src=\"https:\/\/www.jornalopcao.com.br\/wp-content\/uploads\/2016\/08\/enio-tatico-620x350.jpg\" srcset=\"https:\/\/www.jornalopcao.com.br\/wp-content\/uploads\/2016\/08\/enio-tatico.jpg 620w, https:\/\/www.jornalopcao.com.br\/wp-content\/uploads\/2016\/08\/enio-tatico-300x169.jpg 300w, https:\/\/www.jornalopcao.com.br\/wp-content\/uploads\/2016\/08\/enio-tatico-600x339.jpg 600w\" alt=\"\" width=\"620\" height=\"350\" \/>Enio Tatico: ex-deputado federal | Foto: Divulga\u00e7\u00e3o\n<p>O empres\u00e1rio \u00e9 a principal aposta do Podemos. O que se comenta \u00e9 que a chapa do partido n\u00e3o o ajuda. N\u00e3o ser\u00e1 f\u00e1cil o Podemos conquistar 170 mil votos \u2014 o necess\u00e1rio para eleger um deputado.<\/p>\n<p class=\"has-text-align-center\"><strong>8\u00a0<\/strong><strong>Fl\u00e1via Morais\/PDT<\/strong><\/p>\n<img loading=\"lazy\" decoding=\"async\" class=\"wp-image-385098 lazyloaded\" src=\"https:\/\/www.jornalopcao.com.br\/wp-content\/uploads\/2022\/03\/FAB-KC-390-1.png\" srcset=\"https:\/\/www.jornalopcao.com.br\/wp-content\/uploads\/2022\/03\/FAB-KC-390-1.png 620w, https:\/\/www.jornalopcao.com.br\/wp-content\/uploads\/2022\/03\/FAB-KC-390-1-300x169.png 300w, https:\/\/www.jornalopcao.com.br\/wp-content\/uploads\/2022\/03\/FAB-KC-390-1-600x339.png 600w\" alt=\"\" width=\"620\" height=\"350\" \/>Fl\u00e1via Morais: cotada para ser campe\u00e3 de voto | Foto: Divulga\u00e7\u00e3o\n<p>Sem Delegado Waldir Soares (que ser\u00e1 candidato a senador), h\u00e1 quem aposte que a deputada federal ser\u00e1 a mais votada do pleito de 2022. Em 2018, foi a segunda, exatamente atr\u00e1s de Delegado Waldir.<\/p>\n<p class=\"has-text-align-center\"><strong>9\u00a0<\/strong><strong>Francisco J\u00fanior\/PSD<\/strong><\/p>\n<img loading=\"lazy\" decoding=\"async\" class=\"wp-image-89310 lazyloaded\" src=\"https:\/\/www.jornalopcao.com.br\/wp-content\/uploads\/2017\/03\/francisco_junior-foto-fernando-leite--620x350.jpg\" srcset=\"https:\/\/www.jornalopcao.com.br\/wp-content\/uploads\/2017\/03\/francisco_junior-foto-fernando-leite-.jpg 620w, https:\/\/www.jornalopcao.com.br\/wp-content\/uploads\/2017\/03\/francisco_junior-foto-fernando-leite--300x169.jpg 300w, https:\/\/www.jornalopcao.com.br\/wp-content\/uploads\/2017\/03\/francisco_junior-foto-fernando-leite--600x339.jpg 600w\" alt=\"\" width=\"620\" height=\"350\" \/>Francisco Junior, deputado federal pelo PSD | Foto: F\u00e1bio Costa\/Jornal Op\u00e7\u00e3o\n<p>O deputado federal \u00e9 a principal aposta de seu partido. Se o PSD eleger apenas um parlamentar, acredita-se que ser\u00e1 o pol\u00edtico ligado \u00e0 ala conservadora da Igreja Cat\u00f3lica (Renova\u00e7\u00e3o Carism\u00e1tica).<\/p>\n<p class=\"has-text-align-center\"><strong>10\u00a0<\/strong><strong>Glaustin da Fokus\/PSC<\/strong><\/p>\n<img loading=\"lazy\" decoding=\"async\" class=\"wp-image-269128 lazyloaded\" src=\"https:\/\/www.jornalopcao.com.br\/wp-content\/uploads\/2020\/07\/5e0d5d2b-2a15-4f03-9eec-83d09bd4aaed-1024x682-1-e1595082647149-620x657.jpg\" alt=\"\" width=\"620\" height=\"657\" \/>Glaustin da Fokus: principal aposta do PSC | Foto: Divulga\u00e7\u00e3o\n<p>O deputado federal \u00e9 apontado como um candidato forte e com amplo apoio no interior. O problema \u00e9 seu partido, que n\u00e3o tem uma chapa consistente. O PSC, para eleger um parlamentar, precisa de 170 mil votos. H\u00e1 quem aposte que Glaustin ter\u00e1 cerca de 100 mil. Ficar\u00e3o faltando 70 mil votos.<\/p>\n<p class=\"has-text-align-center\"><strong>11\u00a0<\/strong><strong>Gustavo Gayer\/PL<\/strong><\/p>\n<img loading=\"lazy\" decoding=\"async\" class=\"wp-image-380590 lazyloaded\" src=\"https:\/\/www.jornalopcao.com.br\/wp-content\/uploads\/2022\/02\/gustavo-gayer-620x350.png\" srcset=\"https:\/\/www.jornalopcao.com.br\/wp-content\/uploads\/2022\/02\/gustavo-gayer.png 620w, https:\/\/www.jornalopcao.com.br\/wp-content\/uploads\/2022\/02\/gustavo-gayer-300x169.png 300w, https:\/\/www.jornalopcao.com.br\/wp-content\/uploads\/2022\/02\/gustavo-gayer-768x433.png 768w, https:\/\/www.jornalopcao.com.br\/wp-content\/uploads\/2022\/02\/gustavo-gayer-1320x745.png 1320w\" alt=\"\" width=\"620\" height=\"350\" \/>Gustavo Gayer: uma inc\u00f3gnita eleitoral | Foto: Divulga\u00e7\u00e3o\n<p>A respeito do youtuber o que se comenta \u00e9 o seguinte: tanto pode ter 200 mil quanto 60 mil votos. \u00c9 uma inc\u00f3gnita. Figura em todas as listas de favoritos do meio pol\u00edtico. O bolsonarista \u00e9 dos campe\u00f5es das redes sociais.<\/p>\n<p class=\"has-text-align-center\"><strong>12\u00a0<\/strong><strong>Ismael Alexandrino\/PSD<\/strong><\/p>\n<img loading=\"lazy\" decoding=\"async\" class=\"wp-image-353514 lazyloaded\" src=\"https:\/\/www.jornalopcao.com.br\/wp-content\/uploads\/2021\/09\/Foto-para-capa-Ismael-620x350.jpg\" srcset=\"https:\/\/www.jornalopcao.com.br\/wp-content\/uploads\/2021\/09\/Foto-para-capa-Ismael.jpg 620w, https:\/\/www.jornalopcao.com.br\/wp-content\/uploads\/2021\/09\/Foto-para-capa-Ismael-300x169.jpg 300w, https:\/\/www.jornalopcao.com.br\/wp-content\/uploads\/2021\/09\/Foto-para-capa-Ismael-768x433.jpg 768w, https:\/\/www.jornalopcao.com.br\/wp-content\/uploads\/2021\/09\/Foto-para-capa-Ismael-1320x745.jpg 1320w\" alt=\"\" width=\"620\" height=\"350\" \/>Ismael Alexandrino: m\u00e9dico e ex-secret\u00e1rio da Sa\u00fade de Goi\u00e1s l Foto: Reprodu\u00e7\u00e3o\n<p>O ex-secret\u00e1rio da Sa\u00fade do governo de Goi\u00e1s \u00e9 considerado um nome forte, sobretudo por causa de sua liga\u00e7\u00e3o com o governador Ronaldo Caiado.<\/p>\n<p class=\"has-text-align-center\"><strong>13\u00a0<\/strong><strong>Jeferson Rodrigues\/Republicanos<\/strong><\/p>\n<img loading=\"lazy\" decoding=\"async\" class=\"wp-image-83097 lazyloaded\" src=\"https:\/\/www.jornalopcao.com.br\/wp-content\/uploads\/2016\/12\/jeferson-rodrigues-620x350.jpg\" srcset=\"https:\/\/www.jornalopcao.com.br\/wp-content\/uploads\/2016\/12\/jeferson-rodrigues.jpg 620w, https:\/\/www.jornalopcao.com.br\/wp-content\/uploads\/2016\/12\/jeferson-rodrigues-300x169.jpg 300w, https:\/\/www.jornalopcao.com.br\/wp-content\/uploads\/2016\/12\/jeferson-rodrigues-600x339.jpg 600w\" alt=\"\" width=\"620\" height=\"350\" \/>Jeferson Rodrigues: principal aposta do Republicanos | Foto: Divulga\u00e7\u00e3o\n<p>O deputado federal \u00e9 a principal aposta do Republicanos e da Igreja Universal. Figura na lista dos favorit\u00edssimos.<\/p>\n<p class=\"has-text-align-center\"><strong>14\u00a0<\/strong><strong>Jos\u00e9 Nelto\/pP<\/strong><\/p>\n<img loading=\"lazy\" decoding=\"async\" class=\"wp-image-365057 lazyloaded\" src=\"https:\/\/www.jornalopcao.com.br\/wp-content\/uploads\/2021\/11\/CAPA-DAS-MATERIAS-1-1.webp\" srcset=\"https:\/\/www.jornalopcao.com.br\/wp-content\/uploads\/2021\/11\/CAPA-DAS-MATERIAS-1-1.webp 620w, https:\/\/www.jornalopcao.com.br\/wp-content\/uploads\/2021\/11\/CAPA-DAS-MATERIAS-1-1-300x169.webp 300w, https:\/\/www.jornalopcao.com.br\/wp-content\/uploads\/2021\/11\/CAPA-DAS-MATERIAS-1-1-600x339.webp 600w\" alt=\"\" width=\"620\" height=\"350\" \/>Jos\u00e9 Nelto: base eleitoral ampliada | Foto: Divulga\u00e7\u00e3o\n<p>H\u00e1 quem aposte que o deputado obter\u00e1 cerca de 100 mil votos \u2014 ampliando sua vota\u00e7\u00e3o em rela\u00e7\u00e3o \u00e0 elei\u00e7\u00e3o de 2018. \u00c9 a segunda principal aposta do Progressistas. A primeira \u00e9 Adriano do Baldy.<\/p>\n<p class=\"has-text-align-center\"><strong>15\u00a0<\/strong><strong>Leandro Ribeiro\/pP<\/strong><\/p>\n<img loading=\"lazy\" decoding=\"async\" class=\"wp-image-410012 lazyloaded\" src=\"https:\/\/www.jornalopcao.com.br\/wp-content\/uploads\/2022\/07\/Leandro-Ribeiro-620x350-1.webp\" srcset=\"https:\/\/www.jornalopcao.com.br\/wp-content\/uploads\/2022\/07\/Leandro-Ribeiro-620x350-1.webp 620w, https:\/\/www.jornalopcao.com.br\/wp-content\/uploads\/2022\/07\/Leandro-Ribeiro-620x350-1-300x169.webp 300w\" alt=\"\" width=\"620\" height=\"350\" \/>Leandro Ribeiro: vereador em An\u00e1polis | Foto: Divulga\u00e7\u00e3o\n<p>O vereador depende muito de sua principal base eleitoral, An\u00e1polis. Conta com um aliado de peso \u2014 o prefeito Roberto Naves, do pP. A ressalva \u00e9 que o partido tende a eleger apenas dois deputados federais.<\/p>\n<p class=\"has-text-align-center\"><strong>16\u00a0<\/strong><strong>L\u00eada Borges\/PSDB<\/strong><\/p>\n<img loading=\"lazy\" decoding=\"async\" class=\"wp-image-205241 lazyloaded\" src=\"https:\/\/www.jornalopcao.com.br\/wp-content\/uploads\/2019\/08\/L%C3%AAda-Borges-620x350.jpg\" srcset=\"https:\/\/www.jornalopcao.com.br\/wp-content\/uploads\/2019\/08\/L\u00eada-Borges.jpg 620w, https:\/\/www.jornalopcao.com.br\/wp-content\/uploads\/2019\/08\/L\u00eada-Borges-300x169.jpg 300w, https:\/\/www.jornalopcao.com.br\/wp-content\/uploads\/2019\/08\/L\u00eada-Borges-600x339.jpg 600w\" alt=\"\" width=\"620\" height=\"350\" \/>L\u00eada Borges: presen\u00e7a pol\u00edtica no Entorno de Bras\u00edlia | Foto: F\u00e1bio Costa\/Jornal Op\u00e7\u00e3o\n<p>A deputada estadual tem alguma for\u00e7a pol\u00edtica no Entorno de Bras\u00edlia e \u00e9 a principal aposta do ex-governador Marconi Perillo. Se o PSDB eleger dois parlamentares, ela deve estar entre eles. Se fizer um, h\u00e1 possibilidade de ficar fora da C\u00e2mara.<\/p>\n<p class=\"has-text-align-center\"><strong>17\u00a0<\/strong><strong>Lucas Verg\u00edlio\/Solidariedade<\/strong><\/p>\n<img loading=\"lazy\" decoding=\"async\" class=\"wp-image-409443 lazyloaded\" src=\"https:\/\/www.jornalopcao.com.br\/wp-content\/uploads\/2022\/07\/lucas-vergilio-foto-luis-macedo-.jpg\" srcset=\"https:\/\/www.jornalopcao.com.br\/wp-content\/uploads\/2022\/07\/lucas-vergilio-foto-luis-macedo-.jpg 620w, https:\/\/www.jornalopcao.com.br\/wp-content\/uploads\/2022\/07\/lucas-vergilio-foto-luis-macedo--300x169.jpg 300w, https:\/\/www.jornalopcao.com.br\/wp-content\/uploads\/2022\/07\/lucas-vergilio-foto-luis-macedo--600x339.jpg 600w\" alt=\"\" width=\"620\" height=\"350\" \/>Lucas Verg\u00edlio: pol\u00edtico e empres\u00e1rio | Foto: Divulga\u00e7\u00e3o\n<p>O deputado federal construiu uma base pol\u00edtico-eleitoral consistente no interior. O problema dele \u00e9 a chapa de candidatos a deputado, que n\u00e3o \u00e9 forte. Resta saber se a chapa vai obter 170 mil votos para eleg\u00ea-lo.<\/p>\n<p class=\"has-text-align-center\"><strong>18\u00a0<\/strong><strong>Magda Mofatto\/PL<\/strong><\/p>\n<img loading=\"lazy\" decoding=\"async\" class=\"wp-image-210139 lazyloaded\" src=\"https:\/\/www.jornalopcao.com.br\/wp-content\/uploads\/2019\/09\/Magda-Mofatto-111-e1568469957267-620x350.jpg\" srcset=\"https:\/\/www.jornalopcao.com.br\/wp-content\/uploads\/2019\/09\/Magda-Mofatto-111-e1568469957267-620x350.jpg 620w, https:\/\/www.jornalopcao.com.br\/wp-content\/uploads\/2019\/09\/Magda-Mofatto-111-e1568469957267-300x169.jpg 300w, https:\/\/www.jornalopcao.com.br\/wp-content\/uploads\/2019\/09\/Magda-Mofatto-111-e1568469957267-768x434.jpg 768w, https:\/\/www.jornalopcao.com.br\/wp-content\/uploads\/2019\/09\/Magda-Mofatto-111-e1568469957267-600x339.jpg 600w, https:\/\/www.jornalopcao.com.br\/wp-content\/uploads\/2019\/09\/Magda-Mofatto-111-e1568469957267.jpg 1080w\" alt=\"\" width=\"620\" height=\"350\" \/>Magda Mofatto: uma das apostas do PL | Foto: Divulga\u00e7\u00e3o\n<p>A deputada federal n\u00e3o tem d\u00f3 de gastar parte de seus milh\u00f5es em campanhas eleitorais. Como \u201centrou\u201d em Aparecida de Goi\u00e2nia, nos bra\u00e7os de Gustavo Mendanha, ficou ainda mais forte.<\/p>\n<p class=\"has-text-align-center\"><strong>19\u00a0<\/strong><strong>Major Hugo Christiani\/PL<\/strong><\/p>\n<img loading=\"lazy\" decoding=\"async\" class=\"wp-image-403474 lazyloaded\" src=\"https:\/\/www.jornalopcao.com.br\/wp-content\/uploads\/2022\/06\/Hugo-Christiani-na-tribo-Massai-na-Tanzania-de-620-po-350.jpeg\" srcset=\"https:\/\/www.jornalopcao.com.br\/wp-content\/uploads\/2022\/06\/Hugo-Christiani-na-tribo-Massai-na-Tanzania-de-620-po-350.jpeg 620w, https:\/\/www.jornalopcao.com.br\/wp-content\/uploads\/2022\/06\/Hugo-Christiani-na-tribo-Massai-na-Tanzania-de-620-po-350-300x169.jpeg 300w, https:\/\/www.jornalopcao.com.br\/wp-content\/uploads\/2022\/06\/Hugo-Christiani-na-tribo-Massai-na-Tanzania-de-620-po-350-600x339.jpeg 600w\" alt=\"\" width=\"620\" height=\"350\" \/>Hugo Christiani: major do Ex\u00e9rcito | Foto: Divulga\u00e7\u00e3o\n<p>\u00c9 apontado como o candidato do presidente Jair Bolsonaro e do candidato a governador pelo PL, Major Vitor Hugo. Ele fez curso em \u00c1guas Negras e \u00e9 considerado articulado. Seu problema \u00e9 que o PL tem tr\u00eas candidatos fortes: Gustavo Gayer, Magda Mofatto e Professor Alcides. O partido pode at\u00e9 eleger tr\u00eas parlamentares, mas dificilmente eleger\u00e1 quatro.<\/p>\n<p class=\"has-text-align-center\"><strong>20\u00a0<\/strong><strong>M\u00e1rcio Corr\u00eaa\/MDB<\/strong><\/p>\n<img loading=\"lazy\" decoding=\"async\" class=\"wp-image-303194 lazyloaded\" src=\"https:\/\/www.jornalopcao.com.br\/wp-content\/uploads\/2020\/12\/Marcio-Correa-MDB-An%C3%A1polis-Foto-arquivo-pessoal-620x351.jpg\" srcset=\"https:\/\/www.jornalopcao.com.br\/wp-content\/uploads\/2020\/12\/Marcio-Correa-MDB-An\u00e1polis-Foto-arquivo-pessoal.jpg 620w, https:\/\/www.jornalopcao.com.br\/wp-content\/uploads\/2020\/12\/Marcio-Correa-MDB-An\u00e1polis-Foto-arquivo-pessoal-300x169.jpg 300w, https:\/\/www.jornalopcao.com.br\/wp-content\/uploads\/2020\/12\/Marcio-Correa-MDB-An\u00e1polis-Foto-arquivo-pessoal-768x434.jpg 768w, https:\/\/www.jornalopcao.com.br\/wp-content\/uploads\/2020\/12\/Marcio-Correa-MDB-An\u00e1polis-Foto-arquivo-pessoal-1320x747.jpg 1320w\" alt=\"\" width=\"620\" height=\"351\" \/>M\u00e1rcio Corr\u00eaa: uma das apostas pol\u00edticas de An\u00e1polis | Foto: arquivo pessoal\n<p>Se o MDB eleger dois deputados federais, a tend\u00eancia \u00e9 que o emedebista seja um deles. Por\u00e9m, se fizer apenas um, a tend\u00eancia \u00e9 que seja C\u00e9lio Silveira, mais experiente politicamente (articula h\u00e1 mais tempo na pol\u00edtica de Goi\u00e1s, notadamente no Entorno de Bras\u00edlia).<\/p>\n<p class=\"has-text-align-center\"><strong>21\u00a0<\/strong><strong>Marussa Boldrin\/MDB<\/strong><\/p>\n<img loading=\"lazy\" decoding=\"async\" class=\"wp-image-403876 lazyloaded\" src=\"https:\/\/www.jornalopcao.com.br\/wp-content\/uploads\/2022\/06\/Marussa-Boldrin-e-Jose-Mario-Schreiner-14-Foto-Divulgacao-620-por-350.jpeg\" srcset=\"https:\/\/www.jornalopcao.com.br\/wp-content\/uploads\/2022\/06\/Marussa-Boldrin-e-Jose-Mario-Schreiner-14-Foto-Divulgacao-620-por-350.jpeg 620w, https:\/\/www.jornalopcao.com.br\/wp-content\/uploads\/2022\/06\/Marussa-Boldrin-e-Jose-Mario-Schreiner-14-Foto-Divulgacao-620-por-350-300x169.jpeg 300w, https:\/\/www.jornalopcao.com.br\/wp-content\/uploads\/2022\/06\/Marussa-Boldrin-e-Jose-Mario-Schreiner-14-Foto-Divulgacao-620-por-350-600x339.jpeg 600w\" alt=\"\" width=\"620\" height=\"350\" \/>Marussa Boldrin e Jos\u00e9 M\u00e1rio Schreiner: candidata do agroneg\u00f3cio | Foto: Divulga\u00e7\u00e3o do MDB\n<p>A pedra no seu caminho \u00e9 Dannillo Pereira, candidato do PSD. Porque os dois s\u00e3o de Rio Verde, munic\u00edpio que tem 140.230 eleitores. Por ser vice-prefeito, al\u00e9m de bancado pelo prefeito Paulo do Vale, tende a ser mais votado. Jos\u00e9 M\u00e1rio Schreiner, deputado federal e presidente da Federa\u00e7\u00e3o da Agricultura do Estado de Goi\u00e1s (Faeg), \u00e9 seu principal general eleitoral. \u00c9 uma das apostas do agroneg\u00f3cio.<\/p>\n<p class=\"has-text-align-center\"><strong>22\u00a0<\/strong><strong>Professor Alcides Ribeiro\/PT<\/strong><\/p>\n<img loading=\"lazy\" decoding=\"async\" class=\"wp-image-40209 lazyloaded\" src=\"https:\/\/www.jornalopcao.com.br\/wp-content\/uploads\/2015\/07\/33-620x350.jpg\" srcset=\"https:\/\/www.jornalopcao.com.br\/wp-content\/uploads\/2015\/07\/33.jpg 620w, https:\/\/www.jornalopcao.com.br\/wp-content\/uploads\/2015\/07\/33-300x169.jpg 300w, https:\/\/www.jornalopcao.com.br\/wp-content\/uploads\/2015\/07\/33-600x339.jpg 600w\" alt=\"\" width=\"620\" height=\"350\" \/>Professor Alcides: um dos nomes fortes do PL | Foto: Divulga\u00e7\u00e3o\n<p>O deputado federal montou uma estrutura pol\u00edtico-eleitoral gigante em todo o Estado de Goi\u00e1s. Sua principal for\u00e7a reside em Aparecida de Goi\u00e2nia. Apesar da invas\u00e3o de Magda Mofatto, ele continua forte no munic\u00edpio, com o apoio de cerca de 10 vereadores.<\/p>\n<p class=\"has-text-align-center\"><strong>23\u00a0<\/strong><strong>Rafael Gouveia\/Republicanos<\/strong><\/p>\n<img loading=\"lazy\" decoding=\"async\" class=\"wp-image-162487 lazyloaded\" src=\"https:\/\/www.jornalopcao.com.br\/wp-content\/uploads\/2019\/02\/Rafael-Gouveia-620x350.jpeg\" srcset=\"https:\/\/www.jornalopcao.com.br\/wp-content\/uploads\/2019\/02\/Rafael-Gouveia.jpeg 620w, https:\/\/www.jornalopcao.com.br\/wp-content\/uploads\/2019\/02\/Rafael-Gouveia-300x169.jpeg 300w, https:\/\/www.jornalopcao.com.br\/wp-content\/uploads\/2019\/02\/Rafael-Gouveia-600x339.jpeg 600w\" alt=\"\" width=\"620\" height=\"350\" \/>Rafael Gouveia: nome forte da Assembleia de Deus-Vila Nova | Foto: Divulga\u00e7\u00e3o\n<p>Ligado \u00e0 Assembleia de Deus-Vila Nova, o deputado estadual ocupa o v\u00e1cuo deixado pelo deputado federal Jo\u00e3o Campos (candidato a senador).<\/p>\n<p class=\"has-text-align-center\"><strong>24\u00a0<\/strong><strong>Rubens Otoni\/PT<\/strong><\/p>\n<img loading=\"lazy\" decoding=\"async\" class=\"wp-image-252968 lazyloaded\" src=\"https:\/\/www.jornalopcao.com.br\/wp-content\/uploads\/2020\/05\/Rubens-Otoni-Foto-Cleia-Viana-C%C3%A2mara-dos-Deputados.jpg\" srcset=\"https:\/\/www.jornalopcao.com.br\/wp-content\/uploads\/2020\/05\/Rubens-Otoni-Foto-Cleia-Viana-C\u00e2mara-dos-Deputados.jpg 620w, https:\/\/www.jornalopcao.com.br\/wp-content\/uploads\/2020\/05\/Rubens-Otoni-Foto-Cleia-Viana-C\u00e2mara-dos-Deputados-300x169.jpg 300w, https:\/\/www.jornalopcao.com.br\/wp-content\/uploads\/2020\/05\/Rubens-Otoni-Foto-Cleia-Viana-C\u00e2mara-dos-Deputados-600x339.jpg 600w\" alt=\"\" width=\"620\" height=\"350\" \/>Rubens Otoni, deputado federal do PT | Foto: Cleia Viana\/C\u00e2mara dos Deputados\n<p>O deputado federal \u00e9 sempre eleito. Porque \u00e9 um pol\u00edtico presente em praticamente todos os munic\u00edpios de Goi\u00e1s. O PT tende a eleger dois parlamentares. Um tende a ser ele.<\/p>\n<p class=\"has-text-align-center\"><strong>25\u00a0<\/strong><strong>Silvye Alves\/Uni\u00e3o Brasil<\/strong><\/p>\n<img loading=\"lazy\" decoding=\"async\" class=\"wp-image-398339 lazyloaded\" src=\"https:\/\/www.jornalopcao.com.br\/wp-content\/uploads\/2022\/05\/silvye.png\" srcset=\"https:\/\/www.jornalopcao.com.br\/wp-content\/uploads\/2022\/05\/silvye.png 620w, https:\/\/www.jornalopcao.com.br\/wp-content\/uploads\/2022\/05\/silvye-300x169.png 300w, https:\/\/www.jornalopcao.com.br\/wp-content\/uploads\/2022\/05\/silvye-600x339.png 600w\" alt=\"\" width=\"620\" height=\"350\" \/>Silvye Alves: ex-apresentadora da TV Record l Foto: Reprodu\u00e7\u00e3o\n<p>A jornalista \u00e9 popular e h\u00e1 quem aposte que ter\u00e1 cerca de 150 mil votos (ou at\u00e9 mais; comenta-se que pode se tornar a Delegado Waldir de saia). O Uni\u00e3o Brasil tende a eleger dois deputados: a ex-apresentadora da TV Record e o m\u00e9dico Zacharias Calil. Se os dois forem muito bem votados, o Uni\u00e3o Brasil poder\u00e1 eleger at\u00e9 tr\u00eas parlamentares.<\/p>\n<p class=\"has-text-align-center\"><strong>26\u00a0<\/strong><strong>Yuri Tejota\/Podemos<\/strong><\/p>\n<img loading=\"lazy\" decoding=\"async\" class=\"wp-image-394026 lazyloaded\" src=\"https:\/\/www.jornalopcao.com.br\/wp-content\/uploads\/2022\/04\/Yuri-Tejota-111-de-620-a-350.png\" srcset=\"https:\/\/www.jornalopcao.com.br\/wp-content\/uploads\/2022\/04\/Yuri-Tejota-111-de-620-a-350.png 620w, https:\/\/www.jornalopcao.com.br\/wp-content\/uploads\/2022\/04\/Yuri-Tejota-111-de-620-a-350-300x169.png 300w, https:\/\/www.jornalopcao.com.br\/wp-content\/uploads\/2022\/04\/Yuri-Tejota-111-de-620-a-350-600x339.png 600w\" alt=\"\" width=\"620\" height=\"350\" \/>Yuri Tejota: empres\u00e1rio | Foto: Fernando Leite\/Jornal Op\u00e7\u00e3o\n<p>\u00c9 uma das apostas do Podemos. Ele \u00e9 filho do conselheiro Sebasti\u00e3o Tejota, do Tribunal de Contas do Estado (TCE), e irm\u00e3o do vice-governador de Goi\u00e1s, Lincoln Tejota (Uni\u00e3o Brasil).<\/p>\n<p class=\"has-text-align-center\"><strong>27\u00a0<\/strong><strong>Zacharias Calil\/Uni\u00e3o Brasil<\/strong><\/p>\n<img loading=\"lazy\" decoding=\"async\" class=\"wp-image-376008 lazyloaded\" src=\"https:\/\/www.jornalopcao.com.br\/wp-content\/uploads\/2022\/01\/CAPA-DAS-MATERIAS-8-3.png\" srcset=\"https:\/\/www.jornalopcao.com.br\/wp-content\/uploads\/2022\/01\/CAPA-DAS-MATERIAS-8-3.png 620w, https:\/\/www.jornalopcao.com.br\/wp-content\/uploads\/2022\/01\/CAPA-DAS-MATERIAS-8-3-300x169.png 300w, https:\/\/www.jornalopcao.com.br\/wp-content\/uploads\/2022\/01\/CAPA-DAS-MATERIAS-8-3-600x339.png 600w\" alt=\"\" width=\"620\" height=\"350\" \/>Zacharias Calil: m\u00e9dico e deputado federal | Foto: Jornal Op\u00e7\u00e3o\n<p>Eis um pol\u00edtico diferenciado. N\u00e3o d\u00e1 tapinhas nas costas. N\u00e3o faz promessas v\u00e3s. N\u00e3o arranja dinheiro para aliados. Em 2018, foi o mais votado. Em 2020, h\u00e1 quem postule quem tanto pode ser um dos mais votados, com vota\u00e7\u00e3o acima de 200 mil votos, quanto ter uma vota\u00e7\u00e3o menor do que h\u00e1 quatro anos. Ele tem o voto de opini\u00e3o \u2014 que tanto pode ser mantido quanto retirado.<br \/>\n<\/p>\n","protected":false},"excerpt":{"rendered":"<p>Fl\u00e1via Morais, Silvye Alves, Zacharias Calil, Jeferson Rodrigues, Matheus Ribeiro, Adriana Accorsi, Coronel Edson e Gustavo Gayer s\u00e3o as oito principais apostas A C\u00e2mara dos Deputados conta com 17 parlamentares de Goi\u00e1s. Portanto, a disputa eleitoral \u00e9 uma guerra e \u00e9, por isso, que experts em pol\u00edtica dizem que s\u00e3o os candidatos a deputado federal<\/p>\n","protected":false},"author":2,"featured_media":21825,"comment_status":"open","ping_status":"open","sticky":false,"template":"","format":"standard","meta":{"footnotes":""},"categories":[27,22,26,23],"tags":[],"class_list":["post-21821","post","type-post","status-publish","format-standard","has-post-thumbnail","hentry","category-brasil","category-catalao","category-destaque","category-goias"],"yoast_head":"<!-- This site is optimized with the Yoast SEO plugin v25.8 - https:\/\/yoast.com\/wordpress\/plugins\/seo\/ -->\n<title>27 candidatos fortes para deputado federal em Goi\u00e1s. Confira tamb\u00e9m os superfavoritos - Jornal Ultimos Acontecimentos<\/title>\n<meta name=\"robots\" content=\"index, follow, max-snippet:-1, max-image-preview:large, max-video-preview:-1\" \/>\n<link rel=\"canonical\" href=\"https:\/\/juacontecimentos.com.br\/site\/27-candidatos-fortes-para-deputado-federal-em-goias-confira-tambem-os-superfavoritos\/\" \/>\n<meta property=\"og:locale\" content=\"pt_BR\" \/>\n<meta property=\"og:type\" content=\"article\" \/>\n<meta property=\"og:title\" content=\"27 candidatos fortes para deputado federal em Goi\u00e1s. Confira tamb\u00e9m os superfavoritos - Jornal Ultimos Acontecimentos\" \/>\n<meta property=\"og:description\" content=\"Fl\u00e1via Morais, Silvye Alves, Zacharias Calil, Jeferson Rodrigues, Matheus Ribeiro, Adriana Accorsi, Coronel Edson e Gustavo Gayer s\u00e3o as oito principais apostas A C\u00e2mara dos Deputados conta com 17 parlamentares de Goi\u00e1s. Portanto, a disputa eleitoral \u00e9 uma guerra e \u00e9, por isso, que experts em pol\u00edtica dizem que s\u00e3o os candidatos a deputado federal\" \/>\n<meta property=\"og:url\" content=\"https:\/\/juacontecimentos.com.br\/site\/27-candidatos-fortes-para-deputado-federal-em-goias-confira-tambem-os-superfavoritos\/\" \/>\n<meta property=\"og:site_name\" content=\"Jornal Ultimos Acontecimentos\" \/>\n<meta property=\"article:publisher\" content=\"https:\/\/www.facebook.com\/jultimosacontecimentos\/\" \/>\n<meta property=\"article:published_time\" content=\"2022-08-17T14:29:47+00:00\" \/>\n<meta property=\"article:modified_time\" content=\"2022-08-17T14:34:08+00:00\" \/>\n<meta property=\"og:image\" content=\"https:\/\/juacontecimentos.com.br\/site\/wp-content\/uploads\/2022\/08\/silvye-alves-ss.jpg\" \/>\n\t<meta property=\"og:image:width\" content=\"620\" \/>\n\t<meta property=\"og:image:height\" content=\"350\" \/>\n\t<meta property=\"og:image:type\" content=\"image\/jpeg\" \/>\n<meta name=\"author\" content=\"Reginaldo Ribeiro\" \/>\n<meta name=\"twitter:card\" content=\"summary_large_image\" \/>\n<meta name=\"twitter:label1\" content=\"Escrito por\" \/>\n\t<meta name=\"twitter:data1\" content=\"Reginaldo Ribeiro\" \/>\n\t<meta name=\"twitter:label2\" content=\"Est. tempo de leitura\" \/>\n\t<meta name=\"twitter:data2\" content=\"9 minutos\" \/>\n<script type=\"application\/ld+json\" class=\"yoast-schema-graph\">{\"@context\":\"https:\/\/schema.org\",\"@graph\":[{\"@type\":\"Article\",\"@id\":\"https:\/\/juacontecimentos.com.br\/site\/27-candidatos-fortes-para-deputado-federal-em-goias-confira-tambem-os-superfavoritos\/#article\",\"isPartOf\":{\"@id\":\"https:\/\/juacontecimentos.com.br\/site\/27-candidatos-fortes-para-deputado-federal-em-goias-confira-tambem-os-superfavoritos\/\"},\"author\":{\"name\":\"Reginaldo Ribeiro\",\"@id\":\"https:\/\/juacontecimentos.com.br\/site\/#\/schema\/person\/082a54e6d3fdd7a633291428521c9669\"},\"headline\":\"27 candidatos fortes para deputado federal em Goi\u00e1s. Confira tamb\u00e9m os superfavoritos\",\"datePublished\":\"2022-08-17T14:29:47+00:00\",\"dateModified\":\"2022-08-17T14:34:08+00:00\",\"mainEntityOfPage\":{\"@id\":\"https:\/\/juacontecimentos.com.br\/site\/27-candidatos-fortes-para-deputado-federal-em-goias-confira-tambem-os-superfavoritos\/\"},\"wordCount\":1818,\"commentCount\":0,\"publisher\":{\"@id\":\"https:\/\/juacontecimentos.com.br\/site\/#organization\"},\"image\":{\"@id\":\"https:\/\/juacontecimentos.com.br\/site\/27-candidatos-fortes-para-deputado-federal-em-goias-confira-tambem-os-superfavoritos\/#primaryimage\"},\"thumbnailUrl\":\"https:\/\/juacontecimentos.com.br\/site\/wp-content\/uploads\/2022\/08\/silvye-alves-ss.jpg\",\"articleSection\":[\"Brasil\",\"Catal\u00e3o\",\"Destaque\",\"Goi\u00e1s\"],\"inLanguage\":\"pt-BR\"},{\"@type\":\"WebPage\",\"@id\":\"https:\/\/juacontecimentos.com.br\/site\/27-candidatos-fortes-para-deputado-federal-em-goias-confira-tambem-os-superfavoritos\/\",\"url\":\"https:\/\/juacontecimentos.com.br\/site\/27-candidatos-fortes-para-deputado-federal-em-goias-confira-tambem-os-superfavoritos\/\",\"name\":\"27 candidatos fortes para deputado federal em Goi\u00e1s. Confira tamb\u00e9m os superfavoritos - Jornal Ultimos Acontecimentos\",\"isPartOf\":{\"@id\":\"https:\/\/juacontecimentos.com.br\/site\/#website\"},\"primaryImageOfPage\":{\"@id\":\"https:\/\/juacontecimentos.com.br\/site\/27-candidatos-fortes-para-deputado-federal-em-goias-confira-tambem-os-superfavoritos\/#primaryimage\"},\"image\":{\"@id\":\"https:\/\/juacontecimentos.com.br\/site\/27-candidatos-fortes-para-deputado-federal-em-goias-confira-tambem-os-superfavoritos\/#primaryimage\"},\"thumbnailUrl\":\"https:\/\/juacontecimentos.com.br\/site\/wp-content\/uploads\/2022\/08\/silvye-alves-ss.jpg\",\"datePublished\":\"2022-08-17T14:29:47+00:00\",\"dateModified\":\"2022-08-17T14:34:08+00:00\",\"breadcrumb\":{\"@id\":\"https:\/\/juacontecimentos.com.br\/site\/27-candidatos-fortes-para-deputado-federal-em-goias-confira-tambem-os-superfavoritos\/#breadcrumb\"},\"inLanguage\":\"pt-BR\",\"potentialAction\":[{\"@type\":\"ReadAction\",\"target\":[\"https:\/\/juacontecimentos.com.br\/site\/27-candidatos-fortes-para-deputado-federal-em-goias-confira-tambem-os-superfavoritos\/\"]}]},{\"@type\":\"ImageObject\",\"inLanguage\":\"pt-BR\",\"@id\":\"https:\/\/juacontecimentos.com.br\/site\/27-candidatos-fortes-para-deputado-federal-em-goias-confira-tambem-os-superfavoritos\/#primaryimage\",\"url\":\"https:\/\/juacontecimentos.com.br\/site\/wp-content\/uploads\/2022\/08\/silvye-alves-ss.jpg\",\"contentUrl\":\"https:\/\/juacontecimentos.com.br\/site\/wp-content\/uploads\/2022\/08\/silvye-alves-ss.jpg\",\"width\":620,\"height\":350,\"caption\":\"Silvye Alves: candidata a deputada federal pelo Uni\u00e3o Brasil | Foto: Divulga\u00e7\u00e3o\"},{\"@type\":\"BreadcrumbList\",\"@id\":\"https:\/\/juacontecimentos.com.br\/site\/27-candidatos-fortes-para-deputado-federal-em-goias-confira-tambem-os-superfavoritos\/#breadcrumb\",\"itemListElement\":[{\"@type\":\"ListItem\",\"position\":1,\"name\":\"In\u00edcio\",\"item\":\"https:\/\/juacontecimentos.com.br\/site\/\"},{\"@type\":\"ListItem\",\"position\":2,\"name\":\"27 candidatos fortes para deputado federal em Goi\u00e1s. Confira tamb\u00e9m os superfavoritos\"}]},{\"@type\":\"WebSite\",\"@id\":\"https:\/\/juacontecimentos.com.br\/site\/#website\",\"url\":\"https:\/\/juacontecimentos.com.br\/site\/\",\"name\":\"Jornal Ultimos Acontecimentos\",\"description\":\"Catal\u00e3o e regi\u00e3o\",\"publisher\":{\"@id\":\"https:\/\/juacontecimentos.com.br\/site\/#organization\"},\"potentialAction\":[{\"@type\":\"SearchAction\",\"target\":{\"@type\":\"EntryPoint\",\"urlTemplate\":\"https:\/\/juacontecimentos.com.br\/site\/?s={search_term_string}\"},\"query-input\":{\"@type\":\"PropertyValueSpecification\",\"valueRequired\":true,\"valueName\":\"search_term_string\"}}],\"inLanguage\":\"pt-BR\"},{\"@type\":\"Organization\",\"@id\":\"https:\/\/juacontecimentos.com.br\/site\/#organization\",\"name\":\"Jornal Ultimos Acontecimentos\",\"url\":\"https:\/\/juacontecimentos.com.br\/site\/\",\"logo\":{\"@type\":\"ImageObject\",\"inLanguage\":\"pt-BR\",\"@id\":\"https:\/\/juacontecimentos.com.br\/site\/#\/schema\/logo\/image\/\",\"url\":\"https:\/\/juacontecimentos.com.br\/site\/wp-content\/uploads\/2023\/04\/Logo_Site.png\",\"contentUrl\":\"https:\/\/juacontecimentos.com.br\/site\/wp-content\/uploads\/2023\/04\/Logo_Site.png\",\"width\":2476,\"height\":530,\"caption\":\"Jornal Ultimos Acontecimentos\"},\"image\":{\"@id\":\"https:\/\/juacontecimentos.com.br\/site\/#\/schema\/logo\/image\/\"},\"sameAs\":[\"https:\/\/www.facebook.com\/jultimosacontecimentos\/\"]},{\"@type\":\"Person\",\"@id\":\"https:\/\/juacontecimentos.com.br\/site\/#\/schema\/person\/082a54e6d3fdd7a633291428521c9669\",\"name\":\"Reginaldo Ribeiro\",\"image\":{\"@type\":\"ImageObject\",\"inLanguage\":\"pt-BR\",\"@id\":\"https:\/\/juacontecimentos.com.br\/site\/#\/schema\/person\/image\/\",\"url\":\"https:\/\/secure.gravatar.com\/avatar\/5c16c6837c3490270a74d888c2a845728f06bdde1f8761de1de1d1d1ef82d12f?s=96&d=mm&r=g\",\"contentUrl\":\"https:\/\/secure.gravatar.com\/avatar\/5c16c6837c3490270a74d888c2a845728f06bdde1f8761de1de1d1d1ef82d12f?s=96&d=mm&r=g\",\"caption\":\"Reginaldo Ribeiro\"}}]}<\/script>\n<!-- \/ Yoast SEO plugin. -->","yoast_head_json":{"title":"27 candidatos fortes para deputado federal em Goi\u00e1s. Confira tamb\u00e9m os superfavoritos - Jornal Ultimos Acontecimentos","robots":{"index":"index","follow":"follow","max-snippet":"max-snippet:-1","max-image-preview":"max-image-preview:large","max-video-preview":"max-video-preview:-1"},"canonical":"https:\/\/juacontecimentos.com.br\/site\/27-candidatos-fortes-para-deputado-federal-em-goias-confira-tambem-os-superfavoritos\/","og_locale":"pt_BR","og_type":"article","og_title":"27 candidatos fortes para deputado federal em Goi\u00e1s. Confira tamb\u00e9m os superfavoritos - Jornal Ultimos Acontecimentos","og_description":"Fl\u00e1via Morais, Silvye Alves, Zacharias Calil, Jeferson Rodrigues, Matheus Ribeiro, Adriana Accorsi, Coronel Edson e Gustavo Gayer s\u00e3o as oito principais apostas A C\u00e2mara dos Deputados conta com 17 parlamentares de Goi\u00e1s. Portanto, a disputa eleitoral \u00e9 uma guerra e \u00e9, por isso, que experts em pol\u00edtica dizem que s\u00e3o os candidatos a deputado federal","og_url":"https:\/\/juacontecimentos.com.br\/site\/27-candidatos-fortes-para-deputado-federal-em-goias-confira-tambem-os-superfavoritos\/","og_site_name":"Jornal Ultimos Acontecimentos","article_publisher":"https:\/\/www.facebook.com\/jultimosacontecimentos\/","article_published_time":"2022-08-17T14:29:47+00:00","article_modified_time":"2022-08-17T14:34:08+00:00","og_image":[{"width":620,"height":350,"url":"https:\/\/juacontecimentos.com.br\/site\/wp-content\/uploads\/2022\/08\/silvye-alves-ss.jpg","type":"image\/jpeg"}],"author":"Reginaldo Ribeiro","twitter_card":"summary_large_image","twitter_misc":{"Escrito por":"Reginaldo Ribeiro","Est. tempo de leitura":"9 minutos"},"schema":{"@context":"https:\/\/schema.org","@graph":[{"@type":"Article","@id":"https:\/\/juacontecimentos.com.br\/site\/27-candidatos-fortes-para-deputado-federal-em-goias-confira-tambem-os-superfavoritos\/#article","isPartOf":{"@id":"https:\/\/juacontecimentos.com.br\/site\/27-candidatos-fortes-para-deputado-federal-em-goias-confira-tambem-os-superfavoritos\/"},"author":{"name":"Reginaldo Ribeiro","@id":"https:\/\/juacontecimentos.com.br\/site\/#\/schema\/person\/082a54e6d3fdd7a633291428521c9669"},"headline":"27 candidatos fortes para deputado federal em Goi\u00e1s. Confira tamb\u00e9m os superfavoritos","datePublished":"2022-08-17T14:29:47+00:00","dateModified":"2022-08-17T14:34:08+00:00","mainEntityOfPage":{"@id":"https:\/\/juacontecimentos.com.br\/site\/27-candidatos-fortes-para-deputado-federal-em-goias-confira-tambem-os-superfavoritos\/"},"wordCount":1818,"commentCount":0,"publisher":{"@id":"https:\/\/juacontecimentos.com.br\/site\/#organization"},"image":{"@id":"https:\/\/juacontecimentos.com.br\/site\/27-candidatos-fortes-para-deputado-federal-em-goias-confira-tambem-os-superfavoritos\/#primaryimage"},"thumbnailUrl":"https:\/\/juacontecimentos.com.br\/site\/wp-content\/uploads\/2022\/08\/silvye-alves-ss.jpg","articleSection":["Brasil","Catal\u00e3o","Destaque","Goi\u00e1s"],"inLanguage":"pt-BR"},{"@type":"WebPage","@id":"https:\/\/juacontecimentos.com.br\/site\/27-candidatos-fortes-para-deputado-federal-em-goias-confira-tambem-os-superfavoritos\/","url":"https:\/\/juacontecimentos.com.br\/site\/27-candidatos-fortes-para-deputado-federal-em-goias-confira-tambem-os-superfavoritos\/","name":"27 candidatos fortes para deputado federal em Goi\u00e1s. Confira tamb\u00e9m os superfavoritos - Jornal Ultimos Acontecimentos","isPartOf":{"@id":"https:\/\/juacontecimentos.com.br\/site\/#website"},"primaryImageOfPage":{"@id":"https:\/\/juacontecimentos.com.br\/site\/27-candidatos-fortes-para-deputado-federal-em-goias-confira-tambem-os-superfavoritos\/#primaryimage"},"image":{"@id":"https:\/\/juacontecimentos.com.br\/site\/27-candidatos-fortes-para-deputado-federal-em-goias-confira-tambem-os-superfavoritos\/#primaryimage"},"thumbnailUrl":"https:\/\/juacontecimentos.com.br\/site\/wp-content\/uploads\/2022\/08\/silvye-alves-ss.jpg","datePublished":"2022-08-17T14:29:47+00:00","dateModified":"2022-08-17T14:34:08+00:00","breadcrumb":{"@id":"https:\/\/juacontecimentos.com.br\/site\/27-candidatos-fortes-para-deputado-federal-em-goias-confira-tambem-os-superfavoritos\/#breadcrumb"},"inLanguage":"pt-BR","potentialAction":[{"@type":"ReadAction","target":["https:\/\/juacontecimentos.com.br\/site\/27-candidatos-fortes-para-deputado-federal-em-goias-confira-tambem-os-superfavoritos\/"]}]},{"@type":"ImageObject","inLanguage":"pt-BR","@id":"https:\/\/juacontecimentos.com.br\/site\/27-candidatos-fortes-para-deputado-federal-em-goias-confira-tambem-os-superfavoritos\/#primaryimage","url":"https:\/\/juacontecimentos.com.br\/site\/wp-content\/uploads\/2022\/08\/silvye-alves-ss.jpg","contentUrl":"https:\/\/juacontecimentos.com.br\/site\/wp-content\/uploads\/2022\/08\/silvye-alves-ss.jpg","width":620,"height":350,"caption":"Silvye Alves: candidata a deputada federal pelo Uni\u00e3o Brasil | Foto: Divulga\u00e7\u00e3o"},{"@type":"BreadcrumbList","@id":"https:\/\/juacontecimentos.com.br\/site\/27-candidatos-fortes-para-deputado-federal-em-goias-confira-tambem-os-superfavoritos\/#breadcrumb","itemListElement":[{"@type":"ListItem","position":1,"name":"In\u00edcio","item":"https:\/\/juacontecimentos.com.br\/site\/"},{"@type":"ListItem","position":2,"name":"27 candidatos fortes para deputado federal em Goi\u00e1s. Confira tamb\u00e9m os superfavoritos"}]},{"@type":"WebSite","@id":"https:\/\/juacontecimentos.com.br\/site\/#website","url":"https:\/\/juacontecimentos.com.br\/site\/","name":"Jornal Ultimos Acontecimentos","description":"Catal\u00e3o e regi\u00e3o","publisher":{"@id":"https:\/\/juacontecimentos.com.br\/site\/#organization"},"potentialAction":[{"@type":"SearchAction","target":{"@type":"EntryPoint","urlTemplate":"https:\/\/juacontecimentos.com.br\/site\/?s={search_term_string}"},"query-input":{"@type":"PropertyValueSpecification","valueRequired":true,"valueName":"search_term_string"}}],"inLanguage":"pt-BR"},{"@type":"Organization","@id":"https:\/\/juacontecimentos.com.br\/site\/#organization","name":"Jornal Ultimos Acontecimentos","url":"https:\/\/juacontecimentos.com.br\/site\/","logo":{"@type":"ImageObject","inLanguage":"pt-BR","@id":"https:\/\/juacontecimentos.com.br\/site\/#\/schema\/logo\/image\/","url":"https:\/\/juacontecimentos.com.br\/site\/wp-content\/uploads\/2023\/04\/Logo_Site.png","contentUrl":"https:\/\/juacontecimentos.com.br\/site\/wp-content\/uploads\/2023\/04\/Logo_Site.png","width":2476,"height":530,"caption":"Jornal Ultimos Acontecimentos"},"image":{"@id":"https:\/\/juacontecimentos.com.br\/site\/#\/schema\/logo\/image\/"},"sameAs":["https:\/\/www.facebook.com\/jultimosacontecimentos\/"]},{"@type":"Person","@id":"https:\/\/juacontecimentos.com.br\/site\/#\/schema\/person\/082a54e6d3fdd7a633291428521c9669","name":"Reginaldo Ribeiro","image":{"@type":"ImageObject","inLanguage":"pt-BR","@id":"https:\/\/juacontecimentos.com.br\/site\/#\/schema\/person\/image\/","url":"https:\/\/secure.gravatar.com\/avatar\/5c16c6837c3490270a74d888c2a845728f06bdde1f8761de1de1d1d1ef82d12f?s=96&d=mm&r=g","contentUrl":"https:\/\/secure.gravatar.com\/avatar\/5c16c6837c3490270a74d888c2a845728f06bdde1f8761de1de1d1d1ef82d12f?s=96&d=mm&r=g","caption":"Reginaldo Ribeiro"}}]}},"_links":{"self":[{"href":"https:\/\/juacontecimentos.com.br\/site\/wp-json\/wp\/v2\/posts\/21821","targetHints":{"allow":["GET"]}}],"collection":[{"href":"https:\/\/juacontecimentos.com.br\/site\/wp-json\/wp\/v2\/posts"}],"about":[{"href":"https:\/\/juacontecimentos.com.br\/site\/wp-json\/wp\/v2\/types\/post"}],"author":[{"embeddable":true,"href":"https:\/\/juacontecimentos.com.br\/site\/wp-json\/wp\/v2\/users\/2"}],"replies":[{"embeddable":true,"href":"https:\/\/juacontecimentos.com.br\/site\/wp-json\/wp\/v2\/comments?post=21821"}],"version-history":[{"count":4,"href":"https:\/\/juacontecimentos.com.br\/site\/wp-json\/wp\/v2\/posts\/21821\/revisions"}],"predecessor-version":[{"id":21826,"href":"https:\/\/juacontecimentos.com.br\/site\/wp-json\/wp\/v2\/posts\/21821\/revisions\/21826"}],"wp:featuredmedia":[{"embeddable":true,"href":"https:\/\/juacontecimentos.com.br\/site\/wp-json\/wp\/v2\/media\/21825"}],"wp:attachment":[{"href":"https:\/\/juacontecimentos.com.br\/site\/wp-json\/wp\/v2\/media?parent=21821"}],"wp:term":[{"taxonomy":"category","embeddable":true,"href":"https:\/\/juacontecimentos.com.br\/site\/wp-json\/wp\/v2\/categories?post=21821"},{"taxonomy":"post_tag","embeddable":true,"href":"https:\/\/juacontecimentos.com.br\/site\/wp-json\/wp\/v2\/tags?post=21821"}],"curies":[{"name":"wp","href":"https:\/\/api.w.org\/{rel}","templated":true}]}}