{"id":22127,"date":"2022-09-22T03:16:32","date_gmt":"2022-09-22T06:16:32","guid":{"rendered":"https:\/\/juacontecimentos.com.br\/site\/?p=22127"},"modified":"2022-09-22T03:20:15","modified_gmt":"2022-09-22T06:20:15","slug":"capacitacao-prefeitura-de-ouvidor-realiza-curso-em-parceria-com-cidades-da-regiao","status":"publish","type":"post","link":"https:\/\/juacontecimentos.com.br\/site\/capacitacao-prefeitura-de-ouvidor-realiza-curso-em-parceria-com-cidades-da-regiao\/","title":{"rendered":"Capacita\u00e7\u00e3o \u2013 Prefeitura de Ouvidor realiza curso em parceria com cidades da regi\u00e3o"},"content":{"rendered":"<p><img loading=\"lazy\" decoding=\"async\" class=\"alignnone size-large wp-image-22131\" src=\"https:\/\/juacontecimentos.com.br\/site\/wp-content\/uploads\/2022\/09\/IMG-20220921-WA0729-1024x536.jpg\" alt=\"\" width=\"900\" height=\"471\" srcset=\"https:\/\/juacontecimentos.com.br\/site\/wp-content\/uploads\/2022\/09\/IMG-20220921-WA0729-1024x536.jpg 1024w, https:\/\/juacontecimentos.com.br\/site\/wp-content\/uploads\/2022\/09\/IMG-20220921-WA0729-300x157.jpg 300w, https:\/\/juacontecimentos.com.br\/site\/wp-content\/uploads\/2022\/09\/IMG-20220921-WA0729-768x402.jpg 768w, https:\/\/juacontecimentos.com.br\/site\/wp-content\/uploads\/2022\/09\/IMG-20220921-WA0729.jpg 1600w\" sizes=\"auto, (max-width: 900px) 100vw, 900px\" \/> <img loading=\"lazy\" decoding=\"async\" class=\"alignnone size-large wp-image-22132\" src=\"https:\/\/juacontecimentos.com.br\/site\/wp-content\/uploads\/2022\/09\/IMG-20220921-WA0728-1024x536.jpg\" alt=\"\" width=\"900\" height=\"471\" srcset=\"https:\/\/juacontecimentos.com.br\/site\/wp-content\/uploads\/2022\/09\/IMG-20220921-WA0728-1024x536.jpg 1024w, https:\/\/juacontecimentos.com.br\/site\/wp-content\/uploads\/2022\/09\/IMG-20220921-WA0728-300x157.jpg 300w, https:\/\/juacontecimentos.com.br\/site\/wp-content\/uploads\/2022\/09\/IMG-20220921-WA0728-768x402.jpg 768w, https:\/\/juacontecimentos.com.br\/site\/wp-content\/uploads\/2022\/09\/IMG-20220921-WA0728.jpg 1600w\" sizes=\"auto, (max-width: 900px) 100vw, 900px\" \/><\/p>\n<div>Com a finalidade de capacitar e melhorar os processos administrativos da Gest\u00e3o Municipal, a Prefeitura de Ouvidor, em parceria com o munic\u00edpio de Cumari e Goiandira, iniciou nesta quarta-feira (21), o curso em planejamento e execu\u00e7\u00e3o or\u00e7ament\u00e1ria.<\/div>\n<div><\/div>\n<div>O curso \u00e9 ministrado pelo professor Petr\u00f4nio Pires de Paula, e oferece capacita\u00e7\u00e3o em execu\u00e7\u00e3o or\u00e7ament\u00e1ria, receita e despesa p\u00fablica, com instrumentos de planejamento (PPA, LDO e LOA). S\u00e3o tr\u00eas dias de aulas, sendo elas de forma presencial e online.<\/div>\n<div><img loading=\"lazy\" decoding=\"async\" class=\"alignnone size-large wp-image-22133\" src=\"https:\/\/juacontecimentos.com.br\/site\/wp-content\/uploads\/2022\/09\/IMG-20220921-WA0730-1024x682.jpg\" alt=\"\" width=\"900\" height=\"599\" srcset=\"https:\/\/juacontecimentos.com.br\/site\/wp-content\/uploads\/2022\/09\/IMG-20220921-WA0730-1024x682.jpg 1024w, https:\/\/juacontecimentos.com.br\/site\/wp-content\/uploads\/2022\/09\/IMG-20220921-WA0730-300x200.jpg 300w, https:\/\/juacontecimentos.com.br\/site\/wp-content\/uploads\/2022\/09\/IMG-20220921-WA0730-768x512.jpg 768w, https:\/\/juacontecimentos.com.br\/site\/wp-content\/uploads\/2022\/09\/IMG-20220921-WA0730.jpg 1600w\" sizes=\"auto, (max-width: 900px) 100vw, 900px\" \/> <img loading=\"lazy\" decoding=\"async\" class=\"alignnone size-large wp-image-22134\" src=\"https:\/\/juacontecimentos.com.br\/site\/wp-content\/uploads\/2022\/09\/IMG-20220921-WA0731-1024x682.jpg\" alt=\"\" width=\"900\" height=\"599\" srcset=\"https:\/\/juacontecimentos.com.br\/site\/wp-content\/uploads\/2022\/09\/IMG-20220921-WA0731-1024x682.jpg 1024w, https:\/\/juacontecimentos.com.br\/site\/wp-content\/uploads\/2022\/09\/IMG-20220921-WA0731-300x200.jpg 300w, https:\/\/juacontecimentos.com.br\/site\/wp-content\/uploads\/2022\/09\/IMG-20220921-WA0731-768x512.jpg 768w, https:\/\/juacontecimentos.com.br\/site\/wp-content\/uploads\/2022\/09\/IMG-20220921-WA0731.jpg 1600w\" sizes=\"auto, (max-width: 900px) 100vw, 900px\" \/><\/div>\n<div><\/div>\n<div>O prefeito Cebinha Nascimento, vice-prefeito Nelci C\u00e2ndido, presidente da c\u00e2mara Eur\u00edpedes Benedito e funcion\u00e1rios dos tr\u00eas munic\u00edpios, participaram da abertura do curso que foi realizado na C\u00e2mara de Ouvidor. &#8220;\u00c9 importante estar em constante processo de capacita\u00e7\u00e3o e atualiza\u00e7\u00e3o,\u00a0 para que todos os servidores possam realizar seu trabalho com total efici\u00eancia e produtividade, respeitando sempre os crit\u00e9rios legais e aplicabilidade dos recursos municipais&#8221;, disse Cebinha.<\/div>\n<div><\/div>\n<div>\u00a0Fonte: Secom Pref.<\/div>\n<p><\/p>\n","protected":false},"excerpt":{"rendered":"<p>Com a finalidade de capacitar e melhorar os processos administrativos da Gest\u00e3o Municipal, a Prefeitura de Ouvidor, em parceria com o munic\u00edpio de Cumari e Goiandira, iniciou nesta quarta-feira (21), o curso em planejamento e execu\u00e7\u00e3o or\u00e7ament\u00e1ria. O curso \u00e9 ministrado pelo professor Petr\u00f4nio Pires de Paula, e oferece capacita\u00e7\u00e3o em execu\u00e7\u00e3o or\u00e7ament\u00e1ria, receita e<\/p>\n","protected":false},"author":2,"featured_media":22132,"comment_status":"open","ping_status":"open","sticky":false,"template":"","format":"standard","meta":{"footnotes":""},"categories":[27,22,26,23],"tags":[],"class_list":["post-22127","post","type-post","status-publish","format-standard","has-post-thumbnail","hentry","category-brasil","category-catalao","category-destaque","category-goias"],"yoast_head":"<!-- This site is optimized with the Yoast SEO plugin v25.8 - https:\/\/yoast.com\/wordpress\/plugins\/seo\/ -->\n<title>Capacita\u00e7\u00e3o \u2013 Prefeitura de Ouvidor realiza curso em parceria com cidades da regi\u00e3o - Jornal Ultimos Acontecimentos<\/title>\n<meta name=\"robots\" content=\"index, follow, max-snippet:-1, max-image-preview:large, max-video-preview:-1\" \/>\n<link rel=\"canonical\" href=\"https:\/\/juacontecimentos.com.br\/site\/capacitacao-prefeitura-de-ouvidor-realiza-curso-em-parceria-com-cidades-da-regiao\/\" \/>\n<meta property=\"og:locale\" content=\"pt_BR\" \/>\n<meta property=\"og:type\" content=\"article\" \/>\n<meta property=\"og:title\" content=\"Capacita\u00e7\u00e3o \u2013 Prefeitura de Ouvidor realiza curso em parceria com cidades da regi\u00e3o - Jornal Ultimos Acontecimentos\" \/>\n<meta property=\"og:description\" content=\"Com a finalidade de capacitar e melhorar os processos administrativos da Gest\u00e3o Municipal, a Prefeitura de Ouvidor, em parceria com o munic\u00edpio de Cumari e Goiandira, iniciou nesta quarta-feira (21), o curso em planejamento e execu\u00e7\u00e3o or\u00e7ament\u00e1ria. O curso \u00e9 ministrado pelo professor Petr\u00f4nio Pires de Paula, e oferece capacita\u00e7\u00e3o em execu\u00e7\u00e3o or\u00e7ament\u00e1ria, receita e\" \/>\n<meta property=\"og:url\" content=\"https:\/\/juacontecimentos.com.br\/site\/capacitacao-prefeitura-de-ouvidor-realiza-curso-em-parceria-com-cidades-da-regiao\/\" \/>\n<meta property=\"og:site_name\" content=\"Jornal Ultimos Acontecimentos\" \/>\n<meta property=\"article:publisher\" content=\"https:\/\/www.facebook.com\/jultimosacontecimentos\/\" \/>\n<meta property=\"article:published_time\" content=\"2022-09-22T06:16:32+00:00\" \/>\n<meta property=\"article:modified_time\" content=\"2022-09-22T06:20:15+00:00\" \/>\n<meta property=\"og:image\" content=\"https:\/\/juacontecimentos.com.br\/site\/wp-content\/uploads\/2022\/09\/IMG-20220921-WA0728.jpg\" \/>\n\t<meta property=\"og:image:width\" content=\"1600\" \/>\n\t<meta property=\"og:image:height\" content=\"838\" \/>\n\t<meta property=\"og:image:type\" content=\"image\/jpeg\" \/>\n<meta name=\"author\" content=\"Reginaldo Ribeiro\" \/>\n<meta name=\"twitter:card\" content=\"summary_large_image\" \/>\n<meta name=\"twitter:label1\" content=\"Escrito por\" \/>\n\t<meta name=\"twitter:data1\" content=\"Reginaldo Ribeiro\" \/>\n\t<meta name=\"twitter:label2\" content=\"Est. tempo de leitura\" \/>\n\t<meta name=\"twitter:data2\" content=\"1 minuto\" \/>\n<script type=\"application\/ld+json\" class=\"yoast-schema-graph\">{\"@context\":\"https:\/\/schema.org\",\"@graph\":[{\"@type\":\"Article\",\"@id\":\"https:\/\/juacontecimentos.com.br\/site\/capacitacao-prefeitura-de-ouvidor-realiza-curso-em-parceria-com-cidades-da-regiao\/#article\",\"isPartOf\":{\"@id\":\"https:\/\/juacontecimentos.com.br\/site\/capacitacao-prefeitura-de-ouvidor-realiza-curso-em-parceria-com-cidades-da-regiao\/\"},\"author\":{\"name\":\"Reginaldo Ribeiro\",\"@id\":\"https:\/\/juacontecimentos.com.br\/site\/#\/schema\/person\/082a54e6d3fdd7a633291428521c9669\"},\"headline\":\"Capacita\u00e7\u00e3o \u2013 Prefeitura de Ouvidor realiza curso em parceria com cidades da regi\u00e3o\",\"datePublished\":\"2022-09-22T06:16:32+00:00\",\"dateModified\":\"2022-09-22T06:20:15+00:00\",\"mainEntityOfPage\":{\"@id\":\"https:\/\/juacontecimentos.com.br\/site\/capacitacao-prefeitura-de-ouvidor-realiza-curso-em-parceria-com-cidades-da-regiao\/\"},\"wordCount\":180,\"commentCount\":0,\"publisher\":{\"@id\":\"https:\/\/juacontecimentos.com.br\/site\/#organization\"},\"image\":{\"@id\":\"https:\/\/juacontecimentos.com.br\/site\/capacitacao-prefeitura-de-ouvidor-realiza-curso-em-parceria-com-cidades-da-regiao\/#primaryimage\"},\"thumbnailUrl\":\"https:\/\/juacontecimentos.com.br\/site\/wp-content\/uploads\/2022\/09\/IMG-20220921-WA0728.jpg\",\"articleSection\":[\"Brasil\",\"Catal\u00e3o\",\"Destaque\",\"Goi\u00e1s\"],\"inLanguage\":\"pt-BR\"},{\"@type\":\"WebPage\",\"@id\":\"https:\/\/juacontecimentos.com.br\/site\/capacitacao-prefeitura-de-ouvidor-realiza-curso-em-parceria-com-cidades-da-regiao\/\",\"url\":\"https:\/\/juacontecimentos.com.br\/site\/capacitacao-prefeitura-de-ouvidor-realiza-curso-em-parceria-com-cidades-da-regiao\/\",\"name\":\"Capacita\u00e7\u00e3o \u2013 Prefeitura de Ouvidor realiza curso em parceria com cidades da regi\u00e3o - Jornal Ultimos Acontecimentos\",\"isPartOf\":{\"@id\":\"https:\/\/juacontecimentos.com.br\/site\/#website\"},\"primaryImageOfPage\":{\"@id\":\"https:\/\/juacontecimentos.com.br\/site\/capacitacao-prefeitura-de-ouvidor-realiza-curso-em-parceria-com-cidades-da-regiao\/#primaryimage\"},\"image\":{\"@id\":\"https:\/\/juacontecimentos.com.br\/site\/capacitacao-prefeitura-de-ouvidor-realiza-curso-em-parceria-com-cidades-da-regiao\/#primaryimage\"},\"thumbnailUrl\":\"https:\/\/juacontecimentos.com.br\/site\/wp-content\/uploads\/2022\/09\/IMG-20220921-WA0728.jpg\",\"datePublished\":\"2022-09-22T06:16:32+00:00\",\"dateModified\":\"2022-09-22T06:20:15+00:00\",\"breadcrumb\":{\"@id\":\"https:\/\/juacontecimentos.com.br\/site\/capacitacao-prefeitura-de-ouvidor-realiza-curso-em-parceria-com-cidades-da-regiao\/#breadcrumb\"},\"inLanguage\":\"pt-BR\",\"potentialAction\":[{\"@type\":\"ReadAction\",\"target\":[\"https:\/\/juacontecimentos.com.br\/site\/capacitacao-prefeitura-de-ouvidor-realiza-curso-em-parceria-com-cidades-da-regiao\/\"]}]},{\"@type\":\"ImageObject\",\"inLanguage\":\"pt-BR\",\"@id\":\"https:\/\/juacontecimentos.com.br\/site\/capacitacao-prefeitura-de-ouvidor-realiza-curso-em-parceria-com-cidades-da-regiao\/#primaryimage\",\"url\":\"https:\/\/juacontecimentos.com.br\/site\/wp-content\/uploads\/2022\/09\/IMG-20220921-WA0728.jpg\",\"contentUrl\":\"https:\/\/juacontecimentos.com.br\/site\/wp-content\/uploads\/2022\/09\/IMG-20220921-WA0728.jpg\",\"width\":1600,\"height\":838},{\"@type\":\"BreadcrumbList\",\"@id\":\"https:\/\/juacontecimentos.com.br\/site\/capacitacao-prefeitura-de-ouvidor-realiza-curso-em-parceria-com-cidades-da-regiao\/#breadcrumb\",\"itemListElement\":[{\"@type\":\"ListItem\",\"position\":1,\"name\":\"In\u00edcio\",\"item\":\"https:\/\/juacontecimentos.com.br\/site\/\"},{\"@type\":\"ListItem\",\"position\":2,\"name\":\"Capacita\u00e7\u00e3o \u2013 Prefeitura de Ouvidor realiza curso em parceria com cidades da regi\u00e3o\"}]},{\"@type\":\"WebSite\",\"@id\":\"https:\/\/juacontecimentos.com.br\/site\/#website\",\"url\":\"https:\/\/juacontecimentos.com.br\/site\/\",\"name\":\"Jornal Ultimos Acontecimentos\",\"description\":\"Catal\u00e3o e regi\u00e3o\",\"publisher\":{\"@id\":\"https:\/\/juacontecimentos.com.br\/site\/#organization\"},\"potentialAction\":[{\"@type\":\"SearchAction\",\"target\":{\"@type\":\"EntryPoint\",\"urlTemplate\":\"https:\/\/juacontecimentos.com.br\/site\/?s={search_term_string}\"},\"query-input\":{\"@type\":\"PropertyValueSpecification\",\"valueRequired\":true,\"valueName\":\"search_term_string\"}}],\"inLanguage\":\"pt-BR\"},{\"@type\":\"Organization\",\"@id\":\"https:\/\/juacontecimentos.com.br\/site\/#organization\",\"name\":\"Jornal Ultimos Acontecimentos\",\"url\":\"https:\/\/juacontecimentos.com.br\/site\/\",\"logo\":{\"@type\":\"ImageObject\",\"inLanguage\":\"pt-BR\",\"@id\":\"https:\/\/juacontecimentos.com.br\/site\/#\/schema\/logo\/image\/\",\"url\":\"https:\/\/juacontecimentos.com.br\/site\/wp-content\/uploads\/2023\/04\/Logo_Site.png\",\"contentUrl\":\"https:\/\/juacontecimentos.com.br\/site\/wp-content\/uploads\/2023\/04\/Logo_Site.png\",\"width\":2476,\"height\":530,\"caption\":\"Jornal Ultimos Acontecimentos\"},\"image\":{\"@id\":\"https:\/\/juacontecimentos.com.br\/site\/#\/schema\/logo\/image\/\"},\"sameAs\":[\"https:\/\/www.facebook.com\/jultimosacontecimentos\/\"]},{\"@type\":\"Person\",\"@id\":\"https:\/\/juacontecimentos.com.br\/site\/#\/schema\/person\/082a54e6d3fdd7a633291428521c9669\",\"name\":\"Reginaldo Ribeiro\",\"image\":{\"@type\":\"ImageObject\",\"inLanguage\":\"pt-BR\",\"@id\":\"https:\/\/juacontecimentos.com.br\/site\/#\/schema\/person\/image\/\",\"url\":\"https:\/\/secure.gravatar.com\/avatar\/5c16c6837c3490270a74d888c2a845728f06bdde1f8761de1de1d1d1ef82d12f?s=96&d=mm&r=g\",\"contentUrl\":\"https:\/\/secure.gravatar.com\/avatar\/5c16c6837c3490270a74d888c2a845728f06bdde1f8761de1de1d1d1ef82d12f?s=96&d=mm&r=g\",\"caption\":\"Reginaldo Ribeiro\"}}]}<\/script>\n<!-- \/ Yoast SEO plugin. -->","yoast_head_json":{"title":"Capacita\u00e7\u00e3o \u2013 Prefeitura de Ouvidor realiza curso em parceria com cidades da regi\u00e3o - Jornal Ultimos Acontecimentos","robots":{"index":"index","follow":"follow","max-snippet":"max-snippet:-1","max-image-preview":"max-image-preview:large","max-video-preview":"max-video-preview:-1"},"canonical":"https:\/\/juacontecimentos.com.br\/site\/capacitacao-prefeitura-de-ouvidor-realiza-curso-em-parceria-com-cidades-da-regiao\/","og_locale":"pt_BR","og_type":"article","og_title":"Capacita\u00e7\u00e3o \u2013 Prefeitura de Ouvidor realiza curso em parceria com cidades da regi\u00e3o - Jornal Ultimos Acontecimentos","og_description":"Com a finalidade de capacitar e melhorar os processos administrativos da Gest\u00e3o Municipal, a Prefeitura de Ouvidor, em parceria com o munic\u00edpio de Cumari e Goiandira, iniciou nesta quarta-feira (21), o curso em planejamento e execu\u00e7\u00e3o or\u00e7ament\u00e1ria. O curso \u00e9 ministrado pelo professor Petr\u00f4nio Pires de Paula, e oferece capacita\u00e7\u00e3o em execu\u00e7\u00e3o or\u00e7ament\u00e1ria, receita e","og_url":"https:\/\/juacontecimentos.com.br\/site\/capacitacao-prefeitura-de-ouvidor-realiza-curso-em-parceria-com-cidades-da-regiao\/","og_site_name":"Jornal Ultimos Acontecimentos","article_publisher":"https:\/\/www.facebook.com\/jultimosacontecimentos\/","article_published_time":"2022-09-22T06:16:32+00:00","article_modified_time":"2022-09-22T06:20:15+00:00","og_image":[{"width":1600,"height":838,"url":"https:\/\/juacontecimentos.com.br\/site\/wp-content\/uploads\/2022\/09\/IMG-20220921-WA0728.jpg","type":"image\/jpeg"}],"author":"Reginaldo Ribeiro","twitter_card":"summary_large_image","twitter_misc":{"Escrito por":"Reginaldo Ribeiro","Est. tempo de leitura":"1 minuto"},"schema":{"@context":"https:\/\/schema.org","@graph":[{"@type":"Article","@id":"https:\/\/juacontecimentos.com.br\/site\/capacitacao-prefeitura-de-ouvidor-realiza-curso-em-parceria-com-cidades-da-regiao\/#article","isPartOf":{"@id":"https:\/\/juacontecimentos.com.br\/site\/capacitacao-prefeitura-de-ouvidor-realiza-curso-em-parceria-com-cidades-da-regiao\/"},"author":{"name":"Reginaldo Ribeiro","@id":"https:\/\/juacontecimentos.com.br\/site\/#\/schema\/person\/082a54e6d3fdd7a633291428521c9669"},"headline":"Capacita\u00e7\u00e3o \u2013 Prefeitura de Ouvidor realiza curso em parceria com cidades da regi\u00e3o","datePublished":"2022-09-22T06:16:32+00:00","dateModified":"2022-09-22T06:20:15+00:00","mainEntityOfPage":{"@id":"https:\/\/juacontecimentos.com.br\/site\/capacitacao-prefeitura-de-ouvidor-realiza-curso-em-parceria-com-cidades-da-regiao\/"},"wordCount":180,"commentCount":0,"publisher":{"@id":"https:\/\/juacontecimentos.com.br\/site\/#organization"},"image":{"@id":"https:\/\/juacontecimentos.com.br\/site\/capacitacao-prefeitura-de-ouvidor-realiza-curso-em-parceria-com-cidades-da-regiao\/#primaryimage"},"thumbnailUrl":"https:\/\/juacontecimentos.com.br\/site\/wp-content\/uploads\/2022\/09\/IMG-20220921-WA0728.jpg","articleSection":["Brasil","Catal\u00e3o","Destaque","Goi\u00e1s"],"inLanguage":"pt-BR"},{"@type":"WebPage","@id":"https:\/\/juacontecimentos.com.br\/site\/capacitacao-prefeitura-de-ouvidor-realiza-curso-em-parceria-com-cidades-da-regiao\/","url":"https:\/\/juacontecimentos.com.br\/site\/capacitacao-prefeitura-de-ouvidor-realiza-curso-em-parceria-com-cidades-da-regiao\/","name":"Capacita\u00e7\u00e3o \u2013 Prefeitura de Ouvidor realiza curso em parceria com cidades da regi\u00e3o - Jornal Ultimos Acontecimentos","isPartOf":{"@id":"https:\/\/juacontecimentos.com.br\/site\/#website"},"primaryImageOfPage":{"@id":"https:\/\/juacontecimentos.com.br\/site\/capacitacao-prefeitura-de-ouvidor-realiza-curso-em-parceria-com-cidades-da-regiao\/#primaryimage"},"image":{"@id":"https:\/\/juacontecimentos.com.br\/site\/capacitacao-prefeitura-de-ouvidor-realiza-curso-em-parceria-com-cidades-da-regiao\/#primaryimage"},"thumbnailUrl":"https:\/\/juacontecimentos.com.br\/site\/wp-content\/uploads\/2022\/09\/IMG-20220921-WA0728.jpg","datePublished":"2022-09-22T06:16:32+00:00","dateModified":"2022-09-22T06:20:15+00:00","breadcrumb":{"@id":"https:\/\/juacontecimentos.com.br\/site\/capacitacao-prefeitura-de-ouvidor-realiza-curso-em-parceria-com-cidades-da-regiao\/#breadcrumb"},"inLanguage":"pt-BR","potentialAction":[{"@type":"ReadAction","target":["https:\/\/juacontecimentos.com.br\/site\/capacitacao-prefeitura-de-ouvidor-realiza-curso-em-parceria-com-cidades-da-regiao\/"]}]},{"@type":"ImageObject","inLanguage":"pt-BR","@id":"https:\/\/juacontecimentos.com.br\/site\/capacitacao-prefeitura-de-ouvidor-realiza-curso-em-parceria-com-cidades-da-regiao\/#primaryimage","url":"https:\/\/juacontecimentos.com.br\/site\/wp-content\/uploads\/2022\/09\/IMG-20220921-WA0728.jpg","contentUrl":"https:\/\/juacontecimentos.com.br\/site\/wp-content\/uploads\/2022\/09\/IMG-20220921-WA0728.jpg","width":1600,"height":838},{"@type":"BreadcrumbList","@id":"https:\/\/juacontecimentos.com.br\/site\/capacitacao-prefeitura-de-ouvidor-realiza-curso-em-parceria-com-cidades-da-regiao\/#breadcrumb","itemListElement":[{"@type":"ListItem","position":1,"name":"In\u00edcio","item":"https:\/\/juacontecimentos.com.br\/site\/"},{"@type":"ListItem","position":2,"name":"Capacita\u00e7\u00e3o \u2013 Prefeitura de Ouvidor realiza curso em parceria com cidades da regi\u00e3o"}]},{"@type":"WebSite","@id":"https:\/\/juacontecimentos.com.br\/site\/#website","url":"https:\/\/juacontecimentos.com.br\/site\/","name":"Jornal Ultimos Acontecimentos","description":"Catal\u00e3o e regi\u00e3o","publisher":{"@id":"https:\/\/juacontecimentos.com.br\/site\/#organization"},"potentialAction":[{"@type":"SearchAction","target":{"@type":"EntryPoint","urlTemplate":"https:\/\/juacontecimentos.com.br\/site\/?s={search_term_string}"},"query-input":{"@type":"PropertyValueSpecification","valueRequired":true,"valueName":"search_term_string"}}],"inLanguage":"pt-BR"},{"@type":"Organization","@id":"https:\/\/juacontecimentos.com.br\/site\/#organization","name":"Jornal Ultimos Acontecimentos","url":"https:\/\/juacontecimentos.com.br\/site\/","logo":{"@type":"ImageObject","inLanguage":"pt-BR","@id":"https:\/\/juacontecimentos.com.br\/site\/#\/schema\/logo\/image\/","url":"https:\/\/juacontecimentos.com.br\/site\/wp-content\/uploads\/2023\/04\/Logo_Site.png","contentUrl":"https:\/\/juacontecimentos.com.br\/site\/wp-content\/uploads\/2023\/04\/Logo_Site.png","width":2476,"height":530,"caption":"Jornal Ultimos Acontecimentos"},"image":{"@id":"https:\/\/juacontecimentos.com.br\/site\/#\/schema\/logo\/image\/"},"sameAs":["https:\/\/www.facebook.com\/jultimosacontecimentos\/"]},{"@type":"Person","@id":"https:\/\/juacontecimentos.com.br\/site\/#\/schema\/person\/082a54e6d3fdd7a633291428521c9669","name":"Reginaldo Ribeiro","image":{"@type":"ImageObject","inLanguage":"pt-BR","@id":"https:\/\/juacontecimentos.com.br\/site\/#\/schema\/person\/image\/","url":"https:\/\/secure.gravatar.com\/avatar\/5c16c6837c3490270a74d888c2a845728f06bdde1f8761de1de1d1d1ef82d12f?s=96&d=mm&r=g","contentUrl":"https:\/\/secure.gravatar.com\/avatar\/5c16c6837c3490270a74d888c2a845728f06bdde1f8761de1de1d1d1ef82d12f?s=96&d=mm&r=g","caption":"Reginaldo Ribeiro"}}]}},"_links":{"self":[{"href":"https:\/\/juacontecimentos.com.br\/site\/wp-json\/wp\/v2\/posts\/22127","targetHints":{"allow":["GET"]}}],"collection":[{"href":"https:\/\/juacontecimentos.com.br\/site\/wp-json\/wp\/v2\/posts"}],"about":[{"href":"https:\/\/juacontecimentos.com.br\/site\/wp-json\/wp\/v2\/types\/post"}],"author":[{"embeddable":true,"href":"https:\/\/juacontecimentos.com.br\/site\/wp-json\/wp\/v2\/users\/2"}],"replies":[{"embeddable":true,"href":"https:\/\/juacontecimentos.com.br\/site\/wp-json\/wp\/v2\/comments?post=22127"}],"version-history":[{"count":4,"href":"https:\/\/juacontecimentos.com.br\/site\/wp-json\/wp\/v2\/posts\/22127\/revisions"}],"predecessor-version":[{"id":22135,"href":"https:\/\/juacontecimentos.com.br\/site\/wp-json\/wp\/v2\/posts\/22127\/revisions\/22135"}],"wp:featuredmedia":[{"embeddable":true,"href":"https:\/\/juacontecimentos.com.br\/site\/wp-json\/wp\/v2\/media\/22132"}],"wp:attachment":[{"href":"https:\/\/juacontecimentos.com.br\/site\/wp-json\/wp\/v2\/media?parent=22127"}],"wp:term":[{"taxonomy":"category","embeddable":true,"href":"https:\/\/juacontecimentos.com.br\/site\/wp-json\/wp\/v2\/categories?post=22127"},{"taxonomy":"post_tag","embeddable":true,"href":"https:\/\/juacontecimentos.com.br\/site\/wp-json\/wp\/v2\/tags?post=22127"}],"curies":[{"name":"wp","href":"https:\/\/api.w.org\/{rel}","templated":true}]}}