{"id":22184,"date":"2022-09-23T09:16:24","date_gmt":"2022-09-23T12:16:24","guid":{"rendered":"https:\/\/juacontecimentos.com.br\/site\/?p=22184"},"modified":"2022-09-23T09:30:32","modified_gmt":"2022-09-23T12:30:32","slug":"dra-gizelda-e-luiz-sampaio-realizaram-caminhada-e-carreata-nos-bairros-primavera-e-vila-uniao","status":"publish","type":"post","link":"https:\/\/juacontecimentos.com.br\/site\/dra-gizelda-e-luiz-sampaio-realizaram-caminhada-e-carreata-nos-bairros-primavera-e-vila-uniao\/","title":{"rendered":"Dra. Gizelda e Luiz Sampaio realizaram caminhada e carreata nos bairros Primavera e Vila Uni\u00e3o"},"content":{"rendered":"<p><img loading=\"lazy\" decoding=\"async\" class=\"alignnone size-large wp-image-22189\" src=\"https:\/\/juacontecimentos.com.br\/site\/wp-content\/uploads\/2022\/09\/308182855_400781722234862_3638540998062257907_n-1024x680.jpg\" alt=\"\" width=\"900\" height=\"598\" srcset=\"https:\/\/juacontecimentos.com.br\/site\/wp-content\/uploads\/2022\/09\/308182855_400781722234862_3638540998062257907_n-1024x680.jpg 1024w, https:\/\/juacontecimentos.com.br\/site\/wp-content\/uploads\/2022\/09\/308182855_400781722234862_3638540998062257907_n-300x199.jpg 300w, https:\/\/juacontecimentos.com.br\/site\/wp-content\/uploads\/2022\/09\/308182855_400781722234862_3638540998062257907_n-768x510.jpg 768w, https:\/\/juacontecimentos.com.br\/site\/wp-content\/uploads\/2022\/09\/308182855_400781722234862_3638540998062257907_n.jpg 1063w\" sizes=\"auto, (max-width: 900px) 100vw, 900px\" \/><\/p>\n<p>A intensa agenda de campanha desta quinta-feira (22) da Dra. Gizelda, candidata a C\u00e2mara Federal, e Luiz Sampaio, candidato a Assembleia Legislativa de Goi\u00e1s, come\u00e7ou cedinho, de baixo de chuva percorrendo parte do centro da cidade, em Catal\u00e3o. Os candidatos a deputada Federal &#8211; Dra. Gizelda <strong>n\u00ba 7727<\/strong> e o candidato a deputado Estadual \u2013 Luiz Sampaio <strong>n\u00ba 77 777<\/strong> foram recebidos em caminhada e carreata de forma carinhosa pelos moradores, comerciantes e pela popula\u00e7\u00e3o dos bairros Primavera e Vila Uni\u00e3o.<\/p>\n<p>\u201cGRATID\u00c3O \u00e9 o que resume tudo o que aconteceu nessa noite. Ainda, estamos tentando processar cada sorriso, apoio e mensagens de esperan\u00e7a direcionadas a mim e Dr\u00aa Gizelda\u201d, ressaltou Sampaio.<\/p>\n<p><img loading=\"lazy\" decoding=\"async\" class=\"alignnone size-large wp-image-22188\" src=\"https:\/\/juacontecimentos.com.br\/site\/wp-content\/uploads\/2022\/09\/308176118_400781728901528_609992497928108344_n-1-1024x682.jpg\" alt=\"\" width=\"900\" height=\"599\" srcset=\"https:\/\/juacontecimentos.com.br\/site\/wp-content\/uploads\/2022\/09\/308176118_400781728901528_609992497928108344_n-1-1024x682.jpg 1024w, https:\/\/juacontecimentos.com.br\/site\/wp-content\/uploads\/2022\/09\/308176118_400781728901528_609992497928108344_n-1-300x200.jpg 300w, https:\/\/juacontecimentos.com.br\/site\/wp-content\/uploads\/2022\/09\/308176118_400781728901528_609992497928108344_n-1-768x511.jpg 768w, https:\/\/juacontecimentos.com.br\/site\/wp-content\/uploads\/2022\/09\/308176118_400781728901528_609992497928108344_n-1.jpg 1065w\" sizes=\"auto, (max-width: 900px) 100vw, 900px\" \/> <img loading=\"lazy\" decoding=\"async\" class=\"alignnone size-large wp-image-22190\" src=\"https:\/\/juacontecimentos.com.br\/site\/wp-content\/uploads\/2022\/09\/308390077_400781742234860_8048354437984282668_n-1024x682.jpg\" alt=\"\" width=\"900\" height=\"599\" srcset=\"https:\/\/juacontecimentos.com.br\/site\/wp-content\/uploads\/2022\/09\/308390077_400781742234860_8048354437984282668_n-1024x682.jpg 1024w, https:\/\/juacontecimentos.com.br\/site\/wp-content\/uploads\/2022\/09\/308390077_400781742234860_8048354437984282668_n-300x200.jpg 300w, https:\/\/juacontecimentos.com.br\/site\/wp-content\/uploads\/2022\/09\/308390077_400781742234860_8048354437984282668_n-768x512.jpg 768w, https:\/\/juacontecimentos.com.br\/site\/wp-content\/uploads\/2022\/09\/308390077_400781742234860_8048354437984282668_n.jpg 1040w\" sizes=\"auto, (max-width: 900px) 100vw, 900px\" \/> <img loading=\"lazy\" decoding=\"async\" class=\"alignnone size-large wp-image-22191\" src=\"https:\/\/juacontecimentos.com.br\/site\/wp-content\/uploads\/2022\/09\/308485146_400781712234863_6574244004278477928_n-1024x683.jpg\" alt=\"\" width=\"900\" height=\"600\" srcset=\"https:\/\/juacontecimentos.com.br\/site\/wp-content\/uploads\/2022\/09\/308485146_400781712234863_6574244004278477928_n-1024x683.jpg 1024w, https:\/\/juacontecimentos.com.br\/site\/wp-content\/uploads\/2022\/09\/308485146_400781712234863_6574244004278477928_n-300x200.jpg 300w, https:\/\/juacontecimentos.com.br\/site\/wp-content\/uploads\/2022\/09\/308485146_400781712234863_6574244004278477928_n-768x512.jpg 768w, https:\/\/juacontecimentos.com.br\/site\/wp-content\/uploads\/2022\/09\/308485146_400781712234863_6574244004278477928_n.jpg 1066w\" sizes=\"auto, (max-width: 900px) 100vw, 900px\" \/> <img loading=\"lazy\" decoding=\"async\" class=\"alignnone size-large wp-image-22192\" src=\"https:\/\/juacontecimentos.com.br\/site\/wp-content\/uploads\/2022\/09\/308497392_400781738901527_3910327069935181686_n.jpg\" alt=\"\" width=\"900\" height=\"597\" srcset=\"https:\/\/juacontecimentos.com.br\/site\/wp-content\/uploads\/2022\/09\/308497392_400781738901527_3910327069935181686_n.jpg 912w, https:\/\/juacontecimentos.com.br\/site\/wp-content\/uploads\/2022\/09\/308497392_400781738901527_3910327069935181686_n-300x199.jpg 300w, https:\/\/juacontecimentos.com.br\/site\/wp-content\/uploads\/2022\/09\/308497392_400781738901527_3910327069935181686_n-768x509.jpg 768w\" sizes=\"auto, (max-width: 900px) 100vw, 900px\" \/> <img loading=\"lazy\" decoding=\"async\" class=\"alignnone size-large wp-image-22193\" src=\"https:\/\/juacontecimentos.com.br\/site\/wp-content\/uploads\/2022\/09\/308621654_400781735568194_6844224218488419590_n-1024x682.jpg\" alt=\"\" width=\"900\" height=\"599\" srcset=\"https:\/\/juacontecimentos.com.br\/site\/wp-content\/uploads\/2022\/09\/308621654_400781735568194_6844224218488419590_n-1024x682.jpg 1024w, https:\/\/juacontecimentos.com.br\/site\/wp-content\/uploads\/2022\/09\/308621654_400781735568194_6844224218488419590_n-300x200.jpg 300w, https:\/\/juacontecimentos.com.br\/site\/wp-content\/uploads\/2022\/09\/308621654_400781735568194_6844224218488419590_n-768x511.jpg 768w, https:\/\/juacontecimentos.com.br\/site\/wp-content\/uploads\/2022\/09\/308621654_400781735568194_6844224218488419590_n.jpg 1065w\" sizes=\"auto, (max-width: 900px) 100vw, 900px\" \/> <img loading=\"lazy\" decoding=\"async\" class=\"alignnone size-large wp-image-22194\" src=\"https:\/\/juacontecimentos.com.br\/site\/wp-content\/uploads\/2022\/09\/308633333_400781732234861_5972032635716692503_n-1024x682.jpg\" alt=\"\" width=\"900\" height=\"599\" srcset=\"https:\/\/juacontecimentos.com.br\/site\/wp-content\/uploads\/2022\/09\/308633333_400781732234861_5972032635716692503_n-1024x682.jpg 1024w, https:\/\/juacontecimentos.com.br\/site\/wp-content\/uploads\/2022\/09\/308633333_400781732234861_5972032635716692503_n-300x200.jpg 300w, https:\/\/juacontecimentos.com.br\/site\/wp-content\/uploads\/2022\/09\/308633333_400781732234861_5972032635716692503_n-768x511.jpg 768w, https:\/\/juacontecimentos.com.br\/site\/wp-content\/uploads\/2022\/09\/308633333_400781732234861_5972032635716692503_n.jpg 1065w\" sizes=\"auto, (max-width: 900px) 100vw, 900px\" \/> <img loading=\"lazy\" decoding=\"async\" class=\"alignnone size-large wp-image-22195\" src=\"https:\/\/juacontecimentos.com.br\/site\/wp-content\/uploads\/2022\/09\/308705358_400781718901529_2932955983780562110_n.jpg\" alt=\"\" width=\"900\" height=\"600\" srcset=\"https:\/\/juacontecimentos.com.br\/site\/wp-content\/uploads\/2022\/09\/308705358_400781718901529_2932955983780562110_n.jpg 992w, https:\/\/juacontecimentos.com.br\/site\/wp-content\/uploads\/2022\/09\/308705358_400781718901529_2932955983780562110_n-300x200.jpg 300w, https:\/\/juacontecimentos.com.br\/site\/wp-content\/uploads\/2022\/09\/308705358_400781718901529_2932955983780562110_n-768x512.jpg 768w\" sizes=\"auto, (max-width: 900px) 100vw, 900px\" \/> <img loading=\"lazy\" decoding=\"async\" class=\"alignnone size-large wp-image-22196\" src=\"https:\/\/juacontecimentos.com.br\/site\/wp-content\/uploads\/2022\/09\/308745227_400781715568196_1370068040057322661_n-1024x682.jpg\" alt=\"\" width=\"900\" height=\"599\" srcset=\"https:\/\/juacontecimentos.com.br\/site\/wp-content\/uploads\/2022\/09\/308745227_400781715568196_1370068040057322661_n-1024x682.jpg 1024w, https:\/\/juacontecimentos.com.br\/site\/wp-content\/uploads\/2022\/09\/308745227_400781715568196_1370068040057322661_n-300x200.jpg 300w, https:\/\/juacontecimentos.com.br\/site\/wp-content\/uploads\/2022\/09\/308745227_400781715568196_1370068040057322661_n-768x511.jpg 768w, https:\/\/juacontecimentos.com.br\/site\/wp-content\/uploads\/2022\/09\/308745227_400781715568196_1370068040057322661_n.jpg 1065w\" sizes=\"auto, (max-width: 900px) 100vw, 900px\" \/> <img loading=\"lazy\" decoding=\"async\" class=\"alignnone size-large wp-image-22197\" src=\"https:\/\/juacontecimentos.com.br\/site\/wp-content\/uploads\/2022\/09\/308820340_400781725568195_785470877866631919_n-1024x683.jpg\" alt=\"\" width=\"900\" height=\"600\" srcset=\"https:\/\/juacontecimentos.com.br\/site\/wp-content\/uploads\/2022\/09\/308820340_400781725568195_785470877866631919_n-1024x683.jpg 1024w, https:\/\/juacontecimentos.com.br\/site\/wp-content\/uploads\/2022\/09\/308820340_400781725568195_785470877866631919_n-300x200.jpg 300w, https:\/\/juacontecimentos.com.br\/site\/wp-content\/uploads\/2022\/09\/308820340_400781725568195_785470877866631919_n-768x512.jpg 768w, https:\/\/juacontecimentos.com.br\/site\/wp-content\/uploads\/2022\/09\/308820340_400781725568195_785470877866631919_n.jpg 1066w\" sizes=\"auto, (max-width: 900px) 100vw, 900px\" \/><br \/>\n<\/p>\n","protected":false},"excerpt":{"rendered":"<p>A intensa agenda de campanha desta quinta-feira (22) da Dra. Gizelda, candidata a C\u00e2mara Federal, e Luiz Sampaio, candidato a Assembleia Legislativa de Goi\u00e1s, come\u00e7ou cedinho, de baixo de chuva percorrendo parte do centro da cidade, em Catal\u00e3o. Os candidatos a deputada Federal &#8211; Dra. Gizelda n\u00ba 7727 e o candidato a deputado Estadual \u2013<\/p>\n","protected":false},"author":2,"featured_media":22199,"comment_status":"open","ping_status":"open","sticky":false,"template":"","format":"standard","meta":{"footnotes":""},"categories":[27,22,26,23],"tags":[],"class_list":["post-22184","post","type-post","status-publish","format-standard","has-post-thumbnail","hentry","category-brasil","category-catalao","category-destaque","category-goias"],"yoast_head":"<!-- This site is optimized with the Yoast SEO plugin v25.8 - https:\/\/yoast.com\/wordpress\/plugins\/seo\/ -->\n<title>Dra. Gizelda e Luiz Sampaio realizaram caminhada e carreata nos bairros Primavera e Vila Uni\u00e3o - Jornal Ultimos Acontecimentos<\/title>\n<meta name=\"robots\" content=\"index, follow, max-snippet:-1, max-image-preview:large, max-video-preview:-1\" \/>\n<link rel=\"canonical\" href=\"https:\/\/juacontecimentos.com.br\/site\/dra-gizelda-e-luiz-sampaio-realizaram-caminhada-e-carreata-nos-bairros-primavera-e-vila-uniao\/\" \/>\n<meta property=\"og:locale\" content=\"pt_BR\" \/>\n<meta property=\"og:type\" content=\"article\" \/>\n<meta property=\"og:title\" content=\"Dra. Gizelda e Luiz Sampaio realizaram caminhada e carreata nos bairros Primavera e Vila Uni\u00e3o - Jornal Ultimos Acontecimentos\" \/>\n<meta property=\"og:description\" content=\"A intensa agenda de campanha desta quinta-feira (22) da Dra. Gizelda, candidata a C\u00e2mara Federal, e Luiz Sampaio, candidato a Assembleia Legislativa de Goi\u00e1s, come\u00e7ou cedinho, de baixo de chuva percorrendo parte do centro da cidade, em Catal\u00e3o. Os candidatos a deputada Federal &#8211; Dra. Gizelda n\u00ba 7727 e o candidato a deputado Estadual \u2013\" \/>\n<meta property=\"og:url\" content=\"https:\/\/juacontecimentos.com.br\/site\/dra-gizelda-e-luiz-sampaio-realizaram-caminhada-e-carreata-nos-bairros-primavera-e-vila-uniao\/\" \/>\n<meta property=\"og:site_name\" content=\"Jornal Ultimos Acontecimentos\" \/>\n<meta property=\"article:publisher\" content=\"https:\/\/www.facebook.com\/jultimosacontecimentos\/\" \/>\n<meta property=\"article:published_time\" content=\"2022-09-23T12:16:24+00:00\" \/>\n<meta property=\"article:modified_time\" content=\"2022-09-23T12:30:32+00:00\" \/>\n<meta property=\"og:image\" content=\"https:\/\/juacontecimentos.com.br\/site\/wp-content\/uploads\/2022\/09\/Gizelda-em-Carreata.jpg\" \/>\n\t<meta property=\"og:image:width\" content=\"1066\" \/>\n\t<meta property=\"og:image:height\" content=\"606\" \/>\n\t<meta property=\"og:image:type\" content=\"image\/jpeg\" \/>\n<meta name=\"author\" content=\"Reginaldo Ribeiro\" \/>\n<meta name=\"twitter:card\" content=\"summary_large_image\" \/>\n<meta name=\"twitter:label1\" content=\"Escrito por\" \/>\n\t<meta name=\"twitter:data1\" content=\"Reginaldo Ribeiro\" \/>\n\t<meta name=\"twitter:label2\" content=\"Est. tempo de leitura\" \/>\n\t<meta name=\"twitter:data2\" content=\"1 minuto\" \/>\n<script type=\"application\/ld+json\" class=\"yoast-schema-graph\">{\"@context\":\"https:\/\/schema.org\",\"@graph\":[{\"@type\":\"Article\",\"@id\":\"https:\/\/juacontecimentos.com.br\/site\/dra-gizelda-e-luiz-sampaio-realizaram-caminhada-e-carreata-nos-bairros-primavera-e-vila-uniao\/#article\",\"isPartOf\":{\"@id\":\"https:\/\/juacontecimentos.com.br\/site\/dra-gizelda-e-luiz-sampaio-realizaram-caminhada-e-carreata-nos-bairros-primavera-e-vila-uniao\/\"},\"author\":{\"name\":\"Reginaldo Ribeiro\",\"@id\":\"https:\/\/juacontecimentos.com.br\/site\/#\/schema\/person\/082a54e6d3fdd7a633291428521c9669\"},\"headline\":\"Dra. Gizelda e Luiz Sampaio realizaram caminhada e carreata nos bairros Primavera e Vila Uni\u00e3o\",\"datePublished\":\"2022-09-23T12:16:24+00:00\",\"dateModified\":\"2022-09-23T12:30:32+00:00\",\"mainEntityOfPage\":{\"@id\":\"https:\/\/juacontecimentos.com.br\/site\/dra-gizelda-e-luiz-sampaio-realizaram-caminhada-e-carreata-nos-bairros-primavera-e-vila-uniao\/\"},\"wordCount\":129,\"commentCount\":0,\"publisher\":{\"@id\":\"https:\/\/juacontecimentos.com.br\/site\/#organization\"},\"image\":{\"@id\":\"https:\/\/juacontecimentos.com.br\/site\/dra-gizelda-e-luiz-sampaio-realizaram-caminhada-e-carreata-nos-bairros-primavera-e-vila-uniao\/#primaryimage\"},\"thumbnailUrl\":\"https:\/\/juacontecimentos.com.br\/site\/wp-content\/uploads\/2022\/09\/Gizelda-em-Carreata.jpg\",\"articleSection\":[\"Brasil\",\"Catal\u00e3o\",\"Destaque\",\"Goi\u00e1s\"],\"inLanguage\":\"pt-BR\"},{\"@type\":\"WebPage\",\"@id\":\"https:\/\/juacontecimentos.com.br\/site\/dra-gizelda-e-luiz-sampaio-realizaram-caminhada-e-carreata-nos-bairros-primavera-e-vila-uniao\/\",\"url\":\"https:\/\/juacontecimentos.com.br\/site\/dra-gizelda-e-luiz-sampaio-realizaram-caminhada-e-carreata-nos-bairros-primavera-e-vila-uniao\/\",\"name\":\"Dra. Gizelda e Luiz Sampaio realizaram caminhada e carreata nos bairros Primavera e Vila Uni\u00e3o - Jornal Ultimos Acontecimentos\",\"isPartOf\":{\"@id\":\"https:\/\/juacontecimentos.com.br\/site\/#website\"},\"primaryImageOfPage\":{\"@id\":\"https:\/\/juacontecimentos.com.br\/site\/dra-gizelda-e-luiz-sampaio-realizaram-caminhada-e-carreata-nos-bairros-primavera-e-vila-uniao\/#primaryimage\"},\"image\":{\"@id\":\"https:\/\/juacontecimentos.com.br\/site\/dra-gizelda-e-luiz-sampaio-realizaram-caminhada-e-carreata-nos-bairros-primavera-e-vila-uniao\/#primaryimage\"},\"thumbnailUrl\":\"https:\/\/juacontecimentos.com.br\/site\/wp-content\/uploads\/2022\/09\/Gizelda-em-Carreata.jpg\",\"datePublished\":\"2022-09-23T12:16:24+00:00\",\"dateModified\":\"2022-09-23T12:30:32+00:00\",\"breadcrumb\":{\"@id\":\"https:\/\/juacontecimentos.com.br\/site\/dra-gizelda-e-luiz-sampaio-realizaram-caminhada-e-carreata-nos-bairros-primavera-e-vila-uniao\/#breadcrumb\"},\"inLanguage\":\"pt-BR\",\"potentialAction\":[{\"@type\":\"ReadAction\",\"target\":[\"https:\/\/juacontecimentos.com.br\/site\/dra-gizelda-e-luiz-sampaio-realizaram-caminhada-e-carreata-nos-bairros-primavera-e-vila-uniao\/\"]}]},{\"@type\":\"ImageObject\",\"inLanguage\":\"pt-BR\",\"@id\":\"https:\/\/juacontecimentos.com.br\/site\/dra-gizelda-e-luiz-sampaio-realizaram-caminhada-e-carreata-nos-bairros-primavera-e-vila-uniao\/#primaryimage\",\"url\":\"https:\/\/juacontecimentos.com.br\/site\/wp-content\/uploads\/2022\/09\/Gizelda-em-Carreata.jpg\",\"contentUrl\":\"https:\/\/juacontecimentos.com.br\/site\/wp-content\/uploads\/2022\/09\/Gizelda-em-Carreata.jpg\",\"width\":1066,\"height\":606},{\"@type\":\"BreadcrumbList\",\"@id\":\"https:\/\/juacontecimentos.com.br\/site\/dra-gizelda-e-luiz-sampaio-realizaram-caminhada-e-carreata-nos-bairros-primavera-e-vila-uniao\/#breadcrumb\",\"itemListElement\":[{\"@type\":\"ListItem\",\"position\":1,\"name\":\"In\u00edcio\",\"item\":\"https:\/\/juacontecimentos.com.br\/site\/\"},{\"@type\":\"ListItem\",\"position\":2,\"name\":\"Dra. Gizelda e Luiz Sampaio realizaram caminhada e carreata nos bairros Primavera e Vila Uni\u00e3o\"}]},{\"@type\":\"WebSite\",\"@id\":\"https:\/\/juacontecimentos.com.br\/site\/#website\",\"url\":\"https:\/\/juacontecimentos.com.br\/site\/\",\"name\":\"Jornal Ultimos Acontecimentos\",\"description\":\"Catal\u00e3o e regi\u00e3o\",\"publisher\":{\"@id\":\"https:\/\/juacontecimentos.com.br\/site\/#organization\"},\"potentialAction\":[{\"@type\":\"SearchAction\",\"target\":{\"@type\":\"EntryPoint\",\"urlTemplate\":\"https:\/\/juacontecimentos.com.br\/site\/?s={search_term_string}\"},\"query-input\":{\"@type\":\"PropertyValueSpecification\",\"valueRequired\":true,\"valueName\":\"search_term_string\"}}],\"inLanguage\":\"pt-BR\"},{\"@type\":\"Organization\",\"@id\":\"https:\/\/juacontecimentos.com.br\/site\/#organization\",\"name\":\"Jornal Ultimos Acontecimentos\",\"url\":\"https:\/\/juacontecimentos.com.br\/site\/\",\"logo\":{\"@type\":\"ImageObject\",\"inLanguage\":\"pt-BR\",\"@id\":\"https:\/\/juacontecimentos.com.br\/site\/#\/schema\/logo\/image\/\",\"url\":\"https:\/\/juacontecimentos.com.br\/site\/wp-content\/uploads\/2023\/04\/Logo_Site.png\",\"contentUrl\":\"https:\/\/juacontecimentos.com.br\/site\/wp-content\/uploads\/2023\/04\/Logo_Site.png\",\"width\":2476,\"height\":530,\"caption\":\"Jornal Ultimos Acontecimentos\"},\"image\":{\"@id\":\"https:\/\/juacontecimentos.com.br\/site\/#\/schema\/logo\/image\/\"},\"sameAs\":[\"https:\/\/www.facebook.com\/jultimosacontecimentos\/\"]},{\"@type\":\"Person\",\"@id\":\"https:\/\/juacontecimentos.com.br\/site\/#\/schema\/person\/082a54e6d3fdd7a633291428521c9669\",\"name\":\"Reginaldo Ribeiro\",\"image\":{\"@type\":\"ImageObject\",\"inLanguage\":\"pt-BR\",\"@id\":\"https:\/\/juacontecimentos.com.br\/site\/#\/schema\/person\/image\/\",\"url\":\"https:\/\/secure.gravatar.com\/avatar\/5c16c6837c3490270a74d888c2a845728f06bdde1f8761de1de1d1d1ef82d12f?s=96&d=mm&r=g\",\"contentUrl\":\"https:\/\/secure.gravatar.com\/avatar\/5c16c6837c3490270a74d888c2a845728f06bdde1f8761de1de1d1d1ef82d12f?s=96&d=mm&r=g\",\"caption\":\"Reginaldo Ribeiro\"}}]}<\/script>\n<!-- \/ Yoast SEO plugin. -->","yoast_head_json":{"title":"Dra. Gizelda e Luiz Sampaio realizaram caminhada e carreata nos bairros Primavera e Vila Uni\u00e3o - Jornal Ultimos Acontecimentos","robots":{"index":"index","follow":"follow","max-snippet":"max-snippet:-1","max-image-preview":"max-image-preview:large","max-video-preview":"max-video-preview:-1"},"canonical":"https:\/\/juacontecimentos.com.br\/site\/dra-gizelda-e-luiz-sampaio-realizaram-caminhada-e-carreata-nos-bairros-primavera-e-vila-uniao\/","og_locale":"pt_BR","og_type":"article","og_title":"Dra. Gizelda e Luiz Sampaio realizaram caminhada e carreata nos bairros Primavera e Vila Uni\u00e3o - Jornal Ultimos Acontecimentos","og_description":"A intensa agenda de campanha desta quinta-feira (22) da Dra. Gizelda, candidata a C\u00e2mara Federal, e Luiz Sampaio, candidato a Assembleia Legislativa de Goi\u00e1s, come\u00e7ou cedinho, de baixo de chuva percorrendo parte do centro da cidade, em Catal\u00e3o. Os candidatos a deputada Federal &#8211; Dra. Gizelda n\u00ba 7727 e o candidato a deputado Estadual \u2013","og_url":"https:\/\/juacontecimentos.com.br\/site\/dra-gizelda-e-luiz-sampaio-realizaram-caminhada-e-carreata-nos-bairros-primavera-e-vila-uniao\/","og_site_name":"Jornal Ultimos Acontecimentos","article_publisher":"https:\/\/www.facebook.com\/jultimosacontecimentos\/","article_published_time":"2022-09-23T12:16:24+00:00","article_modified_time":"2022-09-23T12:30:32+00:00","og_image":[{"width":1066,"height":606,"url":"https:\/\/juacontecimentos.com.br\/site\/wp-content\/uploads\/2022\/09\/Gizelda-em-Carreata.jpg","type":"image\/jpeg"}],"author":"Reginaldo Ribeiro","twitter_card":"summary_large_image","twitter_misc":{"Escrito por":"Reginaldo Ribeiro","Est. tempo de leitura":"1 minuto"},"schema":{"@context":"https:\/\/schema.org","@graph":[{"@type":"Article","@id":"https:\/\/juacontecimentos.com.br\/site\/dra-gizelda-e-luiz-sampaio-realizaram-caminhada-e-carreata-nos-bairros-primavera-e-vila-uniao\/#article","isPartOf":{"@id":"https:\/\/juacontecimentos.com.br\/site\/dra-gizelda-e-luiz-sampaio-realizaram-caminhada-e-carreata-nos-bairros-primavera-e-vila-uniao\/"},"author":{"name":"Reginaldo Ribeiro","@id":"https:\/\/juacontecimentos.com.br\/site\/#\/schema\/person\/082a54e6d3fdd7a633291428521c9669"},"headline":"Dra. Gizelda e Luiz Sampaio realizaram caminhada e carreata nos bairros Primavera e Vila Uni\u00e3o","datePublished":"2022-09-23T12:16:24+00:00","dateModified":"2022-09-23T12:30:32+00:00","mainEntityOfPage":{"@id":"https:\/\/juacontecimentos.com.br\/site\/dra-gizelda-e-luiz-sampaio-realizaram-caminhada-e-carreata-nos-bairros-primavera-e-vila-uniao\/"},"wordCount":129,"commentCount":0,"publisher":{"@id":"https:\/\/juacontecimentos.com.br\/site\/#organization"},"image":{"@id":"https:\/\/juacontecimentos.com.br\/site\/dra-gizelda-e-luiz-sampaio-realizaram-caminhada-e-carreata-nos-bairros-primavera-e-vila-uniao\/#primaryimage"},"thumbnailUrl":"https:\/\/juacontecimentos.com.br\/site\/wp-content\/uploads\/2022\/09\/Gizelda-em-Carreata.jpg","articleSection":["Brasil","Catal\u00e3o","Destaque","Goi\u00e1s"],"inLanguage":"pt-BR"},{"@type":"WebPage","@id":"https:\/\/juacontecimentos.com.br\/site\/dra-gizelda-e-luiz-sampaio-realizaram-caminhada-e-carreata-nos-bairros-primavera-e-vila-uniao\/","url":"https:\/\/juacontecimentos.com.br\/site\/dra-gizelda-e-luiz-sampaio-realizaram-caminhada-e-carreata-nos-bairros-primavera-e-vila-uniao\/","name":"Dra. Gizelda e Luiz Sampaio realizaram caminhada e carreata nos bairros Primavera e Vila Uni\u00e3o - Jornal Ultimos Acontecimentos","isPartOf":{"@id":"https:\/\/juacontecimentos.com.br\/site\/#website"},"primaryImageOfPage":{"@id":"https:\/\/juacontecimentos.com.br\/site\/dra-gizelda-e-luiz-sampaio-realizaram-caminhada-e-carreata-nos-bairros-primavera-e-vila-uniao\/#primaryimage"},"image":{"@id":"https:\/\/juacontecimentos.com.br\/site\/dra-gizelda-e-luiz-sampaio-realizaram-caminhada-e-carreata-nos-bairros-primavera-e-vila-uniao\/#primaryimage"},"thumbnailUrl":"https:\/\/juacontecimentos.com.br\/site\/wp-content\/uploads\/2022\/09\/Gizelda-em-Carreata.jpg","datePublished":"2022-09-23T12:16:24+00:00","dateModified":"2022-09-23T12:30:32+00:00","breadcrumb":{"@id":"https:\/\/juacontecimentos.com.br\/site\/dra-gizelda-e-luiz-sampaio-realizaram-caminhada-e-carreata-nos-bairros-primavera-e-vila-uniao\/#breadcrumb"},"inLanguage":"pt-BR","potentialAction":[{"@type":"ReadAction","target":["https:\/\/juacontecimentos.com.br\/site\/dra-gizelda-e-luiz-sampaio-realizaram-caminhada-e-carreata-nos-bairros-primavera-e-vila-uniao\/"]}]},{"@type":"ImageObject","inLanguage":"pt-BR","@id":"https:\/\/juacontecimentos.com.br\/site\/dra-gizelda-e-luiz-sampaio-realizaram-caminhada-e-carreata-nos-bairros-primavera-e-vila-uniao\/#primaryimage","url":"https:\/\/juacontecimentos.com.br\/site\/wp-content\/uploads\/2022\/09\/Gizelda-em-Carreata.jpg","contentUrl":"https:\/\/juacontecimentos.com.br\/site\/wp-content\/uploads\/2022\/09\/Gizelda-em-Carreata.jpg","width":1066,"height":606},{"@type":"BreadcrumbList","@id":"https:\/\/juacontecimentos.com.br\/site\/dra-gizelda-e-luiz-sampaio-realizaram-caminhada-e-carreata-nos-bairros-primavera-e-vila-uniao\/#breadcrumb","itemListElement":[{"@type":"ListItem","position":1,"name":"In\u00edcio","item":"https:\/\/juacontecimentos.com.br\/site\/"},{"@type":"ListItem","position":2,"name":"Dra. Gizelda e Luiz Sampaio realizaram caminhada e carreata nos bairros Primavera e Vila Uni\u00e3o"}]},{"@type":"WebSite","@id":"https:\/\/juacontecimentos.com.br\/site\/#website","url":"https:\/\/juacontecimentos.com.br\/site\/","name":"Jornal Ultimos Acontecimentos","description":"Catal\u00e3o e regi\u00e3o","publisher":{"@id":"https:\/\/juacontecimentos.com.br\/site\/#organization"},"potentialAction":[{"@type":"SearchAction","target":{"@type":"EntryPoint","urlTemplate":"https:\/\/juacontecimentos.com.br\/site\/?s={search_term_string}"},"query-input":{"@type":"PropertyValueSpecification","valueRequired":true,"valueName":"search_term_string"}}],"inLanguage":"pt-BR"},{"@type":"Organization","@id":"https:\/\/juacontecimentos.com.br\/site\/#organization","name":"Jornal Ultimos Acontecimentos","url":"https:\/\/juacontecimentos.com.br\/site\/","logo":{"@type":"ImageObject","inLanguage":"pt-BR","@id":"https:\/\/juacontecimentos.com.br\/site\/#\/schema\/logo\/image\/","url":"https:\/\/juacontecimentos.com.br\/site\/wp-content\/uploads\/2023\/04\/Logo_Site.png","contentUrl":"https:\/\/juacontecimentos.com.br\/site\/wp-content\/uploads\/2023\/04\/Logo_Site.png","width":2476,"height":530,"caption":"Jornal Ultimos Acontecimentos"},"image":{"@id":"https:\/\/juacontecimentos.com.br\/site\/#\/schema\/logo\/image\/"},"sameAs":["https:\/\/www.facebook.com\/jultimosacontecimentos\/"]},{"@type":"Person","@id":"https:\/\/juacontecimentos.com.br\/site\/#\/schema\/person\/082a54e6d3fdd7a633291428521c9669","name":"Reginaldo Ribeiro","image":{"@type":"ImageObject","inLanguage":"pt-BR","@id":"https:\/\/juacontecimentos.com.br\/site\/#\/schema\/person\/image\/","url":"https:\/\/secure.gravatar.com\/avatar\/5c16c6837c3490270a74d888c2a845728f06bdde1f8761de1de1d1d1ef82d12f?s=96&d=mm&r=g","contentUrl":"https:\/\/secure.gravatar.com\/avatar\/5c16c6837c3490270a74d888c2a845728f06bdde1f8761de1de1d1d1ef82d12f?s=96&d=mm&r=g","caption":"Reginaldo Ribeiro"}}]}},"_links":{"self":[{"href":"https:\/\/juacontecimentos.com.br\/site\/wp-json\/wp\/v2\/posts\/22184","targetHints":{"allow":["GET"]}}],"collection":[{"href":"https:\/\/juacontecimentos.com.br\/site\/wp-json\/wp\/v2\/posts"}],"about":[{"href":"https:\/\/juacontecimentos.com.br\/site\/wp-json\/wp\/v2\/types\/post"}],"author":[{"embeddable":true,"href":"https:\/\/juacontecimentos.com.br\/site\/wp-json\/wp\/v2\/users\/2"}],"replies":[{"embeddable":true,"href":"https:\/\/juacontecimentos.com.br\/site\/wp-json\/wp\/v2\/comments?post=22184"}],"version-history":[{"count":5,"href":"https:\/\/juacontecimentos.com.br\/site\/wp-json\/wp\/v2\/posts\/22184\/revisions"}],"predecessor-version":[{"id":22200,"href":"https:\/\/juacontecimentos.com.br\/site\/wp-json\/wp\/v2\/posts\/22184\/revisions\/22200"}],"wp:featuredmedia":[{"embeddable":true,"href":"https:\/\/juacontecimentos.com.br\/site\/wp-json\/wp\/v2\/media\/22199"}],"wp:attachment":[{"href":"https:\/\/juacontecimentos.com.br\/site\/wp-json\/wp\/v2\/media?parent=22184"}],"wp:term":[{"taxonomy":"category","embeddable":true,"href":"https:\/\/juacontecimentos.com.br\/site\/wp-json\/wp\/v2\/categories?post=22184"},{"taxonomy":"post_tag","embeddable":true,"href":"https:\/\/juacontecimentos.com.br\/site\/wp-json\/wp\/v2\/tags?post=22184"}],"curies":[{"name":"wp","href":"https:\/\/api.w.org\/{rel}","templated":true}]}}