{"id":22468,"date":"2022-10-19T21:56:47","date_gmt":"2022-10-20T00:56:47","guid":{"rendered":"https:\/\/juacontecimentos.com.br\/site\/?p=22468"},"modified":"2022-10-20T04:25:12","modified_gmt":"2022-10-20T07:25:12","slug":"ouvidor-69-anos-desfile-civico-marca-comemoracao-do-aniversario-da-cidade","status":"publish","type":"post","link":"https:\/\/juacontecimentos.com.br\/site\/ouvidor-69-anos-desfile-civico-marca-comemoracao-do-aniversario-da-cidade\/","title":{"rendered":"Ouvidor 69 anos: Desfile C\u00edvico marca comemora\u00e7\u00e3o do anivers\u00e1rio da cidade"},"content":{"rendered":"<h2 style=\"text-align: center\"><em>\u201cO resultado desse desfile \u00e9 fruto de um trabalho realizado com amor, carinho, dedica\u00e7\u00e3o e respeito, acima de tudo. Viva Ouvidor, parab\u00e9ns pelos 69 anos de uma bel\u00edssima hist\u00f3ria\u201d<\/em>, comemorou o Prefeito \u2013 Cebinha Nascimento.<\/h2>\n<p><img loading=\"lazy\" decoding=\"async\" class=\"alignnone size-large wp-image-22471\" src=\"https:\/\/juacontecimentos.com.br\/site\/wp-content\/uploads\/2022\/10\/IMG-20221020-WA0134-1024x682.jpg\" alt=\"\" width=\"900\" height=\"599\" srcset=\"https:\/\/juacontecimentos.com.br\/site\/wp-content\/uploads\/2022\/10\/IMG-20221020-WA0134-1024x682.jpg 1024w, https:\/\/juacontecimentos.com.br\/site\/wp-content\/uploads\/2022\/10\/IMG-20221020-WA0134-300x200.jpg 300w, https:\/\/juacontecimentos.com.br\/site\/wp-content\/uploads\/2022\/10\/IMG-20221020-WA0134-768x512.jpg 768w, https:\/\/juacontecimentos.com.br\/site\/wp-content\/uploads\/2022\/10\/IMG-20221020-WA0134.jpg 1280w\" sizes=\"auto, (max-width: 900px) 100vw, 900px\" \/> <img loading=\"lazy\" decoding=\"async\" class=\"alignnone size-large wp-image-22472\" src=\"https:\/\/juacontecimentos.com.br\/site\/wp-content\/uploads\/2022\/10\/IMG-20221020-WA0136-1024x682.jpg\" alt=\"\" width=\"900\" height=\"599\" srcset=\"https:\/\/juacontecimentos.com.br\/site\/wp-content\/uploads\/2022\/10\/IMG-20221020-WA0136-1024x682.jpg 1024w, https:\/\/juacontecimentos.com.br\/site\/wp-content\/uploads\/2022\/10\/IMG-20221020-WA0136-300x200.jpg 300w, https:\/\/juacontecimentos.com.br\/site\/wp-content\/uploads\/2022\/10\/IMG-20221020-WA0136-768x512.jpg 768w, https:\/\/juacontecimentos.com.br\/site\/wp-content\/uploads\/2022\/10\/IMG-20221020-WA0136.jpg 1280w\" sizes=\"auto, (max-width: 900px) 100vw, 900px\" \/> <img loading=\"lazy\" decoding=\"async\" class=\"alignnone size-large wp-image-22473\" src=\"https:\/\/juacontecimentos.com.br\/site\/wp-content\/uploads\/2022\/10\/IMG-20221020-WA0137-1024x682.jpg\" alt=\"\" width=\"900\" height=\"599\" srcset=\"https:\/\/juacontecimentos.com.br\/site\/wp-content\/uploads\/2022\/10\/IMG-20221020-WA0137-1024x682.jpg 1024w, https:\/\/juacontecimentos.com.br\/site\/wp-content\/uploads\/2022\/10\/IMG-20221020-WA0137-300x200.jpg 300w, https:\/\/juacontecimentos.com.br\/site\/wp-content\/uploads\/2022\/10\/IMG-20221020-WA0137-768x512.jpg 768w, https:\/\/juacontecimentos.com.br\/site\/wp-content\/uploads\/2022\/10\/IMG-20221020-WA0137.jpg 1280w\" sizes=\"auto, (max-width: 900px) 100vw, 900px\" \/><\/p>\n<p>A pra\u00e7a da Esta\u00e7\u00e3o Cultural, foi palco, na tarde do dia 19 de outubro, de diversas atividades, entre elas, o tradicional desfile das escolas e entidades em comemora\u00e7\u00e3o aos 69 anos do anivers\u00e1rio de emancipa\u00e7\u00e3o pol\u00edtico- administrativa de Ouvidor.<\/p>\n<p><img loading=\"lazy\" decoding=\"async\" class=\"alignnone size-large wp-image-22506\" src=\"https:\/\/juacontecimentos.com.br\/site\/wp-content\/uploads\/2022\/10\/IMG_20221019_181433-1024x576.jpg\" alt=\"\" width=\"900\" height=\"506\" srcset=\"https:\/\/juacontecimentos.com.br\/site\/wp-content\/uploads\/2022\/10\/IMG_20221019_181433-1024x576.jpg 1024w, https:\/\/juacontecimentos.com.br\/site\/wp-content\/uploads\/2022\/10\/IMG_20221019_181433-300x169.jpg 300w, https:\/\/juacontecimentos.com.br\/site\/wp-content\/uploads\/2022\/10\/IMG_20221019_181433-768x432.jpg 768w\" sizes=\"auto, (max-width: 900px) 100vw, 900px\" \/><\/p>\n<p>O desfile n\u00e3o era realizado h\u00e1 dois anos por conta das restri\u00e7\u00f5es impostas pela pandemia da Covid-19. Este ano, a festa foi completa com a participa\u00e7\u00e3o de escolas p\u00fablicas e privadas, al\u00e9m de empresas e entidades e projetos sociais.<\/p>\n<p><img loading=\"lazy\" decoding=\"async\" class=\"alignnone size-large wp-image-22475\" src=\"https:\/\/juacontecimentos.com.br\/site\/wp-content\/uploads\/2022\/10\/IMG-20221020-WA0148-1024x680.jpg\" alt=\"\" width=\"900\" height=\"598\" srcset=\"https:\/\/juacontecimentos.com.br\/site\/wp-content\/uploads\/2022\/10\/IMG-20221020-WA0148-1024x680.jpg 1024w, https:\/\/juacontecimentos.com.br\/site\/wp-content\/uploads\/2022\/10\/IMG-20221020-WA0148-300x199.jpg 300w, https:\/\/juacontecimentos.com.br\/site\/wp-content\/uploads\/2022\/10\/IMG-20221020-WA0148-768x510.jpg 768w, https:\/\/juacontecimentos.com.br\/site\/wp-content\/uploads\/2022\/10\/IMG-20221020-WA0148.jpg 1072w\" sizes=\"auto, (max-width: 900px) 100vw, 900px\" \/> <img loading=\"lazy\" decoding=\"async\" class=\"alignnone size-large wp-image-22476\" src=\"https:\/\/juacontecimentos.com.br\/site\/wp-content\/uploads\/2022\/10\/IMG-20221020-WA0147-1024x680.jpg\" alt=\"\" width=\"900\" height=\"598\" srcset=\"https:\/\/juacontecimentos.com.br\/site\/wp-content\/uploads\/2022\/10\/IMG-20221020-WA0147-1024x680.jpg 1024w, https:\/\/juacontecimentos.com.br\/site\/wp-content\/uploads\/2022\/10\/IMG-20221020-WA0147-300x199.jpg 300w, https:\/\/juacontecimentos.com.br\/site\/wp-content\/uploads\/2022\/10\/IMG-20221020-WA0147-768x510.jpg 768w, https:\/\/juacontecimentos.com.br\/site\/wp-content\/uploads\/2022\/10\/IMG-20221020-WA0147.jpg 1072w\" sizes=\"auto, (max-width: 900px) 100vw, 900px\" \/> <img loading=\"lazy\" decoding=\"async\" class=\"alignnone size-large wp-image-22477\" src=\"https:\/\/juacontecimentos.com.br\/site\/wp-content\/uploads\/2022\/10\/IMG-20221020-WA0145-1024x680.jpg\" alt=\"\" width=\"900\" height=\"598\" srcset=\"https:\/\/juacontecimentos.com.br\/site\/wp-content\/uploads\/2022\/10\/IMG-20221020-WA0145-1024x680.jpg 1024w, https:\/\/juacontecimentos.com.br\/site\/wp-content\/uploads\/2022\/10\/IMG-20221020-WA0145-300x199.jpg 300w, https:\/\/juacontecimentos.com.br\/site\/wp-content\/uploads\/2022\/10\/IMG-20221020-WA0145-768x510.jpg 768w, https:\/\/juacontecimentos.com.br\/site\/wp-content\/uploads\/2022\/10\/IMG-20221020-WA0145.jpg 1072w\" sizes=\"auto, (max-width: 900px) 100vw, 900px\" \/><\/p>\n<p>\u201cReunidos aqui, acompanhamos um desfile t\u00e3o importante. S\u00e3o 69 anos da nossa amada cidade de Ouvidor, com diversas fam\u00edlias e crian\u00e7as prestigiando e acompanhando, com emo\u00e7\u00e3o, as mais variadas apresenta\u00e7\u00f5es. Foi um desfile emocionante e que mostrou nossas ra\u00edzes! Parabenizo a todas as escolas, diretoras e professoras pelo brilhante trabalho realizado com as nossas crian\u00e7as e adolescentes pela bel\u00edssima festa. O resultado desse desfile \u00e9 fruto de um trabalho realizado com amor, carinho, dedica\u00e7\u00e3o e respeito, acima de tudo. Viva Ouvidor! E parab\u00e9ns pelos 69 anos de uma bel\u00edssima hist\u00f3ria\u201d, destacou o prefeito Cebinha Nascimento, acompanhado da primeira-dama, do vice-prefeito, dos secret\u00e1rios municipais, assessores e convidados.<\/p>\n<p><img loading=\"lazy\" decoding=\"async\" class=\"alignnone size-large wp-image-22479\" src=\"https:\/\/juacontecimentos.com.br\/site\/wp-content\/uploads\/2022\/10\/IMG-20221020-WA0154-1024x680.jpg\" alt=\"\" width=\"900\" height=\"598\" srcset=\"https:\/\/juacontecimentos.com.br\/site\/wp-content\/uploads\/2022\/10\/IMG-20221020-WA0154-1024x680.jpg 1024w, https:\/\/juacontecimentos.com.br\/site\/wp-content\/uploads\/2022\/10\/IMG-20221020-WA0154-300x199.jpg 300w, https:\/\/juacontecimentos.com.br\/site\/wp-content\/uploads\/2022\/10\/IMG-20221020-WA0154-768x510.jpg 768w, https:\/\/juacontecimentos.com.br\/site\/wp-content\/uploads\/2022\/10\/IMG-20221020-WA0154.jpg 1072w\" sizes=\"auto, (max-width: 900px) 100vw, 900px\" \/> <img loading=\"lazy\" decoding=\"async\" class=\"alignnone size-large wp-image-22480\" src=\"https:\/\/juacontecimentos.com.br\/site\/wp-content\/uploads\/2022\/10\/IMG-20221020-WA0151-1024x680.jpg\" alt=\"\" width=\"900\" height=\"598\" srcset=\"https:\/\/juacontecimentos.com.br\/site\/wp-content\/uploads\/2022\/10\/IMG-20221020-WA0151-1024x680.jpg 1024w, https:\/\/juacontecimentos.com.br\/site\/wp-content\/uploads\/2022\/10\/IMG-20221020-WA0151-300x199.jpg 300w, https:\/\/juacontecimentos.com.br\/site\/wp-content\/uploads\/2022\/10\/IMG-20221020-WA0151-768x510.jpg 768w, https:\/\/juacontecimentos.com.br\/site\/wp-content\/uploads\/2022\/10\/IMG-20221020-WA0151.jpg 1072w\" sizes=\"auto, (max-width: 900px) 100vw, 900px\" \/> <img loading=\"lazy\" decoding=\"async\" class=\"alignnone size-large wp-image-22481\" src=\"https:\/\/juacontecimentos.com.br\/site\/wp-content\/uploads\/2022\/10\/IMG-20221020-WA0155-1024x680.jpg\" alt=\"\" width=\"900\" height=\"598\" srcset=\"https:\/\/juacontecimentos.com.br\/site\/wp-content\/uploads\/2022\/10\/IMG-20221020-WA0155-1024x680.jpg 1024w, https:\/\/juacontecimentos.com.br\/site\/wp-content\/uploads\/2022\/10\/IMG-20221020-WA0155-300x199.jpg 300w, https:\/\/juacontecimentos.com.br\/site\/wp-content\/uploads\/2022\/10\/IMG-20221020-WA0155-768x510.jpg 768w, https:\/\/juacontecimentos.com.br\/site\/wp-content\/uploads\/2022\/10\/IMG-20221020-WA0155.jpg 1072w\" sizes=\"auto, (max-width: 900px) 100vw, 900px\" \/> <img loading=\"lazy\" decoding=\"async\" class=\"alignnone size-large wp-image-22482\" src=\"https:\/\/juacontecimentos.com.br\/site\/wp-content\/uploads\/2022\/10\/IMG-20221020-WA0127-1024x682.jpg\" alt=\"\" width=\"900\" height=\"599\" srcset=\"https:\/\/juacontecimentos.com.br\/site\/wp-content\/uploads\/2022\/10\/IMG-20221020-WA0127-1024x682.jpg 1024w, https:\/\/juacontecimentos.com.br\/site\/wp-content\/uploads\/2022\/10\/IMG-20221020-WA0127-300x200.jpg 300w, https:\/\/juacontecimentos.com.br\/site\/wp-content\/uploads\/2022\/10\/IMG-20221020-WA0127-768x512.jpg 768w, https:\/\/juacontecimentos.com.br\/site\/wp-content\/uploads\/2022\/10\/IMG-20221020-WA0127.jpg 1280w\" sizes=\"auto, (max-width: 900px) 100vw, 900px\" \/> <img loading=\"lazy\" decoding=\"async\" class=\"alignnone size-large wp-image-22483\" src=\"https:\/\/juacontecimentos.com.br\/site\/wp-content\/uploads\/2022\/10\/IMG-20221020-WA0128-1024x682.jpg\" alt=\"\" width=\"900\" height=\"599\" srcset=\"https:\/\/juacontecimentos.com.br\/site\/wp-content\/uploads\/2022\/10\/IMG-20221020-WA0128-1024x682.jpg 1024w, https:\/\/juacontecimentos.com.br\/site\/wp-content\/uploads\/2022\/10\/IMG-20221020-WA0128-300x200.jpg 300w, https:\/\/juacontecimentos.com.br\/site\/wp-content\/uploads\/2022\/10\/IMG-20221020-WA0128-768x512.jpg 768w, https:\/\/juacontecimentos.com.br\/site\/wp-content\/uploads\/2022\/10\/IMG-20221020-WA0128.jpg 1280w\" sizes=\"auto, (max-width: 900px) 100vw, 900px\" \/><\/p>\n<p><strong>\u00a0<\/strong>Com tema: \u201cEduca\u00e7\u00e3o que transforma e promove cidadania\u201d, em entrevista exclusiva a secret\u00e1ria municipal de Educa\u00e7\u00e3o &#8211; Shirley Helena de Almeida, respons\u00e1vel pela organiza\u00e7\u00e3o do tradicional desfile c\u00edvico, relatou a grande emo\u00e7\u00e3o em retomar em 100% as atividades escolares, p\u00f3s Covid-19. \u201cEstamos transbordando gratid\u00e3o ap\u00f3s dois anos, estarmos de volta na avenida apresentando um desfile lindo para comunidade escolar e para toda popula\u00e7\u00e3o de Ouvidor\u201d.<\/p>\n<p><img loading=\"lazy\" decoding=\"async\" class=\"alignnone size-large wp-image-22500\" src=\"https:\/\/juacontecimentos.com.br\/site\/wp-content\/uploads\/2022\/10\/IMG-20221020-WA0062-1024x680.jpg\" alt=\"\" width=\"900\" height=\"598\" srcset=\"https:\/\/juacontecimentos.com.br\/site\/wp-content\/uploads\/2022\/10\/IMG-20221020-WA0062-1024x680.jpg 1024w, https:\/\/juacontecimentos.com.br\/site\/wp-content\/uploads\/2022\/10\/IMG-20221020-WA0062-300x199.jpg 300w, https:\/\/juacontecimentos.com.br\/site\/wp-content\/uploads\/2022\/10\/IMG-20221020-WA0062-768x510.jpg 768w, https:\/\/juacontecimentos.com.br\/site\/wp-content\/uploads\/2022\/10\/IMG-20221020-WA0062.jpg 1072w\" sizes=\"auto, (max-width: 900px) 100vw, 900px\" \/> <img loading=\"lazy\" decoding=\"async\" class=\"alignnone size-large wp-image-22501\" src=\"https:\/\/juacontecimentos.com.br\/site\/wp-content\/uploads\/2022\/10\/IMG-20221020-WA0061-1024x680.jpg\" alt=\"\" width=\"900\" height=\"598\" srcset=\"https:\/\/juacontecimentos.com.br\/site\/wp-content\/uploads\/2022\/10\/IMG-20221020-WA0061-1024x680.jpg 1024w, https:\/\/juacontecimentos.com.br\/site\/wp-content\/uploads\/2022\/10\/IMG-20221020-WA0061-300x199.jpg 300w, https:\/\/juacontecimentos.com.br\/site\/wp-content\/uploads\/2022\/10\/IMG-20221020-WA0061-768x510.jpg 768w, https:\/\/juacontecimentos.com.br\/site\/wp-content\/uploads\/2022\/10\/IMG-20221020-WA0061.jpg 1072w\" sizes=\"auto, (max-width: 900px) 100vw, 900px\" \/> <img loading=\"lazy\" decoding=\"async\" class=\"alignnone size-large wp-image-22502\" src=\"https:\/\/juacontecimentos.com.br\/site\/wp-content\/uploads\/2022\/10\/IMG-20221020-WA0055-1-1024x680.jpg\" alt=\"\" width=\"900\" height=\"598\" srcset=\"https:\/\/juacontecimentos.com.br\/site\/wp-content\/uploads\/2022\/10\/IMG-20221020-WA0055-1-1024x680.jpg 1024w, https:\/\/juacontecimentos.com.br\/site\/wp-content\/uploads\/2022\/10\/IMG-20221020-WA0055-1-300x199.jpg 300w, https:\/\/juacontecimentos.com.br\/site\/wp-content\/uploads\/2022\/10\/IMG-20221020-WA0055-1-768x510.jpg 768w, https:\/\/juacontecimentos.com.br\/site\/wp-content\/uploads\/2022\/10\/IMG-20221020-WA0055-1.jpg 1072w\" sizes=\"auto, (max-width: 900px) 100vw, 900px\" \/> <img loading=\"lazy\" decoding=\"async\" class=\"alignnone size-large wp-image-22503\" src=\"https:\/\/juacontecimentos.com.br\/site\/wp-content\/uploads\/2022\/10\/IMG-20221020-WA0136-1-1024x682.jpg\" alt=\"\" width=\"900\" height=\"599\" srcset=\"https:\/\/juacontecimentos.com.br\/site\/wp-content\/uploads\/2022\/10\/IMG-20221020-WA0136-1-1024x682.jpg 1024w, https:\/\/juacontecimentos.com.br\/site\/wp-content\/uploads\/2022\/10\/IMG-20221020-WA0136-1-300x200.jpg 300w, https:\/\/juacontecimentos.com.br\/site\/wp-content\/uploads\/2022\/10\/IMG-20221020-WA0136-1-768x512.jpg 768w, https:\/\/juacontecimentos.com.br\/site\/wp-content\/uploads\/2022\/10\/IMG-20221020-WA0136-1.jpg 1280w\" sizes=\"auto, (max-width: 900px) 100vw, 900px\" \/> <img loading=\"lazy\" decoding=\"async\" class=\"alignnone size-large wp-image-22504\" src=\"https:\/\/juacontecimentos.com.br\/site\/wp-content\/uploads\/2022\/10\/IMG-20221020-WA0135-1024x682.jpg\" alt=\"\" width=\"900\" height=\"599\" srcset=\"https:\/\/juacontecimentos.com.br\/site\/wp-content\/uploads\/2022\/10\/IMG-20221020-WA0135-1024x682.jpg 1024w, https:\/\/juacontecimentos.com.br\/site\/wp-content\/uploads\/2022\/10\/IMG-20221020-WA0135-300x200.jpg 300w, https:\/\/juacontecimentos.com.br\/site\/wp-content\/uploads\/2022\/10\/IMG-20221020-WA0135-768x512.jpg 768w, https:\/\/juacontecimentos.com.br\/site\/wp-content\/uploads\/2022\/10\/IMG-20221020-WA0135.jpg 1280w\" sizes=\"auto, (max-width: 900px) 100vw, 900px\" \/> <img loading=\"lazy\" decoding=\"async\" class=\"alignnone size-large wp-image-22505\" src=\"https:\/\/juacontecimentos.com.br\/site\/wp-content\/uploads\/2022\/10\/IMG-20221020-WA0131-1024x680.jpg\" alt=\"\" width=\"900\" height=\"598\" srcset=\"https:\/\/juacontecimentos.com.br\/site\/wp-content\/uploads\/2022\/10\/IMG-20221020-WA0131-1024x680.jpg 1024w, https:\/\/juacontecimentos.com.br\/site\/wp-content\/uploads\/2022\/10\/IMG-20221020-WA0131-300x199.jpg 300w, https:\/\/juacontecimentos.com.br\/site\/wp-content\/uploads\/2022\/10\/IMG-20221020-WA0131-768x510.jpg 768w, https:\/\/juacontecimentos.com.br\/site\/wp-content\/uploads\/2022\/10\/IMG-20221020-WA0131.jpg 1072w\" sizes=\"auto, (max-width: 900px) 100vw, 900px\" \/><\/p>\n<p><strong>\u00a0<\/strong><strong>C<\/strong>erca de 2.500 pessoas prestaram homenagem ao anivers\u00e1rio da cidade de Ouvidor. \u201cEstamos fazendo um passeio pela hist\u00f3ria, valorizando as pessoas e as influ\u00eancias que constru\u00edram e constroem a identidade de Ouvidor. Neste sentido, estamos levando em considera\u00e7\u00e3o que a educa\u00e7\u00e3o precisa de fato ter seu papel como protagonista nesta hist\u00f3ria. No p\u00f3s-pandemia, estamos voltando com \u00cdndice de Desenvolvimento da Educa\u00e7\u00e3o B\u00e1sica (<em>Ideb<\/em>) entre as dez melhores notas do Estado. A educa\u00e7\u00e3o \u00e9 isso, ela traz a possibilidade de novos rumos e horizontes\u201d, disse a secret\u00e1ria de Educa\u00e7\u00e3o.<\/p>\n<p><img loading=\"lazy\" decoding=\"async\" class=\"alignnone size-large wp-image-22484\" src=\"https:\/\/juacontecimentos.com.br\/site\/wp-content\/uploads\/2022\/10\/IMG-20221020-WA0150-1024x680.jpg\" alt=\"\" width=\"900\" height=\"598\" srcset=\"https:\/\/juacontecimentos.com.br\/site\/wp-content\/uploads\/2022\/10\/IMG-20221020-WA0150-1024x680.jpg 1024w, https:\/\/juacontecimentos.com.br\/site\/wp-content\/uploads\/2022\/10\/IMG-20221020-WA0150-300x199.jpg 300w, https:\/\/juacontecimentos.com.br\/site\/wp-content\/uploads\/2022\/10\/IMG-20221020-WA0150-768x510.jpg 768w, https:\/\/juacontecimentos.com.br\/site\/wp-content\/uploads\/2022\/10\/IMG-20221020-WA0150.jpg 1072w\" sizes=\"auto, (max-width: 900px) 100vw, 900px\" \/> <img loading=\"lazy\" decoding=\"async\" class=\"alignnone size-large wp-image-22485\" src=\"https:\/\/juacontecimentos.com.br\/site\/wp-content\/uploads\/2022\/10\/IMG-20221020-WA0143-1024x680.jpg\" alt=\"\" width=\"900\" height=\"598\" srcset=\"https:\/\/juacontecimentos.com.br\/site\/wp-content\/uploads\/2022\/10\/IMG-20221020-WA0143-1024x680.jpg 1024w, https:\/\/juacontecimentos.com.br\/site\/wp-content\/uploads\/2022\/10\/IMG-20221020-WA0143-300x199.jpg 300w, https:\/\/juacontecimentos.com.br\/site\/wp-content\/uploads\/2022\/10\/IMG-20221020-WA0143-768x510.jpg 768w, https:\/\/juacontecimentos.com.br\/site\/wp-content\/uploads\/2022\/10\/IMG-20221020-WA0143.jpg 1072w\" sizes=\"auto, (max-width: 900px) 100vw, 900px\" \/> <img loading=\"lazy\" decoding=\"async\" class=\"alignnone size-large wp-image-22486\" src=\"https:\/\/juacontecimentos.com.br\/site\/wp-content\/uploads\/2022\/10\/IMG-20221020-WA0145-1-1024x680.jpg\" alt=\"\" width=\"900\" height=\"598\" srcset=\"https:\/\/juacontecimentos.com.br\/site\/wp-content\/uploads\/2022\/10\/IMG-20221020-WA0145-1-1024x680.jpg 1024w, https:\/\/juacontecimentos.com.br\/site\/wp-content\/uploads\/2022\/10\/IMG-20221020-WA0145-1-300x199.jpg 300w, https:\/\/juacontecimentos.com.br\/site\/wp-content\/uploads\/2022\/10\/IMG-20221020-WA0145-1-768x510.jpg 768w, https:\/\/juacontecimentos.com.br\/site\/wp-content\/uploads\/2022\/10\/IMG-20221020-WA0145-1.jpg 1072w\" sizes=\"auto, (max-width: 900px) 100vw, 900px\" \/> <img loading=\"lazy\" decoding=\"async\" class=\"alignnone size-large wp-image-22487\" src=\"https:\/\/juacontecimentos.com.br\/site\/wp-content\/uploads\/2022\/10\/IMG-20221020-WA0124-1024x682.jpg\" alt=\"\" width=\"900\" height=\"599\" srcset=\"https:\/\/juacontecimentos.com.br\/site\/wp-content\/uploads\/2022\/10\/IMG-20221020-WA0124-1024x682.jpg 1024w, https:\/\/juacontecimentos.com.br\/site\/wp-content\/uploads\/2022\/10\/IMG-20221020-WA0124-300x200.jpg 300w, https:\/\/juacontecimentos.com.br\/site\/wp-content\/uploads\/2022\/10\/IMG-20221020-WA0124-768x512.jpg 768w, https:\/\/juacontecimentos.com.br\/site\/wp-content\/uploads\/2022\/10\/IMG-20221020-WA0124.jpg 1280w\" sizes=\"auto, (max-width: 900px) 100vw, 900px\" \/> <img loading=\"lazy\" decoding=\"async\" class=\"alignnone size-large wp-image-22488\" src=\"https:\/\/juacontecimentos.com.br\/site\/wp-content\/uploads\/2022\/10\/IMG-20221020-WA0126-1024x680.jpg\" alt=\"\" width=\"900\" height=\"598\" srcset=\"https:\/\/juacontecimentos.com.br\/site\/wp-content\/uploads\/2022\/10\/IMG-20221020-WA0126-1024x680.jpg 1024w, https:\/\/juacontecimentos.com.br\/site\/wp-content\/uploads\/2022\/10\/IMG-20221020-WA0126-300x199.jpg 300w, https:\/\/juacontecimentos.com.br\/site\/wp-content\/uploads\/2022\/10\/IMG-20221020-WA0126-768x510.jpg 768w, https:\/\/juacontecimentos.com.br\/site\/wp-content\/uploads\/2022\/10\/IMG-20221020-WA0126.jpg 1072w\" sizes=\"auto, (max-width: 900px) 100vw, 900px\" \/><\/p>\n<p>O deputado estadual reeleito Henrique C\u00e9sar (PSC) participou, durante todo o dia, das festividades de emancipa\u00e7\u00e3o pol\u00edtica de Ouvidor. Na oportunidade, o deputado comemorou a destina\u00e7\u00e3o de uma emenda parlamentar no valor de R$ 1,7 milh\u00e3o para o caixa da prefeitura e a secretaria de Sa\u00fade. \u201cO benef\u00edcio visa atender os anseios da popula\u00e7\u00e3o ouvidorense. \u00c9 gratificante poder contribuir com o desenvolvimento da minha cidade e das pessoas. O apoio do prefeito Cebinha, do vice-prefeito Nelci, dos nossos vereadores e principalmente da nossa popula\u00e7\u00e3o, foi fundamental nessa conquista\u201d, afirma C\u00e9sar.<\/p>\n<p><img loading=\"lazy\" decoding=\"async\" class=\"alignnone size-large wp-image-22489\" src=\"https:\/\/juacontecimentos.com.br\/site\/wp-content\/uploads\/2022\/10\/IMG-20221020-WA0045-1024x682.jpg\" alt=\"\" width=\"900\" height=\"599\" srcset=\"https:\/\/juacontecimentos.com.br\/site\/wp-content\/uploads\/2022\/10\/IMG-20221020-WA0045-1024x682.jpg 1024w, https:\/\/juacontecimentos.com.br\/site\/wp-content\/uploads\/2022\/10\/IMG-20221020-WA0045-300x200.jpg 300w, https:\/\/juacontecimentos.com.br\/site\/wp-content\/uploads\/2022\/10\/IMG-20221020-WA0045-768x512.jpg 768w, https:\/\/juacontecimentos.com.br\/site\/wp-content\/uploads\/2022\/10\/IMG-20221020-WA0045.jpg 1280w\" sizes=\"auto, (max-width: 900px) 100vw, 900px\" \/> <img loading=\"lazy\" decoding=\"async\" class=\"alignnone size-large wp-image-22490\" src=\"https:\/\/juacontecimentos.com.br\/site\/wp-content\/uploads\/2022\/10\/IMG-20221020-WA0048-1024x682.jpg\" alt=\"\" width=\"900\" height=\"599\" srcset=\"https:\/\/juacontecimentos.com.br\/site\/wp-content\/uploads\/2022\/10\/IMG-20221020-WA0048-1024x682.jpg 1024w, https:\/\/juacontecimentos.com.br\/site\/wp-content\/uploads\/2022\/10\/IMG-20221020-WA0048-300x200.jpg 300w, https:\/\/juacontecimentos.com.br\/site\/wp-content\/uploads\/2022\/10\/IMG-20221020-WA0048-768x512.jpg 768w, https:\/\/juacontecimentos.com.br\/site\/wp-content\/uploads\/2022\/10\/IMG-20221020-WA0048.jpg 1280w\" sizes=\"auto, (max-width: 900px) 100vw, 900px\" \/> <img loading=\"lazy\" decoding=\"async\" class=\"alignnone size-large wp-image-22491\" src=\"https:\/\/juacontecimentos.com.br\/site\/wp-content\/uploads\/2022\/10\/IMG-20221020-WA0049-1024x682.jpg\" alt=\"\" width=\"900\" height=\"599\" srcset=\"https:\/\/juacontecimentos.com.br\/site\/wp-content\/uploads\/2022\/10\/IMG-20221020-WA0049-1024x682.jpg 1024w, https:\/\/juacontecimentos.com.br\/site\/wp-content\/uploads\/2022\/10\/IMG-20221020-WA0049-300x200.jpg 300w, https:\/\/juacontecimentos.com.br\/site\/wp-content\/uploads\/2022\/10\/IMG-20221020-WA0049-768x512.jpg 768w, https:\/\/juacontecimentos.com.br\/site\/wp-content\/uploads\/2022\/10\/IMG-20221020-WA0049.jpg 1280w\" sizes=\"auto, (max-width: 900px) 100vw, 900px\" \/> <img loading=\"lazy\" decoding=\"async\" class=\"alignnone size-large wp-image-22492\" src=\"https:\/\/juacontecimentos.com.br\/site\/wp-content\/uploads\/2022\/10\/IMG-20221020-WA0052-1024x682.jpg\" alt=\"\" width=\"900\" height=\"599\" srcset=\"https:\/\/juacontecimentos.com.br\/site\/wp-content\/uploads\/2022\/10\/IMG-20221020-WA0052-1024x682.jpg 1024w, https:\/\/juacontecimentos.com.br\/site\/wp-content\/uploads\/2022\/10\/IMG-20221020-WA0052-300x200.jpg 300w, https:\/\/juacontecimentos.com.br\/site\/wp-content\/uploads\/2022\/10\/IMG-20221020-WA0052-768x512.jpg 768w, https:\/\/juacontecimentos.com.br\/site\/wp-content\/uploads\/2022\/10\/IMG-20221020-WA0052.jpg 1280w\" sizes=\"auto, (max-width: 900px) 100vw, 900px\" \/><\/p>\n<p>Ao lado de autoridades, lideran\u00e7as e da popula\u00e7\u00e3o, a deputada federal reeleita Fl\u00e1via Morais (PDT), prestigiou o desfile c\u00edvico em comemora\u00e7\u00e3o aos 69 anos de Ouvidor, n\u00e3o deixou por menos, destinou emenda parlamentar no valor R$ 1 milh\u00e3o mais um equipamento para a escolha do prefeito. A deputada parabenizou o trabalho do prefeito de Ouvidor, Cebinha Nascimento, e do vice-prefeito, Nelci, pela excelente administra\u00e7\u00e3o realizada na cidade. \u201cUma gest\u00e3o eficiente se faz com parcerias, Ouvidor tem crescido muito a cada dia, fruto de um bom trabalho da gest\u00e3o municipal. Em nosso pr\u00f3ximo mandato, vou destinar mais recursos por meio de emendas parlamentares do nosso mandato para investimento na cidade\u201d, destaca a deputada.<\/p>\n<p><img loading=\"lazy\" decoding=\"async\" class=\"alignnone size-large wp-image-22493\" src=\"https:\/\/juacontecimentos.com.br\/site\/wp-content\/uploads\/2022\/10\/IMG-20221020-WA0059-1024x680.jpg\" alt=\"\" width=\"900\" height=\"598\" srcset=\"https:\/\/juacontecimentos.com.br\/site\/wp-content\/uploads\/2022\/10\/IMG-20221020-WA0059-1024x680.jpg 1024w, https:\/\/juacontecimentos.com.br\/site\/wp-content\/uploads\/2022\/10\/IMG-20221020-WA0059-300x199.jpg 300w, https:\/\/juacontecimentos.com.br\/site\/wp-content\/uploads\/2022\/10\/IMG-20221020-WA0059-768x510.jpg 768w, https:\/\/juacontecimentos.com.br\/site\/wp-content\/uploads\/2022\/10\/IMG-20221020-WA0059.jpg 1072w\" sizes=\"auto, (max-width: 900px) 100vw, 900px\" \/> <img loading=\"lazy\" decoding=\"async\" class=\"alignnone size-large wp-image-22494\" src=\"https:\/\/juacontecimentos.com.br\/site\/wp-content\/uploads\/2022\/10\/IMG-20221020-WA0058-1024x680.jpg\" alt=\"\" width=\"900\" height=\"598\" srcset=\"https:\/\/juacontecimentos.com.br\/site\/wp-content\/uploads\/2022\/10\/IMG-20221020-WA0058-1024x680.jpg 1024w, https:\/\/juacontecimentos.com.br\/site\/wp-content\/uploads\/2022\/10\/IMG-20221020-WA0058-300x199.jpg 300w, https:\/\/juacontecimentos.com.br\/site\/wp-content\/uploads\/2022\/10\/IMG-20221020-WA0058-768x510.jpg 768w, https:\/\/juacontecimentos.com.br\/site\/wp-content\/uploads\/2022\/10\/IMG-20221020-WA0058.jpg 1072w\" sizes=\"auto, (max-width: 900px) 100vw, 900px\" \/> <img loading=\"lazy\" decoding=\"async\" class=\"alignnone size-large wp-image-22495\" src=\"https:\/\/juacontecimentos.com.br\/site\/wp-content\/uploads\/2022\/10\/IMG-20221020-WA0055-1024x680.jpg\" alt=\"\" width=\"900\" height=\"598\" srcset=\"https:\/\/juacontecimentos.com.br\/site\/wp-content\/uploads\/2022\/10\/IMG-20221020-WA0055-1024x680.jpg 1024w, https:\/\/juacontecimentos.com.br\/site\/wp-content\/uploads\/2022\/10\/IMG-20221020-WA0055-300x199.jpg 300w, https:\/\/juacontecimentos.com.br\/site\/wp-content\/uploads\/2022\/10\/IMG-20221020-WA0055-768x510.jpg 768w, https:\/\/juacontecimentos.com.br\/site\/wp-content\/uploads\/2022\/10\/IMG-20221020-WA0055.jpg 1072w\" sizes=\"auto, (max-width: 900px) 100vw, 900px\" \/> <img loading=\"lazy\" decoding=\"async\" class=\"alignnone size-large wp-image-22496\" src=\"https:\/\/juacontecimentos.com.br\/site\/wp-content\/uploads\/2022\/10\/IMG-20221020-WA0053-1024x682.jpg\" alt=\"\" width=\"900\" height=\"599\" srcset=\"https:\/\/juacontecimentos.com.br\/site\/wp-content\/uploads\/2022\/10\/IMG-20221020-WA0053-1024x682.jpg 1024w, https:\/\/juacontecimentos.com.br\/site\/wp-content\/uploads\/2022\/10\/IMG-20221020-WA0053-300x200.jpg 300w, https:\/\/juacontecimentos.com.br\/site\/wp-content\/uploads\/2022\/10\/IMG-20221020-WA0053-768x512.jpg 768w, https:\/\/juacontecimentos.com.br\/site\/wp-content\/uploads\/2022\/10\/IMG-20221020-WA0053.jpg 1280w\" sizes=\"auto, (max-width: 900px) 100vw, 900px\" \/> <img loading=\"lazy\" decoding=\"async\" class=\"alignnone size-large wp-image-22497\" src=\"https:\/\/juacontecimentos.com.br\/site\/wp-content\/uploads\/2022\/10\/IMG-20221020-WA0051-1024x682.jpg\" alt=\"\" width=\"900\" height=\"599\" srcset=\"https:\/\/juacontecimentos.com.br\/site\/wp-content\/uploads\/2022\/10\/IMG-20221020-WA0051-1024x682.jpg 1024w, https:\/\/juacontecimentos.com.br\/site\/wp-content\/uploads\/2022\/10\/IMG-20221020-WA0051-300x200.jpg 300w, https:\/\/juacontecimentos.com.br\/site\/wp-content\/uploads\/2022\/10\/IMG-20221020-WA0051-768x512.jpg 768w, https:\/\/juacontecimentos.com.br\/site\/wp-content\/uploads\/2022\/10\/IMG-20221020-WA0051.jpg 1280w\" sizes=\"auto, (max-width: 900px) 100vw, 900px\" \/> <img loading=\"lazy\" decoding=\"async\" class=\"alignnone size-large wp-image-22498\" src=\"https:\/\/juacontecimentos.com.br\/site\/wp-content\/uploads\/2022\/10\/IMG-20221020-WA0046-1024x682.jpg\" alt=\"\" width=\"900\" height=\"599\" srcset=\"https:\/\/juacontecimentos.com.br\/site\/wp-content\/uploads\/2022\/10\/IMG-20221020-WA0046-1024x682.jpg 1024w, https:\/\/juacontecimentos.com.br\/site\/wp-content\/uploads\/2022\/10\/IMG-20221020-WA0046-300x200.jpg 300w, https:\/\/juacontecimentos.com.br\/site\/wp-content\/uploads\/2022\/10\/IMG-20221020-WA0046-768x512.jpg 768w, https:\/\/juacontecimentos.com.br\/site\/wp-content\/uploads\/2022\/10\/IMG-20221020-WA0046.jpg 1280w\" sizes=\"auto, (max-width: 900px) 100vw, 900px\" \/><br \/>\n<\/p>\n","protected":false},"excerpt":{"rendered":"<p>\u201cO resultado desse desfile \u00e9 fruto de um trabalho realizado com amor, carinho, dedica\u00e7\u00e3o e respeito, acima de tudo. Viva Ouvidor, parab\u00e9ns pelos 69 anos de uma bel\u00edssima hist\u00f3ria\u201d, comemorou o Prefeito \u2013 Cebinha Nascimento. A pra\u00e7a da Esta\u00e7\u00e3o Cultural, foi palco, na tarde do dia 19 de outubro, de diversas atividades, entre elas, o<\/p>\n","protected":false},"author":2,"featured_media":22471,"comment_status":"open","ping_status":"open","sticky":false,"template":"","format":"standard","meta":{"footnotes":""},"categories":[27,22,26,23],"tags":[],"class_list":["post-22468","post","type-post","status-publish","format-standard","has-post-thumbnail","hentry","category-brasil","category-catalao","category-destaque","category-goias"],"yoast_head":"<!-- This site is optimized with the Yoast SEO plugin v25.8 - https:\/\/yoast.com\/wordpress\/plugins\/seo\/ -->\n<title>Ouvidor 69 anos: Desfile C\u00edvico marca comemora\u00e7\u00e3o do anivers\u00e1rio da cidade - Jornal Ultimos Acontecimentos<\/title>\n<meta name=\"robots\" content=\"index, follow, max-snippet:-1, max-image-preview:large, max-video-preview:-1\" \/>\n<link rel=\"canonical\" href=\"https:\/\/juacontecimentos.com.br\/site\/ouvidor-69-anos-desfile-civico-marca-comemoracao-do-aniversario-da-cidade\/\" \/>\n<meta property=\"og:locale\" content=\"pt_BR\" \/>\n<meta property=\"og:type\" content=\"article\" \/>\n<meta property=\"og:title\" content=\"Ouvidor 69 anos: Desfile C\u00edvico marca comemora\u00e7\u00e3o do anivers\u00e1rio da cidade - Jornal Ultimos Acontecimentos\" \/>\n<meta property=\"og:description\" content=\"\u201cO resultado desse desfile \u00e9 fruto de um trabalho realizado com amor, carinho, dedica\u00e7\u00e3o e respeito, acima de tudo. Viva Ouvidor, parab\u00e9ns pelos 69 anos de uma bel\u00edssima hist\u00f3ria\u201d, comemorou o Prefeito \u2013 Cebinha Nascimento. A pra\u00e7a da Esta\u00e7\u00e3o Cultural, foi palco, na tarde do dia 19 de outubro, de diversas atividades, entre elas, o\" \/>\n<meta property=\"og:url\" content=\"https:\/\/juacontecimentos.com.br\/site\/ouvidor-69-anos-desfile-civico-marca-comemoracao-do-aniversario-da-cidade\/\" \/>\n<meta property=\"og:site_name\" content=\"Jornal Ultimos Acontecimentos\" \/>\n<meta property=\"article:publisher\" content=\"https:\/\/www.facebook.com\/jultimosacontecimentos\/\" \/>\n<meta property=\"article:published_time\" content=\"2022-10-20T00:56:47+00:00\" \/>\n<meta property=\"article:modified_time\" content=\"2022-10-20T07:25:12+00:00\" \/>\n<meta property=\"og:image\" content=\"https:\/\/juacontecimentos.com.br\/site\/wp-content\/uploads\/2022\/10\/IMG-20221020-WA0134.jpg\" \/>\n\t<meta property=\"og:image:width\" content=\"1280\" \/>\n\t<meta property=\"og:image:height\" content=\"853\" \/>\n\t<meta property=\"og:image:type\" content=\"image\/jpeg\" \/>\n<meta name=\"author\" content=\"Reginaldo Ribeiro\" \/>\n<meta name=\"twitter:card\" content=\"summary_large_image\" \/>\n<meta name=\"twitter:label1\" content=\"Escrito por\" \/>\n\t<meta name=\"twitter:data1\" content=\"Reginaldo Ribeiro\" \/>\n\t<meta name=\"twitter:label2\" content=\"Est. tempo de leitura\" \/>\n\t<meta name=\"twitter:data2\" content=\"3 minutos\" \/>\n<script type=\"application\/ld+json\" class=\"yoast-schema-graph\">{\"@context\":\"https:\/\/schema.org\",\"@graph\":[{\"@type\":\"Article\",\"@id\":\"https:\/\/juacontecimentos.com.br\/site\/ouvidor-69-anos-desfile-civico-marca-comemoracao-do-aniversario-da-cidade\/#article\",\"isPartOf\":{\"@id\":\"https:\/\/juacontecimentos.com.br\/site\/ouvidor-69-anos-desfile-civico-marca-comemoracao-do-aniversario-da-cidade\/\"},\"author\":{\"name\":\"Reginaldo Ribeiro\",\"@id\":\"https:\/\/juacontecimentos.com.br\/site\/#\/schema\/person\/082a54e6d3fdd7a633291428521c9669\"},\"headline\":\"Ouvidor 69 anos: Desfile C\u00edvico marca comemora\u00e7\u00e3o do anivers\u00e1rio da cidade\",\"datePublished\":\"2022-10-20T00:56:47+00:00\",\"dateModified\":\"2022-10-20T07:25:12+00:00\",\"mainEntityOfPage\":{\"@id\":\"https:\/\/juacontecimentos.com.br\/site\/ouvidor-69-anos-desfile-civico-marca-comemoracao-do-aniversario-da-cidade\/\"},\"wordCount\":646,\"commentCount\":0,\"publisher\":{\"@id\":\"https:\/\/juacontecimentos.com.br\/site\/#organization\"},\"image\":{\"@id\":\"https:\/\/juacontecimentos.com.br\/site\/ouvidor-69-anos-desfile-civico-marca-comemoracao-do-aniversario-da-cidade\/#primaryimage\"},\"thumbnailUrl\":\"https:\/\/juacontecimentos.com.br\/site\/wp-content\/uploads\/2022\/10\/IMG-20221020-WA0134.jpg\",\"articleSection\":[\"Brasil\",\"Catal\u00e3o\",\"Destaque\",\"Goi\u00e1s\"],\"inLanguage\":\"pt-BR\"},{\"@type\":\"WebPage\",\"@id\":\"https:\/\/juacontecimentos.com.br\/site\/ouvidor-69-anos-desfile-civico-marca-comemoracao-do-aniversario-da-cidade\/\",\"url\":\"https:\/\/juacontecimentos.com.br\/site\/ouvidor-69-anos-desfile-civico-marca-comemoracao-do-aniversario-da-cidade\/\",\"name\":\"Ouvidor 69 anos: Desfile C\u00edvico marca comemora\u00e7\u00e3o do anivers\u00e1rio da cidade - Jornal Ultimos Acontecimentos\",\"isPartOf\":{\"@id\":\"https:\/\/juacontecimentos.com.br\/site\/#website\"},\"primaryImageOfPage\":{\"@id\":\"https:\/\/juacontecimentos.com.br\/site\/ouvidor-69-anos-desfile-civico-marca-comemoracao-do-aniversario-da-cidade\/#primaryimage\"},\"image\":{\"@id\":\"https:\/\/juacontecimentos.com.br\/site\/ouvidor-69-anos-desfile-civico-marca-comemoracao-do-aniversario-da-cidade\/#primaryimage\"},\"thumbnailUrl\":\"https:\/\/juacontecimentos.com.br\/site\/wp-content\/uploads\/2022\/10\/IMG-20221020-WA0134.jpg\",\"datePublished\":\"2022-10-20T00:56:47+00:00\",\"dateModified\":\"2022-10-20T07:25:12+00:00\",\"breadcrumb\":{\"@id\":\"https:\/\/juacontecimentos.com.br\/site\/ouvidor-69-anos-desfile-civico-marca-comemoracao-do-aniversario-da-cidade\/#breadcrumb\"},\"inLanguage\":\"pt-BR\",\"potentialAction\":[{\"@type\":\"ReadAction\",\"target\":[\"https:\/\/juacontecimentos.com.br\/site\/ouvidor-69-anos-desfile-civico-marca-comemoracao-do-aniversario-da-cidade\/\"]}]},{\"@type\":\"ImageObject\",\"inLanguage\":\"pt-BR\",\"@id\":\"https:\/\/juacontecimentos.com.br\/site\/ouvidor-69-anos-desfile-civico-marca-comemoracao-do-aniversario-da-cidade\/#primaryimage\",\"url\":\"https:\/\/juacontecimentos.com.br\/site\/wp-content\/uploads\/2022\/10\/IMG-20221020-WA0134.jpg\",\"contentUrl\":\"https:\/\/juacontecimentos.com.br\/site\/wp-content\/uploads\/2022\/10\/IMG-20221020-WA0134.jpg\",\"width\":1280,\"height\":853},{\"@type\":\"BreadcrumbList\",\"@id\":\"https:\/\/juacontecimentos.com.br\/site\/ouvidor-69-anos-desfile-civico-marca-comemoracao-do-aniversario-da-cidade\/#breadcrumb\",\"itemListElement\":[{\"@type\":\"ListItem\",\"position\":1,\"name\":\"In\u00edcio\",\"item\":\"https:\/\/juacontecimentos.com.br\/site\/\"},{\"@type\":\"ListItem\",\"position\":2,\"name\":\"Ouvidor 69 anos: Desfile C\u00edvico marca comemora\u00e7\u00e3o do anivers\u00e1rio da cidade\"}]},{\"@type\":\"WebSite\",\"@id\":\"https:\/\/juacontecimentos.com.br\/site\/#website\",\"url\":\"https:\/\/juacontecimentos.com.br\/site\/\",\"name\":\"Jornal Ultimos Acontecimentos\",\"description\":\"Catal\u00e3o e regi\u00e3o\",\"publisher\":{\"@id\":\"https:\/\/juacontecimentos.com.br\/site\/#organization\"},\"potentialAction\":[{\"@type\":\"SearchAction\",\"target\":{\"@type\":\"EntryPoint\",\"urlTemplate\":\"https:\/\/juacontecimentos.com.br\/site\/?s={search_term_string}\"},\"query-input\":{\"@type\":\"PropertyValueSpecification\",\"valueRequired\":true,\"valueName\":\"search_term_string\"}}],\"inLanguage\":\"pt-BR\"},{\"@type\":\"Organization\",\"@id\":\"https:\/\/juacontecimentos.com.br\/site\/#organization\",\"name\":\"Jornal Ultimos Acontecimentos\",\"url\":\"https:\/\/juacontecimentos.com.br\/site\/\",\"logo\":{\"@type\":\"ImageObject\",\"inLanguage\":\"pt-BR\",\"@id\":\"https:\/\/juacontecimentos.com.br\/site\/#\/schema\/logo\/image\/\",\"url\":\"https:\/\/juacontecimentos.com.br\/site\/wp-content\/uploads\/2023\/04\/Logo_Site.png\",\"contentUrl\":\"https:\/\/juacontecimentos.com.br\/site\/wp-content\/uploads\/2023\/04\/Logo_Site.png\",\"width\":2476,\"height\":530,\"caption\":\"Jornal Ultimos Acontecimentos\"},\"image\":{\"@id\":\"https:\/\/juacontecimentos.com.br\/site\/#\/schema\/logo\/image\/\"},\"sameAs\":[\"https:\/\/www.facebook.com\/jultimosacontecimentos\/\"]},{\"@type\":\"Person\",\"@id\":\"https:\/\/juacontecimentos.com.br\/site\/#\/schema\/person\/082a54e6d3fdd7a633291428521c9669\",\"name\":\"Reginaldo Ribeiro\",\"image\":{\"@type\":\"ImageObject\",\"inLanguage\":\"pt-BR\",\"@id\":\"https:\/\/juacontecimentos.com.br\/site\/#\/schema\/person\/image\/\",\"url\":\"https:\/\/secure.gravatar.com\/avatar\/5c16c6837c3490270a74d888c2a845728f06bdde1f8761de1de1d1d1ef82d12f?s=96&d=mm&r=g\",\"contentUrl\":\"https:\/\/secure.gravatar.com\/avatar\/5c16c6837c3490270a74d888c2a845728f06bdde1f8761de1de1d1d1ef82d12f?s=96&d=mm&r=g\",\"caption\":\"Reginaldo Ribeiro\"}}]}<\/script>\n<!-- \/ Yoast SEO plugin. -->","yoast_head_json":{"title":"Ouvidor 69 anos: Desfile C\u00edvico marca comemora\u00e7\u00e3o do anivers\u00e1rio da cidade - Jornal Ultimos Acontecimentos","robots":{"index":"index","follow":"follow","max-snippet":"max-snippet:-1","max-image-preview":"max-image-preview:large","max-video-preview":"max-video-preview:-1"},"canonical":"https:\/\/juacontecimentos.com.br\/site\/ouvidor-69-anos-desfile-civico-marca-comemoracao-do-aniversario-da-cidade\/","og_locale":"pt_BR","og_type":"article","og_title":"Ouvidor 69 anos: Desfile C\u00edvico marca comemora\u00e7\u00e3o do anivers\u00e1rio da cidade - Jornal Ultimos Acontecimentos","og_description":"\u201cO resultado desse desfile \u00e9 fruto de um trabalho realizado com amor, carinho, dedica\u00e7\u00e3o e respeito, acima de tudo. Viva Ouvidor, parab\u00e9ns pelos 69 anos de uma bel\u00edssima hist\u00f3ria\u201d, comemorou o Prefeito \u2013 Cebinha Nascimento. A pra\u00e7a da Esta\u00e7\u00e3o Cultural, foi palco, na tarde do dia 19 de outubro, de diversas atividades, entre elas, o","og_url":"https:\/\/juacontecimentos.com.br\/site\/ouvidor-69-anos-desfile-civico-marca-comemoracao-do-aniversario-da-cidade\/","og_site_name":"Jornal Ultimos Acontecimentos","article_publisher":"https:\/\/www.facebook.com\/jultimosacontecimentos\/","article_published_time":"2022-10-20T00:56:47+00:00","article_modified_time":"2022-10-20T07:25:12+00:00","og_image":[{"width":1280,"height":853,"url":"https:\/\/juacontecimentos.com.br\/site\/wp-content\/uploads\/2022\/10\/IMG-20221020-WA0134.jpg","type":"image\/jpeg"}],"author":"Reginaldo Ribeiro","twitter_card":"summary_large_image","twitter_misc":{"Escrito por":"Reginaldo Ribeiro","Est. tempo de leitura":"3 minutos"},"schema":{"@context":"https:\/\/schema.org","@graph":[{"@type":"Article","@id":"https:\/\/juacontecimentos.com.br\/site\/ouvidor-69-anos-desfile-civico-marca-comemoracao-do-aniversario-da-cidade\/#article","isPartOf":{"@id":"https:\/\/juacontecimentos.com.br\/site\/ouvidor-69-anos-desfile-civico-marca-comemoracao-do-aniversario-da-cidade\/"},"author":{"name":"Reginaldo Ribeiro","@id":"https:\/\/juacontecimentos.com.br\/site\/#\/schema\/person\/082a54e6d3fdd7a633291428521c9669"},"headline":"Ouvidor 69 anos: Desfile C\u00edvico marca comemora\u00e7\u00e3o do anivers\u00e1rio da cidade","datePublished":"2022-10-20T00:56:47+00:00","dateModified":"2022-10-20T07:25:12+00:00","mainEntityOfPage":{"@id":"https:\/\/juacontecimentos.com.br\/site\/ouvidor-69-anos-desfile-civico-marca-comemoracao-do-aniversario-da-cidade\/"},"wordCount":646,"commentCount":0,"publisher":{"@id":"https:\/\/juacontecimentos.com.br\/site\/#organization"},"image":{"@id":"https:\/\/juacontecimentos.com.br\/site\/ouvidor-69-anos-desfile-civico-marca-comemoracao-do-aniversario-da-cidade\/#primaryimage"},"thumbnailUrl":"https:\/\/juacontecimentos.com.br\/site\/wp-content\/uploads\/2022\/10\/IMG-20221020-WA0134.jpg","articleSection":["Brasil","Catal\u00e3o","Destaque","Goi\u00e1s"],"inLanguage":"pt-BR"},{"@type":"WebPage","@id":"https:\/\/juacontecimentos.com.br\/site\/ouvidor-69-anos-desfile-civico-marca-comemoracao-do-aniversario-da-cidade\/","url":"https:\/\/juacontecimentos.com.br\/site\/ouvidor-69-anos-desfile-civico-marca-comemoracao-do-aniversario-da-cidade\/","name":"Ouvidor 69 anos: Desfile C\u00edvico marca comemora\u00e7\u00e3o do anivers\u00e1rio da cidade - Jornal Ultimos Acontecimentos","isPartOf":{"@id":"https:\/\/juacontecimentos.com.br\/site\/#website"},"primaryImageOfPage":{"@id":"https:\/\/juacontecimentos.com.br\/site\/ouvidor-69-anos-desfile-civico-marca-comemoracao-do-aniversario-da-cidade\/#primaryimage"},"image":{"@id":"https:\/\/juacontecimentos.com.br\/site\/ouvidor-69-anos-desfile-civico-marca-comemoracao-do-aniversario-da-cidade\/#primaryimage"},"thumbnailUrl":"https:\/\/juacontecimentos.com.br\/site\/wp-content\/uploads\/2022\/10\/IMG-20221020-WA0134.jpg","datePublished":"2022-10-20T00:56:47+00:00","dateModified":"2022-10-20T07:25:12+00:00","breadcrumb":{"@id":"https:\/\/juacontecimentos.com.br\/site\/ouvidor-69-anos-desfile-civico-marca-comemoracao-do-aniversario-da-cidade\/#breadcrumb"},"inLanguage":"pt-BR","potentialAction":[{"@type":"ReadAction","target":["https:\/\/juacontecimentos.com.br\/site\/ouvidor-69-anos-desfile-civico-marca-comemoracao-do-aniversario-da-cidade\/"]}]},{"@type":"ImageObject","inLanguage":"pt-BR","@id":"https:\/\/juacontecimentos.com.br\/site\/ouvidor-69-anos-desfile-civico-marca-comemoracao-do-aniversario-da-cidade\/#primaryimage","url":"https:\/\/juacontecimentos.com.br\/site\/wp-content\/uploads\/2022\/10\/IMG-20221020-WA0134.jpg","contentUrl":"https:\/\/juacontecimentos.com.br\/site\/wp-content\/uploads\/2022\/10\/IMG-20221020-WA0134.jpg","width":1280,"height":853},{"@type":"BreadcrumbList","@id":"https:\/\/juacontecimentos.com.br\/site\/ouvidor-69-anos-desfile-civico-marca-comemoracao-do-aniversario-da-cidade\/#breadcrumb","itemListElement":[{"@type":"ListItem","position":1,"name":"In\u00edcio","item":"https:\/\/juacontecimentos.com.br\/site\/"},{"@type":"ListItem","position":2,"name":"Ouvidor 69 anos: Desfile C\u00edvico marca comemora\u00e7\u00e3o do anivers\u00e1rio da cidade"}]},{"@type":"WebSite","@id":"https:\/\/juacontecimentos.com.br\/site\/#website","url":"https:\/\/juacontecimentos.com.br\/site\/","name":"Jornal Ultimos Acontecimentos","description":"Catal\u00e3o e regi\u00e3o","publisher":{"@id":"https:\/\/juacontecimentos.com.br\/site\/#organization"},"potentialAction":[{"@type":"SearchAction","target":{"@type":"EntryPoint","urlTemplate":"https:\/\/juacontecimentos.com.br\/site\/?s={search_term_string}"},"query-input":{"@type":"PropertyValueSpecification","valueRequired":true,"valueName":"search_term_string"}}],"inLanguage":"pt-BR"},{"@type":"Organization","@id":"https:\/\/juacontecimentos.com.br\/site\/#organization","name":"Jornal Ultimos Acontecimentos","url":"https:\/\/juacontecimentos.com.br\/site\/","logo":{"@type":"ImageObject","inLanguage":"pt-BR","@id":"https:\/\/juacontecimentos.com.br\/site\/#\/schema\/logo\/image\/","url":"https:\/\/juacontecimentos.com.br\/site\/wp-content\/uploads\/2023\/04\/Logo_Site.png","contentUrl":"https:\/\/juacontecimentos.com.br\/site\/wp-content\/uploads\/2023\/04\/Logo_Site.png","width":2476,"height":530,"caption":"Jornal Ultimos Acontecimentos"},"image":{"@id":"https:\/\/juacontecimentos.com.br\/site\/#\/schema\/logo\/image\/"},"sameAs":["https:\/\/www.facebook.com\/jultimosacontecimentos\/"]},{"@type":"Person","@id":"https:\/\/juacontecimentos.com.br\/site\/#\/schema\/person\/082a54e6d3fdd7a633291428521c9669","name":"Reginaldo Ribeiro","image":{"@type":"ImageObject","inLanguage":"pt-BR","@id":"https:\/\/juacontecimentos.com.br\/site\/#\/schema\/person\/image\/","url":"https:\/\/secure.gravatar.com\/avatar\/5c16c6837c3490270a74d888c2a845728f06bdde1f8761de1de1d1d1ef82d12f?s=96&d=mm&r=g","contentUrl":"https:\/\/secure.gravatar.com\/avatar\/5c16c6837c3490270a74d888c2a845728f06bdde1f8761de1de1d1d1ef82d12f?s=96&d=mm&r=g","caption":"Reginaldo Ribeiro"}}]}},"_links":{"self":[{"href":"https:\/\/juacontecimentos.com.br\/site\/wp-json\/wp\/v2\/posts\/22468","targetHints":{"allow":["GET"]}}],"collection":[{"href":"https:\/\/juacontecimentos.com.br\/site\/wp-json\/wp\/v2\/posts"}],"about":[{"href":"https:\/\/juacontecimentos.com.br\/site\/wp-json\/wp\/v2\/types\/post"}],"author":[{"embeddable":true,"href":"https:\/\/juacontecimentos.com.br\/site\/wp-json\/wp\/v2\/users\/2"}],"replies":[{"embeddable":true,"href":"https:\/\/juacontecimentos.com.br\/site\/wp-json\/wp\/v2\/comments?post=22468"}],"version-history":[{"count":6,"href":"https:\/\/juacontecimentos.com.br\/site\/wp-json\/wp\/v2\/posts\/22468\/revisions"}],"predecessor-version":[{"id":22509,"href":"https:\/\/juacontecimentos.com.br\/site\/wp-json\/wp\/v2\/posts\/22468\/revisions\/22509"}],"wp:featuredmedia":[{"embeddable":true,"href":"https:\/\/juacontecimentos.com.br\/site\/wp-json\/wp\/v2\/media\/22471"}],"wp:attachment":[{"href":"https:\/\/juacontecimentos.com.br\/site\/wp-json\/wp\/v2\/media?parent=22468"}],"wp:term":[{"taxonomy":"category","embeddable":true,"href":"https:\/\/juacontecimentos.com.br\/site\/wp-json\/wp\/v2\/categories?post=22468"},{"taxonomy":"post_tag","embeddable":true,"href":"https:\/\/juacontecimentos.com.br\/site\/wp-json\/wp\/v2\/tags?post=22468"}],"curies":[{"name":"wp","href":"https:\/\/api.w.org\/{rel}","templated":true}]}}