{"id":22605,"date":"2022-10-27T10:15:33","date_gmt":"2022-10-27T13:15:33","guid":{"rendered":"https:\/\/juacontecimentos.com.br\/site\/?p=22605"},"modified":"2022-10-27T10:35:30","modified_gmt":"2022-10-27T13:35:30","slug":"camara-de-vereadores-parabeniza-pelos-69-anos-de-emancipacao-politica-de-nova-aurora","status":"publish","type":"post","link":"https:\/\/juacontecimentos.com.br\/site\/camara-de-vereadores-parabeniza-pelos-69-anos-de-emancipacao-politica-de-nova-aurora\/","title":{"rendered":"C\u00e2mara de Vereadores parabeniza pelos 69 anos de emancipa\u00e7\u00e3o pol\u00edtica de Nova Aurora"},"content":{"rendered":"<p><img loading=\"lazy\" decoding=\"async\" class=\"alignnone size-large wp-image-22606\" src=\"https:\/\/juacontecimentos.com.br\/site\/wp-content\/uploads\/2022\/10\/IMG_20221024_183155-1024x576.jpg\" alt=\"\" width=\"900\" height=\"506\" srcset=\"https:\/\/juacontecimentos.com.br\/site\/wp-content\/uploads\/2022\/10\/IMG_20221024_183155-1024x576.jpg 1024w, https:\/\/juacontecimentos.com.br\/site\/wp-content\/uploads\/2022\/10\/IMG_20221024_183155-300x169.jpg 300w, https:\/\/juacontecimentos.com.br\/site\/wp-content\/uploads\/2022\/10\/IMG_20221024_183155-768x432.jpg 768w\" sizes=\"auto, (max-width: 900px) 100vw, 900px\" \/><\/p>\n<p>Em plen\u00e1rio, o presidente da C\u00e2mara de Vereadores, Jerry Faleiros dos Santos (DEM), fez pronunciamento parabenizando pelo anivers\u00e1rio de 69 anos de emancipa\u00e7\u00e3o pol\u00edtica de Nova Aurora, &#8220;Quero aproveitar essa data especial, em meu nome e em nome do Poder Legislativo de Nova Aurora, parabenizar cada um dos novaaurorense, nascidos aqui ou os que foram adotados por essa cidade, ou adotaram essa cidade para viver constituir sua fam\u00edlia e criar seus filhos e trabalhar, e trabalhar com afinco porque nesse per\u00edodo com certeza muitas conquistas, muitas vit\u00f3rias n\u00f3s tivemos, claro que todas elas tivemos seus desafios suas lutas, mas a cidade est\u00e1 de parab\u00e9ns, porque \u00e9 um exemplo para esse pa\u00eds \u00e9 uma refer\u00eancia e n\u00f3s como representantes na C\u00e2mara de Vereadores, temos orgulho de termos participado dessa constru\u00e7\u00e3o, atrav\u00e9s da fiscaliza\u00e7\u00e3o atrav\u00e9s da formata\u00e7\u00e3o e da forma\u00e7\u00e3o das leis, que hoje est\u00e3o presentes em que regula nossa cidade. A C\u00e2mara de Vereadores faz parte dessa hist\u00f3ria, parab\u00e9ns Nova Aurora!&#8221;<br \/>\n<\/p>\n","protected":false},"excerpt":{"rendered":"<p>Em plen\u00e1rio, o presidente da C\u00e2mara de Vereadores, Jerry Faleiros dos Santos (DEM), fez pronunciamento parabenizando pelo anivers\u00e1rio de 69 anos de emancipa\u00e7\u00e3o pol\u00edtica de Nova Aurora, &#8220;Quero aproveitar essa data especial, em meu nome e em nome do Poder Legislativo de Nova Aurora, parabenizar cada um dos novaaurorense, nascidos aqui ou os que foram<\/p>\n","protected":false},"author":2,"featured_media":22610,"comment_status":"open","ping_status":"open","sticky":false,"template":"","format":"standard","meta":{"footnotes":""},"categories":[27,22,26,23],"tags":[],"class_list":["post-22605","post","type-post","status-publish","format-standard","has-post-thumbnail","hentry","category-brasil","category-catalao","category-destaque","category-goias"],"yoast_head":"<!-- This site is optimized with the Yoast SEO plugin v25.8 - https:\/\/yoast.com\/wordpress\/plugins\/seo\/ -->\n<title>C\u00e2mara de Vereadores parabeniza pelos 69 anos de emancipa\u00e7\u00e3o pol\u00edtica de Nova Aurora - Jornal Ultimos Acontecimentos<\/title>\n<meta name=\"robots\" content=\"index, follow, max-snippet:-1, max-image-preview:large, max-video-preview:-1\" \/>\n<link rel=\"canonical\" href=\"https:\/\/juacontecimentos.com.br\/site\/camara-de-vereadores-parabeniza-pelos-69-anos-de-emancipacao-politica-de-nova-aurora\/\" \/>\n<meta property=\"og:locale\" content=\"pt_BR\" \/>\n<meta property=\"og:type\" content=\"article\" \/>\n<meta property=\"og:title\" content=\"C\u00e2mara de Vereadores parabeniza pelos 69 anos de emancipa\u00e7\u00e3o pol\u00edtica de Nova Aurora - Jornal Ultimos Acontecimentos\" \/>\n<meta property=\"og:description\" content=\"Em plen\u00e1rio, o presidente da C\u00e2mara de Vereadores, Jerry Faleiros dos Santos (DEM), fez pronunciamento parabenizando pelo anivers\u00e1rio de 69 anos de emancipa\u00e7\u00e3o pol\u00edtica de Nova Aurora, &#8220;Quero aproveitar essa data especial, em meu nome e em nome do Poder Legislativo de Nova Aurora, parabenizar cada um dos novaaurorense, nascidos aqui ou os que foram\" \/>\n<meta property=\"og:url\" content=\"https:\/\/juacontecimentos.com.br\/site\/camara-de-vereadores-parabeniza-pelos-69-anos-de-emancipacao-politica-de-nova-aurora\/\" \/>\n<meta property=\"og:site_name\" content=\"Jornal Ultimos Acontecimentos\" \/>\n<meta property=\"article:publisher\" content=\"https:\/\/www.facebook.com\/jultimosacontecimentos\/\" \/>\n<meta property=\"article:published_time\" content=\"2022-10-27T13:15:33+00:00\" \/>\n<meta property=\"article:modified_time\" content=\"2022-10-27T13:35:30+00:00\" \/>\n<meta property=\"og:image\" content=\"https:\/\/juacontecimentos.com.br\/site\/wp-content\/uploads\/2022\/10\/Foto-Site.jpg\" \/>\n\t<meta property=\"og:image:width\" content=\"1978\" \/>\n\t<meta property=\"og:image:height\" content=\"910\" \/>\n\t<meta property=\"og:image:type\" content=\"image\/jpeg\" \/>\n<meta name=\"author\" content=\"Reginaldo Ribeiro\" \/>\n<meta name=\"twitter:card\" content=\"summary_large_image\" \/>\n<meta name=\"twitter:label1\" content=\"Escrito por\" \/>\n\t<meta name=\"twitter:data1\" content=\"Reginaldo Ribeiro\" \/>\n\t<meta name=\"twitter:label2\" content=\"Est. tempo de leitura\" \/>\n\t<meta name=\"twitter:data2\" content=\"1 minuto\" \/>\n<script type=\"application\/ld+json\" class=\"yoast-schema-graph\">{\"@context\":\"https:\/\/schema.org\",\"@graph\":[{\"@type\":\"Article\",\"@id\":\"https:\/\/juacontecimentos.com.br\/site\/camara-de-vereadores-parabeniza-pelos-69-anos-de-emancipacao-politica-de-nova-aurora\/#article\",\"isPartOf\":{\"@id\":\"https:\/\/juacontecimentos.com.br\/site\/camara-de-vereadores-parabeniza-pelos-69-anos-de-emancipacao-politica-de-nova-aurora\/\"},\"author\":{\"name\":\"Reginaldo Ribeiro\",\"@id\":\"https:\/\/juacontecimentos.com.br\/site\/#\/schema\/person\/082a54e6d3fdd7a633291428521c9669\"},\"headline\":\"C\u00e2mara de Vereadores parabeniza pelos 69 anos de emancipa\u00e7\u00e3o pol\u00edtica de Nova Aurora\",\"datePublished\":\"2022-10-27T13:15:33+00:00\",\"dateModified\":\"2022-10-27T13:35:30+00:00\",\"mainEntityOfPage\":{\"@id\":\"https:\/\/juacontecimentos.com.br\/site\/camara-de-vereadores-parabeniza-pelos-69-anos-de-emancipacao-politica-de-nova-aurora\/\"},\"wordCount\":196,\"commentCount\":0,\"publisher\":{\"@id\":\"https:\/\/juacontecimentos.com.br\/site\/#organization\"},\"image\":{\"@id\":\"https:\/\/juacontecimentos.com.br\/site\/camara-de-vereadores-parabeniza-pelos-69-anos-de-emancipacao-politica-de-nova-aurora\/#primaryimage\"},\"thumbnailUrl\":\"https:\/\/juacontecimentos.com.br\/site\/wp-content\/uploads\/2022\/10\/Foto-Site.jpg\",\"articleSection\":[\"Brasil\",\"Catal\u00e3o\",\"Destaque\",\"Goi\u00e1s\"],\"inLanguage\":\"pt-BR\"},{\"@type\":\"WebPage\",\"@id\":\"https:\/\/juacontecimentos.com.br\/site\/camara-de-vereadores-parabeniza-pelos-69-anos-de-emancipacao-politica-de-nova-aurora\/\",\"url\":\"https:\/\/juacontecimentos.com.br\/site\/camara-de-vereadores-parabeniza-pelos-69-anos-de-emancipacao-politica-de-nova-aurora\/\",\"name\":\"C\u00e2mara de Vereadores parabeniza pelos 69 anos de emancipa\u00e7\u00e3o pol\u00edtica de Nova Aurora - Jornal Ultimos Acontecimentos\",\"isPartOf\":{\"@id\":\"https:\/\/juacontecimentos.com.br\/site\/#website\"},\"primaryImageOfPage\":{\"@id\":\"https:\/\/juacontecimentos.com.br\/site\/camara-de-vereadores-parabeniza-pelos-69-anos-de-emancipacao-politica-de-nova-aurora\/#primaryimage\"},\"image\":{\"@id\":\"https:\/\/juacontecimentos.com.br\/site\/camara-de-vereadores-parabeniza-pelos-69-anos-de-emancipacao-politica-de-nova-aurora\/#primaryimage\"},\"thumbnailUrl\":\"https:\/\/juacontecimentos.com.br\/site\/wp-content\/uploads\/2022\/10\/Foto-Site.jpg\",\"datePublished\":\"2022-10-27T13:15:33+00:00\",\"dateModified\":\"2022-10-27T13:35:30+00:00\",\"breadcrumb\":{\"@id\":\"https:\/\/juacontecimentos.com.br\/site\/camara-de-vereadores-parabeniza-pelos-69-anos-de-emancipacao-politica-de-nova-aurora\/#breadcrumb\"},\"inLanguage\":\"pt-BR\",\"potentialAction\":[{\"@type\":\"ReadAction\",\"target\":[\"https:\/\/juacontecimentos.com.br\/site\/camara-de-vereadores-parabeniza-pelos-69-anos-de-emancipacao-politica-de-nova-aurora\/\"]}]},{\"@type\":\"ImageObject\",\"inLanguage\":\"pt-BR\",\"@id\":\"https:\/\/juacontecimentos.com.br\/site\/camara-de-vereadores-parabeniza-pelos-69-anos-de-emancipacao-politica-de-nova-aurora\/#primaryimage\",\"url\":\"https:\/\/juacontecimentos.com.br\/site\/wp-content\/uploads\/2022\/10\/Foto-Site.jpg\",\"contentUrl\":\"https:\/\/juacontecimentos.com.br\/site\/wp-content\/uploads\/2022\/10\/Foto-Site.jpg\",\"width\":1978,\"height\":910,\"caption\":\"Vereadores em plen\u00e1rio\"},{\"@type\":\"BreadcrumbList\",\"@id\":\"https:\/\/juacontecimentos.com.br\/site\/camara-de-vereadores-parabeniza-pelos-69-anos-de-emancipacao-politica-de-nova-aurora\/#breadcrumb\",\"itemListElement\":[{\"@type\":\"ListItem\",\"position\":1,\"name\":\"In\u00edcio\",\"item\":\"https:\/\/juacontecimentos.com.br\/site\/\"},{\"@type\":\"ListItem\",\"position\":2,\"name\":\"C\u00e2mara de Vereadores parabeniza pelos 69 anos de emancipa\u00e7\u00e3o pol\u00edtica de Nova Aurora\"}]},{\"@type\":\"WebSite\",\"@id\":\"https:\/\/juacontecimentos.com.br\/site\/#website\",\"url\":\"https:\/\/juacontecimentos.com.br\/site\/\",\"name\":\"Jornal Ultimos Acontecimentos\",\"description\":\"Catal\u00e3o e regi\u00e3o\",\"publisher\":{\"@id\":\"https:\/\/juacontecimentos.com.br\/site\/#organization\"},\"potentialAction\":[{\"@type\":\"SearchAction\",\"target\":{\"@type\":\"EntryPoint\",\"urlTemplate\":\"https:\/\/juacontecimentos.com.br\/site\/?s={search_term_string}\"},\"query-input\":{\"@type\":\"PropertyValueSpecification\",\"valueRequired\":true,\"valueName\":\"search_term_string\"}}],\"inLanguage\":\"pt-BR\"},{\"@type\":\"Organization\",\"@id\":\"https:\/\/juacontecimentos.com.br\/site\/#organization\",\"name\":\"Jornal Ultimos Acontecimentos\",\"url\":\"https:\/\/juacontecimentos.com.br\/site\/\",\"logo\":{\"@type\":\"ImageObject\",\"inLanguage\":\"pt-BR\",\"@id\":\"https:\/\/juacontecimentos.com.br\/site\/#\/schema\/logo\/image\/\",\"url\":\"https:\/\/juacontecimentos.com.br\/site\/wp-content\/uploads\/2023\/04\/Logo_Site.png\",\"contentUrl\":\"https:\/\/juacontecimentos.com.br\/site\/wp-content\/uploads\/2023\/04\/Logo_Site.png\",\"width\":2476,\"height\":530,\"caption\":\"Jornal Ultimos Acontecimentos\"},\"image\":{\"@id\":\"https:\/\/juacontecimentos.com.br\/site\/#\/schema\/logo\/image\/\"},\"sameAs\":[\"https:\/\/www.facebook.com\/jultimosacontecimentos\/\"]},{\"@type\":\"Person\",\"@id\":\"https:\/\/juacontecimentos.com.br\/site\/#\/schema\/person\/082a54e6d3fdd7a633291428521c9669\",\"name\":\"Reginaldo Ribeiro\",\"image\":{\"@type\":\"ImageObject\",\"inLanguage\":\"pt-BR\",\"@id\":\"https:\/\/juacontecimentos.com.br\/site\/#\/schema\/person\/image\/\",\"url\":\"https:\/\/secure.gravatar.com\/avatar\/5c16c6837c3490270a74d888c2a845728f06bdde1f8761de1de1d1d1ef82d12f?s=96&d=mm&r=g\",\"contentUrl\":\"https:\/\/secure.gravatar.com\/avatar\/5c16c6837c3490270a74d888c2a845728f06bdde1f8761de1de1d1d1ef82d12f?s=96&d=mm&r=g\",\"caption\":\"Reginaldo Ribeiro\"}}]}<\/script>\n<!-- \/ Yoast SEO plugin. -->","yoast_head_json":{"title":"C\u00e2mara de Vereadores parabeniza pelos 69 anos de emancipa\u00e7\u00e3o pol\u00edtica de Nova Aurora - Jornal Ultimos Acontecimentos","robots":{"index":"index","follow":"follow","max-snippet":"max-snippet:-1","max-image-preview":"max-image-preview:large","max-video-preview":"max-video-preview:-1"},"canonical":"https:\/\/juacontecimentos.com.br\/site\/camara-de-vereadores-parabeniza-pelos-69-anos-de-emancipacao-politica-de-nova-aurora\/","og_locale":"pt_BR","og_type":"article","og_title":"C\u00e2mara de Vereadores parabeniza pelos 69 anos de emancipa\u00e7\u00e3o pol\u00edtica de Nova Aurora - Jornal Ultimos Acontecimentos","og_description":"Em plen\u00e1rio, o presidente da C\u00e2mara de Vereadores, Jerry Faleiros dos Santos (DEM), fez pronunciamento parabenizando pelo anivers\u00e1rio de 69 anos de emancipa\u00e7\u00e3o pol\u00edtica de Nova Aurora, &#8220;Quero aproveitar essa data especial, em meu nome e em nome do Poder Legislativo de Nova Aurora, parabenizar cada um dos novaaurorense, nascidos aqui ou os que foram","og_url":"https:\/\/juacontecimentos.com.br\/site\/camara-de-vereadores-parabeniza-pelos-69-anos-de-emancipacao-politica-de-nova-aurora\/","og_site_name":"Jornal Ultimos Acontecimentos","article_publisher":"https:\/\/www.facebook.com\/jultimosacontecimentos\/","article_published_time":"2022-10-27T13:15:33+00:00","article_modified_time":"2022-10-27T13:35:30+00:00","og_image":[{"width":1978,"height":910,"url":"https:\/\/juacontecimentos.com.br\/site\/wp-content\/uploads\/2022\/10\/Foto-Site.jpg","type":"image\/jpeg"}],"author":"Reginaldo Ribeiro","twitter_card":"summary_large_image","twitter_misc":{"Escrito por":"Reginaldo Ribeiro","Est. tempo de leitura":"1 minuto"},"schema":{"@context":"https:\/\/schema.org","@graph":[{"@type":"Article","@id":"https:\/\/juacontecimentos.com.br\/site\/camara-de-vereadores-parabeniza-pelos-69-anos-de-emancipacao-politica-de-nova-aurora\/#article","isPartOf":{"@id":"https:\/\/juacontecimentos.com.br\/site\/camara-de-vereadores-parabeniza-pelos-69-anos-de-emancipacao-politica-de-nova-aurora\/"},"author":{"name":"Reginaldo Ribeiro","@id":"https:\/\/juacontecimentos.com.br\/site\/#\/schema\/person\/082a54e6d3fdd7a633291428521c9669"},"headline":"C\u00e2mara de Vereadores parabeniza pelos 69 anos de emancipa\u00e7\u00e3o pol\u00edtica de Nova Aurora","datePublished":"2022-10-27T13:15:33+00:00","dateModified":"2022-10-27T13:35:30+00:00","mainEntityOfPage":{"@id":"https:\/\/juacontecimentos.com.br\/site\/camara-de-vereadores-parabeniza-pelos-69-anos-de-emancipacao-politica-de-nova-aurora\/"},"wordCount":196,"commentCount":0,"publisher":{"@id":"https:\/\/juacontecimentos.com.br\/site\/#organization"},"image":{"@id":"https:\/\/juacontecimentos.com.br\/site\/camara-de-vereadores-parabeniza-pelos-69-anos-de-emancipacao-politica-de-nova-aurora\/#primaryimage"},"thumbnailUrl":"https:\/\/juacontecimentos.com.br\/site\/wp-content\/uploads\/2022\/10\/Foto-Site.jpg","articleSection":["Brasil","Catal\u00e3o","Destaque","Goi\u00e1s"],"inLanguage":"pt-BR"},{"@type":"WebPage","@id":"https:\/\/juacontecimentos.com.br\/site\/camara-de-vereadores-parabeniza-pelos-69-anos-de-emancipacao-politica-de-nova-aurora\/","url":"https:\/\/juacontecimentos.com.br\/site\/camara-de-vereadores-parabeniza-pelos-69-anos-de-emancipacao-politica-de-nova-aurora\/","name":"C\u00e2mara de Vereadores parabeniza pelos 69 anos de emancipa\u00e7\u00e3o pol\u00edtica de Nova Aurora - Jornal Ultimos Acontecimentos","isPartOf":{"@id":"https:\/\/juacontecimentos.com.br\/site\/#website"},"primaryImageOfPage":{"@id":"https:\/\/juacontecimentos.com.br\/site\/camara-de-vereadores-parabeniza-pelos-69-anos-de-emancipacao-politica-de-nova-aurora\/#primaryimage"},"image":{"@id":"https:\/\/juacontecimentos.com.br\/site\/camara-de-vereadores-parabeniza-pelos-69-anos-de-emancipacao-politica-de-nova-aurora\/#primaryimage"},"thumbnailUrl":"https:\/\/juacontecimentos.com.br\/site\/wp-content\/uploads\/2022\/10\/Foto-Site.jpg","datePublished":"2022-10-27T13:15:33+00:00","dateModified":"2022-10-27T13:35:30+00:00","breadcrumb":{"@id":"https:\/\/juacontecimentos.com.br\/site\/camara-de-vereadores-parabeniza-pelos-69-anos-de-emancipacao-politica-de-nova-aurora\/#breadcrumb"},"inLanguage":"pt-BR","potentialAction":[{"@type":"ReadAction","target":["https:\/\/juacontecimentos.com.br\/site\/camara-de-vereadores-parabeniza-pelos-69-anos-de-emancipacao-politica-de-nova-aurora\/"]}]},{"@type":"ImageObject","inLanguage":"pt-BR","@id":"https:\/\/juacontecimentos.com.br\/site\/camara-de-vereadores-parabeniza-pelos-69-anos-de-emancipacao-politica-de-nova-aurora\/#primaryimage","url":"https:\/\/juacontecimentos.com.br\/site\/wp-content\/uploads\/2022\/10\/Foto-Site.jpg","contentUrl":"https:\/\/juacontecimentos.com.br\/site\/wp-content\/uploads\/2022\/10\/Foto-Site.jpg","width":1978,"height":910,"caption":"Vereadores em plen\u00e1rio"},{"@type":"BreadcrumbList","@id":"https:\/\/juacontecimentos.com.br\/site\/camara-de-vereadores-parabeniza-pelos-69-anos-de-emancipacao-politica-de-nova-aurora\/#breadcrumb","itemListElement":[{"@type":"ListItem","position":1,"name":"In\u00edcio","item":"https:\/\/juacontecimentos.com.br\/site\/"},{"@type":"ListItem","position":2,"name":"C\u00e2mara de Vereadores parabeniza pelos 69 anos de emancipa\u00e7\u00e3o pol\u00edtica de Nova Aurora"}]},{"@type":"WebSite","@id":"https:\/\/juacontecimentos.com.br\/site\/#website","url":"https:\/\/juacontecimentos.com.br\/site\/","name":"Jornal Ultimos Acontecimentos","description":"Catal\u00e3o e regi\u00e3o","publisher":{"@id":"https:\/\/juacontecimentos.com.br\/site\/#organization"},"potentialAction":[{"@type":"SearchAction","target":{"@type":"EntryPoint","urlTemplate":"https:\/\/juacontecimentos.com.br\/site\/?s={search_term_string}"},"query-input":{"@type":"PropertyValueSpecification","valueRequired":true,"valueName":"search_term_string"}}],"inLanguage":"pt-BR"},{"@type":"Organization","@id":"https:\/\/juacontecimentos.com.br\/site\/#organization","name":"Jornal Ultimos Acontecimentos","url":"https:\/\/juacontecimentos.com.br\/site\/","logo":{"@type":"ImageObject","inLanguage":"pt-BR","@id":"https:\/\/juacontecimentos.com.br\/site\/#\/schema\/logo\/image\/","url":"https:\/\/juacontecimentos.com.br\/site\/wp-content\/uploads\/2023\/04\/Logo_Site.png","contentUrl":"https:\/\/juacontecimentos.com.br\/site\/wp-content\/uploads\/2023\/04\/Logo_Site.png","width":2476,"height":530,"caption":"Jornal Ultimos Acontecimentos"},"image":{"@id":"https:\/\/juacontecimentos.com.br\/site\/#\/schema\/logo\/image\/"},"sameAs":["https:\/\/www.facebook.com\/jultimosacontecimentos\/"]},{"@type":"Person","@id":"https:\/\/juacontecimentos.com.br\/site\/#\/schema\/person\/082a54e6d3fdd7a633291428521c9669","name":"Reginaldo Ribeiro","image":{"@type":"ImageObject","inLanguage":"pt-BR","@id":"https:\/\/juacontecimentos.com.br\/site\/#\/schema\/person\/image\/","url":"https:\/\/secure.gravatar.com\/avatar\/5c16c6837c3490270a74d888c2a845728f06bdde1f8761de1de1d1d1ef82d12f?s=96&d=mm&r=g","contentUrl":"https:\/\/secure.gravatar.com\/avatar\/5c16c6837c3490270a74d888c2a845728f06bdde1f8761de1de1d1d1ef82d12f?s=96&d=mm&r=g","caption":"Reginaldo Ribeiro"}}]}},"_links":{"self":[{"href":"https:\/\/juacontecimentos.com.br\/site\/wp-json\/wp\/v2\/posts\/22605","targetHints":{"allow":["GET"]}}],"collection":[{"href":"https:\/\/juacontecimentos.com.br\/site\/wp-json\/wp\/v2\/posts"}],"about":[{"href":"https:\/\/juacontecimentos.com.br\/site\/wp-json\/wp\/v2\/types\/post"}],"author":[{"embeddable":true,"href":"https:\/\/juacontecimentos.com.br\/site\/wp-json\/wp\/v2\/users\/2"}],"replies":[{"embeddable":true,"href":"https:\/\/juacontecimentos.com.br\/site\/wp-json\/wp\/v2\/comments?post=22605"}],"version-history":[{"count":3,"href":"https:\/\/juacontecimentos.com.br\/site\/wp-json\/wp\/v2\/posts\/22605\/revisions"}],"predecessor-version":[{"id":22609,"href":"https:\/\/juacontecimentos.com.br\/site\/wp-json\/wp\/v2\/posts\/22605\/revisions\/22609"}],"wp:featuredmedia":[{"embeddable":true,"href":"https:\/\/juacontecimentos.com.br\/site\/wp-json\/wp\/v2\/media\/22610"}],"wp:attachment":[{"href":"https:\/\/juacontecimentos.com.br\/site\/wp-json\/wp\/v2\/media?parent=22605"}],"wp:term":[{"taxonomy":"category","embeddable":true,"href":"https:\/\/juacontecimentos.com.br\/site\/wp-json\/wp\/v2\/categories?post=22605"},{"taxonomy":"post_tag","embeddable":true,"href":"https:\/\/juacontecimentos.com.br\/site\/wp-json\/wp\/v2\/tags?post=22605"}],"curies":[{"name":"wp","href":"https:\/\/api.w.org\/{rel}","templated":true}]}}