{"id":22739,"date":"2022-11-06T04:55:04","date_gmt":"2022-11-06T07:55:04","guid":{"rendered":"https:\/\/juacontecimentos.com.br\/site\/?p=22739"},"modified":"2022-11-06T05:02:28","modified_gmt":"2022-11-06T08:02:28","slug":"lula-ja-tem-nome-para-quem-vai-comandar-o-exercito","status":"publish","type":"post","link":"https:\/\/juacontecimentos.com.br\/site\/lula-ja-tem-nome-para-quem-vai-comandar-o-exercito\/","title":{"rendered":"Lula j\u00e1 tem nome para quem vai comandar o Ex\u00e9rcito"},"content":{"rendered":"<p style=\"text-align: center\"><strong>Conselheiros do presidente eleitoe sugerem general do comando militar do Sudeste<\/strong><\/p>\n<p>&nbsp;<\/p>\n<div id=\"attachment_22740\" style=\"width: 778px\" class=\"wp-caption alignright\"><img loading=\"lazy\" decoding=\"async\" aria-describedby=\"caption-attachment-22740\" class=\"size-full wp-image-22740\" src=\"https:\/\/juacontecimentos.com.br\/site\/wp-content\/uploads\/2022\/11\/1289_C3613A91E08105F9-4-768x424.jpg\" alt=\"\" width=\"768\" height=\"424\" srcset=\"https:\/\/juacontecimentos.com.br\/site\/wp-content\/uploads\/2022\/11\/1289_C3613A91E08105F9-4-768x424.jpg 768w, https:\/\/juacontecimentos.com.br\/site\/wp-content\/uploads\/2022\/11\/1289_C3613A91E08105F9-4-768x424-300x166.jpg 300w\" sizes=\"auto, (max-width: 768px) 100vw, 768px\" \/><p id=\"caption-attachment-22740\" class=\"wp-caption-text\">Lista entregue a Lula tem quatro nomes para nomear \u00a0 Foto: Divulga\u00e7\u00e3o J. Op\u00e7\u00e3o<\/dd>\n<dd class=\"wp-caption-dd\">Por: <a class=\"post-author\" href=\"https:\/\/www.jornalopcao.com.br\/author\/nielton-santos\/\">Nielton Soares dos Santos<\/a><\/p><\/div>\n<p>&nbsp;<\/p>\n<p>&nbsp;<\/p>\n<p>&nbsp;<\/p>\n<p>&nbsp;<\/p>\n<p>&nbsp;<\/p>\n<p style=\"text-align: left\">O presidente eleito Luiz In\u00e1cio Lula da Silva (PT) come\u00e7a a pensar na \u00e1rea estrat\u00e9gica e que estava muito conectada com o bolsonarismo. Trata-se das For\u00e7as Armada. Para tanooioito, o petista pretende entregar o comando do Ex\u00e9rcito, em janeiro, ao general Julio Cesar de Arruda. Ele \u00e9 atualmente chefe do Departamento de Engenharia e Constru\u00e7\u00e3o (DEC).<\/p>\n<p>No entanto, os conselheiros de Lula sugerem que seja o general Tom\u00e1s Paiva. Ele \u00e9 comandante militar da regi\u00e3o Sudeste. A lista que est\u00e1 nas m\u00e3os do petista consta mais dois outros nomes de generais. Dentre os mais antigos e experientes para comandar a For\u00e7a Terrestre est\u00e3o: o chefe do Estado-Maior do Ex\u00e9rcito, Val\u00e9rio Stumpf, e o comandante de Opera\u00e7\u00f5es Terrestres, Estevam Theophilo.<\/p>\n<p>Pela ordem de classifica\u00e7\u00e3o de quatro estrelas, isto \u00e9, a mais alta patente \u00e9 a seguinte: Arruda, em mar\u00e7o de 2019; Stumpf e Paiva, em julho de 2019; Theophilo, em novembro de 2019. Lula \u00e9 aconselhado a n\u00e3o inovar na escolha. Assim, faria a sele\u00e7\u00e3o dos tr\u00eas mais antigos. Na pr\u00e1tica, seriam quatro, pois Stumpf e Paiva dividem a segunda posi\u00e7\u00e3o e ambos passariam \u00e0 reserva na mesma \u00e9poca, em julho de 2023; Arruda, em mar\u00e7o, e Theophilo, em novembro. Os demais 12 integrantes do Alto Comando do Ex\u00e9rcito se aposentam somente a partir de 2024.<\/p>\n<p>A escolha para o cargo \u00e9 exclusivamente pessoal do presidente. Entretanto, o temor na caserna \u00e9 de que Lula abandone o crit\u00e9rio, como fez o aliado e presidente da Col\u00f4mbia, Gustavo Petro. L\u00e1 se provocou uma troca sem precedentes e aposentando de uma s\u00f3 vez uma leva de quase 50 oficiais-generais.<\/p>\n<p>Para oficiais-generais da ativa e da reserva, se Lula usar o mesmo crit\u00e9rio que prevaleceu nos dois primeiros governos petistas, isso elimina a tens\u00e3o com as For\u00e7as Armadas. Assim, seriam nomeados os comandantes tanto do Ex\u00e9rcito quanto da Aeron\u00e1utica e da Marinha os militares mais antigos do generalato.<br \/>\n<\/p>\n","protected":false},"excerpt":{"rendered":"<p>Conselheiros do presidente eleitoe sugerem general do comando militar do Sudeste &nbsp; &nbsp; &nbsp; &nbsp; &nbsp; &nbsp; O presidente eleito Luiz In\u00e1cio Lula da Silva (PT) come\u00e7a a pensar na \u00e1rea estrat\u00e9gica e que estava muito conectada com o bolsonarismo. Trata-se das For\u00e7as Armada. Para tanooioito, o petista pretende entregar o comando do Ex\u00e9rcito, em<\/p>\n","protected":false},"author":2,"featured_media":22740,"comment_status":"open","ping_status":"open","sticky":false,"template":"","format":"standard","meta":{"footnotes":""},"categories":[27,22,26,24,23],"tags":[],"class_list":["post-22739","post","type-post","status-publish","format-standard","has-post-thumbnail","hentry","category-brasil","category-catalao","category-destaque","category-edicoes","category-goias"],"yoast_head":"<!-- This site is optimized with the Yoast SEO plugin v25.8 - https:\/\/yoast.com\/wordpress\/plugins\/seo\/ -->\n<title>Lula j\u00e1 tem nome para quem vai comandar o Ex\u00e9rcito - Jornal Ultimos Acontecimentos<\/title>\n<meta name=\"robots\" content=\"index, follow, max-snippet:-1, max-image-preview:large, max-video-preview:-1\" \/>\n<link rel=\"canonical\" href=\"https:\/\/juacontecimentos.com.br\/site\/lula-ja-tem-nome-para-quem-vai-comandar-o-exercito\/\" \/>\n<meta property=\"og:locale\" content=\"pt_BR\" \/>\n<meta property=\"og:type\" content=\"article\" \/>\n<meta property=\"og:title\" content=\"Lula j\u00e1 tem nome para quem vai comandar o Ex\u00e9rcito - Jornal Ultimos Acontecimentos\" \/>\n<meta property=\"og:description\" content=\"Conselheiros do presidente eleitoe sugerem general do comando militar do Sudeste &nbsp; &nbsp; &nbsp; &nbsp; &nbsp; &nbsp; O presidente eleito Luiz In\u00e1cio Lula da Silva (PT) come\u00e7a a pensar na \u00e1rea estrat\u00e9gica e que estava muito conectada com o bolsonarismo. Trata-se das For\u00e7as Armada. Para tanooioito, o petista pretende entregar o comando do Ex\u00e9rcito, em\" \/>\n<meta property=\"og:url\" content=\"https:\/\/juacontecimentos.com.br\/site\/lula-ja-tem-nome-para-quem-vai-comandar-o-exercito\/\" \/>\n<meta property=\"og:site_name\" content=\"Jornal Ultimos Acontecimentos\" \/>\n<meta property=\"article:publisher\" content=\"https:\/\/www.facebook.com\/jultimosacontecimentos\/\" \/>\n<meta property=\"article:published_time\" content=\"2022-11-06T07:55:04+00:00\" \/>\n<meta property=\"article:modified_time\" content=\"2022-11-06T08:02:28+00:00\" \/>\n<meta property=\"og:image\" content=\"https:\/\/juacontecimentos.com.br\/site\/wp-content\/uploads\/2022\/11\/1289_C3613A91E08105F9-4-768x424.jpg\" \/>\n\t<meta property=\"og:image:width\" content=\"768\" \/>\n\t<meta property=\"og:image:height\" content=\"424\" \/>\n\t<meta property=\"og:image:type\" content=\"image\/jpeg\" \/>\n<meta name=\"author\" content=\"Reginaldo Ribeiro\" \/>\n<meta name=\"twitter:card\" content=\"summary_large_image\" \/>\n<meta name=\"twitter:label1\" content=\"Escrito por\" \/>\n\t<meta name=\"twitter:data1\" content=\"Reginaldo Ribeiro\" \/>\n\t<meta name=\"twitter:label2\" content=\"Est. tempo de leitura\" \/>\n\t<meta name=\"twitter:data2\" content=\"2 minutos\" \/>\n<script type=\"application\/ld+json\" class=\"yoast-schema-graph\">{\"@context\":\"https:\/\/schema.org\",\"@graph\":[{\"@type\":\"Article\",\"@id\":\"https:\/\/juacontecimentos.com.br\/site\/lula-ja-tem-nome-para-quem-vai-comandar-o-exercito\/#article\",\"isPartOf\":{\"@id\":\"https:\/\/juacontecimentos.com.br\/site\/lula-ja-tem-nome-para-quem-vai-comandar-o-exercito\/\"},\"author\":{\"name\":\"Reginaldo Ribeiro\",\"@id\":\"https:\/\/juacontecimentos.com.br\/site\/#\/schema\/person\/082a54e6d3fdd7a633291428521c9669\"},\"headline\":\"Lula j\u00e1 tem nome para quem vai comandar o Ex\u00e9rcito\",\"datePublished\":\"2022-11-06T07:55:04+00:00\",\"dateModified\":\"2022-11-06T08:02:28+00:00\",\"mainEntityOfPage\":{\"@id\":\"https:\/\/juacontecimentos.com.br\/site\/lula-ja-tem-nome-para-quem-vai-comandar-o-exercito\/\"},\"wordCount\":384,\"commentCount\":0,\"publisher\":{\"@id\":\"https:\/\/juacontecimentos.com.br\/site\/#organization\"},\"image\":{\"@id\":\"https:\/\/juacontecimentos.com.br\/site\/lula-ja-tem-nome-para-quem-vai-comandar-o-exercito\/#primaryimage\"},\"thumbnailUrl\":\"https:\/\/juacontecimentos.com.br\/site\/wp-content\/uploads\/2022\/11\/1289_C3613A91E08105F9-4-768x424.jpg\",\"articleSection\":[\"Brasil\",\"Catal\u00e3o\",\"Destaque\",\"Edi\u00e7\u00f5es\",\"Goi\u00e1s\"],\"inLanguage\":\"pt-BR\"},{\"@type\":\"WebPage\",\"@id\":\"https:\/\/juacontecimentos.com.br\/site\/lula-ja-tem-nome-para-quem-vai-comandar-o-exercito\/\",\"url\":\"https:\/\/juacontecimentos.com.br\/site\/lula-ja-tem-nome-para-quem-vai-comandar-o-exercito\/\",\"name\":\"Lula j\u00e1 tem nome para quem vai comandar o Ex\u00e9rcito - Jornal Ultimos Acontecimentos\",\"isPartOf\":{\"@id\":\"https:\/\/juacontecimentos.com.br\/site\/#website\"},\"primaryImageOfPage\":{\"@id\":\"https:\/\/juacontecimentos.com.br\/site\/lula-ja-tem-nome-para-quem-vai-comandar-o-exercito\/#primaryimage\"},\"image\":{\"@id\":\"https:\/\/juacontecimentos.com.br\/site\/lula-ja-tem-nome-para-quem-vai-comandar-o-exercito\/#primaryimage\"},\"thumbnailUrl\":\"https:\/\/juacontecimentos.com.br\/site\/wp-content\/uploads\/2022\/11\/1289_C3613A91E08105F9-4-768x424.jpg\",\"datePublished\":\"2022-11-06T07:55:04+00:00\",\"dateModified\":\"2022-11-06T08:02:28+00:00\",\"breadcrumb\":{\"@id\":\"https:\/\/juacontecimentos.com.br\/site\/lula-ja-tem-nome-para-quem-vai-comandar-o-exercito\/#breadcrumb\"},\"inLanguage\":\"pt-BR\",\"potentialAction\":[{\"@type\":\"ReadAction\",\"target\":[\"https:\/\/juacontecimentos.com.br\/site\/lula-ja-tem-nome-para-quem-vai-comandar-o-exercito\/\"]}]},{\"@type\":\"ImageObject\",\"inLanguage\":\"pt-BR\",\"@id\":\"https:\/\/juacontecimentos.com.br\/site\/lula-ja-tem-nome-para-quem-vai-comandar-o-exercito\/#primaryimage\",\"url\":\"https:\/\/juacontecimentos.com.br\/site\/wp-content\/uploads\/2022\/11\/1289_C3613A91E08105F9-4-768x424.jpg\",\"contentUrl\":\"https:\/\/juacontecimentos.com.br\/site\/wp-content\/uploads\/2022\/11\/1289_C3613A91E08105F9-4-768x424.jpg\",\"width\":768,\"height\":424,\"caption\":\"Foto: Divulga\u00e7\u00e3o J. Op\u00e7\u00e3o\"},{\"@type\":\"BreadcrumbList\",\"@id\":\"https:\/\/juacontecimentos.com.br\/site\/lula-ja-tem-nome-para-quem-vai-comandar-o-exercito\/#breadcrumb\",\"itemListElement\":[{\"@type\":\"ListItem\",\"position\":1,\"name\":\"In\u00edcio\",\"item\":\"https:\/\/juacontecimentos.com.br\/site\/\"},{\"@type\":\"ListItem\",\"position\":2,\"name\":\"Lula j\u00e1 tem nome para quem vai comandar o Ex\u00e9rcito\"}]},{\"@type\":\"WebSite\",\"@id\":\"https:\/\/juacontecimentos.com.br\/site\/#website\",\"url\":\"https:\/\/juacontecimentos.com.br\/site\/\",\"name\":\"Jornal Ultimos Acontecimentos\",\"description\":\"Catal\u00e3o e regi\u00e3o\",\"publisher\":{\"@id\":\"https:\/\/juacontecimentos.com.br\/site\/#organization\"},\"potentialAction\":[{\"@type\":\"SearchAction\",\"target\":{\"@type\":\"EntryPoint\",\"urlTemplate\":\"https:\/\/juacontecimentos.com.br\/site\/?s={search_term_string}\"},\"query-input\":{\"@type\":\"PropertyValueSpecification\",\"valueRequired\":true,\"valueName\":\"search_term_string\"}}],\"inLanguage\":\"pt-BR\"},{\"@type\":\"Organization\",\"@id\":\"https:\/\/juacontecimentos.com.br\/site\/#organization\",\"name\":\"Jornal Ultimos Acontecimentos\",\"url\":\"https:\/\/juacontecimentos.com.br\/site\/\",\"logo\":{\"@type\":\"ImageObject\",\"inLanguage\":\"pt-BR\",\"@id\":\"https:\/\/juacontecimentos.com.br\/site\/#\/schema\/logo\/image\/\",\"url\":\"https:\/\/juacontecimentos.com.br\/site\/wp-content\/uploads\/2023\/04\/Logo_Site.png\",\"contentUrl\":\"https:\/\/juacontecimentos.com.br\/site\/wp-content\/uploads\/2023\/04\/Logo_Site.png\",\"width\":2476,\"height\":530,\"caption\":\"Jornal Ultimos Acontecimentos\"},\"image\":{\"@id\":\"https:\/\/juacontecimentos.com.br\/site\/#\/schema\/logo\/image\/\"},\"sameAs\":[\"https:\/\/www.facebook.com\/jultimosacontecimentos\/\"]},{\"@type\":\"Person\",\"@id\":\"https:\/\/juacontecimentos.com.br\/site\/#\/schema\/person\/082a54e6d3fdd7a633291428521c9669\",\"name\":\"Reginaldo Ribeiro\",\"image\":{\"@type\":\"ImageObject\",\"inLanguage\":\"pt-BR\",\"@id\":\"https:\/\/juacontecimentos.com.br\/site\/#\/schema\/person\/image\/\",\"url\":\"https:\/\/secure.gravatar.com\/avatar\/5c16c6837c3490270a74d888c2a845728f06bdde1f8761de1de1d1d1ef82d12f?s=96&d=mm&r=g\",\"contentUrl\":\"https:\/\/secure.gravatar.com\/avatar\/5c16c6837c3490270a74d888c2a845728f06bdde1f8761de1de1d1d1ef82d12f?s=96&d=mm&r=g\",\"caption\":\"Reginaldo Ribeiro\"}}]}<\/script>\n<!-- \/ Yoast SEO plugin. -->","yoast_head_json":{"title":"Lula j\u00e1 tem nome para quem vai comandar o Ex\u00e9rcito - Jornal Ultimos Acontecimentos","robots":{"index":"index","follow":"follow","max-snippet":"max-snippet:-1","max-image-preview":"max-image-preview:large","max-video-preview":"max-video-preview:-1"},"canonical":"https:\/\/juacontecimentos.com.br\/site\/lula-ja-tem-nome-para-quem-vai-comandar-o-exercito\/","og_locale":"pt_BR","og_type":"article","og_title":"Lula j\u00e1 tem nome para quem vai comandar o Ex\u00e9rcito - Jornal Ultimos Acontecimentos","og_description":"Conselheiros do presidente eleitoe sugerem general do comando militar do Sudeste &nbsp; &nbsp; &nbsp; &nbsp; &nbsp; &nbsp; O presidente eleito Luiz In\u00e1cio Lula da Silva (PT) come\u00e7a a pensar na \u00e1rea estrat\u00e9gica e que estava muito conectada com o bolsonarismo. Trata-se das For\u00e7as Armada. Para tanooioito, o petista pretende entregar o comando do Ex\u00e9rcito, em","og_url":"https:\/\/juacontecimentos.com.br\/site\/lula-ja-tem-nome-para-quem-vai-comandar-o-exercito\/","og_site_name":"Jornal Ultimos Acontecimentos","article_publisher":"https:\/\/www.facebook.com\/jultimosacontecimentos\/","article_published_time":"2022-11-06T07:55:04+00:00","article_modified_time":"2022-11-06T08:02:28+00:00","og_image":[{"width":768,"height":424,"url":"https:\/\/juacontecimentos.com.br\/site\/wp-content\/uploads\/2022\/11\/1289_C3613A91E08105F9-4-768x424.jpg","type":"image\/jpeg"}],"author":"Reginaldo Ribeiro","twitter_card":"summary_large_image","twitter_misc":{"Escrito por":"Reginaldo Ribeiro","Est. tempo de leitura":"2 minutos"},"schema":{"@context":"https:\/\/schema.org","@graph":[{"@type":"Article","@id":"https:\/\/juacontecimentos.com.br\/site\/lula-ja-tem-nome-para-quem-vai-comandar-o-exercito\/#article","isPartOf":{"@id":"https:\/\/juacontecimentos.com.br\/site\/lula-ja-tem-nome-para-quem-vai-comandar-o-exercito\/"},"author":{"name":"Reginaldo Ribeiro","@id":"https:\/\/juacontecimentos.com.br\/site\/#\/schema\/person\/082a54e6d3fdd7a633291428521c9669"},"headline":"Lula j\u00e1 tem nome para quem vai comandar o Ex\u00e9rcito","datePublished":"2022-11-06T07:55:04+00:00","dateModified":"2022-11-06T08:02:28+00:00","mainEntityOfPage":{"@id":"https:\/\/juacontecimentos.com.br\/site\/lula-ja-tem-nome-para-quem-vai-comandar-o-exercito\/"},"wordCount":384,"commentCount":0,"publisher":{"@id":"https:\/\/juacontecimentos.com.br\/site\/#organization"},"image":{"@id":"https:\/\/juacontecimentos.com.br\/site\/lula-ja-tem-nome-para-quem-vai-comandar-o-exercito\/#primaryimage"},"thumbnailUrl":"https:\/\/juacontecimentos.com.br\/site\/wp-content\/uploads\/2022\/11\/1289_C3613A91E08105F9-4-768x424.jpg","articleSection":["Brasil","Catal\u00e3o","Destaque","Edi\u00e7\u00f5es","Goi\u00e1s"],"inLanguage":"pt-BR"},{"@type":"WebPage","@id":"https:\/\/juacontecimentos.com.br\/site\/lula-ja-tem-nome-para-quem-vai-comandar-o-exercito\/","url":"https:\/\/juacontecimentos.com.br\/site\/lula-ja-tem-nome-para-quem-vai-comandar-o-exercito\/","name":"Lula j\u00e1 tem nome para quem vai comandar o Ex\u00e9rcito - Jornal Ultimos Acontecimentos","isPartOf":{"@id":"https:\/\/juacontecimentos.com.br\/site\/#website"},"primaryImageOfPage":{"@id":"https:\/\/juacontecimentos.com.br\/site\/lula-ja-tem-nome-para-quem-vai-comandar-o-exercito\/#primaryimage"},"image":{"@id":"https:\/\/juacontecimentos.com.br\/site\/lula-ja-tem-nome-para-quem-vai-comandar-o-exercito\/#primaryimage"},"thumbnailUrl":"https:\/\/juacontecimentos.com.br\/site\/wp-content\/uploads\/2022\/11\/1289_C3613A91E08105F9-4-768x424.jpg","datePublished":"2022-11-06T07:55:04+00:00","dateModified":"2022-11-06T08:02:28+00:00","breadcrumb":{"@id":"https:\/\/juacontecimentos.com.br\/site\/lula-ja-tem-nome-para-quem-vai-comandar-o-exercito\/#breadcrumb"},"inLanguage":"pt-BR","potentialAction":[{"@type":"ReadAction","target":["https:\/\/juacontecimentos.com.br\/site\/lula-ja-tem-nome-para-quem-vai-comandar-o-exercito\/"]}]},{"@type":"ImageObject","inLanguage":"pt-BR","@id":"https:\/\/juacontecimentos.com.br\/site\/lula-ja-tem-nome-para-quem-vai-comandar-o-exercito\/#primaryimage","url":"https:\/\/juacontecimentos.com.br\/site\/wp-content\/uploads\/2022\/11\/1289_C3613A91E08105F9-4-768x424.jpg","contentUrl":"https:\/\/juacontecimentos.com.br\/site\/wp-content\/uploads\/2022\/11\/1289_C3613A91E08105F9-4-768x424.jpg","width":768,"height":424,"caption":"Foto: Divulga\u00e7\u00e3o J. Op\u00e7\u00e3o"},{"@type":"BreadcrumbList","@id":"https:\/\/juacontecimentos.com.br\/site\/lula-ja-tem-nome-para-quem-vai-comandar-o-exercito\/#breadcrumb","itemListElement":[{"@type":"ListItem","position":1,"name":"In\u00edcio","item":"https:\/\/juacontecimentos.com.br\/site\/"},{"@type":"ListItem","position":2,"name":"Lula j\u00e1 tem nome para quem vai comandar o Ex\u00e9rcito"}]},{"@type":"WebSite","@id":"https:\/\/juacontecimentos.com.br\/site\/#website","url":"https:\/\/juacontecimentos.com.br\/site\/","name":"Jornal Ultimos Acontecimentos","description":"Catal\u00e3o e regi\u00e3o","publisher":{"@id":"https:\/\/juacontecimentos.com.br\/site\/#organization"},"potentialAction":[{"@type":"SearchAction","target":{"@type":"EntryPoint","urlTemplate":"https:\/\/juacontecimentos.com.br\/site\/?s={search_term_string}"},"query-input":{"@type":"PropertyValueSpecification","valueRequired":true,"valueName":"search_term_string"}}],"inLanguage":"pt-BR"},{"@type":"Organization","@id":"https:\/\/juacontecimentos.com.br\/site\/#organization","name":"Jornal Ultimos Acontecimentos","url":"https:\/\/juacontecimentos.com.br\/site\/","logo":{"@type":"ImageObject","inLanguage":"pt-BR","@id":"https:\/\/juacontecimentos.com.br\/site\/#\/schema\/logo\/image\/","url":"https:\/\/juacontecimentos.com.br\/site\/wp-content\/uploads\/2023\/04\/Logo_Site.png","contentUrl":"https:\/\/juacontecimentos.com.br\/site\/wp-content\/uploads\/2023\/04\/Logo_Site.png","width":2476,"height":530,"caption":"Jornal Ultimos Acontecimentos"},"image":{"@id":"https:\/\/juacontecimentos.com.br\/site\/#\/schema\/logo\/image\/"},"sameAs":["https:\/\/www.facebook.com\/jultimosacontecimentos\/"]},{"@type":"Person","@id":"https:\/\/juacontecimentos.com.br\/site\/#\/schema\/person\/082a54e6d3fdd7a633291428521c9669","name":"Reginaldo Ribeiro","image":{"@type":"ImageObject","inLanguage":"pt-BR","@id":"https:\/\/juacontecimentos.com.br\/site\/#\/schema\/person\/image\/","url":"https:\/\/secure.gravatar.com\/avatar\/5c16c6837c3490270a74d888c2a845728f06bdde1f8761de1de1d1d1ef82d12f?s=96&d=mm&r=g","contentUrl":"https:\/\/secure.gravatar.com\/avatar\/5c16c6837c3490270a74d888c2a845728f06bdde1f8761de1de1d1d1ef82d12f?s=96&d=mm&r=g","caption":"Reginaldo Ribeiro"}}]}},"_links":{"self":[{"href":"https:\/\/juacontecimentos.com.br\/site\/wp-json\/wp\/v2\/posts\/22739","targetHints":{"allow":["GET"]}}],"collection":[{"href":"https:\/\/juacontecimentos.com.br\/site\/wp-json\/wp\/v2\/posts"}],"about":[{"href":"https:\/\/juacontecimentos.com.br\/site\/wp-json\/wp\/v2\/types\/post"}],"author":[{"embeddable":true,"href":"https:\/\/juacontecimentos.com.br\/site\/wp-json\/wp\/v2\/users\/2"}],"replies":[{"embeddable":true,"href":"https:\/\/juacontecimentos.com.br\/site\/wp-json\/wp\/v2\/comments?post=22739"}],"version-history":[{"count":5,"href":"https:\/\/juacontecimentos.com.br\/site\/wp-json\/wp\/v2\/posts\/22739\/revisions"}],"predecessor-version":[{"id":22745,"href":"https:\/\/juacontecimentos.com.br\/site\/wp-json\/wp\/v2\/posts\/22739\/revisions\/22745"}],"wp:featuredmedia":[{"embeddable":true,"href":"https:\/\/juacontecimentos.com.br\/site\/wp-json\/wp\/v2\/media\/22740"}],"wp:attachment":[{"href":"https:\/\/juacontecimentos.com.br\/site\/wp-json\/wp\/v2\/media?parent=22739"}],"wp:term":[{"taxonomy":"category","embeddable":true,"href":"https:\/\/juacontecimentos.com.br\/site\/wp-json\/wp\/v2\/categories?post=22739"},{"taxonomy":"post_tag","embeddable":true,"href":"https:\/\/juacontecimentos.com.br\/site\/wp-json\/wp\/v2\/tags?post=22739"}],"curies":[{"name":"wp","href":"https:\/\/api.w.org\/{rel}","templated":true}]}}