{"id":22989,"date":"2022-11-20T18:25:21","date_gmt":"2022-11-20T21:25:21","guid":{"rendered":"https:\/\/juacontecimentos.com.br\/site\/?p=22989"},"modified":"2022-11-20T18:40:40","modified_gmt":"2022-11-20T21:40:40","slug":"entenda-por-que-bruno-peixoto-e-o-mais-cotado-para-presidente-da-assembleia","status":"publish","type":"post","link":"https:\/\/juacontecimentos.com.br\/site\/entenda-por-que-bruno-peixoto-e-o-mais-cotado-para-presidente-da-assembleia\/","title":{"rendered":"Entenda por que Bruno Peixoto \u00e9 o mais cotado para presidente da Assembleia"},"content":{"rendered":"<div class=\"post-excerpt\" style=\"text-align: center\"><strong>O deputado est\u00e1 realmente definido? N\u00e3o. Mas, no momento, est\u00e1 na pole position. \u00c9 Verstappen. Est\u00e3o no p\u00e1reo Lincoln Tejota, Renato de Castro e Virmondes Cruvinel<\/strong><\/div>\n<div class=\"post-excerpt\" style=\"text-align: center\"><strong>\u00a0<\/strong><\/div>\n<div class=\"template-part-component-the-thumbnail\"><img loading=\"lazy\" decoding=\"async\" class=\"attachment-post-thumbnail size-post-thumbnail wp-post-image ls-is-cached lazyloaded\" src=\"https:\/\/www.jornalopcao.com.br\/wp-content\/uploads\/2022\/10\/bruno-peixoto-maos-paralelas.jpg\" srcset=\"https:\/\/www.jornalopcao.com.br\/wp-content\/uploads\/2022\/10\/bruno-peixoto-maos-paralelas.jpg 1320w, https:\/\/www.jornalopcao.com.br\/wp-content\/uploads\/2022\/10\/bruno-peixoto-maos-paralelas-300x200.jpg 300w, https:\/\/www.jornalopcao.com.br\/wp-content\/uploads\/2022\/10\/bruno-peixoto-maos-paralelas-620x413.jpg 620w, https:\/\/www.jornalopcao.com.br\/wp-content\/uploads\/2022\/10\/bruno-peixoto-maos-paralelas-768x512.jpg 768w, https:\/\/www.jornalopcao.com.br\/wp-content\/uploads\/2022\/10\/bruno-peixoto-maos-paralelas-940x627.jpg 940w\" alt=\"\" width=\"1320\" height=\"880\" \/>Bruno Peixoto: l\u00edder do governo na Assembleia Legislativa | Foto: Fernando Leite\/Jornal Op\u00e7\u00e3o<\/div>\n<div class=\"post-content\">\n<div class=\"content-right\">\nQuem ser\u00e1 realmente presidente da Assembleia Legislativa de Goi\u00e1s entre 2023 e 2024? N\u00e3o se sabe. H\u00e1 um \u00fanico consenso: o governador Ronaldo Caiado (Uni\u00e3o Brasil) \u00e9 o pol\u00edtico decisivo na disputa. Seu \u201ccandidato\u201d ser\u00e1 o presidente. At\u00e9 porque, definido o nome, n\u00e3o haver\u00e1 disputa.O\u00a0<strong>J. Op\u00e7\u00e3o<\/strong>\u00a0ouviu dez deputados estaduais (tr\u00eas eleitos em 2022, portanto ainda n\u00e3o s\u00e3o deputados) e cinco pol\u00edticos (com e sem mandato) que s\u00e3o aliados de Ronaldo Caiado. A seguir, as opini\u00f5es de todos ser\u00e3o resumidas em seis t\u00f3picos, com as opini\u00f5es das fontes.<\/p>\n<p class=\"has-text-align-center\"><strong>1<\/strong><\/p>\n<div class=\"wp-block-image\">\n<img loading=\"lazy\" decoding=\"async\" class=\"wp-image-421685 lazyloaded\" src=\"https:\/\/www.jornalopcao.com.br\/wp-content\/uploads\/2022\/08\/TallesBarreto-7.jpeg\" srcset=\"https:\/\/www.jornalopcao.com.br\/wp-content\/uploads\/2022\/08\/TallesBarreto-7.jpeg 620w, https:\/\/www.jornalopcao.com.br\/wp-content\/uploads\/2022\/08\/TallesBarreto-7-300x169.jpeg 300w\" alt=\"\" width=\"620\" height=\"350\" \/>Talles Barreto: cotado para l\u00edder do governo | Foto: F\u00e1bio Costa\/Jornal Op\u00e7\u00e3o\n<\/div>\n<p>Segundo o primeiro grupo de fontes, o pr\u00f3ximo presidente da Alego ser\u00e1 Bruno Peixoto, do Uni\u00e3o Brasil. O l\u00edder do governo tende a ser Talles Barreto, do Uni\u00e3o Brasil, e o presidente da Comiss\u00e3o de Constitui\u00e7\u00e3o e Justi\u00e7a (CCJ) pode ser Wagner Neto. No caso deste, teria pesado a for\u00e7a do PRTB, que tem quatro deputados.<\/p>\n<p>Segundo as fontes, Wilde Camb\u00e3o, que chegou a ser cotado para presidente da Alego, tamb\u00e9m chegou a ser mencionado para l\u00edder do governo. Mas teria faltado apoio de deputados.<\/p>\n<div class=\"wp-block-image\">\n<img loading=\"lazy\" decoding=\"async\" class=\"wp-image-221998 lazyloaded\" src=\"https:\/\/www.jornalopcao.com.br\/wp-content\/uploads\/2019\/11\/wagner.png\" srcset=\"https:\/\/www.jornalopcao.com.br\/wp-content\/uploads\/2019\/11\/wagner.png 598w, https:\/\/www.jornalopcao.com.br\/wp-content\/uploads\/2019\/11\/wagner-300x160.png 300w\" alt=\"\" width=\"598\" height=\"318\" \/>Wagner Neto: cotado para a Comiss\u00e3o de Constitui\u00e7\u00e3o e Justi\u00e7a | Foto: Divulga\u00e7\u00e3o\n<\/div>\n<p>Por que Bruno Peixoto \u00e9 altamente cotado? Porque \u00e9 do Uni\u00e3o Brasil, o partido do governador, e foi o mais votado do pleito de 2022. Seus apoiadores acrescentam que n\u00e3o tem pregui\u00e7a, \u00e9 extremamente focado e tem paix\u00e3o por pol\u00edtica. Ademais, sempre assume como suas as causas do governo de Ronaldo Caiado, com firmeza. Ele n\u00e3o joga para a plateia do populismo.<\/p>\n<p>As fontes sugerem que hoje a Assembleia praticamente tem dois presidentes: Lissauer Vieira, o oficial, e Bruno Peixoto, o informal. Lissauer Vieira trabalha contra o interesse dos goianos e do governo do Estado, de acordo com as fontes, e Bruno Peixoto opera a favor dos goianos e da gest\u00e3o p\u00fablica. As fontes postulam que, entre os goianos e o agroneg\u00f3cio, o presidente da AL, oficial, fica com os \u201cfinanciadores\u201d.<\/p>\n<p class=\"has-text-align-center\"><strong>2<\/strong><\/p>\n<div class=\"wp-block-image\">\n<img loading=\"lazy\" decoding=\"async\" class=\"wp-image-271971 ls-is-cached lazyloaded\" src=\"https:\/\/www.jornalopcao.com.br\/wp-content\/uploads\/2020\/07\/Lincoln-Tejota-Foto-Fernando-620x350.jpeg\" srcset=\"https:\/\/www.jornalopcao.com.br\/wp-content\/uploads\/2020\/07\/Lincoln-Tejota-Foto-Fernando.jpeg 620w, https:\/\/www.jornalopcao.com.br\/wp-content\/uploads\/2020\/07\/Lincoln-Tejota-Foto-Fernando-300x169.jpeg 300w, https:\/\/www.jornalopcao.com.br\/wp-content\/uploads\/2020\/07\/Lincoln-Tejota-Foto-Fernando-768x433.jpeg 768w\" alt=\"\" width=\"620\" height=\"350\" \/>Lincoln Tejota: vice-governador de Goi\u00e1s e deputado eleito | Foto: Fernando Leite\/Jornal Op\u00e7\u00e3o\n<\/div>\n<p>O segundo grupo de fontes sugere que Ronaldo Caiado tem respeito pelo vice-governador Lincoln Tejota (Uni\u00e3o Brasil), deputado estadual rec\u00e9m-eleito, e pelo deputado Virmondes Cruvinel (Uni\u00e3o Brasil).<\/p>\n<p>Qual \u00e9, ent\u00e3o, o problema dos dois? O de Lincoln Tejota \u00e9 o pai, Sebasti\u00e3o Tejota, que, como conselheiro do Tribunal de Contas do Estado, articula mais do que a maioria dos pol\u00edticos do Estado. Com o controle do TCE \u2014 onde \u00e9 tido como \u201cchef\u00e3o\u201d, ao lado de Kennedy Trindade (conhecido como \u201cemin\u00eancia parda\u201d) \u2014 e da Alego, por interm\u00e9dio de Lincoln Tejota, Sebasti\u00e3o Tejota praticamente se tornaria uma esp\u00e9cie de governador paralelo de Goi\u00e1s. \u00c9 o abacaxi com casca nas m\u00e3os de Lincoln Tejota.<\/p>\n<div class=\"wp-block-image\">\n<img loading=\"lazy\" decoding=\"async\" class=\"wp-image-240002 lazyloaded\" src=\"https:\/\/www.jornalopcao.com.br\/wp-content\/uploads\/2020\/03\/b4ca0e93-b304-46e8-bb7e-5e0057eae916-620x414.jpg\" srcset=\"https:\/\/www.jornalopcao.com.br\/wp-content\/uploads\/2020\/03\/b4ca0e93-b304-46e8-bb7e-5e0057eae916-620x414.jpg 620w, https:\/\/www.jornalopcao.com.br\/wp-content\/uploads\/2020\/03\/b4ca0e93-b304-46e8-bb7e-5e0057eae916-300x200.jpg 300w, https:\/\/www.jornalopcao.com.br\/wp-content\/uploads\/2020\/03\/b4ca0e93-b304-46e8-bb7e-5e0057eae916-768x512.jpg 768w, https:\/\/www.jornalopcao.com.br\/wp-content\/uploads\/2020\/03\/b4ca0e93-b304-46e8-bb7e-5e0057eae916-600x400.jpg 600w, https:\/\/www.jornalopcao.com.br\/wp-content\/uploads\/2020\/03\/b4ca0e93-b304-46e8-bb7e-5e0057eae916.jpg 1280w\" alt=\"\" width=\"620\" height=\"414\" \/>Virmondes Cruvinel: apontado como \u201cdeputado qualitativo\u201d | Foto: Divulga\u00e7\u00e3oRenato de Castro e seu pai, Fi\u00e3o de Castro, s\u00e3o ligados a Ronaldo Caiado, que os respeita e admira. Por\u00e9m, como se sabe, na campanha deste ano, o governador perdeu em poucos munic\u00edpios, como Goian\u00e9sia. Alguma coisa falhou l\u00e1: o ex-prefeito n\u00e3o operou, em termos pol\u00edtico-eleitorais, com a efici\u00eancia que se esperava dele. Por\u00e9m, o problema principal \u00e9 outro.De acordo com o grupo de fontes, Renato de Castro, deputado rec\u00e9m-eleito, uniu-se ao ex-ministro Alexandre Baldy (pP) e ao prefeito de An\u00e1polis, Roberto Naves (pP), com o objetivo de \u201cemparedar\u201d o vice-governador eleito Daniel Vilela. A jogada n\u00e3o teria agradado ao Pal\u00e1cio das Esmeraldas. \u00c9 a falsa a tese de que Ronaldo Caiado quer um presidente da Alego que possa \u201ccontrolar\u201d o presidente do MDB. Uma das fontes foi precisa e perempt\u00f3ria: \u201cO governador n\u00e3o quer e n\u00e3o aceita que determinadas articula\u00e7\u00f5es sejam atribu\u00eddas a ele. Por um motivo simples: ele joga limpo, sempre\u201d.<\/p>\n<div class=\"wp-block-image\">\n<img loading=\"lazy\" decoding=\"async\" class=\"wp-image-83334 lazyloaded\" src=\"https:\/\/www.jornalopcao.com.br\/wp-content\/uploads\/2016\/12\/Renato-de-castro-foto-bruna-aidar-3-620x350.jpeg\" srcset=\"https:\/\/www.jornalopcao.com.br\/wp-content\/uploads\/2016\/12\/Renato-de-castro-foto-bruna-aidar-3.jpeg 620w, https:\/\/www.jornalopcao.com.br\/wp-content\/uploads\/2016\/12\/Renato-de-castro-foto-bruna-aidar-3-300x169.jpeg 300w, https:\/\/www.jornalopcao.com.br\/wp-content\/uploads\/2016\/12\/Renato-de-castro-foto-bruna-aidar-3-600x339.jpeg 600w\" alt=\"\" width=\"620\" height=\"350\" \/>Renato de Castro: forte liga\u00e7\u00e3o com o governador Ronaldo Caiado| Foto: Bruna Aidar\/Jornal Op\u00e7\u00e3o\n<\/div>\n<p class=\"has-text-align-center\"><strong>3<\/strong><\/p>\n<p>O terceiro grupo de fontes assinala que Bruno Peixoto fez a li\u00e7\u00e3o de casa e conta hoje com o apoio de pelo menos 24 deputados. O deputado eleito Gugu Nader (Agir), de Itumbiara, diz que a tend\u00eancia \u00e9 que o postulante do Uni\u00e3o Brasil seja eleito. \u201cPorque articula bem, com desenvoltura, e representa uma Assembleia mais alinhada com o governo do Estado\u201d, afirma.<\/p>\n<p>Fora Virmondes Cruvinel, os parlamentares do Uni\u00e3o Brasil estariam \u201cfechados\u201d com Bruno Peixoto. O PRTB e at\u00e9 o PT teriam simpatia pelo parlamentar. Pelo menos um dos eleitos pelo PL \u2014 talvez Paulo Cezar Martins \u2014 tende a compor com o deputado.<\/p>\n<img loading=\"lazy\" decoding=\"async\" class=\"wp-image-231763 ls-is-cached lazyloaded\" src=\"https:\/\/www.jornalopcao.com.br\/wp-content\/uploads\/2020\/01\/cambao.jpg\" srcset=\"https:\/\/www.jornalopcao.com.br\/wp-content\/uploads\/2020\/01\/cambao.jpg 620w, https:\/\/www.jornalopcao.com.br\/wp-content\/uploads\/2020\/01\/cambao-300x169.jpg 300w, https:\/\/www.jornalopcao.com.br\/wp-content\/uploads\/2020\/01\/cambao-600x339.jpg 600w\" alt=\"\" width=\"620\" height=\"350\" \/>Wilde Camb\u00e3o: nome de peso do Entorno de Bras\u00edlia | Foto: Denise Xavier\/ Ascom\n<p>O MDB, com seis deputados, estaria mais propenso a compor com Bruno Peixoto. O partido, articulado por Daniel Vilela, ter\u00e1 peso decisivo na elei\u00e7\u00e3o da Assembleia. Lucas Calil, Issy Quinan, Amilton Filho, Lucas do Vale e Charles Bento tendem a apoiar o postulante do Uni\u00e3o Brasil. S\u00f3 Lineu Ol\u00edmpio banca Renato de Castro.<\/p>\n<p class=\"has-text-align-center\"><strong>4<\/strong><\/p>\n<p>O quarto grupo de fontes sugere que Virmondes Cruvinel n\u00e3o \u00e9 um nome a se descartar. Na vota\u00e7\u00e3o da taxa para o agroneg\u00f3cio, o deputado ficou com o governo, e n\u00e3o com seu suposto padrinho pol\u00edtico, Lissauer Vieira, que jogou contra o governo de Ronaldo Caiado, arregimentando, inclusive, uma claque para atac\u00e1-lo na Assembleia.<\/p>\n<p>Virmondes Cruvinel tem comportamento de estadista e tem apoio de alguns deputados e de segmentos organizados da sociedade. Seu principal problema \u00e9 que sua for\u00e7a e sua fraqueza derivam de Lissauer Vieira, hoje em franca oposi\u00e7\u00e3o ao governo de Ronaldo Caiado. Ressalve-se que o presidente da Assembleia diz que vai aceitar \u2014 talvez a contragosto \u2014 o candidato apoiado por Ronaldo Caiado.<\/p>\n<div class=\"wp-block-image\">\n<img loading=\"lazy\" decoding=\"async\" class=\"wp-image-379626 lazyloaded\" src=\"https:\/\/www.jornalopcao.com.br\/wp-content\/uploads\/2022\/02\/Lissauer-entrevista-opcao-1.jpg\" srcset=\"https:\/\/www.jornalopcao.com.br\/wp-content\/uploads\/2022\/02\/Lissauer-entrevista-opcao-1.jpg 620w, https:\/\/www.jornalopcao.com.br\/wp-content\/uploads\/2022\/02\/Lissauer-entrevista-opcao-1-300x169.jpg 300w, https:\/\/www.jornalopcao.com.br\/wp-content\/uploads\/2022\/02\/Lissauer-entrevista-opcao-1-600x339.jpg 600w\" alt=\"\" width=\"620\" height=\"350\" \/>Lissauer Vieira: articulador que n\u00e3o pode ser subestimado | Foto: Fernando Leite\/Jornal Op\u00e7\u00e3o\n<\/div>\n<p>Do grupo h\u00e1 os que postulam que Wilde Camb\u00e3o n\u00e3o pode ser descartado como poss\u00edvel candidato a presidente da Alego.<\/p>\n<p class=\"has-text-align-center\"><strong>5<\/strong><\/p>\n<p>O quinto grupo de fontes postula, de maneira perempt\u00f3ria: \u201cBruno Peixoto ser\u00e1 presidente da Assembleia. Porque j\u00e1 mostrou que \u00e9 um grande operador no Legislativo, e em tempo integral, n\u00e3o apenas nos \u2018momentos bons\u2019\u201d.<\/p>\n<p>O grupo sustenta que Bruno Peixoto j\u00e1 conta com o apoio de 27 deputados estaduais. \u201cPode anotar: MDB, PSDB, PRTB, Uni\u00e3o Brasil e PT v\u00e3o compor com Bruno\u201d, afirma um parlamentar.<\/p>\n<p>As fontes sugerem que a mesa diretora ter\u00e1 Bruno Peixoto, Wilder Camb\u00e3o, Lincoln Tejota e\/ou Issy Quinan. Talles Barreto \u00e9 o mais cotado para a lideran\u00e7a do governo, dada sua firmeza e lealdade. Wagner Neto \u00e9 apontado como o nome quase definido para a CCJ, como assinalou outro grupo de fontes.<\/p>\n<p>Este grupo postula que ser\u00e1 presidente aquele que levar \u201ca melhor articula\u00e7\u00e3o\u201d para o governador Ronaldo Caiado. \u201cQuem tiver \u2018fechado\u2019 com mais nomes, numa articula\u00e7\u00e3o confi\u00e1vel, ser\u00e1 avalizado pelo governador \u2014 que, evidentemente, n\u00e3o vai negociar apoios, um a um\u201d, sublinham as fontes.<\/p>\n<p class=\"has-text-align-center\"><strong>6<\/strong><\/p>\n<p>O sexto grupo de fontes \u00e9 mais relutante a respeito de \u201cdefini\u00e7\u00f5es\u201d para a presid\u00eancia da Assembleia. Seus integrantes sugerem que Bruno Peixoto \u201clargou\u201d na frente, de fato, mais precisa manter a frente. \u201cDigamos que \u00e9 um Lewis Hamilton que precisa assegurar a lideran\u00e7a da corrida a qualquer custo, porque, dependendo do quadro da circunst\u00e2ncia, pode aparecer um Verstappen e tomar-lhe a\u00a0<em>pole position<\/em>\u201d, afirma um deputado.<\/p>\n<p>Este grupo admite que Bruno Peixoto \u00e9 \u201cleal\u201d ao governador Ronaldo Caiado, mas precisa obter \u201crealmente\u201d o apoio dos deputados. As fontes sugerem, por fim, que a presid\u00eancia, na avalia\u00e7\u00e3o do momento, deve cair nas m\u00e3os de Bruno Peixoto ou Virmondes Cruvinel. N\u00e3o descartam, por\u00e9m, Wilde Camb\u00e3o e Renato de Castro. Chegam a mencionar Wilde Camb\u00e3o e Issy Quinan.<\/p>\n<p>As fontes deste grupo sinalizam que a tinta da caneta de Lissauer Vieira est\u00e1 acabando, mas ainda n\u00e3o acabou. Um deputado assinala: \u201cNa vota\u00e7\u00e3o da taxa sobre o agroneg\u00f3cio e o fundo para a infraestrutura, o placar de 22 a 16 tem de ser considerado apertado; sobretudo, mostra a for\u00e7a de Lissauer. A tinta de sua caneta, cerca de 40%, ainda est\u00e1 operando, e com relativa efici\u00eancia. Ele ainda est\u00e1 trabalhando, nos bastidores e com o apoio dos articuladores do agroneg\u00f3cio \u2014 multimilion\u00e1rios \u2014 para evitar a aprova\u00e7\u00e3o do projeto, na ter\u00e7a-feira, 22\u201d.<\/p>\n<p>&nbsp;<\/p>\n\n<\/div>\n\n<\/div>\n<\/div>\n<p><\/p>\n","protected":false},"excerpt":{"rendered":"<p>O deputado est\u00e1 realmente definido? N\u00e3o. Mas, no momento, est\u00e1 na pole position. \u00c9 Verstappen. Est\u00e3o no p\u00e1reo Lincoln Tejota, Renato de Castro e Virmondes Cruvinel \u00a0 Bruno Peixoto: l\u00edder do governo na Assembleia Legislativa | Foto: Fernando Leite\/Jornal Op\u00e7\u00e3o Quem ser\u00e1 realmente presidente da Assembleia Legislativa de Goi\u00e1s entre 2023 e 2024? N\u00e3o se<\/p>\n","protected":false},"author":2,"featured_media":22997,"comment_status":"open","ping_status":"open","sticky":false,"template":"","format":"standard","meta":{"footnotes":""},"categories":[27,22,26,23],"tags":[],"class_list":["post-22989","post","type-post","status-publish","format-standard","has-post-thumbnail","hentry","category-brasil","category-catalao","category-destaque","category-goias"],"yoast_head":"<!-- This site is optimized with the Yoast SEO plugin v25.8 - https:\/\/yoast.com\/wordpress\/plugins\/seo\/ -->\n<title>Entenda por que Bruno Peixoto \u00e9 o mais cotado para presidente da Assembleia - Jornal Ultimos Acontecimentos<\/title>\n<meta name=\"robots\" content=\"index, follow, max-snippet:-1, max-image-preview:large, max-video-preview:-1\" \/>\n<link rel=\"canonical\" href=\"https:\/\/juacontecimentos.com.br\/site\/entenda-por-que-bruno-peixoto-e-o-mais-cotado-para-presidente-da-assembleia\/\" \/>\n<meta property=\"og:locale\" content=\"pt_BR\" \/>\n<meta property=\"og:type\" content=\"article\" \/>\n<meta property=\"og:title\" content=\"Entenda por que Bruno Peixoto \u00e9 o mais cotado para presidente da Assembleia - Jornal Ultimos Acontecimentos\" \/>\n<meta property=\"og:description\" content=\"O deputado est\u00e1 realmente definido? N\u00e3o. Mas, no momento, est\u00e1 na pole position. \u00c9 Verstappen. Est\u00e3o no p\u00e1reo Lincoln Tejota, Renato de Castro e Virmondes Cruvinel \u00a0 Bruno Peixoto: l\u00edder do governo na Assembleia Legislativa | Foto: Fernando Leite\/Jornal Op\u00e7\u00e3o Quem ser\u00e1 realmente presidente da Assembleia Legislativa de Goi\u00e1s entre 2023 e 2024? N\u00e3o se\" \/>\n<meta property=\"og:url\" content=\"https:\/\/juacontecimentos.com.br\/site\/entenda-por-que-bruno-peixoto-e-o-mais-cotado-para-presidente-da-assembleia\/\" \/>\n<meta property=\"og:site_name\" content=\"Jornal Ultimos Acontecimentos\" \/>\n<meta property=\"article:publisher\" content=\"https:\/\/www.facebook.com\/jultimosacontecimentos\/\" \/>\n<meta property=\"article:published_time\" content=\"2022-11-20T21:25:21+00:00\" \/>\n<meta property=\"article:modified_time\" content=\"2022-11-20T21:40:40+00:00\" \/>\n<meta property=\"og:image\" content=\"https:\/\/juacontecimentos.com.br\/site\/wp-content\/uploads\/2022\/11\/bruno-peixoto-maos-paralelas-768x512-12.jpg\" \/>\n\t<meta property=\"og:image:width\" content=\"766\" \/>\n\t<meta property=\"og:image:height\" content=\"414\" \/>\n\t<meta property=\"og:image:type\" content=\"image\/jpeg\" \/>\n<meta name=\"author\" content=\"Reginaldo Ribeiro\" \/>\n<meta name=\"twitter:card\" content=\"summary_large_image\" \/>\n<meta name=\"twitter:label1\" content=\"Escrito por\" \/>\n\t<meta name=\"twitter:data1\" content=\"Reginaldo Ribeiro\" \/>\n\t<meta name=\"twitter:label2\" content=\"Est. tempo de leitura\" \/>\n\t<meta name=\"twitter:data2\" content=\"7 minutos\" \/>\n<script type=\"application\/ld+json\" class=\"yoast-schema-graph\">{\"@context\":\"https:\/\/schema.org\",\"@graph\":[{\"@type\":\"Article\",\"@id\":\"https:\/\/juacontecimentos.com.br\/site\/entenda-por-que-bruno-peixoto-e-o-mais-cotado-para-presidente-da-assembleia\/#article\",\"isPartOf\":{\"@id\":\"https:\/\/juacontecimentos.com.br\/site\/entenda-por-que-bruno-peixoto-e-o-mais-cotado-para-presidente-da-assembleia\/\"},\"author\":{\"name\":\"Reginaldo Ribeiro\",\"@id\":\"https:\/\/juacontecimentos.com.br\/site\/#\/schema\/person\/082a54e6d3fdd7a633291428521c9669\"},\"headline\":\"Entenda por que Bruno Peixoto \u00e9 o mais cotado para presidente da Assembleia\",\"datePublished\":\"2022-11-20T21:25:21+00:00\",\"dateModified\":\"2022-11-20T21:40:40+00:00\",\"mainEntityOfPage\":{\"@id\":\"https:\/\/juacontecimentos.com.br\/site\/entenda-por-que-bruno-peixoto-e-o-mais-cotado-para-presidente-da-assembleia\/\"},\"wordCount\":1480,\"commentCount\":0,\"publisher\":{\"@id\":\"https:\/\/juacontecimentos.com.br\/site\/#organization\"},\"image\":{\"@id\":\"https:\/\/juacontecimentos.com.br\/site\/entenda-por-que-bruno-peixoto-e-o-mais-cotado-para-presidente-da-assembleia\/#primaryimage\"},\"thumbnailUrl\":\"https:\/\/juacontecimentos.com.br\/site\/wp-content\/uploads\/2022\/11\/bruno-peixoto-maos-paralelas-768x512-12.jpg\",\"articleSection\":[\"Brasil\",\"Catal\u00e3o\",\"Destaque\",\"Goi\u00e1s\"],\"inLanguage\":\"pt-BR\"},{\"@type\":\"WebPage\",\"@id\":\"https:\/\/juacontecimentos.com.br\/site\/entenda-por-que-bruno-peixoto-e-o-mais-cotado-para-presidente-da-assembleia\/\",\"url\":\"https:\/\/juacontecimentos.com.br\/site\/entenda-por-que-bruno-peixoto-e-o-mais-cotado-para-presidente-da-assembleia\/\",\"name\":\"Entenda por que Bruno Peixoto \u00e9 o mais cotado para presidente da Assembleia - Jornal Ultimos Acontecimentos\",\"isPartOf\":{\"@id\":\"https:\/\/juacontecimentos.com.br\/site\/#website\"},\"primaryImageOfPage\":{\"@id\":\"https:\/\/juacontecimentos.com.br\/site\/entenda-por-que-bruno-peixoto-e-o-mais-cotado-para-presidente-da-assembleia\/#primaryimage\"},\"image\":{\"@id\":\"https:\/\/juacontecimentos.com.br\/site\/entenda-por-que-bruno-peixoto-e-o-mais-cotado-para-presidente-da-assembleia\/#primaryimage\"},\"thumbnailUrl\":\"https:\/\/juacontecimentos.com.br\/site\/wp-content\/uploads\/2022\/11\/bruno-peixoto-maos-paralelas-768x512-12.jpg\",\"datePublished\":\"2022-11-20T21:25:21+00:00\",\"dateModified\":\"2022-11-20T21:40:40+00:00\",\"breadcrumb\":{\"@id\":\"https:\/\/juacontecimentos.com.br\/site\/entenda-por-que-bruno-peixoto-e-o-mais-cotado-para-presidente-da-assembleia\/#breadcrumb\"},\"inLanguage\":\"pt-BR\",\"potentialAction\":[{\"@type\":\"ReadAction\",\"target\":[\"https:\/\/juacontecimentos.com.br\/site\/entenda-por-que-bruno-peixoto-e-o-mais-cotado-para-presidente-da-assembleia\/\"]}]},{\"@type\":\"ImageObject\",\"inLanguage\":\"pt-BR\",\"@id\":\"https:\/\/juacontecimentos.com.br\/site\/entenda-por-que-bruno-peixoto-e-o-mais-cotado-para-presidente-da-assembleia\/#primaryimage\",\"url\":\"https:\/\/juacontecimentos.com.br\/site\/wp-content\/uploads\/2022\/11\/bruno-peixoto-maos-paralelas-768x512-12.jpg\",\"contentUrl\":\"https:\/\/juacontecimentos.com.br\/site\/wp-content\/uploads\/2022\/11\/bruno-peixoto-maos-paralelas-768x512-12.jpg\",\"width\":766,\"height\":414},{\"@type\":\"BreadcrumbList\",\"@id\":\"https:\/\/juacontecimentos.com.br\/site\/entenda-por-que-bruno-peixoto-e-o-mais-cotado-para-presidente-da-assembleia\/#breadcrumb\",\"itemListElement\":[{\"@type\":\"ListItem\",\"position\":1,\"name\":\"In\u00edcio\",\"item\":\"https:\/\/juacontecimentos.com.br\/site\/\"},{\"@type\":\"ListItem\",\"position\":2,\"name\":\"Entenda por que Bruno Peixoto \u00e9 o mais cotado para presidente da Assembleia\"}]},{\"@type\":\"WebSite\",\"@id\":\"https:\/\/juacontecimentos.com.br\/site\/#website\",\"url\":\"https:\/\/juacontecimentos.com.br\/site\/\",\"name\":\"Jornal Ultimos Acontecimentos\",\"description\":\"Catal\u00e3o e regi\u00e3o\",\"publisher\":{\"@id\":\"https:\/\/juacontecimentos.com.br\/site\/#organization\"},\"potentialAction\":[{\"@type\":\"SearchAction\",\"target\":{\"@type\":\"EntryPoint\",\"urlTemplate\":\"https:\/\/juacontecimentos.com.br\/site\/?s={search_term_string}\"},\"query-input\":{\"@type\":\"PropertyValueSpecification\",\"valueRequired\":true,\"valueName\":\"search_term_string\"}}],\"inLanguage\":\"pt-BR\"},{\"@type\":\"Organization\",\"@id\":\"https:\/\/juacontecimentos.com.br\/site\/#organization\",\"name\":\"Jornal Ultimos Acontecimentos\",\"url\":\"https:\/\/juacontecimentos.com.br\/site\/\",\"logo\":{\"@type\":\"ImageObject\",\"inLanguage\":\"pt-BR\",\"@id\":\"https:\/\/juacontecimentos.com.br\/site\/#\/schema\/logo\/image\/\",\"url\":\"https:\/\/juacontecimentos.com.br\/site\/wp-content\/uploads\/2023\/04\/Logo_Site.png\",\"contentUrl\":\"https:\/\/juacontecimentos.com.br\/site\/wp-content\/uploads\/2023\/04\/Logo_Site.png\",\"width\":2476,\"height\":530,\"caption\":\"Jornal Ultimos Acontecimentos\"},\"image\":{\"@id\":\"https:\/\/juacontecimentos.com.br\/site\/#\/schema\/logo\/image\/\"},\"sameAs\":[\"https:\/\/www.facebook.com\/jultimosacontecimentos\/\"]},{\"@type\":\"Person\",\"@id\":\"https:\/\/juacontecimentos.com.br\/site\/#\/schema\/person\/082a54e6d3fdd7a633291428521c9669\",\"name\":\"Reginaldo Ribeiro\",\"image\":{\"@type\":\"ImageObject\",\"inLanguage\":\"pt-BR\",\"@id\":\"https:\/\/juacontecimentos.com.br\/site\/#\/schema\/person\/image\/\",\"url\":\"https:\/\/secure.gravatar.com\/avatar\/5c16c6837c3490270a74d888c2a845728f06bdde1f8761de1de1d1d1ef82d12f?s=96&d=mm&r=g\",\"contentUrl\":\"https:\/\/secure.gravatar.com\/avatar\/5c16c6837c3490270a74d888c2a845728f06bdde1f8761de1de1d1d1ef82d12f?s=96&d=mm&r=g\",\"caption\":\"Reginaldo Ribeiro\"}}]}<\/script>\n<!-- \/ Yoast SEO plugin. -->","yoast_head_json":{"title":"Entenda por que Bruno Peixoto \u00e9 o mais cotado para presidente da Assembleia - Jornal Ultimos Acontecimentos","robots":{"index":"index","follow":"follow","max-snippet":"max-snippet:-1","max-image-preview":"max-image-preview:large","max-video-preview":"max-video-preview:-1"},"canonical":"https:\/\/juacontecimentos.com.br\/site\/entenda-por-que-bruno-peixoto-e-o-mais-cotado-para-presidente-da-assembleia\/","og_locale":"pt_BR","og_type":"article","og_title":"Entenda por que Bruno Peixoto \u00e9 o mais cotado para presidente da Assembleia - Jornal Ultimos Acontecimentos","og_description":"O deputado est\u00e1 realmente definido? N\u00e3o. Mas, no momento, est\u00e1 na pole position. \u00c9 Verstappen. Est\u00e3o no p\u00e1reo Lincoln Tejota, Renato de Castro e Virmondes Cruvinel \u00a0 Bruno Peixoto: l\u00edder do governo na Assembleia Legislativa | Foto: Fernando Leite\/Jornal Op\u00e7\u00e3o Quem ser\u00e1 realmente presidente da Assembleia Legislativa de Goi\u00e1s entre 2023 e 2024? N\u00e3o se","og_url":"https:\/\/juacontecimentos.com.br\/site\/entenda-por-que-bruno-peixoto-e-o-mais-cotado-para-presidente-da-assembleia\/","og_site_name":"Jornal Ultimos Acontecimentos","article_publisher":"https:\/\/www.facebook.com\/jultimosacontecimentos\/","article_published_time":"2022-11-20T21:25:21+00:00","article_modified_time":"2022-11-20T21:40:40+00:00","og_image":[{"width":766,"height":414,"url":"https:\/\/juacontecimentos.com.br\/site\/wp-content\/uploads\/2022\/11\/bruno-peixoto-maos-paralelas-768x512-12.jpg","type":"image\/jpeg"}],"author":"Reginaldo Ribeiro","twitter_card":"summary_large_image","twitter_misc":{"Escrito por":"Reginaldo Ribeiro","Est. tempo de leitura":"7 minutos"},"schema":{"@context":"https:\/\/schema.org","@graph":[{"@type":"Article","@id":"https:\/\/juacontecimentos.com.br\/site\/entenda-por-que-bruno-peixoto-e-o-mais-cotado-para-presidente-da-assembleia\/#article","isPartOf":{"@id":"https:\/\/juacontecimentos.com.br\/site\/entenda-por-que-bruno-peixoto-e-o-mais-cotado-para-presidente-da-assembleia\/"},"author":{"name":"Reginaldo Ribeiro","@id":"https:\/\/juacontecimentos.com.br\/site\/#\/schema\/person\/082a54e6d3fdd7a633291428521c9669"},"headline":"Entenda por que Bruno Peixoto \u00e9 o mais cotado para presidente da Assembleia","datePublished":"2022-11-20T21:25:21+00:00","dateModified":"2022-11-20T21:40:40+00:00","mainEntityOfPage":{"@id":"https:\/\/juacontecimentos.com.br\/site\/entenda-por-que-bruno-peixoto-e-o-mais-cotado-para-presidente-da-assembleia\/"},"wordCount":1480,"commentCount":0,"publisher":{"@id":"https:\/\/juacontecimentos.com.br\/site\/#organization"},"image":{"@id":"https:\/\/juacontecimentos.com.br\/site\/entenda-por-que-bruno-peixoto-e-o-mais-cotado-para-presidente-da-assembleia\/#primaryimage"},"thumbnailUrl":"https:\/\/juacontecimentos.com.br\/site\/wp-content\/uploads\/2022\/11\/bruno-peixoto-maos-paralelas-768x512-12.jpg","articleSection":["Brasil","Catal\u00e3o","Destaque","Goi\u00e1s"],"inLanguage":"pt-BR"},{"@type":"WebPage","@id":"https:\/\/juacontecimentos.com.br\/site\/entenda-por-que-bruno-peixoto-e-o-mais-cotado-para-presidente-da-assembleia\/","url":"https:\/\/juacontecimentos.com.br\/site\/entenda-por-que-bruno-peixoto-e-o-mais-cotado-para-presidente-da-assembleia\/","name":"Entenda por que Bruno Peixoto \u00e9 o mais cotado para presidente da Assembleia - Jornal Ultimos Acontecimentos","isPartOf":{"@id":"https:\/\/juacontecimentos.com.br\/site\/#website"},"primaryImageOfPage":{"@id":"https:\/\/juacontecimentos.com.br\/site\/entenda-por-que-bruno-peixoto-e-o-mais-cotado-para-presidente-da-assembleia\/#primaryimage"},"image":{"@id":"https:\/\/juacontecimentos.com.br\/site\/entenda-por-que-bruno-peixoto-e-o-mais-cotado-para-presidente-da-assembleia\/#primaryimage"},"thumbnailUrl":"https:\/\/juacontecimentos.com.br\/site\/wp-content\/uploads\/2022\/11\/bruno-peixoto-maos-paralelas-768x512-12.jpg","datePublished":"2022-11-20T21:25:21+00:00","dateModified":"2022-11-20T21:40:40+00:00","breadcrumb":{"@id":"https:\/\/juacontecimentos.com.br\/site\/entenda-por-que-bruno-peixoto-e-o-mais-cotado-para-presidente-da-assembleia\/#breadcrumb"},"inLanguage":"pt-BR","potentialAction":[{"@type":"ReadAction","target":["https:\/\/juacontecimentos.com.br\/site\/entenda-por-que-bruno-peixoto-e-o-mais-cotado-para-presidente-da-assembleia\/"]}]},{"@type":"ImageObject","inLanguage":"pt-BR","@id":"https:\/\/juacontecimentos.com.br\/site\/entenda-por-que-bruno-peixoto-e-o-mais-cotado-para-presidente-da-assembleia\/#primaryimage","url":"https:\/\/juacontecimentos.com.br\/site\/wp-content\/uploads\/2022\/11\/bruno-peixoto-maos-paralelas-768x512-12.jpg","contentUrl":"https:\/\/juacontecimentos.com.br\/site\/wp-content\/uploads\/2022\/11\/bruno-peixoto-maos-paralelas-768x512-12.jpg","width":766,"height":414},{"@type":"BreadcrumbList","@id":"https:\/\/juacontecimentos.com.br\/site\/entenda-por-que-bruno-peixoto-e-o-mais-cotado-para-presidente-da-assembleia\/#breadcrumb","itemListElement":[{"@type":"ListItem","position":1,"name":"In\u00edcio","item":"https:\/\/juacontecimentos.com.br\/site\/"},{"@type":"ListItem","position":2,"name":"Entenda por que Bruno Peixoto \u00e9 o mais cotado para presidente da Assembleia"}]},{"@type":"WebSite","@id":"https:\/\/juacontecimentos.com.br\/site\/#website","url":"https:\/\/juacontecimentos.com.br\/site\/","name":"Jornal Ultimos Acontecimentos","description":"Catal\u00e3o e regi\u00e3o","publisher":{"@id":"https:\/\/juacontecimentos.com.br\/site\/#organization"},"potentialAction":[{"@type":"SearchAction","target":{"@type":"EntryPoint","urlTemplate":"https:\/\/juacontecimentos.com.br\/site\/?s={search_term_string}"},"query-input":{"@type":"PropertyValueSpecification","valueRequired":true,"valueName":"search_term_string"}}],"inLanguage":"pt-BR"},{"@type":"Organization","@id":"https:\/\/juacontecimentos.com.br\/site\/#organization","name":"Jornal Ultimos Acontecimentos","url":"https:\/\/juacontecimentos.com.br\/site\/","logo":{"@type":"ImageObject","inLanguage":"pt-BR","@id":"https:\/\/juacontecimentos.com.br\/site\/#\/schema\/logo\/image\/","url":"https:\/\/juacontecimentos.com.br\/site\/wp-content\/uploads\/2023\/04\/Logo_Site.png","contentUrl":"https:\/\/juacontecimentos.com.br\/site\/wp-content\/uploads\/2023\/04\/Logo_Site.png","width":2476,"height":530,"caption":"Jornal Ultimos Acontecimentos"},"image":{"@id":"https:\/\/juacontecimentos.com.br\/site\/#\/schema\/logo\/image\/"},"sameAs":["https:\/\/www.facebook.com\/jultimosacontecimentos\/"]},{"@type":"Person","@id":"https:\/\/juacontecimentos.com.br\/site\/#\/schema\/person\/082a54e6d3fdd7a633291428521c9669","name":"Reginaldo Ribeiro","image":{"@type":"ImageObject","inLanguage":"pt-BR","@id":"https:\/\/juacontecimentos.com.br\/site\/#\/schema\/person\/image\/","url":"https:\/\/secure.gravatar.com\/avatar\/5c16c6837c3490270a74d888c2a845728f06bdde1f8761de1de1d1d1ef82d12f?s=96&d=mm&r=g","contentUrl":"https:\/\/secure.gravatar.com\/avatar\/5c16c6837c3490270a74d888c2a845728f06bdde1f8761de1de1d1d1ef82d12f?s=96&d=mm&r=g","caption":"Reginaldo Ribeiro"}}]}},"_links":{"self":[{"href":"https:\/\/juacontecimentos.com.br\/site\/wp-json\/wp\/v2\/posts\/22989","targetHints":{"allow":["GET"]}}],"collection":[{"href":"https:\/\/juacontecimentos.com.br\/site\/wp-json\/wp\/v2\/posts"}],"about":[{"href":"https:\/\/juacontecimentos.com.br\/site\/wp-json\/wp\/v2\/types\/post"}],"author":[{"embeddable":true,"href":"https:\/\/juacontecimentos.com.br\/site\/wp-json\/wp\/v2\/users\/2"}],"replies":[{"embeddable":true,"href":"https:\/\/juacontecimentos.com.br\/site\/wp-json\/wp\/v2\/comments?post=22989"}],"version-history":[{"count":7,"href":"https:\/\/juacontecimentos.com.br\/site\/wp-json\/wp\/v2\/posts\/22989\/revisions"}],"predecessor-version":[{"id":22996,"href":"https:\/\/juacontecimentos.com.br\/site\/wp-json\/wp\/v2\/posts\/22989\/revisions\/22996"}],"wp:featuredmedia":[{"embeddable":true,"href":"https:\/\/juacontecimentos.com.br\/site\/wp-json\/wp\/v2\/media\/22997"}],"wp:attachment":[{"href":"https:\/\/juacontecimentos.com.br\/site\/wp-json\/wp\/v2\/media?parent=22989"}],"wp:term":[{"taxonomy":"category","embeddable":true,"href":"https:\/\/juacontecimentos.com.br\/site\/wp-json\/wp\/v2\/categories?post=22989"},{"taxonomy":"post_tag","embeddable":true,"href":"https:\/\/juacontecimentos.com.br\/site\/wp-json\/wp\/v2\/tags?post=22989"}],"curies":[{"name":"wp","href":"https:\/\/api.w.org\/{rel}","templated":true}]}}