{"id":23240,"date":"2022-12-04T06:46:10","date_gmt":"2022-12-04T09:46:10","guid":{"rendered":"https:\/\/juacontecimentos.com.br\/site\/?p=23240"},"modified":"2022-12-04T06:49:32","modified_gmt":"2022-12-04T09:49:32","slug":"governo-de-goias-concede-progressao-salarial-para-profissionais-da-educacao","status":"publish","type":"post","link":"https:\/\/juacontecimentos.com.br\/site\/governo-de-goias-concede-progressao-salarial-para-profissionais-da-educacao\/","title":{"rendered":"Governo de Goi\u00e1s concede progress\u00e3o salarial para profissionais da Educa\u00e7\u00e3o"},"content":{"rendered":"<p><img loading=\"lazy\" decoding=\"async\" class=\"alignnone size-full wp-image-23241\" src=\"https:\/\/juacontecimentos.com.br\/site\/wp-content\/uploads\/2022\/12\/WhatsApp-Image-2022-12-03-at-15.16.38-1-768x458.jpeg\" alt=\"\" width=\"768\" height=\"458\" srcset=\"https:\/\/juacontecimentos.com.br\/site\/wp-content\/uploads\/2022\/12\/WhatsApp-Image-2022-12-03-at-15.16.38-1-768x458.jpeg 768w, https:\/\/juacontecimentos.com.br\/site\/wp-content\/uploads\/2022\/12\/WhatsApp-Image-2022-12-03-at-15.16.38-1-768x458-300x179.jpeg 300w\" sizes=\"auto, (max-width: 768px) 100vw, 768px\" \/><\/p>\n<p style=\"text-align: center\"><strong>Pela terceira vez nesta gest\u00e3o, benef\u00edcio \u00e9 concedido a professores e servidores administrativos. A promo\u00e7\u00e3o funcional ser\u00e1 recebida j\u00e1 no sal\u00e1rio de dezembro para quem tem direito ao acr\u00e9scimo<\/strong><\/p>\n<p>&nbsp;<\/p>\n<p>O Governo de Goi\u00e1s, por meio da Secretaria de Estado da Educa\u00e7\u00e3o (Seduc), concede progress\u00e3o a professores e servidores administrativos da Educa\u00e7\u00e3o p\u00fablica estadual. \u00c9 a terceira vez na atual gest\u00e3o que a categoria recebe esse benef\u00edcio. J\u00e1 no sal\u00e1rio do m\u00eas de dezembro, mais de 1700 profissionais passar\u00e3o a receber o acr\u00e9scimo. O impacto mensal na folha de pagamento da Educa\u00e7\u00e3o \u00e9 de R$ 354,8 mil.<\/p>\n<p>Ter\u00e3o a promo\u00e7\u00e3o na carreira professores e servidores efetivos do quadro administrativo que autuaram o processo em tempo h\u00e1bil, conforme plano de cargos e vencimentos. Para efeito de c\u00e1lculo, os percentuais a serem incorporados aos professores, na progress\u00e3o horizontal, chegam a 2,70% e, na vertical, a 20,78%. Para os servidores administrativos, a progress\u00e3o \u00e9 a horizontal e os percentuais v\u00e3o de 2,00% a 68,92%.<\/p>\n<p>Mais de 12,5 mil progress\u00f5es<br \/>\nSuperados os entraves legais que impediam as evolu\u00e7\u00f5es funcionais, a\u00e7\u00f5es efetivas do Governo de Goi\u00e1s, por meio das secretarias da Educa\u00e7\u00e3o, da Administra\u00e7\u00e3o e da Economia e da Procuradoria-Geral do Estado (PGE), alcan\u00e7aram o amparo legal para o reconhecimento do direito \u00e0 progress\u00e3o e a garantia do pagamento de promo\u00e7\u00e3o funcional aos profissionais da Educa\u00e7\u00e3o.<\/p>\n<p>Ainda em 2021, 3.516 professores e servidores da rede estadual tiveram a progress\u00e3o horizontal ou vertical de carreira. Em julho de 2022, foram concedidas 7.318 promo\u00e7\u00f5es funcionais. Desta vez, 1.734 profissionais ser\u00e3o contemplados, chegando a mais de 12,5 mil progress\u00f5es concedidas aos trabalhadores da Educa\u00e7\u00e3o nesta gest\u00e3o.<\/p>\n<p>Agora, em 2022, ter\u00e3o a progress\u00e3o vertical 163 professores das escolas estaduais, das coordena\u00e7\u00f5es regionais e da administra\u00e7\u00e3o centralizada da Seduc. E ter\u00e3o a progress\u00e3o horizontal 241 servidores administrativos e 1.303 professores, totalizando 1.707 profissionais com a movimenta\u00e7\u00e3o funcional que lhes assegura acr\u00e9scimo de sal\u00e1rio.<\/p>\n<p>Com a progress\u00e3o vertical, os professores contemplados ter\u00e3o aumento no vencimento com valores de R$ 87,97 a R$ 887,10. Na progress\u00e3o horizontal professores ter\u00e3o acr\u00e9scimo de R$ 86,13 a R$ 126,00. Para os administrativos, a progress\u00e3o horizontal significar\u00e1 aumento entre R$ 39,82 e R$ 1079,28.<\/p>\n<p>Planos de Carreira<br \/>\nAs leis 13.909\/2001 e 13.910\/2001, que disp\u00f5em sobre o Estatuto e Plano de Cargos e Vencimentos dos professores e dos servidores administrativos efetivos da Educa\u00e7\u00e3o p\u00fablica estadual, ensejam a progress\u00e3o.<\/p>\n<p>Progress\u00e3o \u00e9 a movimenta\u00e7\u00e3o funcional, tanto no mesmo n\u00edvel, chamada progress\u00e3o horizontal, como de um n\u00edvel para outro, denominada progress\u00e3o vertical. Aos servidores administrativos \u00e9 admitida somente a progress\u00e3o horizontal.<br \/>\n<\/p>\n","protected":false},"excerpt":{"rendered":"<p>Pela terceira vez nesta gest\u00e3o, benef\u00edcio \u00e9 concedido a professores e servidores administrativos. A promo\u00e7\u00e3o funcional ser\u00e1 recebida j\u00e1 no sal\u00e1rio de dezembro para quem tem direito ao acr\u00e9scimo &nbsp; O Governo de Goi\u00e1s, por meio da Secretaria de Estado da Educa\u00e7\u00e3o (Seduc), concede progress\u00e3o a professores e servidores administrativos da Educa\u00e7\u00e3o p\u00fablica estadual. \u00c9<\/p>\n","protected":false},"author":2,"featured_media":23241,"comment_status":"open","ping_status":"open","sticky":false,"template":"","format":"standard","meta":{"footnotes":""},"categories":[27,22,26,23],"tags":[],"class_list":["post-23240","post","type-post","status-publish","format-standard","has-post-thumbnail","hentry","category-brasil","category-catalao","category-destaque","category-goias"],"yoast_head":"<!-- This site is optimized with the Yoast SEO plugin v25.8 - https:\/\/yoast.com\/wordpress\/plugins\/seo\/ -->\n<title>Governo de Goi\u00e1s concede progress\u00e3o salarial para profissionais da Educa\u00e7\u00e3o - Jornal Ultimos Acontecimentos<\/title>\n<meta name=\"robots\" content=\"index, follow, max-snippet:-1, max-image-preview:large, max-video-preview:-1\" \/>\n<link rel=\"canonical\" href=\"https:\/\/juacontecimentos.com.br\/site\/governo-de-goias-concede-progressao-salarial-para-profissionais-da-educacao\/\" \/>\n<meta property=\"og:locale\" content=\"pt_BR\" \/>\n<meta property=\"og:type\" content=\"article\" \/>\n<meta property=\"og:title\" content=\"Governo de Goi\u00e1s concede progress\u00e3o salarial para profissionais da Educa\u00e7\u00e3o - Jornal Ultimos Acontecimentos\" \/>\n<meta property=\"og:description\" content=\"Pela terceira vez nesta gest\u00e3o, benef\u00edcio \u00e9 concedido a professores e servidores administrativos. A promo\u00e7\u00e3o funcional ser\u00e1 recebida j\u00e1 no sal\u00e1rio de dezembro para quem tem direito ao acr\u00e9scimo &nbsp; O Governo de Goi\u00e1s, por meio da Secretaria de Estado da Educa\u00e7\u00e3o (Seduc), concede progress\u00e3o a professores e servidores administrativos da Educa\u00e7\u00e3o p\u00fablica estadual. \u00c9\" \/>\n<meta property=\"og:url\" content=\"https:\/\/juacontecimentos.com.br\/site\/governo-de-goias-concede-progressao-salarial-para-profissionais-da-educacao\/\" \/>\n<meta property=\"og:site_name\" content=\"Jornal Ultimos Acontecimentos\" \/>\n<meta property=\"article:publisher\" content=\"https:\/\/www.facebook.com\/jultimosacontecimentos\/\" \/>\n<meta property=\"article:published_time\" content=\"2022-12-04T09:46:10+00:00\" \/>\n<meta property=\"article:modified_time\" content=\"2022-12-04T09:49:32+00:00\" \/>\n<meta property=\"og:image\" content=\"https:\/\/juacontecimentos.com.br\/site\/wp-content\/uploads\/2022\/12\/WhatsApp-Image-2022-12-03-at-15.16.38-1-768x458.jpeg\" \/>\n\t<meta property=\"og:image:width\" content=\"768\" \/>\n\t<meta property=\"og:image:height\" content=\"458\" \/>\n\t<meta property=\"og:image:type\" content=\"image\/jpeg\" \/>\n<meta name=\"author\" content=\"Reginaldo Ribeiro\" \/>\n<meta name=\"twitter:card\" content=\"summary_large_image\" \/>\n<meta name=\"twitter:label1\" content=\"Escrito por\" \/>\n\t<meta name=\"twitter:data1\" content=\"Reginaldo Ribeiro\" \/>\n\t<meta name=\"twitter:label2\" content=\"Est. tempo de leitura\" \/>\n\t<meta name=\"twitter:data2\" content=\"2 minutos\" \/>\n<script type=\"application\/ld+json\" class=\"yoast-schema-graph\">{\"@context\":\"https:\/\/schema.org\",\"@graph\":[{\"@type\":\"Article\",\"@id\":\"https:\/\/juacontecimentos.com.br\/site\/governo-de-goias-concede-progressao-salarial-para-profissionais-da-educacao\/#article\",\"isPartOf\":{\"@id\":\"https:\/\/juacontecimentos.com.br\/site\/governo-de-goias-concede-progressao-salarial-para-profissionais-da-educacao\/\"},\"author\":{\"name\":\"Reginaldo Ribeiro\",\"@id\":\"https:\/\/juacontecimentos.com.br\/site\/#\/schema\/person\/082a54e6d3fdd7a633291428521c9669\"},\"headline\":\"Governo de Goi\u00e1s concede progress\u00e3o salarial para profissionais da Educa\u00e7\u00e3o\",\"datePublished\":\"2022-12-04T09:46:10+00:00\",\"dateModified\":\"2022-12-04T09:49:32+00:00\",\"mainEntityOfPage\":{\"@id\":\"https:\/\/juacontecimentos.com.br\/site\/governo-de-goias-concede-progressao-salarial-para-profissionais-da-educacao\/\"},\"wordCount\":467,\"commentCount\":0,\"publisher\":{\"@id\":\"https:\/\/juacontecimentos.com.br\/site\/#organization\"},\"image\":{\"@id\":\"https:\/\/juacontecimentos.com.br\/site\/governo-de-goias-concede-progressao-salarial-para-profissionais-da-educacao\/#primaryimage\"},\"thumbnailUrl\":\"https:\/\/juacontecimentos.com.br\/site\/wp-content\/uploads\/2022\/12\/WhatsApp-Image-2022-12-03-at-15.16.38-1-768x458.jpeg\",\"articleSection\":[\"Brasil\",\"Catal\u00e3o\",\"Destaque\",\"Goi\u00e1s\"],\"inLanguage\":\"pt-BR\"},{\"@type\":\"WebPage\",\"@id\":\"https:\/\/juacontecimentos.com.br\/site\/governo-de-goias-concede-progressao-salarial-para-profissionais-da-educacao\/\",\"url\":\"https:\/\/juacontecimentos.com.br\/site\/governo-de-goias-concede-progressao-salarial-para-profissionais-da-educacao\/\",\"name\":\"Governo de Goi\u00e1s concede progress\u00e3o salarial para profissionais da Educa\u00e7\u00e3o - Jornal Ultimos Acontecimentos\",\"isPartOf\":{\"@id\":\"https:\/\/juacontecimentos.com.br\/site\/#website\"},\"primaryImageOfPage\":{\"@id\":\"https:\/\/juacontecimentos.com.br\/site\/governo-de-goias-concede-progressao-salarial-para-profissionais-da-educacao\/#primaryimage\"},\"image\":{\"@id\":\"https:\/\/juacontecimentos.com.br\/site\/governo-de-goias-concede-progressao-salarial-para-profissionais-da-educacao\/#primaryimage\"},\"thumbnailUrl\":\"https:\/\/juacontecimentos.com.br\/site\/wp-content\/uploads\/2022\/12\/WhatsApp-Image-2022-12-03-at-15.16.38-1-768x458.jpeg\",\"datePublished\":\"2022-12-04T09:46:10+00:00\",\"dateModified\":\"2022-12-04T09:49:32+00:00\",\"breadcrumb\":{\"@id\":\"https:\/\/juacontecimentos.com.br\/site\/governo-de-goias-concede-progressao-salarial-para-profissionais-da-educacao\/#breadcrumb\"},\"inLanguage\":\"pt-BR\",\"potentialAction\":[{\"@type\":\"ReadAction\",\"target\":[\"https:\/\/juacontecimentos.com.br\/site\/governo-de-goias-concede-progressao-salarial-para-profissionais-da-educacao\/\"]}]},{\"@type\":\"ImageObject\",\"inLanguage\":\"pt-BR\",\"@id\":\"https:\/\/juacontecimentos.com.br\/site\/governo-de-goias-concede-progressao-salarial-para-profissionais-da-educacao\/#primaryimage\",\"url\":\"https:\/\/juacontecimentos.com.br\/site\/wp-content\/uploads\/2022\/12\/WhatsApp-Image-2022-12-03-at-15.16.38-1-768x458.jpeg\",\"contentUrl\":\"https:\/\/juacontecimentos.com.br\/site\/wp-content\/uploads\/2022\/12\/WhatsApp-Image-2022-12-03-at-15.16.38-1-768x458.jpeg\",\"width\":768,\"height\":458},{\"@type\":\"BreadcrumbList\",\"@id\":\"https:\/\/juacontecimentos.com.br\/site\/governo-de-goias-concede-progressao-salarial-para-profissionais-da-educacao\/#breadcrumb\",\"itemListElement\":[{\"@type\":\"ListItem\",\"position\":1,\"name\":\"In\u00edcio\",\"item\":\"https:\/\/juacontecimentos.com.br\/site\/\"},{\"@type\":\"ListItem\",\"position\":2,\"name\":\"Governo de Goi\u00e1s concede progress\u00e3o salarial para profissionais da Educa\u00e7\u00e3o\"}]},{\"@type\":\"WebSite\",\"@id\":\"https:\/\/juacontecimentos.com.br\/site\/#website\",\"url\":\"https:\/\/juacontecimentos.com.br\/site\/\",\"name\":\"Jornal Ultimos Acontecimentos\",\"description\":\"Catal\u00e3o e regi\u00e3o\",\"publisher\":{\"@id\":\"https:\/\/juacontecimentos.com.br\/site\/#organization\"},\"potentialAction\":[{\"@type\":\"SearchAction\",\"target\":{\"@type\":\"EntryPoint\",\"urlTemplate\":\"https:\/\/juacontecimentos.com.br\/site\/?s={search_term_string}\"},\"query-input\":{\"@type\":\"PropertyValueSpecification\",\"valueRequired\":true,\"valueName\":\"search_term_string\"}}],\"inLanguage\":\"pt-BR\"},{\"@type\":\"Organization\",\"@id\":\"https:\/\/juacontecimentos.com.br\/site\/#organization\",\"name\":\"Jornal Ultimos Acontecimentos\",\"url\":\"https:\/\/juacontecimentos.com.br\/site\/\",\"logo\":{\"@type\":\"ImageObject\",\"inLanguage\":\"pt-BR\",\"@id\":\"https:\/\/juacontecimentos.com.br\/site\/#\/schema\/logo\/image\/\",\"url\":\"https:\/\/juacontecimentos.com.br\/site\/wp-content\/uploads\/2023\/04\/Logo_Site.png\",\"contentUrl\":\"https:\/\/juacontecimentos.com.br\/site\/wp-content\/uploads\/2023\/04\/Logo_Site.png\",\"width\":2476,\"height\":530,\"caption\":\"Jornal Ultimos Acontecimentos\"},\"image\":{\"@id\":\"https:\/\/juacontecimentos.com.br\/site\/#\/schema\/logo\/image\/\"},\"sameAs\":[\"https:\/\/www.facebook.com\/jultimosacontecimentos\/\"]},{\"@type\":\"Person\",\"@id\":\"https:\/\/juacontecimentos.com.br\/site\/#\/schema\/person\/082a54e6d3fdd7a633291428521c9669\",\"name\":\"Reginaldo Ribeiro\",\"image\":{\"@type\":\"ImageObject\",\"inLanguage\":\"pt-BR\",\"@id\":\"https:\/\/juacontecimentos.com.br\/site\/#\/schema\/person\/image\/\",\"url\":\"https:\/\/secure.gravatar.com\/avatar\/5c16c6837c3490270a74d888c2a845728f06bdde1f8761de1de1d1d1ef82d12f?s=96&d=mm&r=g\",\"contentUrl\":\"https:\/\/secure.gravatar.com\/avatar\/5c16c6837c3490270a74d888c2a845728f06bdde1f8761de1de1d1d1ef82d12f?s=96&d=mm&r=g\",\"caption\":\"Reginaldo Ribeiro\"}}]}<\/script>\n<!-- \/ Yoast SEO plugin. -->","yoast_head_json":{"title":"Governo de Goi\u00e1s concede progress\u00e3o salarial para profissionais da Educa\u00e7\u00e3o - Jornal Ultimos Acontecimentos","robots":{"index":"index","follow":"follow","max-snippet":"max-snippet:-1","max-image-preview":"max-image-preview:large","max-video-preview":"max-video-preview:-1"},"canonical":"https:\/\/juacontecimentos.com.br\/site\/governo-de-goias-concede-progressao-salarial-para-profissionais-da-educacao\/","og_locale":"pt_BR","og_type":"article","og_title":"Governo de Goi\u00e1s concede progress\u00e3o salarial para profissionais da Educa\u00e7\u00e3o - Jornal Ultimos Acontecimentos","og_description":"Pela terceira vez nesta gest\u00e3o, benef\u00edcio \u00e9 concedido a professores e servidores administrativos. A promo\u00e7\u00e3o funcional ser\u00e1 recebida j\u00e1 no sal\u00e1rio de dezembro para quem tem direito ao acr\u00e9scimo &nbsp; O Governo de Goi\u00e1s, por meio da Secretaria de Estado da Educa\u00e7\u00e3o (Seduc), concede progress\u00e3o a professores e servidores administrativos da Educa\u00e7\u00e3o p\u00fablica estadual. \u00c9","og_url":"https:\/\/juacontecimentos.com.br\/site\/governo-de-goias-concede-progressao-salarial-para-profissionais-da-educacao\/","og_site_name":"Jornal Ultimos Acontecimentos","article_publisher":"https:\/\/www.facebook.com\/jultimosacontecimentos\/","article_published_time":"2022-12-04T09:46:10+00:00","article_modified_time":"2022-12-04T09:49:32+00:00","og_image":[{"width":768,"height":458,"url":"https:\/\/juacontecimentos.com.br\/site\/wp-content\/uploads\/2022\/12\/WhatsApp-Image-2022-12-03-at-15.16.38-1-768x458.jpeg","type":"image\/jpeg"}],"author":"Reginaldo Ribeiro","twitter_card":"summary_large_image","twitter_misc":{"Escrito por":"Reginaldo Ribeiro","Est. tempo de leitura":"2 minutos"},"schema":{"@context":"https:\/\/schema.org","@graph":[{"@type":"Article","@id":"https:\/\/juacontecimentos.com.br\/site\/governo-de-goias-concede-progressao-salarial-para-profissionais-da-educacao\/#article","isPartOf":{"@id":"https:\/\/juacontecimentos.com.br\/site\/governo-de-goias-concede-progressao-salarial-para-profissionais-da-educacao\/"},"author":{"name":"Reginaldo Ribeiro","@id":"https:\/\/juacontecimentos.com.br\/site\/#\/schema\/person\/082a54e6d3fdd7a633291428521c9669"},"headline":"Governo de Goi\u00e1s concede progress\u00e3o salarial para profissionais da Educa\u00e7\u00e3o","datePublished":"2022-12-04T09:46:10+00:00","dateModified":"2022-12-04T09:49:32+00:00","mainEntityOfPage":{"@id":"https:\/\/juacontecimentos.com.br\/site\/governo-de-goias-concede-progressao-salarial-para-profissionais-da-educacao\/"},"wordCount":467,"commentCount":0,"publisher":{"@id":"https:\/\/juacontecimentos.com.br\/site\/#organization"},"image":{"@id":"https:\/\/juacontecimentos.com.br\/site\/governo-de-goias-concede-progressao-salarial-para-profissionais-da-educacao\/#primaryimage"},"thumbnailUrl":"https:\/\/juacontecimentos.com.br\/site\/wp-content\/uploads\/2022\/12\/WhatsApp-Image-2022-12-03-at-15.16.38-1-768x458.jpeg","articleSection":["Brasil","Catal\u00e3o","Destaque","Goi\u00e1s"],"inLanguage":"pt-BR"},{"@type":"WebPage","@id":"https:\/\/juacontecimentos.com.br\/site\/governo-de-goias-concede-progressao-salarial-para-profissionais-da-educacao\/","url":"https:\/\/juacontecimentos.com.br\/site\/governo-de-goias-concede-progressao-salarial-para-profissionais-da-educacao\/","name":"Governo de Goi\u00e1s concede progress\u00e3o salarial para profissionais da Educa\u00e7\u00e3o - Jornal Ultimos Acontecimentos","isPartOf":{"@id":"https:\/\/juacontecimentos.com.br\/site\/#website"},"primaryImageOfPage":{"@id":"https:\/\/juacontecimentos.com.br\/site\/governo-de-goias-concede-progressao-salarial-para-profissionais-da-educacao\/#primaryimage"},"image":{"@id":"https:\/\/juacontecimentos.com.br\/site\/governo-de-goias-concede-progressao-salarial-para-profissionais-da-educacao\/#primaryimage"},"thumbnailUrl":"https:\/\/juacontecimentos.com.br\/site\/wp-content\/uploads\/2022\/12\/WhatsApp-Image-2022-12-03-at-15.16.38-1-768x458.jpeg","datePublished":"2022-12-04T09:46:10+00:00","dateModified":"2022-12-04T09:49:32+00:00","breadcrumb":{"@id":"https:\/\/juacontecimentos.com.br\/site\/governo-de-goias-concede-progressao-salarial-para-profissionais-da-educacao\/#breadcrumb"},"inLanguage":"pt-BR","potentialAction":[{"@type":"ReadAction","target":["https:\/\/juacontecimentos.com.br\/site\/governo-de-goias-concede-progressao-salarial-para-profissionais-da-educacao\/"]}]},{"@type":"ImageObject","inLanguage":"pt-BR","@id":"https:\/\/juacontecimentos.com.br\/site\/governo-de-goias-concede-progressao-salarial-para-profissionais-da-educacao\/#primaryimage","url":"https:\/\/juacontecimentos.com.br\/site\/wp-content\/uploads\/2022\/12\/WhatsApp-Image-2022-12-03-at-15.16.38-1-768x458.jpeg","contentUrl":"https:\/\/juacontecimentos.com.br\/site\/wp-content\/uploads\/2022\/12\/WhatsApp-Image-2022-12-03-at-15.16.38-1-768x458.jpeg","width":768,"height":458},{"@type":"BreadcrumbList","@id":"https:\/\/juacontecimentos.com.br\/site\/governo-de-goias-concede-progressao-salarial-para-profissionais-da-educacao\/#breadcrumb","itemListElement":[{"@type":"ListItem","position":1,"name":"In\u00edcio","item":"https:\/\/juacontecimentos.com.br\/site\/"},{"@type":"ListItem","position":2,"name":"Governo de Goi\u00e1s concede progress\u00e3o salarial para profissionais da Educa\u00e7\u00e3o"}]},{"@type":"WebSite","@id":"https:\/\/juacontecimentos.com.br\/site\/#website","url":"https:\/\/juacontecimentos.com.br\/site\/","name":"Jornal Ultimos Acontecimentos","description":"Catal\u00e3o e regi\u00e3o","publisher":{"@id":"https:\/\/juacontecimentos.com.br\/site\/#organization"},"potentialAction":[{"@type":"SearchAction","target":{"@type":"EntryPoint","urlTemplate":"https:\/\/juacontecimentos.com.br\/site\/?s={search_term_string}"},"query-input":{"@type":"PropertyValueSpecification","valueRequired":true,"valueName":"search_term_string"}}],"inLanguage":"pt-BR"},{"@type":"Organization","@id":"https:\/\/juacontecimentos.com.br\/site\/#organization","name":"Jornal Ultimos Acontecimentos","url":"https:\/\/juacontecimentos.com.br\/site\/","logo":{"@type":"ImageObject","inLanguage":"pt-BR","@id":"https:\/\/juacontecimentos.com.br\/site\/#\/schema\/logo\/image\/","url":"https:\/\/juacontecimentos.com.br\/site\/wp-content\/uploads\/2023\/04\/Logo_Site.png","contentUrl":"https:\/\/juacontecimentos.com.br\/site\/wp-content\/uploads\/2023\/04\/Logo_Site.png","width":2476,"height":530,"caption":"Jornal Ultimos Acontecimentos"},"image":{"@id":"https:\/\/juacontecimentos.com.br\/site\/#\/schema\/logo\/image\/"},"sameAs":["https:\/\/www.facebook.com\/jultimosacontecimentos\/"]},{"@type":"Person","@id":"https:\/\/juacontecimentos.com.br\/site\/#\/schema\/person\/082a54e6d3fdd7a633291428521c9669","name":"Reginaldo Ribeiro","image":{"@type":"ImageObject","inLanguage":"pt-BR","@id":"https:\/\/juacontecimentos.com.br\/site\/#\/schema\/person\/image\/","url":"https:\/\/secure.gravatar.com\/avatar\/5c16c6837c3490270a74d888c2a845728f06bdde1f8761de1de1d1d1ef82d12f?s=96&d=mm&r=g","contentUrl":"https:\/\/secure.gravatar.com\/avatar\/5c16c6837c3490270a74d888c2a845728f06bdde1f8761de1de1d1d1ef82d12f?s=96&d=mm&r=g","caption":"Reginaldo Ribeiro"}}]}},"_links":{"self":[{"href":"https:\/\/juacontecimentos.com.br\/site\/wp-json\/wp\/v2\/posts\/23240","targetHints":{"allow":["GET"]}}],"collection":[{"href":"https:\/\/juacontecimentos.com.br\/site\/wp-json\/wp\/v2\/posts"}],"about":[{"href":"https:\/\/juacontecimentos.com.br\/site\/wp-json\/wp\/v2\/types\/post"}],"author":[{"embeddable":true,"href":"https:\/\/juacontecimentos.com.br\/site\/wp-json\/wp\/v2\/users\/2"}],"replies":[{"embeddable":true,"href":"https:\/\/juacontecimentos.com.br\/site\/wp-json\/wp\/v2\/comments?post=23240"}],"version-history":[{"count":5,"href":"https:\/\/juacontecimentos.com.br\/site\/wp-json\/wp\/v2\/posts\/23240\/revisions"}],"predecessor-version":[{"id":23246,"href":"https:\/\/juacontecimentos.com.br\/site\/wp-json\/wp\/v2\/posts\/23240\/revisions\/23246"}],"wp:featuredmedia":[{"embeddable":true,"href":"https:\/\/juacontecimentos.com.br\/site\/wp-json\/wp\/v2\/media\/23241"}],"wp:attachment":[{"href":"https:\/\/juacontecimentos.com.br\/site\/wp-json\/wp\/v2\/media?parent=23240"}],"wp:term":[{"taxonomy":"category","embeddable":true,"href":"https:\/\/juacontecimentos.com.br\/site\/wp-json\/wp\/v2\/categories?post=23240"},{"taxonomy":"post_tag","embeddable":true,"href":"https:\/\/juacontecimentos.com.br\/site\/wp-json\/wp\/v2\/tags?post=23240"}],"curies":[{"name":"wp","href":"https:\/\/api.w.org\/{rel}","templated":true}]}}