{"id":23578,"date":"2023-01-09T10:29:22","date_gmt":"2023-01-09T13:29:22","guid":{"rendered":"https:\/\/juacontecimentos.com.br\/site\/?p=23578"},"modified":"2023-01-09T10:29:22","modified_gmt":"2023-01-09T13:29:22","slug":"nota-publica-de-repudio-atos-que-atentam-contra-as-instituicoes-como-os-ocorridos-em-brasilia-neste-domingo-8-1","status":"publish","type":"post","link":"https:\/\/juacontecimentos.com.br\/site\/nota-publica-de-repudio-atos-que-atentam-contra-as-instituicoes-como-os-ocorridos-em-brasilia-neste-domingo-8-1\/","title":{"rendered":"NOTA P\u00daBLICA DE REP\u00daDIO A ATOS QUE ATENTAM CONTRA AS INSTITUI\u00c7\u00d5ES, COMO OS OCORRIDOS EM BRAS\u00cdLIA NESTE DOMINGO (8\/1)"},"content":{"rendered":"<div id=\"attachment_23579\" style=\"width: 864px\" class=\"wp-caption alignnone\"><img loading=\"lazy\" decoding=\"async\" aria-describedby=\"caption-attachment-23579\" class=\"size-full wp-image-23579\" src=\"https:\/\/juacontecimentos.com.br\/site\/wp-content\/uploads\/2023\/01\/Sem-t\u00edtulo-1y.jpg\" alt=\"\" width=\"854\" height=\"483\" srcset=\"https:\/\/juacontecimentos.com.br\/site\/wp-content\/uploads\/2023\/01\/Sem-t\u00edtulo-1y.jpg 854w, https:\/\/juacontecimentos.com.br\/site\/wp-content\/uploads\/2023\/01\/Sem-t\u00edtulo-1y-300x170.jpg 300w, https:\/\/juacontecimentos.com.br\/site\/wp-content\/uploads\/2023\/01\/Sem-t\u00edtulo-1y-768x434.jpg 768w\" sizes=\"auto, (max-width: 854px) 100vw, 854px\" \/><p id=\"caption-attachment-23579\" class=\"wp-caption-text\">Edif\u00edcio-sede do MPGO<\/p><\/div>\n<p>A democracia, viga mestra do contrato social, deve ser respeitada e preservada sempre! Por isso, o Minist\u00e9rio P\u00fablico de Goi\u00e1s (MPGO) condena e repudia quaisquer atos que atentem contra as institui\u00e7\u00f5es, como os ocorridos em Bras\u00edlia na tarde deste domingo (8\/1).<\/p>\n<p>O Minist\u00e9rio P\u00fablico tem entre suas atribui\u00e7\u00f5es a defesa da ordem jur\u00eddica, obviamente desrespeitada na tarde de hoje, de forma criminosa e que merece a devida puni\u00e7\u00e3o.<\/p>\n<p>Invas\u00e3o a pr\u00e9dios p\u00fablicos dos tr\u00eas poderes legitimamente constitu\u00eddos, agress\u00e3o a agentes das for\u00e7as de seguran\u00e7a, contesta\u00e7\u00e3o da vontade democr\u00e1tica da maioria dos eleitores, nada disso pode ser tolerado, sob pena de corros\u00e3o da democracia e do bem-estar social.<br \/>\n<\/p>\n","protected":false},"excerpt":{"rendered":"<p>A democracia, viga mestra do contrato social, deve ser respeitada e preservada sempre! Por isso, o Minist\u00e9rio P\u00fablico de Goi\u00e1s (MPGO) condena e repudia quaisquer atos que atentem contra as institui\u00e7\u00f5es, como os ocorridos em Bras\u00edlia na tarde deste domingo (8\/1). O Minist\u00e9rio P\u00fablico tem entre suas atribui\u00e7\u00f5es a defesa da ordem jur\u00eddica, obviamente desrespeitada<\/p>\n","protected":false},"author":2,"featured_media":23579,"comment_status":"open","ping_status":"open","sticky":false,"template":"","format":"standard","meta":{"footnotes":""},"categories":[27,22,26,23],"tags":[],"class_list":["post-23578","post","type-post","status-publish","format-standard","has-post-thumbnail","hentry","category-brasil","category-catalao","category-destaque","category-goias"],"yoast_head":"<!-- This site is optimized with the Yoast SEO plugin v25.8 - https:\/\/yoast.com\/wordpress\/plugins\/seo\/ -->\n<title>NOTA P\u00daBLICA DE REP\u00daDIO A ATOS QUE ATENTAM CONTRA AS INSTITUI\u00c7\u00d5ES, COMO OS OCORRIDOS EM BRAS\u00cdLIA NESTE DOMINGO (8\/1) - Jornal Ultimos Acontecimentos<\/title>\n<meta name=\"robots\" content=\"index, follow, max-snippet:-1, max-image-preview:large, max-video-preview:-1\" \/>\n<link rel=\"canonical\" href=\"https:\/\/juacontecimentos.com.br\/site\/nota-publica-de-repudio-atos-que-atentam-contra-as-instituicoes-como-os-ocorridos-em-brasilia-neste-domingo-8-1\/\" \/>\n<meta property=\"og:locale\" content=\"pt_BR\" \/>\n<meta property=\"og:type\" content=\"article\" \/>\n<meta property=\"og:title\" content=\"NOTA P\u00daBLICA DE REP\u00daDIO A ATOS QUE ATENTAM CONTRA AS INSTITUI\u00c7\u00d5ES, COMO OS OCORRIDOS EM BRAS\u00cdLIA NESTE DOMINGO (8\/1) - Jornal Ultimos Acontecimentos\" \/>\n<meta property=\"og:description\" content=\"A democracia, viga mestra do contrato social, deve ser respeitada e preservada sempre! Por isso, o Minist\u00e9rio P\u00fablico de Goi\u00e1s (MPGO) condena e repudia quaisquer atos que atentem contra as institui\u00e7\u00f5es, como os ocorridos em Bras\u00edlia na tarde deste domingo (8\/1). O Minist\u00e9rio P\u00fablico tem entre suas atribui\u00e7\u00f5es a defesa da ordem jur\u00eddica, obviamente desrespeitada\" \/>\n<meta property=\"og:url\" content=\"https:\/\/juacontecimentos.com.br\/site\/nota-publica-de-repudio-atos-que-atentam-contra-as-instituicoes-como-os-ocorridos-em-brasilia-neste-domingo-8-1\/\" \/>\n<meta property=\"og:site_name\" content=\"Jornal Ultimos Acontecimentos\" \/>\n<meta property=\"article:publisher\" content=\"https:\/\/www.facebook.com\/jultimosacontecimentos\/\" \/>\n<meta property=\"article:published_time\" content=\"2023-01-09T13:29:22+00:00\" \/>\n<meta property=\"og:image\" content=\"https:\/\/juacontecimentos.com.br\/site\/wp-content\/uploads\/2023\/01\/Sem-t\u00edtulo-1y.jpg\" \/>\n\t<meta property=\"og:image:width\" content=\"854\" \/>\n\t<meta property=\"og:image:height\" content=\"483\" \/>\n\t<meta property=\"og:image:type\" content=\"image\/jpeg\" \/>\n<meta name=\"author\" content=\"Reginaldo Ribeiro\" \/>\n<meta name=\"twitter:card\" content=\"summary_large_image\" \/>\n<meta name=\"twitter:label1\" content=\"Escrito por\" \/>\n\t<meta name=\"twitter:data1\" content=\"Reginaldo Ribeiro\" \/>\n\t<meta name=\"twitter:label2\" content=\"Est. tempo de leitura\" \/>\n\t<meta name=\"twitter:data2\" content=\"1 minuto\" \/>\n<script type=\"application\/ld+json\" class=\"yoast-schema-graph\">{\"@context\":\"https:\/\/schema.org\",\"@graph\":[{\"@type\":\"Article\",\"@id\":\"https:\/\/juacontecimentos.com.br\/site\/nota-publica-de-repudio-atos-que-atentam-contra-as-instituicoes-como-os-ocorridos-em-brasilia-neste-domingo-8-1\/#article\",\"isPartOf\":{\"@id\":\"https:\/\/juacontecimentos.com.br\/site\/nota-publica-de-repudio-atos-que-atentam-contra-as-instituicoes-como-os-ocorridos-em-brasilia-neste-domingo-8-1\/\"},\"author\":{\"name\":\"Reginaldo Ribeiro\",\"@id\":\"https:\/\/juacontecimentos.com.br\/site\/#\/schema\/person\/082a54e6d3fdd7a633291428521c9669\"},\"headline\":\"NOTA P\u00daBLICA DE REP\u00daDIO A ATOS QUE ATENTAM CONTRA AS INSTITUI\u00c7\u00d5ES, COMO OS OCORRIDOS EM BRAS\u00cdLIA NESTE DOMINGO (8\/1)\",\"datePublished\":\"2023-01-09T13:29:22+00:00\",\"mainEntityOfPage\":{\"@id\":\"https:\/\/juacontecimentos.com.br\/site\/nota-publica-de-repudio-atos-que-atentam-contra-as-instituicoes-como-os-ocorridos-em-brasilia-neste-domingo-8-1\/\"},\"wordCount\":160,\"commentCount\":0,\"publisher\":{\"@id\":\"https:\/\/juacontecimentos.com.br\/site\/#organization\"},\"image\":{\"@id\":\"https:\/\/juacontecimentos.com.br\/site\/nota-publica-de-repudio-atos-que-atentam-contra-as-instituicoes-como-os-ocorridos-em-brasilia-neste-domingo-8-1\/#primaryimage\"},\"thumbnailUrl\":\"https:\/\/juacontecimentos.com.br\/site\/wp-content\/uploads\/2023\/01\/Sem-t\u00edtulo-1y.jpg\",\"articleSection\":[\"Brasil\",\"Catal\u00e3o\",\"Destaque\",\"Goi\u00e1s\"],\"inLanguage\":\"pt-BR\"},{\"@type\":\"WebPage\",\"@id\":\"https:\/\/juacontecimentos.com.br\/site\/nota-publica-de-repudio-atos-que-atentam-contra-as-instituicoes-como-os-ocorridos-em-brasilia-neste-domingo-8-1\/\",\"url\":\"https:\/\/juacontecimentos.com.br\/site\/nota-publica-de-repudio-atos-que-atentam-contra-as-instituicoes-como-os-ocorridos-em-brasilia-neste-domingo-8-1\/\",\"name\":\"NOTA P\u00daBLICA DE REP\u00daDIO A ATOS QUE ATENTAM CONTRA AS INSTITUI\u00c7\u00d5ES, COMO OS OCORRIDOS EM BRAS\u00cdLIA NESTE DOMINGO (8\/1) - Jornal Ultimos Acontecimentos\",\"isPartOf\":{\"@id\":\"https:\/\/juacontecimentos.com.br\/site\/#website\"},\"primaryImageOfPage\":{\"@id\":\"https:\/\/juacontecimentos.com.br\/site\/nota-publica-de-repudio-atos-que-atentam-contra-as-instituicoes-como-os-ocorridos-em-brasilia-neste-domingo-8-1\/#primaryimage\"},\"image\":{\"@id\":\"https:\/\/juacontecimentos.com.br\/site\/nota-publica-de-repudio-atos-que-atentam-contra-as-instituicoes-como-os-ocorridos-em-brasilia-neste-domingo-8-1\/#primaryimage\"},\"thumbnailUrl\":\"https:\/\/juacontecimentos.com.br\/site\/wp-content\/uploads\/2023\/01\/Sem-t\u00edtulo-1y.jpg\",\"datePublished\":\"2023-01-09T13:29:22+00:00\",\"breadcrumb\":{\"@id\":\"https:\/\/juacontecimentos.com.br\/site\/nota-publica-de-repudio-atos-que-atentam-contra-as-instituicoes-como-os-ocorridos-em-brasilia-neste-domingo-8-1\/#breadcrumb\"},\"inLanguage\":\"pt-BR\",\"potentialAction\":[{\"@type\":\"ReadAction\",\"target\":[\"https:\/\/juacontecimentos.com.br\/site\/nota-publica-de-repudio-atos-que-atentam-contra-as-instituicoes-como-os-ocorridos-em-brasilia-neste-domingo-8-1\/\"]}]},{\"@type\":\"ImageObject\",\"inLanguage\":\"pt-BR\",\"@id\":\"https:\/\/juacontecimentos.com.br\/site\/nota-publica-de-repudio-atos-que-atentam-contra-as-instituicoes-como-os-ocorridos-em-brasilia-neste-domingo-8-1\/#primaryimage\",\"url\":\"https:\/\/juacontecimentos.com.br\/site\/wp-content\/uploads\/2023\/01\/Sem-t\u00edtulo-1y.jpg\",\"contentUrl\":\"https:\/\/juacontecimentos.com.br\/site\/wp-content\/uploads\/2023\/01\/Sem-t\u00edtulo-1y.jpg\",\"width\":854,\"height\":483,\"caption\":\"Edif\u00edcio-sede do MPGO\"},{\"@type\":\"BreadcrumbList\",\"@id\":\"https:\/\/juacontecimentos.com.br\/site\/nota-publica-de-repudio-atos-que-atentam-contra-as-instituicoes-como-os-ocorridos-em-brasilia-neste-domingo-8-1\/#breadcrumb\",\"itemListElement\":[{\"@type\":\"ListItem\",\"position\":1,\"name\":\"In\u00edcio\",\"item\":\"https:\/\/juacontecimentos.com.br\/site\/\"},{\"@type\":\"ListItem\",\"position\":2,\"name\":\"NOTA P\u00daBLICA DE REP\u00daDIO A ATOS QUE ATENTAM CONTRA AS INSTITUI\u00c7\u00d5ES, COMO OS OCORRIDOS EM BRAS\u00cdLIA NESTE DOMINGO (8\/1)\"}]},{\"@type\":\"WebSite\",\"@id\":\"https:\/\/juacontecimentos.com.br\/site\/#website\",\"url\":\"https:\/\/juacontecimentos.com.br\/site\/\",\"name\":\"Jornal Ultimos Acontecimentos\",\"description\":\"Catal\u00e3o e regi\u00e3o\",\"publisher\":{\"@id\":\"https:\/\/juacontecimentos.com.br\/site\/#organization\"},\"potentialAction\":[{\"@type\":\"SearchAction\",\"target\":{\"@type\":\"EntryPoint\",\"urlTemplate\":\"https:\/\/juacontecimentos.com.br\/site\/?s={search_term_string}\"},\"query-input\":{\"@type\":\"PropertyValueSpecification\",\"valueRequired\":true,\"valueName\":\"search_term_string\"}}],\"inLanguage\":\"pt-BR\"},{\"@type\":\"Organization\",\"@id\":\"https:\/\/juacontecimentos.com.br\/site\/#organization\",\"name\":\"Jornal Ultimos Acontecimentos\",\"url\":\"https:\/\/juacontecimentos.com.br\/site\/\",\"logo\":{\"@type\":\"ImageObject\",\"inLanguage\":\"pt-BR\",\"@id\":\"https:\/\/juacontecimentos.com.br\/site\/#\/schema\/logo\/image\/\",\"url\":\"https:\/\/juacontecimentos.com.br\/site\/wp-content\/uploads\/2023\/04\/Logo_Site.png\",\"contentUrl\":\"https:\/\/juacontecimentos.com.br\/site\/wp-content\/uploads\/2023\/04\/Logo_Site.png\",\"width\":2476,\"height\":530,\"caption\":\"Jornal Ultimos Acontecimentos\"},\"image\":{\"@id\":\"https:\/\/juacontecimentos.com.br\/site\/#\/schema\/logo\/image\/\"},\"sameAs\":[\"https:\/\/www.facebook.com\/jultimosacontecimentos\/\"]},{\"@type\":\"Person\",\"@id\":\"https:\/\/juacontecimentos.com.br\/site\/#\/schema\/person\/082a54e6d3fdd7a633291428521c9669\",\"name\":\"Reginaldo Ribeiro\",\"image\":{\"@type\":\"ImageObject\",\"inLanguage\":\"pt-BR\",\"@id\":\"https:\/\/juacontecimentos.com.br\/site\/#\/schema\/person\/image\/\",\"url\":\"https:\/\/secure.gravatar.com\/avatar\/5c16c6837c3490270a74d888c2a845728f06bdde1f8761de1de1d1d1ef82d12f?s=96&d=mm&r=g\",\"contentUrl\":\"https:\/\/secure.gravatar.com\/avatar\/5c16c6837c3490270a74d888c2a845728f06bdde1f8761de1de1d1d1ef82d12f?s=96&d=mm&r=g\",\"caption\":\"Reginaldo Ribeiro\"}}]}<\/script>\n<!-- \/ Yoast SEO plugin. -->","yoast_head_json":{"title":"NOTA P\u00daBLICA DE REP\u00daDIO A ATOS QUE ATENTAM CONTRA AS INSTITUI\u00c7\u00d5ES, COMO OS OCORRIDOS EM BRAS\u00cdLIA NESTE DOMINGO (8\/1) - Jornal Ultimos Acontecimentos","robots":{"index":"index","follow":"follow","max-snippet":"max-snippet:-1","max-image-preview":"max-image-preview:large","max-video-preview":"max-video-preview:-1"},"canonical":"https:\/\/juacontecimentos.com.br\/site\/nota-publica-de-repudio-atos-que-atentam-contra-as-instituicoes-como-os-ocorridos-em-brasilia-neste-domingo-8-1\/","og_locale":"pt_BR","og_type":"article","og_title":"NOTA P\u00daBLICA DE REP\u00daDIO A ATOS QUE ATENTAM CONTRA AS INSTITUI\u00c7\u00d5ES, COMO OS OCORRIDOS EM BRAS\u00cdLIA NESTE DOMINGO (8\/1) - Jornal Ultimos Acontecimentos","og_description":"A democracia, viga mestra do contrato social, deve ser respeitada e preservada sempre! Por isso, o Minist\u00e9rio P\u00fablico de Goi\u00e1s (MPGO) condena e repudia quaisquer atos que atentem contra as institui\u00e7\u00f5es, como os ocorridos em Bras\u00edlia na tarde deste domingo (8\/1). O Minist\u00e9rio P\u00fablico tem entre suas atribui\u00e7\u00f5es a defesa da ordem jur\u00eddica, obviamente desrespeitada","og_url":"https:\/\/juacontecimentos.com.br\/site\/nota-publica-de-repudio-atos-que-atentam-contra-as-instituicoes-como-os-ocorridos-em-brasilia-neste-domingo-8-1\/","og_site_name":"Jornal Ultimos Acontecimentos","article_publisher":"https:\/\/www.facebook.com\/jultimosacontecimentos\/","article_published_time":"2023-01-09T13:29:22+00:00","og_image":[{"width":854,"height":483,"url":"https:\/\/juacontecimentos.com.br\/site\/wp-content\/uploads\/2023\/01\/Sem-t\u00edtulo-1y.jpg","type":"image\/jpeg"}],"author":"Reginaldo Ribeiro","twitter_card":"summary_large_image","twitter_misc":{"Escrito por":"Reginaldo Ribeiro","Est. tempo de leitura":"1 minuto"},"schema":{"@context":"https:\/\/schema.org","@graph":[{"@type":"Article","@id":"https:\/\/juacontecimentos.com.br\/site\/nota-publica-de-repudio-atos-que-atentam-contra-as-instituicoes-como-os-ocorridos-em-brasilia-neste-domingo-8-1\/#article","isPartOf":{"@id":"https:\/\/juacontecimentos.com.br\/site\/nota-publica-de-repudio-atos-que-atentam-contra-as-instituicoes-como-os-ocorridos-em-brasilia-neste-domingo-8-1\/"},"author":{"name":"Reginaldo Ribeiro","@id":"https:\/\/juacontecimentos.com.br\/site\/#\/schema\/person\/082a54e6d3fdd7a633291428521c9669"},"headline":"NOTA P\u00daBLICA DE REP\u00daDIO A ATOS QUE ATENTAM CONTRA AS INSTITUI\u00c7\u00d5ES, COMO OS OCORRIDOS EM BRAS\u00cdLIA NESTE DOMINGO (8\/1)","datePublished":"2023-01-09T13:29:22+00:00","mainEntityOfPage":{"@id":"https:\/\/juacontecimentos.com.br\/site\/nota-publica-de-repudio-atos-que-atentam-contra-as-instituicoes-como-os-ocorridos-em-brasilia-neste-domingo-8-1\/"},"wordCount":160,"commentCount":0,"publisher":{"@id":"https:\/\/juacontecimentos.com.br\/site\/#organization"},"image":{"@id":"https:\/\/juacontecimentos.com.br\/site\/nota-publica-de-repudio-atos-que-atentam-contra-as-instituicoes-como-os-ocorridos-em-brasilia-neste-domingo-8-1\/#primaryimage"},"thumbnailUrl":"https:\/\/juacontecimentos.com.br\/site\/wp-content\/uploads\/2023\/01\/Sem-t\u00edtulo-1y.jpg","articleSection":["Brasil","Catal\u00e3o","Destaque","Goi\u00e1s"],"inLanguage":"pt-BR"},{"@type":"WebPage","@id":"https:\/\/juacontecimentos.com.br\/site\/nota-publica-de-repudio-atos-que-atentam-contra-as-instituicoes-como-os-ocorridos-em-brasilia-neste-domingo-8-1\/","url":"https:\/\/juacontecimentos.com.br\/site\/nota-publica-de-repudio-atos-que-atentam-contra-as-instituicoes-como-os-ocorridos-em-brasilia-neste-domingo-8-1\/","name":"NOTA P\u00daBLICA DE REP\u00daDIO A ATOS QUE ATENTAM CONTRA AS INSTITUI\u00c7\u00d5ES, COMO OS OCORRIDOS EM BRAS\u00cdLIA NESTE DOMINGO (8\/1) - Jornal Ultimos Acontecimentos","isPartOf":{"@id":"https:\/\/juacontecimentos.com.br\/site\/#website"},"primaryImageOfPage":{"@id":"https:\/\/juacontecimentos.com.br\/site\/nota-publica-de-repudio-atos-que-atentam-contra-as-instituicoes-como-os-ocorridos-em-brasilia-neste-domingo-8-1\/#primaryimage"},"image":{"@id":"https:\/\/juacontecimentos.com.br\/site\/nota-publica-de-repudio-atos-que-atentam-contra-as-instituicoes-como-os-ocorridos-em-brasilia-neste-domingo-8-1\/#primaryimage"},"thumbnailUrl":"https:\/\/juacontecimentos.com.br\/site\/wp-content\/uploads\/2023\/01\/Sem-t\u00edtulo-1y.jpg","datePublished":"2023-01-09T13:29:22+00:00","breadcrumb":{"@id":"https:\/\/juacontecimentos.com.br\/site\/nota-publica-de-repudio-atos-que-atentam-contra-as-instituicoes-como-os-ocorridos-em-brasilia-neste-domingo-8-1\/#breadcrumb"},"inLanguage":"pt-BR","potentialAction":[{"@type":"ReadAction","target":["https:\/\/juacontecimentos.com.br\/site\/nota-publica-de-repudio-atos-que-atentam-contra-as-instituicoes-como-os-ocorridos-em-brasilia-neste-domingo-8-1\/"]}]},{"@type":"ImageObject","inLanguage":"pt-BR","@id":"https:\/\/juacontecimentos.com.br\/site\/nota-publica-de-repudio-atos-que-atentam-contra-as-instituicoes-como-os-ocorridos-em-brasilia-neste-domingo-8-1\/#primaryimage","url":"https:\/\/juacontecimentos.com.br\/site\/wp-content\/uploads\/2023\/01\/Sem-t\u00edtulo-1y.jpg","contentUrl":"https:\/\/juacontecimentos.com.br\/site\/wp-content\/uploads\/2023\/01\/Sem-t\u00edtulo-1y.jpg","width":854,"height":483,"caption":"Edif\u00edcio-sede do MPGO"},{"@type":"BreadcrumbList","@id":"https:\/\/juacontecimentos.com.br\/site\/nota-publica-de-repudio-atos-que-atentam-contra-as-instituicoes-como-os-ocorridos-em-brasilia-neste-domingo-8-1\/#breadcrumb","itemListElement":[{"@type":"ListItem","position":1,"name":"In\u00edcio","item":"https:\/\/juacontecimentos.com.br\/site\/"},{"@type":"ListItem","position":2,"name":"NOTA P\u00daBLICA DE REP\u00daDIO A ATOS QUE ATENTAM CONTRA AS INSTITUI\u00c7\u00d5ES, COMO OS OCORRIDOS EM BRAS\u00cdLIA NESTE DOMINGO (8\/1)"}]},{"@type":"WebSite","@id":"https:\/\/juacontecimentos.com.br\/site\/#website","url":"https:\/\/juacontecimentos.com.br\/site\/","name":"Jornal Ultimos Acontecimentos","description":"Catal\u00e3o e regi\u00e3o","publisher":{"@id":"https:\/\/juacontecimentos.com.br\/site\/#organization"},"potentialAction":[{"@type":"SearchAction","target":{"@type":"EntryPoint","urlTemplate":"https:\/\/juacontecimentos.com.br\/site\/?s={search_term_string}"},"query-input":{"@type":"PropertyValueSpecification","valueRequired":true,"valueName":"search_term_string"}}],"inLanguage":"pt-BR"},{"@type":"Organization","@id":"https:\/\/juacontecimentos.com.br\/site\/#organization","name":"Jornal Ultimos Acontecimentos","url":"https:\/\/juacontecimentos.com.br\/site\/","logo":{"@type":"ImageObject","inLanguage":"pt-BR","@id":"https:\/\/juacontecimentos.com.br\/site\/#\/schema\/logo\/image\/","url":"https:\/\/juacontecimentos.com.br\/site\/wp-content\/uploads\/2023\/04\/Logo_Site.png","contentUrl":"https:\/\/juacontecimentos.com.br\/site\/wp-content\/uploads\/2023\/04\/Logo_Site.png","width":2476,"height":530,"caption":"Jornal Ultimos Acontecimentos"},"image":{"@id":"https:\/\/juacontecimentos.com.br\/site\/#\/schema\/logo\/image\/"},"sameAs":["https:\/\/www.facebook.com\/jultimosacontecimentos\/"]},{"@type":"Person","@id":"https:\/\/juacontecimentos.com.br\/site\/#\/schema\/person\/082a54e6d3fdd7a633291428521c9669","name":"Reginaldo Ribeiro","image":{"@type":"ImageObject","inLanguage":"pt-BR","@id":"https:\/\/juacontecimentos.com.br\/site\/#\/schema\/person\/image\/","url":"https:\/\/secure.gravatar.com\/avatar\/5c16c6837c3490270a74d888c2a845728f06bdde1f8761de1de1d1d1ef82d12f?s=96&d=mm&r=g","contentUrl":"https:\/\/secure.gravatar.com\/avatar\/5c16c6837c3490270a74d888c2a845728f06bdde1f8761de1de1d1d1ef82d12f?s=96&d=mm&r=g","caption":"Reginaldo Ribeiro"}}]}},"_links":{"self":[{"href":"https:\/\/juacontecimentos.com.br\/site\/wp-json\/wp\/v2\/posts\/23578","targetHints":{"allow":["GET"]}}],"collection":[{"href":"https:\/\/juacontecimentos.com.br\/site\/wp-json\/wp\/v2\/posts"}],"about":[{"href":"https:\/\/juacontecimentos.com.br\/site\/wp-json\/wp\/v2\/types\/post"}],"author":[{"embeddable":true,"href":"https:\/\/juacontecimentos.com.br\/site\/wp-json\/wp\/v2\/users\/2"}],"replies":[{"embeddable":true,"href":"https:\/\/juacontecimentos.com.br\/site\/wp-json\/wp\/v2\/comments?post=23578"}],"version-history":[{"count":1,"href":"https:\/\/juacontecimentos.com.br\/site\/wp-json\/wp\/v2\/posts\/23578\/revisions"}],"predecessor-version":[{"id":23580,"href":"https:\/\/juacontecimentos.com.br\/site\/wp-json\/wp\/v2\/posts\/23578\/revisions\/23580"}],"wp:featuredmedia":[{"embeddable":true,"href":"https:\/\/juacontecimentos.com.br\/site\/wp-json\/wp\/v2\/media\/23579"}],"wp:attachment":[{"href":"https:\/\/juacontecimentos.com.br\/site\/wp-json\/wp\/v2\/media?parent=23578"}],"wp:term":[{"taxonomy":"category","embeddable":true,"href":"https:\/\/juacontecimentos.com.br\/site\/wp-json\/wp\/v2\/categories?post=23578"},{"taxonomy":"post_tag","embeddable":true,"href":"https:\/\/juacontecimentos.com.br\/site\/wp-json\/wp\/v2\/tags?post=23578"}],"curies":[{"name":"wp","href":"https:\/\/api.w.org\/{rel}","templated":true}]}}