{"id":23733,"date":"2023-01-14T15:53:54","date_gmt":"2023-01-14T18:53:54","guid":{"rendered":"https:\/\/juacontecimentos.com.br\/site\/?p=23733"},"modified":"2023-01-14T15:54:10","modified_gmt":"2023-01-14T18:54:10","slug":"anderson-torres-e-preso-pela-policia-federal-apos-chegar-brasilia","status":"publish","type":"post","link":"https:\/\/juacontecimentos.com.br\/site\/anderson-torres-e-preso-pela-policia-federal-apos-chegar-brasilia\/","title":{"rendered":"Anderson Torres \u00e9 preso pela Pol\u00edcia Federal ap\u00f3s chegar a Bras\u00edlia"},"content":{"rendered":"<div class=\"text-center\">\n<h2>Pris\u00e3o do ex-secret\u00e1rio de Seguran\u00e7a P\u00fablica foi determinada por Alexandre de Moraes\u00a0ap\u00f3s os atos terroristas em Bras\u00edlia<\/h2>\n<\/div>\n<div class=\"noticia-detalhes\">Por: Mariana Fernandes \/ O Hoje<\/div>\n<div>\n<div id=\"attachment_23734\" style=\"width: 999px\" class=\"wp-caption alignnone\"><img loading=\"lazy\" decoding=\"async\" aria-describedby=\"caption-attachment-23734\" class=\" wp-image-23734\" src=\"https:\/\/juacontecimentos.com.br\/site\/wp-content\/uploads\/2023\/01\/Sem-t\u00edtulo-1-e-1024x623.jpg\" alt=\"\" width=\"989\" height=\"602\" srcset=\"https:\/\/juacontecimentos.com.br\/site\/wp-content\/uploads\/2023\/01\/Sem-t\u00edtulo-1-e-1024x623.jpg 1024w, https:\/\/juacontecimentos.com.br\/site\/wp-content\/uploads\/2023\/01\/Sem-t\u00edtulo-1-e-300x183.jpg 300w, https:\/\/juacontecimentos.com.br\/site\/wp-content\/uploads\/2023\/01\/Sem-t\u00edtulo-1-e-768x467.jpg 768w, https:\/\/juacontecimentos.com.br\/site\/wp-content\/uploads\/2023\/01\/Sem-t\u00edtulo-1-e.jpg 1344w\" sizes=\"auto, (max-width: 989px) 100vw, 989px\" \/><p id=\"caption-attachment-23734\" class=\"wp-caption-text\">Pris\u00e3o do ex-secret\u00e1rio de Seguran\u00e7a P\u00fablica foi determinada por Alexandre de Moraes ap\u00f3s os atos terroristas em Bras\u00edlia | Foto: Divulga\u00e7\u00e3o\/ Ag\u00eancia Brasil<\/p><\/div>\n<p>O ex-ministro da Justi\u00e7a e ex-secret\u00e1rio de Seguran\u00e7a P\u00fablica do Distrito Federal,\u00a0Anderson Torres\u00a0foi preso na manh\u00e3 deste s\u00e1bado (14) pela\u00a0Pol\u00edcia Federal. A pris\u00e3o ocorreu ap\u00f3s ele desembarcar em Bras\u00edlia, vindo dos Estados Unidos. O ministro foi levado para o 4\u00ba batalh\u00e3o da Pol\u00edcia Militar no Guar\u00e1, regi\u00e3o administrativa da capital federal.<\/p>\n<p>A pris\u00e3o do ex-ministro foi determinada na \u00faltima ter\u00e7a-feira (10), pelo ministro do Supremo Tribunal Federal (<a href=\"https:\/\/portal.stf.jus.br\/\">STF<\/a>) Alexandre de Moraes\u00a0ap\u00f3s os atos terroristas em Bras\u00edlia, em 8 de janeiro. Torres \u00e9 acusado de ser conivente e omisso na situa\u00e7\u00e3o, n\u00e3o preparando um esquema capaz de proteger os Poderes contra os ataques, mesmo com a informa\u00e7\u00e3o de que eles poderiam ocorrer.<\/p>\n<p>O ministro havia sido nomeado por Ibaneis Rocha (MDB), governador do DF que tamb\u00e9m foi afastado do cargo pela Justi\u00e7a ap\u00f3s atos terroristas de bolsonaristas em Bras\u00edlia.<\/p>\n<p>A expectativa \u00e9 que Torres preste depoimento ainda neste s\u00e1bado (14), mas antes se re\u00fane com sua equipe de advogados.<\/p>\n<\/div>\n<p><\/p>\n","protected":false},"excerpt":{"rendered":"<p>Pris\u00e3o do ex-secret\u00e1rio de Seguran\u00e7a P\u00fablica foi determinada por Alexandre de Moraes\u00a0ap\u00f3s os atos terroristas em Bras\u00edlia Por: Mariana Fernandes \/ O Hoje O ex-ministro da Justi\u00e7a e ex-secret\u00e1rio de Seguran\u00e7a P\u00fablica do Distrito Federal,\u00a0Anderson Torres\u00a0foi preso na manh\u00e3 deste s\u00e1bado (14) pela\u00a0Pol\u00edcia Federal. A pris\u00e3o ocorreu ap\u00f3s ele desembarcar em Bras\u00edlia, vindo dos Estados<\/p>\n","protected":false},"author":2,"featured_media":23734,"comment_status":"open","ping_status":"open","sticky":false,"template":"","format":"standard","meta":{"footnotes":""},"categories":[27,22,26,23],"tags":[],"class_list":["post-23733","post","type-post","status-publish","format-standard","has-post-thumbnail","hentry","category-brasil","category-catalao","category-destaque","category-goias"],"yoast_head":"<!-- This site is optimized with the Yoast SEO plugin v25.8 - https:\/\/yoast.com\/wordpress\/plugins\/seo\/ -->\n<title>Anderson Torres \u00e9 preso pela Pol\u00edcia Federal ap\u00f3s chegar a Bras\u00edlia - Jornal Ultimos Acontecimentos<\/title>\n<meta name=\"robots\" content=\"index, follow, max-snippet:-1, max-image-preview:large, max-video-preview:-1\" \/>\n<link rel=\"canonical\" href=\"https:\/\/juacontecimentos.com.br\/site\/anderson-torres-e-preso-pela-policia-federal-apos-chegar-brasilia\/\" \/>\n<meta property=\"og:locale\" content=\"pt_BR\" \/>\n<meta property=\"og:type\" content=\"article\" \/>\n<meta property=\"og:title\" content=\"Anderson Torres \u00e9 preso pela Pol\u00edcia Federal ap\u00f3s chegar a Bras\u00edlia - Jornal Ultimos Acontecimentos\" \/>\n<meta property=\"og:description\" content=\"Pris\u00e3o do ex-secret\u00e1rio de Seguran\u00e7a P\u00fablica foi determinada por Alexandre de Moraes\u00a0ap\u00f3s os atos terroristas em Bras\u00edlia Por: Mariana Fernandes \/ O Hoje O ex-ministro da Justi\u00e7a e ex-secret\u00e1rio de Seguran\u00e7a P\u00fablica do Distrito Federal,\u00a0Anderson Torres\u00a0foi preso na manh\u00e3 deste s\u00e1bado (14) pela\u00a0Pol\u00edcia Federal. A pris\u00e3o ocorreu ap\u00f3s ele desembarcar em Bras\u00edlia, vindo dos Estados\" \/>\n<meta property=\"og:url\" content=\"https:\/\/juacontecimentos.com.br\/site\/anderson-torres-e-preso-pela-policia-federal-apos-chegar-brasilia\/\" \/>\n<meta property=\"og:site_name\" content=\"Jornal Ultimos Acontecimentos\" \/>\n<meta property=\"article:publisher\" content=\"https:\/\/www.facebook.com\/jultimosacontecimentos\/\" \/>\n<meta property=\"article:published_time\" content=\"2023-01-14T18:53:54+00:00\" \/>\n<meta property=\"article:modified_time\" content=\"2023-01-14T18:54:10+00:00\" \/>\n<meta property=\"og:image\" content=\"https:\/\/juacontecimentos.com.br\/site\/wp-content\/uploads\/2023\/01\/Sem-t\u00edtulo-1-e.jpg\" \/>\n\t<meta property=\"og:image:width\" content=\"1344\" \/>\n\t<meta property=\"og:image:height\" content=\"818\" \/>\n\t<meta property=\"og:image:type\" content=\"image\/jpeg\" \/>\n<meta name=\"author\" content=\"Reginaldo Ribeiro\" \/>\n<meta name=\"twitter:card\" content=\"summary_large_image\" \/>\n<meta name=\"twitter:label1\" content=\"Escrito por\" \/>\n\t<meta name=\"twitter:data1\" content=\"Reginaldo Ribeiro\" \/>\n\t<meta name=\"twitter:label2\" content=\"Est. tempo de leitura\" \/>\n\t<meta name=\"twitter:data2\" content=\"1 minuto\" \/>\n<script type=\"application\/ld+json\" class=\"yoast-schema-graph\">{\"@context\":\"https:\/\/schema.org\",\"@graph\":[{\"@type\":\"Article\",\"@id\":\"https:\/\/juacontecimentos.com.br\/site\/anderson-torres-e-preso-pela-policia-federal-apos-chegar-brasilia\/#article\",\"isPartOf\":{\"@id\":\"https:\/\/juacontecimentos.com.br\/site\/anderson-torres-e-preso-pela-policia-federal-apos-chegar-brasilia\/\"},\"author\":{\"name\":\"Reginaldo Ribeiro\",\"@id\":\"https:\/\/juacontecimentos.com.br\/site\/#\/schema\/person\/082a54e6d3fdd7a633291428521c9669\"},\"headline\":\"Anderson Torres \u00e9 preso pela Pol\u00edcia Federal ap\u00f3s chegar a Bras\u00edlia\",\"datePublished\":\"2023-01-14T18:53:54+00:00\",\"dateModified\":\"2023-01-14T18:54:10+00:00\",\"mainEntityOfPage\":{\"@id\":\"https:\/\/juacontecimentos.com.br\/site\/anderson-torres-e-preso-pela-policia-federal-apos-chegar-brasilia\/\"},\"wordCount\":259,\"commentCount\":0,\"publisher\":{\"@id\":\"https:\/\/juacontecimentos.com.br\/site\/#organization\"},\"image\":{\"@id\":\"https:\/\/juacontecimentos.com.br\/site\/anderson-torres-e-preso-pela-policia-federal-apos-chegar-brasilia\/#primaryimage\"},\"thumbnailUrl\":\"https:\/\/juacontecimentos.com.br\/site\/wp-content\/uploads\/2023\/01\/Sem-t\u00edtulo-1-e.jpg\",\"articleSection\":[\"Brasil\",\"Catal\u00e3o\",\"Destaque\",\"Goi\u00e1s\"],\"inLanguage\":\"pt-BR\"},{\"@type\":\"WebPage\",\"@id\":\"https:\/\/juacontecimentos.com.br\/site\/anderson-torres-e-preso-pela-policia-federal-apos-chegar-brasilia\/\",\"url\":\"https:\/\/juacontecimentos.com.br\/site\/anderson-torres-e-preso-pela-policia-federal-apos-chegar-brasilia\/\",\"name\":\"Anderson Torres \u00e9 preso pela Pol\u00edcia Federal ap\u00f3s chegar a Bras\u00edlia - Jornal Ultimos Acontecimentos\",\"isPartOf\":{\"@id\":\"https:\/\/juacontecimentos.com.br\/site\/#website\"},\"primaryImageOfPage\":{\"@id\":\"https:\/\/juacontecimentos.com.br\/site\/anderson-torres-e-preso-pela-policia-federal-apos-chegar-brasilia\/#primaryimage\"},\"image\":{\"@id\":\"https:\/\/juacontecimentos.com.br\/site\/anderson-torres-e-preso-pela-policia-federal-apos-chegar-brasilia\/#primaryimage\"},\"thumbnailUrl\":\"https:\/\/juacontecimentos.com.br\/site\/wp-content\/uploads\/2023\/01\/Sem-t\u00edtulo-1-e.jpg\",\"datePublished\":\"2023-01-14T18:53:54+00:00\",\"dateModified\":\"2023-01-14T18:54:10+00:00\",\"breadcrumb\":{\"@id\":\"https:\/\/juacontecimentos.com.br\/site\/anderson-torres-e-preso-pela-policia-federal-apos-chegar-brasilia\/#breadcrumb\"},\"inLanguage\":\"pt-BR\",\"potentialAction\":[{\"@type\":\"ReadAction\",\"target\":[\"https:\/\/juacontecimentos.com.br\/site\/anderson-torres-e-preso-pela-policia-federal-apos-chegar-brasilia\/\"]}]},{\"@type\":\"ImageObject\",\"inLanguage\":\"pt-BR\",\"@id\":\"https:\/\/juacontecimentos.com.br\/site\/anderson-torres-e-preso-pela-policia-federal-apos-chegar-brasilia\/#primaryimage\",\"url\":\"https:\/\/juacontecimentos.com.br\/site\/wp-content\/uploads\/2023\/01\/Sem-t\u00edtulo-1-e.jpg\",\"contentUrl\":\"https:\/\/juacontecimentos.com.br\/site\/wp-content\/uploads\/2023\/01\/Sem-t\u00edtulo-1-e.jpg\",\"width\":1344,\"height\":818,\"caption\":\"Pris\u00e3o do ex-secret\u00e1rio de Seguran\u00e7a P\u00fablica foi determinada por Alexandre de Moraes ap\u00f3s os atos terroristas em Bras\u00edlia | Foto: Divulga\u00e7\u00e3o\/ Ag\u00eancia Brasil\"},{\"@type\":\"BreadcrumbList\",\"@id\":\"https:\/\/juacontecimentos.com.br\/site\/anderson-torres-e-preso-pela-policia-federal-apos-chegar-brasilia\/#breadcrumb\",\"itemListElement\":[{\"@type\":\"ListItem\",\"position\":1,\"name\":\"In\u00edcio\",\"item\":\"https:\/\/juacontecimentos.com.br\/site\/\"},{\"@type\":\"ListItem\",\"position\":2,\"name\":\"Anderson Torres \u00e9 preso pela Pol\u00edcia Federal ap\u00f3s chegar a Bras\u00edlia\"}]},{\"@type\":\"WebSite\",\"@id\":\"https:\/\/juacontecimentos.com.br\/site\/#website\",\"url\":\"https:\/\/juacontecimentos.com.br\/site\/\",\"name\":\"Jornal Ultimos Acontecimentos\",\"description\":\"Catal\u00e3o e regi\u00e3o\",\"publisher\":{\"@id\":\"https:\/\/juacontecimentos.com.br\/site\/#organization\"},\"potentialAction\":[{\"@type\":\"SearchAction\",\"target\":{\"@type\":\"EntryPoint\",\"urlTemplate\":\"https:\/\/juacontecimentos.com.br\/site\/?s={search_term_string}\"},\"query-input\":{\"@type\":\"PropertyValueSpecification\",\"valueRequired\":true,\"valueName\":\"search_term_string\"}}],\"inLanguage\":\"pt-BR\"},{\"@type\":\"Organization\",\"@id\":\"https:\/\/juacontecimentos.com.br\/site\/#organization\",\"name\":\"Jornal Ultimos Acontecimentos\",\"url\":\"https:\/\/juacontecimentos.com.br\/site\/\",\"logo\":{\"@type\":\"ImageObject\",\"inLanguage\":\"pt-BR\",\"@id\":\"https:\/\/juacontecimentos.com.br\/site\/#\/schema\/logo\/image\/\",\"url\":\"https:\/\/juacontecimentos.com.br\/site\/wp-content\/uploads\/2023\/04\/Logo_Site.png\",\"contentUrl\":\"https:\/\/juacontecimentos.com.br\/site\/wp-content\/uploads\/2023\/04\/Logo_Site.png\",\"width\":2476,\"height\":530,\"caption\":\"Jornal Ultimos Acontecimentos\"},\"image\":{\"@id\":\"https:\/\/juacontecimentos.com.br\/site\/#\/schema\/logo\/image\/\"},\"sameAs\":[\"https:\/\/www.facebook.com\/jultimosacontecimentos\/\"]},{\"@type\":\"Person\",\"@id\":\"https:\/\/juacontecimentos.com.br\/site\/#\/schema\/person\/082a54e6d3fdd7a633291428521c9669\",\"name\":\"Reginaldo Ribeiro\",\"image\":{\"@type\":\"ImageObject\",\"inLanguage\":\"pt-BR\",\"@id\":\"https:\/\/juacontecimentos.com.br\/site\/#\/schema\/person\/image\/\",\"url\":\"https:\/\/secure.gravatar.com\/avatar\/5c16c6837c3490270a74d888c2a845728f06bdde1f8761de1de1d1d1ef82d12f?s=96&d=mm&r=g\",\"contentUrl\":\"https:\/\/secure.gravatar.com\/avatar\/5c16c6837c3490270a74d888c2a845728f06bdde1f8761de1de1d1d1ef82d12f?s=96&d=mm&r=g\",\"caption\":\"Reginaldo Ribeiro\"}}]}<\/script>\n<!-- \/ Yoast SEO plugin. -->","yoast_head_json":{"title":"Anderson Torres \u00e9 preso pela Pol\u00edcia Federal ap\u00f3s chegar a Bras\u00edlia - Jornal Ultimos Acontecimentos","robots":{"index":"index","follow":"follow","max-snippet":"max-snippet:-1","max-image-preview":"max-image-preview:large","max-video-preview":"max-video-preview:-1"},"canonical":"https:\/\/juacontecimentos.com.br\/site\/anderson-torres-e-preso-pela-policia-federal-apos-chegar-brasilia\/","og_locale":"pt_BR","og_type":"article","og_title":"Anderson Torres \u00e9 preso pela Pol\u00edcia Federal ap\u00f3s chegar a Bras\u00edlia - Jornal Ultimos Acontecimentos","og_description":"Pris\u00e3o do ex-secret\u00e1rio de Seguran\u00e7a P\u00fablica foi determinada por Alexandre de Moraes\u00a0ap\u00f3s os atos terroristas em Bras\u00edlia Por: Mariana Fernandes \/ O Hoje O ex-ministro da Justi\u00e7a e ex-secret\u00e1rio de Seguran\u00e7a P\u00fablica do Distrito Federal,\u00a0Anderson Torres\u00a0foi preso na manh\u00e3 deste s\u00e1bado (14) pela\u00a0Pol\u00edcia Federal. A pris\u00e3o ocorreu ap\u00f3s ele desembarcar em Bras\u00edlia, vindo dos Estados","og_url":"https:\/\/juacontecimentos.com.br\/site\/anderson-torres-e-preso-pela-policia-federal-apos-chegar-brasilia\/","og_site_name":"Jornal Ultimos Acontecimentos","article_publisher":"https:\/\/www.facebook.com\/jultimosacontecimentos\/","article_published_time":"2023-01-14T18:53:54+00:00","article_modified_time":"2023-01-14T18:54:10+00:00","og_image":[{"width":1344,"height":818,"url":"https:\/\/juacontecimentos.com.br\/site\/wp-content\/uploads\/2023\/01\/Sem-t\u00edtulo-1-e.jpg","type":"image\/jpeg"}],"author":"Reginaldo Ribeiro","twitter_card":"summary_large_image","twitter_misc":{"Escrito por":"Reginaldo Ribeiro","Est. tempo de leitura":"1 minuto"},"schema":{"@context":"https:\/\/schema.org","@graph":[{"@type":"Article","@id":"https:\/\/juacontecimentos.com.br\/site\/anderson-torres-e-preso-pela-policia-federal-apos-chegar-brasilia\/#article","isPartOf":{"@id":"https:\/\/juacontecimentos.com.br\/site\/anderson-torres-e-preso-pela-policia-federal-apos-chegar-brasilia\/"},"author":{"name":"Reginaldo Ribeiro","@id":"https:\/\/juacontecimentos.com.br\/site\/#\/schema\/person\/082a54e6d3fdd7a633291428521c9669"},"headline":"Anderson Torres \u00e9 preso pela Pol\u00edcia Federal ap\u00f3s chegar a Bras\u00edlia","datePublished":"2023-01-14T18:53:54+00:00","dateModified":"2023-01-14T18:54:10+00:00","mainEntityOfPage":{"@id":"https:\/\/juacontecimentos.com.br\/site\/anderson-torres-e-preso-pela-policia-federal-apos-chegar-brasilia\/"},"wordCount":259,"commentCount":0,"publisher":{"@id":"https:\/\/juacontecimentos.com.br\/site\/#organization"},"image":{"@id":"https:\/\/juacontecimentos.com.br\/site\/anderson-torres-e-preso-pela-policia-federal-apos-chegar-brasilia\/#primaryimage"},"thumbnailUrl":"https:\/\/juacontecimentos.com.br\/site\/wp-content\/uploads\/2023\/01\/Sem-t\u00edtulo-1-e.jpg","articleSection":["Brasil","Catal\u00e3o","Destaque","Goi\u00e1s"],"inLanguage":"pt-BR"},{"@type":"WebPage","@id":"https:\/\/juacontecimentos.com.br\/site\/anderson-torres-e-preso-pela-policia-federal-apos-chegar-brasilia\/","url":"https:\/\/juacontecimentos.com.br\/site\/anderson-torres-e-preso-pela-policia-federal-apos-chegar-brasilia\/","name":"Anderson Torres \u00e9 preso pela Pol\u00edcia Federal ap\u00f3s chegar a Bras\u00edlia - Jornal Ultimos Acontecimentos","isPartOf":{"@id":"https:\/\/juacontecimentos.com.br\/site\/#website"},"primaryImageOfPage":{"@id":"https:\/\/juacontecimentos.com.br\/site\/anderson-torres-e-preso-pela-policia-federal-apos-chegar-brasilia\/#primaryimage"},"image":{"@id":"https:\/\/juacontecimentos.com.br\/site\/anderson-torres-e-preso-pela-policia-federal-apos-chegar-brasilia\/#primaryimage"},"thumbnailUrl":"https:\/\/juacontecimentos.com.br\/site\/wp-content\/uploads\/2023\/01\/Sem-t\u00edtulo-1-e.jpg","datePublished":"2023-01-14T18:53:54+00:00","dateModified":"2023-01-14T18:54:10+00:00","breadcrumb":{"@id":"https:\/\/juacontecimentos.com.br\/site\/anderson-torres-e-preso-pela-policia-federal-apos-chegar-brasilia\/#breadcrumb"},"inLanguage":"pt-BR","potentialAction":[{"@type":"ReadAction","target":["https:\/\/juacontecimentos.com.br\/site\/anderson-torres-e-preso-pela-policia-federal-apos-chegar-brasilia\/"]}]},{"@type":"ImageObject","inLanguage":"pt-BR","@id":"https:\/\/juacontecimentos.com.br\/site\/anderson-torres-e-preso-pela-policia-federal-apos-chegar-brasilia\/#primaryimage","url":"https:\/\/juacontecimentos.com.br\/site\/wp-content\/uploads\/2023\/01\/Sem-t\u00edtulo-1-e.jpg","contentUrl":"https:\/\/juacontecimentos.com.br\/site\/wp-content\/uploads\/2023\/01\/Sem-t\u00edtulo-1-e.jpg","width":1344,"height":818,"caption":"Pris\u00e3o do ex-secret\u00e1rio de Seguran\u00e7a P\u00fablica foi determinada por Alexandre de Moraes ap\u00f3s os atos terroristas em Bras\u00edlia | Foto: Divulga\u00e7\u00e3o\/ Ag\u00eancia Brasil"},{"@type":"BreadcrumbList","@id":"https:\/\/juacontecimentos.com.br\/site\/anderson-torres-e-preso-pela-policia-federal-apos-chegar-brasilia\/#breadcrumb","itemListElement":[{"@type":"ListItem","position":1,"name":"In\u00edcio","item":"https:\/\/juacontecimentos.com.br\/site\/"},{"@type":"ListItem","position":2,"name":"Anderson Torres \u00e9 preso pela Pol\u00edcia Federal ap\u00f3s chegar a Bras\u00edlia"}]},{"@type":"WebSite","@id":"https:\/\/juacontecimentos.com.br\/site\/#website","url":"https:\/\/juacontecimentos.com.br\/site\/","name":"Jornal Ultimos Acontecimentos","description":"Catal\u00e3o e regi\u00e3o","publisher":{"@id":"https:\/\/juacontecimentos.com.br\/site\/#organization"},"potentialAction":[{"@type":"SearchAction","target":{"@type":"EntryPoint","urlTemplate":"https:\/\/juacontecimentos.com.br\/site\/?s={search_term_string}"},"query-input":{"@type":"PropertyValueSpecification","valueRequired":true,"valueName":"search_term_string"}}],"inLanguage":"pt-BR"},{"@type":"Organization","@id":"https:\/\/juacontecimentos.com.br\/site\/#organization","name":"Jornal Ultimos Acontecimentos","url":"https:\/\/juacontecimentos.com.br\/site\/","logo":{"@type":"ImageObject","inLanguage":"pt-BR","@id":"https:\/\/juacontecimentos.com.br\/site\/#\/schema\/logo\/image\/","url":"https:\/\/juacontecimentos.com.br\/site\/wp-content\/uploads\/2023\/04\/Logo_Site.png","contentUrl":"https:\/\/juacontecimentos.com.br\/site\/wp-content\/uploads\/2023\/04\/Logo_Site.png","width":2476,"height":530,"caption":"Jornal Ultimos Acontecimentos"},"image":{"@id":"https:\/\/juacontecimentos.com.br\/site\/#\/schema\/logo\/image\/"},"sameAs":["https:\/\/www.facebook.com\/jultimosacontecimentos\/"]},{"@type":"Person","@id":"https:\/\/juacontecimentos.com.br\/site\/#\/schema\/person\/082a54e6d3fdd7a633291428521c9669","name":"Reginaldo Ribeiro","image":{"@type":"ImageObject","inLanguage":"pt-BR","@id":"https:\/\/juacontecimentos.com.br\/site\/#\/schema\/person\/image\/","url":"https:\/\/secure.gravatar.com\/avatar\/5c16c6837c3490270a74d888c2a845728f06bdde1f8761de1de1d1d1ef82d12f?s=96&d=mm&r=g","contentUrl":"https:\/\/secure.gravatar.com\/avatar\/5c16c6837c3490270a74d888c2a845728f06bdde1f8761de1de1d1d1ef82d12f?s=96&d=mm&r=g","caption":"Reginaldo Ribeiro"}}]}},"_links":{"self":[{"href":"https:\/\/juacontecimentos.com.br\/site\/wp-json\/wp\/v2\/posts\/23733","targetHints":{"allow":["GET"]}}],"collection":[{"href":"https:\/\/juacontecimentos.com.br\/site\/wp-json\/wp\/v2\/posts"}],"about":[{"href":"https:\/\/juacontecimentos.com.br\/site\/wp-json\/wp\/v2\/types\/post"}],"author":[{"embeddable":true,"href":"https:\/\/juacontecimentos.com.br\/site\/wp-json\/wp\/v2\/users\/2"}],"replies":[{"embeddable":true,"href":"https:\/\/juacontecimentos.com.br\/site\/wp-json\/wp\/v2\/comments?post=23733"}],"version-history":[{"count":1,"href":"https:\/\/juacontecimentos.com.br\/site\/wp-json\/wp\/v2\/posts\/23733\/revisions"}],"predecessor-version":[{"id":23735,"href":"https:\/\/juacontecimentos.com.br\/site\/wp-json\/wp\/v2\/posts\/23733\/revisions\/23735"}],"wp:featuredmedia":[{"embeddable":true,"href":"https:\/\/juacontecimentos.com.br\/site\/wp-json\/wp\/v2\/media\/23734"}],"wp:attachment":[{"href":"https:\/\/juacontecimentos.com.br\/site\/wp-json\/wp\/v2\/media?parent=23733"}],"wp:term":[{"taxonomy":"category","embeddable":true,"href":"https:\/\/juacontecimentos.com.br\/site\/wp-json\/wp\/v2\/categories?post=23733"},{"taxonomy":"post_tag","embeddable":true,"href":"https:\/\/juacontecimentos.com.br\/site\/wp-json\/wp\/v2\/tags?post=23733"}],"curies":[{"name":"wp","href":"https:\/\/api.w.org\/{rel}","templated":true}]}}