{"id":23865,"date":"2023-01-17T20:44:21","date_gmt":"2023-01-17T23:44:21","guid":{"rendered":"https:\/\/juacontecimentos.com.br\/site\/?p=23865"},"modified":"2023-01-17T20:44:47","modified_gmt":"2023-01-17T23:44:47","slug":"em-davos-haddad-diz-que-vai-apresentar-nova-regra-fiscal-ao-congresso-no-maximo-ate-abril","status":"publish","type":"post","link":"https:\/\/juacontecimentos.com.br\/site\/em-davos-haddad-diz-que-vai-apresentar-nova-regra-fiscal-ao-congresso-no-maximo-ate-abril\/","title":{"rendered":"Em Davos, Haddad diz que vai apresentar nova regra fiscal ao Congresso no m\u00e1ximo at\u00e9 abril"},"content":{"rendered":"<div class=\"text-center\">\n<h2 style=\"text-align: center\"><strong>O anunciou ocorreu durante uma entrevista em\u00a0Davos, na Su\u00ed\u00e7a, onde participa do F\u00f3rum Econ\u00f4mico Mundial<\/strong><\/h2>\n<\/div>\n<div class=\"noticia-detalhes\">\n<p><span class=\"data-noticia\"><span class=\"data-noticia\">Por: \u00cdcaro Gon\u00e7alves \/ OH<\/span><\/span><\/p>\n<div id=\"attachment_23866\" style=\"width: 910px\" class=\"wp-caption alignnone\"><img loading=\"lazy\" decoding=\"async\" aria-describedby=\"caption-attachment-23866\" class=\"size-large wp-image-23866\" src=\"https:\/\/juacontecimentos.com.br\/site\/wp-content\/uploads\/2023\/01\/Sem-t\u00edtulo-1-oo-1024x577.jpg\" alt=\"\" width=\"900\" height=\"507\" srcset=\"https:\/\/juacontecimentos.com.br\/site\/wp-content\/uploads\/2023\/01\/Sem-t\u00edtulo-1-oo-1024x577.jpg 1024w, https:\/\/juacontecimentos.com.br\/site\/wp-content\/uploads\/2023\/01\/Sem-t\u00edtulo-1-oo-300x169.jpg 300w, https:\/\/juacontecimentos.com.br\/site\/wp-content\/uploads\/2023\/01\/Sem-t\u00edtulo-1-oo-768x433.jpg 768w, https:\/\/juacontecimentos.com.br\/site\/wp-content\/uploads\/2023\/01\/Sem-t\u00edtulo-1-oo.jpg 1740w\" sizes=\"auto, (max-width: 900px) 100vw, 900px\" \/><p id=\"caption-attachment-23866\" class=\"wp-caption-text\">O anunciou ocorreu durante uma entrevista em Davos, na Su\u00ed\u00e7a, onde participa do F\u00f3rum Econ\u00f4mico Mundial | Foto: Reprodu\u00e7\u00e3o<\/p><\/div>\n<p>O ministro da Fazenda,\u00a0Fernando Haddad\u00a0(PT), afirmou nesta ter\u00e7a-feira (17) que enviar\u00e1 uma nova proposta de arcabou\u00e7o fiscal ao Congresso Nacional \u201cno m\u00e1ximo, at\u00e9 abril\u201d. O anunciou ocorreu durante uma entrevista em\u00a0Davos, na Su\u00ed\u00e7a, onde participa do F\u00f3rum Econ\u00f4mico Mundial.<\/p>\n<p>No fim de 2022, durante a tramita\u00e7\u00e3o da PEC da Transi\u00e7\u00e3o no Congresso, os parlamentares inclu\u00edram no texto uma obriga\u00e7\u00e3o para que o governo Luiz In\u00e1cio\u00a0Lula\u00a0da Silva (<a href=\"https:\/\/pt.org.br\/\">PT<\/a>) apresentasse uma nova proposta de \u00e2ncora fiscal at\u00e9 outubro de 2023. Haddad vem dizendo que pretende agilizar esse envio.<\/p>\n<p>A nova regra para disciplinar os gastos p\u00fablicos vai substituir o teto de gastos, aprovado em 2016 e em vigor desde 2017. A regra atual prev\u00ea que a maior parte das despesas do governo n\u00e3o pode crescer em ritmo maior que a infla\u00e7\u00e3o.<\/p>\n<p>O termo \u201c\u00e2ncora fiscal\u201d \u00e9 usado por economistas como refer\u00eancia a uma regra de austeridade, ou seja, que impe\u00e7a o crescimento desenfreado das despesas p\u00fablicas \u2013 o que gera aumento da d\u00edvida do Estado e pode levar a ciclos de infla\u00e7\u00e3o e alta de juros.<\/p>\n<p>Haddad tamb\u00e9m afirmou ser poss\u00edvel zerar o d\u00e9ficit nas contas do governo em at\u00e9 dois anos. \u201cSe voc\u00ea pegar uma s\u00e9rie hist\u00f3rica, a gente est\u00e1 pretendendo voltar receitas e despesas ao mesmo patamar pr\u00e9-crise da pandemia, que \u00e9 18,7% [do PIB no governo federal]. Se n\u00f3s conseguirmos isso em dois anos, a gente consegue zerar o d\u00e9ficit. E isso vai ser t\u00e3o mais f\u00e1cil se aprovarmos a reforma tribut\u00e1ria\u201d, declarou.<\/p>\n<p>O saldo prim\u00e1rio indica que o governo deve gastar menos do que a arrecada\u00e7\u00e3o do ano, sem contar as despesas com a d\u00edvida p\u00fablica. Se confirmado, ser\u00e1 interrompida uma trajet\u00f3ria de oito anos com as contas no vermelho.<\/p>\n<p>Al\u00e9m de Haddad, o\u00a0Brasil tamb\u00e9m est\u00e1 representado no F\u00f3rum Econ\u00f4mico Mundial pela ministra do Meio Ambiente, Marina Silva.<\/p>\n<\/div>\n<p><\/p>\n","protected":false},"excerpt":{"rendered":"<p>O anunciou ocorreu durante uma entrevista em\u00a0Davos, na Su\u00ed\u00e7a, onde participa do F\u00f3rum Econ\u00f4mico Mundial Por: \u00cdcaro Gon\u00e7alves \/ OH O ministro da Fazenda,\u00a0Fernando Haddad\u00a0(PT), afirmou nesta ter\u00e7a-feira (17) que enviar\u00e1 uma nova proposta de arcabou\u00e7o fiscal ao Congresso Nacional \u201cno m\u00e1ximo, at\u00e9 abril\u201d. O anunciou ocorreu durante uma entrevista em\u00a0Davos, na Su\u00ed\u00e7a, onde participa<\/p>\n","protected":false},"author":2,"featured_media":23866,"comment_status":"open","ping_status":"open","sticky":false,"template":"","format":"standard","meta":{"footnotes":""},"categories":[27,22,26,23],"tags":[],"class_list":["post-23865","post","type-post","status-publish","format-standard","has-post-thumbnail","hentry","category-brasil","category-catalao","category-destaque","category-goias"],"yoast_head":"<!-- This site is optimized with the Yoast SEO plugin v25.8 - https:\/\/yoast.com\/wordpress\/plugins\/seo\/ -->\n<title>Em Davos, Haddad diz que vai apresentar nova regra fiscal ao Congresso no m\u00e1ximo at\u00e9 abril - Jornal Ultimos Acontecimentos<\/title>\n<meta name=\"robots\" content=\"index, follow, max-snippet:-1, max-image-preview:large, max-video-preview:-1\" \/>\n<link rel=\"canonical\" href=\"https:\/\/juacontecimentos.com.br\/site\/em-davos-haddad-diz-que-vai-apresentar-nova-regra-fiscal-ao-congresso-no-maximo-ate-abril\/\" \/>\n<meta property=\"og:locale\" content=\"pt_BR\" \/>\n<meta property=\"og:type\" content=\"article\" \/>\n<meta property=\"og:title\" content=\"Em Davos, Haddad diz que vai apresentar nova regra fiscal ao Congresso no m\u00e1ximo at\u00e9 abril - Jornal Ultimos Acontecimentos\" \/>\n<meta property=\"og:description\" content=\"O anunciou ocorreu durante uma entrevista em\u00a0Davos, na Su\u00ed\u00e7a, onde participa do F\u00f3rum Econ\u00f4mico Mundial Por: \u00cdcaro Gon\u00e7alves \/ OH O ministro da Fazenda,\u00a0Fernando Haddad\u00a0(PT), afirmou nesta ter\u00e7a-feira (17) que enviar\u00e1 uma nova proposta de arcabou\u00e7o fiscal ao Congresso Nacional \u201cno m\u00e1ximo, at\u00e9 abril\u201d. O anunciou ocorreu durante uma entrevista em\u00a0Davos, na Su\u00ed\u00e7a, onde participa\" \/>\n<meta property=\"og:url\" content=\"https:\/\/juacontecimentos.com.br\/site\/em-davos-haddad-diz-que-vai-apresentar-nova-regra-fiscal-ao-congresso-no-maximo-ate-abril\/\" \/>\n<meta property=\"og:site_name\" content=\"Jornal Ultimos Acontecimentos\" \/>\n<meta property=\"article:publisher\" content=\"https:\/\/www.facebook.com\/jultimosacontecimentos\/\" \/>\n<meta property=\"article:published_time\" content=\"2023-01-17T23:44:21+00:00\" \/>\n<meta property=\"article:modified_time\" content=\"2023-01-17T23:44:47+00:00\" \/>\n<meta property=\"og:image\" content=\"https:\/\/juacontecimentos.com.br\/site\/wp-content\/uploads\/2023\/01\/Sem-t\u00edtulo-1-oo.jpg\" \/>\n\t<meta property=\"og:image:width\" content=\"1740\" \/>\n\t<meta property=\"og:image:height\" content=\"980\" \/>\n\t<meta property=\"og:image:type\" content=\"image\/jpeg\" \/>\n<meta name=\"author\" content=\"Reginaldo Ribeiro\" \/>\n<meta name=\"twitter:card\" content=\"summary_large_image\" \/>\n<meta name=\"twitter:label1\" content=\"Escrito por\" \/>\n\t<meta name=\"twitter:data1\" content=\"Reginaldo Ribeiro\" \/>\n\t<meta name=\"twitter:label2\" content=\"Est. tempo de leitura\" \/>\n\t<meta name=\"twitter:data2\" content=\"2 minutos\" \/>\n<script type=\"application\/ld+json\" class=\"yoast-schema-graph\">{\"@context\":\"https:\/\/schema.org\",\"@graph\":[{\"@type\":\"Article\",\"@id\":\"https:\/\/juacontecimentos.com.br\/site\/em-davos-haddad-diz-que-vai-apresentar-nova-regra-fiscal-ao-congresso-no-maximo-ate-abril\/#article\",\"isPartOf\":{\"@id\":\"https:\/\/juacontecimentos.com.br\/site\/em-davos-haddad-diz-que-vai-apresentar-nova-regra-fiscal-ao-congresso-no-maximo-ate-abril\/\"},\"author\":{\"name\":\"Reginaldo Ribeiro\",\"@id\":\"https:\/\/juacontecimentos.com.br\/site\/#\/schema\/person\/082a54e6d3fdd7a633291428521c9669\"},\"headline\":\"Em Davos, Haddad diz que vai apresentar nova regra fiscal ao Congresso no m\u00e1ximo at\u00e9 abril\",\"datePublished\":\"2023-01-17T23:44:21+00:00\",\"dateModified\":\"2023-01-17T23:44:47+00:00\",\"mainEntityOfPage\":{\"@id\":\"https:\/\/juacontecimentos.com.br\/site\/em-davos-haddad-diz-que-vai-apresentar-nova-regra-fiscal-ao-congresso-no-maximo-ate-abril\/\"},\"wordCount\":406,\"commentCount\":0,\"publisher\":{\"@id\":\"https:\/\/juacontecimentos.com.br\/site\/#organization\"},\"image\":{\"@id\":\"https:\/\/juacontecimentos.com.br\/site\/em-davos-haddad-diz-que-vai-apresentar-nova-regra-fiscal-ao-congresso-no-maximo-ate-abril\/#primaryimage\"},\"thumbnailUrl\":\"https:\/\/juacontecimentos.com.br\/site\/wp-content\/uploads\/2023\/01\/Sem-t\u00edtulo-1-oo.jpg\",\"articleSection\":[\"Brasil\",\"Catal\u00e3o\",\"Destaque\",\"Goi\u00e1s\"],\"inLanguage\":\"pt-BR\"},{\"@type\":\"WebPage\",\"@id\":\"https:\/\/juacontecimentos.com.br\/site\/em-davos-haddad-diz-que-vai-apresentar-nova-regra-fiscal-ao-congresso-no-maximo-ate-abril\/\",\"url\":\"https:\/\/juacontecimentos.com.br\/site\/em-davos-haddad-diz-que-vai-apresentar-nova-regra-fiscal-ao-congresso-no-maximo-ate-abril\/\",\"name\":\"Em Davos, Haddad diz que vai apresentar nova regra fiscal ao Congresso no m\u00e1ximo at\u00e9 abril - Jornal Ultimos Acontecimentos\",\"isPartOf\":{\"@id\":\"https:\/\/juacontecimentos.com.br\/site\/#website\"},\"primaryImageOfPage\":{\"@id\":\"https:\/\/juacontecimentos.com.br\/site\/em-davos-haddad-diz-que-vai-apresentar-nova-regra-fiscal-ao-congresso-no-maximo-ate-abril\/#primaryimage\"},\"image\":{\"@id\":\"https:\/\/juacontecimentos.com.br\/site\/em-davos-haddad-diz-que-vai-apresentar-nova-regra-fiscal-ao-congresso-no-maximo-ate-abril\/#primaryimage\"},\"thumbnailUrl\":\"https:\/\/juacontecimentos.com.br\/site\/wp-content\/uploads\/2023\/01\/Sem-t\u00edtulo-1-oo.jpg\",\"datePublished\":\"2023-01-17T23:44:21+00:00\",\"dateModified\":\"2023-01-17T23:44:47+00:00\",\"breadcrumb\":{\"@id\":\"https:\/\/juacontecimentos.com.br\/site\/em-davos-haddad-diz-que-vai-apresentar-nova-regra-fiscal-ao-congresso-no-maximo-ate-abril\/#breadcrumb\"},\"inLanguage\":\"pt-BR\",\"potentialAction\":[{\"@type\":\"ReadAction\",\"target\":[\"https:\/\/juacontecimentos.com.br\/site\/em-davos-haddad-diz-que-vai-apresentar-nova-regra-fiscal-ao-congresso-no-maximo-ate-abril\/\"]}]},{\"@type\":\"ImageObject\",\"inLanguage\":\"pt-BR\",\"@id\":\"https:\/\/juacontecimentos.com.br\/site\/em-davos-haddad-diz-que-vai-apresentar-nova-regra-fiscal-ao-congresso-no-maximo-ate-abril\/#primaryimage\",\"url\":\"https:\/\/juacontecimentos.com.br\/site\/wp-content\/uploads\/2023\/01\/Sem-t\u00edtulo-1-oo.jpg\",\"contentUrl\":\"https:\/\/juacontecimentos.com.br\/site\/wp-content\/uploads\/2023\/01\/Sem-t\u00edtulo-1-oo.jpg\",\"width\":1740,\"height\":980,\"caption\":\"O anunciou ocorreu durante uma entrevista em Davos, na Su\u00ed\u00e7a, onde participa do F\u00f3rum Econ\u00f4mico Mundial | Foto: Reprodu\u00e7\u00e3o\"},{\"@type\":\"BreadcrumbList\",\"@id\":\"https:\/\/juacontecimentos.com.br\/site\/em-davos-haddad-diz-que-vai-apresentar-nova-regra-fiscal-ao-congresso-no-maximo-ate-abril\/#breadcrumb\",\"itemListElement\":[{\"@type\":\"ListItem\",\"position\":1,\"name\":\"In\u00edcio\",\"item\":\"https:\/\/juacontecimentos.com.br\/site\/\"},{\"@type\":\"ListItem\",\"position\":2,\"name\":\"Em Davos, Haddad diz que vai apresentar nova regra fiscal ao Congresso no m\u00e1ximo at\u00e9 abril\"}]},{\"@type\":\"WebSite\",\"@id\":\"https:\/\/juacontecimentos.com.br\/site\/#website\",\"url\":\"https:\/\/juacontecimentos.com.br\/site\/\",\"name\":\"Jornal Ultimos Acontecimentos\",\"description\":\"Catal\u00e3o e regi\u00e3o\",\"publisher\":{\"@id\":\"https:\/\/juacontecimentos.com.br\/site\/#organization\"},\"potentialAction\":[{\"@type\":\"SearchAction\",\"target\":{\"@type\":\"EntryPoint\",\"urlTemplate\":\"https:\/\/juacontecimentos.com.br\/site\/?s={search_term_string}\"},\"query-input\":{\"@type\":\"PropertyValueSpecification\",\"valueRequired\":true,\"valueName\":\"search_term_string\"}}],\"inLanguage\":\"pt-BR\"},{\"@type\":\"Organization\",\"@id\":\"https:\/\/juacontecimentos.com.br\/site\/#organization\",\"name\":\"Jornal Ultimos Acontecimentos\",\"url\":\"https:\/\/juacontecimentos.com.br\/site\/\",\"logo\":{\"@type\":\"ImageObject\",\"inLanguage\":\"pt-BR\",\"@id\":\"https:\/\/juacontecimentos.com.br\/site\/#\/schema\/logo\/image\/\",\"url\":\"https:\/\/juacontecimentos.com.br\/site\/wp-content\/uploads\/2023\/04\/Logo_Site.png\",\"contentUrl\":\"https:\/\/juacontecimentos.com.br\/site\/wp-content\/uploads\/2023\/04\/Logo_Site.png\",\"width\":2476,\"height\":530,\"caption\":\"Jornal Ultimos Acontecimentos\"},\"image\":{\"@id\":\"https:\/\/juacontecimentos.com.br\/site\/#\/schema\/logo\/image\/\"},\"sameAs\":[\"https:\/\/www.facebook.com\/jultimosacontecimentos\/\"]},{\"@type\":\"Person\",\"@id\":\"https:\/\/juacontecimentos.com.br\/site\/#\/schema\/person\/082a54e6d3fdd7a633291428521c9669\",\"name\":\"Reginaldo Ribeiro\",\"image\":{\"@type\":\"ImageObject\",\"inLanguage\":\"pt-BR\",\"@id\":\"https:\/\/juacontecimentos.com.br\/site\/#\/schema\/person\/image\/\",\"url\":\"https:\/\/secure.gravatar.com\/avatar\/5c16c6837c3490270a74d888c2a845728f06bdde1f8761de1de1d1d1ef82d12f?s=96&d=mm&r=g\",\"contentUrl\":\"https:\/\/secure.gravatar.com\/avatar\/5c16c6837c3490270a74d888c2a845728f06bdde1f8761de1de1d1d1ef82d12f?s=96&d=mm&r=g\",\"caption\":\"Reginaldo Ribeiro\"}}]}<\/script>\n<!-- \/ Yoast SEO plugin. -->","yoast_head_json":{"title":"Em Davos, Haddad diz que vai apresentar nova regra fiscal ao Congresso no m\u00e1ximo at\u00e9 abril - Jornal Ultimos Acontecimentos","robots":{"index":"index","follow":"follow","max-snippet":"max-snippet:-1","max-image-preview":"max-image-preview:large","max-video-preview":"max-video-preview:-1"},"canonical":"https:\/\/juacontecimentos.com.br\/site\/em-davos-haddad-diz-que-vai-apresentar-nova-regra-fiscal-ao-congresso-no-maximo-ate-abril\/","og_locale":"pt_BR","og_type":"article","og_title":"Em Davos, Haddad diz que vai apresentar nova regra fiscal ao Congresso no m\u00e1ximo at\u00e9 abril - Jornal Ultimos Acontecimentos","og_description":"O anunciou ocorreu durante uma entrevista em\u00a0Davos, na Su\u00ed\u00e7a, onde participa do F\u00f3rum Econ\u00f4mico Mundial Por: \u00cdcaro Gon\u00e7alves \/ OH O ministro da Fazenda,\u00a0Fernando Haddad\u00a0(PT), afirmou nesta ter\u00e7a-feira (17) que enviar\u00e1 uma nova proposta de arcabou\u00e7o fiscal ao Congresso Nacional \u201cno m\u00e1ximo, at\u00e9 abril\u201d. O anunciou ocorreu durante uma entrevista em\u00a0Davos, na Su\u00ed\u00e7a, onde participa","og_url":"https:\/\/juacontecimentos.com.br\/site\/em-davos-haddad-diz-que-vai-apresentar-nova-regra-fiscal-ao-congresso-no-maximo-ate-abril\/","og_site_name":"Jornal Ultimos Acontecimentos","article_publisher":"https:\/\/www.facebook.com\/jultimosacontecimentos\/","article_published_time":"2023-01-17T23:44:21+00:00","article_modified_time":"2023-01-17T23:44:47+00:00","og_image":[{"width":1740,"height":980,"url":"https:\/\/juacontecimentos.com.br\/site\/wp-content\/uploads\/2023\/01\/Sem-t\u00edtulo-1-oo.jpg","type":"image\/jpeg"}],"author":"Reginaldo Ribeiro","twitter_card":"summary_large_image","twitter_misc":{"Escrito por":"Reginaldo Ribeiro","Est. tempo de leitura":"2 minutos"},"schema":{"@context":"https:\/\/schema.org","@graph":[{"@type":"Article","@id":"https:\/\/juacontecimentos.com.br\/site\/em-davos-haddad-diz-que-vai-apresentar-nova-regra-fiscal-ao-congresso-no-maximo-ate-abril\/#article","isPartOf":{"@id":"https:\/\/juacontecimentos.com.br\/site\/em-davos-haddad-diz-que-vai-apresentar-nova-regra-fiscal-ao-congresso-no-maximo-ate-abril\/"},"author":{"name":"Reginaldo Ribeiro","@id":"https:\/\/juacontecimentos.com.br\/site\/#\/schema\/person\/082a54e6d3fdd7a633291428521c9669"},"headline":"Em Davos, Haddad diz que vai apresentar nova regra fiscal ao Congresso no m\u00e1ximo at\u00e9 abril","datePublished":"2023-01-17T23:44:21+00:00","dateModified":"2023-01-17T23:44:47+00:00","mainEntityOfPage":{"@id":"https:\/\/juacontecimentos.com.br\/site\/em-davos-haddad-diz-que-vai-apresentar-nova-regra-fiscal-ao-congresso-no-maximo-ate-abril\/"},"wordCount":406,"commentCount":0,"publisher":{"@id":"https:\/\/juacontecimentos.com.br\/site\/#organization"},"image":{"@id":"https:\/\/juacontecimentos.com.br\/site\/em-davos-haddad-diz-que-vai-apresentar-nova-regra-fiscal-ao-congresso-no-maximo-ate-abril\/#primaryimage"},"thumbnailUrl":"https:\/\/juacontecimentos.com.br\/site\/wp-content\/uploads\/2023\/01\/Sem-t\u00edtulo-1-oo.jpg","articleSection":["Brasil","Catal\u00e3o","Destaque","Goi\u00e1s"],"inLanguage":"pt-BR"},{"@type":"WebPage","@id":"https:\/\/juacontecimentos.com.br\/site\/em-davos-haddad-diz-que-vai-apresentar-nova-regra-fiscal-ao-congresso-no-maximo-ate-abril\/","url":"https:\/\/juacontecimentos.com.br\/site\/em-davos-haddad-diz-que-vai-apresentar-nova-regra-fiscal-ao-congresso-no-maximo-ate-abril\/","name":"Em Davos, Haddad diz que vai apresentar nova regra fiscal ao Congresso no m\u00e1ximo at\u00e9 abril - Jornal Ultimos Acontecimentos","isPartOf":{"@id":"https:\/\/juacontecimentos.com.br\/site\/#website"},"primaryImageOfPage":{"@id":"https:\/\/juacontecimentos.com.br\/site\/em-davos-haddad-diz-que-vai-apresentar-nova-regra-fiscal-ao-congresso-no-maximo-ate-abril\/#primaryimage"},"image":{"@id":"https:\/\/juacontecimentos.com.br\/site\/em-davos-haddad-diz-que-vai-apresentar-nova-regra-fiscal-ao-congresso-no-maximo-ate-abril\/#primaryimage"},"thumbnailUrl":"https:\/\/juacontecimentos.com.br\/site\/wp-content\/uploads\/2023\/01\/Sem-t\u00edtulo-1-oo.jpg","datePublished":"2023-01-17T23:44:21+00:00","dateModified":"2023-01-17T23:44:47+00:00","breadcrumb":{"@id":"https:\/\/juacontecimentos.com.br\/site\/em-davos-haddad-diz-que-vai-apresentar-nova-regra-fiscal-ao-congresso-no-maximo-ate-abril\/#breadcrumb"},"inLanguage":"pt-BR","potentialAction":[{"@type":"ReadAction","target":["https:\/\/juacontecimentos.com.br\/site\/em-davos-haddad-diz-que-vai-apresentar-nova-regra-fiscal-ao-congresso-no-maximo-ate-abril\/"]}]},{"@type":"ImageObject","inLanguage":"pt-BR","@id":"https:\/\/juacontecimentos.com.br\/site\/em-davos-haddad-diz-que-vai-apresentar-nova-regra-fiscal-ao-congresso-no-maximo-ate-abril\/#primaryimage","url":"https:\/\/juacontecimentos.com.br\/site\/wp-content\/uploads\/2023\/01\/Sem-t\u00edtulo-1-oo.jpg","contentUrl":"https:\/\/juacontecimentos.com.br\/site\/wp-content\/uploads\/2023\/01\/Sem-t\u00edtulo-1-oo.jpg","width":1740,"height":980,"caption":"O anunciou ocorreu durante uma entrevista em Davos, na Su\u00ed\u00e7a, onde participa do F\u00f3rum Econ\u00f4mico Mundial | Foto: Reprodu\u00e7\u00e3o"},{"@type":"BreadcrumbList","@id":"https:\/\/juacontecimentos.com.br\/site\/em-davos-haddad-diz-que-vai-apresentar-nova-regra-fiscal-ao-congresso-no-maximo-ate-abril\/#breadcrumb","itemListElement":[{"@type":"ListItem","position":1,"name":"In\u00edcio","item":"https:\/\/juacontecimentos.com.br\/site\/"},{"@type":"ListItem","position":2,"name":"Em Davos, Haddad diz que vai apresentar nova regra fiscal ao Congresso no m\u00e1ximo at\u00e9 abril"}]},{"@type":"WebSite","@id":"https:\/\/juacontecimentos.com.br\/site\/#website","url":"https:\/\/juacontecimentos.com.br\/site\/","name":"Jornal Ultimos Acontecimentos","description":"Catal\u00e3o e regi\u00e3o","publisher":{"@id":"https:\/\/juacontecimentos.com.br\/site\/#organization"},"potentialAction":[{"@type":"SearchAction","target":{"@type":"EntryPoint","urlTemplate":"https:\/\/juacontecimentos.com.br\/site\/?s={search_term_string}"},"query-input":{"@type":"PropertyValueSpecification","valueRequired":true,"valueName":"search_term_string"}}],"inLanguage":"pt-BR"},{"@type":"Organization","@id":"https:\/\/juacontecimentos.com.br\/site\/#organization","name":"Jornal Ultimos Acontecimentos","url":"https:\/\/juacontecimentos.com.br\/site\/","logo":{"@type":"ImageObject","inLanguage":"pt-BR","@id":"https:\/\/juacontecimentos.com.br\/site\/#\/schema\/logo\/image\/","url":"https:\/\/juacontecimentos.com.br\/site\/wp-content\/uploads\/2023\/04\/Logo_Site.png","contentUrl":"https:\/\/juacontecimentos.com.br\/site\/wp-content\/uploads\/2023\/04\/Logo_Site.png","width":2476,"height":530,"caption":"Jornal Ultimos Acontecimentos"},"image":{"@id":"https:\/\/juacontecimentos.com.br\/site\/#\/schema\/logo\/image\/"},"sameAs":["https:\/\/www.facebook.com\/jultimosacontecimentos\/"]},{"@type":"Person","@id":"https:\/\/juacontecimentos.com.br\/site\/#\/schema\/person\/082a54e6d3fdd7a633291428521c9669","name":"Reginaldo Ribeiro","image":{"@type":"ImageObject","inLanguage":"pt-BR","@id":"https:\/\/juacontecimentos.com.br\/site\/#\/schema\/person\/image\/","url":"https:\/\/secure.gravatar.com\/avatar\/5c16c6837c3490270a74d888c2a845728f06bdde1f8761de1de1d1d1ef82d12f?s=96&d=mm&r=g","contentUrl":"https:\/\/secure.gravatar.com\/avatar\/5c16c6837c3490270a74d888c2a845728f06bdde1f8761de1de1d1d1ef82d12f?s=96&d=mm&r=g","caption":"Reginaldo Ribeiro"}}]}},"_links":{"self":[{"href":"https:\/\/juacontecimentos.com.br\/site\/wp-json\/wp\/v2\/posts\/23865","targetHints":{"allow":["GET"]}}],"collection":[{"href":"https:\/\/juacontecimentos.com.br\/site\/wp-json\/wp\/v2\/posts"}],"about":[{"href":"https:\/\/juacontecimentos.com.br\/site\/wp-json\/wp\/v2\/types\/post"}],"author":[{"embeddable":true,"href":"https:\/\/juacontecimentos.com.br\/site\/wp-json\/wp\/v2\/users\/2"}],"replies":[{"embeddable":true,"href":"https:\/\/juacontecimentos.com.br\/site\/wp-json\/wp\/v2\/comments?post=23865"}],"version-history":[{"count":2,"href":"https:\/\/juacontecimentos.com.br\/site\/wp-json\/wp\/v2\/posts\/23865\/revisions"}],"predecessor-version":[{"id":23868,"href":"https:\/\/juacontecimentos.com.br\/site\/wp-json\/wp\/v2\/posts\/23865\/revisions\/23868"}],"wp:featuredmedia":[{"embeddable":true,"href":"https:\/\/juacontecimentos.com.br\/site\/wp-json\/wp\/v2\/media\/23866"}],"wp:attachment":[{"href":"https:\/\/juacontecimentos.com.br\/site\/wp-json\/wp\/v2\/media?parent=23865"}],"wp:term":[{"taxonomy":"category","embeddable":true,"href":"https:\/\/juacontecimentos.com.br\/site\/wp-json\/wp\/v2\/categories?post=23865"},{"taxonomy":"post_tag","embeddable":true,"href":"https:\/\/juacontecimentos.com.br\/site\/wp-json\/wp\/v2\/tags?post=23865"}],"curies":[{"name":"wp","href":"https:\/\/api.w.org\/{rel}","templated":true}]}}