{"id":23949,"date":"2023-01-20T14:14:36","date_gmt":"2023-01-20T17:14:36","guid":{"rendered":"https:\/\/juacontecimentos.com.br\/site\/?p=23949"},"modified":"2023-01-20T14:23:48","modified_gmt":"2023-01-20T17:23:48","slug":"edital-de-convocacao-eleicoes-sindicais-2023","status":"publish","type":"post","link":"https:\/\/juacontecimentos.com.br\/site\/edital-de-convocacao-eleicoes-sindicais-2023\/","title":{"rendered":"EDITAL DE CONVOCA\u00c7\u00c3O &#8211; ELEI\u00c7\u00d5ES SINDICAIS 2023"},"content":{"rendered":"<h2 style=\"text-align: center\">EDITAL DE CONVOCA\u00c7\u00c3O &#8211; ELEI\u00c7\u00d5ES SINDICAIS 2023<\/h2>\n<p>Pelo presente edital, fa\u00e7o saber que no dia <strong>30 de mar\u00e7o de 2023<\/strong>, no per\u00edodo de 08h00 \u00e0s 11h00\u00a0 e das 13h00 \u00e0s 17h00, ser\u00e1 realizada na sede deste sindicato, elei\u00e7\u00e3o para composi\u00e7\u00e3o da Diretoria, Conselho Fiscal e respectivos suplentes do <strong>SINDICATO DOS SERVIDORES P\u00daBLICOS MUNICIPAIS DE CORUMBA\u00cdBA &#8211; SINDICORUMBAIBA<\/strong>, situada na Rua Etenerval Rezende Oliveira, s\/n\u00b0, Setor Simon Bol\u00edvar, Corumba\u00edba\/GO Telefone: (64) 3447-1706, para qual ficam convocados todos os associados em pleno gozo de seus direitos sindicais \u00a0nos termos do Estatuto social. O prazo para registro de chapas \u00e9 de 30 (trinta) dias a contar de 20\/01\/2023 at\u00e9 20\/02\/2023, devendo o requerimento de registro a ser apresentado nos termos do Regulamento Eleitoral, acompanhado de todos os documentos exigidos, dirigido a Presidenta da Comiss\u00e3o Eleitoral. A secretaria eleitoral do sindicato funcionar\u00e1 neste per\u00edodo para o registro de chapas, no hor\u00e1rio das 08h00 \u00e0s 11h00 e das 13h00 \u00e0s 17h00, onde se encontrar\u00e1 \u00e0 disposi\u00e7\u00e3o dos interessados, pessoa habilitada para atendimento, presta\u00e7\u00e3o de informa\u00e7\u00f5es concernentes ao processo eleitoral, recebimento de documenta\u00e7\u00e3o e fornecimento do correspondente recibo. A impugna\u00e7\u00e3o de candidaturas dever\u00e1 ser feita no prazo de 05 (cinco) dias, a contar da publica\u00e7\u00e3o das chapas registradas.<\/p>\n<p>&nbsp;<\/p>\n<p style=\"text-align: center\">Corumba\u00edba-GO, 19 de janeiro de 2023.<\/p>\n<h6 style=\"text-align: center\"><strong>KATYWSSE APARECIDA GUIMARAES <img loading=\"lazy\" decoding=\"async\" class=\"alignnone size-large wp-image-23953\" src=\"https:\/\/juacontecimentos.com.br\/site\/wp-content\/uploads\/2023\/01\/Sem-t\u00edtulo-1-SINDICATO-CORUMBA\u00cdBA-2023-JPG-916x1024.jpg\" alt=\"\" width=\"900\" height=\"1006\" srcset=\"https:\/\/juacontecimentos.com.br\/site\/wp-content\/uploads\/2023\/01\/Sem-t\u00edtulo-1-SINDICATO-CORUMBA\u00cdBA-2023-JPG-916x1024.jpg 916w, https:\/\/juacontecimentos.com.br\/site\/wp-content\/uploads\/2023\/01\/Sem-t\u00edtulo-1-SINDICATO-CORUMBA\u00cdBA-2023-JPG-268x300.jpg 268w, https:\/\/juacontecimentos.com.br\/site\/wp-content\/uploads\/2023\/01\/Sem-t\u00edtulo-1-SINDICATO-CORUMBA\u00cdBA-2023-JPG-768x858.jpg 768w\" sizes=\"auto, (max-width: 900px) 100vw, 900px\" \/><\/strong><\/h6>\n<h6 style=\"text-align: center\"><\/h6>\n<p>&nbsp;<\/p>\n<p>&nbsp;<\/p>\n<p>&nbsp;<\/p>\n<p>&nbsp;<\/p>\n<p>&nbsp;<br \/>\n<\/p>\n","protected":false},"excerpt":{"rendered":"<p>EDITAL DE CONVOCA\u00c7\u00c3O &#8211; ELEI\u00c7\u00d5ES SINDICAIS 2023 Pelo presente edital, fa\u00e7o saber que no dia 30 de mar\u00e7o de 2023, no per\u00edodo de 08h00 \u00e0s 11h00\u00a0 e das 13h00 \u00e0s 17h00, ser\u00e1 realizada na sede deste sindicato, elei\u00e7\u00e3o para composi\u00e7\u00e3o da Diretoria, Conselho Fiscal e respectivos suplentes do SINDICATO DOS SERVIDORES P\u00daBLICOS MUNICIPAIS DE CORUMBA\u00cdBA<\/p>\n","protected":false},"author":2,"featured_media":23955,"comment_status":"open","ping_status":"open","sticky":false,"template":"","format":"standard","meta":{"footnotes":""},"categories":[27,22,26,23],"tags":[],"class_list":["post-23949","post","type-post","status-publish","format-standard","has-post-thumbnail","hentry","category-brasil","category-catalao","category-destaque","category-goias"],"yoast_head":"<!-- This site is optimized with the Yoast SEO plugin v25.8 - https:\/\/yoast.com\/wordpress\/plugins\/seo\/ -->\n<title>EDITAL DE CONVOCA\u00c7\u00c3O - ELEI\u00c7\u00d5ES SINDICAIS 2023 - Jornal Ultimos Acontecimentos<\/title>\n<meta name=\"robots\" content=\"index, follow, max-snippet:-1, max-image-preview:large, max-video-preview:-1\" \/>\n<link rel=\"canonical\" href=\"https:\/\/juacontecimentos.com.br\/site\/edital-de-convocacao-eleicoes-sindicais-2023\/\" \/>\n<meta property=\"og:locale\" content=\"pt_BR\" \/>\n<meta property=\"og:type\" content=\"article\" \/>\n<meta property=\"og:title\" content=\"EDITAL DE CONVOCA\u00c7\u00c3O - ELEI\u00c7\u00d5ES SINDICAIS 2023 - Jornal Ultimos Acontecimentos\" \/>\n<meta property=\"og:description\" content=\"EDITAL DE CONVOCA\u00c7\u00c3O &#8211; ELEI\u00c7\u00d5ES SINDICAIS 2023 Pelo presente edital, fa\u00e7o saber que no dia 30 de mar\u00e7o de 2023, no per\u00edodo de 08h00 \u00e0s 11h00\u00a0 e das 13h00 \u00e0s 17h00, ser\u00e1 realizada na sede deste sindicato, elei\u00e7\u00e3o para composi\u00e7\u00e3o da Diretoria, Conselho Fiscal e respectivos suplentes do SINDICATO DOS SERVIDORES P\u00daBLICOS MUNICIPAIS DE CORUMBA\u00cdBA\" \/>\n<meta property=\"og:url\" content=\"https:\/\/juacontecimentos.com.br\/site\/edital-de-convocacao-eleicoes-sindicais-2023\/\" \/>\n<meta property=\"og:site_name\" content=\"Jornal Ultimos Acontecimentos\" \/>\n<meta property=\"article:publisher\" content=\"https:\/\/www.facebook.com\/jultimosacontecimentos\/\" \/>\n<meta property=\"article:published_time\" content=\"2023-01-20T17:14:36+00:00\" \/>\n<meta property=\"article:modified_time\" content=\"2023-01-20T17:23:48+00:00\" \/>\n<meta property=\"og:image\" content=\"https:\/\/juacontecimentos.com.br\/site\/wp-content\/uploads\/2023\/01\/Sem-t\u00edtulo-1-JJJ.jpg\" \/>\n\t<meta property=\"og:image:width\" content=\"1904\" \/>\n\t<meta property=\"og:image:height\" content=\"1234\" \/>\n\t<meta property=\"og:image:type\" content=\"image\/jpeg\" \/>\n<meta name=\"author\" content=\"Reginaldo Ribeiro\" \/>\n<meta name=\"twitter:card\" content=\"summary_large_image\" \/>\n<meta name=\"twitter:label1\" content=\"Escrito por\" \/>\n\t<meta name=\"twitter:data1\" content=\"Reginaldo Ribeiro\" \/>\n\t<meta name=\"twitter:label2\" content=\"Est. tempo de leitura\" \/>\n\t<meta name=\"twitter:data2\" content=\"1 minuto\" \/>\n<script type=\"application\/ld+json\" class=\"yoast-schema-graph\">{\"@context\":\"https:\/\/schema.org\",\"@graph\":[{\"@type\":\"Article\",\"@id\":\"https:\/\/juacontecimentos.com.br\/site\/edital-de-convocacao-eleicoes-sindicais-2023\/#article\",\"isPartOf\":{\"@id\":\"https:\/\/juacontecimentos.com.br\/site\/edital-de-convocacao-eleicoes-sindicais-2023\/\"},\"author\":{\"name\":\"Reginaldo Ribeiro\",\"@id\":\"https:\/\/juacontecimentos.com.br\/site\/#\/schema\/person\/082a54e6d3fdd7a633291428521c9669\"},\"headline\":\"EDITAL DE CONVOCA\u00c7\u00c3O &#8211; ELEI\u00c7\u00d5ES SINDICAIS 2023\",\"datePublished\":\"2023-01-20T17:14:36+00:00\",\"dateModified\":\"2023-01-20T17:23:48+00:00\",\"mainEntityOfPage\":{\"@id\":\"https:\/\/juacontecimentos.com.br\/site\/edital-de-convocacao-eleicoes-sindicais-2023\/\"},\"wordCount\":236,\"commentCount\":0,\"publisher\":{\"@id\":\"https:\/\/juacontecimentos.com.br\/site\/#organization\"},\"image\":{\"@id\":\"https:\/\/juacontecimentos.com.br\/site\/edital-de-convocacao-eleicoes-sindicais-2023\/#primaryimage\"},\"thumbnailUrl\":\"https:\/\/juacontecimentos.com.br\/site\/wp-content\/uploads\/2023\/01\/Sem-t\u00edtulo-1-JJJ.jpg\",\"articleSection\":[\"Brasil\",\"Catal\u00e3o\",\"Destaque\",\"Goi\u00e1s\"],\"inLanguage\":\"pt-BR\"},{\"@type\":\"WebPage\",\"@id\":\"https:\/\/juacontecimentos.com.br\/site\/edital-de-convocacao-eleicoes-sindicais-2023\/\",\"url\":\"https:\/\/juacontecimentos.com.br\/site\/edital-de-convocacao-eleicoes-sindicais-2023\/\",\"name\":\"EDITAL DE CONVOCA\u00c7\u00c3O - ELEI\u00c7\u00d5ES SINDICAIS 2023 - Jornal Ultimos Acontecimentos\",\"isPartOf\":{\"@id\":\"https:\/\/juacontecimentos.com.br\/site\/#website\"},\"primaryImageOfPage\":{\"@id\":\"https:\/\/juacontecimentos.com.br\/site\/edital-de-convocacao-eleicoes-sindicais-2023\/#primaryimage\"},\"image\":{\"@id\":\"https:\/\/juacontecimentos.com.br\/site\/edital-de-convocacao-eleicoes-sindicais-2023\/#primaryimage\"},\"thumbnailUrl\":\"https:\/\/juacontecimentos.com.br\/site\/wp-content\/uploads\/2023\/01\/Sem-t\u00edtulo-1-JJJ.jpg\",\"datePublished\":\"2023-01-20T17:14:36+00:00\",\"dateModified\":\"2023-01-20T17:23:48+00:00\",\"breadcrumb\":{\"@id\":\"https:\/\/juacontecimentos.com.br\/site\/edital-de-convocacao-eleicoes-sindicais-2023\/#breadcrumb\"},\"inLanguage\":\"pt-BR\",\"potentialAction\":[{\"@type\":\"ReadAction\",\"target\":[\"https:\/\/juacontecimentos.com.br\/site\/edital-de-convocacao-eleicoes-sindicais-2023\/\"]}]},{\"@type\":\"ImageObject\",\"inLanguage\":\"pt-BR\",\"@id\":\"https:\/\/juacontecimentos.com.br\/site\/edital-de-convocacao-eleicoes-sindicais-2023\/#primaryimage\",\"url\":\"https:\/\/juacontecimentos.com.br\/site\/wp-content\/uploads\/2023\/01\/Sem-t\u00edtulo-1-JJJ.jpg\",\"contentUrl\":\"https:\/\/juacontecimentos.com.br\/site\/wp-content\/uploads\/2023\/01\/Sem-t\u00edtulo-1-JJJ.jpg\",\"width\":1904,\"height\":1234},{\"@type\":\"BreadcrumbList\",\"@id\":\"https:\/\/juacontecimentos.com.br\/site\/edital-de-convocacao-eleicoes-sindicais-2023\/#breadcrumb\",\"itemListElement\":[{\"@type\":\"ListItem\",\"position\":1,\"name\":\"In\u00edcio\",\"item\":\"https:\/\/juacontecimentos.com.br\/site\/\"},{\"@type\":\"ListItem\",\"position\":2,\"name\":\"EDITAL DE CONVOCA\u00c7\u00c3O &#8211; ELEI\u00c7\u00d5ES SINDICAIS 2023\"}]},{\"@type\":\"WebSite\",\"@id\":\"https:\/\/juacontecimentos.com.br\/site\/#website\",\"url\":\"https:\/\/juacontecimentos.com.br\/site\/\",\"name\":\"Jornal Ultimos Acontecimentos\",\"description\":\"Catal\u00e3o e regi\u00e3o\",\"publisher\":{\"@id\":\"https:\/\/juacontecimentos.com.br\/site\/#organization\"},\"potentialAction\":[{\"@type\":\"SearchAction\",\"target\":{\"@type\":\"EntryPoint\",\"urlTemplate\":\"https:\/\/juacontecimentos.com.br\/site\/?s={search_term_string}\"},\"query-input\":{\"@type\":\"PropertyValueSpecification\",\"valueRequired\":true,\"valueName\":\"search_term_string\"}}],\"inLanguage\":\"pt-BR\"},{\"@type\":\"Organization\",\"@id\":\"https:\/\/juacontecimentos.com.br\/site\/#organization\",\"name\":\"Jornal Ultimos Acontecimentos\",\"url\":\"https:\/\/juacontecimentos.com.br\/site\/\",\"logo\":{\"@type\":\"ImageObject\",\"inLanguage\":\"pt-BR\",\"@id\":\"https:\/\/juacontecimentos.com.br\/site\/#\/schema\/logo\/image\/\",\"url\":\"https:\/\/juacontecimentos.com.br\/site\/wp-content\/uploads\/2023\/04\/Logo_Site.png\",\"contentUrl\":\"https:\/\/juacontecimentos.com.br\/site\/wp-content\/uploads\/2023\/04\/Logo_Site.png\",\"width\":2476,\"height\":530,\"caption\":\"Jornal Ultimos Acontecimentos\"},\"image\":{\"@id\":\"https:\/\/juacontecimentos.com.br\/site\/#\/schema\/logo\/image\/\"},\"sameAs\":[\"https:\/\/www.facebook.com\/jultimosacontecimentos\/\"]},{\"@type\":\"Person\",\"@id\":\"https:\/\/juacontecimentos.com.br\/site\/#\/schema\/person\/082a54e6d3fdd7a633291428521c9669\",\"name\":\"Reginaldo Ribeiro\",\"image\":{\"@type\":\"ImageObject\",\"inLanguage\":\"pt-BR\",\"@id\":\"https:\/\/juacontecimentos.com.br\/site\/#\/schema\/person\/image\/\",\"url\":\"https:\/\/secure.gravatar.com\/avatar\/5c16c6837c3490270a74d888c2a845728f06bdde1f8761de1de1d1d1ef82d12f?s=96&d=mm&r=g\",\"contentUrl\":\"https:\/\/secure.gravatar.com\/avatar\/5c16c6837c3490270a74d888c2a845728f06bdde1f8761de1de1d1d1ef82d12f?s=96&d=mm&r=g\",\"caption\":\"Reginaldo Ribeiro\"}}]}<\/script>\n<!-- \/ Yoast SEO plugin. -->","yoast_head_json":{"title":"EDITAL DE CONVOCA\u00c7\u00c3O - ELEI\u00c7\u00d5ES SINDICAIS 2023 - Jornal Ultimos Acontecimentos","robots":{"index":"index","follow":"follow","max-snippet":"max-snippet:-1","max-image-preview":"max-image-preview:large","max-video-preview":"max-video-preview:-1"},"canonical":"https:\/\/juacontecimentos.com.br\/site\/edital-de-convocacao-eleicoes-sindicais-2023\/","og_locale":"pt_BR","og_type":"article","og_title":"EDITAL DE CONVOCA\u00c7\u00c3O - ELEI\u00c7\u00d5ES SINDICAIS 2023 - Jornal Ultimos Acontecimentos","og_description":"EDITAL DE CONVOCA\u00c7\u00c3O &#8211; ELEI\u00c7\u00d5ES SINDICAIS 2023 Pelo presente edital, fa\u00e7o saber que no dia 30 de mar\u00e7o de 2023, no per\u00edodo de 08h00 \u00e0s 11h00\u00a0 e das 13h00 \u00e0s 17h00, ser\u00e1 realizada na sede deste sindicato, elei\u00e7\u00e3o para composi\u00e7\u00e3o da Diretoria, Conselho Fiscal e respectivos suplentes do SINDICATO DOS SERVIDORES P\u00daBLICOS MUNICIPAIS DE CORUMBA\u00cdBA","og_url":"https:\/\/juacontecimentos.com.br\/site\/edital-de-convocacao-eleicoes-sindicais-2023\/","og_site_name":"Jornal Ultimos Acontecimentos","article_publisher":"https:\/\/www.facebook.com\/jultimosacontecimentos\/","article_published_time":"2023-01-20T17:14:36+00:00","article_modified_time":"2023-01-20T17:23:48+00:00","og_image":[{"width":1904,"height":1234,"url":"https:\/\/juacontecimentos.com.br\/site\/wp-content\/uploads\/2023\/01\/Sem-t\u00edtulo-1-JJJ.jpg","type":"image\/jpeg"}],"author":"Reginaldo Ribeiro","twitter_card":"summary_large_image","twitter_misc":{"Escrito por":"Reginaldo Ribeiro","Est. tempo de leitura":"1 minuto"},"schema":{"@context":"https:\/\/schema.org","@graph":[{"@type":"Article","@id":"https:\/\/juacontecimentos.com.br\/site\/edital-de-convocacao-eleicoes-sindicais-2023\/#article","isPartOf":{"@id":"https:\/\/juacontecimentos.com.br\/site\/edital-de-convocacao-eleicoes-sindicais-2023\/"},"author":{"name":"Reginaldo Ribeiro","@id":"https:\/\/juacontecimentos.com.br\/site\/#\/schema\/person\/082a54e6d3fdd7a633291428521c9669"},"headline":"EDITAL DE CONVOCA\u00c7\u00c3O &#8211; ELEI\u00c7\u00d5ES SINDICAIS 2023","datePublished":"2023-01-20T17:14:36+00:00","dateModified":"2023-01-20T17:23:48+00:00","mainEntityOfPage":{"@id":"https:\/\/juacontecimentos.com.br\/site\/edital-de-convocacao-eleicoes-sindicais-2023\/"},"wordCount":236,"commentCount":0,"publisher":{"@id":"https:\/\/juacontecimentos.com.br\/site\/#organization"},"image":{"@id":"https:\/\/juacontecimentos.com.br\/site\/edital-de-convocacao-eleicoes-sindicais-2023\/#primaryimage"},"thumbnailUrl":"https:\/\/juacontecimentos.com.br\/site\/wp-content\/uploads\/2023\/01\/Sem-t\u00edtulo-1-JJJ.jpg","articleSection":["Brasil","Catal\u00e3o","Destaque","Goi\u00e1s"],"inLanguage":"pt-BR"},{"@type":"WebPage","@id":"https:\/\/juacontecimentos.com.br\/site\/edital-de-convocacao-eleicoes-sindicais-2023\/","url":"https:\/\/juacontecimentos.com.br\/site\/edital-de-convocacao-eleicoes-sindicais-2023\/","name":"EDITAL DE CONVOCA\u00c7\u00c3O - ELEI\u00c7\u00d5ES SINDICAIS 2023 - Jornal Ultimos Acontecimentos","isPartOf":{"@id":"https:\/\/juacontecimentos.com.br\/site\/#website"},"primaryImageOfPage":{"@id":"https:\/\/juacontecimentos.com.br\/site\/edital-de-convocacao-eleicoes-sindicais-2023\/#primaryimage"},"image":{"@id":"https:\/\/juacontecimentos.com.br\/site\/edital-de-convocacao-eleicoes-sindicais-2023\/#primaryimage"},"thumbnailUrl":"https:\/\/juacontecimentos.com.br\/site\/wp-content\/uploads\/2023\/01\/Sem-t\u00edtulo-1-JJJ.jpg","datePublished":"2023-01-20T17:14:36+00:00","dateModified":"2023-01-20T17:23:48+00:00","breadcrumb":{"@id":"https:\/\/juacontecimentos.com.br\/site\/edital-de-convocacao-eleicoes-sindicais-2023\/#breadcrumb"},"inLanguage":"pt-BR","potentialAction":[{"@type":"ReadAction","target":["https:\/\/juacontecimentos.com.br\/site\/edital-de-convocacao-eleicoes-sindicais-2023\/"]}]},{"@type":"ImageObject","inLanguage":"pt-BR","@id":"https:\/\/juacontecimentos.com.br\/site\/edital-de-convocacao-eleicoes-sindicais-2023\/#primaryimage","url":"https:\/\/juacontecimentos.com.br\/site\/wp-content\/uploads\/2023\/01\/Sem-t\u00edtulo-1-JJJ.jpg","contentUrl":"https:\/\/juacontecimentos.com.br\/site\/wp-content\/uploads\/2023\/01\/Sem-t\u00edtulo-1-JJJ.jpg","width":1904,"height":1234},{"@type":"BreadcrumbList","@id":"https:\/\/juacontecimentos.com.br\/site\/edital-de-convocacao-eleicoes-sindicais-2023\/#breadcrumb","itemListElement":[{"@type":"ListItem","position":1,"name":"In\u00edcio","item":"https:\/\/juacontecimentos.com.br\/site\/"},{"@type":"ListItem","position":2,"name":"EDITAL DE CONVOCA\u00c7\u00c3O &#8211; ELEI\u00c7\u00d5ES SINDICAIS 2023"}]},{"@type":"WebSite","@id":"https:\/\/juacontecimentos.com.br\/site\/#website","url":"https:\/\/juacontecimentos.com.br\/site\/","name":"Jornal Ultimos Acontecimentos","description":"Catal\u00e3o e regi\u00e3o","publisher":{"@id":"https:\/\/juacontecimentos.com.br\/site\/#organization"},"potentialAction":[{"@type":"SearchAction","target":{"@type":"EntryPoint","urlTemplate":"https:\/\/juacontecimentos.com.br\/site\/?s={search_term_string}"},"query-input":{"@type":"PropertyValueSpecification","valueRequired":true,"valueName":"search_term_string"}}],"inLanguage":"pt-BR"},{"@type":"Organization","@id":"https:\/\/juacontecimentos.com.br\/site\/#organization","name":"Jornal Ultimos Acontecimentos","url":"https:\/\/juacontecimentos.com.br\/site\/","logo":{"@type":"ImageObject","inLanguage":"pt-BR","@id":"https:\/\/juacontecimentos.com.br\/site\/#\/schema\/logo\/image\/","url":"https:\/\/juacontecimentos.com.br\/site\/wp-content\/uploads\/2023\/04\/Logo_Site.png","contentUrl":"https:\/\/juacontecimentos.com.br\/site\/wp-content\/uploads\/2023\/04\/Logo_Site.png","width":2476,"height":530,"caption":"Jornal Ultimos Acontecimentos"},"image":{"@id":"https:\/\/juacontecimentos.com.br\/site\/#\/schema\/logo\/image\/"},"sameAs":["https:\/\/www.facebook.com\/jultimosacontecimentos\/"]},{"@type":"Person","@id":"https:\/\/juacontecimentos.com.br\/site\/#\/schema\/person\/082a54e6d3fdd7a633291428521c9669","name":"Reginaldo Ribeiro","image":{"@type":"ImageObject","inLanguage":"pt-BR","@id":"https:\/\/juacontecimentos.com.br\/site\/#\/schema\/person\/image\/","url":"https:\/\/secure.gravatar.com\/avatar\/5c16c6837c3490270a74d888c2a845728f06bdde1f8761de1de1d1d1ef82d12f?s=96&d=mm&r=g","contentUrl":"https:\/\/secure.gravatar.com\/avatar\/5c16c6837c3490270a74d888c2a845728f06bdde1f8761de1de1d1d1ef82d12f?s=96&d=mm&r=g","caption":"Reginaldo Ribeiro"}}]}},"_links":{"self":[{"href":"https:\/\/juacontecimentos.com.br\/site\/wp-json\/wp\/v2\/posts\/23949","targetHints":{"allow":["GET"]}}],"collection":[{"href":"https:\/\/juacontecimentos.com.br\/site\/wp-json\/wp\/v2\/posts"}],"about":[{"href":"https:\/\/juacontecimentos.com.br\/site\/wp-json\/wp\/v2\/types\/post"}],"author":[{"embeddable":true,"href":"https:\/\/juacontecimentos.com.br\/site\/wp-json\/wp\/v2\/users\/2"}],"replies":[{"embeddable":true,"href":"https:\/\/juacontecimentos.com.br\/site\/wp-json\/wp\/v2\/comments?post=23949"}],"version-history":[{"count":3,"href":"https:\/\/juacontecimentos.com.br\/site\/wp-json\/wp\/v2\/posts\/23949\/revisions"}],"predecessor-version":[{"id":23954,"href":"https:\/\/juacontecimentos.com.br\/site\/wp-json\/wp\/v2\/posts\/23949\/revisions\/23954"}],"wp:featuredmedia":[{"embeddable":true,"href":"https:\/\/juacontecimentos.com.br\/site\/wp-json\/wp\/v2\/media\/23955"}],"wp:attachment":[{"href":"https:\/\/juacontecimentos.com.br\/site\/wp-json\/wp\/v2\/media?parent=23949"}],"wp:term":[{"taxonomy":"category","embeddable":true,"href":"https:\/\/juacontecimentos.com.br\/site\/wp-json\/wp\/v2\/categories?post=23949"},{"taxonomy":"post_tag","embeddable":true,"href":"https:\/\/juacontecimentos.com.br\/site\/wp-json\/wp\/v2\/tags?post=23949"}],"curies":[{"name":"wp","href":"https:\/\/api.w.org\/{rel}","templated":true}]}}