{"id":24680,"date":"2023-03-06T11:41:52","date_gmt":"2023-03-06T14:41:52","guid":{"rendered":"https:\/\/juacontecimentos.com.br\/site\/?p=24680"},"modified":"2023-03-06T11:45:43","modified_gmt":"2023-03-06T14:45:43","slug":"jorge-kajuru-e-daniel-vilela-podem-disputar-prefeitura-de-goiania-em-2024","status":"publish","type":"post","link":"https:\/\/juacontecimentos.com.br\/site\/jorge-kajuru-e-daniel-vilela-podem-disputar-prefeitura-de-goiania-em-2024\/","title":{"rendered":"Jorge Kajuru e Daniel Vilela podem disputar a Prefeitura de Goi\u00e2nia em 2024?"},"content":{"rendered":"<h1 style=\"text-align: center\">Pesquisa sugere que os goianienses est\u00e3o \u00e0 procura de um gestor e s\u00e3o mencionados como tais Vanderlan Cardoso e Rog\u00e9rio Cruz<\/h1>\n<div id=\"attachment_24683\" style=\"width: 910px\" class=\"wp-caption alignnone\"><img loading=\"lazy\" decoding=\"async\" aria-describedby=\"caption-attachment-24683\" class=\"size-large wp-image-24683\" src=\"https:\/\/juacontecimentos.com.br\/site\/wp-content\/uploads\/2023\/03\/Kajuru-1024x502.jpg\" alt=\"\" width=\"900\" height=\"441\" srcset=\"https:\/\/juacontecimentos.com.br\/site\/wp-content\/uploads\/2023\/03\/Kajuru-1024x502.jpg 1024w, https:\/\/juacontecimentos.com.br\/site\/wp-content\/uploads\/2023\/03\/Kajuru-300x147.jpg 300w, https:\/\/juacontecimentos.com.br\/site\/wp-content\/uploads\/2023\/03\/Kajuru-768x376.jpg 768w, https:\/\/juacontecimentos.com.br\/site\/wp-content\/uploads\/2023\/03\/Kajuru.jpg 2036w\" sizes=\"auto, (max-width: 900px) 100vw, 900px\" \/><p id=\"caption-attachment-24683\" class=\"wp-caption-text\">Senador Jorge Kajuru (PSB) e vice-governador Daniel Vilela (MDB) | Fotos: Jefferson Rudy \/ Ag\u00eancia Senado e Divulga\u00e7\u00e3o<\/p><\/div>\n<p>Reda\u00e7\u00e3o \/ J. Op\u00e7\u00e3o<\/p>\n<p>Um ex-deputado relata que, ao examinar uma pesquisa sobre a disputa pela Prefeitura de Goi\u00e2nia, ficou intrigado com alguns fatos.<\/p>\n<p>O primeiro fato \u00e9 que ningu\u00e9m deslanchou. Fala-se que o prefeito de Goi\u00e2nia, Rog\u00e9rio Cruz, \u00e9 \u201cfraco\u201d e que pode ser derrotado na disputa eleitoral de outubro de 2024. Por\u00e9m, a pesquisa n\u00e3o sugere isto, sobretudo porque, dos pr\u00e9-candidatos apresentados, nenhum est\u00e1 deslanchando. Todos est\u00e3o embolados. A deputada federal Silvye Alves, do Uni\u00e3o Brasil, at\u00e9 aparece em primeiro lugar, por\u00e9m com a deputada federal Adriana Accorsi, do PT, o senador Vanderlan Cardoso, do PSD, o deputado federal Gustavo Gayer, do PL, e Rog\u00e9rio Cruz, do Republicanos, embolados. As diferen\u00e7as entre elas s\u00e3o m\u00ednimas.<\/p>\n<div class=\"wp-block-image\">\n<img loading=\"lazy\" decoding=\"async\" class=\"wp-image-470115 lazyloaded\" src=\"https:\/\/www.jornalopcao.com.br\/wp-content\/uploads\/2023\/03\/prefeito-rogerio-cruz-obras-do-brt-620x414.jpeg\" srcset=\"https:\/\/www.jornalopcao.com.br\/wp-content\/uploads\/2023\/03\/prefeito-rogerio-cruz-obras-do-brt-620x414.jpeg 620w, https:\/\/www.jornalopcao.com.br\/wp-content\/uploads\/2023\/03\/prefeito-rogerio-cruz-obras-do-brt-300x200.jpeg 300w, https:\/\/www.jornalopcao.com.br\/wp-content\/uploads\/2023\/03\/prefeito-rogerio-cruz-obras-do-brt-768x512.jpeg 768w, https:\/\/www.jornalopcao.com.br\/wp-content\/uploads\/2023\/03\/prefeito-rogerio-cruz-obras-do-brt.jpeg 799w\" alt=\"Prefeito quer inaugurar em junho a obra | Foto: Secom\" width=\"620\" height=\"414\" \/>Rog\u00e9rio Cruz: o prefeito de Goi\u00e2nia est\u00e1 no jogo para 2024 | Foto: Secom\n<\/div>\n<p>Segundo, a pesquisa indica que, de fato, os cinco t\u00eam potencial de voto. Terceiro, sugere que os eleitores est\u00e3o em busca de um \u201cadministrador\u201d \u2014 uma esp\u00e9cie de \u201cgerent\u00e3o\u201d que planeja e faz obras \u2014 e eles dizem que, dos nomes citados, h\u00e1 dois \u201cgestores\u201d, Vanderlan Cardoso e Rog\u00e9rio Cruz. Quarto, os eleitores n\u00e3o identificam Ana Paula Rezende com seu pai, Iris Rezende. Eles n\u00e3o conhecem a empres\u00e1ria. Por\u00e9m, se a associa\u00e7\u00e3o com o nome de Iris Rezende \u00e9 feita, os eleitores se interessam pelo nome da pol\u00edtica do MDB.<\/p>\n<div class=\"wp-block-image\">\n<img loading=\"lazy\" decoding=\"async\" class=\"wp-image-449516 lazyloaded\" src=\"https:\/\/www.jornalopcao.com.br\/wp-content\/uploads\/2022\/12\/Adriana-Accorsi-Foto-Fernando-Leite-10-620x413.jpeg\" srcset=\"https:\/\/www.jornalopcao.com.br\/wp-content\/uploads\/2022\/12\/Adriana-Accorsi-Foto-Fernando-Leite-10-620x413.jpeg 620w, https:\/\/www.jornalopcao.com.br\/wp-content\/uploads\/2022\/12\/Adriana-Accorsi-Foto-Fernando-Leite-10-300x200.jpeg 300w, https:\/\/www.jornalopcao.com.br\/wp-content\/uploads\/2022\/12\/Adriana-Accorsi-Foto-Fernando-Leite-10-768x512.jpeg 768w, https:\/\/www.jornalopcao.com.br\/wp-content\/uploads\/2022\/12\/Adriana-Accorsi-Foto-Fernando-Leite-10-1536x1024.jpeg 1536w, https:\/\/www.jornalopcao.com.br\/wp-content\/uploads\/2022\/12\/Adriana-Accorsi-Foto-Fernando-Leite-10-2048x1365.jpeg 2048w, https:\/\/www.jornalopcao.com.br\/wp-content\/uploads\/2022\/12\/Adriana-Accorsi-Foto-Fernando-Leite-10-940x627.jpeg 940w\" alt=\"\" width=\"620\" height=\"413\" \/>Adriana Accorsi: pol\u00edtica altamente competitiva em Goi\u00e2nia | Foto: Fernando Leite\/Jornal Op\u00e7\u00e3o\n<\/div>\n<p>Por\u00e9m, de acordo com o ex-deputado, h\u00e1 duas quest\u00f5es que chamam a aten\u00e7\u00e3o. Primeiro, o nome de Jorge Kajuru \u00e9 bem visto. Ele \u00e9 apontado como o senador que se preocupa com a sa\u00fade das pessoas, notadamente das mais pobres. Os eleitores mencionam que o pol\u00edtico do PSB atua no campo da \u201cprote\u00e7\u00e3o\u201d dos que t\u00eam diabetes e c\u00e2ncer. O senador aparece embolado com os demais pr\u00e9-candidatos, e \u00e0 frente de Elias Vaz, seu principal aliado pol\u00edtico, Ana Paula Rezende e Rom\u00e1rio Policarpo (que est\u00e1 se preparando para se filiar ao MDB).<\/p>\n<div class=\"wp-block-image\">\n<img loading=\"lazy\" decoding=\"async\" class=\"wp-image-470004 lazyloaded\" src=\"https:\/\/www.jornalopcao.com.br\/wp-content\/uploads\/2023\/03\/Ana-Paula-620x413.webp\" srcset=\"https:\/\/www.jornalopcao.com.br\/wp-content\/uploads\/2023\/03\/Ana-Paula-620x413.webp 620w, https:\/\/www.jornalopcao.com.br\/wp-content\/uploads\/2023\/03\/Ana-Paula-300x200.webp 300w, https:\/\/www.jornalopcao.com.br\/wp-content\/uploads\/2023\/03\/Ana-Paula-768x512.webp 768w, https:\/\/www.jornalopcao.com.br\/wp-content\/uploads\/2023\/03\/Ana-Paula.webp 800w\" alt=\"\" width=\"620\" height=\"413\" \/>Ana Paula Rezende: nome com potencial de crescimento | Foto: reprodu\u00e7\u00e3o\n<\/div>\n<p>Segundo, o vice-governador Daniel Vilela, na pesquisa estimulada, aparece como \u201cforte\u201d candidato a prefeito de Goi\u00e2nia. O presidente do MDB \u00e9 bem avaliado. Se n\u00e3o identificam Ana Paula Rezende com Iris Rezende, os eleitores conectam Daniel Vilela com seu pai, Maguito Vilela.<\/p>\n<p>Daniel Vilela tamb\u00e9m aparece embolado com os pr\u00e9-candidatos citados, \u00e0 frente de Ana Paula Rezende, Edward Madureira e Rog\u00e9rio Cruz. Ele est\u00e1 colado em Silvye Alves, Adriana Accorsi, Vanderlan Cardoso, Gustavo Gayer e Kajuru. A pesquisa semi-qualitativa n\u00e3o apurou isto, pois n\u00e3o era seu objetivo, mas \u00e9 poss\u00edvel que, citando Daniel Vilela, os eleitores estejam se lembrando de Maguito Vilela \u2014 que, eleito prefeito de Goi\u00e2nia, em 2020, morreu, em 2021, sem ter a chance de administrar a capital, um de seus sonhos pol\u00edticos.<\/p>\n<div class=\"wp-block-image\">\n<img loading=\"lazy\" decoding=\"async\" class=\"wp-image-429813 lazyloaded\" src=\"https:\/\/www.jornalopcao.com.br\/wp-content\/uploads\/2022\/09\/Silvye-edited-620x414.jpg\" srcset=\"https:\/\/www.jornalopcao.com.br\/wp-content\/uploads\/2022\/09\/Silvye-edited-620x414.jpg 620w, https:\/\/www.jornalopcao.com.br\/wp-content\/uploads\/2022\/09\/Silvye-edited-300x200.jpg 300w, https:\/\/www.jornalopcao.com.br\/wp-content\/uploads\/2022\/09\/Silvye-edited.jpg 640w\" alt=\"\" width=\"620\" height=\"414\" \/>Silvye Alves: sua consist\u00eancia eleitora na capital \u00e9 inquestion\u00e1vel | Foto: Divulga\u00e7\u00e3o\n<\/div>\n<p>Costuma-se sugerir que, a tantos meses das elei\u00e7\u00f5es \u2014 ser\u00e3o realizadas daqui a um ano e seis meses \u2014, os eleitores n\u00e3o est\u00e3o interessados na quest\u00e3o. O que a pesquisa mostra \u00e9 que, desde j\u00e1, eles est\u00e3o examinando os pr\u00e9-candidatos. E apontam que, mais do que renova\u00e7\u00e3o, est\u00e3o em busca de um \u201cadministrador\u201d.<\/p>\n<p>O que os eleitores mais apreciam? A maioria afirma que gosta de \u201ccidade limpa\u201d, \u201cescolas com aulas\u201d, \u201catendimento mais r\u00e1pido e eficiente na sa\u00fade\u201d, \u201cseguran\u00e7a nos bairros\u201d (a pesquisa indica satisfa\u00e7\u00e3o com a seguran\u00e7a p\u00fablica, sobretudo com a presen\u00e7a mais ostensiva da Pol\u00edcia Militar nas ruas, nos bairros). H\u00e1 reclama\u00e7\u00f5es sobre buracos no asfalto, mas tamb\u00e9m ressalvas de que \u201c\u00e9 assim mesmo, sobretudo em per\u00edodo chuvoso\u201d. O que n\u00e3o se perdoa, afian\u00e7am os pesquisados, \u00e9 sujeira frequente nas ruas, coleta de lixo deficiente.<\/p>\n<div class=\"wp-block-image\">\n<img loading=\"lazy\" decoding=\"async\" class=\"wp-image-427961 lazyloaded\" src=\"https:\/\/www.jornalopcao.com.br\/wp-content\/uploads\/2022\/09\/Jorge-Kajuru-senador-pelo-Podemos-Foto-Fernando-Leite-19-620x413.jpeg\" srcset=\"https:\/\/www.jornalopcao.com.br\/wp-content\/uploads\/2022\/09\/Jorge-Kajuru-senador-pelo-Podemos-Foto-Fernando-Leite-19-620x413.jpeg 620w, https:\/\/www.jornalopcao.com.br\/wp-content\/uploads\/2022\/09\/Jorge-Kajuru-senador-pelo-Podemos-Foto-Fernando-Leite-19-300x200.jpeg 300w, https:\/\/www.jornalopcao.com.br\/wp-content\/uploads\/2022\/09\/Jorge-Kajuru-senador-pelo-Podemos-Foto-Fernando-Leite-19-768x512.jpeg 768w, https:\/\/www.jornalopcao.com.br\/wp-content\/uploads\/2022\/09\/Jorge-Kajuru-senador-pelo-Podemos-Foto-Fernando-Leite-19-940x626.jpeg 940w, https:\/\/www.jornalopcao.com.br\/wp-content\/uploads\/2022\/09\/Jorge-Kajuru-senador-pelo-Podemos-Foto-Fernando-Leite-19.jpeg 1280w\" alt=\"\" width=\"620\" height=\"413\" \/>Jorge Kajuru: o senador \u00e9 o nome \u201cda\u201d sa\u00fade e \u201cda\u201d educa\u00e7\u00e3o | Foto: Fernando Leite\/Jornal Op\u00e7\u00e3o\n<\/div>\n<p>Quando se menciona o transporte coletivo, h\u00e1 um des\u00e2nimo geral: n\u00e3o se acredita que ir\u00e1 melhorar. Mas \u00e9 ruim e caro? A maioria postula que \u201cn\u00e3o\u201d, mas reclama, em rela\u00e7\u00e3o a algumas linhas, da \u201cdemora\u201d dos \u00f4nibus.<\/p>\n<div class=\"wp-block-image\">\n<img loading=\"lazy\" decoding=\"async\" class=\"wp-image-471078 lazyloaded\" src=\"https:\/\/www.jornalopcao.com.br\/wp-content\/uploads\/2023\/03\/Daniel-Vilela-Foto-de-Euler-de-Franca-Belem-1.jpeg\" srcset=\"https:\/\/www.jornalopcao.com.br\/wp-content\/uploads\/2023\/03\/Daniel-Vilela-Foto-de-Euler-de-Franca-Belem-1.jpeg 465w, https:\/\/www.jornalopcao.com.br\/wp-content\/uploads\/2023\/03\/Daniel-Vilela-Foto-de-Euler-de-Franca-Belem-1-300x400.jpeg 300w\" alt=\"\" width=\"465\" height=\"620\" \/>Daniel Vilela: o vice-governador estaria se resguardando para a disputa do governo de Goi\u00e1s em 2026 | Foto: Euler de Fran\u00e7a Bel\u00e9m\/Jornal Op\u00e7\u00e3o\n<\/div>\n<p>Quem contratou a pesquisa disse que, por enquanto, n\u00e3o quer divulgar os n\u00fameros. Porque est\u00e1 fazendo pesquisa para definir t\u00e1ticas e estrat\u00e9gias (e, claro, alian\u00e7as pol\u00edticas). A partir de setembro deste ano, far\u00e1 uma pesquisa a cada dois meses. E, a partir de mar\u00e7o de 2024, far\u00e1 uma pesquisa a cada m\u00eas. A\u00ed come\u00e7ar\u00e1 a divulg\u00e1-las.<\/p>\n<div class=\"wp-block-image\">\n<img loading=\"lazy\" decoding=\"async\" class=\"wp-image-402028 lazyloaded\" src=\"https:\/\/www.jornalopcao.com.br\/wp-content\/uploads\/2022\/05\/RomarioPolicarpo-9-1-1-620x350.webp\" srcset=\"https:\/\/www.jornalopcao.com.br\/wp-content\/uploads\/2022\/05\/RomarioPolicarpo-9-1-1.webp 620w, https:\/\/www.jornalopcao.com.br\/wp-content\/uploads\/2022\/05\/RomarioPolicarpo-9-1-1-300x169.webp 300w, https:\/\/www.jornalopcao.com.br\/wp-content\/uploads\/2022\/05\/RomarioPolicarpo-9-1-1-768x433.webp 768w, https:\/\/www.jornalopcao.com.br\/wp-content\/uploads\/2022\/05\/RomarioPolicarpo-9-1-1-1320x745.webp 1320w\" alt=\"\" width=\"620\" height=\"350\" \/>Rom\u00e1rio Policarpo, presidente da C\u00e2mara Municipal de Goi\u00e2nia | Foto: Fernando Leite\/Jornal Op\u00e7\u00e3o\n<\/div>\n<p>A fonte faz quest\u00e3o de alertar: \u201cO goianiense est\u00e1 \u00e0 procura de um gestor, e n\u00e3o de discursos bonitos e pomposos. A partir dos dados da pesquisa, fica-se com a impress\u00e3o de que, de um prefeito, o que se exige \u00e9 mesmo o \u2018arroz com feij\u00e3o\u2019, desde que seja bem-feito, e n\u00e3o projetos \u2018fant\u00e1sticos\u2019, como \u2018cidade inteligente\u2019\u201d. (<strong><em>E.F.B.<\/em><\/strong>)<br \/>\n<\/p>\n","protected":false},"excerpt":{"rendered":"<p>Pesquisa sugere que os goianienses est\u00e3o \u00e0 procura de um gestor e s\u00e3o mencionados como tais Vanderlan Cardoso e Rog\u00e9rio Cruz Reda\u00e7\u00e3o \/ J. Op\u00e7\u00e3o Um ex-deputado relata que, ao examinar uma pesquisa sobre a disputa pela Prefeitura de Goi\u00e2nia, ficou intrigado com alguns fatos. O primeiro fato \u00e9 que ningu\u00e9m deslanchou. Fala-se que o<\/p>\n","protected":false},"author":2,"featured_media":24683,"comment_status":"open","ping_status":"open","sticky":false,"template":"","format":"standard","meta":{"footnotes":""},"categories":[27,22,26,23],"tags":[],"class_list":["post-24680","post","type-post","status-publish","format-standard","has-post-thumbnail","hentry","category-brasil","category-catalao","category-destaque","category-goias"],"yoast_head":"<!-- This site is optimized with the Yoast SEO plugin v25.8 - https:\/\/yoast.com\/wordpress\/plugins\/seo\/ -->\n<title>Jorge Kajuru e Daniel Vilela podem disputar a Prefeitura de Goi\u00e2nia em 2024? - Jornal Ultimos Acontecimentos<\/title>\n<meta name=\"robots\" content=\"index, follow, max-snippet:-1, max-image-preview:large, max-video-preview:-1\" \/>\n<link rel=\"canonical\" href=\"https:\/\/juacontecimentos.com.br\/site\/jorge-kajuru-e-daniel-vilela-podem-disputar-prefeitura-de-goiania-em-2024\/\" \/>\n<meta property=\"og:locale\" content=\"pt_BR\" \/>\n<meta property=\"og:type\" content=\"article\" \/>\n<meta property=\"og:title\" content=\"Jorge Kajuru e Daniel Vilela podem disputar a Prefeitura de Goi\u00e2nia em 2024? - Jornal Ultimos Acontecimentos\" \/>\n<meta property=\"og:description\" content=\"Pesquisa sugere que os goianienses est\u00e3o \u00e0 procura de um gestor e s\u00e3o mencionados como tais Vanderlan Cardoso e Rog\u00e9rio Cruz Reda\u00e7\u00e3o \/ J. Op\u00e7\u00e3o Um ex-deputado relata que, ao examinar uma pesquisa sobre a disputa pela Prefeitura de Goi\u00e2nia, ficou intrigado com alguns fatos. O primeiro fato \u00e9 que ningu\u00e9m deslanchou. Fala-se que o\" \/>\n<meta property=\"og:url\" content=\"https:\/\/juacontecimentos.com.br\/site\/jorge-kajuru-e-daniel-vilela-podem-disputar-prefeitura-de-goiania-em-2024\/\" \/>\n<meta property=\"og:site_name\" content=\"Jornal Ultimos Acontecimentos\" \/>\n<meta property=\"article:publisher\" content=\"https:\/\/www.facebook.com\/jultimosacontecimentos\/\" \/>\n<meta property=\"article:published_time\" content=\"2023-03-06T14:41:52+00:00\" \/>\n<meta property=\"article:modified_time\" content=\"2023-03-06T14:45:43+00:00\" \/>\n<meta property=\"og:image\" content=\"https:\/\/juacontecimentos.com.br\/site\/wp-content\/uploads\/2023\/03\/Kajuru.jpg\" \/>\n\t<meta property=\"og:image:width\" content=\"2036\" \/>\n\t<meta property=\"og:image:height\" content=\"998\" \/>\n\t<meta property=\"og:image:type\" content=\"image\/jpeg\" \/>\n<meta name=\"author\" content=\"Reginaldo Ribeiro\" \/>\n<meta name=\"twitter:card\" content=\"summary_large_image\" \/>\n<meta name=\"twitter:label1\" content=\"Escrito por\" \/>\n\t<meta name=\"twitter:data1\" content=\"Reginaldo Ribeiro\" \/>\n\t<meta name=\"twitter:label2\" content=\"Est. tempo de leitura\" \/>\n\t<meta name=\"twitter:data2\" content=\"5 minutos\" \/>\n<script type=\"application\/ld+json\" class=\"yoast-schema-graph\">{\"@context\":\"https:\/\/schema.org\",\"@graph\":[{\"@type\":\"Article\",\"@id\":\"https:\/\/juacontecimentos.com.br\/site\/jorge-kajuru-e-daniel-vilela-podem-disputar-prefeitura-de-goiania-em-2024\/#article\",\"isPartOf\":{\"@id\":\"https:\/\/juacontecimentos.com.br\/site\/jorge-kajuru-e-daniel-vilela-podem-disputar-prefeitura-de-goiania-em-2024\/\"},\"author\":{\"name\":\"Reginaldo Ribeiro\",\"@id\":\"https:\/\/juacontecimentos.com.br\/site\/#\/schema\/person\/082a54e6d3fdd7a633291428521c9669\"},\"headline\":\"Jorge Kajuru e Daniel Vilela podem disputar a Prefeitura de Goi\u00e2nia em 2024?\",\"datePublished\":\"2023-03-06T14:41:52+00:00\",\"dateModified\":\"2023-03-06T14:45:43+00:00\",\"mainEntityOfPage\":{\"@id\":\"https:\/\/juacontecimentos.com.br\/site\/jorge-kajuru-e-daniel-vilela-podem-disputar-prefeitura-de-goiania-em-2024\/\"},\"wordCount\":955,\"commentCount\":0,\"publisher\":{\"@id\":\"https:\/\/juacontecimentos.com.br\/site\/#organization\"},\"image\":{\"@id\":\"https:\/\/juacontecimentos.com.br\/site\/jorge-kajuru-e-daniel-vilela-podem-disputar-prefeitura-de-goiania-em-2024\/#primaryimage\"},\"thumbnailUrl\":\"https:\/\/juacontecimentos.com.br\/site\/wp-content\/uploads\/2023\/03\/Kajuru.jpg\",\"articleSection\":[\"Brasil\",\"Catal\u00e3o\",\"Destaque\",\"Goi\u00e1s\"],\"inLanguage\":\"pt-BR\"},{\"@type\":\"WebPage\",\"@id\":\"https:\/\/juacontecimentos.com.br\/site\/jorge-kajuru-e-daniel-vilela-podem-disputar-prefeitura-de-goiania-em-2024\/\",\"url\":\"https:\/\/juacontecimentos.com.br\/site\/jorge-kajuru-e-daniel-vilela-podem-disputar-prefeitura-de-goiania-em-2024\/\",\"name\":\"Jorge Kajuru e Daniel Vilela podem disputar a Prefeitura de Goi\u00e2nia em 2024? - Jornal Ultimos Acontecimentos\",\"isPartOf\":{\"@id\":\"https:\/\/juacontecimentos.com.br\/site\/#website\"},\"primaryImageOfPage\":{\"@id\":\"https:\/\/juacontecimentos.com.br\/site\/jorge-kajuru-e-daniel-vilela-podem-disputar-prefeitura-de-goiania-em-2024\/#primaryimage\"},\"image\":{\"@id\":\"https:\/\/juacontecimentos.com.br\/site\/jorge-kajuru-e-daniel-vilela-podem-disputar-prefeitura-de-goiania-em-2024\/#primaryimage\"},\"thumbnailUrl\":\"https:\/\/juacontecimentos.com.br\/site\/wp-content\/uploads\/2023\/03\/Kajuru.jpg\",\"datePublished\":\"2023-03-06T14:41:52+00:00\",\"dateModified\":\"2023-03-06T14:45:43+00:00\",\"breadcrumb\":{\"@id\":\"https:\/\/juacontecimentos.com.br\/site\/jorge-kajuru-e-daniel-vilela-podem-disputar-prefeitura-de-goiania-em-2024\/#breadcrumb\"},\"inLanguage\":\"pt-BR\",\"potentialAction\":[{\"@type\":\"ReadAction\",\"target\":[\"https:\/\/juacontecimentos.com.br\/site\/jorge-kajuru-e-daniel-vilela-podem-disputar-prefeitura-de-goiania-em-2024\/\"]}]},{\"@type\":\"ImageObject\",\"inLanguage\":\"pt-BR\",\"@id\":\"https:\/\/juacontecimentos.com.br\/site\/jorge-kajuru-e-daniel-vilela-podem-disputar-prefeitura-de-goiania-em-2024\/#primaryimage\",\"url\":\"https:\/\/juacontecimentos.com.br\/site\/wp-content\/uploads\/2023\/03\/Kajuru.jpg\",\"contentUrl\":\"https:\/\/juacontecimentos.com.br\/site\/wp-content\/uploads\/2023\/03\/Kajuru.jpg\",\"width\":2036,\"height\":998,\"caption\":\"Senador Jorge Kajuru (PSB) e vice-governador Daniel Vilela (MDB) | Fotos: Jefferson Rudy \/ Ag\u00eancia Senado e Divulga\u00e7\u00e3o\"},{\"@type\":\"BreadcrumbList\",\"@id\":\"https:\/\/juacontecimentos.com.br\/site\/jorge-kajuru-e-daniel-vilela-podem-disputar-prefeitura-de-goiania-em-2024\/#breadcrumb\",\"itemListElement\":[{\"@type\":\"ListItem\",\"position\":1,\"name\":\"In\u00edcio\",\"item\":\"https:\/\/juacontecimentos.com.br\/site\/\"},{\"@type\":\"ListItem\",\"position\":2,\"name\":\"Jorge Kajuru e Daniel Vilela podem disputar a Prefeitura de Goi\u00e2nia em 2024?\"}]},{\"@type\":\"WebSite\",\"@id\":\"https:\/\/juacontecimentos.com.br\/site\/#website\",\"url\":\"https:\/\/juacontecimentos.com.br\/site\/\",\"name\":\"Jornal Ultimos Acontecimentos\",\"description\":\"Catal\u00e3o e regi\u00e3o\",\"publisher\":{\"@id\":\"https:\/\/juacontecimentos.com.br\/site\/#organization\"},\"potentialAction\":[{\"@type\":\"SearchAction\",\"target\":{\"@type\":\"EntryPoint\",\"urlTemplate\":\"https:\/\/juacontecimentos.com.br\/site\/?s={search_term_string}\"},\"query-input\":{\"@type\":\"PropertyValueSpecification\",\"valueRequired\":true,\"valueName\":\"search_term_string\"}}],\"inLanguage\":\"pt-BR\"},{\"@type\":\"Organization\",\"@id\":\"https:\/\/juacontecimentos.com.br\/site\/#organization\",\"name\":\"Jornal Ultimos Acontecimentos\",\"url\":\"https:\/\/juacontecimentos.com.br\/site\/\",\"logo\":{\"@type\":\"ImageObject\",\"inLanguage\":\"pt-BR\",\"@id\":\"https:\/\/juacontecimentos.com.br\/site\/#\/schema\/logo\/image\/\",\"url\":\"https:\/\/juacontecimentos.com.br\/site\/wp-content\/uploads\/2023\/04\/Logo_Site.png\",\"contentUrl\":\"https:\/\/juacontecimentos.com.br\/site\/wp-content\/uploads\/2023\/04\/Logo_Site.png\",\"width\":2476,\"height\":530,\"caption\":\"Jornal Ultimos Acontecimentos\"},\"image\":{\"@id\":\"https:\/\/juacontecimentos.com.br\/site\/#\/schema\/logo\/image\/\"},\"sameAs\":[\"https:\/\/www.facebook.com\/jultimosacontecimentos\/\"]},{\"@type\":\"Person\",\"@id\":\"https:\/\/juacontecimentos.com.br\/site\/#\/schema\/person\/082a54e6d3fdd7a633291428521c9669\",\"name\":\"Reginaldo Ribeiro\",\"image\":{\"@type\":\"ImageObject\",\"inLanguage\":\"pt-BR\",\"@id\":\"https:\/\/juacontecimentos.com.br\/site\/#\/schema\/person\/image\/\",\"url\":\"https:\/\/secure.gravatar.com\/avatar\/5c16c6837c3490270a74d888c2a845728f06bdde1f8761de1de1d1d1ef82d12f?s=96&d=mm&r=g\",\"contentUrl\":\"https:\/\/secure.gravatar.com\/avatar\/5c16c6837c3490270a74d888c2a845728f06bdde1f8761de1de1d1d1ef82d12f?s=96&d=mm&r=g\",\"caption\":\"Reginaldo Ribeiro\"}}]}<\/script>\n<!-- \/ Yoast SEO plugin. -->","yoast_head_json":{"title":"Jorge Kajuru e Daniel Vilela podem disputar a Prefeitura de Goi\u00e2nia em 2024? - Jornal Ultimos Acontecimentos","robots":{"index":"index","follow":"follow","max-snippet":"max-snippet:-1","max-image-preview":"max-image-preview:large","max-video-preview":"max-video-preview:-1"},"canonical":"https:\/\/juacontecimentos.com.br\/site\/jorge-kajuru-e-daniel-vilela-podem-disputar-prefeitura-de-goiania-em-2024\/","og_locale":"pt_BR","og_type":"article","og_title":"Jorge Kajuru e Daniel Vilela podem disputar a Prefeitura de Goi\u00e2nia em 2024? - Jornal Ultimos Acontecimentos","og_description":"Pesquisa sugere que os goianienses est\u00e3o \u00e0 procura de um gestor e s\u00e3o mencionados como tais Vanderlan Cardoso e Rog\u00e9rio Cruz Reda\u00e7\u00e3o \/ J. Op\u00e7\u00e3o Um ex-deputado relata que, ao examinar uma pesquisa sobre a disputa pela Prefeitura de Goi\u00e2nia, ficou intrigado com alguns fatos. O primeiro fato \u00e9 que ningu\u00e9m deslanchou. Fala-se que o","og_url":"https:\/\/juacontecimentos.com.br\/site\/jorge-kajuru-e-daniel-vilela-podem-disputar-prefeitura-de-goiania-em-2024\/","og_site_name":"Jornal Ultimos Acontecimentos","article_publisher":"https:\/\/www.facebook.com\/jultimosacontecimentos\/","article_published_time":"2023-03-06T14:41:52+00:00","article_modified_time":"2023-03-06T14:45:43+00:00","og_image":[{"width":2036,"height":998,"url":"https:\/\/juacontecimentos.com.br\/site\/wp-content\/uploads\/2023\/03\/Kajuru.jpg","type":"image\/jpeg"}],"author":"Reginaldo Ribeiro","twitter_card":"summary_large_image","twitter_misc":{"Escrito por":"Reginaldo Ribeiro","Est. tempo de leitura":"5 minutos"},"schema":{"@context":"https:\/\/schema.org","@graph":[{"@type":"Article","@id":"https:\/\/juacontecimentos.com.br\/site\/jorge-kajuru-e-daniel-vilela-podem-disputar-prefeitura-de-goiania-em-2024\/#article","isPartOf":{"@id":"https:\/\/juacontecimentos.com.br\/site\/jorge-kajuru-e-daniel-vilela-podem-disputar-prefeitura-de-goiania-em-2024\/"},"author":{"name":"Reginaldo Ribeiro","@id":"https:\/\/juacontecimentos.com.br\/site\/#\/schema\/person\/082a54e6d3fdd7a633291428521c9669"},"headline":"Jorge Kajuru e Daniel Vilela podem disputar a Prefeitura de Goi\u00e2nia em 2024?","datePublished":"2023-03-06T14:41:52+00:00","dateModified":"2023-03-06T14:45:43+00:00","mainEntityOfPage":{"@id":"https:\/\/juacontecimentos.com.br\/site\/jorge-kajuru-e-daniel-vilela-podem-disputar-prefeitura-de-goiania-em-2024\/"},"wordCount":955,"commentCount":0,"publisher":{"@id":"https:\/\/juacontecimentos.com.br\/site\/#organization"},"image":{"@id":"https:\/\/juacontecimentos.com.br\/site\/jorge-kajuru-e-daniel-vilela-podem-disputar-prefeitura-de-goiania-em-2024\/#primaryimage"},"thumbnailUrl":"https:\/\/juacontecimentos.com.br\/site\/wp-content\/uploads\/2023\/03\/Kajuru.jpg","articleSection":["Brasil","Catal\u00e3o","Destaque","Goi\u00e1s"],"inLanguage":"pt-BR"},{"@type":"WebPage","@id":"https:\/\/juacontecimentos.com.br\/site\/jorge-kajuru-e-daniel-vilela-podem-disputar-prefeitura-de-goiania-em-2024\/","url":"https:\/\/juacontecimentos.com.br\/site\/jorge-kajuru-e-daniel-vilela-podem-disputar-prefeitura-de-goiania-em-2024\/","name":"Jorge Kajuru e Daniel Vilela podem disputar a Prefeitura de Goi\u00e2nia em 2024? - Jornal Ultimos Acontecimentos","isPartOf":{"@id":"https:\/\/juacontecimentos.com.br\/site\/#website"},"primaryImageOfPage":{"@id":"https:\/\/juacontecimentos.com.br\/site\/jorge-kajuru-e-daniel-vilela-podem-disputar-prefeitura-de-goiania-em-2024\/#primaryimage"},"image":{"@id":"https:\/\/juacontecimentos.com.br\/site\/jorge-kajuru-e-daniel-vilela-podem-disputar-prefeitura-de-goiania-em-2024\/#primaryimage"},"thumbnailUrl":"https:\/\/juacontecimentos.com.br\/site\/wp-content\/uploads\/2023\/03\/Kajuru.jpg","datePublished":"2023-03-06T14:41:52+00:00","dateModified":"2023-03-06T14:45:43+00:00","breadcrumb":{"@id":"https:\/\/juacontecimentos.com.br\/site\/jorge-kajuru-e-daniel-vilela-podem-disputar-prefeitura-de-goiania-em-2024\/#breadcrumb"},"inLanguage":"pt-BR","potentialAction":[{"@type":"ReadAction","target":["https:\/\/juacontecimentos.com.br\/site\/jorge-kajuru-e-daniel-vilela-podem-disputar-prefeitura-de-goiania-em-2024\/"]}]},{"@type":"ImageObject","inLanguage":"pt-BR","@id":"https:\/\/juacontecimentos.com.br\/site\/jorge-kajuru-e-daniel-vilela-podem-disputar-prefeitura-de-goiania-em-2024\/#primaryimage","url":"https:\/\/juacontecimentos.com.br\/site\/wp-content\/uploads\/2023\/03\/Kajuru.jpg","contentUrl":"https:\/\/juacontecimentos.com.br\/site\/wp-content\/uploads\/2023\/03\/Kajuru.jpg","width":2036,"height":998,"caption":"Senador Jorge Kajuru (PSB) e vice-governador Daniel Vilela (MDB) | Fotos: Jefferson Rudy \/ Ag\u00eancia Senado e Divulga\u00e7\u00e3o"},{"@type":"BreadcrumbList","@id":"https:\/\/juacontecimentos.com.br\/site\/jorge-kajuru-e-daniel-vilela-podem-disputar-prefeitura-de-goiania-em-2024\/#breadcrumb","itemListElement":[{"@type":"ListItem","position":1,"name":"In\u00edcio","item":"https:\/\/juacontecimentos.com.br\/site\/"},{"@type":"ListItem","position":2,"name":"Jorge Kajuru e Daniel Vilela podem disputar a Prefeitura de Goi\u00e2nia em 2024?"}]},{"@type":"WebSite","@id":"https:\/\/juacontecimentos.com.br\/site\/#website","url":"https:\/\/juacontecimentos.com.br\/site\/","name":"Jornal Ultimos Acontecimentos","description":"Catal\u00e3o e regi\u00e3o","publisher":{"@id":"https:\/\/juacontecimentos.com.br\/site\/#organization"},"potentialAction":[{"@type":"SearchAction","target":{"@type":"EntryPoint","urlTemplate":"https:\/\/juacontecimentos.com.br\/site\/?s={search_term_string}"},"query-input":{"@type":"PropertyValueSpecification","valueRequired":true,"valueName":"search_term_string"}}],"inLanguage":"pt-BR"},{"@type":"Organization","@id":"https:\/\/juacontecimentos.com.br\/site\/#organization","name":"Jornal Ultimos Acontecimentos","url":"https:\/\/juacontecimentos.com.br\/site\/","logo":{"@type":"ImageObject","inLanguage":"pt-BR","@id":"https:\/\/juacontecimentos.com.br\/site\/#\/schema\/logo\/image\/","url":"https:\/\/juacontecimentos.com.br\/site\/wp-content\/uploads\/2023\/04\/Logo_Site.png","contentUrl":"https:\/\/juacontecimentos.com.br\/site\/wp-content\/uploads\/2023\/04\/Logo_Site.png","width":2476,"height":530,"caption":"Jornal Ultimos Acontecimentos"},"image":{"@id":"https:\/\/juacontecimentos.com.br\/site\/#\/schema\/logo\/image\/"},"sameAs":["https:\/\/www.facebook.com\/jultimosacontecimentos\/"]},{"@type":"Person","@id":"https:\/\/juacontecimentos.com.br\/site\/#\/schema\/person\/082a54e6d3fdd7a633291428521c9669","name":"Reginaldo Ribeiro","image":{"@type":"ImageObject","inLanguage":"pt-BR","@id":"https:\/\/juacontecimentos.com.br\/site\/#\/schema\/person\/image\/","url":"https:\/\/secure.gravatar.com\/avatar\/5c16c6837c3490270a74d888c2a845728f06bdde1f8761de1de1d1d1ef82d12f?s=96&d=mm&r=g","contentUrl":"https:\/\/secure.gravatar.com\/avatar\/5c16c6837c3490270a74d888c2a845728f06bdde1f8761de1de1d1d1ef82d12f?s=96&d=mm&r=g","caption":"Reginaldo Ribeiro"}}]}},"_links":{"self":[{"href":"https:\/\/juacontecimentos.com.br\/site\/wp-json\/wp\/v2\/posts\/24680","targetHints":{"allow":["GET"]}}],"collection":[{"href":"https:\/\/juacontecimentos.com.br\/site\/wp-json\/wp\/v2\/posts"}],"about":[{"href":"https:\/\/juacontecimentos.com.br\/site\/wp-json\/wp\/v2\/types\/post"}],"author":[{"embeddable":true,"href":"https:\/\/juacontecimentos.com.br\/site\/wp-json\/wp\/v2\/users\/2"}],"replies":[{"embeddable":true,"href":"https:\/\/juacontecimentos.com.br\/site\/wp-json\/wp\/v2\/comments?post=24680"}],"version-history":[{"count":5,"href":"https:\/\/juacontecimentos.com.br\/site\/wp-json\/wp\/v2\/posts\/24680\/revisions"}],"predecessor-version":[{"id":24686,"href":"https:\/\/juacontecimentos.com.br\/site\/wp-json\/wp\/v2\/posts\/24680\/revisions\/24686"}],"wp:featuredmedia":[{"embeddable":true,"href":"https:\/\/juacontecimentos.com.br\/site\/wp-json\/wp\/v2\/media\/24683"}],"wp:attachment":[{"href":"https:\/\/juacontecimentos.com.br\/site\/wp-json\/wp\/v2\/media?parent=24680"}],"wp:term":[{"taxonomy":"category","embeddable":true,"href":"https:\/\/juacontecimentos.com.br\/site\/wp-json\/wp\/v2\/categories?post=24680"},{"taxonomy":"post_tag","embeddable":true,"href":"https:\/\/juacontecimentos.com.br\/site\/wp-json\/wp\/v2\/tags?post=24680"}],"curies":[{"name":"wp","href":"https:\/\/api.w.org\/{rel}","templated":true}]}}