{"id":25150,"date":"2023-03-30T10:25:41","date_gmt":"2023-03-30T13:25:41","guid":{"rendered":"https:\/\/juacontecimentos.com.br\/site\/?p=25150"},"modified":"2023-03-30T10:33:56","modified_gmt":"2023-03-30T13:33:56","slug":"prefeitura-de-ouvidor-investe-mais-de-r-887-mil-na-construcao-da-sede-do-conselho-tutelar","status":"publish","type":"post","link":"https:\/\/juacontecimentos.com.br\/site\/prefeitura-de-ouvidor-investe-mais-de-r-887-mil-na-construcao-da-sede-do-conselho-tutelar\/","title":{"rendered":"Prefeitura de Ouvidor investe mais de R$ 887 mil na constru\u00e7\u00e3o da sede do Conselho Tutelar"},"content":{"rendered":"<p><img decoding=\"async\" src=\"https:\/\/scontent.fudi3-1.fna.fbcdn.net\/v\/t39.30808-6\/337498588_1751773828554225_49734431664841071_n.jpg?_nc_cat=106&amp;ccb=1-7&amp;_nc_sid=730e14&amp;_nc_eui2=AeFHuwazV9SoILxGkT4zHg41HPhLEHA92msc-EsQcD3aa8jozmFZOIlhhoymTf8GEEaOs9tjEL8K3wPKmz3WLeEc&amp;_nc_ohc=G6emcEVqO2EAX8D-zmq&amp;_nc_ht=scontent.fudi3-1.fna&amp;oh=00_AfD6p6OB6_UvLcaR1HK71CNbUvzt_fqLfQ9B-pZ3ivNENQ&amp;oe=642A4841\" alt=\"Pode ser uma imagem de 9 pessoas, pessoas em p\u00e9 e ao ar livre\" \/><\/p>\n<div class=\"x11i5rnm xat24cr x1mh8g0r x1vvkbs xtlvy1s x126k92a\">\n<div>Nesta ter\u00e7a-feira (28), o prefeito Cebinha Nascimento, acompanhando pelo vice-prefeito Nelci C\u00e2ndido, vereador Cleiton Mendes, secret\u00e1rio de administra\u00e7\u00e3o Almeida, o respons\u00e1vel pelo projeto, Omar Cardoso Filho, e os conselheiros da atual gest\u00e3o, Ant\u00f4nio Alvin Rosa, Lara Borges e Michelly C\u00e1ssia dos Santos, visitaram a constru\u00e7\u00e3o da nova sede do Conselho Tutelar de Ouvidor, que segue em ritmo acelerado para ser entregue em breve para a popula\u00e7\u00e3o.<\/div>\n<div><\/div>\n<div><img decoding=\"async\" src=\"https:\/\/scontent.fudi3-1.fna.fbcdn.net\/v\/t39.30808-6\/330298531_691923372732464_2094281638096872938_n.jpg?_nc_cat=103&amp;ccb=1-7&amp;_nc_sid=730e14&amp;_nc_eui2=AeGz1u-aplk9mQ-s3qYyqDSsv8eLT-H5SfO_x4tP4flJ81AOrULVkt8akdWVhqb2EQhMwzr3SFhmBm1EFisPwpSu&amp;_nc_ohc=512DSLemPkQAX_2sCDW&amp;_nc_ht=scontent.fudi3-1.fna&amp;oh=00_AfBrouAWKqwLQI3dbk6w8UJLxydQpABhYiViALeF4WAcsg&amp;oe=642B3EE6\" alt=\"Pode ser uma imagem de 4 pessoas e ao ar livre\" \/><\/div>\n<\/div>\n<div class=\"x11i5rnm xat24cr x1mh8g0r x1vvkbs xtlvy1s x126k92a\">\n<div><\/div>\n<div>A nova sede contar\u00e1 com ampla recep\u00e7\u00e3o, diversas salas de atendimento, salas para reuni\u00f5es e outros espa\u00e7os de uso comum, al\u00e9m de instala\u00e7\u00f5es modernas, oferecendo atendimento otimizado e um ambiente mais acolhedor e eficiente.<\/div>\n<div><\/div>\n<\/div>\n<div class=\"x11i5rnm xat24cr x1mh8g0r x1vvkbs xtlvy1s x126k92a\">\n<div>Durante a visita, o prefeito Cebinha destacou a import\u00e2ncia do investimento, ressaltando que a gest\u00e3o municipal tem trabalhado incansavelmente para garantir a prote\u00e7\u00e3o dos direitos da crian\u00e7a e do adolescente no munic\u00edpio, buscando oferecer cada vez mais, uma Educa\u00e7\u00e3o de qualidade, al\u00e9m de programas e projetos socioeducativos, esportivos e culturais.<\/div>\n<div><\/div>\n<\/div>\n<div><img decoding=\"async\" src=\"https:\/\/scontent.fudi3-1.fna.fbcdn.net\/v\/t39.30808-6\/338200219_516259530498565_7361284086903315754_n.jpg?_nc_cat=103&amp;ccb=1-7&amp;_nc_sid=730e14&amp;_nc_eui2=AeEys7F5GequwnEIfepBRIqXf__pgLvor5h__-mAu-ivmL5sN0vCNJV-ykuHU6zZtw3HSYE74gD1-Blvob5Ob0ut&amp;_nc_ohc=mIWQCHFyKIsAX-vpz2C&amp;_nc_ht=scontent.fudi3-1.fna&amp;oh=00_AfA_yNljfUdGcK6LAfLBnVk08YPHYwy8ly0TazBbIU_W-A&amp;oe=642A9EA2\" alt=\"Pode ser uma imagem de 8 pessoas, pessoas em p\u00e9 e \u00e1rea interna\" \/><\/div>\n<div class=\"x11i5rnm xat24cr x1mh8g0r x1vvkbs xtlvy1s x126k92a\">\n<div>O vice-prefeito Nelci C\u00e2ndido tamb\u00e9m enfatizou a relev\u00e2ncia do projeto, destacando que a obra do Conselho Tutelar \u00e9 um investimento em prol do futuro das crian\u00e7as e adolescentes de Ouvidor.<\/div>\n<div><\/div>\n<\/div>\n<div class=\"x11i5rnm xat24cr x1mh8g0r x1vvkbs xtlvy1s x126k92a\">\n<div>O respons\u00e1vel pelo projeto, Omar Cardoso Filho, explicou que a obra est\u00e1 seguindo rigorosamente as normas e padr\u00f5es exigidos, garantindo a seguran\u00e7a e qualidade das instala\u00e7\u00f5es.<\/div>\n<div><\/div>\n<\/div>\n<div><img decoding=\"async\" src=\"https:\/\/scontent.fudi3-1.fna.fbcdn.net\/v\/t39.30808-6\/337843810_770597054271331_557710506660608870_n.jpg?_nc_cat=107&amp;ccb=1-7&amp;_nc_sid=730e14&amp;_nc_eui2=AeHUqyJ2gXmYFka2RF63ob4yumECGYWMKae6YQIZhYwpp6pVBJrNSuPxB4BTQT7Gv0aennm9e3YP0oAOgzU2vo1A&amp;_nc_ohc=DvxfswrmqiYAX8EGVxP&amp;_nc_ht=scontent.fudi3-1.fna&amp;oh=00_AfBGO_8zF6x5vjYWa20jF5iiYQD6hqAV0bkusniesRG7iQ&amp;oe=642A6685\" alt=\"Pode ser uma imagem de 4 pessoas, pessoas em p\u00e9 e \u00e1rea interna\" \/><\/div>\n<div class=\"x11i5rnm xat24cr x1mh8g0r x1vvkbs xtlvy1s x126k92a\">\n<div><\/div>\n<div>Os conselheiros da atual gest\u00e3o, Ant\u00f4nio Alvin, Lara Borges e Michelly C\u00e1ssia, tamb\u00e9m participaram da visita e ressaltaram a import\u00e2ncia do Conselho Tutelar para o munic\u00edpio, afirmando que a nova estrutura ir\u00e1 proporcionar melhores condi\u00e7\u00f5es de trabalho e atendimento \u00e0s demandas da popula\u00e7\u00e3o.<\/div>\n<div><\/div>\n<div><img decoding=\"async\" src=\"https:\/\/scontent.fudi3-1.fna.fbcdn.net\/v\/t39.30808-6\/337527245_1848294628904360_3089801257500828484_n.jpg?_nc_cat=104&amp;ccb=1-7&amp;_nc_sid=730e14&amp;_nc_eui2=AeGYVbfwQN4w7lg-ArBO-9D55A9q2f22RV7kD2rZ_bZFXsibOIRVX5vWilZqDZkVw6dRQRL3GvyRsCfCeGqxz0W3&amp;_nc_ohc=vi9H1LBkKj4AX-biP1o&amp;_nc_ht=scontent.fudi3-1.fna&amp;oh=00_AfBl7i6KK_KSnkZqVns21Lq1pSVhmo7BSeda09QA2xHIEw&amp;oe=642AEFC2\" alt=\"Pode ser uma imagem de 6 pessoas, pessoas em p\u00e9 e ao ar livre\" \/><\/div>\n<div>Fonte: Texto e Fotos Ascom \/ Pref. Ouvidor<\/div>\n<\/div>\n<p><\/p>\n","protected":false},"excerpt":{"rendered":"<p>Nesta ter\u00e7a-feira (28), o prefeito Cebinha Nascimento, acompanhando pelo vice-prefeito Nelci C\u00e2ndido, vereador Cleiton Mendes, secret\u00e1rio de administra\u00e7\u00e3o Almeida, o respons\u00e1vel pelo projeto, Omar Cardoso Filho, e os conselheiros da atual gest\u00e3o, Ant\u00f4nio Alvin Rosa, Lara Borges e Michelly C\u00e1ssia dos Santos, visitaram a constru\u00e7\u00e3o da nova sede do Conselho Tutelar de Ouvidor, que segue<\/p>\n","protected":false},"author":2,"featured_media":25153,"comment_status":"open","ping_status":"open","sticky":false,"template":"","format":"standard","meta":{"footnotes":""},"categories":[27,22,26,23],"tags":[],"class_list":["post-25150","post","type-post","status-publish","format-standard","has-post-thumbnail","hentry","category-brasil","category-catalao","category-destaque","category-goias"],"yoast_head":"<!-- This site is optimized with the Yoast SEO plugin v25.8 - https:\/\/yoast.com\/wordpress\/plugins\/seo\/ -->\n<title>Prefeitura de Ouvidor investe mais de R$ 887 mil na constru\u00e7\u00e3o da sede do Conselho Tutelar - Jornal Ultimos Acontecimentos<\/title>\n<meta name=\"robots\" content=\"index, follow, max-snippet:-1, max-image-preview:large, max-video-preview:-1\" \/>\n<link rel=\"canonical\" href=\"https:\/\/juacontecimentos.com.br\/site\/prefeitura-de-ouvidor-investe-mais-de-r-887-mil-na-construcao-da-sede-do-conselho-tutelar\/\" \/>\n<meta property=\"og:locale\" content=\"pt_BR\" \/>\n<meta property=\"og:type\" content=\"article\" \/>\n<meta property=\"og:title\" content=\"Prefeitura de Ouvidor investe mais de R$ 887 mil na constru\u00e7\u00e3o da sede do Conselho Tutelar - Jornal Ultimos Acontecimentos\" \/>\n<meta property=\"og:description\" content=\"Nesta ter\u00e7a-feira (28), o prefeito Cebinha Nascimento, acompanhando pelo vice-prefeito Nelci C\u00e2ndido, vereador Cleiton Mendes, secret\u00e1rio de administra\u00e7\u00e3o Almeida, o respons\u00e1vel pelo projeto, Omar Cardoso Filho, e os conselheiros da atual gest\u00e3o, Ant\u00f4nio Alvin Rosa, Lara Borges e Michelly C\u00e1ssia dos Santos, visitaram a constru\u00e7\u00e3o da nova sede do Conselho Tutelar de Ouvidor, que segue\" \/>\n<meta property=\"og:url\" content=\"https:\/\/juacontecimentos.com.br\/site\/prefeitura-de-ouvidor-investe-mais-de-r-887-mil-na-construcao-da-sede-do-conselho-tutelar\/\" \/>\n<meta property=\"og:site_name\" content=\"Jornal Ultimos Acontecimentos\" \/>\n<meta property=\"article:publisher\" content=\"https:\/\/www.facebook.com\/jultimosacontecimentos\/\" \/>\n<meta property=\"article:published_time\" content=\"2023-03-30T13:25:41+00:00\" \/>\n<meta property=\"article:modified_time\" content=\"2023-03-30T13:33:56+00:00\" \/>\n<meta property=\"og:image\" content=\"https:\/\/juacontecimentos.com.br\/site\/wp-content\/uploads\/2023\/03\/ssssssssss.jpg\" \/>\n\t<meta property=\"og:image:width\" content=\"2026\" \/>\n\t<meta property=\"og:image:height\" content=\"922\" \/>\n\t<meta property=\"og:image:type\" content=\"image\/jpeg\" \/>\n<meta name=\"author\" content=\"Reginaldo Ribeiro\" \/>\n<meta name=\"twitter:card\" content=\"summary_large_image\" \/>\n<meta name=\"twitter:label1\" content=\"Escrito por\" \/>\n\t<meta name=\"twitter:data1\" content=\"Reginaldo Ribeiro\" \/>\n\t<meta name=\"twitter:label2\" content=\"Est. tempo de leitura\" \/>\n\t<meta name=\"twitter:data2\" content=\"1 minuto\" \/>\n<script type=\"application\/ld+json\" class=\"yoast-schema-graph\">{\"@context\":\"https:\/\/schema.org\",\"@graph\":[{\"@type\":\"Article\",\"@id\":\"https:\/\/juacontecimentos.com.br\/site\/prefeitura-de-ouvidor-investe-mais-de-r-887-mil-na-construcao-da-sede-do-conselho-tutelar\/#article\",\"isPartOf\":{\"@id\":\"https:\/\/juacontecimentos.com.br\/site\/prefeitura-de-ouvidor-investe-mais-de-r-887-mil-na-construcao-da-sede-do-conselho-tutelar\/\"},\"author\":{\"name\":\"Reginaldo Ribeiro\",\"@id\":\"https:\/\/juacontecimentos.com.br\/site\/#\/schema\/person\/082a54e6d3fdd7a633291428521c9669\"},\"headline\":\"Prefeitura de Ouvidor investe mais de R$ 887 mil na constru\u00e7\u00e3o da sede do Conselho Tutelar\",\"datePublished\":\"2023-03-30T13:25:41+00:00\",\"dateModified\":\"2023-03-30T13:33:56+00:00\",\"mainEntityOfPage\":{\"@id\":\"https:\/\/juacontecimentos.com.br\/site\/prefeitura-de-ouvidor-investe-mais-de-r-887-mil-na-construcao-da-sede-do-conselho-tutelar\/\"},\"wordCount\":308,\"commentCount\":0,\"publisher\":{\"@id\":\"https:\/\/juacontecimentos.com.br\/site\/#organization\"},\"image\":{\"@id\":\"https:\/\/juacontecimentos.com.br\/site\/prefeitura-de-ouvidor-investe-mais-de-r-887-mil-na-construcao-da-sede-do-conselho-tutelar\/#primaryimage\"},\"thumbnailUrl\":\"https:\/\/juacontecimentos.com.br\/site\/wp-content\/uploads\/2023\/03\/ssssssssss.jpg\",\"articleSection\":[\"Brasil\",\"Catal\u00e3o\",\"Destaque\",\"Goi\u00e1s\"],\"inLanguage\":\"pt-BR\"},{\"@type\":\"WebPage\",\"@id\":\"https:\/\/juacontecimentos.com.br\/site\/prefeitura-de-ouvidor-investe-mais-de-r-887-mil-na-construcao-da-sede-do-conselho-tutelar\/\",\"url\":\"https:\/\/juacontecimentos.com.br\/site\/prefeitura-de-ouvidor-investe-mais-de-r-887-mil-na-construcao-da-sede-do-conselho-tutelar\/\",\"name\":\"Prefeitura de Ouvidor investe mais de R$ 887 mil na constru\u00e7\u00e3o da sede do Conselho Tutelar - Jornal Ultimos Acontecimentos\",\"isPartOf\":{\"@id\":\"https:\/\/juacontecimentos.com.br\/site\/#website\"},\"primaryImageOfPage\":{\"@id\":\"https:\/\/juacontecimentos.com.br\/site\/prefeitura-de-ouvidor-investe-mais-de-r-887-mil-na-construcao-da-sede-do-conselho-tutelar\/#primaryimage\"},\"image\":{\"@id\":\"https:\/\/juacontecimentos.com.br\/site\/prefeitura-de-ouvidor-investe-mais-de-r-887-mil-na-construcao-da-sede-do-conselho-tutelar\/#primaryimage\"},\"thumbnailUrl\":\"https:\/\/juacontecimentos.com.br\/site\/wp-content\/uploads\/2023\/03\/ssssssssss.jpg\",\"datePublished\":\"2023-03-30T13:25:41+00:00\",\"dateModified\":\"2023-03-30T13:33:56+00:00\",\"breadcrumb\":{\"@id\":\"https:\/\/juacontecimentos.com.br\/site\/prefeitura-de-ouvidor-investe-mais-de-r-887-mil-na-construcao-da-sede-do-conselho-tutelar\/#breadcrumb\"},\"inLanguage\":\"pt-BR\",\"potentialAction\":[{\"@type\":\"ReadAction\",\"target\":[\"https:\/\/juacontecimentos.com.br\/site\/prefeitura-de-ouvidor-investe-mais-de-r-887-mil-na-construcao-da-sede-do-conselho-tutelar\/\"]}]},{\"@type\":\"ImageObject\",\"inLanguage\":\"pt-BR\",\"@id\":\"https:\/\/juacontecimentos.com.br\/site\/prefeitura-de-ouvidor-investe-mais-de-r-887-mil-na-construcao-da-sede-do-conselho-tutelar\/#primaryimage\",\"url\":\"https:\/\/juacontecimentos.com.br\/site\/wp-content\/uploads\/2023\/03\/ssssssssss.jpg\",\"contentUrl\":\"https:\/\/juacontecimentos.com.br\/site\/wp-content\/uploads\/2023\/03\/ssssssssss.jpg\",\"width\":2026,\"height\":922},{\"@type\":\"BreadcrumbList\",\"@id\":\"https:\/\/juacontecimentos.com.br\/site\/prefeitura-de-ouvidor-investe-mais-de-r-887-mil-na-construcao-da-sede-do-conselho-tutelar\/#breadcrumb\",\"itemListElement\":[{\"@type\":\"ListItem\",\"position\":1,\"name\":\"In\u00edcio\",\"item\":\"https:\/\/juacontecimentos.com.br\/site\/\"},{\"@type\":\"ListItem\",\"position\":2,\"name\":\"Prefeitura de Ouvidor investe mais de R$ 887 mil na constru\u00e7\u00e3o da sede do Conselho Tutelar\"}]},{\"@type\":\"WebSite\",\"@id\":\"https:\/\/juacontecimentos.com.br\/site\/#website\",\"url\":\"https:\/\/juacontecimentos.com.br\/site\/\",\"name\":\"Jornal Ultimos Acontecimentos\",\"description\":\"Catal\u00e3o e regi\u00e3o\",\"publisher\":{\"@id\":\"https:\/\/juacontecimentos.com.br\/site\/#organization\"},\"potentialAction\":[{\"@type\":\"SearchAction\",\"target\":{\"@type\":\"EntryPoint\",\"urlTemplate\":\"https:\/\/juacontecimentos.com.br\/site\/?s={search_term_string}\"},\"query-input\":{\"@type\":\"PropertyValueSpecification\",\"valueRequired\":true,\"valueName\":\"search_term_string\"}}],\"inLanguage\":\"pt-BR\"},{\"@type\":\"Organization\",\"@id\":\"https:\/\/juacontecimentos.com.br\/site\/#organization\",\"name\":\"Jornal Ultimos Acontecimentos\",\"url\":\"https:\/\/juacontecimentos.com.br\/site\/\",\"logo\":{\"@type\":\"ImageObject\",\"inLanguage\":\"pt-BR\",\"@id\":\"https:\/\/juacontecimentos.com.br\/site\/#\/schema\/logo\/image\/\",\"url\":\"https:\/\/juacontecimentos.com.br\/site\/wp-content\/uploads\/2023\/04\/Logo_Site.png\",\"contentUrl\":\"https:\/\/juacontecimentos.com.br\/site\/wp-content\/uploads\/2023\/04\/Logo_Site.png\",\"width\":2476,\"height\":530,\"caption\":\"Jornal Ultimos Acontecimentos\"},\"image\":{\"@id\":\"https:\/\/juacontecimentos.com.br\/site\/#\/schema\/logo\/image\/\"},\"sameAs\":[\"https:\/\/www.facebook.com\/jultimosacontecimentos\/\"]},{\"@type\":\"Person\",\"@id\":\"https:\/\/juacontecimentos.com.br\/site\/#\/schema\/person\/082a54e6d3fdd7a633291428521c9669\",\"name\":\"Reginaldo Ribeiro\",\"image\":{\"@type\":\"ImageObject\",\"inLanguage\":\"pt-BR\",\"@id\":\"https:\/\/juacontecimentos.com.br\/site\/#\/schema\/person\/image\/\",\"url\":\"https:\/\/secure.gravatar.com\/avatar\/5c16c6837c3490270a74d888c2a845728f06bdde1f8761de1de1d1d1ef82d12f?s=96&d=mm&r=g\",\"contentUrl\":\"https:\/\/secure.gravatar.com\/avatar\/5c16c6837c3490270a74d888c2a845728f06bdde1f8761de1de1d1d1ef82d12f?s=96&d=mm&r=g\",\"caption\":\"Reginaldo Ribeiro\"}}]}<\/script>\n<!-- \/ Yoast SEO plugin. -->","yoast_head_json":{"title":"Prefeitura de Ouvidor investe mais de R$ 887 mil na constru\u00e7\u00e3o da sede do Conselho Tutelar - Jornal Ultimos Acontecimentos","robots":{"index":"index","follow":"follow","max-snippet":"max-snippet:-1","max-image-preview":"max-image-preview:large","max-video-preview":"max-video-preview:-1"},"canonical":"https:\/\/juacontecimentos.com.br\/site\/prefeitura-de-ouvidor-investe-mais-de-r-887-mil-na-construcao-da-sede-do-conselho-tutelar\/","og_locale":"pt_BR","og_type":"article","og_title":"Prefeitura de Ouvidor investe mais de R$ 887 mil na constru\u00e7\u00e3o da sede do Conselho Tutelar - Jornal Ultimos Acontecimentos","og_description":"Nesta ter\u00e7a-feira (28), o prefeito Cebinha Nascimento, acompanhando pelo vice-prefeito Nelci C\u00e2ndido, vereador Cleiton Mendes, secret\u00e1rio de administra\u00e7\u00e3o Almeida, o respons\u00e1vel pelo projeto, Omar Cardoso Filho, e os conselheiros da atual gest\u00e3o, Ant\u00f4nio Alvin Rosa, Lara Borges e Michelly C\u00e1ssia dos Santos, visitaram a constru\u00e7\u00e3o da nova sede do Conselho Tutelar de Ouvidor, que segue","og_url":"https:\/\/juacontecimentos.com.br\/site\/prefeitura-de-ouvidor-investe-mais-de-r-887-mil-na-construcao-da-sede-do-conselho-tutelar\/","og_site_name":"Jornal Ultimos Acontecimentos","article_publisher":"https:\/\/www.facebook.com\/jultimosacontecimentos\/","article_published_time":"2023-03-30T13:25:41+00:00","article_modified_time":"2023-03-30T13:33:56+00:00","og_image":[{"width":2026,"height":922,"url":"https:\/\/juacontecimentos.com.br\/site\/wp-content\/uploads\/2023\/03\/ssssssssss.jpg","type":"image\/jpeg"}],"author":"Reginaldo Ribeiro","twitter_card":"summary_large_image","twitter_misc":{"Escrito por":"Reginaldo Ribeiro","Est. tempo de leitura":"1 minuto"},"schema":{"@context":"https:\/\/schema.org","@graph":[{"@type":"Article","@id":"https:\/\/juacontecimentos.com.br\/site\/prefeitura-de-ouvidor-investe-mais-de-r-887-mil-na-construcao-da-sede-do-conselho-tutelar\/#article","isPartOf":{"@id":"https:\/\/juacontecimentos.com.br\/site\/prefeitura-de-ouvidor-investe-mais-de-r-887-mil-na-construcao-da-sede-do-conselho-tutelar\/"},"author":{"name":"Reginaldo Ribeiro","@id":"https:\/\/juacontecimentos.com.br\/site\/#\/schema\/person\/082a54e6d3fdd7a633291428521c9669"},"headline":"Prefeitura de Ouvidor investe mais de R$ 887 mil na constru\u00e7\u00e3o da sede do Conselho Tutelar","datePublished":"2023-03-30T13:25:41+00:00","dateModified":"2023-03-30T13:33:56+00:00","mainEntityOfPage":{"@id":"https:\/\/juacontecimentos.com.br\/site\/prefeitura-de-ouvidor-investe-mais-de-r-887-mil-na-construcao-da-sede-do-conselho-tutelar\/"},"wordCount":308,"commentCount":0,"publisher":{"@id":"https:\/\/juacontecimentos.com.br\/site\/#organization"},"image":{"@id":"https:\/\/juacontecimentos.com.br\/site\/prefeitura-de-ouvidor-investe-mais-de-r-887-mil-na-construcao-da-sede-do-conselho-tutelar\/#primaryimage"},"thumbnailUrl":"https:\/\/juacontecimentos.com.br\/site\/wp-content\/uploads\/2023\/03\/ssssssssss.jpg","articleSection":["Brasil","Catal\u00e3o","Destaque","Goi\u00e1s"],"inLanguage":"pt-BR"},{"@type":"WebPage","@id":"https:\/\/juacontecimentos.com.br\/site\/prefeitura-de-ouvidor-investe-mais-de-r-887-mil-na-construcao-da-sede-do-conselho-tutelar\/","url":"https:\/\/juacontecimentos.com.br\/site\/prefeitura-de-ouvidor-investe-mais-de-r-887-mil-na-construcao-da-sede-do-conselho-tutelar\/","name":"Prefeitura de Ouvidor investe mais de R$ 887 mil na constru\u00e7\u00e3o da sede do Conselho Tutelar - Jornal Ultimos Acontecimentos","isPartOf":{"@id":"https:\/\/juacontecimentos.com.br\/site\/#website"},"primaryImageOfPage":{"@id":"https:\/\/juacontecimentos.com.br\/site\/prefeitura-de-ouvidor-investe-mais-de-r-887-mil-na-construcao-da-sede-do-conselho-tutelar\/#primaryimage"},"image":{"@id":"https:\/\/juacontecimentos.com.br\/site\/prefeitura-de-ouvidor-investe-mais-de-r-887-mil-na-construcao-da-sede-do-conselho-tutelar\/#primaryimage"},"thumbnailUrl":"https:\/\/juacontecimentos.com.br\/site\/wp-content\/uploads\/2023\/03\/ssssssssss.jpg","datePublished":"2023-03-30T13:25:41+00:00","dateModified":"2023-03-30T13:33:56+00:00","breadcrumb":{"@id":"https:\/\/juacontecimentos.com.br\/site\/prefeitura-de-ouvidor-investe-mais-de-r-887-mil-na-construcao-da-sede-do-conselho-tutelar\/#breadcrumb"},"inLanguage":"pt-BR","potentialAction":[{"@type":"ReadAction","target":["https:\/\/juacontecimentos.com.br\/site\/prefeitura-de-ouvidor-investe-mais-de-r-887-mil-na-construcao-da-sede-do-conselho-tutelar\/"]}]},{"@type":"ImageObject","inLanguage":"pt-BR","@id":"https:\/\/juacontecimentos.com.br\/site\/prefeitura-de-ouvidor-investe-mais-de-r-887-mil-na-construcao-da-sede-do-conselho-tutelar\/#primaryimage","url":"https:\/\/juacontecimentos.com.br\/site\/wp-content\/uploads\/2023\/03\/ssssssssss.jpg","contentUrl":"https:\/\/juacontecimentos.com.br\/site\/wp-content\/uploads\/2023\/03\/ssssssssss.jpg","width":2026,"height":922},{"@type":"BreadcrumbList","@id":"https:\/\/juacontecimentos.com.br\/site\/prefeitura-de-ouvidor-investe-mais-de-r-887-mil-na-construcao-da-sede-do-conselho-tutelar\/#breadcrumb","itemListElement":[{"@type":"ListItem","position":1,"name":"In\u00edcio","item":"https:\/\/juacontecimentos.com.br\/site\/"},{"@type":"ListItem","position":2,"name":"Prefeitura de Ouvidor investe mais de R$ 887 mil na constru\u00e7\u00e3o da sede do Conselho Tutelar"}]},{"@type":"WebSite","@id":"https:\/\/juacontecimentos.com.br\/site\/#website","url":"https:\/\/juacontecimentos.com.br\/site\/","name":"Jornal Ultimos Acontecimentos","description":"Catal\u00e3o e regi\u00e3o","publisher":{"@id":"https:\/\/juacontecimentos.com.br\/site\/#organization"},"potentialAction":[{"@type":"SearchAction","target":{"@type":"EntryPoint","urlTemplate":"https:\/\/juacontecimentos.com.br\/site\/?s={search_term_string}"},"query-input":{"@type":"PropertyValueSpecification","valueRequired":true,"valueName":"search_term_string"}}],"inLanguage":"pt-BR"},{"@type":"Organization","@id":"https:\/\/juacontecimentos.com.br\/site\/#organization","name":"Jornal Ultimos Acontecimentos","url":"https:\/\/juacontecimentos.com.br\/site\/","logo":{"@type":"ImageObject","inLanguage":"pt-BR","@id":"https:\/\/juacontecimentos.com.br\/site\/#\/schema\/logo\/image\/","url":"https:\/\/juacontecimentos.com.br\/site\/wp-content\/uploads\/2023\/04\/Logo_Site.png","contentUrl":"https:\/\/juacontecimentos.com.br\/site\/wp-content\/uploads\/2023\/04\/Logo_Site.png","width":2476,"height":530,"caption":"Jornal Ultimos Acontecimentos"},"image":{"@id":"https:\/\/juacontecimentos.com.br\/site\/#\/schema\/logo\/image\/"},"sameAs":["https:\/\/www.facebook.com\/jultimosacontecimentos\/"]},{"@type":"Person","@id":"https:\/\/juacontecimentos.com.br\/site\/#\/schema\/person\/082a54e6d3fdd7a633291428521c9669","name":"Reginaldo Ribeiro","image":{"@type":"ImageObject","inLanguage":"pt-BR","@id":"https:\/\/juacontecimentos.com.br\/site\/#\/schema\/person\/image\/","url":"https:\/\/secure.gravatar.com\/avatar\/5c16c6837c3490270a74d888c2a845728f06bdde1f8761de1de1d1d1ef82d12f?s=96&d=mm&r=g","contentUrl":"https:\/\/secure.gravatar.com\/avatar\/5c16c6837c3490270a74d888c2a845728f06bdde1f8761de1de1d1d1ef82d12f?s=96&d=mm&r=g","caption":"Reginaldo Ribeiro"}}]}},"_links":{"self":[{"href":"https:\/\/juacontecimentos.com.br\/site\/wp-json\/wp\/v2\/posts\/25150","targetHints":{"allow":["GET"]}}],"collection":[{"href":"https:\/\/juacontecimentos.com.br\/site\/wp-json\/wp\/v2\/posts"}],"about":[{"href":"https:\/\/juacontecimentos.com.br\/site\/wp-json\/wp\/v2\/types\/post"}],"author":[{"embeddable":true,"href":"https:\/\/juacontecimentos.com.br\/site\/wp-json\/wp\/v2\/users\/2"}],"replies":[{"embeddable":true,"href":"https:\/\/juacontecimentos.com.br\/site\/wp-json\/wp\/v2\/comments?post=25150"}],"version-history":[{"count":3,"href":"https:\/\/juacontecimentos.com.br\/site\/wp-json\/wp\/v2\/posts\/25150\/revisions"}],"predecessor-version":[{"id":25154,"href":"https:\/\/juacontecimentos.com.br\/site\/wp-json\/wp\/v2\/posts\/25150\/revisions\/25154"}],"wp:featuredmedia":[{"embeddable":true,"href":"https:\/\/juacontecimentos.com.br\/site\/wp-json\/wp\/v2\/media\/25153"}],"wp:attachment":[{"href":"https:\/\/juacontecimentos.com.br\/site\/wp-json\/wp\/v2\/media?parent=25150"}],"wp:term":[{"taxonomy":"category","embeddable":true,"href":"https:\/\/juacontecimentos.com.br\/site\/wp-json\/wp\/v2\/categories?post=25150"},{"taxonomy":"post_tag","embeddable":true,"href":"https:\/\/juacontecimentos.com.br\/site\/wp-json\/wp\/v2\/tags?post=25150"}],"curies":[{"name":"wp","href":"https:\/\/api.w.org\/{rel}","templated":true}]}}