{"id":25367,"date":"2023-04-16T11:59:36","date_gmt":"2023-04-16T14:59:36","guid":{"rendered":"https:\/\/juacontecimentos.com.br\/site\/?p=25367"},"modified":"2023-04-16T12:47:58","modified_gmt":"2023-04-16T15:47:58","slug":"gustavo-sebba-considera-concorrer-prefeitura-de-catalao","status":"publish","type":"post","link":"https:\/\/juacontecimentos.com.br\/site\/gustavo-sebba-considera-concorrer-prefeitura-de-catalao\/","title":{"rendered":"Gustavo Sebba considera concorrer \u00e0 prefeitura de Catal\u00e3o"},"content":{"rendered":"<p>Por: Fabr\u00edcio Vera<\/p>\n<p><img loading=\"lazy\" decoding=\"async\" class=\"alignnone size-full wp-image-25371\" src=\"https:\/\/juacontecimentos.com.br\/site\/wp-content\/uploads\/2023\/04\/Screenshot_2023-04-16-12-08-46-945_com.facebook.katana.jpg\" alt=\"\" width=\"720\" height=\"446\" srcset=\"https:\/\/juacontecimentos.com.br\/site\/wp-content\/uploads\/2023\/04\/Screenshot_2023-04-16-12-08-46-945_com.facebook.katana.jpg 720w, https:\/\/juacontecimentos.com.br\/site\/wp-content\/uploads\/2023\/04\/Screenshot_2023-04-16-12-08-46-945_com.facebook.katana-300x186.jpg 300w\" sizes=\"auto, (max-width: 720px) 100vw, 720px\" \/><\/p>\n<p>O deputado estadual Gustavo Sebba (PSDB), em entrevista para o Jornal Op\u00e7\u00e3o, se colocou \u00e0 disposi\u00e7\u00e3o para disputar a prefeitura de Catal\u00e3o em 2024. Entretanto, ele destacou que n\u00e3o seria o seu objetivo no momento e argumentou que o foco \u00e9 no mandato como parlamentar. S\u00f3 que deixou claro que pretende lan\u00e7ar um nome para concorrer a cidade no sudoeste goiano.<\/p>\n<p>\u201cO meu grupo pol\u00edtico ter\u00e1 um candidato em Catal\u00e3o\u201d, disse o deputado estadual. \u201cAs pessoas est\u00e3o me procurando e eu estou \u00e0 disposi\u00e7\u00e3o da cidade, mas o meu foco hoje \u00e9 o meu mandato como parlamentar. O meu grupo lan\u00e7ar\u00e1 um candidato, um nome forte para ganhar as elei\u00e7\u00f5es, isso \u00e9 fato\u201d, completou.<\/p>\n<p>Sebba explicou que o seu plano no momento \u00e9 ajudar o munic\u00edpio com o seu mandato como deputado estadual, principalmente destinando recursos para a cidade. Al\u00e9m de apoiar o nome que ser\u00e1 lan\u00e7ado como candidato \u00e0 prefeitura.<\/p>\n<p>At\u00e9 o momento, Catal\u00e3o possui apenas o pecuarista Elder Galdino (MDB) como pr\u00e9-candidato. Mas, outros nomes correm por fora, como o de Sebba e o do economista J\u00falio Paschoal (PP).<\/p>\n<p>Evento do PL<br \/>\nNa \u00faltima sexta-feira, 14, Sebba esteve presente em um evento do Partido Liberal (PL) com o senador Wilder Morais, em Goi\u00e2nia. Segundo ele, a reuni\u00e3o n\u00e3o tratou a respeito de forma\u00e7\u00e3o de candidaturas e chapas para 2024 e 2026.<\/p>\n<p>\u201cAs elei\u00e7\u00f5es de 2024 e 2026 ainda est\u00e3o longe, muita \u00e1gua ainda para passar por debaixo da ponte at\u00e9 l\u00e1, claro que temos nomes para o pleito municipal, mas n\u00e3o foi a pauta do dia. Agora, n\u00f3s tratamos sobre demandas de Goi\u00e1s, dos munic\u00edpios, inclusive viemos fazer demandas ao senador\u201d, explicou o deputado estadual.<br \/>\n<\/p>\n","protected":false},"excerpt":{"rendered":"<p>Por: Fabr\u00edcio Vera O deputado estadual Gustavo Sebba (PSDB), em entrevista para o Jornal Op\u00e7\u00e3o, se colocou \u00e0 disposi\u00e7\u00e3o para disputar a prefeitura de Catal\u00e3o em 2024. Entretanto, ele destacou que n\u00e3o seria o seu objetivo no momento e argumentou que o foco \u00e9 no mandato como parlamentar. S\u00f3 que deixou claro que pretende lan\u00e7ar<\/p>\n","protected":false},"author":2,"featured_media":25397,"comment_status":"open","ping_status":"open","sticky":false,"template":"","format":"standard","meta":{"footnotes":""},"categories":[27,22,26,23],"tags":[],"class_list":["post-25367","post","type-post","status-publish","format-standard","has-post-thumbnail","hentry","category-brasil","category-catalao","category-destaque","category-goias"],"yoast_head":"<!-- This site is optimized with the Yoast SEO plugin v25.8 - https:\/\/yoast.com\/wordpress\/plugins\/seo\/ -->\n<title>Gustavo Sebba considera concorrer \u00e0 prefeitura de Catal\u00e3o - Jornal Ultimos Acontecimentos<\/title>\n<meta name=\"robots\" content=\"index, follow, max-snippet:-1, max-image-preview:large, max-video-preview:-1\" \/>\n<link rel=\"canonical\" href=\"https:\/\/juacontecimentos.com.br\/site\/gustavo-sebba-considera-concorrer-prefeitura-de-catalao\/\" \/>\n<meta property=\"og:locale\" content=\"pt_BR\" \/>\n<meta property=\"og:type\" content=\"article\" \/>\n<meta property=\"og:title\" content=\"Gustavo Sebba considera concorrer \u00e0 prefeitura de Catal\u00e3o - Jornal Ultimos Acontecimentos\" \/>\n<meta property=\"og:description\" content=\"Por: Fabr\u00edcio Vera O deputado estadual Gustavo Sebba (PSDB), em entrevista para o Jornal Op\u00e7\u00e3o, se colocou \u00e0 disposi\u00e7\u00e3o para disputar a prefeitura de Catal\u00e3o em 2024. Entretanto, ele destacou que n\u00e3o seria o seu objetivo no momento e argumentou que o foco \u00e9 no mandato como parlamentar. S\u00f3 que deixou claro que pretende lan\u00e7ar\" \/>\n<meta property=\"og:url\" content=\"https:\/\/juacontecimentos.com.br\/site\/gustavo-sebba-considera-concorrer-prefeitura-de-catalao\/\" \/>\n<meta property=\"og:site_name\" content=\"Jornal Ultimos Acontecimentos\" \/>\n<meta property=\"article:publisher\" content=\"https:\/\/www.facebook.com\/jultimosacontecimentos\/\" \/>\n<meta property=\"article:published_time\" content=\"2023-04-16T14:59:36+00:00\" \/>\n<meta property=\"article:modified_time\" content=\"2023-04-16T15:47:58+00:00\" \/>\n<meta property=\"og:image\" content=\"https:\/\/juacontecimentos.com.br\/site\/wp-content\/uploads\/2023\/04\/Screenshot_2023-04-16-12-45-59-291_com.facebook.katana.jpg\" \/>\n\t<meta property=\"og:image:width\" content=\"638\" \/>\n\t<meta property=\"og:image:height\" content=\"379\" \/>\n\t<meta property=\"og:image:type\" content=\"image\/jpeg\" \/>\n<meta name=\"author\" content=\"Reginaldo Ribeiro\" \/>\n<meta name=\"twitter:card\" content=\"summary_large_image\" \/>\n<meta name=\"twitter:label1\" content=\"Escrito por\" \/>\n\t<meta name=\"twitter:data1\" content=\"Reginaldo Ribeiro\" \/>\n\t<meta name=\"twitter:label2\" content=\"Est. tempo de leitura\" \/>\n\t<meta name=\"twitter:data2\" content=\"1 minuto\" \/>\n<script type=\"application\/ld+json\" class=\"yoast-schema-graph\">{\"@context\":\"https:\/\/schema.org\",\"@graph\":[{\"@type\":\"Article\",\"@id\":\"https:\/\/juacontecimentos.com.br\/site\/gustavo-sebba-considera-concorrer-prefeitura-de-catalao\/#article\",\"isPartOf\":{\"@id\":\"https:\/\/juacontecimentos.com.br\/site\/gustavo-sebba-considera-concorrer-prefeitura-de-catalao\/\"},\"author\":{\"name\":\"Reginaldo Ribeiro\",\"@id\":\"https:\/\/juacontecimentos.com.br\/site\/#\/schema\/person\/082a54e6d3fdd7a633291428521c9669\"},\"headline\":\"Gustavo Sebba considera concorrer \u00e0 prefeitura de Catal\u00e3o\",\"datePublished\":\"2023-04-16T14:59:36+00:00\",\"dateModified\":\"2023-04-16T15:47:58+00:00\",\"mainEntityOfPage\":{\"@id\":\"https:\/\/juacontecimentos.com.br\/site\/gustavo-sebba-considera-concorrer-prefeitura-de-catalao\/\"},\"wordCount\":303,\"commentCount\":0,\"publisher\":{\"@id\":\"https:\/\/juacontecimentos.com.br\/site\/#organization\"},\"image\":{\"@id\":\"https:\/\/juacontecimentos.com.br\/site\/gustavo-sebba-considera-concorrer-prefeitura-de-catalao\/#primaryimage\"},\"thumbnailUrl\":\"https:\/\/juacontecimentos.com.br\/site\/wp-content\/uploads\/2023\/04\/Screenshot_2023-04-16-12-45-59-291_com.facebook.katana.jpg\",\"articleSection\":[\"Brasil\",\"Catal\u00e3o\",\"Destaque\",\"Goi\u00e1s\"],\"inLanguage\":\"pt-BR\"},{\"@type\":\"WebPage\",\"@id\":\"https:\/\/juacontecimentos.com.br\/site\/gustavo-sebba-considera-concorrer-prefeitura-de-catalao\/\",\"url\":\"https:\/\/juacontecimentos.com.br\/site\/gustavo-sebba-considera-concorrer-prefeitura-de-catalao\/\",\"name\":\"Gustavo Sebba considera concorrer \u00e0 prefeitura de Catal\u00e3o - Jornal Ultimos Acontecimentos\",\"isPartOf\":{\"@id\":\"https:\/\/juacontecimentos.com.br\/site\/#website\"},\"primaryImageOfPage\":{\"@id\":\"https:\/\/juacontecimentos.com.br\/site\/gustavo-sebba-considera-concorrer-prefeitura-de-catalao\/#primaryimage\"},\"image\":{\"@id\":\"https:\/\/juacontecimentos.com.br\/site\/gustavo-sebba-considera-concorrer-prefeitura-de-catalao\/#primaryimage\"},\"thumbnailUrl\":\"https:\/\/juacontecimentos.com.br\/site\/wp-content\/uploads\/2023\/04\/Screenshot_2023-04-16-12-45-59-291_com.facebook.katana.jpg\",\"datePublished\":\"2023-04-16T14:59:36+00:00\",\"dateModified\":\"2023-04-16T15:47:58+00:00\",\"breadcrumb\":{\"@id\":\"https:\/\/juacontecimentos.com.br\/site\/gustavo-sebba-considera-concorrer-prefeitura-de-catalao\/#breadcrumb\"},\"inLanguage\":\"pt-BR\",\"potentialAction\":[{\"@type\":\"ReadAction\",\"target\":[\"https:\/\/juacontecimentos.com.br\/site\/gustavo-sebba-considera-concorrer-prefeitura-de-catalao\/\"]}]},{\"@type\":\"ImageObject\",\"inLanguage\":\"pt-BR\",\"@id\":\"https:\/\/juacontecimentos.com.br\/site\/gustavo-sebba-considera-concorrer-prefeitura-de-catalao\/#primaryimage\",\"url\":\"https:\/\/juacontecimentos.com.br\/site\/wp-content\/uploads\/2023\/04\/Screenshot_2023-04-16-12-45-59-291_com.facebook.katana.jpg\",\"contentUrl\":\"https:\/\/juacontecimentos.com.br\/site\/wp-content\/uploads\/2023\/04\/Screenshot_2023-04-16-12-45-59-291_com.facebook.katana.jpg\",\"width\":638,\"height\":379},{\"@type\":\"BreadcrumbList\",\"@id\":\"https:\/\/juacontecimentos.com.br\/site\/gustavo-sebba-considera-concorrer-prefeitura-de-catalao\/#breadcrumb\",\"itemListElement\":[{\"@type\":\"ListItem\",\"position\":1,\"name\":\"In\u00edcio\",\"item\":\"https:\/\/juacontecimentos.com.br\/site\/\"},{\"@type\":\"ListItem\",\"position\":2,\"name\":\"Gustavo Sebba considera concorrer \u00e0 prefeitura de Catal\u00e3o\"}]},{\"@type\":\"WebSite\",\"@id\":\"https:\/\/juacontecimentos.com.br\/site\/#website\",\"url\":\"https:\/\/juacontecimentos.com.br\/site\/\",\"name\":\"Jornal Ultimos Acontecimentos\",\"description\":\"Catal\u00e3o e regi\u00e3o\",\"publisher\":{\"@id\":\"https:\/\/juacontecimentos.com.br\/site\/#organization\"},\"potentialAction\":[{\"@type\":\"SearchAction\",\"target\":{\"@type\":\"EntryPoint\",\"urlTemplate\":\"https:\/\/juacontecimentos.com.br\/site\/?s={search_term_string}\"},\"query-input\":{\"@type\":\"PropertyValueSpecification\",\"valueRequired\":true,\"valueName\":\"search_term_string\"}}],\"inLanguage\":\"pt-BR\"},{\"@type\":\"Organization\",\"@id\":\"https:\/\/juacontecimentos.com.br\/site\/#organization\",\"name\":\"Jornal Ultimos Acontecimentos\",\"url\":\"https:\/\/juacontecimentos.com.br\/site\/\",\"logo\":{\"@type\":\"ImageObject\",\"inLanguage\":\"pt-BR\",\"@id\":\"https:\/\/juacontecimentos.com.br\/site\/#\/schema\/logo\/image\/\",\"url\":\"https:\/\/juacontecimentos.com.br\/site\/wp-content\/uploads\/2023\/04\/Logo_Site.png\",\"contentUrl\":\"https:\/\/juacontecimentos.com.br\/site\/wp-content\/uploads\/2023\/04\/Logo_Site.png\",\"width\":2476,\"height\":530,\"caption\":\"Jornal Ultimos Acontecimentos\"},\"image\":{\"@id\":\"https:\/\/juacontecimentos.com.br\/site\/#\/schema\/logo\/image\/\"},\"sameAs\":[\"https:\/\/www.facebook.com\/jultimosacontecimentos\/\"]},{\"@type\":\"Person\",\"@id\":\"https:\/\/juacontecimentos.com.br\/site\/#\/schema\/person\/082a54e6d3fdd7a633291428521c9669\",\"name\":\"Reginaldo Ribeiro\",\"image\":{\"@type\":\"ImageObject\",\"inLanguage\":\"pt-BR\",\"@id\":\"https:\/\/juacontecimentos.com.br\/site\/#\/schema\/person\/image\/\",\"url\":\"https:\/\/secure.gravatar.com\/avatar\/5c16c6837c3490270a74d888c2a845728f06bdde1f8761de1de1d1d1ef82d12f?s=96&d=mm&r=g\",\"contentUrl\":\"https:\/\/secure.gravatar.com\/avatar\/5c16c6837c3490270a74d888c2a845728f06bdde1f8761de1de1d1d1ef82d12f?s=96&d=mm&r=g\",\"caption\":\"Reginaldo Ribeiro\"}}]}<\/script>\n<!-- \/ Yoast SEO plugin. -->","yoast_head_json":{"title":"Gustavo Sebba considera concorrer \u00e0 prefeitura de Catal\u00e3o - Jornal Ultimos Acontecimentos","robots":{"index":"index","follow":"follow","max-snippet":"max-snippet:-1","max-image-preview":"max-image-preview:large","max-video-preview":"max-video-preview:-1"},"canonical":"https:\/\/juacontecimentos.com.br\/site\/gustavo-sebba-considera-concorrer-prefeitura-de-catalao\/","og_locale":"pt_BR","og_type":"article","og_title":"Gustavo Sebba considera concorrer \u00e0 prefeitura de Catal\u00e3o - Jornal Ultimos Acontecimentos","og_description":"Por: Fabr\u00edcio Vera O deputado estadual Gustavo Sebba (PSDB), em entrevista para o Jornal Op\u00e7\u00e3o, se colocou \u00e0 disposi\u00e7\u00e3o para disputar a prefeitura de Catal\u00e3o em 2024. Entretanto, ele destacou que n\u00e3o seria o seu objetivo no momento e argumentou que o foco \u00e9 no mandato como parlamentar. S\u00f3 que deixou claro que pretende lan\u00e7ar","og_url":"https:\/\/juacontecimentos.com.br\/site\/gustavo-sebba-considera-concorrer-prefeitura-de-catalao\/","og_site_name":"Jornal Ultimos Acontecimentos","article_publisher":"https:\/\/www.facebook.com\/jultimosacontecimentos\/","article_published_time":"2023-04-16T14:59:36+00:00","article_modified_time":"2023-04-16T15:47:58+00:00","og_image":[{"width":638,"height":379,"url":"https:\/\/juacontecimentos.com.br\/site\/wp-content\/uploads\/2023\/04\/Screenshot_2023-04-16-12-45-59-291_com.facebook.katana.jpg","type":"image\/jpeg"}],"author":"Reginaldo Ribeiro","twitter_card":"summary_large_image","twitter_misc":{"Escrito por":"Reginaldo Ribeiro","Est. tempo de leitura":"1 minuto"},"schema":{"@context":"https:\/\/schema.org","@graph":[{"@type":"Article","@id":"https:\/\/juacontecimentos.com.br\/site\/gustavo-sebba-considera-concorrer-prefeitura-de-catalao\/#article","isPartOf":{"@id":"https:\/\/juacontecimentos.com.br\/site\/gustavo-sebba-considera-concorrer-prefeitura-de-catalao\/"},"author":{"name":"Reginaldo Ribeiro","@id":"https:\/\/juacontecimentos.com.br\/site\/#\/schema\/person\/082a54e6d3fdd7a633291428521c9669"},"headline":"Gustavo Sebba considera concorrer \u00e0 prefeitura de Catal\u00e3o","datePublished":"2023-04-16T14:59:36+00:00","dateModified":"2023-04-16T15:47:58+00:00","mainEntityOfPage":{"@id":"https:\/\/juacontecimentos.com.br\/site\/gustavo-sebba-considera-concorrer-prefeitura-de-catalao\/"},"wordCount":303,"commentCount":0,"publisher":{"@id":"https:\/\/juacontecimentos.com.br\/site\/#organization"},"image":{"@id":"https:\/\/juacontecimentos.com.br\/site\/gustavo-sebba-considera-concorrer-prefeitura-de-catalao\/#primaryimage"},"thumbnailUrl":"https:\/\/juacontecimentos.com.br\/site\/wp-content\/uploads\/2023\/04\/Screenshot_2023-04-16-12-45-59-291_com.facebook.katana.jpg","articleSection":["Brasil","Catal\u00e3o","Destaque","Goi\u00e1s"],"inLanguage":"pt-BR"},{"@type":"WebPage","@id":"https:\/\/juacontecimentos.com.br\/site\/gustavo-sebba-considera-concorrer-prefeitura-de-catalao\/","url":"https:\/\/juacontecimentos.com.br\/site\/gustavo-sebba-considera-concorrer-prefeitura-de-catalao\/","name":"Gustavo Sebba considera concorrer \u00e0 prefeitura de Catal\u00e3o - Jornal Ultimos Acontecimentos","isPartOf":{"@id":"https:\/\/juacontecimentos.com.br\/site\/#website"},"primaryImageOfPage":{"@id":"https:\/\/juacontecimentos.com.br\/site\/gustavo-sebba-considera-concorrer-prefeitura-de-catalao\/#primaryimage"},"image":{"@id":"https:\/\/juacontecimentos.com.br\/site\/gustavo-sebba-considera-concorrer-prefeitura-de-catalao\/#primaryimage"},"thumbnailUrl":"https:\/\/juacontecimentos.com.br\/site\/wp-content\/uploads\/2023\/04\/Screenshot_2023-04-16-12-45-59-291_com.facebook.katana.jpg","datePublished":"2023-04-16T14:59:36+00:00","dateModified":"2023-04-16T15:47:58+00:00","breadcrumb":{"@id":"https:\/\/juacontecimentos.com.br\/site\/gustavo-sebba-considera-concorrer-prefeitura-de-catalao\/#breadcrumb"},"inLanguage":"pt-BR","potentialAction":[{"@type":"ReadAction","target":["https:\/\/juacontecimentos.com.br\/site\/gustavo-sebba-considera-concorrer-prefeitura-de-catalao\/"]}]},{"@type":"ImageObject","inLanguage":"pt-BR","@id":"https:\/\/juacontecimentos.com.br\/site\/gustavo-sebba-considera-concorrer-prefeitura-de-catalao\/#primaryimage","url":"https:\/\/juacontecimentos.com.br\/site\/wp-content\/uploads\/2023\/04\/Screenshot_2023-04-16-12-45-59-291_com.facebook.katana.jpg","contentUrl":"https:\/\/juacontecimentos.com.br\/site\/wp-content\/uploads\/2023\/04\/Screenshot_2023-04-16-12-45-59-291_com.facebook.katana.jpg","width":638,"height":379},{"@type":"BreadcrumbList","@id":"https:\/\/juacontecimentos.com.br\/site\/gustavo-sebba-considera-concorrer-prefeitura-de-catalao\/#breadcrumb","itemListElement":[{"@type":"ListItem","position":1,"name":"In\u00edcio","item":"https:\/\/juacontecimentos.com.br\/site\/"},{"@type":"ListItem","position":2,"name":"Gustavo Sebba considera concorrer \u00e0 prefeitura de Catal\u00e3o"}]},{"@type":"WebSite","@id":"https:\/\/juacontecimentos.com.br\/site\/#website","url":"https:\/\/juacontecimentos.com.br\/site\/","name":"Jornal Ultimos Acontecimentos","description":"Catal\u00e3o e regi\u00e3o","publisher":{"@id":"https:\/\/juacontecimentos.com.br\/site\/#organization"},"potentialAction":[{"@type":"SearchAction","target":{"@type":"EntryPoint","urlTemplate":"https:\/\/juacontecimentos.com.br\/site\/?s={search_term_string}"},"query-input":{"@type":"PropertyValueSpecification","valueRequired":true,"valueName":"search_term_string"}}],"inLanguage":"pt-BR"},{"@type":"Organization","@id":"https:\/\/juacontecimentos.com.br\/site\/#organization","name":"Jornal Ultimos Acontecimentos","url":"https:\/\/juacontecimentos.com.br\/site\/","logo":{"@type":"ImageObject","inLanguage":"pt-BR","@id":"https:\/\/juacontecimentos.com.br\/site\/#\/schema\/logo\/image\/","url":"https:\/\/juacontecimentos.com.br\/site\/wp-content\/uploads\/2023\/04\/Logo_Site.png","contentUrl":"https:\/\/juacontecimentos.com.br\/site\/wp-content\/uploads\/2023\/04\/Logo_Site.png","width":2476,"height":530,"caption":"Jornal Ultimos Acontecimentos"},"image":{"@id":"https:\/\/juacontecimentos.com.br\/site\/#\/schema\/logo\/image\/"},"sameAs":["https:\/\/www.facebook.com\/jultimosacontecimentos\/"]},{"@type":"Person","@id":"https:\/\/juacontecimentos.com.br\/site\/#\/schema\/person\/082a54e6d3fdd7a633291428521c9669","name":"Reginaldo Ribeiro","image":{"@type":"ImageObject","inLanguage":"pt-BR","@id":"https:\/\/juacontecimentos.com.br\/site\/#\/schema\/person\/image\/","url":"https:\/\/secure.gravatar.com\/avatar\/5c16c6837c3490270a74d888c2a845728f06bdde1f8761de1de1d1d1ef82d12f?s=96&d=mm&r=g","contentUrl":"https:\/\/secure.gravatar.com\/avatar\/5c16c6837c3490270a74d888c2a845728f06bdde1f8761de1de1d1d1ef82d12f?s=96&d=mm&r=g","caption":"Reginaldo Ribeiro"}}]}},"_links":{"self":[{"href":"https:\/\/juacontecimentos.com.br\/site\/wp-json\/wp\/v2\/posts\/25367","targetHints":{"allow":["GET"]}}],"collection":[{"href":"https:\/\/juacontecimentos.com.br\/site\/wp-json\/wp\/v2\/posts"}],"about":[{"href":"https:\/\/juacontecimentos.com.br\/site\/wp-json\/wp\/v2\/types\/post"}],"author":[{"embeddable":true,"href":"https:\/\/juacontecimentos.com.br\/site\/wp-json\/wp\/v2\/users\/2"}],"replies":[{"embeddable":true,"href":"https:\/\/juacontecimentos.com.br\/site\/wp-json\/wp\/v2\/comments?post=25367"}],"version-history":[{"count":5,"href":"https:\/\/juacontecimentos.com.br\/site\/wp-json\/wp\/v2\/posts\/25367\/revisions"}],"predecessor-version":[{"id":25373,"href":"https:\/\/juacontecimentos.com.br\/site\/wp-json\/wp\/v2\/posts\/25367\/revisions\/25373"}],"wp:featuredmedia":[{"embeddable":true,"href":"https:\/\/juacontecimentos.com.br\/site\/wp-json\/wp\/v2\/media\/25397"}],"wp:attachment":[{"href":"https:\/\/juacontecimentos.com.br\/site\/wp-json\/wp\/v2\/media?parent=25367"}],"wp:term":[{"taxonomy":"category","embeddable":true,"href":"https:\/\/juacontecimentos.com.br\/site\/wp-json\/wp\/v2\/categories?post=25367"},{"taxonomy":"post_tag","embeddable":true,"href":"https:\/\/juacontecimentos.com.br\/site\/wp-json\/wp\/v2\/tags?post=25367"}],"curies":[{"name":"wp","href":"https:\/\/api.w.org\/{rel}","templated":true}]}}