{"id":2553,"date":"2017-10-21T07:11:20","date_gmt":"2017-10-21T09:11:20","guid":{"rendered":"http:\/\/juacontecimentos.com.br\/site\/?p=2553"},"modified":"2017-10-21T07:11:20","modified_gmt":"2017-10-21T09:11:20","slug":"acao-responsabiliza-ex-prefeito-de-davinopolis-por-ilegalidade-na-contratacao-de-empresa-de-limpeza","status":"publish","type":"post","link":"https:\/\/juacontecimentos.com.br\/site\/acao-responsabiliza-ex-prefeito-de-davinopolis-por-ilegalidade-na-contratacao-de-empresa-de-limpeza\/","title":{"rendered":"A\u00e7\u00e3o responsabiliza ex-prefeito de Davin\u00f3polis por ilegalidade na contrata\u00e7\u00e3o de empresa de limpeza"},"content":{"rendered":"<p>A promotora de Justi\u00e7a Ariete Cristina Rodrigues Vale acionou o ex-prefeito de Davin\u00f3polis Darci Rosa de Jesus por ato de improbidade administrativa, decorrente de irregularidades na licita\u00e7\u00e3o realizada em 2009, que teve como objeto a limpeza de pr\u00e9dios p\u00fablicos, incluindo os custos operacionais das atividades.<\/p>\n<p>Conforme apontado em ac\u00f3rd\u00e3o do Tribunal de Contas dos Munic\u00edpios, que imputou ao ex-gestor d\u00e9bito de R$ 37.043,34, em raz\u00e3o de ilegalidades, como a falta de clareza e precis\u00e3o do edital e na reda\u00e7\u00e3o contratual e obscuridade em todas as fases que antecederam \u00e0 contrata\u00e7\u00e3o da empresa JJ Servi\u00e7os de Limpezas Urbanas Ltda. e durante a execu\u00e7\u00e3o dos servi\u00e7os. Outras falhas apontadas referem-se a um contrato emergencial fruto de licita\u00e7\u00e3o na modalidade convite, sem qualquer justificativa, al\u00e9m do mau uso do dinheiro p\u00fablico, uma vez que os pre\u00e7os praticados estavam superfaturados.<\/p>\n<p>Na a\u00e7\u00e3o, a promotora sustentou que ocorreram v\u00edcios insan\u00e1veis que macularam a licita\u00e7\u00e3o e, em consequ\u00eancia, o contrato administrativo, pela viola\u00e7\u00e3o de alguns princ\u00edpios e normas tais como a falta de projeto b\u00e1sico, diverg\u00eancia do objeto descrito no termo de refer\u00eancia, superfaturamento, falta de justificativa para contrata\u00e7\u00e3o emergencial, entre outros.<\/p>\n<p>Ariete Vale requereu, portanto, a condena\u00e7\u00e3o de Darci Rosa por improbidade administrativa, aplicando-lhe as penalidades previstas em lei como a perda da fun\u00e7\u00e3o p\u00fablica, suspens\u00e3o de direitos pol\u00edticos, pagamento de multa, entre outros.<\/p>\n<p><em>Fonte: (Cristiani Hon\u00f3rio \/ Assessoria de Comunica\u00e7\u00e3o Social do MP-GO &#8211; Foto: Lincoln Roberto de Avila )<\/em><br \/>\n<\/p>\n","protected":false},"excerpt":{"rendered":"<p>A promotora de Justi\u00e7a Ariete Cristina Rodrigues Vale acionou o ex-prefeito de Davin\u00f3polis Darci Rosa de Jesus por ato de improbidade administrativa, decorrente de irregularidades na licita\u00e7\u00e3o realizada em 2009, que teve como objeto a limpeza de pr\u00e9dios p\u00fablicos, incluindo os custos operacionais das atividades. Conforme apontado em ac\u00f3rd\u00e3o do Tribunal de Contas dos Munic\u00edpios,<\/p>\n","protected":false},"author":2,"featured_media":2554,"comment_status":"open","ping_status":"open","sticky":false,"template":"","format":"standard","meta":{"footnotes":""},"categories":[27,22,26,23],"tags":[],"class_list":["post-2553","post","type-post","status-publish","format-standard","has-post-thumbnail","hentry","category-brasil","category-catalao","category-destaque","category-goias"],"yoast_head":"<!-- This site is optimized with the Yoast SEO plugin v25.8 - https:\/\/yoast.com\/wordpress\/plugins\/seo\/ -->\n<title>A\u00e7\u00e3o responsabiliza ex-prefeito de Davin\u00f3polis por ilegalidade na contrata\u00e7\u00e3o de empresa de limpeza - Jornal Ultimos Acontecimentos<\/title>\n<meta name=\"robots\" content=\"index, follow, max-snippet:-1, max-image-preview:large, max-video-preview:-1\" \/>\n<link rel=\"canonical\" href=\"https:\/\/juacontecimentos.com.br\/site\/acao-responsabiliza-ex-prefeito-de-davinopolis-por-ilegalidade-na-contratacao-de-empresa-de-limpeza\/\" \/>\n<meta property=\"og:locale\" content=\"pt_BR\" \/>\n<meta property=\"og:type\" content=\"article\" \/>\n<meta property=\"og:title\" content=\"A\u00e7\u00e3o responsabiliza ex-prefeito de Davin\u00f3polis por ilegalidade na contrata\u00e7\u00e3o de empresa de limpeza - Jornal Ultimos Acontecimentos\" \/>\n<meta property=\"og:description\" content=\"A promotora de Justi\u00e7a Ariete Cristina Rodrigues Vale acionou o ex-prefeito de Davin\u00f3polis Darci Rosa de Jesus por ato de improbidade administrativa, decorrente de irregularidades na licita\u00e7\u00e3o realizada em 2009, que teve como objeto a limpeza de pr\u00e9dios p\u00fablicos, incluindo os custos operacionais das atividades. Conforme apontado em ac\u00f3rd\u00e3o do Tribunal de Contas dos Munic\u00edpios,\" \/>\n<meta property=\"og:url\" content=\"https:\/\/juacontecimentos.com.br\/site\/acao-responsabiliza-ex-prefeito-de-davinopolis-por-ilegalidade-na-contratacao-de-empresa-de-limpeza\/\" \/>\n<meta property=\"og:site_name\" content=\"Jornal Ultimos Acontecimentos\" \/>\n<meta property=\"article:publisher\" content=\"https:\/\/www.facebook.com\/jultimosacontecimentos\/\" \/>\n<meta property=\"article:published_time\" content=\"2017-10-21T09:11:20+00:00\" \/>\n<meta property=\"og:image\" content=\"https:\/\/juacontecimentos.com.br\/site\/wp-content\/uploads\/2017\/10\/C\u00e2mara-de-Davin\u00f3polis.jpeg\" \/>\n\t<meta property=\"og:image:width\" content=\"307\" \/>\n\t<meta property=\"og:image:height\" content=\"204\" \/>\n\t<meta property=\"og:image:type\" content=\"image\/jpeg\" \/>\n<meta name=\"author\" content=\"Reginaldo Ribeiro\" \/>\n<meta name=\"twitter:card\" content=\"summary_large_image\" \/>\n<meta name=\"twitter:label1\" content=\"Escrito por\" \/>\n\t<meta name=\"twitter:data1\" content=\"Reginaldo Ribeiro\" \/>\n\t<meta name=\"twitter:label2\" content=\"Est. tempo de leitura\" \/>\n\t<meta name=\"twitter:data2\" content=\"1 minuto\" \/>\n<script type=\"application\/ld+json\" class=\"yoast-schema-graph\">{\"@context\":\"https:\/\/schema.org\",\"@graph\":[{\"@type\":\"Article\",\"@id\":\"https:\/\/juacontecimentos.com.br\/site\/acao-responsabiliza-ex-prefeito-de-davinopolis-por-ilegalidade-na-contratacao-de-empresa-de-limpeza\/#article\",\"isPartOf\":{\"@id\":\"https:\/\/juacontecimentos.com.br\/site\/acao-responsabiliza-ex-prefeito-de-davinopolis-por-ilegalidade-na-contratacao-de-empresa-de-limpeza\/\"},\"author\":{\"name\":\"Reginaldo Ribeiro\",\"@id\":\"https:\/\/juacontecimentos.com.br\/site\/#\/schema\/person\/082a54e6d3fdd7a633291428521c9669\"},\"headline\":\"A\u00e7\u00e3o responsabiliza ex-prefeito de Davin\u00f3polis por ilegalidade na contrata\u00e7\u00e3o de empresa de limpeza\",\"datePublished\":\"2017-10-21T09:11:20+00:00\",\"mainEntityOfPage\":{\"@id\":\"https:\/\/juacontecimentos.com.br\/site\/acao-responsabiliza-ex-prefeito-de-davinopolis-por-ilegalidade-na-contratacao-de-empresa-de-limpeza\/\"},\"wordCount\":285,\"commentCount\":0,\"publisher\":{\"@id\":\"https:\/\/juacontecimentos.com.br\/site\/#organization\"},\"image\":{\"@id\":\"https:\/\/juacontecimentos.com.br\/site\/acao-responsabiliza-ex-prefeito-de-davinopolis-por-ilegalidade-na-contratacao-de-empresa-de-limpeza\/#primaryimage\"},\"thumbnailUrl\":\"https:\/\/juacontecimentos.com.br\/site\/wp-content\/uploads\/2017\/10\/C\u00e2mara-de-Davin\u00f3polis.jpeg\",\"articleSection\":[\"Brasil\",\"Catal\u00e3o\",\"Destaque\",\"Goi\u00e1s\"],\"inLanguage\":\"pt-BR\"},{\"@type\":\"WebPage\",\"@id\":\"https:\/\/juacontecimentos.com.br\/site\/acao-responsabiliza-ex-prefeito-de-davinopolis-por-ilegalidade-na-contratacao-de-empresa-de-limpeza\/\",\"url\":\"https:\/\/juacontecimentos.com.br\/site\/acao-responsabiliza-ex-prefeito-de-davinopolis-por-ilegalidade-na-contratacao-de-empresa-de-limpeza\/\",\"name\":\"A\u00e7\u00e3o responsabiliza ex-prefeito de Davin\u00f3polis por ilegalidade na contrata\u00e7\u00e3o de empresa de limpeza - Jornal Ultimos Acontecimentos\",\"isPartOf\":{\"@id\":\"https:\/\/juacontecimentos.com.br\/site\/#website\"},\"primaryImageOfPage\":{\"@id\":\"https:\/\/juacontecimentos.com.br\/site\/acao-responsabiliza-ex-prefeito-de-davinopolis-por-ilegalidade-na-contratacao-de-empresa-de-limpeza\/#primaryimage\"},\"image\":{\"@id\":\"https:\/\/juacontecimentos.com.br\/site\/acao-responsabiliza-ex-prefeito-de-davinopolis-por-ilegalidade-na-contratacao-de-empresa-de-limpeza\/#primaryimage\"},\"thumbnailUrl\":\"https:\/\/juacontecimentos.com.br\/site\/wp-content\/uploads\/2017\/10\/C\u00e2mara-de-Davin\u00f3polis.jpeg\",\"datePublished\":\"2017-10-21T09:11:20+00:00\",\"breadcrumb\":{\"@id\":\"https:\/\/juacontecimentos.com.br\/site\/acao-responsabiliza-ex-prefeito-de-davinopolis-por-ilegalidade-na-contratacao-de-empresa-de-limpeza\/#breadcrumb\"},\"inLanguage\":\"pt-BR\",\"potentialAction\":[{\"@type\":\"ReadAction\",\"target\":[\"https:\/\/juacontecimentos.com.br\/site\/acao-responsabiliza-ex-prefeito-de-davinopolis-por-ilegalidade-na-contratacao-de-empresa-de-limpeza\/\"]}]},{\"@type\":\"ImageObject\",\"inLanguage\":\"pt-BR\",\"@id\":\"https:\/\/juacontecimentos.com.br\/site\/acao-responsabiliza-ex-prefeito-de-davinopolis-por-ilegalidade-na-contratacao-de-empresa-de-limpeza\/#primaryimage\",\"url\":\"https:\/\/juacontecimentos.com.br\/site\/wp-content\/uploads\/2017\/10\/C\u00e2mara-de-Davin\u00f3polis.jpeg\",\"contentUrl\":\"https:\/\/juacontecimentos.com.br\/site\/wp-content\/uploads\/2017\/10\/C\u00e2mara-de-Davin\u00f3polis.jpeg\",\"width\":307,\"height\":204},{\"@type\":\"BreadcrumbList\",\"@id\":\"https:\/\/juacontecimentos.com.br\/site\/acao-responsabiliza-ex-prefeito-de-davinopolis-por-ilegalidade-na-contratacao-de-empresa-de-limpeza\/#breadcrumb\",\"itemListElement\":[{\"@type\":\"ListItem\",\"position\":1,\"name\":\"In\u00edcio\",\"item\":\"https:\/\/juacontecimentos.com.br\/site\/\"},{\"@type\":\"ListItem\",\"position\":2,\"name\":\"A\u00e7\u00e3o responsabiliza ex-prefeito de Davin\u00f3polis por ilegalidade na contrata\u00e7\u00e3o de empresa de limpeza\"}]},{\"@type\":\"WebSite\",\"@id\":\"https:\/\/juacontecimentos.com.br\/site\/#website\",\"url\":\"https:\/\/juacontecimentos.com.br\/site\/\",\"name\":\"Jornal Ultimos Acontecimentos\",\"description\":\"Catal\u00e3o e regi\u00e3o\",\"publisher\":{\"@id\":\"https:\/\/juacontecimentos.com.br\/site\/#organization\"},\"potentialAction\":[{\"@type\":\"SearchAction\",\"target\":{\"@type\":\"EntryPoint\",\"urlTemplate\":\"https:\/\/juacontecimentos.com.br\/site\/?s={search_term_string}\"},\"query-input\":{\"@type\":\"PropertyValueSpecification\",\"valueRequired\":true,\"valueName\":\"search_term_string\"}}],\"inLanguage\":\"pt-BR\"},{\"@type\":\"Organization\",\"@id\":\"https:\/\/juacontecimentos.com.br\/site\/#organization\",\"name\":\"Jornal Ultimos Acontecimentos\",\"url\":\"https:\/\/juacontecimentos.com.br\/site\/\",\"logo\":{\"@type\":\"ImageObject\",\"inLanguage\":\"pt-BR\",\"@id\":\"https:\/\/juacontecimentos.com.br\/site\/#\/schema\/logo\/image\/\",\"url\":\"https:\/\/juacontecimentos.com.br\/site\/wp-content\/uploads\/2023\/04\/Logo_Site.png\",\"contentUrl\":\"https:\/\/juacontecimentos.com.br\/site\/wp-content\/uploads\/2023\/04\/Logo_Site.png\",\"width\":2476,\"height\":530,\"caption\":\"Jornal Ultimos Acontecimentos\"},\"image\":{\"@id\":\"https:\/\/juacontecimentos.com.br\/site\/#\/schema\/logo\/image\/\"},\"sameAs\":[\"https:\/\/www.facebook.com\/jultimosacontecimentos\/\"]},{\"@type\":\"Person\",\"@id\":\"https:\/\/juacontecimentos.com.br\/site\/#\/schema\/person\/082a54e6d3fdd7a633291428521c9669\",\"name\":\"Reginaldo Ribeiro\",\"image\":{\"@type\":\"ImageObject\",\"inLanguage\":\"pt-BR\",\"@id\":\"https:\/\/juacontecimentos.com.br\/site\/#\/schema\/person\/image\/\",\"url\":\"https:\/\/secure.gravatar.com\/avatar\/5c16c6837c3490270a74d888c2a845728f06bdde1f8761de1de1d1d1ef82d12f?s=96&d=mm&r=g\",\"contentUrl\":\"https:\/\/secure.gravatar.com\/avatar\/5c16c6837c3490270a74d888c2a845728f06bdde1f8761de1de1d1d1ef82d12f?s=96&d=mm&r=g\",\"caption\":\"Reginaldo Ribeiro\"}}]}<\/script>\n<!-- \/ Yoast SEO plugin. -->","yoast_head_json":{"title":"A\u00e7\u00e3o responsabiliza ex-prefeito de Davin\u00f3polis por ilegalidade na contrata\u00e7\u00e3o de empresa de limpeza - Jornal Ultimos Acontecimentos","robots":{"index":"index","follow":"follow","max-snippet":"max-snippet:-1","max-image-preview":"max-image-preview:large","max-video-preview":"max-video-preview:-1"},"canonical":"https:\/\/juacontecimentos.com.br\/site\/acao-responsabiliza-ex-prefeito-de-davinopolis-por-ilegalidade-na-contratacao-de-empresa-de-limpeza\/","og_locale":"pt_BR","og_type":"article","og_title":"A\u00e7\u00e3o responsabiliza ex-prefeito de Davin\u00f3polis por ilegalidade na contrata\u00e7\u00e3o de empresa de limpeza - Jornal Ultimos Acontecimentos","og_description":"A promotora de Justi\u00e7a Ariete Cristina Rodrigues Vale acionou o ex-prefeito de Davin\u00f3polis Darci Rosa de Jesus por ato de improbidade administrativa, decorrente de irregularidades na licita\u00e7\u00e3o realizada em 2009, que teve como objeto a limpeza de pr\u00e9dios p\u00fablicos, incluindo os custos operacionais das atividades. Conforme apontado em ac\u00f3rd\u00e3o do Tribunal de Contas dos Munic\u00edpios,","og_url":"https:\/\/juacontecimentos.com.br\/site\/acao-responsabiliza-ex-prefeito-de-davinopolis-por-ilegalidade-na-contratacao-de-empresa-de-limpeza\/","og_site_name":"Jornal Ultimos Acontecimentos","article_publisher":"https:\/\/www.facebook.com\/jultimosacontecimentos\/","article_published_time":"2017-10-21T09:11:20+00:00","og_image":[{"width":307,"height":204,"url":"https:\/\/juacontecimentos.com.br\/site\/wp-content\/uploads\/2017\/10\/C\u00e2mara-de-Davin\u00f3polis.jpeg","type":"image\/jpeg"}],"author":"Reginaldo Ribeiro","twitter_card":"summary_large_image","twitter_misc":{"Escrito por":"Reginaldo Ribeiro","Est. tempo de leitura":"1 minuto"},"schema":{"@context":"https:\/\/schema.org","@graph":[{"@type":"Article","@id":"https:\/\/juacontecimentos.com.br\/site\/acao-responsabiliza-ex-prefeito-de-davinopolis-por-ilegalidade-na-contratacao-de-empresa-de-limpeza\/#article","isPartOf":{"@id":"https:\/\/juacontecimentos.com.br\/site\/acao-responsabiliza-ex-prefeito-de-davinopolis-por-ilegalidade-na-contratacao-de-empresa-de-limpeza\/"},"author":{"name":"Reginaldo Ribeiro","@id":"https:\/\/juacontecimentos.com.br\/site\/#\/schema\/person\/082a54e6d3fdd7a633291428521c9669"},"headline":"A\u00e7\u00e3o responsabiliza ex-prefeito de Davin\u00f3polis por ilegalidade na contrata\u00e7\u00e3o de empresa de limpeza","datePublished":"2017-10-21T09:11:20+00:00","mainEntityOfPage":{"@id":"https:\/\/juacontecimentos.com.br\/site\/acao-responsabiliza-ex-prefeito-de-davinopolis-por-ilegalidade-na-contratacao-de-empresa-de-limpeza\/"},"wordCount":285,"commentCount":0,"publisher":{"@id":"https:\/\/juacontecimentos.com.br\/site\/#organization"},"image":{"@id":"https:\/\/juacontecimentos.com.br\/site\/acao-responsabiliza-ex-prefeito-de-davinopolis-por-ilegalidade-na-contratacao-de-empresa-de-limpeza\/#primaryimage"},"thumbnailUrl":"https:\/\/juacontecimentos.com.br\/site\/wp-content\/uploads\/2017\/10\/C\u00e2mara-de-Davin\u00f3polis.jpeg","articleSection":["Brasil","Catal\u00e3o","Destaque","Goi\u00e1s"],"inLanguage":"pt-BR"},{"@type":"WebPage","@id":"https:\/\/juacontecimentos.com.br\/site\/acao-responsabiliza-ex-prefeito-de-davinopolis-por-ilegalidade-na-contratacao-de-empresa-de-limpeza\/","url":"https:\/\/juacontecimentos.com.br\/site\/acao-responsabiliza-ex-prefeito-de-davinopolis-por-ilegalidade-na-contratacao-de-empresa-de-limpeza\/","name":"A\u00e7\u00e3o responsabiliza ex-prefeito de Davin\u00f3polis por ilegalidade na contrata\u00e7\u00e3o de empresa de limpeza - Jornal Ultimos Acontecimentos","isPartOf":{"@id":"https:\/\/juacontecimentos.com.br\/site\/#website"},"primaryImageOfPage":{"@id":"https:\/\/juacontecimentos.com.br\/site\/acao-responsabiliza-ex-prefeito-de-davinopolis-por-ilegalidade-na-contratacao-de-empresa-de-limpeza\/#primaryimage"},"image":{"@id":"https:\/\/juacontecimentos.com.br\/site\/acao-responsabiliza-ex-prefeito-de-davinopolis-por-ilegalidade-na-contratacao-de-empresa-de-limpeza\/#primaryimage"},"thumbnailUrl":"https:\/\/juacontecimentos.com.br\/site\/wp-content\/uploads\/2017\/10\/C\u00e2mara-de-Davin\u00f3polis.jpeg","datePublished":"2017-10-21T09:11:20+00:00","breadcrumb":{"@id":"https:\/\/juacontecimentos.com.br\/site\/acao-responsabiliza-ex-prefeito-de-davinopolis-por-ilegalidade-na-contratacao-de-empresa-de-limpeza\/#breadcrumb"},"inLanguage":"pt-BR","potentialAction":[{"@type":"ReadAction","target":["https:\/\/juacontecimentos.com.br\/site\/acao-responsabiliza-ex-prefeito-de-davinopolis-por-ilegalidade-na-contratacao-de-empresa-de-limpeza\/"]}]},{"@type":"ImageObject","inLanguage":"pt-BR","@id":"https:\/\/juacontecimentos.com.br\/site\/acao-responsabiliza-ex-prefeito-de-davinopolis-por-ilegalidade-na-contratacao-de-empresa-de-limpeza\/#primaryimage","url":"https:\/\/juacontecimentos.com.br\/site\/wp-content\/uploads\/2017\/10\/C\u00e2mara-de-Davin\u00f3polis.jpeg","contentUrl":"https:\/\/juacontecimentos.com.br\/site\/wp-content\/uploads\/2017\/10\/C\u00e2mara-de-Davin\u00f3polis.jpeg","width":307,"height":204},{"@type":"BreadcrumbList","@id":"https:\/\/juacontecimentos.com.br\/site\/acao-responsabiliza-ex-prefeito-de-davinopolis-por-ilegalidade-na-contratacao-de-empresa-de-limpeza\/#breadcrumb","itemListElement":[{"@type":"ListItem","position":1,"name":"In\u00edcio","item":"https:\/\/juacontecimentos.com.br\/site\/"},{"@type":"ListItem","position":2,"name":"A\u00e7\u00e3o responsabiliza ex-prefeito de Davin\u00f3polis por ilegalidade na contrata\u00e7\u00e3o de empresa de limpeza"}]},{"@type":"WebSite","@id":"https:\/\/juacontecimentos.com.br\/site\/#website","url":"https:\/\/juacontecimentos.com.br\/site\/","name":"Jornal Ultimos Acontecimentos","description":"Catal\u00e3o e regi\u00e3o","publisher":{"@id":"https:\/\/juacontecimentos.com.br\/site\/#organization"},"potentialAction":[{"@type":"SearchAction","target":{"@type":"EntryPoint","urlTemplate":"https:\/\/juacontecimentos.com.br\/site\/?s={search_term_string}"},"query-input":{"@type":"PropertyValueSpecification","valueRequired":true,"valueName":"search_term_string"}}],"inLanguage":"pt-BR"},{"@type":"Organization","@id":"https:\/\/juacontecimentos.com.br\/site\/#organization","name":"Jornal Ultimos Acontecimentos","url":"https:\/\/juacontecimentos.com.br\/site\/","logo":{"@type":"ImageObject","inLanguage":"pt-BR","@id":"https:\/\/juacontecimentos.com.br\/site\/#\/schema\/logo\/image\/","url":"https:\/\/juacontecimentos.com.br\/site\/wp-content\/uploads\/2023\/04\/Logo_Site.png","contentUrl":"https:\/\/juacontecimentos.com.br\/site\/wp-content\/uploads\/2023\/04\/Logo_Site.png","width":2476,"height":530,"caption":"Jornal Ultimos Acontecimentos"},"image":{"@id":"https:\/\/juacontecimentos.com.br\/site\/#\/schema\/logo\/image\/"},"sameAs":["https:\/\/www.facebook.com\/jultimosacontecimentos\/"]},{"@type":"Person","@id":"https:\/\/juacontecimentos.com.br\/site\/#\/schema\/person\/082a54e6d3fdd7a633291428521c9669","name":"Reginaldo Ribeiro","image":{"@type":"ImageObject","inLanguage":"pt-BR","@id":"https:\/\/juacontecimentos.com.br\/site\/#\/schema\/person\/image\/","url":"https:\/\/secure.gravatar.com\/avatar\/5c16c6837c3490270a74d888c2a845728f06bdde1f8761de1de1d1d1ef82d12f?s=96&d=mm&r=g","contentUrl":"https:\/\/secure.gravatar.com\/avatar\/5c16c6837c3490270a74d888c2a845728f06bdde1f8761de1de1d1d1ef82d12f?s=96&d=mm&r=g","caption":"Reginaldo Ribeiro"}}]}},"_links":{"self":[{"href":"https:\/\/juacontecimentos.com.br\/site\/wp-json\/wp\/v2\/posts\/2553","targetHints":{"allow":["GET"]}}],"collection":[{"href":"https:\/\/juacontecimentos.com.br\/site\/wp-json\/wp\/v2\/posts"}],"about":[{"href":"https:\/\/juacontecimentos.com.br\/site\/wp-json\/wp\/v2\/types\/post"}],"author":[{"embeddable":true,"href":"https:\/\/juacontecimentos.com.br\/site\/wp-json\/wp\/v2\/users\/2"}],"replies":[{"embeddable":true,"href":"https:\/\/juacontecimentos.com.br\/site\/wp-json\/wp\/v2\/comments?post=2553"}],"version-history":[{"count":1,"href":"https:\/\/juacontecimentos.com.br\/site\/wp-json\/wp\/v2\/posts\/2553\/revisions"}],"predecessor-version":[{"id":2555,"href":"https:\/\/juacontecimentos.com.br\/site\/wp-json\/wp\/v2\/posts\/2553\/revisions\/2555"}],"wp:featuredmedia":[{"embeddable":true,"href":"https:\/\/juacontecimentos.com.br\/site\/wp-json\/wp\/v2\/media\/2554"}],"wp:attachment":[{"href":"https:\/\/juacontecimentos.com.br\/site\/wp-json\/wp\/v2\/media?parent=2553"}],"wp:term":[{"taxonomy":"category","embeddable":true,"href":"https:\/\/juacontecimentos.com.br\/site\/wp-json\/wp\/v2\/categories?post=2553"},{"taxonomy":"post_tag","embeddable":true,"href":"https:\/\/juacontecimentos.com.br\/site\/wp-json\/wp\/v2\/tags?post=2553"}],"curies":[{"name":"wp","href":"https:\/\/api.w.org\/{rel}","templated":true}]}}