{"id":2570,"date":"2017-10-23T19:30:11","date_gmt":"2017-10-23T21:30:11","guid":{"rendered":"http:\/\/juacontecimentos.com.br\/site\/?p=2570"},"modified":"2017-10-23T19:30:11","modified_gmt":"2017-10-23T21:30:11","slug":"metalurgicos-reprovam-proposta-e-greve-chega-ao-oitavo-dia","status":"publish","type":"post","link":"https:\/\/juacontecimentos.com.br\/site\/metalurgicos-reprovam-proposta-e-greve-chega-ao-oitavo-dia\/","title":{"rendered":"Metal\u00fargicos reprovam proposta e greve chega ao oitavo dia"},"content":{"rendered":"<p>Os trabalhadores da Mitsubishi, em Catal\u00e3o, seguem com as atividades paralisadas devido \u00e0 greve deflagrada no dia 16 de outubro. A paralisa\u00e7\u00e3o chega ao seu oitavo dia nesta segunda-feira (23). A empresa apresentou uma proposta, por\u00e9m, os n\u00fameros ofertados n\u00e3o atendem as expectativas dos trabalhadores.<\/p>\n<p>Ap\u00f3s assembleia realizada pelo Sindicato dos Metal\u00fargicos de Catal\u00e3o (SIMECAT) e a reprova\u00e7\u00e3o da proposta pela grande maioria, os trabalhadores foram para suas casas. Uma nova assembleia est\u00e1 marcada para amanh\u00e3 (24), \u00e0s 6h30, no Distrito Industrial.<\/p>\n<p>A produ\u00e7\u00e3o na montadora est\u00e1 parada desde o dia 11 de outubro, quando os metal\u00fargicos realizaram uma paralisa\u00e7\u00e3o de advert\u00eancia. J\u00e1 no dia 16, a greve come\u00e7ou efetivamente. O impasse se d\u00e1 por conta das negocia\u00e7\u00f5es de PLR (Participa\u00e7\u00e3o nos Lucros e Resultados) e data-base, o chamado \u2018pacot\u00e3o\u2019.<\/p>\n<p>No final desta tarde, o SIMECAT se reuniu com a dire\u00e7\u00e3o da Mitsubishi com a media\u00e7\u00e3o da Justi\u00e7a do Trabalho. Todos os encaminhamentos da mesa de negocia\u00e7\u00e3o ser\u00e3o repassados aos trabalhadores na pr\u00f3xima assembleia.<\/p>\n<p>&nbsp;<\/p>\n<p>Por Juliana Barbosa \u2013 Assessoria de Imprensa SIMECAT<\/p>\n<p>&nbsp;<br \/>\n<\/p>\n","protected":false},"excerpt":{"rendered":"<p>Os trabalhadores da Mitsubishi, em Catal\u00e3o, seguem com as atividades paralisadas devido \u00e0 greve deflagrada no dia 16 de outubro. A paralisa\u00e7\u00e3o chega ao seu oitavo dia nesta segunda-feira (23). A empresa apresentou uma proposta, por\u00e9m, os n\u00fameros ofertados n\u00e3o atendem as expectativas dos trabalhadores. Ap\u00f3s assembleia realizada pelo Sindicato dos Metal\u00fargicos de Catal\u00e3o (SIMECAT)<\/p>\n","protected":false},"author":2,"featured_media":2571,"comment_status":"open","ping_status":"open","sticky":false,"template":"","format":"standard","meta":{"footnotes":""},"categories":[27,22,26,23],"tags":[],"class_list":["post-2570","post","type-post","status-publish","format-standard","has-post-thumbnail","hentry","category-brasil","category-catalao","category-destaque","category-goias"],"yoast_head":"<!-- This site is optimized with the Yoast SEO plugin v25.8 - https:\/\/yoast.com\/wordpress\/plugins\/seo\/ -->\n<title>Metal\u00fargicos reprovam proposta e greve chega ao oitavo dia - Jornal Ultimos Acontecimentos<\/title>\n<meta name=\"robots\" content=\"index, follow, max-snippet:-1, max-image-preview:large, max-video-preview:-1\" \/>\n<link rel=\"canonical\" href=\"https:\/\/juacontecimentos.com.br\/site\/metalurgicos-reprovam-proposta-e-greve-chega-ao-oitavo-dia\/\" \/>\n<meta property=\"og:locale\" content=\"pt_BR\" \/>\n<meta property=\"og:type\" content=\"article\" \/>\n<meta property=\"og:title\" content=\"Metal\u00fargicos reprovam proposta e greve chega ao oitavo dia - Jornal Ultimos Acontecimentos\" \/>\n<meta property=\"og:description\" content=\"Os trabalhadores da Mitsubishi, em Catal\u00e3o, seguem com as atividades paralisadas devido \u00e0 greve deflagrada no dia 16 de outubro. A paralisa\u00e7\u00e3o chega ao seu oitavo dia nesta segunda-feira (23). A empresa apresentou uma proposta, por\u00e9m, os n\u00fameros ofertados n\u00e3o atendem as expectativas dos trabalhadores. Ap\u00f3s assembleia realizada pelo Sindicato dos Metal\u00fargicos de Catal\u00e3o (SIMECAT)\" \/>\n<meta property=\"og:url\" content=\"https:\/\/juacontecimentos.com.br\/site\/metalurgicos-reprovam-proposta-e-greve-chega-ao-oitavo-dia\/\" \/>\n<meta property=\"og:site_name\" content=\"Jornal Ultimos Acontecimentos\" \/>\n<meta property=\"article:publisher\" content=\"https:\/\/www.facebook.com\/jultimosacontecimentos\/\" \/>\n<meta property=\"article:published_time\" content=\"2017-10-23T21:30:11+00:00\" \/>\n<meta property=\"og:image\" content=\"https:\/\/juacontecimentos.com.br\/site\/wp-content\/uploads\/2017\/10\/22730191_1552547384788923_3739992570795290880_n.jpg\" \/>\n\t<meta property=\"og:image:width\" content=\"960\" \/>\n\t<meta property=\"og:image:height\" content=\"540\" \/>\n\t<meta property=\"og:image:type\" content=\"image\/jpeg\" \/>\n<meta name=\"author\" content=\"Reginaldo Ribeiro\" \/>\n<meta name=\"twitter:card\" content=\"summary_large_image\" \/>\n<meta name=\"twitter:label1\" content=\"Escrito por\" \/>\n\t<meta name=\"twitter:data1\" content=\"Reginaldo Ribeiro\" \/>\n\t<meta name=\"twitter:label2\" content=\"Est. tempo de leitura\" \/>\n\t<meta name=\"twitter:data2\" content=\"1 minuto\" \/>\n<script type=\"application\/ld+json\" class=\"yoast-schema-graph\">{\"@context\":\"https:\/\/schema.org\",\"@graph\":[{\"@type\":\"Article\",\"@id\":\"https:\/\/juacontecimentos.com.br\/site\/metalurgicos-reprovam-proposta-e-greve-chega-ao-oitavo-dia\/#article\",\"isPartOf\":{\"@id\":\"https:\/\/juacontecimentos.com.br\/site\/metalurgicos-reprovam-proposta-e-greve-chega-ao-oitavo-dia\/\"},\"author\":{\"name\":\"Reginaldo Ribeiro\",\"@id\":\"https:\/\/juacontecimentos.com.br\/site\/#\/schema\/person\/082a54e6d3fdd7a633291428521c9669\"},\"headline\":\"Metal\u00fargicos reprovam proposta e greve chega ao oitavo dia\",\"datePublished\":\"2017-10-23T21:30:11+00:00\",\"mainEntityOfPage\":{\"@id\":\"https:\/\/juacontecimentos.com.br\/site\/metalurgicos-reprovam-proposta-e-greve-chega-ao-oitavo-dia\/\"},\"wordCount\":200,\"commentCount\":0,\"publisher\":{\"@id\":\"https:\/\/juacontecimentos.com.br\/site\/#organization\"},\"image\":{\"@id\":\"https:\/\/juacontecimentos.com.br\/site\/metalurgicos-reprovam-proposta-e-greve-chega-ao-oitavo-dia\/#primaryimage\"},\"thumbnailUrl\":\"https:\/\/juacontecimentos.com.br\/site\/wp-content\/uploads\/2017\/10\/22730191_1552547384788923_3739992570795290880_n.jpg\",\"articleSection\":[\"Brasil\",\"Catal\u00e3o\",\"Destaque\",\"Goi\u00e1s\"],\"inLanguage\":\"pt-BR\"},{\"@type\":\"WebPage\",\"@id\":\"https:\/\/juacontecimentos.com.br\/site\/metalurgicos-reprovam-proposta-e-greve-chega-ao-oitavo-dia\/\",\"url\":\"https:\/\/juacontecimentos.com.br\/site\/metalurgicos-reprovam-proposta-e-greve-chega-ao-oitavo-dia\/\",\"name\":\"Metal\u00fargicos reprovam proposta e greve chega ao oitavo dia - Jornal Ultimos Acontecimentos\",\"isPartOf\":{\"@id\":\"https:\/\/juacontecimentos.com.br\/site\/#website\"},\"primaryImageOfPage\":{\"@id\":\"https:\/\/juacontecimentos.com.br\/site\/metalurgicos-reprovam-proposta-e-greve-chega-ao-oitavo-dia\/#primaryimage\"},\"image\":{\"@id\":\"https:\/\/juacontecimentos.com.br\/site\/metalurgicos-reprovam-proposta-e-greve-chega-ao-oitavo-dia\/#primaryimage\"},\"thumbnailUrl\":\"https:\/\/juacontecimentos.com.br\/site\/wp-content\/uploads\/2017\/10\/22730191_1552547384788923_3739992570795290880_n.jpg\",\"datePublished\":\"2017-10-23T21:30:11+00:00\",\"breadcrumb\":{\"@id\":\"https:\/\/juacontecimentos.com.br\/site\/metalurgicos-reprovam-proposta-e-greve-chega-ao-oitavo-dia\/#breadcrumb\"},\"inLanguage\":\"pt-BR\",\"potentialAction\":[{\"@type\":\"ReadAction\",\"target\":[\"https:\/\/juacontecimentos.com.br\/site\/metalurgicos-reprovam-proposta-e-greve-chega-ao-oitavo-dia\/\"]}]},{\"@type\":\"ImageObject\",\"inLanguage\":\"pt-BR\",\"@id\":\"https:\/\/juacontecimentos.com.br\/site\/metalurgicos-reprovam-proposta-e-greve-chega-ao-oitavo-dia\/#primaryimage\",\"url\":\"https:\/\/juacontecimentos.com.br\/site\/wp-content\/uploads\/2017\/10\/22730191_1552547384788923_3739992570795290880_n.jpg\",\"contentUrl\":\"https:\/\/juacontecimentos.com.br\/site\/wp-content\/uploads\/2017\/10\/22730191_1552547384788923_3739992570795290880_n.jpg\",\"width\":960,\"height\":540},{\"@type\":\"BreadcrumbList\",\"@id\":\"https:\/\/juacontecimentos.com.br\/site\/metalurgicos-reprovam-proposta-e-greve-chega-ao-oitavo-dia\/#breadcrumb\",\"itemListElement\":[{\"@type\":\"ListItem\",\"position\":1,\"name\":\"In\u00edcio\",\"item\":\"https:\/\/juacontecimentos.com.br\/site\/\"},{\"@type\":\"ListItem\",\"position\":2,\"name\":\"Metal\u00fargicos reprovam proposta e greve chega ao oitavo dia\"}]},{\"@type\":\"WebSite\",\"@id\":\"https:\/\/juacontecimentos.com.br\/site\/#website\",\"url\":\"https:\/\/juacontecimentos.com.br\/site\/\",\"name\":\"Jornal Ultimos Acontecimentos\",\"description\":\"Catal\u00e3o e regi\u00e3o\",\"publisher\":{\"@id\":\"https:\/\/juacontecimentos.com.br\/site\/#organization\"},\"potentialAction\":[{\"@type\":\"SearchAction\",\"target\":{\"@type\":\"EntryPoint\",\"urlTemplate\":\"https:\/\/juacontecimentos.com.br\/site\/?s={search_term_string}\"},\"query-input\":{\"@type\":\"PropertyValueSpecification\",\"valueRequired\":true,\"valueName\":\"search_term_string\"}}],\"inLanguage\":\"pt-BR\"},{\"@type\":\"Organization\",\"@id\":\"https:\/\/juacontecimentos.com.br\/site\/#organization\",\"name\":\"Jornal Ultimos Acontecimentos\",\"url\":\"https:\/\/juacontecimentos.com.br\/site\/\",\"logo\":{\"@type\":\"ImageObject\",\"inLanguage\":\"pt-BR\",\"@id\":\"https:\/\/juacontecimentos.com.br\/site\/#\/schema\/logo\/image\/\",\"url\":\"https:\/\/juacontecimentos.com.br\/site\/wp-content\/uploads\/2023\/04\/Logo_Site.png\",\"contentUrl\":\"https:\/\/juacontecimentos.com.br\/site\/wp-content\/uploads\/2023\/04\/Logo_Site.png\",\"width\":2476,\"height\":530,\"caption\":\"Jornal Ultimos Acontecimentos\"},\"image\":{\"@id\":\"https:\/\/juacontecimentos.com.br\/site\/#\/schema\/logo\/image\/\"},\"sameAs\":[\"https:\/\/www.facebook.com\/jultimosacontecimentos\/\"]},{\"@type\":\"Person\",\"@id\":\"https:\/\/juacontecimentos.com.br\/site\/#\/schema\/person\/082a54e6d3fdd7a633291428521c9669\",\"name\":\"Reginaldo Ribeiro\",\"image\":{\"@type\":\"ImageObject\",\"inLanguage\":\"pt-BR\",\"@id\":\"https:\/\/juacontecimentos.com.br\/site\/#\/schema\/person\/image\/\",\"url\":\"https:\/\/secure.gravatar.com\/avatar\/5c16c6837c3490270a74d888c2a845728f06bdde1f8761de1de1d1d1ef82d12f?s=96&d=mm&r=g\",\"contentUrl\":\"https:\/\/secure.gravatar.com\/avatar\/5c16c6837c3490270a74d888c2a845728f06bdde1f8761de1de1d1d1ef82d12f?s=96&d=mm&r=g\",\"caption\":\"Reginaldo Ribeiro\"}}]}<\/script>\n<!-- \/ Yoast SEO plugin. -->","yoast_head_json":{"title":"Metal\u00fargicos reprovam proposta e greve chega ao oitavo dia - Jornal Ultimos Acontecimentos","robots":{"index":"index","follow":"follow","max-snippet":"max-snippet:-1","max-image-preview":"max-image-preview:large","max-video-preview":"max-video-preview:-1"},"canonical":"https:\/\/juacontecimentos.com.br\/site\/metalurgicos-reprovam-proposta-e-greve-chega-ao-oitavo-dia\/","og_locale":"pt_BR","og_type":"article","og_title":"Metal\u00fargicos reprovam proposta e greve chega ao oitavo dia - Jornal Ultimos Acontecimentos","og_description":"Os trabalhadores da Mitsubishi, em Catal\u00e3o, seguem com as atividades paralisadas devido \u00e0 greve deflagrada no dia 16 de outubro. A paralisa\u00e7\u00e3o chega ao seu oitavo dia nesta segunda-feira (23). A empresa apresentou uma proposta, por\u00e9m, os n\u00fameros ofertados n\u00e3o atendem as expectativas dos trabalhadores. Ap\u00f3s assembleia realizada pelo Sindicato dos Metal\u00fargicos de Catal\u00e3o (SIMECAT)","og_url":"https:\/\/juacontecimentos.com.br\/site\/metalurgicos-reprovam-proposta-e-greve-chega-ao-oitavo-dia\/","og_site_name":"Jornal Ultimos Acontecimentos","article_publisher":"https:\/\/www.facebook.com\/jultimosacontecimentos\/","article_published_time":"2017-10-23T21:30:11+00:00","og_image":[{"width":960,"height":540,"url":"https:\/\/juacontecimentos.com.br\/site\/wp-content\/uploads\/2017\/10\/22730191_1552547384788923_3739992570795290880_n.jpg","type":"image\/jpeg"}],"author":"Reginaldo Ribeiro","twitter_card":"summary_large_image","twitter_misc":{"Escrito por":"Reginaldo Ribeiro","Est. tempo de leitura":"1 minuto"},"schema":{"@context":"https:\/\/schema.org","@graph":[{"@type":"Article","@id":"https:\/\/juacontecimentos.com.br\/site\/metalurgicos-reprovam-proposta-e-greve-chega-ao-oitavo-dia\/#article","isPartOf":{"@id":"https:\/\/juacontecimentos.com.br\/site\/metalurgicos-reprovam-proposta-e-greve-chega-ao-oitavo-dia\/"},"author":{"name":"Reginaldo Ribeiro","@id":"https:\/\/juacontecimentos.com.br\/site\/#\/schema\/person\/082a54e6d3fdd7a633291428521c9669"},"headline":"Metal\u00fargicos reprovam proposta e greve chega ao oitavo dia","datePublished":"2017-10-23T21:30:11+00:00","mainEntityOfPage":{"@id":"https:\/\/juacontecimentos.com.br\/site\/metalurgicos-reprovam-proposta-e-greve-chega-ao-oitavo-dia\/"},"wordCount":200,"commentCount":0,"publisher":{"@id":"https:\/\/juacontecimentos.com.br\/site\/#organization"},"image":{"@id":"https:\/\/juacontecimentos.com.br\/site\/metalurgicos-reprovam-proposta-e-greve-chega-ao-oitavo-dia\/#primaryimage"},"thumbnailUrl":"https:\/\/juacontecimentos.com.br\/site\/wp-content\/uploads\/2017\/10\/22730191_1552547384788923_3739992570795290880_n.jpg","articleSection":["Brasil","Catal\u00e3o","Destaque","Goi\u00e1s"],"inLanguage":"pt-BR"},{"@type":"WebPage","@id":"https:\/\/juacontecimentos.com.br\/site\/metalurgicos-reprovam-proposta-e-greve-chega-ao-oitavo-dia\/","url":"https:\/\/juacontecimentos.com.br\/site\/metalurgicos-reprovam-proposta-e-greve-chega-ao-oitavo-dia\/","name":"Metal\u00fargicos reprovam proposta e greve chega ao oitavo dia - Jornal Ultimos Acontecimentos","isPartOf":{"@id":"https:\/\/juacontecimentos.com.br\/site\/#website"},"primaryImageOfPage":{"@id":"https:\/\/juacontecimentos.com.br\/site\/metalurgicos-reprovam-proposta-e-greve-chega-ao-oitavo-dia\/#primaryimage"},"image":{"@id":"https:\/\/juacontecimentos.com.br\/site\/metalurgicos-reprovam-proposta-e-greve-chega-ao-oitavo-dia\/#primaryimage"},"thumbnailUrl":"https:\/\/juacontecimentos.com.br\/site\/wp-content\/uploads\/2017\/10\/22730191_1552547384788923_3739992570795290880_n.jpg","datePublished":"2017-10-23T21:30:11+00:00","breadcrumb":{"@id":"https:\/\/juacontecimentos.com.br\/site\/metalurgicos-reprovam-proposta-e-greve-chega-ao-oitavo-dia\/#breadcrumb"},"inLanguage":"pt-BR","potentialAction":[{"@type":"ReadAction","target":["https:\/\/juacontecimentos.com.br\/site\/metalurgicos-reprovam-proposta-e-greve-chega-ao-oitavo-dia\/"]}]},{"@type":"ImageObject","inLanguage":"pt-BR","@id":"https:\/\/juacontecimentos.com.br\/site\/metalurgicos-reprovam-proposta-e-greve-chega-ao-oitavo-dia\/#primaryimage","url":"https:\/\/juacontecimentos.com.br\/site\/wp-content\/uploads\/2017\/10\/22730191_1552547384788923_3739992570795290880_n.jpg","contentUrl":"https:\/\/juacontecimentos.com.br\/site\/wp-content\/uploads\/2017\/10\/22730191_1552547384788923_3739992570795290880_n.jpg","width":960,"height":540},{"@type":"BreadcrumbList","@id":"https:\/\/juacontecimentos.com.br\/site\/metalurgicos-reprovam-proposta-e-greve-chega-ao-oitavo-dia\/#breadcrumb","itemListElement":[{"@type":"ListItem","position":1,"name":"In\u00edcio","item":"https:\/\/juacontecimentos.com.br\/site\/"},{"@type":"ListItem","position":2,"name":"Metal\u00fargicos reprovam proposta e greve chega ao oitavo dia"}]},{"@type":"WebSite","@id":"https:\/\/juacontecimentos.com.br\/site\/#website","url":"https:\/\/juacontecimentos.com.br\/site\/","name":"Jornal Ultimos Acontecimentos","description":"Catal\u00e3o e regi\u00e3o","publisher":{"@id":"https:\/\/juacontecimentos.com.br\/site\/#organization"},"potentialAction":[{"@type":"SearchAction","target":{"@type":"EntryPoint","urlTemplate":"https:\/\/juacontecimentos.com.br\/site\/?s={search_term_string}"},"query-input":{"@type":"PropertyValueSpecification","valueRequired":true,"valueName":"search_term_string"}}],"inLanguage":"pt-BR"},{"@type":"Organization","@id":"https:\/\/juacontecimentos.com.br\/site\/#organization","name":"Jornal Ultimos Acontecimentos","url":"https:\/\/juacontecimentos.com.br\/site\/","logo":{"@type":"ImageObject","inLanguage":"pt-BR","@id":"https:\/\/juacontecimentos.com.br\/site\/#\/schema\/logo\/image\/","url":"https:\/\/juacontecimentos.com.br\/site\/wp-content\/uploads\/2023\/04\/Logo_Site.png","contentUrl":"https:\/\/juacontecimentos.com.br\/site\/wp-content\/uploads\/2023\/04\/Logo_Site.png","width":2476,"height":530,"caption":"Jornal Ultimos Acontecimentos"},"image":{"@id":"https:\/\/juacontecimentos.com.br\/site\/#\/schema\/logo\/image\/"},"sameAs":["https:\/\/www.facebook.com\/jultimosacontecimentos\/"]},{"@type":"Person","@id":"https:\/\/juacontecimentos.com.br\/site\/#\/schema\/person\/082a54e6d3fdd7a633291428521c9669","name":"Reginaldo Ribeiro","image":{"@type":"ImageObject","inLanguage":"pt-BR","@id":"https:\/\/juacontecimentos.com.br\/site\/#\/schema\/person\/image\/","url":"https:\/\/secure.gravatar.com\/avatar\/5c16c6837c3490270a74d888c2a845728f06bdde1f8761de1de1d1d1ef82d12f?s=96&d=mm&r=g","contentUrl":"https:\/\/secure.gravatar.com\/avatar\/5c16c6837c3490270a74d888c2a845728f06bdde1f8761de1de1d1d1ef82d12f?s=96&d=mm&r=g","caption":"Reginaldo Ribeiro"}}]}},"_links":{"self":[{"href":"https:\/\/juacontecimentos.com.br\/site\/wp-json\/wp\/v2\/posts\/2570","targetHints":{"allow":["GET"]}}],"collection":[{"href":"https:\/\/juacontecimentos.com.br\/site\/wp-json\/wp\/v2\/posts"}],"about":[{"href":"https:\/\/juacontecimentos.com.br\/site\/wp-json\/wp\/v2\/types\/post"}],"author":[{"embeddable":true,"href":"https:\/\/juacontecimentos.com.br\/site\/wp-json\/wp\/v2\/users\/2"}],"replies":[{"embeddable":true,"href":"https:\/\/juacontecimentos.com.br\/site\/wp-json\/wp\/v2\/comments?post=2570"}],"version-history":[{"count":1,"href":"https:\/\/juacontecimentos.com.br\/site\/wp-json\/wp\/v2\/posts\/2570\/revisions"}],"predecessor-version":[{"id":2572,"href":"https:\/\/juacontecimentos.com.br\/site\/wp-json\/wp\/v2\/posts\/2570\/revisions\/2572"}],"wp:featuredmedia":[{"embeddable":true,"href":"https:\/\/juacontecimentos.com.br\/site\/wp-json\/wp\/v2\/media\/2571"}],"wp:attachment":[{"href":"https:\/\/juacontecimentos.com.br\/site\/wp-json\/wp\/v2\/media?parent=2570"}],"wp:term":[{"taxonomy":"category","embeddable":true,"href":"https:\/\/juacontecimentos.com.br\/site\/wp-json\/wp\/v2\/categories?post=2570"},{"taxonomy":"post_tag","embeddable":true,"href":"https:\/\/juacontecimentos.com.br\/site\/wp-json\/wp\/v2\/tags?post=2570"}],"curies":[{"name":"wp","href":"https:\/\/api.w.org\/{rel}","templated":true}]}}