{"id":26752,"date":"2023-07-17T18:33:05","date_gmt":"2023-07-17T21:33:05","guid":{"rendered":"https:\/\/juacontecimentos.com.br\/site\/?p=26752"},"modified":"2023-07-19T06:50:59","modified_gmt":"2023-07-19T09:50:59","slug":"mais-do-que-nunca-as-florestas-precisam-da-nossa-protecao","status":"publish","type":"post","link":"https:\/\/juacontecimentos.com.br\/site\/mais-do-que-nunca-as-florestas-precisam-da-nossa-protecao\/","title":{"rendered":"Mais do que nunca as florestas precisam da nossa prote\u00e7\u00e3o"},"content":{"rendered":"<p><img loading=\"lazy\" decoding=\"async\" class=\"alignnone size-large wp-image-26755\" src=\"https:\/\/juacontecimentos.com.br\/site\/wp-content\/uploads\/2023\/07\/Dia-Prote\u00e7\u00e3o-Florestas-portal-816x1024.png\" alt=\"\" width=\"816\" height=\"1024\" srcset=\"https:\/\/juacontecimentos.com.br\/site\/wp-content\/uploads\/2023\/07\/Dia-Prote\u00e7\u00e3o-Florestas-portal-816x1024.png 816w, https:\/\/juacontecimentos.com.br\/site\/wp-content\/uploads\/2023\/07\/Dia-Prote\u00e7\u00e3o-Florestas-portal-239x300.png 239w, https:\/\/juacontecimentos.com.br\/site\/wp-content\/uploads\/2023\/07\/Dia-Prote\u00e7\u00e3o-Florestas-portal-768x964.png 768w, https:\/\/juacontecimentos.com.br\/site\/wp-content\/uploads\/2023\/07\/Dia-Prote\u00e7\u00e3o-Florestas-portal.png 1082w\" sizes=\"auto, (max-width: 816px) 100vw, 816px\" \/><\/p>\n<p>Os servi\u00e7os florestais s\u00e3o inestim\u00e1veis.<\/p>\n<p>Por cima, os rios; por baixo, os aqu\u00edferos, fornecem um bem incalcul\u00e1vel \u2013 a \u00e1gua doce.<\/p>\n<p>Tamb\u00e9m tem \u00e1gua que vem pelo ar \u2013 os \u201cRios Voadores\u201d. Bilh\u00f5es de toneladas que passam por cima de nossas cabe\u00e7as trazidas pelo vento distribuindo chuva e umidade cortando v\u00e1rios estados brasileiros.<\/p>\n<p>As grandes florestas, como a Amaz\u00f4nica &#8211; a maior floresta tropical do mundo -, s\u00e3o determinantes para o equil\u00edbrio dos ecossistemas e da biodiversidade.<\/p>\n<p>Preservam o solo, sequestram carbono, regulam o clima, controlam eros\u00f5es.<\/p>\n<p>Fornecem alimentos e medicamentos, desempenham fun\u00e7\u00f5es sociais e econ\u00f4micas para os seres humanos.<\/p>\n<p>Al\u00e9m disso, nos encantam pelas belezas diversas, esp\u00e9cies distintas e cores variadas.<\/p>\n<p>Por fim, dependemos delas. Uma floresta em p\u00e9 vale a vida.<\/p>\n<p>Fonte: Comunica\u00e7\u00e3o Sefac<br \/>\n<\/p>\n","protected":false},"excerpt":{"rendered":"<p>Os servi\u00e7os florestais s\u00e3o inestim\u00e1veis. Por cima, os rios; por baixo, os aqu\u00edferos, fornecem um bem incalcul\u00e1vel \u2013 a \u00e1gua doce. Tamb\u00e9m tem \u00e1gua que vem pelo ar \u2013 os \u201cRios Voadores\u201d. Bilh\u00f5es de toneladas que passam por cima de nossas cabe\u00e7as trazidas pelo vento distribuindo chuva e umidade cortando v\u00e1rios estados brasileiros. As grandes<\/p>\n","protected":false},"author":2,"featured_media":26758,"comment_status":"open","ping_status":"open","sticky":false,"template":"","format":"standard","meta":{"footnotes":""},"categories":[27,22,26,23],"tags":[],"class_list":["post-26752","post","type-post","status-publish","format-standard","has-post-thumbnail","hentry","category-brasil","category-catalao","category-destaque","category-goias"],"yoast_head":"<!-- This site is optimized with the Yoast SEO plugin v25.8 - https:\/\/yoast.com\/wordpress\/plugins\/seo\/ -->\n<title>Mais do que nunca as florestas precisam da nossa prote\u00e7\u00e3o - Jornal Ultimos Acontecimentos<\/title>\n<meta name=\"robots\" content=\"index, follow, max-snippet:-1, max-image-preview:large, max-video-preview:-1\" \/>\n<link rel=\"canonical\" href=\"https:\/\/juacontecimentos.com.br\/site\/mais-do-que-nunca-as-florestas-precisam-da-nossa-protecao\/\" \/>\n<meta property=\"og:locale\" content=\"pt_BR\" \/>\n<meta property=\"og:type\" content=\"article\" \/>\n<meta property=\"og:title\" content=\"Mais do que nunca as florestas precisam da nossa prote\u00e7\u00e3o - Jornal Ultimos Acontecimentos\" \/>\n<meta property=\"og:description\" content=\"Os servi\u00e7os florestais s\u00e3o inestim\u00e1veis. Por cima, os rios; por baixo, os aqu\u00edferos, fornecem um bem incalcul\u00e1vel \u2013 a \u00e1gua doce. Tamb\u00e9m tem \u00e1gua que vem pelo ar \u2013 os \u201cRios Voadores\u201d. Bilh\u00f5es de toneladas que passam por cima de nossas cabe\u00e7as trazidas pelo vento distribuindo chuva e umidade cortando v\u00e1rios estados brasileiros. As grandes\" \/>\n<meta property=\"og:url\" content=\"https:\/\/juacontecimentos.com.br\/site\/mais-do-que-nunca-as-florestas-precisam-da-nossa-protecao\/\" \/>\n<meta property=\"og:site_name\" content=\"Jornal Ultimos Acontecimentos\" \/>\n<meta property=\"article:publisher\" content=\"https:\/\/www.facebook.com\/jultimosacontecimentos\/\" \/>\n<meta property=\"article:published_time\" content=\"2023-07-17T21:33:05+00:00\" \/>\n<meta property=\"article:modified_time\" content=\"2023-07-19T09:50:59+00:00\" \/>\n<meta property=\"og:image\" content=\"https:\/\/juacontecimentos.com.br\/site\/wp-content\/uploads\/2023\/07\/Dia-Prote\u00e7\u00e3o-Floresta-\u00daltimos-acontecimentos-horizontal-1024x539.png\" \/>\n\t<meta property=\"og:image:width\" content=\"1024\" \/>\n\t<meta property=\"og:image:height\" content=\"539\" \/>\n\t<meta property=\"og:image:type\" content=\"image\/png\" \/>\n<meta name=\"author\" content=\"Reginaldo Ribeiro\" \/>\n<meta name=\"twitter:card\" content=\"summary_large_image\" \/>\n<meta name=\"twitter:label1\" content=\"Escrito por\" \/>\n\t<meta name=\"twitter:data1\" content=\"Reginaldo Ribeiro\" \/>\n\t<meta name=\"twitter:label2\" content=\"Est. tempo de leitura\" \/>\n\t<meta name=\"twitter:data2\" content=\"1 minuto\" \/>\n<script type=\"application\/ld+json\" class=\"yoast-schema-graph\">{\"@context\":\"https:\/\/schema.org\",\"@graph\":[{\"@type\":\"Article\",\"@id\":\"https:\/\/juacontecimentos.com.br\/site\/mais-do-que-nunca-as-florestas-precisam-da-nossa-protecao\/#article\",\"isPartOf\":{\"@id\":\"https:\/\/juacontecimentos.com.br\/site\/mais-do-que-nunca-as-florestas-precisam-da-nossa-protecao\/\"},\"author\":{\"name\":\"Reginaldo Ribeiro\",\"@id\":\"https:\/\/juacontecimentos.com.br\/site\/#\/schema\/person\/082a54e6d3fdd7a633291428521c9669\"},\"headline\":\"Mais do que nunca as florestas precisam da nossa prote\u00e7\u00e3o\",\"datePublished\":\"2023-07-17T21:33:05+00:00\",\"dateModified\":\"2023-07-19T09:50:59+00:00\",\"mainEntityOfPage\":{\"@id\":\"https:\/\/juacontecimentos.com.br\/site\/mais-do-que-nunca-as-florestas-precisam-da-nossa-protecao\/\"},\"wordCount\":153,\"commentCount\":0,\"publisher\":{\"@id\":\"https:\/\/juacontecimentos.com.br\/site\/#organization\"},\"image\":{\"@id\":\"https:\/\/juacontecimentos.com.br\/site\/mais-do-que-nunca-as-florestas-precisam-da-nossa-protecao\/#primaryimage\"},\"thumbnailUrl\":\"https:\/\/juacontecimentos.com.br\/site\/wp-content\/uploads\/2023\/07\/Dia-Prote\u00e7\u00e3o-Floresta-\u00daltimos-acontecimentos-horizontal.png\",\"articleSection\":[\"Brasil\",\"Catal\u00e3o\",\"Destaque\",\"Goi\u00e1s\"],\"inLanguage\":\"pt-BR\"},{\"@type\":\"WebPage\",\"@id\":\"https:\/\/juacontecimentos.com.br\/site\/mais-do-que-nunca-as-florestas-precisam-da-nossa-protecao\/\",\"url\":\"https:\/\/juacontecimentos.com.br\/site\/mais-do-que-nunca-as-florestas-precisam-da-nossa-protecao\/\",\"name\":\"Mais do que nunca as florestas precisam da nossa prote\u00e7\u00e3o - Jornal Ultimos Acontecimentos\",\"isPartOf\":{\"@id\":\"https:\/\/juacontecimentos.com.br\/site\/#website\"},\"primaryImageOfPage\":{\"@id\":\"https:\/\/juacontecimentos.com.br\/site\/mais-do-que-nunca-as-florestas-precisam-da-nossa-protecao\/#primaryimage\"},\"image\":{\"@id\":\"https:\/\/juacontecimentos.com.br\/site\/mais-do-que-nunca-as-florestas-precisam-da-nossa-protecao\/#primaryimage\"},\"thumbnailUrl\":\"https:\/\/juacontecimentos.com.br\/site\/wp-content\/uploads\/2023\/07\/Dia-Prote\u00e7\u00e3o-Floresta-\u00daltimos-acontecimentos-horizontal.png\",\"datePublished\":\"2023-07-17T21:33:05+00:00\",\"dateModified\":\"2023-07-19T09:50:59+00:00\",\"breadcrumb\":{\"@id\":\"https:\/\/juacontecimentos.com.br\/site\/mais-do-que-nunca-as-florestas-precisam-da-nossa-protecao\/#breadcrumb\"},\"inLanguage\":\"pt-BR\",\"potentialAction\":[{\"@type\":\"ReadAction\",\"target\":[\"https:\/\/juacontecimentos.com.br\/site\/mais-do-que-nunca-as-florestas-precisam-da-nossa-protecao\/\"]}]},{\"@type\":\"ImageObject\",\"inLanguage\":\"pt-BR\",\"@id\":\"https:\/\/juacontecimentos.com.br\/site\/mais-do-que-nunca-as-florestas-precisam-da-nossa-protecao\/#primaryimage\",\"url\":\"https:\/\/juacontecimentos.com.br\/site\/wp-content\/uploads\/2023\/07\/Dia-Prote\u00e7\u00e3o-Floresta-\u00daltimos-acontecimentos-horizontal.png\",\"contentUrl\":\"https:\/\/juacontecimentos.com.br\/site\/wp-content\/uploads\/2023\/07\/Dia-Prote\u00e7\u00e3o-Floresta-\u00daltimos-acontecimentos-horizontal.png\",\"width\":1804,\"height\":950},{\"@type\":\"BreadcrumbList\",\"@id\":\"https:\/\/juacontecimentos.com.br\/site\/mais-do-que-nunca-as-florestas-precisam-da-nossa-protecao\/#breadcrumb\",\"itemListElement\":[{\"@type\":\"ListItem\",\"position\":1,\"name\":\"In\u00edcio\",\"item\":\"https:\/\/juacontecimentos.com.br\/site\/\"},{\"@type\":\"ListItem\",\"position\":2,\"name\":\"Mais do que nunca as florestas precisam da nossa prote\u00e7\u00e3o\"}]},{\"@type\":\"WebSite\",\"@id\":\"https:\/\/juacontecimentos.com.br\/site\/#website\",\"url\":\"https:\/\/juacontecimentos.com.br\/site\/\",\"name\":\"Jornal Ultimos Acontecimentos\",\"description\":\"Catal\u00e3o e regi\u00e3o\",\"publisher\":{\"@id\":\"https:\/\/juacontecimentos.com.br\/site\/#organization\"},\"potentialAction\":[{\"@type\":\"SearchAction\",\"target\":{\"@type\":\"EntryPoint\",\"urlTemplate\":\"https:\/\/juacontecimentos.com.br\/site\/?s={search_term_string}\"},\"query-input\":{\"@type\":\"PropertyValueSpecification\",\"valueRequired\":true,\"valueName\":\"search_term_string\"}}],\"inLanguage\":\"pt-BR\"},{\"@type\":\"Organization\",\"@id\":\"https:\/\/juacontecimentos.com.br\/site\/#organization\",\"name\":\"Jornal Ultimos Acontecimentos\",\"url\":\"https:\/\/juacontecimentos.com.br\/site\/\",\"logo\":{\"@type\":\"ImageObject\",\"inLanguage\":\"pt-BR\",\"@id\":\"https:\/\/juacontecimentos.com.br\/site\/#\/schema\/logo\/image\/\",\"url\":\"https:\/\/juacontecimentos.com.br\/site\/wp-content\/uploads\/2023\/04\/Logo_Site.png\",\"contentUrl\":\"https:\/\/juacontecimentos.com.br\/site\/wp-content\/uploads\/2023\/04\/Logo_Site.png\",\"width\":2476,\"height\":530,\"caption\":\"Jornal Ultimos Acontecimentos\"},\"image\":{\"@id\":\"https:\/\/juacontecimentos.com.br\/site\/#\/schema\/logo\/image\/\"},\"sameAs\":[\"https:\/\/www.facebook.com\/jultimosacontecimentos\/\"]},{\"@type\":\"Person\",\"@id\":\"https:\/\/juacontecimentos.com.br\/site\/#\/schema\/person\/082a54e6d3fdd7a633291428521c9669\",\"name\":\"Reginaldo Ribeiro\",\"image\":{\"@type\":\"ImageObject\",\"inLanguage\":\"pt-BR\",\"@id\":\"https:\/\/juacontecimentos.com.br\/site\/#\/schema\/person\/image\/\",\"url\":\"https:\/\/secure.gravatar.com\/avatar\/5c16c6837c3490270a74d888c2a845728f06bdde1f8761de1de1d1d1ef82d12f?s=96&d=mm&r=g\",\"contentUrl\":\"https:\/\/secure.gravatar.com\/avatar\/5c16c6837c3490270a74d888c2a845728f06bdde1f8761de1de1d1d1ef82d12f?s=96&d=mm&r=g\",\"caption\":\"Reginaldo Ribeiro\"}}]}<\/script>\n<!-- \/ Yoast SEO plugin. -->","yoast_head_json":{"title":"Mais do que nunca as florestas precisam da nossa prote\u00e7\u00e3o - Jornal Ultimos Acontecimentos","robots":{"index":"index","follow":"follow","max-snippet":"max-snippet:-1","max-image-preview":"max-image-preview:large","max-video-preview":"max-video-preview:-1"},"canonical":"https:\/\/juacontecimentos.com.br\/site\/mais-do-que-nunca-as-florestas-precisam-da-nossa-protecao\/","og_locale":"pt_BR","og_type":"article","og_title":"Mais do que nunca as florestas precisam da nossa prote\u00e7\u00e3o - Jornal Ultimos Acontecimentos","og_description":"Os servi\u00e7os florestais s\u00e3o inestim\u00e1veis. Por cima, os rios; por baixo, os aqu\u00edferos, fornecem um bem incalcul\u00e1vel \u2013 a \u00e1gua doce. Tamb\u00e9m tem \u00e1gua que vem pelo ar \u2013 os \u201cRios Voadores\u201d. Bilh\u00f5es de toneladas que passam por cima de nossas cabe\u00e7as trazidas pelo vento distribuindo chuva e umidade cortando v\u00e1rios estados brasileiros. As grandes","og_url":"https:\/\/juacontecimentos.com.br\/site\/mais-do-que-nunca-as-florestas-precisam-da-nossa-protecao\/","og_site_name":"Jornal Ultimos Acontecimentos","article_publisher":"https:\/\/www.facebook.com\/jultimosacontecimentos\/","article_published_time":"2023-07-17T21:33:05+00:00","article_modified_time":"2023-07-19T09:50:59+00:00","og_image":[{"width":1024,"height":539,"url":"https:\/\/juacontecimentos.com.br\/site\/wp-content\/uploads\/2023\/07\/Dia-Prote\u00e7\u00e3o-Floresta-\u00daltimos-acontecimentos-horizontal-1024x539.png","type":"image\/png"}],"author":"Reginaldo Ribeiro","twitter_card":"summary_large_image","twitter_misc":{"Escrito por":"Reginaldo Ribeiro","Est. tempo de leitura":"1 minuto"},"schema":{"@context":"https:\/\/schema.org","@graph":[{"@type":"Article","@id":"https:\/\/juacontecimentos.com.br\/site\/mais-do-que-nunca-as-florestas-precisam-da-nossa-protecao\/#article","isPartOf":{"@id":"https:\/\/juacontecimentos.com.br\/site\/mais-do-que-nunca-as-florestas-precisam-da-nossa-protecao\/"},"author":{"name":"Reginaldo Ribeiro","@id":"https:\/\/juacontecimentos.com.br\/site\/#\/schema\/person\/082a54e6d3fdd7a633291428521c9669"},"headline":"Mais do que nunca as florestas precisam da nossa prote\u00e7\u00e3o","datePublished":"2023-07-17T21:33:05+00:00","dateModified":"2023-07-19T09:50:59+00:00","mainEntityOfPage":{"@id":"https:\/\/juacontecimentos.com.br\/site\/mais-do-que-nunca-as-florestas-precisam-da-nossa-protecao\/"},"wordCount":153,"commentCount":0,"publisher":{"@id":"https:\/\/juacontecimentos.com.br\/site\/#organization"},"image":{"@id":"https:\/\/juacontecimentos.com.br\/site\/mais-do-que-nunca-as-florestas-precisam-da-nossa-protecao\/#primaryimage"},"thumbnailUrl":"https:\/\/juacontecimentos.com.br\/site\/wp-content\/uploads\/2023\/07\/Dia-Prote\u00e7\u00e3o-Floresta-\u00daltimos-acontecimentos-horizontal.png","articleSection":["Brasil","Catal\u00e3o","Destaque","Goi\u00e1s"],"inLanguage":"pt-BR"},{"@type":"WebPage","@id":"https:\/\/juacontecimentos.com.br\/site\/mais-do-que-nunca-as-florestas-precisam-da-nossa-protecao\/","url":"https:\/\/juacontecimentos.com.br\/site\/mais-do-que-nunca-as-florestas-precisam-da-nossa-protecao\/","name":"Mais do que nunca as florestas precisam da nossa prote\u00e7\u00e3o - Jornal Ultimos Acontecimentos","isPartOf":{"@id":"https:\/\/juacontecimentos.com.br\/site\/#website"},"primaryImageOfPage":{"@id":"https:\/\/juacontecimentos.com.br\/site\/mais-do-que-nunca-as-florestas-precisam-da-nossa-protecao\/#primaryimage"},"image":{"@id":"https:\/\/juacontecimentos.com.br\/site\/mais-do-que-nunca-as-florestas-precisam-da-nossa-protecao\/#primaryimage"},"thumbnailUrl":"https:\/\/juacontecimentos.com.br\/site\/wp-content\/uploads\/2023\/07\/Dia-Prote\u00e7\u00e3o-Floresta-\u00daltimos-acontecimentos-horizontal.png","datePublished":"2023-07-17T21:33:05+00:00","dateModified":"2023-07-19T09:50:59+00:00","breadcrumb":{"@id":"https:\/\/juacontecimentos.com.br\/site\/mais-do-que-nunca-as-florestas-precisam-da-nossa-protecao\/#breadcrumb"},"inLanguage":"pt-BR","potentialAction":[{"@type":"ReadAction","target":["https:\/\/juacontecimentos.com.br\/site\/mais-do-que-nunca-as-florestas-precisam-da-nossa-protecao\/"]}]},{"@type":"ImageObject","inLanguage":"pt-BR","@id":"https:\/\/juacontecimentos.com.br\/site\/mais-do-que-nunca-as-florestas-precisam-da-nossa-protecao\/#primaryimage","url":"https:\/\/juacontecimentos.com.br\/site\/wp-content\/uploads\/2023\/07\/Dia-Prote\u00e7\u00e3o-Floresta-\u00daltimos-acontecimentos-horizontal.png","contentUrl":"https:\/\/juacontecimentos.com.br\/site\/wp-content\/uploads\/2023\/07\/Dia-Prote\u00e7\u00e3o-Floresta-\u00daltimos-acontecimentos-horizontal.png","width":1804,"height":950},{"@type":"BreadcrumbList","@id":"https:\/\/juacontecimentos.com.br\/site\/mais-do-que-nunca-as-florestas-precisam-da-nossa-protecao\/#breadcrumb","itemListElement":[{"@type":"ListItem","position":1,"name":"In\u00edcio","item":"https:\/\/juacontecimentos.com.br\/site\/"},{"@type":"ListItem","position":2,"name":"Mais do que nunca as florestas precisam da nossa prote\u00e7\u00e3o"}]},{"@type":"WebSite","@id":"https:\/\/juacontecimentos.com.br\/site\/#website","url":"https:\/\/juacontecimentos.com.br\/site\/","name":"Jornal Ultimos Acontecimentos","description":"Catal\u00e3o e regi\u00e3o","publisher":{"@id":"https:\/\/juacontecimentos.com.br\/site\/#organization"},"potentialAction":[{"@type":"SearchAction","target":{"@type":"EntryPoint","urlTemplate":"https:\/\/juacontecimentos.com.br\/site\/?s={search_term_string}"},"query-input":{"@type":"PropertyValueSpecification","valueRequired":true,"valueName":"search_term_string"}}],"inLanguage":"pt-BR"},{"@type":"Organization","@id":"https:\/\/juacontecimentos.com.br\/site\/#organization","name":"Jornal Ultimos Acontecimentos","url":"https:\/\/juacontecimentos.com.br\/site\/","logo":{"@type":"ImageObject","inLanguage":"pt-BR","@id":"https:\/\/juacontecimentos.com.br\/site\/#\/schema\/logo\/image\/","url":"https:\/\/juacontecimentos.com.br\/site\/wp-content\/uploads\/2023\/04\/Logo_Site.png","contentUrl":"https:\/\/juacontecimentos.com.br\/site\/wp-content\/uploads\/2023\/04\/Logo_Site.png","width":2476,"height":530,"caption":"Jornal Ultimos Acontecimentos"},"image":{"@id":"https:\/\/juacontecimentos.com.br\/site\/#\/schema\/logo\/image\/"},"sameAs":["https:\/\/www.facebook.com\/jultimosacontecimentos\/"]},{"@type":"Person","@id":"https:\/\/juacontecimentos.com.br\/site\/#\/schema\/person\/082a54e6d3fdd7a633291428521c9669","name":"Reginaldo Ribeiro","image":{"@type":"ImageObject","inLanguage":"pt-BR","@id":"https:\/\/juacontecimentos.com.br\/site\/#\/schema\/person\/image\/","url":"https:\/\/secure.gravatar.com\/avatar\/5c16c6837c3490270a74d888c2a845728f06bdde1f8761de1de1d1d1ef82d12f?s=96&d=mm&r=g","contentUrl":"https:\/\/secure.gravatar.com\/avatar\/5c16c6837c3490270a74d888c2a845728f06bdde1f8761de1de1d1d1ef82d12f?s=96&d=mm&r=g","caption":"Reginaldo Ribeiro"}}]}},"_links":{"self":[{"href":"https:\/\/juacontecimentos.com.br\/site\/wp-json\/wp\/v2\/posts\/26752","targetHints":{"allow":["GET"]}}],"collection":[{"href":"https:\/\/juacontecimentos.com.br\/site\/wp-json\/wp\/v2\/posts"}],"about":[{"href":"https:\/\/juacontecimentos.com.br\/site\/wp-json\/wp\/v2\/types\/post"}],"author":[{"embeddable":true,"href":"https:\/\/juacontecimentos.com.br\/site\/wp-json\/wp\/v2\/users\/2"}],"replies":[{"embeddable":true,"href":"https:\/\/juacontecimentos.com.br\/site\/wp-json\/wp\/v2\/comments?post=26752"}],"version-history":[{"count":5,"href":"https:\/\/juacontecimentos.com.br\/site\/wp-json\/wp\/v2\/posts\/26752\/revisions"}],"predecessor-version":[{"id":26764,"href":"https:\/\/juacontecimentos.com.br\/site\/wp-json\/wp\/v2\/posts\/26752\/revisions\/26764"}],"wp:featuredmedia":[{"embeddable":true,"href":"https:\/\/juacontecimentos.com.br\/site\/wp-json\/wp\/v2\/media\/26758"}],"wp:attachment":[{"href":"https:\/\/juacontecimentos.com.br\/site\/wp-json\/wp\/v2\/media?parent=26752"}],"wp:term":[{"taxonomy":"category","embeddable":true,"href":"https:\/\/juacontecimentos.com.br\/site\/wp-json\/wp\/v2\/categories?post=26752"},{"taxonomy":"post_tag","embeddable":true,"href":"https:\/\/juacontecimentos.com.br\/site\/wp-json\/wp\/v2\/tags?post=26752"}],"curies":[{"name":"wp","href":"https:\/\/api.w.org\/{rel}","templated":true}]}}