{"id":27140,"date":"2023-08-14T08:52:15","date_gmt":"2023-08-14T11:52:15","guid":{"rendered":"https:\/\/juacontecimentos.com.br\/site\/?p=27140"},"modified":"2023-08-14T08:53:51","modified_gmt":"2023-08-14T11:53:51","slug":"advogado-de-mauro-cid-deixa-defesa-apos-quebra-de-confianca","status":"publish","type":"post","link":"https:\/\/juacontecimentos.com.br\/site\/advogado-de-mauro-cid-deixa-defesa-apos-quebra-de-confianca\/","title":{"rendered":"Advogado de Mauro Cid deixa defesa ap\u00f3s \u201cquebra de confian\u00e7a\u201d"},"content":{"rendered":"<div class=\"text-center\">\n<h2>Advogado deixa defesa de Mauro Cid ap\u00f3s revela\u00e7\u00f5es de negocia\u00e7\u00e3o de joias<\/h2>\n<\/div>\n<div class=\"noticia-detalhes\"><span class=\"data-noticia\">Por: Tathyane Melo<\/span><\/div>\n<div><\/div>\n<div>\n<div id=\"attachment_27142\" style=\"width: 985px\" class=\"wp-caption alignnone\"><img loading=\"lazy\" decoding=\"async\" aria-describedby=\"caption-attachment-27142\" class=\" wp-image-27142\" src=\"https:\/\/juacontecimentos.com.br\/site\/wp-content\/uploads\/2023\/08\/cidi-1024x632.jpg\" alt=\"\" width=\"975\" height=\"601\" srcset=\"https:\/\/juacontecimentos.com.br\/site\/wp-content\/uploads\/2023\/08\/cidi-1024x632.jpg 1024w, https:\/\/juacontecimentos.com.br\/site\/wp-content\/uploads\/2023\/08\/cidi-300x185.jpg 300w, https:\/\/juacontecimentos.com.br\/site\/wp-content\/uploads\/2023\/08\/cidi-768x474.jpg 768w, https:\/\/juacontecimentos.com.br\/site\/wp-content\/uploads\/2023\/08\/cidi.jpg 1602w\" sizes=\"auto, (max-width: 975px) 100vw, 975px\" \/><p id=\"caption-attachment-27142\" class=\"wp-caption-text\">Advogado deixa defesa de Mauro Cid ap\u00f3s revela\u00e7\u00f5es de negocia\u00e7\u00e3o de joias | Foto: Ag\u00eancia Brasil<\/p><\/div>\n<\/div>\n<div>\n<p>A defesa de\u00a0<a href=\"https:\/\/ohoje.com\/?s=Mauro+Cid\">Mauro Cid<\/a>\u00a0enfrenta mais uma mudan\u00e7a \u00e0 medida que o advogado Bernardo Fenelon, especialista em acordos de dela\u00e7\u00e3o premiada, decide deixar o caso. Fenelon \u00e9 o segundo advogado a abandonar a defesa do militar desde o in\u00edcio deste ano. Anteriormente,\u00a0<a href=\"https:\/\/ohoje.com\/?s=Rodrigo+Roca\">Rodrigo Roca<\/a>, que possui liga\u00e7\u00f5es pr\u00f3ximas \u00e0 fam\u00edlia Bolsonaro, atuava em sua defesa at\u00e9 maio deste ano.<\/p>\n<p>A sa\u00edda do advogado ocorre logo ap\u00f3s a revela\u00e7\u00e3o de documentos da CPMI do dia 8 de janeiro, que expuseram a negocia\u00e7\u00e3o de um Rolex pelo tenente-coronel e ex-ajudante de ordens de\u00a0<a href=\"https:\/\/ohoje.com\/?s=Jair+Bolsonaro+\">Jair Bolsonaro<\/a>\u00a0(<a href=\"https:\/\/partidoliberal.org.br\/\">PL<\/a>), Mauro Cid. Essa nova informa\u00e7\u00e3o gerou uma \u201cquebra de confian\u00e7a\u201d entre Mauro Cid e sua equipe de defesa, o que teria influenciado na decis\u00e3o de Fenelon de deixar o caso.<\/p>\n<p>Nova informa\u00e7\u00e3o da desist\u00eancia do advogado\u00a0<a href=\"https:\/\/ohoje.com\/?s=Bernardo+Fenelon\">Bernardo Fenelon<\/a>\u00a0foi divulgado em apura\u00e7\u00e3o do O Globo. Fenelon ainda n\u00e3o divulgou oficialmente os motivos por tr\u00e1s de sua sa\u00edda do caso.<\/p>\n<p>A recente opera\u00e7\u00e3o da Pol\u00edcia Federal (<a href=\"https:\/\/www.gov.br\/pf\/pt-br\">PF<\/a>), que incluiu Mauro Cid, seu pai, o general\u00a0<a href=\"https:\/\/ohoje.com\/?s=Mauro+Lourena+Cid\">Mauro Lourena Cid<\/a>, o advogado\u00a0<a href=\"https:\/\/ohoje.com\/?s=Frederick+Wassef\">Frederick Wassef<\/a>\u00a0e o tenente\u00a0<a href=\"https:\/\/ohoje.com\/?s=Osmar+Crivelatti\">Osmar Crivelatti<\/a>, investiga a venda de itens de alto valor patrimonial do acervo da Presid\u00eancia no exterior.<\/p>\n<p>Os suspeitos s\u00e3o investigados por desvio de bens presenteados pelo rei da Ar\u00e1bia Saudita em miss\u00f5es oficiais por meio da venda desses itens em pa\u00edses estrangeiros. At\u00e9 o momento, Mauro Cid ainda n\u00e3o nomeou um novo advogado para assumir sua defesa diante das recentes revela\u00e7\u00f5es.<\/p>\n<\/div>\n<p><\/p>\n","protected":false},"excerpt":{"rendered":"<p>Advogado deixa defesa de Mauro Cid ap\u00f3s revela\u00e7\u00f5es de negocia\u00e7\u00e3o de joias Por: Tathyane Melo A defesa de\u00a0Mauro Cid\u00a0enfrenta mais uma mudan\u00e7a \u00e0 medida que o advogado Bernardo Fenelon, especialista em acordos de dela\u00e7\u00e3o premiada, decide deixar o caso. Fenelon \u00e9 o segundo advogado a abandonar a defesa do militar desde o in\u00edcio deste ano.<\/p>\n","protected":false},"author":2,"featured_media":27142,"comment_status":"open","ping_status":"open","sticky":false,"template":"","format":"standard","meta":{"footnotes":""},"categories":[27,22,26,23],"tags":[],"class_list":["post-27140","post","type-post","status-publish","format-standard","has-post-thumbnail","hentry","category-brasil","category-catalao","category-destaque","category-goias"],"yoast_head":"<!-- This site is optimized with the Yoast SEO plugin v25.8 - https:\/\/yoast.com\/wordpress\/plugins\/seo\/ -->\n<title>Advogado de Mauro Cid deixa defesa ap\u00f3s \u201cquebra de confian\u00e7a\u201d - Jornal Ultimos Acontecimentos<\/title>\n<meta name=\"robots\" content=\"index, follow, max-snippet:-1, max-image-preview:large, max-video-preview:-1\" \/>\n<link rel=\"canonical\" href=\"https:\/\/juacontecimentos.com.br\/site\/advogado-de-mauro-cid-deixa-defesa-apos-quebra-de-confianca\/\" \/>\n<meta property=\"og:locale\" content=\"pt_BR\" \/>\n<meta property=\"og:type\" content=\"article\" \/>\n<meta property=\"og:title\" content=\"Advogado de Mauro Cid deixa defesa ap\u00f3s \u201cquebra de confian\u00e7a\u201d - Jornal Ultimos Acontecimentos\" \/>\n<meta property=\"og:description\" content=\"Advogado deixa defesa de Mauro Cid ap\u00f3s revela\u00e7\u00f5es de negocia\u00e7\u00e3o de joias Por: Tathyane Melo A defesa de\u00a0Mauro Cid\u00a0enfrenta mais uma mudan\u00e7a \u00e0 medida que o advogado Bernardo Fenelon, especialista em acordos de dela\u00e7\u00e3o premiada, decide deixar o caso. Fenelon \u00e9 o segundo advogado a abandonar a defesa do militar desde o in\u00edcio deste ano.\" \/>\n<meta property=\"og:url\" content=\"https:\/\/juacontecimentos.com.br\/site\/advogado-de-mauro-cid-deixa-defesa-apos-quebra-de-confianca\/\" \/>\n<meta property=\"og:site_name\" content=\"Jornal Ultimos Acontecimentos\" \/>\n<meta property=\"article:publisher\" content=\"https:\/\/www.facebook.com\/jultimosacontecimentos\/\" \/>\n<meta property=\"article:published_time\" content=\"2023-08-14T11:52:15+00:00\" \/>\n<meta property=\"article:modified_time\" content=\"2023-08-14T11:53:51+00:00\" \/>\n<meta property=\"og:image\" content=\"https:\/\/juacontecimentos.com.br\/site\/wp-content\/uploads\/2023\/08\/cidi.jpg\" \/>\n\t<meta property=\"og:image:width\" content=\"1602\" \/>\n\t<meta property=\"og:image:height\" content=\"988\" \/>\n\t<meta property=\"og:image:type\" content=\"image\/jpeg\" \/>\n<meta name=\"author\" content=\"Reginaldo Ribeiro\" \/>\n<meta name=\"twitter:card\" content=\"summary_large_image\" \/>\n<meta name=\"twitter:label1\" content=\"Escrito por\" \/>\n\t<meta name=\"twitter:data1\" content=\"Reginaldo Ribeiro\" \/>\n\t<meta name=\"twitter:label2\" content=\"Est. tempo de leitura\" \/>\n\t<meta name=\"twitter:data2\" content=\"2 minutos\" \/>\n<script type=\"application\/ld+json\" class=\"yoast-schema-graph\">{\"@context\":\"https:\/\/schema.org\",\"@graph\":[{\"@type\":\"Article\",\"@id\":\"https:\/\/juacontecimentos.com.br\/site\/advogado-de-mauro-cid-deixa-defesa-apos-quebra-de-confianca\/#article\",\"isPartOf\":{\"@id\":\"https:\/\/juacontecimentos.com.br\/site\/advogado-de-mauro-cid-deixa-defesa-apos-quebra-de-confianca\/\"},\"author\":{\"name\":\"Reginaldo Ribeiro\",\"@id\":\"https:\/\/juacontecimentos.com.br\/site\/#\/schema\/person\/082a54e6d3fdd7a633291428521c9669\"},\"headline\":\"Advogado de Mauro Cid deixa defesa ap\u00f3s \u201cquebra de confian\u00e7a\u201d\",\"datePublished\":\"2023-08-14T11:52:15+00:00\",\"dateModified\":\"2023-08-14T11:53:51+00:00\",\"mainEntityOfPage\":{\"@id\":\"https:\/\/juacontecimentos.com.br\/site\/advogado-de-mauro-cid-deixa-defesa-apos-quebra-de-confianca\/\"},\"wordCount\":321,\"commentCount\":0,\"publisher\":{\"@id\":\"https:\/\/juacontecimentos.com.br\/site\/#organization\"},\"image\":{\"@id\":\"https:\/\/juacontecimentos.com.br\/site\/advogado-de-mauro-cid-deixa-defesa-apos-quebra-de-confianca\/#primaryimage\"},\"thumbnailUrl\":\"https:\/\/juacontecimentos.com.br\/site\/wp-content\/uploads\/2023\/08\/cidi.jpg\",\"articleSection\":[\"Brasil\",\"Catal\u00e3o\",\"Destaque\",\"Goi\u00e1s\"],\"inLanguage\":\"pt-BR\"},{\"@type\":\"WebPage\",\"@id\":\"https:\/\/juacontecimentos.com.br\/site\/advogado-de-mauro-cid-deixa-defesa-apos-quebra-de-confianca\/\",\"url\":\"https:\/\/juacontecimentos.com.br\/site\/advogado-de-mauro-cid-deixa-defesa-apos-quebra-de-confianca\/\",\"name\":\"Advogado de Mauro Cid deixa defesa ap\u00f3s \u201cquebra de confian\u00e7a\u201d - Jornal Ultimos Acontecimentos\",\"isPartOf\":{\"@id\":\"https:\/\/juacontecimentos.com.br\/site\/#website\"},\"primaryImageOfPage\":{\"@id\":\"https:\/\/juacontecimentos.com.br\/site\/advogado-de-mauro-cid-deixa-defesa-apos-quebra-de-confianca\/#primaryimage\"},\"image\":{\"@id\":\"https:\/\/juacontecimentos.com.br\/site\/advogado-de-mauro-cid-deixa-defesa-apos-quebra-de-confianca\/#primaryimage\"},\"thumbnailUrl\":\"https:\/\/juacontecimentos.com.br\/site\/wp-content\/uploads\/2023\/08\/cidi.jpg\",\"datePublished\":\"2023-08-14T11:52:15+00:00\",\"dateModified\":\"2023-08-14T11:53:51+00:00\",\"breadcrumb\":{\"@id\":\"https:\/\/juacontecimentos.com.br\/site\/advogado-de-mauro-cid-deixa-defesa-apos-quebra-de-confianca\/#breadcrumb\"},\"inLanguage\":\"pt-BR\",\"potentialAction\":[{\"@type\":\"ReadAction\",\"target\":[\"https:\/\/juacontecimentos.com.br\/site\/advogado-de-mauro-cid-deixa-defesa-apos-quebra-de-confianca\/\"]}]},{\"@type\":\"ImageObject\",\"inLanguage\":\"pt-BR\",\"@id\":\"https:\/\/juacontecimentos.com.br\/site\/advogado-de-mauro-cid-deixa-defesa-apos-quebra-de-confianca\/#primaryimage\",\"url\":\"https:\/\/juacontecimentos.com.br\/site\/wp-content\/uploads\/2023\/08\/cidi.jpg\",\"contentUrl\":\"https:\/\/juacontecimentos.com.br\/site\/wp-content\/uploads\/2023\/08\/cidi.jpg\",\"width\":1602,\"height\":988,\"caption\":\"Advogado deixa defesa de Mauro Cid ap\u00f3s revela\u00e7\u00f5es de negocia\u00e7\u00e3o de joias | Foto: Ag\u00eancia Brasil\"},{\"@type\":\"BreadcrumbList\",\"@id\":\"https:\/\/juacontecimentos.com.br\/site\/advogado-de-mauro-cid-deixa-defesa-apos-quebra-de-confianca\/#breadcrumb\",\"itemListElement\":[{\"@type\":\"ListItem\",\"position\":1,\"name\":\"In\u00edcio\",\"item\":\"https:\/\/juacontecimentos.com.br\/site\/\"},{\"@type\":\"ListItem\",\"position\":2,\"name\":\"Advogado de Mauro Cid deixa defesa ap\u00f3s \u201cquebra de confian\u00e7a\u201d\"}]},{\"@type\":\"WebSite\",\"@id\":\"https:\/\/juacontecimentos.com.br\/site\/#website\",\"url\":\"https:\/\/juacontecimentos.com.br\/site\/\",\"name\":\"Jornal Ultimos Acontecimentos\",\"description\":\"Catal\u00e3o e regi\u00e3o\",\"publisher\":{\"@id\":\"https:\/\/juacontecimentos.com.br\/site\/#organization\"},\"potentialAction\":[{\"@type\":\"SearchAction\",\"target\":{\"@type\":\"EntryPoint\",\"urlTemplate\":\"https:\/\/juacontecimentos.com.br\/site\/?s={search_term_string}\"},\"query-input\":{\"@type\":\"PropertyValueSpecification\",\"valueRequired\":true,\"valueName\":\"search_term_string\"}}],\"inLanguage\":\"pt-BR\"},{\"@type\":\"Organization\",\"@id\":\"https:\/\/juacontecimentos.com.br\/site\/#organization\",\"name\":\"Jornal Ultimos Acontecimentos\",\"url\":\"https:\/\/juacontecimentos.com.br\/site\/\",\"logo\":{\"@type\":\"ImageObject\",\"inLanguage\":\"pt-BR\",\"@id\":\"https:\/\/juacontecimentos.com.br\/site\/#\/schema\/logo\/image\/\",\"url\":\"https:\/\/juacontecimentos.com.br\/site\/wp-content\/uploads\/2023\/04\/Logo_Site.png\",\"contentUrl\":\"https:\/\/juacontecimentos.com.br\/site\/wp-content\/uploads\/2023\/04\/Logo_Site.png\",\"width\":2476,\"height\":530,\"caption\":\"Jornal Ultimos Acontecimentos\"},\"image\":{\"@id\":\"https:\/\/juacontecimentos.com.br\/site\/#\/schema\/logo\/image\/\"},\"sameAs\":[\"https:\/\/www.facebook.com\/jultimosacontecimentos\/\"]},{\"@type\":\"Person\",\"@id\":\"https:\/\/juacontecimentos.com.br\/site\/#\/schema\/person\/082a54e6d3fdd7a633291428521c9669\",\"name\":\"Reginaldo Ribeiro\",\"image\":{\"@type\":\"ImageObject\",\"inLanguage\":\"pt-BR\",\"@id\":\"https:\/\/juacontecimentos.com.br\/site\/#\/schema\/person\/image\/\",\"url\":\"https:\/\/secure.gravatar.com\/avatar\/5c16c6837c3490270a74d888c2a845728f06bdde1f8761de1de1d1d1ef82d12f?s=96&d=mm&r=g\",\"contentUrl\":\"https:\/\/secure.gravatar.com\/avatar\/5c16c6837c3490270a74d888c2a845728f06bdde1f8761de1de1d1d1ef82d12f?s=96&d=mm&r=g\",\"caption\":\"Reginaldo Ribeiro\"}}]}<\/script>\n<!-- \/ Yoast SEO plugin. -->","yoast_head_json":{"title":"Advogado de Mauro Cid deixa defesa ap\u00f3s \u201cquebra de confian\u00e7a\u201d - Jornal Ultimos Acontecimentos","robots":{"index":"index","follow":"follow","max-snippet":"max-snippet:-1","max-image-preview":"max-image-preview:large","max-video-preview":"max-video-preview:-1"},"canonical":"https:\/\/juacontecimentos.com.br\/site\/advogado-de-mauro-cid-deixa-defesa-apos-quebra-de-confianca\/","og_locale":"pt_BR","og_type":"article","og_title":"Advogado de Mauro Cid deixa defesa ap\u00f3s \u201cquebra de confian\u00e7a\u201d - Jornal Ultimos Acontecimentos","og_description":"Advogado deixa defesa de Mauro Cid ap\u00f3s revela\u00e7\u00f5es de negocia\u00e7\u00e3o de joias Por: Tathyane Melo A defesa de\u00a0Mauro Cid\u00a0enfrenta mais uma mudan\u00e7a \u00e0 medida que o advogado Bernardo Fenelon, especialista em acordos de dela\u00e7\u00e3o premiada, decide deixar o caso. Fenelon \u00e9 o segundo advogado a abandonar a defesa do militar desde o in\u00edcio deste ano.","og_url":"https:\/\/juacontecimentos.com.br\/site\/advogado-de-mauro-cid-deixa-defesa-apos-quebra-de-confianca\/","og_site_name":"Jornal Ultimos Acontecimentos","article_publisher":"https:\/\/www.facebook.com\/jultimosacontecimentos\/","article_published_time":"2023-08-14T11:52:15+00:00","article_modified_time":"2023-08-14T11:53:51+00:00","og_image":[{"width":1602,"height":988,"url":"https:\/\/juacontecimentos.com.br\/site\/wp-content\/uploads\/2023\/08\/cidi.jpg","type":"image\/jpeg"}],"author":"Reginaldo Ribeiro","twitter_card":"summary_large_image","twitter_misc":{"Escrito por":"Reginaldo Ribeiro","Est. tempo de leitura":"2 minutos"},"schema":{"@context":"https:\/\/schema.org","@graph":[{"@type":"Article","@id":"https:\/\/juacontecimentos.com.br\/site\/advogado-de-mauro-cid-deixa-defesa-apos-quebra-de-confianca\/#article","isPartOf":{"@id":"https:\/\/juacontecimentos.com.br\/site\/advogado-de-mauro-cid-deixa-defesa-apos-quebra-de-confianca\/"},"author":{"name":"Reginaldo Ribeiro","@id":"https:\/\/juacontecimentos.com.br\/site\/#\/schema\/person\/082a54e6d3fdd7a633291428521c9669"},"headline":"Advogado de Mauro Cid deixa defesa ap\u00f3s \u201cquebra de confian\u00e7a\u201d","datePublished":"2023-08-14T11:52:15+00:00","dateModified":"2023-08-14T11:53:51+00:00","mainEntityOfPage":{"@id":"https:\/\/juacontecimentos.com.br\/site\/advogado-de-mauro-cid-deixa-defesa-apos-quebra-de-confianca\/"},"wordCount":321,"commentCount":0,"publisher":{"@id":"https:\/\/juacontecimentos.com.br\/site\/#organization"},"image":{"@id":"https:\/\/juacontecimentos.com.br\/site\/advogado-de-mauro-cid-deixa-defesa-apos-quebra-de-confianca\/#primaryimage"},"thumbnailUrl":"https:\/\/juacontecimentos.com.br\/site\/wp-content\/uploads\/2023\/08\/cidi.jpg","articleSection":["Brasil","Catal\u00e3o","Destaque","Goi\u00e1s"],"inLanguage":"pt-BR"},{"@type":"WebPage","@id":"https:\/\/juacontecimentos.com.br\/site\/advogado-de-mauro-cid-deixa-defesa-apos-quebra-de-confianca\/","url":"https:\/\/juacontecimentos.com.br\/site\/advogado-de-mauro-cid-deixa-defesa-apos-quebra-de-confianca\/","name":"Advogado de Mauro Cid deixa defesa ap\u00f3s \u201cquebra de confian\u00e7a\u201d - Jornal Ultimos Acontecimentos","isPartOf":{"@id":"https:\/\/juacontecimentos.com.br\/site\/#website"},"primaryImageOfPage":{"@id":"https:\/\/juacontecimentos.com.br\/site\/advogado-de-mauro-cid-deixa-defesa-apos-quebra-de-confianca\/#primaryimage"},"image":{"@id":"https:\/\/juacontecimentos.com.br\/site\/advogado-de-mauro-cid-deixa-defesa-apos-quebra-de-confianca\/#primaryimage"},"thumbnailUrl":"https:\/\/juacontecimentos.com.br\/site\/wp-content\/uploads\/2023\/08\/cidi.jpg","datePublished":"2023-08-14T11:52:15+00:00","dateModified":"2023-08-14T11:53:51+00:00","breadcrumb":{"@id":"https:\/\/juacontecimentos.com.br\/site\/advogado-de-mauro-cid-deixa-defesa-apos-quebra-de-confianca\/#breadcrumb"},"inLanguage":"pt-BR","potentialAction":[{"@type":"ReadAction","target":["https:\/\/juacontecimentos.com.br\/site\/advogado-de-mauro-cid-deixa-defesa-apos-quebra-de-confianca\/"]}]},{"@type":"ImageObject","inLanguage":"pt-BR","@id":"https:\/\/juacontecimentos.com.br\/site\/advogado-de-mauro-cid-deixa-defesa-apos-quebra-de-confianca\/#primaryimage","url":"https:\/\/juacontecimentos.com.br\/site\/wp-content\/uploads\/2023\/08\/cidi.jpg","contentUrl":"https:\/\/juacontecimentos.com.br\/site\/wp-content\/uploads\/2023\/08\/cidi.jpg","width":1602,"height":988,"caption":"Advogado deixa defesa de Mauro Cid ap\u00f3s revela\u00e7\u00f5es de negocia\u00e7\u00e3o de joias | Foto: Ag\u00eancia Brasil"},{"@type":"BreadcrumbList","@id":"https:\/\/juacontecimentos.com.br\/site\/advogado-de-mauro-cid-deixa-defesa-apos-quebra-de-confianca\/#breadcrumb","itemListElement":[{"@type":"ListItem","position":1,"name":"In\u00edcio","item":"https:\/\/juacontecimentos.com.br\/site\/"},{"@type":"ListItem","position":2,"name":"Advogado de Mauro Cid deixa defesa ap\u00f3s \u201cquebra de confian\u00e7a\u201d"}]},{"@type":"WebSite","@id":"https:\/\/juacontecimentos.com.br\/site\/#website","url":"https:\/\/juacontecimentos.com.br\/site\/","name":"Jornal Ultimos Acontecimentos","description":"Catal\u00e3o e regi\u00e3o","publisher":{"@id":"https:\/\/juacontecimentos.com.br\/site\/#organization"},"potentialAction":[{"@type":"SearchAction","target":{"@type":"EntryPoint","urlTemplate":"https:\/\/juacontecimentos.com.br\/site\/?s={search_term_string}"},"query-input":{"@type":"PropertyValueSpecification","valueRequired":true,"valueName":"search_term_string"}}],"inLanguage":"pt-BR"},{"@type":"Organization","@id":"https:\/\/juacontecimentos.com.br\/site\/#organization","name":"Jornal Ultimos Acontecimentos","url":"https:\/\/juacontecimentos.com.br\/site\/","logo":{"@type":"ImageObject","inLanguage":"pt-BR","@id":"https:\/\/juacontecimentos.com.br\/site\/#\/schema\/logo\/image\/","url":"https:\/\/juacontecimentos.com.br\/site\/wp-content\/uploads\/2023\/04\/Logo_Site.png","contentUrl":"https:\/\/juacontecimentos.com.br\/site\/wp-content\/uploads\/2023\/04\/Logo_Site.png","width":2476,"height":530,"caption":"Jornal Ultimos Acontecimentos"},"image":{"@id":"https:\/\/juacontecimentos.com.br\/site\/#\/schema\/logo\/image\/"},"sameAs":["https:\/\/www.facebook.com\/jultimosacontecimentos\/"]},{"@type":"Person","@id":"https:\/\/juacontecimentos.com.br\/site\/#\/schema\/person\/082a54e6d3fdd7a633291428521c9669","name":"Reginaldo Ribeiro","image":{"@type":"ImageObject","inLanguage":"pt-BR","@id":"https:\/\/juacontecimentos.com.br\/site\/#\/schema\/person\/image\/","url":"https:\/\/secure.gravatar.com\/avatar\/5c16c6837c3490270a74d888c2a845728f06bdde1f8761de1de1d1d1ef82d12f?s=96&d=mm&r=g","contentUrl":"https:\/\/secure.gravatar.com\/avatar\/5c16c6837c3490270a74d888c2a845728f06bdde1f8761de1de1d1d1ef82d12f?s=96&d=mm&r=g","caption":"Reginaldo Ribeiro"}}]}},"_links":{"self":[{"href":"https:\/\/juacontecimentos.com.br\/site\/wp-json\/wp\/v2\/posts\/27140","targetHints":{"allow":["GET"]}}],"collection":[{"href":"https:\/\/juacontecimentos.com.br\/site\/wp-json\/wp\/v2\/posts"}],"about":[{"href":"https:\/\/juacontecimentos.com.br\/site\/wp-json\/wp\/v2\/types\/post"}],"author":[{"embeddable":true,"href":"https:\/\/juacontecimentos.com.br\/site\/wp-json\/wp\/v2\/users\/2"}],"replies":[{"embeddable":true,"href":"https:\/\/juacontecimentos.com.br\/site\/wp-json\/wp\/v2\/comments?post=27140"}],"version-history":[{"count":3,"href":"https:\/\/juacontecimentos.com.br\/site\/wp-json\/wp\/v2\/posts\/27140\/revisions"}],"predecessor-version":[{"id":27144,"href":"https:\/\/juacontecimentos.com.br\/site\/wp-json\/wp\/v2\/posts\/27140\/revisions\/27144"}],"wp:featuredmedia":[{"embeddable":true,"href":"https:\/\/juacontecimentos.com.br\/site\/wp-json\/wp\/v2\/media\/27142"}],"wp:attachment":[{"href":"https:\/\/juacontecimentos.com.br\/site\/wp-json\/wp\/v2\/media?parent=27140"}],"wp:term":[{"taxonomy":"category","embeddable":true,"href":"https:\/\/juacontecimentos.com.br\/site\/wp-json\/wp\/v2\/categories?post=27140"},{"taxonomy":"post_tag","embeddable":true,"href":"https:\/\/juacontecimentos.com.br\/site\/wp-json\/wp\/v2\/tags?post=27140"}],"curies":[{"name":"wp","href":"https:\/\/api.w.org\/{rel}","templated":true}]}}